{"id":46141,"date":"2026-04-23T12:37:58","date_gmt":"2026-04-23T10:37:58","guid":{"rendered":"https:\/\/www.krafthand.de\/truck\/?p=46141"},"modified":"2026-04-23T14:50:30","modified_gmt":"2026-04-23T12:50:30","slug":"handelsblatt-jahrestagung-2026-jetzt-rabatt-sichern","status":"publish","type":"post","link":"https:\/\/www.krafthand.de\/truck\/artikel\/handelsblatt-jahrestagung-2026-jetzt-rabatt-sichern-46141\/","title":{"rendered":"Handelsblatt Jahrestagung 2026 &#8211; Jetzt Rabatt sichern!"},"content":{"rendered":"<p>Die Transformation der Nutzfahrzeugbranche gewinnt an Fahrt \u2013 und an Komplexit\u00e4t: Neue EU-Vorgaben, komplexe Dekarbonisierungs-Strategien, Infrastrukturengp\u00e4sse, ein dynamischer Wettbewerb und steigende Anforderungen an Fahrzeuge und Transportprozesse stellen die Branche vor gro\u00dfe Herausforderungen. Umso wichtiger ist der strategische Austausch aller relevanten Akteure. Auf der Handelsblatt Jahrestagung Nutzfahrzeuge 2026 (11.-12.5.2026 in Freising bei M\u00fcnchen) diskutieren Flottenbetreiber, politische Entscheidungstr\u00e4ger, Infrastrukturanbieter sowie Experten aus der Fahrzeug- und Zulieferindustrie dar\u00fcber, wie sich Flotten zukunftssicher aufstellen lassen.<\/p>\n<h4>Jetzt zum Sonderpreis buchen!<\/h4>\n<p>Zero-Emission-Reality, Cost Pressure, Competition, Technology Openness:\u00a0 Unter diesem Motto bringt die Handelsblatt Tagung Nutzfahrzeuge 2026 Entscheider auf die B\u00fchne. F\u00fchrende K\u00f6pfe und inspirierende Vordenker kommen hier nicht nur zusammen, sondern vor allem L\u00f6sungen n\u00e4her. Im Rahmen unser Medienpartnerschaft mit dem Handelsblatt erhalten die Leser von Krafthand-Truck f\u00fcr die Tagung Nutzfahrzeuge 2026 einen exklusiven Rabatt in H\u00f6he von 15 Prozent. Sie erhalten Ihr rabattiertes Ticket \u00fcber diesen <a href=\"https:\/\/live.handelsblatt.com\/event\/jahrestagung-nutzfahrzeuge\/?anmeldung\" target=\"_blank\" rel=\"noopener\">Link<\/a>. Geben Sie unter \u201eVorteilscode\u201c (rechts oben) bitte ein: 76D2600600KT<\/p>\n<h4>Die Referentinnen und Referenten (u.a.)<\/h4>\n<ul>\n<li>Friedrich Baumann, Vorstand Sales &amp; Customer Solutions, MAN Truck &amp; Bus SE<\/li>\n<li>Karl Bernqvist, Chief Purchasing Officer TRATON SE und Vorstand f\u00fcr Beschaffung, MAN Truck &amp; Bus SE<\/li>\n<li>Johanna Braun, Policy Manager E-Mobility Freight &amp; Infrastructure, Transport &amp; Environment<\/li>\n<li>Kevin M. Eichele, Head of Product &amp; Business Development, SANY eTrucks Europe<\/li>\n<li>Prof. Dr. Dirk Engelhardt, Vorstandssprecher, Bundesverband G\u00fcterkraftverkehr &#8211; Logistik und Entsorgung (BGL)<\/li>\n<li>Thomas Fabian, Chief Commercial Vehicles Officer, European Automobile Manufacturers\u2018 Association (ACEA)<\/li>\n<li>Wiebke Gro\u00dfe, Senior Expert Clean OPS Technology Center, Corporate Development, DHL Group<\/li>\n<li>Kristin Kahl, Gesch\u00e4ftsf\u00fchrerin, Contargo Truck Fleet GmbH &amp; Co. KG<\/li>\n<li>Pierre Pomper, Head of Commercial &amp; Operations, Einride<\/li>\n<li>Dr. Michael Ruf, Pr\u00e4sident Europa, SuperPanther<\/li>\n<li>Sven Sauerwein, Mitglied des Vorstandes, Bundesverband f\u00fcr Eigenlogistik &amp; Verlader (BWVL)<\/li>\n<li>Dr. Sara Schiffer, Gr\u00fcnderin und Gesch\u00e4ftsf\u00fchrerin, Hylane GmbH<\/li>\n<li>Andreas Schmitz, CEO, Schmitz Cargobull AG<\/li>\n<li>Christian Sulser, CEO, Iveco Deutschland AG<\/li>\n<li>Christian Hirte (MdB, Parlamentarischer Staatssekret\u00e4r \u2013 Bundesministerium f\u00fcr Verkehr)<\/li>\n<li>Dr. Axel Volkery, Sustainable and Intelligent Transport, Director-General for Mobility and Transport, European Commission<\/li>\n<li>Josef Warmeling, Gesch\u00e4ftsf\u00fchrer, axxcelerate GmbH<\/li>\n<\/ul>\n<p>&nbsp;<\/p>\n","protected":false},"excerpt":{"rendered":"<p>Auch dieses Jahr bringt die Handelsblatt Jahrestagung Nutzfahrzeuge Entscheiderinnen und Entscheider aus Industrie, Transport- und Logistikwirtschaft zusammen. Am 11. und 12. Mai 2026 diskutieren in Freising bei M\u00fcnchen Expertinnen und Experten \u00fcber die Herausforderungen der Nutzfahrzeugbranche. Sichern Sie sich jetzt Ihren Sonderpreis! <span class=\"excerpt-more__dots\">&#8230;<\/span> <a class=\"excerpt-more__link\" href=\"https:\/\/www.krafthand.de\/truck\/artikel\/handelsblatt-jahrestagung-2026-jetzt-rabatt-sichern-46141\/\" >weiter<\/a><\/p>\n","protected":false},"author":9,"featured_media":46170,"comment_status":"closed","ping_status":"closed","sticky":false,"template":"","format":"standard","meta":{"footnotes":""},"categories":[4236],"tags":[5927],"settings":[3524,4766,3523],"class_list":["post-46141","post","type-post","status-publish","format-standard","has-post-thumbnail","hentry","category-veranstaltungen","tag-handelsblatt-jahrestagung"],"yoast_head":"<!-- This site is optimized with the Yoast SEO plugin v27.3 - https:\/\/yoast.com\/product\/yoast-seo-wordpress\/ -->\n<title>Handelsblatt Jahrestagung 2026 - Jetzt Rabatt sichern! - Krafthand-Truck<\/title>\n<meta name=\"description\" content=\"Die Handelsblatt Jahrestagung Nutzfahrzeuge bringt Entscheider(innen) aus Industrie, Transport- und Logistikwirtschaft zusammen.\" \/>\n<meta name=\"robots\" content=\"index, follow, max-snippet:-1, max-image-preview:large, max-video-preview:-1\" \/>\n<link rel=\"canonical\" href=\"https:\/\/www.krafthand.de\/truck\/artikel\/handelsblatt-jahrestagung-2026-jetzt-rabatt-sichern-46141\/\" \/>\n<meta property=\"og:locale\" content=\"de_DE\" \/>\n<meta property=\"og:type\" content=\"article\" \/>\n<meta property=\"og:title\" content=\"Handelsblatt Jahrestagung 2026 - Jetzt Rabatt sichern! - Krafthand-Truck\" \/>\n<meta property=\"og:description\" content=\"Die Handelsblatt Jahrestagung Nutzfahrzeuge bringt Entscheider(innen) aus Industrie, Transport- und Logistikwirtschaft zusammen.\" \/>\n<meta property=\"og:url\" content=\"https:\/\/www.krafthand-truck.de\/artikel\/handelsblatt-jahrestagung-2026-jetzt-rabatt-sichern-46141\/\" \/>\n<meta property=\"og:site_name\" content=\"Krafthand-Truck\" \/>\n<meta property=\"article:published_time\" content=\"2026-04-23T10:37:58+00:00\" \/>\n<meta property=\"article:modified_time\" content=\"2026-04-23T12:50:30+00:00\" \/>\n<meta property=\"og:image\" content=\"https:\/\/static.krafthand-truck.de\/uploads\/2026\/04\/Handelsblatt_Jahrestagung_2026_Krafthand_Truck.jpg\" \/>\n\t<meta property=\"og:image:width\" content=\"1200\" \/>\n\t<meta property=\"og:image:height\" content=\"578\" \/>\n\t<meta property=\"og:image:type\" content=\"image\/jpeg\" \/>\n<meta name=\"author\" content=\"georg.blenk@krafthand-medien.de\" \/>\n<meta name=\"twitter:card\" content=\"summary_large_image\" \/>\n<meta name=\"twitter:label1\" content=\"Verfasst von\" \/>\n\t<meta name=\"twitter:data1\" content=\"georg.blenk@krafthand-medien.de\" \/>\n\t<meta name=\"twitter:label2\" content=\"Gesch\u00e4tzte Lesezeit\" \/>\n\t<meta name=\"twitter:data2\" content=\"2\u00a0Minuten\" \/>\n<script type=\"application\/ld+json\" class=\"yoast-schema-graph\">{\"@context\":\"https:\\\/\\\/schema.org\",\"@graph\":[{\"@type\":\"Article\",\"@id\":\"https:\\\/\\\/www.krafthand.de\\\/truck\\\/artikel\\\/handelsblatt-jahrestagung-2026-jetzt-rabatt-sichern-46141\\\/#article\",\"isPartOf\":{\"@id\":\"https:\\\/\\\/www.krafthand.de\\\/truck\\\/artikel\\\/handelsblatt-jahrestagung-2026-jetzt-rabatt-sichern-46141\\\/\"},\"author\":{\"name\":\"georg.blenk@krafthand-medien.de\",\"@id\":\"https:\\\/\\\/www.krafthand.de\\\/truck\\\/#\\\/schema\\\/person\\\/51fa80b1c57034c4bf63f9f988fc24ce\"},\"headline\":\"Handelsblatt Jahrestagung 2026 &#8211; Jetzt Rabatt sichern!\",\"datePublished\":\"2026-04-23T10:37:58+00:00\",\"dateModified\":\"2026-04-23T12:50:30+00:00\",\"mainEntityOfPage\":{\"@id\":\"https:\\\/\\\/www.krafthand.de\\\/truck\\\/artikel\\\/handelsblatt-jahrestagung-2026-jetzt-rabatt-sichern-46141\\\/\"},\"wordCount\":355,\"image\":{\"@id\":\"https:\\\/\\\/www.krafthand.de\\\/truck\\\/artikel\\\/handelsblatt-jahrestagung-2026-jetzt-rabatt-sichern-46141\\\/#primaryimage\"},\"thumbnailUrl\":\"https:\\\/\\\/static.krafthand-truck.de\\\/uploads\\\/2026\\\/04\\\/Handelsblatt_Jahrestagung_2026_Krafthand_Truck.jpg\",\"keywords\":[\"Handelsblatt-Jahrestagung\"],\"articleSection\":[\"Veranstaltungen\\\/Messen\"],\"inLanguage\":\"de\"},{\"@type\":\"WebPage\",\"@id\":\"https:\\\/\\\/www.krafthand.de\\\/truck\\\/artikel\\\/handelsblatt-jahrestagung-2026-jetzt-rabatt-sichern-46141\\\/\",\"url\":\"https:\\\/\\\/www.krafthand.de\\\/truck\\\/artikel\\\/handelsblatt-jahrestagung-2026-jetzt-rabatt-sichern-46141\\\/\",\"name\":\"Handelsblatt Jahrestagung 2026 - Jetzt Rabatt sichern! - Krafthand-Truck\",\"isPartOf\":{\"@id\":\"https:\\\/\\\/www.krafthand.de\\\/truck\\\/#website\"},\"primaryImageOfPage\":{\"@id\":\"https:\\\/\\\/www.krafthand.de\\\/truck\\\/artikel\\\/handelsblatt-jahrestagung-2026-jetzt-rabatt-sichern-46141\\\/#primaryimage\"},\"image\":{\"@id\":\"https:\\\/\\\/www.krafthand.de\\\/truck\\\/artikel\\\/handelsblatt-jahrestagung-2026-jetzt-rabatt-sichern-46141\\\/#primaryimage\"},\"thumbnailUrl\":\"https:\\\/\\\/static.krafthand-truck.de\\\/uploads\\\/2026\\\/04\\\/Handelsblatt_Jahrestagung_2026_Krafthand_Truck.jpg\",\"datePublished\":\"2026-04-23T10:37:58+00:00\",\"dateModified\":\"2026-04-23T12:50:30+00:00\",\"author\":{\"@id\":\"https:\\\/\\\/www.krafthand.de\\\/truck\\\/#\\\/schema\\\/person\\\/51fa80b1c57034c4bf63f9f988fc24ce\"},\"description\":\"Die Handelsblatt Jahrestagung Nutzfahrzeuge bringt Entscheider(innen) aus Industrie, Transport- und Logistikwirtschaft zusammen.\",\"breadcrumb\":{\"@id\":\"https:\\\/\\\/www.krafthand.de\\\/truck\\\/artikel\\\/handelsblatt-jahrestagung-2026-jetzt-rabatt-sichern-46141\\\/#breadcrumb\"},\"inLanguage\":\"de\",\"potentialAction\":[{\"@type\":\"ReadAction\",\"target\":[\"https:\\\/\\\/www.krafthand.de\\\/truck\\\/artikel\\\/handelsblatt-jahrestagung-2026-jetzt-rabatt-sichern-46141\\\/\"]}]},{\"@type\":\"ImageObject\",\"inLanguage\":\"de\",\"@id\":\"https:\\\/\\\/www.krafthand.de\\\/truck\\\/artikel\\\/handelsblatt-jahrestagung-2026-jetzt-rabatt-sichern-46141\\\/#primaryimage\",\"url\":\"https:\\\/\\\/static.krafthand-truck.de\\\/uploads\\\/2026\\\/04\\\/Handelsblatt_Jahrestagung_2026_Krafthand_Truck.jpg\",\"contentUrl\":\"https:\\\/\\\/static.krafthand-truck.de\\\/uploads\\\/2026\\\/04\\\/Handelsblatt_Jahrestagung_2026_Krafthand_Truck.jpg\",\"width\":1200,\"height\":578},{\"@type\":\"BreadcrumbList\",\"@id\":\"https:\\\/\\\/www.krafthand.de\\\/truck\\\/artikel\\\/handelsblatt-jahrestagung-2026-jetzt-rabatt-sichern-46141\\\/#breadcrumb\",\"itemListElement\":[{\"@type\":\"ListItem\",\"position\":1,\"name\":\"Krafthand-Truck\",\"item\":\"https:\\\/\\\/www.krafthand.de\\\/truck\\\/\"},{\"@type\":\"ListItem\",\"position\":2,\"name\":\"Nfz-Branche\",\"item\":\"https:\\\/\\\/www.krafthand.de\\\/truck\\\/kategorie\\\/branche\\\/\"},{\"@type\":\"ListItem\",\"position\":3,\"name\":\"Veranstaltungen\\\/Messen\",\"item\":\"https:\\\/\\\/www.krafthand.de\\\/truck\\\/kategorie\\\/branche\\\/veranstaltungen\\\/\"},{\"@type\":\"ListItem\",\"position\":4,\"name\":\"Handelsblatt Jahrestagung 2026 &#8211; Jetzt Rabatt sichern!\"}]},{\"@type\":\"WebSite\",\"@id\":\"https:\\\/\\\/www.krafthand.de\\\/truck\\\/#website\",\"url\":\"https:\\\/\\\/www.krafthand.de\\\/truck\\\/\",\"name\":\"Krafthand-Truck\",\"description\":\"\",\"potentialAction\":[{\"@type\":\"SearchAction\",\"target\":{\"@type\":\"EntryPoint\",\"urlTemplate\":\"https:\\\/\\\/www.krafthand.de\\\/truck\\\/?s={search_term_string}\"},\"query-input\":{\"@type\":\"PropertyValueSpecification\",\"valueRequired\":true,\"valueName\":\"search_term_string\"}}],\"inLanguage\":\"de\"},{\"@type\":\"Person\",\"@id\":\"https:\\\/\\\/www.krafthand.de\\\/truck\\\/#\\\/schema\\\/person\\\/51fa80b1c57034c4bf63f9f988fc24ce\",\"name\":\"georg.blenk@krafthand-medien.de\",\"image\":{\"@type\":\"ImageObject\",\"inLanguage\":\"de\",\"@id\":\"https:\\\/\\\/secure.gravatar.com\\\/avatar\\\/93713c30affe0aa95d3a4130e499bb1abee2eb31adbdd9ce2aa1543538490215?s=96&d=mm&r=g\",\"url\":\"https:\\\/\\\/secure.gravatar.com\\\/avatar\\\/93713c30affe0aa95d3a4130e499bb1abee2eb31adbdd9ce2aa1543538490215?s=96&d=mm&r=g\",\"contentUrl\":\"https:\\\/\\\/secure.gravatar.com\\\/avatar\\\/93713c30affe0aa95d3a4130e499bb1abee2eb31adbdd9ce2aa1543538490215?s=96&d=mm&r=g\",\"caption\":\"georg.blenk@krafthand-medien.de\"}}]}<\/script>\n<!-- \/ Yoast SEO plugin. -->","yoast_head_json":{"title":"Handelsblatt Jahrestagung 2026 - Jetzt Rabatt sichern! - Krafthand-Truck","description":"Die Handelsblatt Jahrestagung Nutzfahrzeuge bringt Entscheider(innen) aus Industrie, Transport- und Logistikwirtschaft zusammen.","robots":{"index":"index","follow":"follow","max-snippet":"max-snippet:-1","max-image-preview":"max-image-preview:large","max-video-preview":"max-video-preview:-1"},"canonical":"https:\/\/www.krafthand.de\/truck\/artikel\/handelsblatt-jahrestagung-2026-jetzt-rabatt-sichern-46141\/","og_locale":"de_DE","og_type":"article","og_title":"Handelsblatt Jahrestagung 2026 - Jetzt Rabatt sichern! - Krafthand-Truck","og_description":"Die Handelsblatt Jahrestagung Nutzfahrzeuge bringt Entscheider(innen) aus Industrie, Transport- und Logistikwirtschaft zusammen.","og_url":"https:\/\/www.krafthand-truck.de\/artikel\/handelsblatt-jahrestagung-2026-jetzt-rabatt-sichern-46141\/","og_site_name":"Krafthand-Truck","article_published_time":"2026-04-23T10:37:58+00:00","article_modified_time":"2026-04-23T12:50:30+00:00","og_image":[{"width":1200,"height":578,"url":"https:\/\/static.krafthand-truck.de\/uploads\/2026\/04\/Handelsblatt_Jahrestagung_2026_Krafthand_Truck.jpg","type":"image\/jpeg"}],"author":"georg.blenk@krafthand-medien.de","twitter_card":"summary_large_image","twitter_misc":{"Verfasst von":"georg.blenk@krafthand-medien.de","Gesch\u00e4tzte Lesezeit":"2\u00a0Minuten"},"schema":{"@context":"https:\/\/schema.org","@graph":[{"@type":"Article","@id":"https:\/\/www.krafthand.de\/truck\/artikel\/handelsblatt-jahrestagung-2026-jetzt-rabatt-sichern-46141\/#article","isPartOf":{"@id":"https:\/\/www.krafthand.de\/truck\/artikel\/handelsblatt-jahrestagung-2026-jetzt-rabatt-sichern-46141\/"},"author":{"name":"georg.blenk@krafthand-medien.de","@id":"https:\/\/www.krafthand.de\/truck\/#\/schema\/person\/51fa80b1c57034c4bf63f9f988fc24ce"},"headline":"Handelsblatt Jahrestagung 2026 &#8211; Jetzt Rabatt sichern!","datePublished":"2026-04-23T10:37:58+00:00","dateModified":"2026-04-23T12:50:30+00:00","mainEntityOfPage":{"@id":"https:\/\/www.krafthand.de\/truck\/artikel\/handelsblatt-jahrestagung-2026-jetzt-rabatt-sichern-46141\/"},"wordCount":355,"image":{"@id":"https:\/\/www.krafthand.de\/truck\/artikel\/handelsblatt-jahrestagung-2026-jetzt-rabatt-sichern-46141\/#primaryimage"},"thumbnailUrl":"https:\/\/static.krafthand-truck.de\/uploads\/2026\/04\/Handelsblatt_Jahrestagung_2026_Krafthand_Truck.jpg","keywords":["Handelsblatt-Jahrestagung"],"articleSection":["Veranstaltungen\/Messen"],"inLanguage":"de"},{"@type":"WebPage","@id":"https:\/\/www.krafthand.de\/truck\/artikel\/handelsblatt-jahrestagung-2026-jetzt-rabatt-sichern-46141\/","url":"https:\/\/www.krafthand.de\/truck\/artikel\/handelsblatt-jahrestagung-2026-jetzt-rabatt-sichern-46141\/","name":"Handelsblatt Jahrestagung 2026 - Jetzt Rabatt sichern! - Krafthand-Truck","isPartOf":{"@id":"https:\/\/www.krafthand.de\/truck\/#website"},"primaryImageOfPage":{"@id":"https:\/\/www.krafthand.de\/truck\/artikel\/handelsblatt-jahrestagung-2026-jetzt-rabatt-sichern-46141\/#primaryimage"},"image":{"@id":"https:\/\/www.krafthand.de\/truck\/artikel\/handelsblatt-jahrestagung-2026-jetzt-rabatt-sichern-46141\/#primaryimage"},"thumbnailUrl":"https:\/\/static.krafthand-truck.de\/uploads\/2026\/04\/Handelsblatt_Jahrestagung_2026_Krafthand_Truck.jpg","datePublished":"2026-04-23T10:37:58+00:00","dateModified":"2026-04-23T12:50:30+00:00","author":{"@id":"https:\/\/www.krafthand.de\/truck\/#\/schema\/person\/51fa80b1c57034c4bf63f9f988fc24ce"},"description":"Die Handelsblatt Jahrestagung Nutzfahrzeuge bringt Entscheider(innen) aus Industrie, Transport- und Logistikwirtschaft zusammen.","breadcrumb":{"@id":"https:\/\/www.krafthand.de\/truck\/artikel\/handelsblatt-jahrestagung-2026-jetzt-rabatt-sichern-46141\/#breadcrumb"},"inLanguage":"de","potentialAction":[{"@type":"ReadAction","target":["https:\/\/www.krafthand.de\/truck\/artikel\/handelsblatt-jahrestagung-2026-jetzt-rabatt-sichern-46141\/"]}]},{"@type":"ImageObject","inLanguage":"de","@id":"https:\/\/www.krafthand.de\/truck\/artikel\/handelsblatt-jahrestagung-2026-jetzt-rabatt-sichern-46141\/#primaryimage","url":"https:\/\/static.krafthand-truck.de\/uploads\/2026\/04\/Handelsblatt_Jahrestagung_2026_Krafthand_Truck.jpg","contentUrl":"https:\/\/static.krafthand-truck.de\/uploads\/2026\/04\/Handelsblatt_Jahrestagung_2026_Krafthand_Truck.jpg","width":1200,"height":578},{"@type":"BreadcrumbList","@id":"https:\/\/www.krafthand.de\/truck\/artikel\/handelsblatt-jahrestagung-2026-jetzt-rabatt-sichern-46141\/#breadcrumb","itemListElement":[{"@type":"ListItem","position":1,"name":"Krafthand-Truck","item":"https:\/\/www.krafthand.de\/truck\/"},{"@type":"ListItem","position":2,"name":"Nfz-Branche","item":"https:\/\/www.krafthand.de\/truck\/kategorie\/branche\/"},{"@type":"ListItem","position":3,"name":"Veranstaltungen\/Messen","item":"https:\/\/www.krafthand.de\/truck\/kategorie\/branche\/veranstaltungen\/"},{"@type":"ListItem","position":4,"name":"Handelsblatt Jahrestagung 2026 &#8211; Jetzt Rabatt sichern!"}]},{"@type":"WebSite","@id":"https:\/\/www.krafthand.de\/truck\/#website","url":"https:\/\/www.krafthand.de\/truck\/","name":"Krafthand-Truck","description":"","potentialAction":[{"@type":"SearchAction","target":{"@type":"EntryPoint","urlTemplate":"https:\/\/www.krafthand.de\/truck\/?s={search_term_string}"},"query-input":{"@type":"PropertyValueSpecification","valueRequired":true,"valueName":"search_term_string"}}],"inLanguage":"de"},{"@type":"Person","@id":"https:\/\/www.krafthand.de\/truck\/#\/schema\/person\/51fa80b1c57034c4bf63f9f988fc24ce","name":"georg.blenk@krafthand-medien.de","image":{"@type":"ImageObject","inLanguage":"de","@id":"https:\/\/secure.gravatar.com\/avatar\/93713c30affe0aa95d3a4130e499bb1abee2eb31adbdd9ce2aa1543538490215?s=96&d=mm&r=g","url":"https:\/\/secure.gravatar.com\/avatar\/93713c30affe0aa95d3a4130e499bb1abee2eb31adbdd9ce2aa1543538490215?s=96&d=mm&r=g","contentUrl":"https:\/\/secure.gravatar.com\/avatar\/93713c30affe0aa95d3a4130e499bb1abee2eb31adbdd9ce2aa1543538490215?s=96&d=mm&r=g","caption":"georg.blenk@krafthand-medien.de"}}]}},"_links":{"self":[{"href":"https:\/\/www.krafthand.de\/truck\/wp-json\/wp\/v2\/posts\/46141","targetHints":{"allow":["GET"]}}],"collection":[{"href":"https:\/\/www.krafthand.de\/truck\/wp-json\/wp\/v2\/posts"}],"about":[{"href":"https:\/\/www.krafthand.de\/truck\/wp-json\/wp\/v2\/types\/post"}],"author":[{"embeddable":true,"href":"https:\/\/www.krafthand.de\/truck\/wp-json\/wp\/v2\/users\/9"}],"replies":[{"embeddable":true,"href":"https:\/\/www.krafthand.de\/truck\/wp-json\/wp\/v2\/comments?post=46141"}],"version-history":[{"count":31,"href":"https:\/\/www.krafthand.de\/truck\/wp-json\/wp\/v2\/posts\/46141\/revisions"}],"predecessor-version":[{"id":46184,"href":"https:\/\/www.krafthand.de\/truck\/wp-json\/wp\/v2\/posts\/46141\/revisions\/46184"}],"wp:featuredmedia":[{"embeddable":true,"href":"https:\/\/www.krafthand.de\/truck\/wp-json\/wp\/v2\/media\/46170"}],"wp:attachment":[{"href":"https:\/\/www.krafthand.de\/truck\/wp-json\/wp\/v2\/media?parent=46141"}],"wp:term":[{"taxonomy":"category","embeddable":true,"href":"https:\/\/www.krafthand.de\/truck\/wp-json\/wp\/v2\/categories?post=46141"},{"taxonomy":"post_tag","embeddable":true,"href":"https:\/\/www.krafthand.de\/truck\/wp-json\/wp\/v2\/tags?post=46141"},{"taxonomy":"settings","embeddable":true,"href":"https:\/\/www.krafthand.de\/truck\/wp-json\/wp\/v2\/settings?post=46141"}],"curies":[{"name":"wp","href":"https:\/\/api.w.org\/{rel}","templated":true}]}}