{"id":46124,"date":"2026-04-21T17:26:48","date_gmt":"2026-04-21T15:26:48","guid":{"rendered":"https:\/\/www.krafthand.de\/truck\/?p=46124"},"modified":"2026-04-21T17:52:44","modified_gmt":"2026-04-21T15:52:44","slug":"schmitz-cargobull-uebernimmt-berger-komplett","status":"publish","type":"post","link":"https:\/\/www.krafthand.de\/truck\/artikel\/schmitz-cargobull-uebernimmt-berger-komplett-46124\/","title":{"rendered":"Schmitz Cargobull \u00fcbernimmt Berger Fahrzeugtechnik komplett"},"content":{"rendered":"<p>Schmitz Cargobull ist seit 2024 mit 49 Prozent an der \u00f6sterreichischen Berger Fahrzeugtechnik beteiligt. Jetzt \u00fcbernimmt Schmitz den Spezialisten f\u00fcr Leichtbau komplett. Darauf haben sich die Gesellschafter der Berger Fahrzeugtechnik geeinigt. Die Transaktion steht noch unter dem Vorbehalt der Zustimmung der Wettbewerbsbeh\u00f6rden.<\/p>\n<p>Die Entscheidung basiere laut Schmitz auf der Zusammenarbeit seit 2024. Sie habe gezeigt, dass die Leichtbaukompetenz von Berger und das industrielle Know-how sowie das europaweite Vertriebs- und Servicenetz von Schmitz Cargobull ein leistungsstarkes Gesamtsystem bilden.<\/p>\n<p>2025 investierten beide Unternehmen gemeinsam in die Produktionstechnik am Standort Radfeld in \u00d6sterreich sowie in die Entwicklung der neuen Evolution-Generation von <a href=\"https:\/\/www.berger-ecotrail.com\" target=\"_blank\" rel=\"noopener\">BERGERecotrail<\/a>. Die neue Produktlinie verbindet das gewichtsoptimierte Leichtbau-Chassis von Berger mit dem modularen und vielseitig einsetzbaren Aufbausystem von Schmitz Cargobull.<\/p>\n<p>F\u00fcr Kunden entsteht laut Schmitz ein erweitertes Trailerangebot aus einer Hand \u2013 inklusive der Leichtbau-L\u00f6sungen von Berger \u2013 erg\u00e4nzt durch das europaweite Vertriebs-, Service- und Ersatzteilnetz von <a href=\"https:\/\/www.cargobull.com\/de\/\" target=\"_blank\" rel=\"noopener\">Schmitz Cargobull<\/a>. Bestehende Produkte, Ansprechpartner und Services bleiben unver\u00e4ndert bestehen.<\/p>\n<p>&nbsp;<\/p>\n","protected":false},"excerpt":{"rendered":"<p>Schmitz Cargobull ist seit 2024 mit 49 Prozent an der \u00f6sterreichischen Berger Fahrzeugtechnik beteiligt. Jetzt \u00fcbernimmt Schmitz den \u00f6sterreichischen Spezialisten f\u00fcr Leichtbau komplett.  <span class=\"excerpt-more__dots\">&#8230;<\/span> <a class=\"excerpt-more__link\" href=\"https:\/\/www.krafthand.de\/truck\/artikel\/schmitz-cargobull-uebernimmt-berger-komplett-46124\/\" >weiter<\/a><\/p>\n","protected":false},"author":9,"featured_media":46132,"comment_status":"closed","ping_status":"closed","sticky":false,"template":"","format":"standard","meta":{"footnotes":""},"categories":[4238,4235],"tags":[5741,5112,5113,4749],"settings":[4766,3523],"class_list":["post-46124","post","type-post","status-publish","format-standard","has-post-thumbnail","hentry","category-koepfe","category-unternehmen","tag-berger-fahrzeugtechnik","tag-berger-ecotrail","tag-gerhard-berger","tag-schmitz-cargobul"],"yoast_head":"<!-- This site is optimized with the Yoast SEO plugin v27.3 - https:\/\/yoast.com\/product\/yoast-seo-wordpress\/ -->\n<title>Schmitz Cargobull I Berger Fahrzeugtechnik I Krafthand-Truck<\/title>\n<meta name=\"description\" content=\"Schmitz Cargobull ist seit 2024 mit 49 Prozent an Berger Fahrzeugtechnik beteiligt. Jetzt \u00fcbernimmt Schmitz das Unternehmen komplett.\" \/>\n<meta name=\"robots\" content=\"index, follow, max-snippet:-1, max-image-preview:large, max-video-preview:-1\" \/>\n<link rel=\"canonical\" href=\"https:\/\/www.krafthand.de\/truck\/artikel\/schmitz-cargobull-uebernimmt-berger-komplett-46124\/\" \/>\n<meta property=\"og:locale\" content=\"de_DE\" \/>\n<meta property=\"og:type\" content=\"article\" \/>\n<meta property=\"og:title\" content=\"Schmitz Cargobull I Berger Fahrzeugtechnik I Krafthand-Truck\" \/>\n<meta property=\"og:description\" content=\"Schmitz Cargobull ist seit 2024 mit 49 Prozent an Berger Fahrzeugtechnik beteiligt. Jetzt \u00fcbernimmt Schmitz das Unternehmen komplett.\" \/>\n<meta property=\"og:url\" content=\"https:\/\/www.krafthand-truck.de\/artikel\/schmitz-cargobull-uebernimmt-berger-komplett-46124\/\" \/>\n<meta property=\"og:site_name\" content=\"Krafthand-Truck\" \/>\n<meta property=\"article:published_time\" content=\"2026-04-21T15:26:48+00:00\" \/>\n<meta property=\"article:modified_time\" content=\"2026-04-21T15:52:44+00:00\" \/>\n<meta property=\"og:image\" content=\"https:\/\/static.krafthand-truck.de\/uploads\/2026\/04\/Schmitz_Cargobull_Berger_Fahrzeugtechnik_Gerhard_Berger_Andreas_Schmitz.jpg\" \/>\n\t<meta property=\"og:image:width\" content=\"1200\" \/>\n\t<meta property=\"og:image:height\" content=\"880\" \/>\n\t<meta property=\"og:image:type\" content=\"image\/jpeg\" \/>\n<meta name=\"author\" content=\"georg.blenk@krafthand-medien.de\" \/>\n<meta name=\"twitter:card\" content=\"summary_large_image\" \/>\n<meta name=\"twitter:label1\" content=\"Verfasst von\" \/>\n\t<meta name=\"twitter:data1\" content=\"georg.blenk@krafthand-medien.de\" \/>\n\t<meta name=\"twitter:label2\" content=\"Gesch\u00e4tzte Lesezeit\" \/>\n\t<meta name=\"twitter:data2\" content=\"2\u00a0Minuten\" \/>\n<script type=\"application\/ld+json\" class=\"yoast-schema-graph\">{\"@context\":\"https:\\\/\\\/schema.org\",\"@graph\":[{\"@type\":\"Article\",\"@id\":\"https:\\\/\\\/www.krafthand.de\\\/truck\\\/artikel\\\/schmitz-cargobull-uebernimmt-berger-komplett-46124\\\/#article\",\"isPartOf\":{\"@id\":\"https:\\\/\\\/www.krafthand.de\\\/truck\\\/artikel\\\/schmitz-cargobull-uebernimmt-berger-komplett-46124\\\/\"},\"author\":{\"name\":\"georg.blenk@krafthand-medien.de\",\"@id\":\"https:\\\/\\\/www.krafthand.de\\\/truck\\\/#\\\/schema\\\/person\\\/51fa80b1c57034c4bf63f9f988fc24ce\"},\"headline\":\"Schmitz Cargobull \u00fcbernimmt Berger Fahrzeugtechnik komplett\",\"datePublished\":\"2026-04-21T15:26:48+00:00\",\"dateModified\":\"2026-04-21T15:52:44+00:00\",\"mainEntityOfPage\":{\"@id\":\"https:\\\/\\\/www.krafthand.de\\\/truck\\\/artikel\\\/schmitz-cargobull-uebernimmt-berger-komplett-46124\\\/\"},\"wordCount\":162,\"image\":{\"@id\":\"https:\\\/\\\/www.krafthand.de\\\/truck\\\/artikel\\\/schmitz-cargobull-uebernimmt-berger-komplett-46124\\\/#primaryimage\"},\"thumbnailUrl\":\"https:\\\/\\\/static.krafthand-truck.de\\\/uploads\\\/2026\\\/04\\\/Schmitz_Cargobull_Berger_Fahrzeugtechnik_Gerhard_Berger_Andreas_Schmitz.jpg\",\"keywords\":[\"Berger Fahrzeugtechnik\",\"Berger-Ecotrail\",\"Gerhard Berger\",\"Schmitz Cargobul\"],\"articleSection\":[\"K\u00f6pfe\\\/Personen\",\"Unternehmen\"],\"inLanguage\":\"de\"},{\"@type\":\"WebPage\",\"@id\":\"https:\\\/\\\/www.krafthand.de\\\/truck\\\/artikel\\\/schmitz-cargobull-uebernimmt-berger-komplett-46124\\\/\",\"url\":\"https:\\\/\\\/www.krafthand.de\\\/truck\\\/artikel\\\/schmitz-cargobull-uebernimmt-berger-komplett-46124\\\/\",\"name\":\"Schmitz Cargobull I Berger Fahrzeugtechnik I Krafthand-Truck\",\"isPartOf\":{\"@id\":\"https:\\\/\\\/www.krafthand.de\\\/truck\\\/#website\"},\"primaryImageOfPage\":{\"@id\":\"https:\\\/\\\/www.krafthand.de\\\/truck\\\/artikel\\\/schmitz-cargobull-uebernimmt-berger-komplett-46124\\\/#primaryimage\"},\"image\":{\"@id\":\"https:\\\/\\\/www.krafthand.de\\\/truck\\\/artikel\\\/schmitz-cargobull-uebernimmt-berger-komplett-46124\\\/#primaryimage\"},\"thumbnailUrl\":\"https:\\\/\\\/static.krafthand-truck.de\\\/uploads\\\/2026\\\/04\\\/Schmitz_Cargobull_Berger_Fahrzeugtechnik_Gerhard_Berger_Andreas_Schmitz.jpg\",\"datePublished\":\"2026-04-21T15:26:48+00:00\",\"dateModified\":\"2026-04-21T15:52:44+00:00\",\"author\":{\"@id\":\"https:\\\/\\\/www.krafthand.de\\\/truck\\\/#\\\/schema\\\/person\\\/51fa80b1c57034c4bf63f9f988fc24ce\"},\"description\":\"Schmitz Cargobull ist seit 2024 mit 49 Prozent an Berger Fahrzeugtechnik beteiligt. Jetzt \u00fcbernimmt Schmitz das Unternehmen komplett.\",\"breadcrumb\":{\"@id\":\"https:\\\/\\\/www.krafthand.de\\\/truck\\\/artikel\\\/schmitz-cargobull-uebernimmt-berger-komplett-46124\\\/#breadcrumb\"},\"inLanguage\":\"de\",\"potentialAction\":[{\"@type\":\"ReadAction\",\"target\":[\"https:\\\/\\\/www.krafthand.de\\\/truck\\\/artikel\\\/schmitz-cargobull-uebernimmt-berger-komplett-46124\\\/\"]}]},{\"@type\":\"ImageObject\",\"inLanguage\":\"de\",\"@id\":\"https:\\\/\\\/www.krafthand.de\\\/truck\\\/artikel\\\/schmitz-cargobull-uebernimmt-berger-komplett-46124\\\/#primaryimage\",\"url\":\"https:\\\/\\\/static.krafthand-truck.de\\\/uploads\\\/2026\\\/04\\\/Schmitz_Cargobull_Berger_Fahrzeugtechnik_Gerhard_Berger_Andreas_Schmitz.jpg\",\"contentUrl\":\"https:\\\/\\\/static.krafthand-truck.de\\\/uploads\\\/2026\\\/04\\\/Schmitz_Cargobull_Berger_Fahrzeugtechnik_Gerhard_Berger_Andreas_Schmitz.jpg\",\"width\":1200,\"height\":880},{\"@type\":\"BreadcrumbList\",\"@id\":\"https:\\\/\\\/www.krafthand.de\\\/truck\\\/artikel\\\/schmitz-cargobull-uebernimmt-berger-komplett-46124\\\/#breadcrumb\",\"itemListElement\":[{\"@type\":\"ListItem\",\"position\":1,\"name\":\"Krafthand-Truck\",\"item\":\"https:\\\/\\\/www.krafthand.de\\\/truck\\\/\"},{\"@type\":\"ListItem\",\"position\":2,\"name\":\"Nfz-Branche\",\"item\":\"https:\\\/\\\/www.krafthand.de\\\/truck\\\/kategorie\\\/branche\\\/\"},{\"@type\":\"ListItem\",\"position\":3,\"name\":\"K\u00f6pfe\\\/Personen\",\"item\":\"https:\\\/\\\/www.krafthand.de\\\/truck\\\/kategorie\\\/branche\\\/koepfe\\\/\"},{\"@type\":\"ListItem\",\"position\":4,\"name\":\"Schmitz Cargobull \u00fcbernimmt Berger Fahrzeugtechnik komplett\"}]},{\"@type\":\"WebSite\",\"@id\":\"https:\\\/\\\/www.krafthand.de\\\/truck\\\/#website\",\"url\":\"https:\\\/\\\/www.krafthand.de\\\/truck\\\/\",\"name\":\"Krafthand-Truck\",\"description\":\"\",\"potentialAction\":[{\"@type\":\"SearchAction\",\"target\":{\"@type\":\"EntryPoint\",\"urlTemplate\":\"https:\\\/\\\/www.krafthand.de\\\/truck\\\/?s={search_term_string}\"},\"query-input\":{\"@type\":\"PropertyValueSpecification\",\"valueRequired\":true,\"valueName\":\"search_term_string\"}}],\"inLanguage\":\"de\"},{\"@type\":\"Person\",\"@id\":\"https:\\\/\\\/www.krafthand.de\\\/truck\\\/#\\\/schema\\\/person\\\/51fa80b1c57034c4bf63f9f988fc24ce\",\"name\":\"georg.blenk@krafthand-medien.de\",\"image\":{\"@type\":\"ImageObject\",\"inLanguage\":\"de\",\"@id\":\"https:\\\/\\\/secure.gravatar.com\\\/avatar\\\/93713c30affe0aa95d3a4130e499bb1abee2eb31adbdd9ce2aa1543538490215?s=96&d=mm&r=g\",\"url\":\"https:\\\/\\\/secure.gravatar.com\\\/avatar\\\/93713c30affe0aa95d3a4130e499bb1abee2eb31adbdd9ce2aa1543538490215?s=96&d=mm&r=g\",\"contentUrl\":\"https:\\\/\\\/secure.gravatar.com\\\/avatar\\\/93713c30affe0aa95d3a4130e499bb1abee2eb31adbdd9ce2aa1543538490215?s=96&d=mm&r=g\",\"caption\":\"georg.blenk@krafthand-medien.de\"}}]}<\/script>\n<!-- \/ Yoast SEO plugin. -->","yoast_head_json":{"title":"Schmitz Cargobull I Berger Fahrzeugtechnik I Krafthand-Truck","description":"Schmitz Cargobull ist seit 2024 mit 49 Prozent an Berger Fahrzeugtechnik beteiligt. Jetzt \u00fcbernimmt Schmitz das Unternehmen komplett.","robots":{"index":"index","follow":"follow","max-snippet":"max-snippet:-1","max-image-preview":"max-image-preview:large","max-video-preview":"max-video-preview:-1"},"canonical":"https:\/\/www.krafthand.de\/truck\/artikel\/schmitz-cargobull-uebernimmt-berger-komplett-46124\/","og_locale":"de_DE","og_type":"article","og_title":"Schmitz Cargobull I Berger Fahrzeugtechnik I Krafthand-Truck","og_description":"Schmitz Cargobull ist seit 2024 mit 49 Prozent an Berger Fahrzeugtechnik beteiligt. Jetzt \u00fcbernimmt Schmitz das Unternehmen komplett.","og_url":"https:\/\/www.krafthand-truck.de\/artikel\/schmitz-cargobull-uebernimmt-berger-komplett-46124\/","og_site_name":"Krafthand-Truck","article_published_time":"2026-04-21T15:26:48+00:00","article_modified_time":"2026-04-21T15:52:44+00:00","og_image":[{"width":1200,"height":880,"url":"https:\/\/static.krafthand-truck.de\/uploads\/2026\/04\/Schmitz_Cargobull_Berger_Fahrzeugtechnik_Gerhard_Berger_Andreas_Schmitz.jpg","type":"image\/jpeg"}],"author":"georg.blenk@krafthand-medien.de","twitter_card":"summary_large_image","twitter_misc":{"Verfasst von":"georg.blenk@krafthand-medien.de","Gesch\u00e4tzte Lesezeit":"2\u00a0Minuten"},"schema":{"@context":"https:\/\/schema.org","@graph":[{"@type":"Article","@id":"https:\/\/www.krafthand.de\/truck\/artikel\/schmitz-cargobull-uebernimmt-berger-komplett-46124\/#article","isPartOf":{"@id":"https:\/\/www.krafthand.de\/truck\/artikel\/schmitz-cargobull-uebernimmt-berger-komplett-46124\/"},"author":{"name":"georg.blenk@krafthand-medien.de","@id":"https:\/\/www.krafthand.de\/truck\/#\/schema\/person\/51fa80b1c57034c4bf63f9f988fc24ce"},"headline":"Schmitz Cargobull \u00fcbernimmt Berger Fahrzeugtechnik komplett","datePublished":"2026-04-21T15:26:48+00:00","dateModified":"2026-04-21T15:52:44+00:00","mainEntityOfPage":{"@id":"https:\/\/www.krafthand.de\/truck\/artikel\/schmitz-cargobull-uebernimmt-berger-komplett-46124\/"},"wordCount":162,"image":{"@id":"https:\/\/www.krafthand.de\/truck\/artikel\/schmitz-cargobull-uebernimmt-berger-komplett-46124\/#primaryimage"},"thumbnailUrl":"https:\/\/static.krafthand-truck.de\/uploads\/2026\/04\/Schmitz_Cargobull_Berger_Fahrzeugtechnik_Gerhard_Berger_Andreas_Schmitz.jpg","keywords":["Berger Fahrzeugtechnik","Berger-Ecotrail","Gerhard Berger","Schmitz Cargobul"],"articleSection":["K\u00f6pfe\/Personen","Unternehmen"],"inLanguage":"de"},{"@type":"WebPage","@id":"https:\/\/www.krafthand.de\/truck\/artikel\/schmitz-cargobull-uebernimmt-berger-komplett-46124\/","url":"https:\/\/www.krafthand.de\/truck\/artikel\/schmitz-cargobull-uebernimmt-berger-komplett-46124\/","name":"Schmitz Cargobull I Berger Fahrzeugtechnik I Krafthand-Truck","isPartOf":{"@id":"https:\/\/www.krafthand.de\/truck\/#website"},"primaryImageOfPage":{"@id":"https:\/\/www.krafthand.de\/truck\/artikel\/schmitz-cargobull-uebernimmt-berger-komplett-46124\/#primaryimage"},"image":{"@id":"https:\/\/www.krafthand.de\/truck\/artikel\/schmitz-cargobull-uebernimmt-berger-komplett-46124\/#primaryimage"},"thumbnailUrl":"https:\/\/static.krafthand-truck.de\/uploads\/2026\/04\/Schmitz_Cargobull_Berger_Fahrzeugtechnik_Gerhard_Berger_Andreas_Schmitz.jpg","datePublished":"2026-04-21T15:26:48+00:00","dateModified":"2026-04-21T15:52:44+00:00","author":{"@id":"https:\/\/www.krafthand.de\/truck\/#\/schema\/person\/51fa80b1c57034c4bf63f9f988fc24ce"},"description":"Schmitz Cargobull ist seit 2024 mit 49 Prozent an Berger Fahrzeugtechnik beteiligt. Jetzt \u00fcbernimmt Schmitz das Unternehmen komplett.","breadcrumb":{"@id":"https:\/\/www.krafthand.de\/truck\/artikel\/schmitz-cargobull-uebernimmt-berger-komplett-46124\/#breadcrumb"},"inLanguage":"de","potentialAction":[{"@type":"ReadAction","target":["https:\/\/www.krafthand.de\/truck\/artikel\/schmitz-cargobull-uebernimmt-berger-komplett-46124\/"]}]},{"@type":"ImageObject","inLanguage":"de","@id":"https:\/\/www.krafthand.de\/truck\/artikel\/schmitz-cargobull-uebernimmt-berger-komplett-46124\/#primaryimage","url":"https:\/\/static.krafthand-truck.de\/uploads\/2026\/04\/Schmitz_Cargobull_Berger_Fahrzeugtechnik_Gerhard_Berger_Andreas_Schmitz.jpg","contentUrl":"https:\/\/static.krafthand-truck.de\/uploads\/2026\/04\/Schmitz_Cargobull_Berger_Fahrzeugtechnik_Gerhard_Berger_Andreas_Schmitz.jpg","width":1200,"height":880},{"@type":"BreadcrumbList","@id":"https:\/\/www.krafthand.de\/truck\/artikel\/schmitz-cargobull-uebernimmt-berger-komplett-46124\/#breadcrumb","itemListElement":[{"@type":"ListItem","position":1,"name":"Krafthand-Truck","item":"https:\/\/www.krafthand.de\/truck\/"},{"@type":"ListItem","position":2,"name":"Nfz-Branche","item":"https:\/\/www.krafthand.de\/truck\/kategorie\/branche\/"},{"@type":"ListItem","position":3,"name":"K\u00f6pfe\/Personen","item":"https:\/\/www.krafthand.de\/truck\/kategorie\/branche\/koepfe\/"},{"@type":"ListItem","position":4,"name":"Schmitz Cargobull \u00fcbernimmt Berger Fahrzeugtechnik komplett"}]},{"@type":"WebSite","@id":"https:\/\/www.krafthand.de\/truck\/#website","url":"https:\/\/www.krafthand.de\/truck\/","name":"Krafthand-Truck","description":"","potentialAction":[{"@type":"SearchAction","target":{"@type":"EntryPoint","urlTemplate":"https:\/\/www.krafthand.de\/truck\/?s={search_term_string}"},"query-input":{"@type":"PropertyValueSpecification","valueRequired":true,"valueName":"search_term_string"}}],"inLanguage":"de"},{"@type":"Person","@id":"https:\/\/www.krafthand.de\/truck\/#\/schema\/person\/51fa80b1c57034c4bf63f9f988fc24ce","name":"georg.blenk@krafthand-medien.de","image":{"@type":"ImageObject","inLanguage":"de","@id":"https:\/\/secure.gravatar.com\/avatar\/93713c30affe0aa95d3a4130e499bb1abee2eb31adbdd9ce2aa1543538490215?s=96&d=mm&r=g","url":"https:\/\/secure.gravatar.com\/avatar\/93713c30affe0aa95d3a4130e499bb1abee2eb31adbdd9ce2aa1543538490215?s=96&d=mm&r=g","contentUrl":"https:\/\/secure.gravatar.com\/avatar\/93713c30affe0aa95d3a4130e499bb1abee2eb31adbdd9ce2aa1543538490215?s=96&d=mm&r=g","caption":"georg.blenk@krafthand-medien.de"}}]}},"_links":{"self":[{"href":"https:\/\/www.krafthand.de\/truck\/wp-json\/wp\/v2\/posts\/46124","targetHints":{"allow":["GET"]}}],"collection":[{"href":"https:\/\/www.krafthand.de\/truck\/wp-json\/wp\/v2\/posts"}],"about":[{"href":"https:\/\/www.krafthand.de\/truck\/wp-json\/wp\/v2\/types\/post"}],"author":[{"embeddable":true,"href":"https:\/\/www.krafthand.de\/truck\/wp-json\/wp\/v2\/users\/9"}],"replies":[{"embeddable":true,"href":"https:\/\/www.krafthand.de\/truck\/wp-json\/wp\/v2\/comments?post=46124"}],"version-history":[{"count":15,"href":"https:\/\/www.krafthand.de\/truck\/wp-json\/wp\/v2\/posts\/46124\/revisions"}],"predecessor-version":[{"id":46140,"href":"https:\/\/www.krafthand.de\/truck\/wp-json\/wp\/v2\/posts\/46124\/revisions\/46140"}],"wp:featuredmedia":[{"embeddable":true,"href":"https:\/\/www.krafthand.de\/truck\/wp-json\/wp\/v2\/media\/46132"}],"wp:attachment":[{"href":"https:\/\/www.krafthand.de\/truck\/wp-json\/wp\/v2\/media?parent=46124"}],"wp:term":[{"taxonomy":"category","embeddable":true,"href":"https:\/\/www.krafthand.de\/truck\/wp-json\/wp\/v2\/categories?post=46124"},{"taxonomy":"post_tag","embeddable":true,"href":"https:\/\/www.krafthand.de\/truck\/wp-json\/wp\/v2\/tags?post=46124"},{"taxonomy":"settings","embeddable":true,"href":"https:\/\/www.krafthand.de\/truck\/wp-json\/wp\/v2\/settings?post=46124"}],"curies":[{"name":"wp","href":"https:\/\/api.w.org\/{rel}","templated":true}]}}