{"id":46104,"date":"2026-04-21T09:41:12","date_gmt":"2026-04-21T07:41:12","guid":{"rendered":"https:\/\/www.krafthand.de\/truck\/?p=46104"},"modified":"2026-04-21T09:52:57","modified_gmt":"2026-04-21T07:52:57","slug":"hiltl-trucks-feiert-80-jaehriges-firmenjubilaeum-und-moechte-weiter-expandieren","status":"publish","type":"post","link":"https:\/\/www.krafthand.de\/truck\/artikel\/hiltl-trucks-feiert-80-jaehriges-firmenjubilaeum-und-moechte-weiter-expandieren-46104\/","title":{"rendered":"Hiltl Trucks feiert 80-j\u00e4hriges Firmenjubil\u00e4um und m\u00f6chte weiter expandieren"},"content":{"rendered":"<p>Hiltl Trucks feiert in diesem Jahr sein 80 j\u00e4hriges Firmenjubil\u00e4um. Von 1946 bis heute hat sich das Unternehmen vom lokalen Reparaturbetrieb aus N\u00fcrnberg zu einem \u00fcberregionalen Anbieter f\u00fcr schwere Nutzfahrzeuge mit Schwerpunkt auf Vertrieb, Service und Mobilit\u00e4t entwickelt. Mit dem Einstieg von Anna Holfelder in die Gesch\u00e4ftsf\u00fchrung an der Seite ihres Vaters Dieter Holfelder, f\u00fchrt bereits die vierte Generation die Geschicke.<\/p>\n<h3>Gr\u00fcndung 1946<\/h3>\n<p>Im Jahr 1946 fasste der Kfz-Meister Hans Hiltl den Entschluss, seine Anstellung beim Lkw-Hersteller MAN aufzugeben und in N\u00fcrnberg ein eigenes Lkw-Reparaturunternehmen zu gr\u00fcnden. Was mit einer kleinen Werkstatt begann, bildet acht Jahrzehnte sp\u00e4ter das Fundament einer Unternehmensgruppe, die heute unter der Marke Hiltl Trucks firmiert. Die Geschichte des Unternehmens ist dabei untrennbar mit der Familie Holfelder verbunden. Dieter Holfelder, der 1977 in den Betrieb eintrat, leitete die Geschicke zusammen mit seinem Gro\u00dfvater, Hans Hiltl, bis zu dessen Tod im Jahr 1982.<\/p>\n<p>Einen Schub erlebte das Unternehmen ab dem Jahr 2010. Mit der Gr\u00fcndung der Nutzlast AG als weiteres Unternehmen unter dem Dach von <a href=\"https:\/\/www.hiltl-nutzfahrzeuge.de\" target=\"_blank\" rel=\"noopener\">Hiltl Trucks<\/a> wurde der Gesch\u00e4ftsbereich Mobilit\u00e4t um eine Iveco-Rent-Flotte erweitert. Die Nutzlast AG ist als Vermietgesellschaft bundesweit t\u00e4tig. Im Jahr 2018 setzte das Unternehmen mit einem neuen DAF Leuchtturmbetrieb in Radeburg bei Dresden weitere Akzente in Sachsen.<\/p>\n<p>Ein weiterer Meilenstein der j\u00fcngeren Geschichte war das Jahr 2023, als Hiltl Trucks durch die \u00dcbernahme von drei MAN Truck &amp; Bus Service-Standorten in Plauen, Siegsdorf und Zwickau seine Pr\u00e4senz und Leistungsf\u00e4higkeit verst\u00e4rkt.<\/p>\n<h3>Hiltl Trucks bleibt familiengef\u00fchrt<\/h3>\n<p>Inmitten dieser Wachstumsphase vollzog das Unternehmen den Generationswechsel an der Spitze. Anna Holfelder f\u00fchrt heute zusammen mit ihrem Vater Dieter Holfelder und Mitgesch\u00e4ftsf\u00fchrer Hendrik Lehmbrock die Geschicke des Unternehmens. Hilt Trucks besch\u00e4ftigt heute rund 800 Mitarbeiterinnen und Mitarbeiter.<\/p>\n<h3>23 Standorte<\/h3>\n<p>Mit der Integration von drei neuen Betrieben in N\u00fcrnberg, Bamberg und Leupoldsgr\u00fcn zum Jahresbeginn wuchs das Service-Netzwerk auf insgesamt 23 Standorte an. Ein besonderes Augenmerk liegt derzeit laut Hiltl auf dem Standort Hof, wo 2026 ein weiteres Nutzfahrzeugzentrum entsteht. Zudem werden derzeit erste Gespr\u00e4che was eine weitere Expansion in weitere Bundesl\u00e4ndern angeht, gef\u00fchrt.<\/p>\n","protected":false},"excerpt":{"rendered":"<p>Hiltl Trucks feiert in diesem Jahr sein 80 j\u00e4hriges Firmenjubil\u00e4um. Von 1946 bis heute hat sich das Unternehmen vom lokalen Reparaturbetrieb aus N\u00fcrnberg zu einem \u00fcberregionalen Anbieter f\u00fcr schwere Nutzfahrzeuge mit strategischem Schwerpunkt auf Vertrieb, Service und Mobilit\u00e4t entwickelt. <span class=\"excerpt-more__dots\">&#8230;<\/span> <a class=\"excerpt-more__link\" href=\"https:\/\/www.krafthand.de\/truck\/artikel\/hiltl-trucks-feiert-80-jaehriges-firmenjubilaeum-und-moechte-weiter-expandieren-46104\/\" >weiter<\/a><\/p>\n","protected":false},"author":9,"featured_media":46110,"comment_status":"closed","ping_status":"closed","sticky":false,"template":"","format":"standard","meta":{"footnotes":""},"categories":[4235],"tags":[6390,6439],"settings":[4766,3523],"class_list":["post-46104","post","type-post","status-publish","format-standard","has-post-thumbnail","hentry","category-unternehmen","tag-hiltl-trucks","tag-holfelder"],"yoast_head":"<!-- This site is optimized with the Yoast SEO plugin v27.3 - https:\/\/yoast.com\/product\/yoast-seo-wordpress\/ -->\n<title>Hiltl Trucks feiert 80-j\u00e4hriges Firmenjubil\u00e4um und m\u00f6chte weiter expandieren - Krafthand-Truck<\/title>\n<meta name=\"description\" content=\"Hiltl Trucks feiert sein 80 j\u00e4hriges Jubil\u00e4um. Das Unternehmen hat sich vom lokalen Reparaturbetrieb zu einem \u00fcberregionalen Anbieter entwickelt.\" \/>\n<meta name=\"robots\" content=\"index, follow, max-snippet:-1, max-image-preview:large, max-video-preview:-1\" \/>\n<link rel=\"canonical\" href=\"https:\/\/www.krafthand.de\/truck\/artikel\/hiltl-trucks-feiert-80-jaehriges-firmenjubilaeum-und-moechte-weiter-expandieren-46104\/\" \/>\n<meta property=\"og:locale\" content=\"de_DE\" \/>\n<meta property=\"og:type\" content=\"article\" \/>\n<meta property=\"og:title\" content=\"Hiltl Trucks feiert 80-j\u00e4hriges Firmenjubil\u00e4um und m\u00f6chte weiter expandieren - Krafthand-Truck\" \/>\n<meta property=\"og:description\" content=\"Hiltl Trucks feiert sein 80 j\u00e4hriges Jubil\u00e4um. Das Unternehmen hat sich vom lokalen Reparaturbetrieb zu einem \u00fcberregionalen Anbieter entwickelt.\" \/>\n<meta property=\"og:url\" content=\"https:\/\/www.krafthand-truck.de\/artikel\/hiltl-trucks-feiert-80-jaehriges-firmenjubilaeum-und-moechte-weiter-expandieren-46104\/\" \/>\n<meta property=\"og:site_name\" content=\"Krafthand-Truck\" \/>\n<meta property=\"article:published_time\" content=\"2026-04-21T07:41:12+00:00\" \/>\n<meta property=\"article:modified_time\" content=\"2026-04-21T07:52:57+00:00\" \/>\n<meta property=\"og:image\" content=\"https:\/\/static.krafthand-truck.de\/uploads\/2026\/04\/Hiltl_Trucks_Lehmbrock_Holfelder_80_Jubilaeum.jpg\" \/>\n\t<meta property=\"og:image:width\" content=\"1200\" \/>\n\t<meta property=\"og:image:height\" content=\"809\" \/>\n\t<meta property=\"og:image:type\" content=\"image\/jpeg\" \/>\n<meta name=\"author\" content=\"georg.blenk@krafthand-medien.de\" \/>\n<meta name=\"twitter:card\" content=\"summary_large_image\" \/>\n<meta name=\"twitter:label1\" content=\"Verfasst von\" \/>\n\t<meta name=\"twitter:data1\" content=\"georg.blenk@krafthand-medien.de\" \/>\n\t<meta name=\"twitter:label2\" content=\"Gesch\u00e4tzte Lesezeit\" \/>\n\t<meta name=\"twitter:data2\" content=\"3\u00a0Minuten\" \/>\n<script type=\"application\/ld+json\" class=\"yoast-schema-graph\">{\"@context\":\"https:\\\/\\\/schema.org\",\"@graph\":[{\"@type\":\"Article\",\"@id\":\"https:\\\/\\\/www.krafthand.de\\\/truck\\\/artikel\\\/hiltl-trucks-feiert-80-jaehriges-firmenjubilaeum-und-moechte-weiter-expandieren-46104\\\/#article\",\"isPartOf\":{\"@id\":\"https:\\\/\\\/www.krafthand.de\\\/truck\\\/artikel\\\/hiltl-trucks-feiert-80-jaehriges-firmenjubilaeum-und-moechte-weiter-expandieren-46104\\\/\"},\"author\":{\"name\":\"georg.blenk@krafthand-medien.de\",\"@id\":\"https:\\\/\\\/www.krafthand.de\\\/truck\\\/#\\\/schema\\\/person\\\/51fa80b1c57034c4bf63f9f988fc24ce\"},\"headline\":\"Hiltl Trucks feiert 80-j\u00e4hriges Firmenjubil\u00e4um und m\u00f6chte weiter expandieren\",\"datePublished\":\"2026-04-21T07:41:12+00:00\",\"dateModified\":\"2026-04-21T07:52:57+00:00\",\"mainEntityOfPage\":{\"@id\":\"https:\\\/\\\/www.krafthand.de\\\/truck\\\/artikel\\\/hiltl-trucks-feiert-80-jaehriges-firmenjubilaeum-und-moechte-weiter-expandieren-46104\\\/\"},\"wordCount\":364,\"image\":{\"@id\":\"https:\\\/\\\/www.krafthand.de\\\/truck\\\/artikel\\\/hiltl-trucks-feiert-80-jaehriges-firmenjubilaeum-und-moechte-weiter-expandieren-46104\\\/#primaryimage\"},\"thumbnailUrl\":\"https:\\\/\\\/static.krafthand-truck.de\\\/uploads\\\/2026\\\/04\\\/Hiltl_Trucks_Lehmbrock_Holfelder_80_Jubilaeum.jpg\",\"keywords\":[\"Hiltl-Trucks\",\"Holfelder\"],\"articleSection\":[\"Unternehmen\"],\"inLanguage\":\"de\"},{\"@type\":\"WebPage\",\"@id\":\"https:\\\/\\\/www.krafthand.de\\\/truck\\\/artikel\\\/hiltl-trucks-feiert-80-jaehriges-firmenjubilaeum-und-moechte-weiter-expandieren-46104\\\/\",\"url\":\"https:\\\/\\\/www.krafthand.de\\\/truck\\\/artikel\\\/hiltl-trucks-feiert-80-jaehriges-firmenjubilaeum-und-moechte-weiter-expandieren-46104\\\/\",\"name\":\"Hiltl Trucks feiert 80-j\u00e4hriges Firmenjubil\u00e4um und m\u00f6chte weiter expandieren - Krafthand-Truck\",\"isPartOf\":{\"@id\":\"https:\\\/\\\/www.krafthand.de\\\/truck\\\/#website\"},\"primaryImageOfPage\":{\"@id\":\"https:\\\/\\\/www.krafthand.de\\\/truck\\\/artikel\\\/hiltl-trucks-feiert-80-jaehriges-firmenjubilaeum-und-moechte-weiter-expandieren-46104\\\/#primaryimage\"},\"image\":{\"@id\":\"https:\\\/\\\/www.krafthand.de\\\/truck\\\/artikel\\\/hiltl-trucks-feiert-80-jaehriges-firmenjubilaeum-und-moechte-weiter-expandieren-46104\\\/#primaryimage\"},\"thumbnailUrl\":\"https:\\\/\\\/static.krafthand-truck.de\\\/uploads\\\/2026\\\/04\\\/Hiltl_Trucks_Lehmbrock_Holfelder_80_Jubilaeum.jpg\",\"datePublished\":\"2026-04-21T07:41:12+00:00\",\"dateModified\":\"2026-04-21T07:52:57+00:00\",\"author\":{\"@id\":\"https:\\\/\\\/www.krafthand.de\\\/truck\\\/#\\\/schema\\\/person\\\/51fa80b1c57034c4bf63f9f988fc24ce\"},\"description\":\"Hiltl Trucks feiert sein 80 j\u00e4hriges Jubil\u00e4um. Das Unternehmen hat sich vom lokalen Reparaturbetrieb zu einem \u00fcberregionalen Anbieter entwickelt.\",\"breadcrumb\":{\"@id\":\"https:\\\/\\\/www.krafthand.de\\\/truck\\\/artikel\\\/hiltl-trucks-feiert-80-jaehriges-firmenjubilaeum-und-moechte-weiter-expandieren-46104\\\/#breadcrumb\"},\"inLanguage\":\"de\",\"potentialAction\":[{\"@type\":\"ReadAction\",\"target\":[\"https:\\\/\\\/www.krafthand.de\\\/truck\\\/artikel\\\/hiltl-trucks-feiert-80-jaehriges-firmenjubilaeum-und-moechte-weiter-expandieren-46104\\\/\"]}]},{\"@type\":\"ImageObject\",\"inLanguage\":\"de\",\"@id\":\"https:\\\/\\\/www.krafthand.de\\\/truck\\\/artikel\\\/hiltl-trucks-feiert-80-jaehriges-firmenjubilaeum-und-moechte-weiter-expandieren-46104\\\/#primaryimage\",\"url\":\"https:\\\/\\\/static.krafthand-truck.de\\\/uploads\\\/2026\\\/04\\\/Hiltl_Trucks_Lehmbrock_Holfelder_80_Jubilaeum.jpg\",\"contentUrl\":\"https:\\\/\\\/static.krafthand-truck.de\\\/uploads\\\/2026\\\/04\\\/Hiltl_Trucks_Lehmbrock_Holfelder_80_Jubilaeum.jpg\",\"width\":1200,\"height\":809},{\"@type\":\"BreadcrumbList\",\"@id\":\"https:\\\/\\\/www.krafthand.de\\\/truck\\\/artikel\\\/hiltl-trucks-feiert-80-jaehriges-firmenjubilaeum-und-moechte-weiter-expandieren-46104\\\/#breadcrumb\",\"itemListElement\":[{\"@type\":\"ListItem\",\"position\":1,\"name\":\"Krafthand-Truck\",\"item\":\"https:\\\/\\\/www.krafthand.de\\\/truck\\\/\"},{\"@type\":\"ListItem\",\"position\":2,\"name\":\"Nfz-Branche\",\"item\":\"https:\\\/\\\/www.krafthand.de\\\/truck\\\/kategorie\\\/branche\\\/\"},{\"@type\":\"ListItem\",\"position\":3,\"name\":\"Unternehmen\",\"item\":\"https:\\\/\\\/www.krafthand.de\\\/truck\\\/kategorie\\\/branche\\\/unternehmen\\\/\"},{\"@type\":\"ListItem\",\"position\":4,\"name\":\"Hiltl Trucks feiert 80-j\u00e4hriges Firmenjubil\u00e4um und m\u00f6chte weiter expandieren\"}]},{\"@type\":\"WebSite\",\"@id\":\"https:\\\/\\\/www.krafthand.de\\\/truck\\\/#website\",\"url\":\"https:\\\/\\\/www.krafthand.de\\\/truck\\\/\",\"name\":\"Krafthand-Truck\",\"description\":\"\",\"potentialAction\":[{\"@type\":\"SearchAction\",\"target\":{\"@type\":\"EntryPoint\",\"urlTemplate\":\"https:\\\/\\\/www.krafthand.de\\\/truck\\\/?s={search_term_string}\"},\"query-input\":{\"@type\":\"PropertyValueSpecification\",\"valueRequired\":true,\"valueName\":\"search_term_string\"}}],\"inLanguage\":\"de\"},{\"@type\":\"Person\",\"@id\":\"https:\\\/\\\/www.krafthand.de\\\/truck\\\/#\\\/schema\\\/person\\\/51fa80b1c57034c4bf63f9f988fc24ce\",\"name\":\"georg.blenk@krafthand-medien.de\",\"image\":{\"@type\":\"ImageObject\",\"inLanguage\":\"de\",\"@id\":\"https:\\\/\\\/secure.gravatar.com\\\/avatar\\\/93713c30affe0aa95d3a4130e499bb1abee2eb31adbdd9ce2aa1543538490215?s=96&d=mm&r=g\",\"url\":\"https:\\\/\\\/secure.gravatar.com\\\/avatar\\\/93713c30affe0aa95d3a4130e499bb1abee2eb31adbdd9ce2aa1543538490215?s=96&d=mm&r=g\",\"contentUrl\":\"https:\\\/\\\/secure.gravatar.com\\\/avatar\\\/93713c30affe0aa95d3a4130e499bb1abee2eb31adbdd9ce2aa1543538490215?s=96&d=mm&r=g\",\"caption\":\"georg.blenk@krafthand-medien.de\"}}]}<\/script>\n<!-- \/ Yoast SEO plugin. -->","yoast_head_json":{"title":"Hiltl Trucks feiert 80-j\u00e4hriges Firmenjubil\u00e4um und m\u00f6chte weiter expandieren - Krafthand-Truck","description":"Hiltl Trucks feiert sein 80 j\u00e4hriges Jubil\u00e4um. Das Unternehmen hat sich vom lokalen Reparaturbetrieb zu einem \u00fcberregionalen Anbieter entwickelt.","robots":{"index":"index","follow":"follow","max-snippet":"max-snippet:-1","max-image-preview":"max-image-preview:large","max-video-preview":"max-video-preview:-1"},"canonical":"https:\/\/www.krafthand.de\/truck\/artikel\/hiltl-trucks-feiert-80-jaehriges-firmenjubilaeum-und-moechte-weiter-expandieren-46104\/","og_locale":"de_DE","og_type":"article","og_title":"Hiltl Trucks feiert 80-j\u00e4hriges Firmenjubil\u00e4um und m\u00f6chte weiter expandieren - Krafthand-Truck","og_description":"Hiltl Trucks feiert sein 80 j\u00e4hriges Jubil\u00e4um. Das Unternehmen hat sich vom lokalen Reparaturbetrieb zu einem \u00fcberregionalen Anbieter entwickelt.","og_url":"https:\/\/www.krafthand-truck.de\/artikel\/hiltl-trucks-feiert-80-jaehriges-firmenjubilaeum-und-moechte-weiter-expandieren-46104\/","og_site_name":"Krafthand-Truck","article_published_time":"2026-04-21T07:41:12+00:00","article_modified_time":"2026-04-21T07:52:57+00:00","og_image":[{"width":1200,"height":809,"url":"https:\/\/static.krafthand-truck.de\/uploads\/2026\/04\/Hiltl_Trucks_Lehmbrock_Holfelder_80_Jubilaeum.jpg","type":"image\/jpeg"}],"author":"georg.blenk@krafthand-medien.de","twitter_card":"summary_large_image","twitter_misc":{"Verfasst von":"georg.blenk@krafthand-medien.de","Gesch\u00e4tzte Lesezeit":"3\u00a0Minuten"},"schema":{"@context":"https:\/\/schema.org","@graph":[{"@type":"Article","@id":"https:\/\/www.krafthand.de\/truck\/artikel\/hiltl-trucks-feiert-80-jaehriges-firmenjubilaeum-und-moechte-weiter-expandieren-46104\/#article","isPartOf":{"@id":"https:\/\/www.krafthand.de\/truck\/artikel\/hiltl-trucks-feiert-80-jaehriges-firmenjubilaeum-und-moechte-weiter-expandieren-46104\/"},"author":{"name":"georg.blenk@krafthand-medien.de","@id":"https:\/\/www.krafthand.de\/truck\/#\/schema\/person\/51fa80b1c57034c4bf63f9f988fc24ce"},"headline":"Hiltl Trucks feiert 80-j\u00e4hriges Firmenjubil\u00e4um und m\u00f6chte weiter expandieren","datePublished":"2026-04-21T07:41:12+00:00","dateModified":"2026-04-21T07:52:57+00:00","mainEntityOfPage":{"@id":"https:\/\/www.krafthand.de\/truck\/artikel\/hiltl-trucks-feiert-80-jaehriges-firmenjubilaeum-und-moechte-weiter-expandieren-46104\/"},"wordCount":364,"image":{"@id":"https:\/\/www.krafthand.de\/truck\/artikel\/hiltl-trucks-feiert-80-jaehriges-firmenjubilaeum-und-moechte-weiter-expandieren-46104\/#primaryimage"},"thumbnailUrl":"https:\/\/static.krafthand-truck.de\/uploads\/2026\/04\/Hiltl_Trucks_Lehmbrock_Holfelder_80_Jubilaeum.jpg","keywords":["Hiltl-Trucks","Holfelder"],"articleSection":["Unternehmen"],"inLanguage":"de"},{"@type":"WebPage","@id":"https:\/\/www.krafthand.de\/truck\/artikel\/hiltl-trucks-feiert-80-jaehriges-firmenjubilaeum-und-moechte-weiter-expandieren-46104\/","url":"https:\/\/www.krafthand.de\/truck\/artikel\/hiltl-trucks-feiert-80-jaehriges-firmenjubilaeum-und-moechte-weiter-expandieren-46104\/","name":"Hiltl Trucks feiert 80-j\u00e4hriges Firmenjubil\u00e4um und m\u00f6chte weiter expandieren - Krafthand-Truck","isPartOf":{"@id":"https:\/\/www.krafthand.de\/truck\/#website"},"primaryImageOfPage":{"@id":"https:\/\/www.krafthand.de\/truck\/artikel\/hiltl-trucks-feiert-80-jaehriges-firmenjubilaeum-und-moechte-weiter-expandieren-46104\/#primaryimage"},"image":{"@id":"https:\/\/www.krafthand.de\/truck\/artikel\/hiltl-trucks-feiert-80-jaehriges-firmenjubilaeum-und-moechte-weiter-expandieren-46104\/#primaryimage"},"thumbnailUrl":"https:\/\/static.krafthand-truck.de\/uploads\/2026\/04\/Hiltl_Trucks_Lehmbrock_Holfelder_80_Jubilaeum.jpg","datePublished":"2026-04-21T07:41:12+00:00","dateModified":"2026-04-21T07:52:57+00:00","author":{"@id":"https:\/\/www.krafthand.de\/truck\/#\/schema\/person\/51fa80b1c57034c4bf63f9f988fc24ce"},"description":"Hiltl Trucks feiert sein 80 j\u00e4hriges Jubil\u00e4um. Das Unternehmen hat sich vom lokalen Reparaturbetrieb zu einem \u00fcberregionalen Anbieter entwickelt.","breadcrumb":{"@id":"https:\/\/www.krafthand.de\/truck\/artikel\/hiltl-trucks-feiert-80-jaehriges-firmenjubilaeum-und-moechte-weiter-expandieren-46104\/#breadcrumb"},"inLanguage":"de","potentialAction":[{"@type":"ReadAction","target":["https:\/\/www.krafthand.de\/truck\/artikel\/hiltl-trucks-feiert-80-jaehriges-firmenjubilaeum-und-moechte-weiter-expandieren-46104\/"]}]},{"@type":"ImageObject","inLanguage":"de","@id":"https:\/\/www.krafthand.de\/truck\/artikel\/hiltl-trucks-feiert-80-jaehriges-firmenjubilaeum-und-moechte-weiter-expandieren-46104\/#primaryimage","url":"https:\/\/static.krafthand-truck.de\/uploads\/2026\/04\/Hiltl_Trucks_Lehmbrock_Holfelder_80_Jubilaeum.jpg","contentUrl":"https:\/\/static.krafthand-truck.de\/uploads\/2026\/04\/Hiltl_Trucks_Lehmbrock_Holfelder_80_Jubilaeum.jpg","width":1200,"height":809},{"@type":"BreadcrumbList","@id":"https:\/\/www.krafthand.de\/truck\/artikel\/hiltl-trucks-feiert-80-jaehriges-firmenjubilaeum-und-moechte-weiter-expandieren-46104\/#breadcrumb","itemListElement":[{"@type":"ListItem","position":1,"name":"Krafthand-Truck","item":"https:\/\/www.krafthand.de\/truck\/"},{"@type":"ListItem","position":2,"name":"Nfz-Branche","item":"https:\/\/www.krafthand.de\/truck\/kategorie\/branche\/"},{"@type":"ListItem","position":3,"name":"Unternehmen","item":"https:\/\/www.krafthand.de\/truck\/kategorie\/branche\/unternehmen\/"},{"@type":"ListItem","position":4,"name":"Hiltl Trucks feiert 80-j\u00e4hriges Firmenjubil\u00e4um und m\u00f6chte weiter expandieren"}]},{"@type":"WebSite","@id":"https:\/\/www.krafthand.de\/truck\/#website","url":"https:\/\/www.krafthand.de\/truck\/","name":"Krafthand-Truck","description":"","potentialAction":[{"@type":"SearchAction","target":{"@type":"EntryPoint","urlTemplate":"https:\/\/www.krafthand.de\/truck\/?s={search_term_string}"},"query-input":{"@type":"PropertyValueSpecification","valueRequired":true,"valueName":"search_term_string"}}],"inLanguage":"de"},{"@type":"Person","@id":"https:\/\/www.krafthand.de\/truck\/#\/schema\/person\/51fa80b1c57034c4bf63f9f988fc24ce","name":"georg.blenk@krafthand-medien.de","image":{"@type":"ImageObject","inLanguage":"de","@id":"https:\/\/secure.gravatar.com\/avatar\/93713c30affe0aa95d3a4130e499bb1abee2eb31adbdd9ce2aa1543538490215?s=96&d=mm&r=g","url":"https:\/\/secure.gravatar.com\/avatar\/93713c30affe0aa95d3a4130e499bb1abee2eb31adbdd9ce2aa1543538490215?s=96&d=mm&r=g","contentUrl":"https:\/\/secure.gravatar.com\/avatar\/93713c30affe0aa95d3a4130e499bb1abee2eb31adbdd9ce2aa1543538490215?s=96&d=mm&r=g","caption":"georg.blenk@krafthand-medien.de"}}]}},"_links":{"self":[{"href":"https:\/\/www.krafthand.de\/truck\/wp-json\/wp\/v2\/posts\/46104","targetHints":{"allow":["GET"]}}],"collection":[{"href":"https:\/\/www.krafthand.de\/truck\/wp-json\/wp\/v2\/posts"}],"about":[{"href":"https:\/\/www.krafthand.de\/truck\/wp-json\/wp\/v2\/types\/post"}],"author":[{"embeddable":true,"href":"https:\/\/www.krafthand.de\/truck\/wp-json\/wp\/v2\/users\/9"}],"replies":[{"embeddable":true,"href":"https:\/\/www.krafthand.de\/truck\/wp-json\/wp\/v2\/comments?post=46104"}],"version-history":[{"count":18,"href":"https:\/\/www.krafthand.de\/truck\/wp-json\/wp\/v2\/posts\/46104\/revisions"}],"predecessor-version":[{"id":46123,"href":"https:\/\/www.krafthand.de\/truck\/wp-json\/wp\/v2\/posts\/46104\/revisions\/46123"}],"wp:featuredmedia":[{"embeddable":true,"href":"https:\/\/www.krafthand.de\/truck\/wp-json\/wp\/v2\/media\/46110"}],"wp:attachment":[{"href":"https:\/\/www.krafthand.de\/truck\/wp-json\/wp\/v2\/media?parent=46104"}],"wp:term":[{"taxonomy":"category","embeddable":true,"href":"https:\/\/www.krafthand.de\/truck\/wp-json\/wp\/v2\/categories?post=46104"},{"taxonomy":"post_tag","embeddable":true,"href":"https:\/\/www.krafthand.de\/truck\/wp-json\/wp\/v2\/tags?post=46104"},{"taxonomy":"settings","embeddable":true,"href":"https:\/\/www.krafthand.de\/truck\/wp-json\/wp\/v2\/settings?post=46104"}],"curies":[{"name":"wp","href":"https:\/\/api.w.org\/{rel}","templated":true}]}}