{"id":46032,"date":"2026-04-14T15:58:27","date_gmt":"2026-04-14T13:58:27","guid":{"rendered":"https:\/\/www.krafthand.de\/truck\/?p=46032"},"modified":"2026-04-14T15:58:59","modified_gmt":"2026-04-14T13:58:59","slug":"bpw-spatenstich-fuer-neue-produktionshalle-in-wiehl","status":"publish","type":"post","link":"https:\/\/www.krafthand.de\/truck\/artikel\/bpw-spatenstich-fuer-neue-produktionshalle-in-wiehl-46032\/","title":{"rendered":"BPW: Spatenstich f\u00fcr neue Produktionshalle in Wiehl"},"content":{"rendered":"<p>Die BPW Bergische Achsen KG hat mit einem symbolischen Spatenstich den Start der Bauphase f\u00fcr eine neue Fertigungshalle auf dem Werksgel\u00e4nde am Stammsitz in Wiehl markiert. Damit wurde der offizielle \u00dcbergang von der Planungs- in die Umsetzungsphase des Neubauprojekts vollzogen. Das Investitionsvolumen liegt laut BPW bei mehr als 25 Millionen Euro.<\/p>\n<p>Auf einer Nutzfl\u00e4che von rund 7.000 Quadratmetern sollen k\u00fcnftig bestehende Produktions- und Logistikstrukturen geb\u00fcndelt und zukunftsf\u00e4hig ausgerichtet werden. Dabei wird die neue Halle gezielt auf die Montage von BPW Trailer-Scheibenbremsen ausgelegt.<\/p>\n<blockquote class=\"khm-quote\"><p>Das Projekt ist ein klares Bekenntnis zum Wirtschaftsstandort Deutschland. (Achim Kotz, pers\u00f6nlich haftender gesch\u00e4ftsf\u00fchrender Gesellschafter der BPW Bergische Achsen KG)<\/p><\/blockquote>\n<p>Die Inbetriebnahme der neuen Fertigungshalle ist f\u00fcr Ende 2027 geplant. Sie umfasst moderne Produktionsfl\u00e4chen sowie eine effiziente Energieversorgung. Unter anderem werden rund 30 Prozent der Dachfl\u00e4chen mit Photovoltaikanlagen ausgestattet.<\/p>\n","protected":false},"excerpt":{"rendered":"<p>Die BPW Bergische Achsen KG hat mit einem symbolischen Spatenstich den Start der Bauphase f\u00fcr eine neue Fertigungshalle auf dem Werksgel\u00e4nde am Stammsitz in Wiehl markiert. Die Inbetriebnahme der neuen Fertigungshalle ist f\u00fcr Ende 2027 geplant. <span class=\"excerpt-more__dots\">&#8230;<\/span> <a class=\"excerpt-more__link\" href=\"https:\/\/www.krafthand.de\/truck\/artikel\/bpw-spatenstich-fuer-neue-produktionshalle-in-wiehl-46032\/\" >weiter<\/a><\/p>\n","protected":false},"author":9,"featured_media":46035,"comment_status":"closed","ping_status":"closed","sticky":false,"template":"","format":"standard","meta":{"footnotes":""},"categories":[4235],"tags":[173],"settings":[3524,4766,3523],"class_list":["post-46032","post","type-post","status-publish","format-standard","has-post-thumbnail","hentry","category-unternehmen","tag-bpw"],"yoast_head":"<!-- This site is optimized with the Yoast SEO plugin v27.3 - https:\/\/yoast.com\/product\/yoast-seo-wordpress\/ -->\n<title>BPW: Spatenstich f\u00fcr neue Produktionshalle in Wiehl - Krafthand-Truck<\/title>\n<meta name=\"description\" content=\"Die BPW Bergische Achsen KG hat mit einem symbolischen Spatenstich den Start der Bauphase f\u00fcr eine neue Fertigungshalle in Wiehl markiert.\" \/>\n<meta name=\"robots\" content=\"index, follow, max-snippet:-1, max-image-preview:large, max-video-preview:-1\" \/>\n<link rel=\"canonical\" href=\"https:\/\/www.krafthand.de\/truck\/artikel\/bpw-spatenstich-fuer-neue-produktionshalle-in-wiehl-46032\/\" \/>\n<meta property=\"og:locale\" content=\"de_DE\" \/>\n<meta property=\"og:type\" content=\"article\" \/>\n<meta property=\"og:title\" content=\"BPW: Spatenstich f\u00fcr neue Produktionshalle in Wiehl - Krafthand-Truck\" \/>\n<meta property=\"og:description\" content=\"Die BPW Bergische Achsen KG hat mit einem symbolischen Spatenstich den Start der Bauphase f\u00fcr eine neue Fertigungshalle in Wiehl markiert.\" \/>\n<meta property=\"og:url\" content=\"https:\/\/www.krafthand-truck.de\/artikel\/bpw-spatenstich-fuer-neue-produktionshalle-in-wiehl-46032\/\" \/>\n<meta property=\"og:site_name\" content=\"Krafthand-Truck\" \/>\n<meta property=\"article:published_time\" content=\"2026-04-14T13:58:27+00:00\" \/>\n<meta property=\"article:modified_time\" content=\"2026-04-14T13:58:59+00:00\" \/>\n<meta property=\"og:image\" content=\"https:\/\/static.krafthand-truck.de\/uploads\/2026\/04\/BPW_Spatenstich_Produktionshalle_Wiehl.jpg\" \/>\n\t<meta property=\"og:image:width\" content=\"1200\" \/>\n\t<meta property=\"og:image:height\" content=\"562\" \/>\n\t<meta property=\"og:image:type\" content=\"image\/jpeg\" \/>\n<meta name=\"author\" content=\"georg.blenk@krafthand-medien.de\" \/>\n<meta name=\"twitter:card\" content=\"summary_large_image\" \/>\n<meta name=\"twitter:label1\" content=\"Verfasst von\" \/>\n\t<meta name=\"twitter:data1\" content=\"georg.blenk@krafthand-medien.de\" \/>\n\t<meta name=\"twitter:label2\" content=\"Gesch\u00e4tzte Lesezeit\" \/>\n\t<meta name=\"twitter:data2\" content=\"1\u00a0Minute\" \/>\n<script type=\"application\/ld+json\" class=\"yoast-schema-graph\">{\"@context\":\"https:\\\/\\\/schema.org\",\"@graph\":[{\"@type\":\"Article\",\"@id\":\"https:\\\/\\\/www.krafthand.de\\\/truck\\\/artikel\\\/bpw-spatenstich-fuer-neue-produktionshalle-in-wiehl-46032\\\/#article\",\"isPartOf\":{\"@id\":\"https:\\\/\\\/www.krafthand.de\\\/truck\\\/artikel\\\/bpw-spatenstich-fuer-neue-produktionshalle-in-wiehl-46032\\\/\"},\"author\":{\"name\":\"georg.blenk@krafthand-medien.de\",\"@id\":\"https:\\\/\\\/www.krafthand.de\\\/truck\\\/#\\\/schema\\\/person\\\/51fa80b1c57034c4bf63f9f988fc24ce\"},\"headline\":\"BPW: Spatenstich f\u00fcr neue Produktionshalle in Wiehl\",\"datePublished\":\"2026-04-14T13:58:27+00:00\",\"dateModified\":\"2026-04-14T13:58:59+00:00\",\"mainEntityOfPage\":{\"@id\":\"https:\\\/\\\/www.krafthand.de\\\/truck\\\/artikel\\\/bpw-spatenstich-fuer-neue-produktionshalle-in-wiehl-46032\\\/\"},\"wordCount\":149,\"image\":{\"@id\":\"https:\\\/\\\/www.krafthand.de\\\/truck\\\/artikel\\\/bpw-spatenstich-fuer-neue-produktionshalle-in-wiehl-46032\\\/#primaryimage\"},\"thumbnailUrl\":\"https:\\\/\\\/static.krafthand-truck.de\\\/uploads\\\/2026\\\/04\\\/BPW_Spatenstich_Produktionshalle_Wiehl.jpg\",\"keywords\":[\"BPW\"],\"articleSection\":[\"Unternehmen\"],\"inLanguage\":\"de\"},{\"@type\":\"WebPage\",\"@id\":\"https:\\\/\\\/www.krafthand.de\\\/truck\\\/artikel\\\/bpw-spatenstich-fuer-neue-produktionshalle-in-wiehl-46032\\\/\",\"url\":\"https:\\\/\\\/www.krafthand.de\\\/truck\\\/artikel\\\/bpw-spatenstich-fuer-neue-produktionshalle-in-wiehl-46032\\\/\",\"name\":\"BPW: Spatenstich f\u00fcr neue Produktionshalle in Wiehl - Krafthand-Truck\",\"isPartOf\":{\"@id\":\"https:\\\/\\\/www.krafthand.de\\\/truck\\\/#website\"},\"primaryImageOfPage\":{\"@id\":\"https:\\\/\\\/www.krafthand.de\\\/truck\\\/artikel\\\/bpw-spatenstich-fuer-neue-produktionshalle-in-wiehl-46032\\\/#primaryimage\"},\"image\":{\"@id\":\"https:\\\/\\\/www.krafthand.de\\\/truck\\\/artikel\\\/bpw-spatenstich-fuer-neue-produktionshalle-in-wiehl-46032\\\/#primaryimage\"},\"thumbnailUrl\":\"https:\\\/\\\/static.krafthand-truck.de\\\/uploads\\\/2026\\\/04\\\/BPW_Spatenstich_Produktionshalle_Wiehl.jpg\",\"datePublished\":\"2026-04-14T13:58:27+00:00\",\"dateModified\":\"2026-04-14T13:58:59+00:00\",\"author\":{\"@id\":\"https:\\\/\\\/www.krafthand.de\\\/truck\\\/#\\\/schema\\\/person\\\/51fa80b1c57034c4bf63f9f988fc24ce\"},\"description\":\"Die BPW Bergische Achsen KG hat mit einem symbolischen Spatenstich den Start der Bauphase f\u00fcr eine neue Fertigungshalle in Wiehl markiert.\",\"breadcrumb\":{\"@id\":\"https:\\\/\\\/www.krafthand.de\\\/truck\\\/artikel\\\/bpw-spatenstich-fuer-neue-produktionshalle-in-wiehl-46032\\\/#breadcrumb\"},\"inLanguage\":\"de\",\"potentialAction\":[{\"@type\":\"ReadAction\",\"target\":[\"https:\\\/\\\/www.krafthand.de\\\/truck\\\/artikel\\\/bpw-spatenstich-fuer-neue-produktionshalle-in-wiehl-46032\\\/\"]}]},{\"@type\":\"ImageObject\",\"inLanguage\":\"de\",\"@id\":\"https:\\\/\\\/www.krafthand.de\\\/truck\\\/artikel\\\/bpw-spatenstich-fuer-neue-produktionshalle-in-wiehl-46032\\\/#primaryimage\",\"url\":\"https:\\\/\\\/static.krafthand-truck.de\\\/uploads\\\/2026\\\/04\\\/BPW_Spatenstich_Produktionshalle_Wiehl.jpg\",\"contentUrl\":\"https:\\\/\\\/static.krafthand-truck.de\\\/uploads\\\/2026\\\/04\\\/BPW_Spatenstich_Produktionshalle_Wiehl.jpg\",\"width\":1200,\"height\":562},{\"@type\":\"BreadcrumbList\",\"@id\":\"https:\\\/\\\/www.krafthand.de\\\/truck\\\/artikel\\\/bpw-spatenstich-fuer-neue-produktionshalle-in-wiehl-46032\\\/#breadcrumb\",\"itemListElement\":[{\"@type\":\"ListItem\",\"position\":1,\"name\":\"Krafthand-Truck\",\"item\":\"https:\\\/\\\/www.krafthand.de\\\/truck\\\/\"},{\"@type\":\"ListItem\",\"position\":2,\"name\":\"Nfz-Branche\",\"item\":\"https:\\\/\\\/www.krafthand.de\\\/truck\\\/kategorie\\\/branche\\\/\"},{\"@type\":\"ListItem\",\"position\":3,\"name\":\"Unternehmen\",\"item\":\"https:\\\/\\\/www.krafthand.de\\\/truck\\\/kategorie\\\/branche\\\/unternehmen\\\/\"},{\"@type\":\"ListItem\",\"position\":4,\"name\":\"BPW: Spatenstich f\u00fcr neue Produktionshalle in Wiehl\"}]},{\"@type\":\"WebSite\",\"@id\":\"https:\\\/\\\/www.krafthand.de\\\/truck\\\/#website\",\"url\":\"https:\\\/\\\/www.krafthand.de\\\/truck\\\/\",\"name\":\"Krafthand-Truck\",\"description\":\"\",\"potentialAction\":[{\"@type\":\"SearchAction\",\"target\":{\"@type\":\"EntryPoint\",\"urlTemplate\":\"https:\\\/\\\/www.krafthand.de\\\/truck\\\/?s={search_term_string}\"},\"query-input\":{\"@type\":\"PropertyValueSpecification\",\"valueRequired\":true,\"valueName\":\"search_term_string\"}}],\"inLanguage\":\"de\"},{\"@type\":\"Person\",\"@id\":\"https:\\\/\\\/www.krafthand.de\\\/truck\\\/#\\\/schema\\\/person\\\/51fa80b1c57034c4bf63f9f988fc24ce\",\"name\":\"georg.blenk@krafthand-medien.de\",\"image\":{\"@type\":\"ImageObject\",\"inLanguage\":\"de\",\"@id\":\"https:\\\/\\\/secure.gravatar.com\\\/avatar\\\/93713c30affe0aa95d3a4130e499bb1abee2eb31adbdd9ce2aa1543538490215?s=96&d=mm&r=g\",\"url\":\"https:\\\/\\\/secure.gravatar.com\\\/avatar\\\/93713c30affe0aa95d3a4130e499bb1abee2eb31adbdd9ce2aa1543538490215?s=96&d=mm&r=g\",\"contentUrl\":\"https:\\\/\\\/secure.gravatar.com\\\/avatar\\\/93713c30affe0aa95d3a4130e499bb1abee2eb31adbdd9ce2aa1543538490215?s=96&d=mm&r=g\",\"caption\":\"georg.blenk@krafthand-medien.de\"}}]}<\/script>\n<!-- \/ Yoast SEO plugin. -->","yoast_head_json":{"title":"BPW: Spatenstich f\u00fcr neue Produktionshalle in Wiehl - Krafthand-Truck","description":"Die BPW Bergische Achsen KG hat mit einem symbolischen Spatenstich den Start der Bauphase f\u00fcr eine neue Fertigungshalle in Wiehl markiert.","robots":{"index":"index","follow":"follow","max-snippet":"max-snippet:-1","max-image-preview":"max-image-preview:large","max-video-preview":"max-video-preview:-1"},"canonical":"https:\/\/www.krafthand.de\/truck\/artikel\/bpw-spatenstich-fuer-neue-produktionshalle-in-wiehl-46032\/","og_locale":"de_DE","og_type":"article","og_title":"BPW: Spatenstich f\u00fcr neue Produktionshalle in Wiehl - Krafthand-Truck","og_description":"Die BPW Bergische Achsen KG hat mit einem symbolischen Spatenstich den Start der Bauphase f\u00fcr eine neue Fertigungshalle in Wiehl markiert.","og_url":"https:\/\/www.krafthand-truck.de\/artikel\/bpw-spatenstich-fuer-neue-produktionshalle-in-wiehl-46032\/","og_site_name":"Krafthand-Truck","article_published_time":"2026-04-14T13:58:27+00:00","article_modified_time":"2026-04-14T13:58:59+00:00","og_image":[{"width":1200,"height":562,"url":"https:\/\/static.krafthand-truck.de\/uploads\/2026\/04\/BPW_Spatenstich_Produktionshalle_Wiehl.jpg","type":"image\/jpeg"}],"author":"georg.blenk@krafthand-medien.de","twitter_card":"summary_large_image","twitter_misc":{"Verfasst von":"georg.blenk@krafthand-medien.de","Gesch\u00e4tzte Lesezeit":"1\u00a0Minute"},"schema":{"@context":"https:\/\/schema.org","@graph":[{"@type":"Article","@id":"https:\/\/www.krafthand.de\/truck\/artikel\/bpw-spatenstich-fuer-neue-produktionshalle-in-wiehl-46032\/#article","isPartOf":{"@id":"https:\/\/www.krafthand.de\/truck\/artikel\/bpw-spatenstich-fuer-neue-produktionshalle-in-wiehl-46032\/"},"author":{"name":"georg.blenk@krafthand-medien.de","@id":"https:\/\/www.krafthand.de\/truck\/#\/schema\/person\/51fa80b1c57034c4bf63f9f988fc24ce"},"headline":"BPW: Spatenstich f\u00fcr neue Produktionshalle in Wiehl","datePublished":"2026-04-14T13:58:27+00:00","dateModified":"2026-04-14T13:58:59+00:00","mainEntityOfPage":{"@id":"https:\/\/www.krafthand.de\/truck\/artikel\/bpw-spatenstich-fuer-neue-produktionshalle-in-wiehl-46032\/"},"wordCount":149,"image":{"@id":"https:\/\/www.krafthand.de\/truck\/artikel\/bpw-spatenstich-fuer-neue-produktionshalle-in-wiehl-46032\/#primaryimage"},"thumbnailUrl":"https:\/\/static.krafthand-truck.de\/uploads\/2026\/04\/BPW_Spatenstich_Produktionshalle_Wiehl.jpg","keywords":["BPW"],"articleSection":["Unternehmen"],"inLanguage":"de"},{"@type":"WebPage","@id":"https:\/\/www.krafthand.de\/truck\/artikel\/bpw-spatenstich-fuer-neue-produktionshalle-in-wiehl-46032\/","url":"https:\/\/www.krafthand.de\/truck\/artikel\/bpw-spatenstich-fuer-neue-produktionshalle-in-wiehl-46032\/","name":"BPW: Spatenstich f\u00fcr neue Produktionshalle in Wiehl - Krafthand-Truck","isPartOf":{"@id":"https:\/\/www.krafthand.de\/truck\/#website"},"primaryImageOfPage":{"@id":"https:\/\/www.krafthand.de\/truck\/artikel\/bpw-spatenstich-fuer-neue-produktionshalle-in-wiehl-46032\/#primaryimage"},"image":{"@id":"https:\/\/www.krafthand.de\/truck\/artikel\/bpw-spatenstich-fuer-neue-produktionshalle-in-wiehl-46032\/#primaryimage"},"thumbnailUrl":"https:\/\/static.krafthand-truck.de\/uploads\/2026\/04\/BPW_Spatenstich_Produktionshalle_Wiehl.jpg","datePublished":"2026-04-14T13:58:27+00:00","dateModified":"2026-04-14T13:58:59+00:00","author":{"@id":"https:\/\/www.krafthand.de\/truck\/#\/schema\/person\/51fa80b1c57034c4bf63f9f988fc24ce"},"description":"Die BPW Bergische Achsen KG hat mit einem symbolischen Spatenstich den Start der Bauphase f\u00fcr eine neue Fertigungshalle in Wiehl markiert.","breadcrumb":{"@id":"https:\/\/www.krafthand.de\/truck\/artikel\/bpw-spatenstich-fuer-neue-produktionshalle-in-wiehl-46032\/#breadcrumb"},"inLanguage":"de","potentialAction":[{"@type":"ReadAction","target":["https:\/\/www.krafthand.de\/truck\/artikel\/bpw-spatenstich-fuer-neue-produktionshalle-in-wiehl-46032\/"]}]},{"@type":"ImageObject","inLanguage":"de","@id":"https:\/\/www.krafthand.de\/truck\/artikel\/bpw-spatenstich-fuer-neue-produktionshalle-in-wiehl-46032\/#primaryimage","url":"https:\/\/static.krafthand-truck.de\/uploads\/2026\/04\/BPW_Spatenstich_Produktionshalle_Wiehl.jpg","contentUrl":"https:\/\/static.krafthand-truck.de\/uploads\/2026\/04\/BPW_Spatenstich_Produktionshalle_Wiehl.jpg","width":1200,"height":562},{"@type":"BreadcrumbList","@id":"https:\/\/www.krafthand.de\/truck\/artikel\/bpw-spatenstich-fuer-neue-produktionshalle-in-wiehl-46032\/#breadcrumb","itemListElement":[{"@type":"ListItem","position":1,"name":"Krafthand-Truck","item":"https:\/\/www.krafthand.de\/truck\/"},{"@type":"ListItem","position":2,"name":"Nfz-Branche","item":"https:\/\/www.krafthand.de\/truck\/kategorie\/branche\/"},{"@type":"ListItem","position":3,"name":"Unternehmen","item":"https:\/\/www.krafthand.de\/truck\/kategorie\/branche\/unternehmen\/"},{"@type":"ListItem","position":4,"name":"BPW: Spatenstich f\u00fcr neue Produktionshalle in Wiehl"}]},{"@type":"WebSite","@id":"https:\/\/www.krafthand.de\/truck\/#website","url":"https:\/\/www.krafthand.de\/truck\/","name":"Krafthand-Truck","description":"","potentialAction":[{"@type":"SearchAction","target":{"@type":"EntryPoint","urlTemplate":"https:\/\/www.krafthand.de\/truck\/?s={search_term_string}"},"query-input":{"@type":"PropertyValueSpecification","valueRequired":true,"valueName":"search_term_string"}}],"inLanguage":"de"},{"@type":"Person","@id":"https:\/\/www.krafthand.de\/truck\/#\/schema\/person\/51fa80b1c57034c4bf63f9f988fc24ce","name":"georg.blenk@krafthand-medien.de","image":{"@type":"ImageObject","inLanguage":"de","@id":"https:\/\/secure.gravatar.com\/avatar\/93713c30affe0aa95d3a4130e499bb1abee2eb31adbdd9ce2aa1543538490215?s=96&d=mm&r=g","url":"https:\/\/secure.gravatar.com\/avatar\/93713c30affe0aa95d3a4130e499bb1abee2eb31adbdd9ce2aa1543538490215?s=96&d=mm&r=g","contentUrl":"https:\/\/secure.gravatar.com\/avatar\/93713c30affe0aa95d3a4130e499bb1abee2eb31adbdd9ce2aa1543538490215?s=96&d=mm&r=g","caption":"georg.blenk@krafthand-medien.de"}}]}},"_links":{"self":[{"href":"https:\/\/www.krafthand.de\/truck\/wp-json\/wp\/v2\/posts\/46032","targetHints":{"allow":["GET"]}}],"collection":[{"href":"https:\/\/www.krafthand.de\/truck\/wp-json\/wp\/v2\/posts"}],"about":[{"href":"https:\/\/www.krafthand.de\/truck\/wp-json\/wp\/v2\/types\/post"}],"author":[{"embeddable":true,"href":"https:\/\/www.krafthand.de\/truck\/wp-json\/wp\/v2\/users\/9"}],"replies":[{"embeddable":true,"href":"https:\/\/www.krafthand.de\/truck\/wp-json\/wp\/v2\/comments?post=46032"}],"version-history":[{"count":6,"href":"https:\/\/www.krafthand.de\/truck\/wp-json\/wp\/v2\/posts\/46032\/revisions"}],"predecessor-version":[{"id":46039,"href":"https:\/\/www.krafthand.de\/truck\/wp-json\/wp\/v2\/posts\/46032\/revisions\/46039"}],"wp:featuredmedia":[{"embeddable":true,"href":"https:\/\/www.krafthand.de\/truck\/wp-json\/wp\/v2\/media\/46035"}],"wp:attachment":[{"href":"https:\/\/www.krafthand.de\/truck\/wp-json\/wp\/v2\/media?parent=46032"}],"wp:term":[{"taxonomy":"category","embeddable":true,"href":"https:\/\/www.krafthand.de\/truck\/wp-json\/wp\/v2\/categories?post=46032"},{"taxonomy":"post_tag","embeddable":true,"href":"https:\/\/www.krafthand.de\/truck\/wp-json\/wp\/v2\/tags?post=46032"},{"taxonomy":"settings","embeddable":true,"href":"https:\/\/www.krafthand.de\/truck\/wp-json\/wp\/v2\/settings?post=46032"}],"curies":[{"name":"wp","href":"https:\/\/api.w.org\/{rel}","templated":true}]}}