{"id":46020,"date":"2026-04-14T10:14:51","date_gmt":"2026-04-14T08:14:51","guid":{"rendered":"https:\/\/www.krafthand.de\/truck\/?p=46020"},"modified":"2026-04-14T10:30:47","modified_gmt":"2026-04-14T08:30:47","slug":"traton-group-mit-verhaltenem-start-man-mit-vierzehn-prozent-plus","status":"publish","type":"post","link":"https:\/\/www.krafthand.de\/truck\/artikel\/traton-group-mit-verhaltenem-start-man-mit-vierzehn-prozent-plus-46020\/","title":{"rendered":"TRATON Group insgesamt mit verhaltenem Start, MAN mit vierzehn Prozent plus"},"content":{"rendered":"<p>Die TRATON Group (MAN, Scania, International, Volkswagen Truck+Bus) vermeldet einen verhaltenen Start ins Jahr 2026. Im ersten Quartal 2026 wurden von den TRATON-Marken \u2013 auf Basis vorl\u00e4ufiger Zahlen \u2013 insgesamt 68.600 Fahrzeuge ausgeliefert, sechs Prozent weniger als im Vorjahresquartal. Bei vollelektrischen Fahrzeugen stieg der Absatz hingegen um 38 Prozent an. MAN erreicht ein Absatzplus gegen\u00fcber dem Vorjahresquartal von 14 Prozent.<\/p>\n<ul>\n<li>Scania hat im ersten Quartal 2026 insgesamt sechs Prozent weniger Fahrzeuge abgesetzt als im Vorjahresquartal, belastet von einem starken Absatzr\u00fcckgang in S\u00fcdamerika, vor allem in Brasilien.<\/li>\n<li>Bei MAN Truck &amp; Bus legte der Absatz vor dem Hintergrund guter europ\u00e4ischer Auftragseing\u00e4nge in den Vormonaten um 14 Prozent gegen\u00fcber dem eher schwachen Vorjahresquartal zu.<\/li>\n<li>International hat seinen Fahrzeugabsatz gegen\u00fcber dem Vorjahresquartal um rund ein F\u00fcnftel verringert. Der US-Markt zeigte zuletzt vielversprechende Anzeichen einer Belebung der Kundennachfrage, die sich aber noch nicht im Absatz ausgewirkt haben.<\/li>\n<li>Volkswagen Truck &amp; Bus hat im ersten Quartal 2026 aufgrund der anhaltend schwierigen Marktlage in S\u00fcdamerika 20 Prozent weniger Fahrzeuge abgesetzt als im Vorjahresquartal.<\/li>\n<\/ul>\n<p>Der finale Quartalsbericht der <a href=\"https:\/\/traton.com\/de.html\" target=\"_blank\" rel=\"noopener\">TRATON Group<\/a> ist ab dem 29. April 2026 <a href=\"https:\/\/ir.traton.com\/de\/publikationen\/\" target=\"_blank\" rel=\"noopener\">hier zu finden<\/a>.<\/p>\n<p>&nbsp;<\/p>\n<p>&nbsp;<\/p>\n","protected":false},"excerpt":{"rendered":"<p>Die TRATON Group (MAN, Scania, International, Volkswagen Truck+Bus) vermeldet einen verhaltenen Start ins Jahr 2026. Im ersten Quartal 2026 wurden von den TRATON-Marken \u2013 auf Basis vorl\u00e4ufiger Zahlen \u2013 insgesamt 68.600 Fahrzeuge ausgeliefert, sechs Prozent weniger als im Vorjahresquartal. <span class=\"excerpt-more__dots\">&#8230;<\/span> <a class=\"excerpt-more__link\" href=\"https:\/\/www.krafthand.de\/truck\/artikel\/traton-group-mit-verhaltenem-start-man-mit-vierzehn-prozent-plus-46020\/\" >weiter<\/a><\/p>\n","protected":false},"author":9,"featured_media":46029,"comment_status":"closed","ping_status":"closed","sticky":false,"template":"","format":"standard","meta":{"footnotes":""},"categories":[4915,4235],"tags":[6283,136,4250,518],"settings":[4766,3523],"class_list":["post-46020","post","type-post","status-publish","format-standard","has-post-thumbnail","hentry","category-neue-fahrzeuge","category-unternehmen","tag-man-truckbus","tag-scania","tag-traton","tag-volkswagen"],"yoast_head":"<!-- This site is optimized with the Yoast SEO plugin v27.3 - https:\/\/yoast.com\/product\/yoast-seo-wordpress\/ -->\n<title>TRATON Group insgesamt mit verhaltenem Start, MAN mit vierzehn Prozent plus - Krafthand-Truck<\/title>\n<meta name=\"description\" content=\"Die TRATON Group vermeldet einen verhaltenen Start ins Jahr 2026. Im ersten Quartal 2026 wurden 68.600 Fahrzeuge ausgeliefert, sechs Prozent weniger als im Vorjahresquartal.\" \/>\n<meta name=\"robots\" content=\"index, follow, max-snippet:-1, max-image-preview:large, max-video-preview:-1\" \/>\n<link rel=\"canonical\" href=\"https:\/\/www.krafthand.de\/truck\/artikel\/traton-group-mit-verhaltenem-start-man-mit-vierzehn-prozent-plus-46020\/\" \/>\n<meta property=\"og:locale\" content=\"de_DE\" \/>\n<meta property=\"og:type\" content=\"article\" \/>\n<meta property=\"og:title\" content=\"TRATON Group insgesamt mit verhaltenem Start, MAN mit vierzehn Prozent plus - Krafthand-Truck\" \/>\n<meta property=\"og:description\" content=\"Die TRATON Group vermeldet einen verhaltenen Start ins Jahr 2026. Im ersten Quartal 2026 wurden 68.600 Fahrzeuge ausgeliefert, sechs Prozent weniger als im Vorjahresquartal.\" \/>\n<meta property=\"og:url\" content=\"https:\/\/www.krafthand-truck.de\/artikel\/traton-group-mit-verhaltenem-start-man-mit-vierzehn-prozent-plus-46020\/\" \/>\n<meta property=\"og:site_name\" content=\"Krafthand-Truck\" \/>\n<meta property=\"article:published_time\" content=\"2026-04-14T08:14:51+00:00\" \/>\n<meta property=\"article:modified_time\" content=\"2026-04-14T08:30:47+00:00\" \/>\n<meta property=\"og:image\" content=\"https:\/\/static.krafthand-truck.de\/uploads\/2026\/04\/Traton_Group_Logo.jpg\" \/>\n\t<meta property=\"og:image:width\" content=\"1032\" \/>\n\t<meta property=\"og:image:height\" content=\"430\" \/>\n\t<meta property=\"og:image:type\" content=\"image\/jpeg\" \/>\n<meta name=\"author\" content=\"georg.blenk@krafthand-medien.de\" \/>\n<meta name=\"twitter:card\" content=\"summary_large_image\" \/>\n<meta name=\"twitter:label1\" content=\"Verfasst von\" \/>\n\t<meta name=\"twitter:data1\" content=\"georg.blenk@krafthand-medien.de\" \/>\n\t<meta name=\"twitter:label2\" content=\"Gesch\u00e4tzte Lesezeit\" \/>\n\t<meta name=\"twitter:data2\" content=\"2\u00a0Minuten\" \/>\n<script type=\"application\/ld+json\" class=\"yoast-schema-graph\">{\"@context\":\"https:\\\/\\\/schema.org\",\"@graph\":[{\"@type\":\"Article\",\"@id\":\"https:\\\/\\\/www.krafthand.de\\\/truck\\\/artikel\\\/traton-group-mit-verhaltenem-start-man-mit-vierzehn-prozent-plus-46020\\\/#article\",\"isPartOf\":{\"@id\":\"https:\\\/\\\/www.krafthand.de\\\/truck\\\/artikel\\\/traton-group-mit-verhaltenem-start-man-mit-vierzehn-prozent-plus-46020\\\/\"},\"author\":{\"name\":\"georg.blenk@krafthand-medien.de\",\"@id\":\"https:\\\/\\\/www.krafthand.de\\\/truck\\\/#\\\/schema\\\/person\\\/51fa80b1c57034c4bf63f9f988fc24ce\"},\"headline\":\"TRATON Group insgesamt mit verhaltenem Start, MAN mit vierzehn Prozent plus\",\"datePublished\":\"2026-04-14T08:14:51+00:00\",\"dateModified\":\"2026-04-14T08:30:47+00:00\",\"mainEntityOfPage\":{\"@id\":\"https:\\\/\\\/www.krafthand.de\\\/truck\\\/artikel\\\/traton-group-mit-verhaltenem-start-man-mit-vierzehn-prozent-plus-46020\\\/\"},\"wordCount\":193,\"image\":{\"@id\":\"https:\\\/\\\/www.krafthand.de\\\/truck\\\/artikel\\\/traton-group-mit-verhaltenem-start-man-mit-vierzehn-prozent-plus-46020\\\/#primaryimage\"},\"thumbnailUrl\":\"https:\\\/\\\/static.krafthand-truck.de\\\/uploads\\\/2026\\\/04\\\/Traton_Group_Logo.jpg\",\"keywords\":[\"MAN Truck+Bus\",\"Scania\",\"Traton\",\"Volkswagen\"],\"articleSection\":[\"Neue Fahrzeuge\",\"Unternehmen\"],\"inLanguage\":\"de\"},{\"@type\":\"WebPage\",\"@id\":\"https:\\\/\\\/www.krafthand.de\\\/truck\\\/artikel\\\/traton-group-mit-verhaltenem-start-man-mit-vierzehn-prozent-plus-46020\\\/\",\"url\":\"https:\\\/\\\/www.krafthand.de\\\/truck\\\/artikel\\\/traton-group-mit-verhaltenem-start-man-mit-vierzehn-prozent-plus-46020\\\/\",\"name\":\"TRATON Group insgesamt mit verhaltenem Start, MAN mit vierzehn Prozent plus - Krafthand-Truck\",\"isPartOf\":{\"@id\":\"https:\\\/\\\/www.krafthand.de\\\/truck\\\/#website\"},\"primaryImageOfPage\":{\"@id\":\"https:\\\/\\\/www.krafthand.de\\\/truck\\\/artikel\\\/traton-group-mit-verhaltenem-start-man-mit-vierzehn-prozent-plus-46020\\\/#primaryimage\"},\"image\":{\"@id\":\"https:\\\/\\\/www.krafthand.de\\\/truck\\\/artikel\\\/traton-group-mit-verhaltenem-start-man-mit-vierzehn-prozent-plus-46020\\\/#primaryimage\"},\"thumbnailUrl\":\"https:\\\/\\\/static.krafthand-truck.de\\\/uploads\\\/2026\\\/04\\\/Traton_Group_Logo.jpg\",\"datePublished\":\"2026-04-14T08:14:51+00:00\",\"dateModified\":\"2026-04-14T08:30:47+00:00\",\"author\":{\"@id\":\"https:\\\/\\\/www.krafthand.de\\\/truck\\\/#\\\/schema\\\/person\\\/51fa80b1c57034c4bf63f9f988fc24ce\"},\"description\":\"Die TRATON Group vermeldet einen verhaltenen Start ins Jahr 2026. Im ersten Quartal 2026 wurden 68.600 Fahrzeuge ausgeliefert, sechs Prozent weniger als im Vorjahresquartal.\",\"breadcrumb\":{\"@id\":\"https:\\\/\\\/www.krafthand.de\\\/truck\\\/artikel\\\/traton-group-mit-verhaltenem-start-man-mit-vierzehn-prozent-plus-46020\\\/#breadcrumb\"},\"inLanguage\":\"de\",\"potentialAction\":[{\"@type\":\"ReadAction\",\"target\":[\"https:\\\/\\\/www.krafthand.de\\\/truck\\\/artikel\\\/traton-group-mit-verhaltenem-start-man-mit-vierzehn-prozent-plus-46020\\\/\"]}]},{\"@type\":\"ImageObject\",\"inLanguage\":\"de\",\"@id\":\"https:\\\/\\\/www.krafthand.de\\\/truck\\\/artikel\\\/traton-group-mit-verhaltenem-start-man-mit-vierzehn-prozent-plus-46020\\\/#primaryimage\",\"url\":\"https:\\\/\\\/static.krafthand-truck.de\\\/uploads\\\/2026\\\/04\\\/Traton_Group_Logo.jpg\",\"contentUrl\":\"https:\\\/\\\/static.krafthand-truck.de\\\/uploads\\\/2026\\\/04\\\/Traton_Group_Logo.jpg\",\"width\":1032,\"height\":430},{\"@type\":\"BreadcrumbList\",\"@id\":\"https:\\\/\\\/www.krafthand.de\\\/truck\\\/artikel\\\/traton-group-mit-verhaltenem-start-man-mit-vierzehn-prozent-plus-46020\\\/#breadcrumb\",\"itemListElement\":[{\"@type\":\"ListItem\",\"position\":1,\"name\":\"Krafthand-Truck\",\"item\":\"https:\\\/\\\/www.krafthand.de\\\/truck\\\/\"},{\"@type\":\"ListItem\",\"position\":2,\"name\":\"IT+Fuhrpark\",\"item\":\"https:\\\/\\\/www.krafthand.de\\\/truck\\\/kategorie\\\/fuhrpark\\\/\"},{\"@type\":\"ListItem\",\"position\":3,\"name\":\"Neue Fahrzeuge\",\"item\":\"https:\\\/\\\/www.krafthand.de\\\/truck\\\/kategorie\\\/fuhrpark\\\/neue-fahrzeuge\\\/\"},{\"@type\":\"ListItem\",\"position\":4,\"name\":\"TRATON Group insgesamt mit verhaltenem Start, MAN mit vierzehn Prozent plus\"}]},{\"@type\":\"WebSite\",\"@id\":\"https:\\\/\\\/www.krafthand.de\\\/truck\\\/#website\",\"url\":\"https:\\\/\\\/www.krafthand.de\\\/truck\\\/\",\"name\":\"Krafthand-Truck\",\"description\":\"\",\"potentialAction\":[{\"@type\":\"SearchAction\",\"target\":{\"@type\":\"EntryPoint\",\"urlTemplate\":\"https:\\\/\\\/www.krafthand.de\\\/truck\\\/?s={search_term_string}\"},\"query-input\":{\"@type\":\"PropertyValueSpecification\",\"valueRequired\":true,\"valueName\":\"search_term_string\"}}],\"inLanguage\":\"de\"},{\"@type\":\"Person\",\"@id\":\"https:\\\/\\\/www.krafthand.de\\\/truck\\\/#\\\/schema\\\/person\\\/51fa80b1c57034c4bf63f9f988fc24ce\",\"name\":\"georg.blenk@krafthand-medien.de\",\"image\":{\"@type\":\"ImageObject\",\"inLanguage\":\"de\",\"@id\":\"https:\\\/\\\/secure.gravatar.com\\\/avatar\\\/93713c30affe0aa95d3a4130e499bb1abee2eb31adbdd9ce2aa1543538490215?s=96&d=mm&r=g\",\"url\":\"https:\\\/\\\/secure.gravatar.com\\\/avatar\\\/93713c30affe0aa95d3a4130e499bb1abee2eb31adbdd9ce2aa1543538490215?s=96&d=mm&r=g\",\"contentUrl\":\"https:\\\/\\\/secure.gravatar.com\\\/avatar\\\/93713c30affe0aa95d3a4130e499bb1abee2eb31adbdd9ce2aa1543538490215?s=96&d=mm&r=g\",\"caption\":\"georg.blenk@krafthand-medien.de\"}}]}<\/script>\n<!-- \/ Yoast SEO plugin. -->","yoast_head_json":{"title":"TRATON Group insgesamt mit verhaltenem Start, MAN mit vierzehn Prozent plus - Krafthand-Truck","description":"Die TRATON Group vermeldet einen verhaltenen Start ins Jahr 2026. Im ersten Quartal 2026 wurden 68.600 Fahrzeuge ausgeliefert, sechs Prozent weniger als im Vorjahresquartal.","robots":{"index":"index","follow":"follow","max-snippet":"max-snippet:-1","max-image-preview":"max-image-preview:large","max-video-preview":"max-video-preview:-1"},"canonical":"https:\/\/www.krafthand.de\/truck\/artikel\/traton-group-mit-verhaltenem-start-man-mit-vierzehn-prozent-plus-46020\/","og_locale":"de_DE","og_type":"article","og_title":"TRATON Group insgesamt mit verhaltenem Start, MAN mit vierzehn Prozent plus - Krafthand-Truck","og_description":"Die TRATON Group vermeldet einen verhaltenen Start ins Jahr 2026. Im ersten Quartal 2026 wurden 68.600 Fahrzeuge ausgeliefert, sechs Prozent weniger als im Vorjahresquartal.","og_url":"https:\/\/www.krafthand-truck.de\/artikel\/traton-group-mit-verhaltenem-start-man-mit-vierzehn-prozent-plus-46020\/","og_site_name":"Krafthand-Truck","article_published_time":"2026-04-14T08:14:51+00:00","article_modified_time":"2026-04-14T08:30:47+00:00","og_image":[{"width":1032,"height":430,"url":"https:\/\/static.krafthand-truck.de\/uploads\/2026\/04\/Traton_Group_Logo.jpg","type":"image\/jpeg"}],"author":"georg.blenk@krafthand-medien.de","twitter_card":"summary_large_image","twitter_misc":{"Verfasst von":"georg.blenk@krafthand-medien.de","Gesch\u00e4tzte Lesezeit":"2\u00a0Minuten"},"schema":{"@context":"https:\/\/schema.org","@graph":[{"@type":"Article","@id":"https:\/\/www.krafthand.de\/truck\/artikel\/traton-group-mit-verhaltenem-start-man-mit-vierzehn-prozent-plus-46020\/#article","isPartOf":{"@id":"https:\/\/www.krafthand.de\/truck\/artikel\/traton-group-mit-verhaltenem-start-man-mit-vierzehn-prozent-plus-46020\/"},"author":{"name":"georg.blenk@krafthand-medien.de","@id":"https:\/\/www.krafthand.de\/truck\/#\/schema\/person\/51fa80b1c57034c4bf63f9f988fc24ce"},"headline":"TRATON Group insgesamt mit verhaltenem Start, MAN mit vierzehn Prozent plus","datePublished":"2026-04-14T08:14:51+00:00","dateModified":"2026-04-14T08:30:47+00:00","mainEntityOfPage":{"@id":"https:\/\/www.krafthand.de\/truck\/artikel\/traton-group-mit-verhaltenem-start-man-mit-vierzehn-prozent-plus-46020\/"},"wordCount":193,"image":{"@id":"https:\/\/www.krafthand.de\/truck\/artikel\/traton-group-mit-verhaltenem-start-man-mit-vierzehn-prozent-plus-46020\/#primaryimage"},"thumbnailUrl":"https:\/\/static.krafthand-truck.de\/uploads\/2026\/04\/Traton_Group_Logo.jpg","keywords":["MAN Truck+Bus","Scania","Traton","Volkswagen"],"articleSection":["Neue Fahrzeuge","Unternehmen"],"inLanguage":"de"},{"@type":"WebPage","@id":"https:\/\/www.krafthand.de\/truck\/artikel\/traton-group-mit-verhaltenem-start-man-mit-vierzehn-prozent-plus-46020\/","url":"https:\/\/www.krafthand.de\/truck\/artikel\/traton-group-mit-verhaltenem-start-man-mit-vierzehn-prozent-plus-46020\/","name":"TRATON Group insgesamt mit verhaltenem Start, MAN mit vierzehn Prozent plus - Krafthand-Truck","isPartOf":{"@id":"https:\/\/www.krafthand.de\/truck\/#website"},"primaryImageOfPage":{"@id":"https:\/\/www.krafthand.de\/truck\/artikel\/traton-group-mit-verhaltenem-start-man-mit-vierzehn-prozent-plus-46020\/#primaryimage"},"image":{"@id":"https:\/\/www.krafthand.de\/truck\/artikel\/traton-group-mit-verhaltenem-start-man-mit-vierzehn-prozent-plus-46020\/#primaryimage"},"thumbnailUrl":"https:\/\/static.krafthand-truck.de\/uploads\/2026\/04\/Traton_Group_Logo.jpg","datePublished":"2026-04-14T08:14:51+00:00","dateModified":"2026-04-14T08:30:47+00:00","author":{"@id":"https:\/\/www.krafthand.de\/truck\/#\/schema\/person\/51fa80b1c57034c4bf63f9f988fc24ce"},"description":"Die TRATON Group vermeldet einen verhaltenen Start ins Jahr 2026. Im ersten Quartal 2026 wurden 68.600 Fahrzeuge ausgeliefert, sechs Prozent weniger als im Vorjahresquartal.","breadcrumb":{"@id":"https:\/\/www.krafthand.de\/truck\/artikel\/traton-group-mit-verhaltenem-start-man-mit-vierzehn-prozent-plus-46020\/#breadcrumb"},"inLanguage":"de","potentialAction":[{"@type":"ReadAction","target":["https:\/\/www.krafthand.de\/truck\/artikel\/traton-group-mit-verhaltenem-start-man-mit-vierzehn-prozent-plus-46020\/"]}]},{"@type":"ImageObject","inLanguage":"de","@id":"https:\/\/www.krafthand.de\/truck\/artikel\/traton-group-mit-verhaltenem-start-man-mit-vierzehn-prozent-plus-46020\/#primaryimage","url":"https:\/\/static.krafthand-truck.de\/uploads\/2026\/04\/Traton_Group_Logo.jpg","contentUrl":"https:\/\/static.krafthand-truck.de\/uploads\/2026\/04\/Traton_Group_Logo.jpg","width":1032,"height":430},{"@type":"BreadcrumbList","@id":"https:\/\/www.krafthand.de\/truck\/artikel\/traton-group-mit-verhaltenem-start-man-mit-vierzehn-prozent-plus-46020\/#breadcrumb","itemListElement":[{"@type":"ListItem","position":1,"name":"Krafthand-Truck","item":"https:\/\/www.krafthand.de\/truck\/"},{"@type":"ListItem","position":2,"name":"IT+Fuhrpark","item":"https:\/\/www.krafthand.de\/truck\/kategorie\/fuhrpark\/"},{"@type":"ListItem","position":3,"name":"Neue Fahrzeuge","item":"https:\/\/www.krafthand.de\/truck\/kategorie\/fuhrpark\/neue-fahrzeuge\/"},{"@type":"ListItem","position":4,"name":"TRATON Group insgesamt mit verhaltenem Start, MAN mit vierzehn Prozent plus"}]},{"@type":"WebSite","@id":"https:\/\/www.krafthand.de\/truck\/#website","url":"https:\/\/www.krafthand.de\/truck\/","name":"Krafthand-Truck","description":"","potentialAction":[{"@type":"SearchAction","target":{"@type":"EntryPoint","urlTemplate":"https:\/\/www.krafthand.de\/truck\/?s={search_term_string}"},"query-input":{"@type":"PropertyValueSpecification","valueRequired":true,"valueName":"search_term_string"}}],"inLanguage":"de"},{"@type":"Person","@id":"https:\/\/www.krafthand.de\/truck\/#\/schema\/person\/51fa80b1c57034c4bf63f9f988fc24ce","name":"georg.blenk@krafthand-medien.de","image":{"@type":"ImageObject","inLanguage":"de","@id":"https:\/\/secure.gravatar.com\/avatar\/93713c30affe0aa95d3a4130e499bb1abee2eb31adbdd9ce2aa1543538490215?s=96&d=mm&r=g","url":"https:\/\/secure.gravatar.com\/avatar\/93713c30affe0aa95d3a4130e499bb1abee2eb31adbdd9ce2aa1543538490215?s=96&d=mm&r=g","contentUrl":"https:\/\/secure.gravatar.com\/avatar\/93713c30affe0aa95d3a4130e499bb1abee2eb31adbdd9ce2aa1543538490215?s=96&d=mm&r=g","caption":"georg.blenk@krafthand-medien.de"}}]}},"_links":{"self":[{"href":"https:\/\/www.krafthand.de\/truck\/wp-json\/wp\/v2\/posts\/46020","targetHints":{"allow":["GET"]}}],"collection":[{"href":"https:\/\/www.krafthand.de\/truck\/wp-json\/wp\/v2\/posts"}],"about":[{"href":"https:\/\/www.krafthand.de\/truck\/wp-json\/wp\/v2\/types\/post"}],"author":[{"embeddable":true,"href":"https:\/\/www.krafthand.de\/truck\/wp-json\/wp\/v2\/users\/9"}],"replies":[{"embeddable":true,"href":"https:\/\/www.krafthand.de\/truck\/wp-json\/wp\/v2\/comments?post=46020"}],"version-history":[{"count":10,"href":"https:\/\/www.krafthand.de\/truck\/wp-json\/wp\/v2\/posts\/46020\/revisions"}],"predecessor-version":[{"id":46031,"href":"https:\/\/www.krafthand.de\/truck\/wp-json\/wp\/v2\/posts\/46020\/revisions\/46031"}],"wp:featuredmedia":[{"embeddable":true,"href":"https:\/\/www.krafthand.de\/truck\/wp-json\/wp\/v2\/media\/46029"}],"wp:attachment":[{"href":"https:\/\/www.krafthand.de\/truck\/wp-json\/wp\/v2\/media?parent=46020"}],"wp:term":[{"taxonomy":"category","embeddable":true,"href":"https:\/\/www.krafthand.de\/truck\/wp-json\/wp\/v2\/categories?post=46020"},{"taxonomy":"post_tag","embeddable":true,"href":"https:\/\/www.krafthand.de\/truck\/wp-json\/wp\/v2\/tags?post=46020"},{"taxonomy":"settings","embeddable":true,"href":"https:\/\/www.krafthand.de\/truck\/wp-json\/wp\/v2\/settings?post=46020"}],"curies":[{"name":"wp","href":"https:\/\/api.w.org\/{rel}","templated":true}]}}