{"id":46008,"date":"2026-04-14T09:51:08","date_gmt":"2026-04-14T07:51:08","guid":{"rendered":"https:\/\/www.krafthand.de\/truck\/?p=46008"},"modified":"2026-04-14T09:53:59","modified_gmt":"2026-04-14T07:53:59","slug":"achsvermessung-neue-cam-aligner-kits-und-aufbewahrungsloesungen","status":"publish","type":"post","link":"https:\/\/www.krafthand.de\/truck\/artikel\/achsvermessung-neue-cam-aligner-kits-und-aufbewahrungsloesungen-46008\/","title":{"rendered":"Achsvermessung: Neue Cam-Aligner-Kits und Storagel\u00f6sungen"},"content":{"rendered":"<p>Der Spezialist f\u00fcr Nfz-Achsvermessung JOSAM hat drei neue Kits f\u00fcr das Vermessungssystem Cam-Aligner sowie passende Aufbewahrungsl\u00f6sungen vorgestellt. Die drei Varianten MASTER, PRO und CORE seien jeweils den verschiedenen Kundenbed\u00fcrfnissen angepasst. Die Equipment-Zusammenstellung der Kits mache es f\u00fcr neue Kunden einfacher das Gesch\u00e4ftsmodell &#8218;Achsvermessung&#8216; in der eigenen Nfz-Werkstatt umzusetzen. Alle Kits sollen zudem mit einem neuen Aufbewahrungssystemen \u00fcberzeugen.<\/p>\n<p>Die MASTER-Variante wurde laut JOSAM f\u00fcr den Einsatz in Werkst\u00e4tten f\u00fcr Schwerlastfahrzeuge konzipiert und beinhaltet eine gro\u00dfe Anzahl an Zubeh\u00f6rteilen. Die PRO-Variante entspricht weitestgehend der bisher meistverkauften Ausf\u00fchrung. Die CORE-Konfiguration beinhaltet den klassische Rahmenmessger\u00e4te und Radadapter und ist als Einstiegsvariante gedacht. Zudem habe <a href=\"https:\/\/josam.se\/de\/\" target=\"_blank\" rel=\"noopener\">JOSAM<\/a> diverse Zubeh\u00f6r-Kits entwickelt, die die Vermessung von weiteren Fahrzeugtypen erm\u00f6glicht und Unebenheiten im Werkstattboden ausgleichen.<\/p>\n<p>Bei den Cam-Aligner MASTER- und PRO-Kits ist der Aufbewahrungsschrank WAS300\/21710 mit im Paket dabei. Zwei Schubladen mit Schaumstoffeinlagen sorgen f\u00fcr Ordnung am Arbeitsplatz. Eine Werkzeugwand bietet Platz f\u00fcr betriebsspezifische Werkzeuge oder Zubeh\u00f6r. Zus\u00e4tzlich wurde mehr Stauraum geschaffen f\u00fcr Spur-Einstellplatten (AM268) f\u00fcr alle Modelle, Auffahrrampen und Ausgleichsplatten.<\/p>\n<p><i>Den Beitrag finden Sie auch in der Print-Ausgabe 2-2026 der <a href=\"https:\/\/www.krafthand.de\/truck\/magazin\/\" title=\"Zum Magazin\">Krafthand-Truck<\/a>.<\/i><\/p>","protected":false},"excerpt":{"rendered":"<p>Der Spezialist f\u00fcr Nfz-Achsvermessung JOSAM hat drei neue Kits f\u00fcr das Vermessungssystem Cam-Aligner sowie passende Aufbewahrungsl\u00f6sungen vorgestellt. <span class=\"excerpt-more__dots\">&#8230;<\/span> <a class=\"excerpt-more__link\" href=\"https:\/\/www.krafthand.de\/truck\/artikel\/achsvermessung-neue-cam-aligner-kits-und-aufbewahrungsloesungen-46008\/\" >weiter<\/a><\/p>\n","protected":false},"author":9,"featured_media":46016,"comment_status":"closed","ping_status":"closed","sticky":false,"template":"","format":"standard","meta":{"footnotes":""},"categories":[4226,4220],"tags":[715,2537,2536],"settings":[4766,3523],"class_list":["post-46008","post","type-post","status-publish","format-standard","has-post-thumbnail","hentry","category-fahrwerk","category-werkstattausruestung","tag-achsvermessung","tag-josam","tag-josam-cam-aligner"],"yoast_head":"<!-- This site is optimized with the Yoast SEO plugin v27.3 - https:\/\/yoast.com\/product\/yoast-seo-wordpress\/ -->\n<title>Achsvermessung: Neue Cam-Aligner-Kits und Storagel\u00f6sungen - Krafthand-Truck<\/title>\n<meta name=\"description\" content=\"JOSAM hat drei neue Kits f\u00fcr das Vermessungssystem Cam-Aligner sowie passende Aufbewahrungsl\u00f6sungen vorgestellt.\" \/>\n<meta name=\"robots\" content=\"index, follow, max-snippet:-1, max-image-preview:large, max-video-preview:-1\" \/>\n<link rel=\"canonical\" href=\"https:\/\/www.krafthand.de\/truck\/artikel\/achsvermessung-neue-cam-aligner-kits-und-aufbewahrungsloesungen-46008\/\" \/>\n<meta property=\"og:locale\" content=\"de_DE\" \/>\n<meta property=\"og:type\" content=\"article\" \/>\n<meta property=\"og:title\" content=\"Achsvermessung: Neue Cam-Aligner-Kits und Storagel\u00f6sungen - Krafthand-Truck\" \/>\n<meta property=\"og:description\" content=\"JOSAM hat drei neue Kits f\u00fcr das Vermessungssystem Cam-Aligner sowie passende Aufbewahrungsl\u00f6sungen vorgestellt.\" \/>\n<meta property=\"og:url\" content=\"https:\/\/www.krafthand-truck.de\/artikel\/achsvermessung-neue-cam-aligner-kits-und-aufbewahrungsloesungen-46008\/\" \/>\n<meta property=\"og:site_name\" content=\"Krafthand-Truck\" \/>\n<meta property=\"article:published_time\" content=\"2026-04-14T07:51:08+00:00\" \/>\n<meta property=\"article:modified_time\" content=\"2026-04-14T07:53:59+00:00\" \/>\n<meta property=\"og:image\" content=\"https:\/\/static.krafthand-truck.de\/uploads\/2026\/04\/Josam_Achsvermessung_Cam_Alinger_Aufbewahrungsschrank.jpg\" \/>\n\t<meta property=\"og:image:width\" content=\"1200\" \/>\n\t<meta property=\"og:image:height\" content=\"1185\" \/>\n\t<meta property=\"og:image:type\" content=\"image\/jpeg\" \/>\n<meta name=\"author\" content=\"georg.blenk@krafthand-medien.de\" \/>\n<meta name=\"twitter:card\" content=\"summary_large_image\" \/>\n<meta name=\"twitter:label1\" content=\"Verfasst von\" \/>\n\t<meta name=\"twitter:data1\" content=\"georg.blenk@krafthand-medien.de\" \/>\n\t<meta name=\"twitter:label2\" content=\"Gesch\u00e4tzte Lesezeit\" \/>\n\t<meta name=\"twitter:data2\" content=\"2\u00a0Minuten\" \/>\n<script type=\"application\/ld+json\" class=\"yoast-schema-graph\">{\"@context\":\"https:\\\/\\\/schema.org\",\"@graph\":[{\"@type\":\"Article\",\"@id\":\"https:\\\/\\\/www.krafthand.de\\\/truck\\\/artikel\\\/achsvermessung-neue-cam-aligner-kits-und-aufbewahrungsloesungen-46008\\\/#article\",\"isPartOf\":{\"@id\":\"https:\\\/\\\/www.krafthand.de\\\/truck\\\/artikel\\\/achsvermessung-neue-cam-aligner-kits-und-aufbewahrungsloesungen-46008\\\/\"},\"author\":{\"name\":\"georg.blenk@krafthand-medien.de\",\"@id\":\"https:\\\/\\\/www.krafthand.de\\\/truck\\\/#\\\/schema\\\/person\\\/51fa80b1c57034c4bf63f9f988fc24ce\"},\"headline\":\"Achsvermessung: Neue Cam-Aligner-Kits und Storagel\u00f6sungen\",\"datePublished\":\"2026-04-14T07:51:08+00:00\",\"dateModified\":\"2026-04-14T07:53:59+00:00\",\"mainEntityOfPage\":{\"@id\":\"https:\\\/\\\/www.krafthand.de\\\/truck\\\/artikel\\\/achsvermessung-neue-cam-aligner-kits-und-aufbewahrungsloesungen-46008\\\/\"},\"wordCount\":189,\"image\":{\"@id\":\"https:\\\/\\\/www.krafthand.de\\\/truck\\\/artikel\\\/achsvermessung-neue-cam-aligner-kits-und-aufbewahrungsloesungen-46008\\\/#primaryimage\"},\"thumbnailUrl\":\"https:\\\/\\\/static.krafthand-truck.de\\\/uploads\\\/2026\\\/04\\\/Josam_Achsvermessung_Cam_Alinger_Aufbewahrungsschrank.jpg\",\"keywords\":[\"Achsvermessung\",\"Josam\",\"Josam Cam-Aligner\"],\"articleSection\":[\"Fahrwerk\\\/D\u00e4mpfung\",\"Werkstattausr\u00fcstung\"],\"inLanguage\":\"de\"},{\"@type\":\"WebPage\",\"@id\":\"https:\\\/\\\/www.krafthand.de\\\/truck\\\/artikel\\\/achsvermessung-neue-cam-aligner-kits-und-aufbewahrungsloesungen-46008\\\/\",\"url\":\"https:\\\/\\\/www.krafthand.de\\\/truck\\\/artikel\\\/achsvermessung-neue-cam-aligner-kits-und-aufbewahrungsloesungen-46008\\\/\",\"name\":\"Achsvermessung: Neue Cam-Aligner-Kits und Storagel\u00f6sungen - Krafthand-Truck\",\"isPartOf\":{\"@id\":\"https:\\\/\\\/www.krafthand.de\\\/truck\\\/#website\"},\"primaryImageOfPage\":{\"@id\":\"https:\\\/\\\/www.krafthand.de\\\/truck\\\/artikel\\\/achsvermessung-neue-cam-aligner-kits-und-aufbewahrungsloesungen-46008\\\/#primaryimage\"},\"image\":{\"@id\":\"https:\\\/\\\/www.krafthand.de\\\/truck\\\/artikel\\\/achsvermessung-neue-cam-aligner-kits-und-aufbewahrungsloesungen-46008\\\/#primaryimage\"},\"thumbnailUrl\":\"https:\\\/\\\/static.krafthand-truck.de\\\/uploads\\\/2026\\\/04\\\/Josam_Achsvermessung_Cam_Alinger_Aufbewahrungsschrank.jpg\",\"datePublished\":\"2026-04-14T07:51:08+00:00\",\"dateModified\":\"2026-04-14T07:53:59+00:00\",\"author\":{\"@id\":\"https:\\\/\\\/www.krafthand.de\\\/truck\\\/#\\\/schema\\\/person\\\/51fa80b1c57034c4bf63f9f988fc24ce\"},\"description\":\"JOSAM hat drei neue Kits f\u00fcr das Vermessungssystem Cam-Aligner sowie passende Aufbewahrungsl\u00f6sungen vorgestellt.\",\"breadcrumb\":{\"@id\":\"https:\\\/\\\/www.krafthand.de\\\/truck\\\/artikel\\\/achsvermessung-neue-cam-aligner-kits-und-aufbewahrungsloesungen-46008\\\/#breadcrumb\"},\"inLanguage\":\"de\",\"potentialAction\":[{\"@type\":\"ReadAction\",\"target\":[\"https:\\\/\\\/www.krafthand.de\\\/truck\\\/artikel\\\/achsvermessung-neue-cam-aligner-kits-und-aufbewahrungsloesungen-46008\\\/\"]}]},{\"@type\":\"ImageObject\",\"inLanguage\":\"de\",\"@id\":\"https:\\\/\\\/www.krafthand.de\\\/truck\\\/artikel\\\/achsvermessung-neue-cam-aligner-kits-und-aufbewahrungsloesungen-46008\\\/#primaryimage\",\"url\":\"https:\\\/\\\/static.krafthand-truck.de\\\/uploads\\\/2026\\\/04\\\/Josam_Achsvermessung_Cam_Alinger_Aufbewahrungsschrank.jpg\",\"contentUrl\":\"https:\\\/\\\/static.krafthand-truck.de\\\/uploads\\\/2026\\\/04\\\/Josam_Achsvermessung_Cam_Alinger_Aufbewahrungsschrank.jpg\",\"width\":1200,\"height\":1185},{\"@type\":\"BreadcrumbList\",\"@id\":\"https:\\\/\\\/www.krafthand.de\\\/truck\\\/artikel\\\/achsvermessung-neue-cam-aligner-kits-und-aufbewahrungsloesungen-46008\\\/#breadcrumb\",\"itemListElement\":[{\"@type\":\"ListItem\",\"position\":1,\"name\":\"Krafthand-Truck\",\"item\":\"https:\\\/\\\/www.krafthand.de\\\/truck\\\/\"},{\"@type\":\"ListItem\",\"position\":2,\"name\":\"Nfz-Service\",\"item\":\"https:\\\/\\\/www.krafthand.de\\\/truck\\\/kategorie\\\/nfz-service\\\/\"},{\"@type\":\"ListItem\",\"position\":3,\"name\":\"Werkstattausr\u00fcstung\",\"item\":\"https:\\\/\\\/www.krafthand.de\\\/truck\\\/kategorie\\\/nfz-service\\\/werkstattausruestung\\\/\"},{\"@type\":\"ListItem\",\"position\":4,\"name\":\"Achsvermessung: Neue Cam-Aligner-Kits und Storagel\u00f6sungen\"}]},{\"@type\":\"WebSite\",\"@id\":\"https:\\\/\\\/www.krafthand.de\\\/truck\\\/#website\",\"url\":\"https:\\\/\\\/www.krafthand.de\\\/truck\\\/\",\"name\":\"Krafthand-Truck\",\"description\":\"\",\"potentialAction\":[{\"@type\":\"SearchAction\",\"target\":{\"@type\":\"EntryPoint\",\"urlTemplate\":\"https:\\\/\\\/www.krafthand.de\\\/truck\\\/?s={search_term_string}\"},\"query-input\":{\"@type\":\"PropertyValueSpecification\",\"valueRequired\":true,\"valueName\":\"search_term_string\"}}],\"inLanguage\":\"de\"},{\"@type\":\"Person\",\"@id\":\"https:\\\/\\\/www.krafthand.de\\\/truck\\\/#\\\/schema\\\/person\\\/51fa80b1c57034c4bf63f9f988fc24ce\",\"name\":\"georg.blenk@krafthand-medien.de\",\"image\":{\"@type\":\"ImageObject\",\"inLanguage\":\"de\",\"@id\":\"https:\\\/\\\/secure.gravatar.com\\\/avatar\\\/93713c30affe0aa95d3a4130e499bb1abee2eb31adbdd9ce2aa1543538490215?s=96&d=mm&r=g\",\"url\":\"https:\\\/\\\/secure.gravatar.com\\\/avatar\\\/93713c30affe0aa95d3a4130e499bb1abee2eb31adbdd9ce2aa1543538490215?s=96&d=mm&r=g\",\"contentUrl\":\"https:\\\/\\\/secure.gravatar.com\\\/avatar\\\/93713c30affe0aa95d3a4130e499bb1abee2eb31adbdd9ce2aa1543538490215?s=96&d=mm&r=g\",\"caption\":\"georg.blenk@krafthand-medien.de\"}}]}<\/script>\n<!-- \/ Yoast SEO plugin. -->","yoast_head_json":{"title":"Achsvermessung: Neue Cam-Aligner-Kits und Storagel\u00f6sungen - Krafthand-Truck","description":"JOSAM hat drei neue Kits f\u00fcr das Vermessungssystem Cam-Aligner sowie passende Aufbewahrungsl\u00f6sungen vorgestellt.","robots":{"index":"index","follow":"follow","max-snippet":"max-snippet:-1","max-image-preview":"max-image-preview:large","max-video-preview":"max-video-preview:-1"},"canonical":"https:\/\/www.krafthand.de\/truck\/artikel\/achsvermessung-neue-cam-aligner-kits-und-aufbewahrungsloesungen-46008\/","og_locale":"de_DE","og_type":"article","og_title":"Achsvermessung: Neue Cam-Aligner-Kits und Storagel\u00f6sungen - Krafthand-Truck","og_description":"JOSAM hat drei neue Kits f\u00fcr das Vermessungssystem Cam-Aligner sowie passende Aufbewahrungsl\u00f6sungen vorgestellt.","og_url":"https:\/\/www.krafthand-truck.de\/artikel\/achsvermessung-neue-cam-aligner-kits-und-aufbewahrungsloesungen-46008\/","og_site_name":"Krafthand-Truck","article_published_time":"2026-04-14T07:51:08+00:00","article_modified_time":"2026-04-14T07:53:59+00:00","og_image":[{"width":1200,"height":1185,"url":"https:\/\/static.krafthand-truck.de\/uploads\/2026\/04\/Josam_Achsvermessung_Cam_Alinger_Aufbewahrungsschrank.jpg","type":"image\/jpeg"}],"author":"georg.blenk@krafthand-medien.de","twitter_card":"summary_large_image","twitter_misc":{"Verfasst von":"georg.blenk@krafthand-medien.de","Gesch\u00e4tzte Lesezeit":"2\u00a0Minuten"},"schema":{"@context":"https:\/\/schema.org","@graph":[{"@type":"Article","@id":"https:\/\/www.krafthand.de\/truck\/artikel\/achsvermessung-neue-cam-aligner-kits-und-aufbewahrungsloesungen-46008\/#article","isPartOf":{"@id":"https:\/\/www.krafthand.de\/truck\/artikel\/achsvermessung-neue-cam-aligner-kits-und-aufbewahrungsloesungen-46008\/"},"author":{"name":"georg.blenk@krafthand-medien.de","@id":"https:\/\/www.krafthand.de\/truck\/#\/schema\/person\/51fa80b1c57034c4bf63f9f988fc24ce"},"headline":"Achsvermessung: Neue Cam-Aligner-Kits und Storagel\u00f6sungen","datePublished":"2026-04-14T07:51:08+00:00","dateModified":"2026-04-14T07:53:59+00:00","mainEntityOfPage":{"@id":"https:\/\/www.krafthand.de\/truck\/artikel\/achsvermessung-neue-cam-aligner-kits-und-aufbewahrungsloesungen-46008\/"},"wordCount":189,"image":{"@id":"https:\/\/www.krafthand.de\/truck\/artikel\/achsvermessung-neue-cam-aligner-kits-und-aufbewahrungsloesungen-46008\/#primaryimage"},"thumbnailUrl":"https:\/\/static.krafthand-truck.de\/uploads\/2026\/04\/Josam_Achsvermessung_Cam_Alinger_Aufbewahrungsschrank.jpg","keywords":["Achsvermessung","Josam","Josam Cam-Aligner"],"articleSection":["Fahrwerk\/D\u00e4mpfung","Werkstattausr\u00fcstung"],"inLanguage":"de"},{"@type":"WebPage","@id":"https:\/\/www.krafthand.de\/truck\/artikel\/achsvermessung-neue-cam-aligner-kits-und-aufbewahrungsloesungen-46008\/","url":"https:\/\/www.krafthand.de\/truck\/artikel\/achsvermessung-neue-cam-aligner-kits-und-aufbewahrungsloesungen-46008\/","name":"Achsvermessung: Neue Cam-Aligner-Kits und Storagel\u00f6sungen - Krafthand-Truck","isPartOf":{"@id":"https:\/\/www.krafthand.de\/truck\/#website"},"primaryImageOfPage":{"@id":"https:\/\/www.krafthand.de\/truck\/artikel\/achsvermessung-neue-cam-aligner-kits-und-aufbewahrungsloesungen-46008\/#primaryimage"},"image":{"@id":"https:\/\/www.krafthand.de\/truck\/artikel\/achsvermessung-neue-cam-aligner-kits-und-aufbewahrungsloesungen-46008\/#primaryimage"},"thumbnailUrl":"https:\/\/static.krafthand-truck.de\/uploads\/2026\/04\/Josam_Achsvermessung_Cam_Alinger_Aufbewahrungsschrank.jpg","datePublished":"2026-04-14T07:51:08+00:00","dateModified":"2026-04-14T07:53:59+00:00","author":{"@id":"https:\/\/www.krafthand.de\/truck\/#\/schema\/person\/51fa80b1c57034c4bf63f9f988fc24ce"},"description":"JOSAM hat drei neue Kits f\u00fcr das Vermessungssystem Cam-Aligner sowie passende Aufbewahrungsl\u00f6sungen vorgestellt.","breadcrumb":{"@id":"https:\/\/www.krafthand.de\/truck\/artikel\/achsvermessung-neue-cam-aligner-kits-und-aufbewahrungsloesungen-46008\/#breadcrumb"},"inLanguage":"de","potentialAction":[{"@type":"ReadAction","target":["https:\/\/www.krafthand.de\/truck\/artikel\/achsvermessung-neue-cam-aligner-kits-und-aufbewahrungsloesungen-46008\/"]}]},{"@type":"ImageObject","inLanguage":"de","@id":"https:\/\/www.krafthand.de\/truck\/artikel\/achsvermessung-neue-cam-aligner-kits-und-aufbewahrungsloesungen-46008\/#primaryimage","url":"https:\/\/static.krafthand-truck.de\/uploads\/2026\/04\/Josam_Achsvermessung_Cam_Alinger_Aufbewahrungsschrank.jpg","contentUrl":"https:\/\/static.krafthand-truck.de\/uploads\/2026\/04\/Josam_Achsvermessung_Cam_Alinger_Aufbewahrungsschrank.jpg","width":1200,"height":1185},{"@type":"BreadcrumbList","@id":"https:\/\/www.krafthand.de\/truck\/artikel\/achsvermessung-neue-cam-aligner-kits-und-aufbewahrungsloesungen-46008\/#breadcrumb","itemListElement":[{"@type":"ListItem","position":1,"name":"Krafthand-Truck","item":"https:\/\/www.krafthand.de\/truck\/"},{"@type":"ListItem","position":2,"name":"Nfz-Service","item":"https:\/\/www.krafthand.de\/truck\/kategorie\/nfz-service\/"},{"@type":"ListItem","position":3,"name":"Werkstattausr\u00fcstung","item":"https:\/\/www.krafthand.de\/truck\/kategorie\/nfz-service\/werkstattausruestung\/"},{"@type":"ListItem","position":4,"name":"Achsvermessung: Neue Cam-Aligner-Kits und Storagel\u00f6sungen"}]},{"@type":"WebSite","@id":"https:\/\/www.krafthand.de\/truck\/#website","url":"https:\/\/www.krafthand.de\/truck\/","name":"Krafthand-Truck","description":"","potentialAction":[{"@type":"SearchAction","target":{"@type":"EntryPoint","urlTemplate":"https:\/\/www.krafthand.de\/truck\/?s={search_term_string}"},"query-input":{"@type":"PropertyValueSpecification","valueRequired":true,"valueName":"search_term_string"}}],"inLanguage":"de"},{"@type":"Person","@id":"https:\/\/www.krafthand.de\/truck\/#\/schema\/person\/51fa80b1c57034c4bf63f9f988fc24ce","name":"georg.blenk@krafthand-medien.de","image":{"@type":"ImageObject","inLanguage":"de","@id":"https:\/\/secure.gravatar.com\/avatar\/93713c30affe0aa95d3a4130e499bb1abee2eb31adbdd9ce2aa1543538490215?s=96&d=mm&r=g","url":"https:\/\/secure.gravatar.com\/avatar\/93713c30affe0aa95d3a4130e499bb1abee2eb31adbdd9ce2aa1543538490215?s=96&d=mm&r=g","contentUrl":"https:\/\/secure.gravatar.com\/avatar\/93713c30affe0aa95d3a4130e499bb1abee2eb31adbdd9ce2aa1543538490215?s=96&d=mm&r=g","caption":"georg.blenk@krafthand-medien.de"}}]}},"_links":{"self":[{"href":"https:\/\/www.krafthand.de\/truck\/wp-json\/wp\/v2\/posts\/46008","targetHints":{"allow":["GET"]}}],"collection":[{"href":"https:\/\/www.krafthand.de\/truck\/wp-json\/wp\/v2\/posts"}],"about":[{"href":"https:\/\/www.krafthand.de\/truck\/wp-json\/wp\/v2\/types\/post"}],"author":[{"embeddable":true,"href":"https:\/\/www.krafthand.de\/truck\/wp-json\/wp\/v2\/users\/9"}],"replies":[{"embeddable":true,"href":"https:\/\/www.krafthand.de\/truck\/wp-json\/wp\/v2\/comments?post=46008"}],"version-history":[{"count":10,"href":"https:\/\/www.krafthand.de\/truck\/wp-json\/wp\/v2\/posts\/46008\/revisions"}],"predecessor-version":[{"id":46019,"href":"https:\/\/www.krafthand.de\/truck\/wp-json\/wp\/v2\/posts\/46008\/revisions\/46019"}],"wp:featuredmedia":[{"embeddable":true,"href":"https:\/\/www.krafthand.de\/truck\/wp-json\/wp\/v2\/media\/46016"}],"wp:attachment":[{"href":"https:\/\/www.krafthand.de\/truck\/wp-json\/wp\/v2\/media?parent=46008"}],"wp:term":[{"taxonomy":"category","embeddable":true,"href":"https:\/\/www.krafthand.de\/truck\/wp-json\/wp\/v2\/categories?post=46008"},{"taxonomy":"post_tag","embeddable":true,"href":"https:\/\/www.krafthand.de\/truck\/wp-json\/wp\/v2\/tags?post=46008"},{"taxonomy":"settings","embeddable":true,"href":"https:\/\/www.krafthand.de\/truck\/wp-json\/wp\/v2\/settings?post=46008"}],"curies":[{"name":"wp","href":"https:\/\/api.w.org\/{rel}","templated":true}]}}