{"id":45718,"date":"2026-03-16T10:51:19","date_gmt":"2026-03-16T09:51:19","guid":{"rendered":"https:\/\/www.krafthand.de\/truck\/?p=45718"},"modified":"2026-03-16T11:01:39","modified_gmt":"2026-03-16T10:01:39","slug":"total-break-down","status":"publish","type":"post","link":"https:\/\/www.krafthand.de\/truck\/artikel\/total-break-down-45718\/","title":{"rendered":"TOTAL BREAK DOWN?"},"content":{"rendered":"<figure id=\"attachment_45726\" aria-describedby=\"caption-attachment-45726\" style=\"width: 260px\" class=\"wp-caption alignleft\"><a href=\"https:\/\/static.krafthand-truck.de\/uploads\/2026\/03\/Lkw_Bremsscheibe_gebrochen.jpg\" target=\"_blank\" rel=\"noopener\"><img fetchpriority=\"high\" decoding=\"async\" class=\"wp-image-45726\" src=\"https:\/\/static.krafthand-truck.de\/uploads\/2026\/03\/Lkw_Bremsscheibe_gebrochen-219x300.jpg\" alt=\"\" width=\"260\" height=\"357\" srcset=\"https:\/\/static.krafthand-truck.de\/uploads\/2026\/03\/Lkw_Bremsscheibe_gebrochen-219x300.jpg 219w, https:\/\/static.krafthand-truck.de\/uploads\/2026\/03\/Lkw_Bremsscheibe_gebrochen-746x1024.jpg 746w, https:\/\/static.krafthand-truck.de\/uploads\/2026\/03\/Lkw_Bremsscheibe_gebrochen-768x1054.jpg 768w, https:\/\/static.krafthand-truck.de\/uploads\/2026\/03\/Lkw_Bremsscheibe_gebrochen.jpg 810w\" sizes=\"(max-width: 260px) 100vw, 260px\" \/><\/a><figcaption id=\"caption-attachment-45726\" class=\"wp-caption-text\">Eine komplett durchgerissene Lkw-Bremsscheibe. Auch das geh\u00f6rt zum Alltag bei der Unterwegskontrolle.<\/figcaption><\/figure>\n<p>Regelm\u00e4\u00dfig fallen im Rahmen von Stichproben Fahrzeuge mit gravierenden M\u00e4ngeln an der Bremsanlage auf. Die Technische Unterwegskontrolle (RL 2014\/47\/EU) stellt die gesetzliche Grundlage zur Kontrolle von Nutzfahrzeugen auf Stra\u00dfen und Parkpl\u00e4tzen dar. Sie wird von der Polizei oder dem BALM (Bundesamt f\u00fcr Logistik und Mobilit\u00e4t \u2013 fr\u00fcher BAG) durchgef\u00fchrt. Marco Mayans Sanchez hat im Laufe der Jahre unz\u00e4hlige Sch\u00e4den an Bremssystemen dokumentiert. Sie reichen vom simplen Verschlei\u00df der Bremsbel\u00e4ge bis hin zu gerissenen Bremsscheiben oder komplett funktionslosen Bremsen. In \u201aBlickpunkt Bremse \u2013 Teil 2\u2018 erfahren Sie mehr zum Thema \u201aSch\u00e4den an Bremssystemen bei Lkw und Trailer\u2018.<\/p>\n<h3>Fokus: Lkw-Bremsanlage<\/h3>\n<figure id=\"attachment_45729\" aria-describedby=\"caption-attachment-45729\" style=\"width: 260px\" class=\"wp-caption alignright\"><a href=\"https:\/\/static.krafthand-truck.de\/uploads\/2026\/03\/Lkw_Bremsscheibe_verrostet.jpg\" target=\"_blank\" rel=\"noopener\"><img decoding=\"async\" class=\"wp-image-45729\" src=\"https:\/\/static.krafthand-truck.de\/uploads\/2026\/03\/Lkw_Bremsscheibe_verrostet-225x300.jpg\" alt=\"\" width=\"260\" height=\"347\" srcset=\"https:\/\/static.krafthand-truck.de\/uploads\/2026\/03\/Lkw_Bremsscheibe_verrostet-225x300.jpg 225w, https:\/\/static.krafthand-truck.de\/uploads\/2026\/03\/Lkw_Bremsscheibe_verrostet-768x1024.jpg 768w, https:\/\/static.krafthand-truck.de\/uploads\/2026\/03\/Lkw_Bremsscheibe_verrostet.jpg 800w\" sizes=\"(max-width: 260px) 100vw, 260px\" \/><\/a><figcaption id=\"caption-attachment-45729\" class=\"wp-caption-text\">Massiv korrodierte Bremsscheibe (oft auch an Liftachsen zu beobachten). Sie muss dringend gewechselt werden!<\/figcaption><\/figure>\n<p>Bevor man sich der eigentlichen Bremsanlage widmet empfiehlt es sich, die vordere Motorklappe zu \u00f6ffnen. Hier lassen sich die R\u00fcckseite des Fu\u00dfbremsmoduls und die angeschlossenen Druckluftleitungen sichtpr\u00fcfen. In der Vergangenheit sind bei mangelhaft verlegten Druckluftleitungen bereits angescheuerte Leitungen festgestellt worden.<br \/>\nDie Radbremse an der Vorderachse eines Lkw l\u00e4sst sich durch die Felgenl\u00f6cher sehr gut begutachten. Teilweise ist auch der Bremsbelag sichtbar. Der Verschlei\u00df der Bel\u00e4ge ist oftmals auch \u00fcber das Kombiinstrument auslesbar, was jedoch keine optische Begutachtung ersetzt. Die Pr\u00fcfung der Bremszange und der Radbremszylinder erfolgt von unten. Bei der Bremszange muss man auf die Freig\u00e4ngigkeit und Spielfreiheit achten. Gleichzeitig m\u00fcssen die vorgegebenen Werte des L\u00fcftspiels eingehalten werden.<\/p>\n<figure id=\"attachment_45731\" aria-describedby=\"caption-attachment-45731\" style=\"width: 320px\" class=\"wp-caption alignleft\"><a href=\"https:\/\/static.krafthand-truck.de\/uploads\/2026\/03\/Lkw_Bremsbelaege_verschlissen.jpg\" target=\"_blank\" rel=\"noopener\"><img decoding=\"async\" class=\"wp-image-45731\" src=\"https:\/\/static.krafthand-truck.de\/uploads\/2026\/03\/Lkw_Bremsbelaege_verschlissen-300x235.jpg\" alt=\"\" width=\"320\" height=\"251\" srcset=\"https:\/\/static.krafthand-truck.de\/uploads\/2026\/03\/Lkw_Bremsbelaege_verschlissen-300x235.jpg 300w, https:\/\/static.krafthand-truck.de\/uploads\/2026\/03\/Lkw_Bremsbelaege_verschlissen-1024x803.jpg 1024w, https:\/\/static.krafthand-truck.de\/uploads\/2026\/03\/Lkw_Bremsbelaege_verschlissen-768x603.jpg 768w, https:\/\/static.krafthand-truck.de\/uploads\/2026\/03\/Lkw_Bremsbelaege_verschlissen.jpg 1100w\" sizes=\"(max-width: 320px) 100vw, 320px\" \/><\/a><figcaption id=\"caption-attachment-45731\" class=\"wp-caption-text\">Stark verschlissene Bremsbel\u00e4ge. An ein Weiterfahren ist nicht zu denken.<\/figcaption><\/figure>\n<p>An der Antriebsachse des Lkw sind die gleichen Checks vorzunehmen. Bauartbedingt ist die hier Sicht auf die Bremsanlage jedoch meistens stark eingeschr\u00e4nkt. Die R\u00fcckseite ist zudem meistens mit einem Abdeckblech versehen. Mit Hilfe eines Inspektionsspiegels oder eines Endoskops kann jedoch eine Sichtpr\u00fcfung des Tragbilds und der Bremsbel\u00e4ge vorgenommen werden.<\/p>\n<p>Beim Bet\u00e4tigen der Betriebsbremse durch einen Helfer oder einer Helferin l\u00e4sst sich das Anlegen der Bremsbel\u00e4ge an die Scheibe optisch checken. Treten starke Bewegungen (Verkantungen, etc.) auf, muss die F\u00fchrung gepr\u00fcft werden. Festgestellte M\u00e4ngel bei der Dichtheitspr\u00fcfung der Betriebs- sowie Feststellbremse sind ein Indikator auf eine m\u00f6gliche Beeintr\u00e4chtigung der Bremsanlage. Treten beim Bet\u00e4tigen der Betriebs- oder Feststellbremse h\u00f6rbare Druckluftverluste auf, m\u00fcssen diese genau lokalisiert werden.<\/p>\n<figure id=\"attachment_45735\" aria-describedby=\"caption-attachment-45735\" style=\"width: 220px\" class=\"wp-caption alignright\"><a href=\"https:\/\/static.krafthand-truck.de\/uploads\/2026\/03\/Lkw_Bremsleitung_poroes.jpg\" target=\"_blank\" rel=\"noopener\"><img loading=\"lazy\" decoding=\"async\" class=\"wp-image-45735\" src=\"https:\/\/static.krafthand-truck.de\/uploads\/2026\/03\/Lkw_Bremsleitung_poroes-225x300.jpg\" alt=\"\" width=\"220\" height=\"293\" srcset=\"https:\/\/static.krafthand-truck.de\/uploads\/2026\/03\/Lkw_Bremsleitung_poroes-225x300.jpg 225w, https:\/\/static.krafthand-truck.de\/uploads\/2026\/03\/Lkw_Bremsleitung_poroes-768x1023.jpg 768w, https:\/\/static.krafthand-truck.de\/uploads\/2026\/03\/Lkw_Bremsleitung_poroes.jpg 800w\" sizes=\"(max-width: 220px) 100vw, 220px\" \/><\/a><figcaption id=\"caption-attachment-45735\" class=\"wp-caption-text\">Por\u00f6se und undichte Druckluftleitung. Es kann kein Druck mehr aufgebaut werden.<\/figcaption><\/figure>\n<p>Zu den Teilen der Bremsanlage geh\u00f6ren auch die Luftkessel, das Vierkreisschutzventil, oder der Achsmodulator. \u00dcberm\u00e4\u00dfige Korrosion und beeintr\u00e4chtigte Befestigungselemente an Luftkesseln treten h\u00e4ufig auf. Zus\u00e4tzlich muss man auf das Vierkreisschutzventil achten. Es muss ebenfalls dicht sein, der Druckaufbau muss entsprechend gegeben sein. Je nach Hersteller muss auch der Kompressor einer Sichtkontrolle unterzogen werden. Eine Funktionspr\u00fcfung erfolgt im Rahmen des Druckaufbaus.<\/p>\n<h3>Fokus: Trailer-Bremsanlage<\/h3>\n<p>Bei der optischen Diagnose der Bremsanlage an Trailern ist ein Rollbrett zu empfehlen. Bei speziellen Anh\u00e4ngern, wie sie zum Beispiel bei Schwertransporten, ist eine optische Inaugenscheinnahme der Bremsanlage nur zum Teil oder gar nicht m\u00f6glich. Verf\u00fcgen die Trailer \u00fcber eine Scheibenbremse, l\u00e4sst sich das \u00e4u\u00dfere Tragbild durch die Felgenl\u00f6cher einsehen.<\/p>\n<div class=\"infobox box-grey\"><\/p>\n<h4>Beispiel: Sonderfall Liftachse<\/h4>\n<p>Bei Sattelanh\u00e4ngern, die nur teilbeladen oder leer bewegt werden ist es m\u00f6glich, die erste Achse im Fahrbetrieb anzuheben. Somit wird auch die Bremse an der Achse nicht bet\u00e4tigt. Deshalb Ist Bremsscheibe oft stark verrostet. Die Bremse weist demnach auch keine Abstrahlungsw\u00e4rme auf, wenn man sie kurz nach dem Stopp mit einer W\u00e4rmebildkamera untersucht.<br \/>\n<\/div>\n<p>&nbsp;<\/p>\n<figure id=\"attachment_45739\" aria-describedby=\"caption-attachment-45739\" style=\"width: 220px\" class=\"wp-caption alignleft\"><a href=\"https:\/\/static.krafthand-truck.de\/uploads\/2026\/03\/Lkw_Bremse_Tragbild_Bremsscheibe_Belaege.jpg\" target=\"_blank\" rel=\"noopener\"><img loading=\"lazy\" decoding=\"async\" class=\"wp-image-45739\" src=\"https:\/\/static.krafthand-truck.de\/uploads\/2026\/03\/Lkw_Bremse_Tragbild_Bremsscheibe_Belaege-300x258.jpg\" alt=\"\" width=\"220\" height=\"189\" srcset=\"https:\/\/static.krafthand-truck.de\/uploads\/2026\/03\/Lkw_Bremse_Tragbild_Bremsscheibe_Belaege-300x258.jpg 300w, https:\/\/static.krafthand-truck.de\/uploads\/2026\/03\/Lkw_Bremse_Tragbild_Bremsscheibe_Belaege.jpg 756w\" sizes=\"(max-width: 220px) 100vw, 220px\" \/><\/a><figcaption id=\"caption-attachment-45739\" class=\"wp-caption-text\">Verschlei\u00dfgrenze der Bremsscheibe und der Bel\u00e4ge. Grafik: BPW<\/figcaption><\/figure>\n<figure id=\"attachment_45740\" aria-describedby=\"caption-attachment-45740\" style=\"width: 220px\" class=\"wp-caption alignleft\"><a href=\"https:\/\/static.krafthand-truck.de\/uploads\/2026\/03\/Lkw_Bremsscheibe_Verschleiss_Schaeden.jpg\" target=\"_blank\" rel=\"noopener\"><img loading=\"lazy\" decoding=\"async\" class=\"wp-image-45740\" src=\"https:\/\/static.krafthand-truck.de\/uploads\/2026\/03\/Lkw_Bremsscheibe_Verschleiss_Schaeden-294x300.jpg\" alt=\"Sch\u00e4den an einer Lkw-Bremsscheibe\" width=\"220\" height=\"224\" srcset=\"https:\/\/static.krafthand-truck.de\/uploads\/2026\/03\/Lkw_Bremsscheibe_Verschleiss_Schaeden-294x300.jpg 294w, https:\/\/static.krafthand-truck.de\/uploads\/2026\/03\/Lkw_Bremsscheibe_Verschleiss_Schaeden-768x783.jpg 768w, https:\/\/static.krafthand-truck.de\/uploads\/2026\/03\/Lkw_Bremsscheibe_Verschleiss_Schaeden.jpg 828w\" sizes=\"(max-width: 220px) 100vw, 220px\" \/><\/a><figcaption id=\"caption-attachment-45740\" class=\"wp-caption-text\">Schadensbilder bei Bremsscheiben und Toleranzgrenzen. Grafik: BPW<\/figcaption><\/figure>\n<p>Die Beurteilung des Tragbilds der Bremsbel\u00e4ge unterscheidet sich nicht von der Art des Fahrzeugs. Eine geringe Riefenbildung oder auch ein leichter Rostansatz ist f\u00fcr den Weiterbetrieb unbedenklich. Auch Hitzerisse und radial verlaufende Risse bis 1,5 mm Breite und Tiefe sind bedingt zul\u00e4ssig. Durchgehende Risse sind ein \u201aNo-Go.\u2018 Die Mindestbremsbelag-St\u00e4rke betr\u00e4gt 2 mm. Bei der Sichtpr\u00fcfung muss darauf geachtet werden, dass der Belagtr\u00e4ger nicht mit einbezogen wird. Der Wert bezieht sich nur auf die Reibfl\u00e4che! Detaillierte Informationen sind in den Produktinformationen der Bremsenherstellern zu finden.<\/p>\n<h3>Dichtheitspr\u00fcfung<\/h3>\n<figure id=\"attachment_45751\" aria-describedby=\"caption-attachment-45751\" style=\"width: 300px\" class=\"wp-caption alignright\"><a href=\"https:\/\/static.krafthand-truck.de\/uploads\/2026\/03\/EBS_Trailerbremse_Wabco_Typenschild.jpg\" target=\"_blank\" rel=\"noopener\"><img loading=\"lazy\" decoding=\"async\" class=\"wp-image-45751\" src=\"https:\/\/static.krafthand-truck.de\/uploads\/2026\/03\/EBS_Trailerbremse_Wabco_Typenschild-300x212.jpg\" alt=\"\" width=\"300\" height=\"212\" srcset=\"https:\/\/static.krafthand-truck.de\/uploads\/2026\/03\/EBS_Trailerbremse_Wabco_Typenschild-300x212.jpg 300w, https:\/\/static.krafthand-truck.de\/uploads\/2026\/03\/EBS_Trailerbremse_Wabco_Typenschild-768x543.jpg 768w, https:\/\/static.krafthand-truck.de\/uploads\/2026\/03\/EBS_Trailerbremse_Wabco_Typenschild.jpg 800w\" sizes=\"(max-width: 300px) 100vw, 300px\" \/><\/a><figcaption id=\"caption-attachment-45751\" class=\"wp-caption-text\">Das EBS-Einbauschild enth\u00e4lt n\u00fctzliche Informationen wie den Hersteller des Bremssystems, Anzahl der sensierten Achsen und Bremsdr\u00fccke. Hier kann zum Beispiel gepr\u00fcft werden, ob die auf dem Typenschild angegebenen Achsen auch tats\u00e4chlich Raddrehzahlsensoren enthalten oder ob sie entfernt wurden.<\/figcaption><\/figure>\n<p>Auch beim Anh\u00e4nger ist die Dichtheitspr\u00fcfung des Bremssystems von entscheidender Bedeutung. Beanstandet werden oftmals angescheuerte Druckluftleitungen oder undichte Bremszylinder. Die Betriebsbremse kann \u00fcber das Bremspedal im F\u00fchrerhaus oder \u00fcber das Park\/Rangierventil (Anh\u00e4ngerbremsventil, schwarzer Bet\u00e4tigungskopf) unter Druck gesetzt und gecheckt werden. Zur Bet\u00e4tigung der Feststellbremse muss sie \u00fcber das Park- und Rangierventil beziehungsweise \u00fcber den Feststellbremsknopf (roter Bet\u00e4tigungsknopf) von au\u00dfen aktiviert werden. Ein Aktivieren der Feststellbremse im F\u00fchrerhaus mittels Feststellbremshebel l\u00f6st im Anh\u00e4nger die Betriebsbremse aus.<\/p>\n<p>Sind beim Trailer Scheibenbremsen verbaut, gleicht die Pr\u00fcfung der Bremsanlage der beim Lastkraftwagen. Eine Verschlei\u00dfanzeige am Bremssattel beziehungsweise der Bremszange (oder auch an den F\u00fchrungsh\u00fclsen) geben einen ersten Hinweis auf eine verschlissene Bremsanlage.<\/p>\n<h3>Die Bremszylinder<\/h3>\n<figure id=\"attachment_45748\" aria-describedby=\"caption-attachment-45748\" style=\"width: 320px\" class=\"wp-caption alignleft\"><a href=\"https:\/\/static.krafthand-truck.de\/uploads\/2026\/03\/Lkw_Trailer_Bremszylinder_undicht.jpg\" target=\"_blank\" rel=\"noopener\"><img loading=\"lazy\" decoding=\"async\" class=\"wp-image-45748\" src=\"https:\/\/static.krafthand-truck.de\/uploads\/2026\/03\/Lkw_Trailer_Bremszylinder_undicht-300x225.jpg\" alt=\"\" width=\"320\" height=\"240\" srcset=\"https:\/\/static.krafthand-truck.de\/uploads\/2026\/03\/Lkw_Trailer_Bremszylinder_undicht-300x225.jpg 300w, https:\/\/static.krafthand-truck.de\/uploads\/2026\/03\/Lkw_Trailer_Bremszylinder_undicht-1024x768.jpg 1024w, https:\/\/static.krafthand-truck.de\/uploads\/2026\/03\/Lkw_Trailer_Bremszylinder_undicht-768x576.jpg 768w, https:\/\/static.krafthand-truck.de\/uploads\/2026\/03\/Lkw_Trailer_Bremszylinder_undicht-200x150.jpg 200w, https:\/\/static.krafthand-truck.de\/uploads\/2026\/03\/Lkw_Trailer_Bremszylinder_undicht.jpg 1200w\" sizes=\"(max-width: 320px) 100vw, 320px\" \/><\/a><figcaption id=\"caption-attachment-45748\" class=\"wp-caption-text\">Undichter Bremszylinder.<\/figcaption><\/figure>\n<p>Die Pr\u00fcfung der Befestigung der Bremszylinder muss zwingend im unbet\u00e4tigten Zustand durchgef\u00fchrt werden, da sich sonst die Bremszylinder verspannen und dadurch eine lockere Befestigung nicht erkannt wird. Das Geh\u00e4use der Bremszylinders darf nicht \u00fcberm\u00e4\u00dfig korrodiert sein. Bei Federspeicher-Bremszylindern lohnt sich ein Blick in die Bohrung der Notl\u00f6seeinrichtung. Ist der Zugang durch die innenliegende Feder verdeckt, liegt ein Mangel vor, welcher sich auch auf die Funktion der Feststellbremse auswirkt. Ist die L\u00f6sespindel nicht vorhanden, liegt ebenfalls ein Mangel vor, da sie im Falle eines Fehlers nicht verwendet werden kann.<\/p>\n<hr \/>\n<p><strong>Achtung! <\/strong>An einer Achse m\u00fcssen immer Bremszylinder der gleichen Gr\u00f6\u00dfe verbaut sein. Unterschiedliche Bremszylinder habe eine unmittelbare Auswirkung auf die \u00dcbertragung der Bremskr\u00e4fte. Das Fahrzeug k\u00f6nnte einseitig ziehen. Bei einer Abweichung m\u00fcssen zwingend weitere Pr\u00fcfungen auf die Zul\u00e4ssigkeit und Funktion vorgenommen werden.<\/p>\n<hr \/>\n<p>&nbsp;<\/p>\n<figure id=\"attachment_45756\" aria-describedby=\"caption-attachment-45756\" style=\"width: 800px\" class=\"wp-caption aligncenter\"><img loading=\"lazy\" decoding=\"async\" class=\"wp-image-45756\" src=\"https:\/\/static.krafthand-truck.de\/uploads\/2026\/03\/Verschleissgrenze_Huelsen_Lkw_Bremsbelaege_Markierungen-300x129.jpg\" alt=\"\" width=\"800\" height=\"343\" srcset=\"https:\/\/static.krafthand-truck.de\/uploads\/2026\/03\/Verschleissgrenze_Huelsen_Lkw_Bremsbelaege_Markierungen-300x129.jpg 300w, https:\/\/static.krafthand-truck.de\/uploads\/2026\/03\/Verschleissgrenze_Huelsen_Lkw_Bremsbelaege_Markierungen-1024x439.jpg 1024w, https:\/\/static.krafthand-truck.de\/uploads\/2026\/03\/Verschleissgrenze_Huelsen_Lkw_Bremsbelaege_Markierungen-768x330.jpg 768w, https:\/\/static.krafthand-truck.de\/uploads\/2026\/03\/Verschleissgrenze_Huelsen_Lkw_Bremsbelaege_Markierungen.jpg 1200w\" sizes=\"(max-width: 800px) 100vw, 800px\" \/><figcaption id=\"caption-attachment-45756\" class=\"wp-caption-text\">Im Bild ist die Verschlei\u00dfanzeige (H\u00fclsen) bereits fast nicht mehr zu sehen, was auf einen verschlissenen \u00e4u\u00dferen Belag hindeutet. Im Neuzustand w\u00e4re die Verschlei\u00dfanzeige komplett sichtbar, da der Bremssattel in Richtung Fahrzeugau\u00dfenseite steht. Durch fortgeschrittenen Verschlei\u00df wandert dieser nach Innen und die Verschlei\u00dfanzeige wird zunehmend verdeckt. Die Anzeige ersetzt keine optische Sichtpr\u00fcfung bei abgebauten R\u00e4dern. Zusatzgrafik: SAF Holland, Reparaturanleitung \u201aDruckluft-Scheibenbremse SAF SBS 2220 HO + SBS 1918 HO\u2018.<\/figcaption><\/figure>\n<p>&nbsp;<\/p>\n<div class=\"infobox box-grey\"><\/p>\n<p><figure id=\"attachment_45722\" aria-describedby=\"caption-attachment-45722\" style=\"width: 140px\" class=\"wp-caption alignleft\"><a href=\"https:\/\/static.krafthand-truck.de\/uploads\/2026\/03\/Marco_Mayans_Sanchez.jpg\" target=\"_blank\" rel=\"noopener\"><img loading=\"lazy\" decoding=\"async\" class=\"wp-image-45722\" src=\"https:\/\/static.krafthand-truck.de\/uploads\/2026\/03\/Marco_Mayans_Sanchez-237x300.jpg\" alt=\"\" width=\"140\" height=\"177\" srcset=\"https:\/\/static.krafthand-truck.de\/uploads\/2026\/03\/Marco_Mayans_Sanchez-237x300.jpg 237w, https:\/\/static.krafthand-truck.de\/uploads\/2026\/03\/Marco_Mayans_Sanchez-768x971.jpg 768w, https:\/\/static.krafthand-truck.de\/uploads\/2026\/03\/Marco_Mayans_Sanchez.jpg 800w\" sizes=\"(max-width: 140px) 100vw, 140px\" \/><\/a><figcaption id=\"caption-attachment-45722\" class=\"wp-caption-text\">Marco Mayans Sanchez<\/figcaption><\/figure><\/p>\n<h3>Der Autor<\/h3>\n<p>Marco Mayans Sanchez ist gelernter Kraftfahrzeugmechatroniker und Kraftfahrzeugtechniker-Meister.<\/p>\n<p>Er hat unter anderem als stellvertretender Werkstattleiter bei einem gro\u00dfen Ford-H\u00e4ndler in N\u00fcrnberg gearbeitet. Seit 2020 ist Mayans Sanchez im Bereich der Verkehrs\u00fcberwachung t\u00e4tig. Im regul\u00e4ren Streifendienst \u00fcberwacht er bei der Polizeiinspektion N\u00fcrnberg Nutzfahrzeuge aller Art und ist f\u00fcr die technische Untersuchung zust\u00e4ndig.<br \/>\n<\/div>\n<p>&nbsp;<\/p>\n<h3>Besonderheiten bei Trommelbremsen<\/h3>\n<figure id=\"attachment_45761\" aria-describedby=\"caption-attachment-45761\" style=\"width: 300px\" class=\"wp-caption alignright\"><a href=\"https:\/\/static.krafthand-truck.de\/uploads\/2026\/03\/Trommelbremse_Trailer_Verschleiss.jpg\" target=\"_blank\" rel=\"noopener\"><img loading=\"lazy\" decoding=\"async\" class=\"wp-image-45761\" src=\"https:\/\/static.krafthand-truck.de\/uploads\/2026\/03\/Trommelbremse_Trailer_Verschleiss-249x300.jpg\" alt=\"\" width=\"300\" height=\"362\" srcset=\"https:\/\/static.krafthand-truck.de\/uploads\/2026\/03\/Trommelbremse_Trailer_Verschleiss-249x300.jpg 249w, https:\/\/static.krafthand-truck.de\/uploads\/2026\/03\/Trommelbremse_Trailer_Verschleiss-849x1024.jpg 849w, https:\/\/static.krafthand-truck.de\/uploads\/2026\/03\/Trommelbremse_Trailer_Verschleiss-768x926.jpg 768w, https:\/\/static.krafthand-truck.de\/uploads\/2026\/03\/Trommelbremse_Trailer_Verschleiss.jpg 960w\" sizes=\"(max-width: 300px) 100vw, 300px\" \/><\/a><figcaption id=\"caption-attachment-45761\" class=\"wp-caption-text\">Eine stark verschlissene Trommelbremse.<\/figcaption><\/figure>\n<p>Nach wie vor sind Trommelbremsen auch bei Neufahrzeugen weit verbreitet. Geringe Wartungskosten und der praktische Einsatz gerade im Baustellenbereich sprechen f\u00fcr diese Bauart. Zudem hat sich die Effizienz von Trommelbremsanlagen deutlich verbessert.<br \/>\nDie \u00dcberpr\u00fcfung der Bremszylinder gestaltet sich etwas einfacher, da sie auf dem Achstr\u00e4ger montiert sind. Sie \u00e4hnelt der bei Scheibenbremsen. Sind die Bremszylinder an den korrekten (gleichen) Bohrungen montiert und haben die Kolbenstangen ausreichend Platz zum Achsk\u00f6rper? Auch hier muss der Bremszylinder festmontiert sein. Gelegentlich kommt es vor, dass die Aufnahme der Zylinder (Schwei\u00dfnaht) am Achsk\u00f6rper besch\u00e4digt oder gar gerissen ist.<br \/>\nH\u00e4ufig werden die Staubmanschetten der Kolbenstangen beanstandet. Sind sie besch\u00e4digt, dringt Spritzwasser ins Innere ein und kann zu Korrosion und letztendlich zum Ausfall des Bremszylinders f\u00fchren.<\/p>\n<figure id=\"attachment_45763\" aria-describedby=\"caption-attachment-45763\" style=\"width: 340px\" class=\"wp-caption alignleft\"><a href=\"https:\/\/static.krafthand-truck.de\/uploads\/2026\/03\/Lkw_Bremse_Trailer_Gestangesteller.jpg\" target=\"_blank\" rel=\"noopener\"><img loading=\"lazy\" decoding=\"async\" class=\"wp-image-45763\" src=\"https:\/\/static.krafthand-truck.de\/uploads\/2026\/03\/Lkw_Bremse_Trailer_Gestangesteller-300x225.jpg\" alt=\"\" width=\"340\" height=\"255\" srcset=\"https:\/\/static.krafthand-truck.de\/uploads\/2026\/03\/Lkw_Bremse_Trailer_Gestangesteller-300x225.jpg 300w, https:\/\/static.krafthand-truck.de\/uploads\/2026\/03\/Lkw_Bremse_Trailer_Gestangesteller-1024x768.jpg 1024w, https:\/\/static.krafthand-truck.de\/uploads\/2026\/03\/Lkw_Bremse_Trailer_Gestangesteller-768x576.jpg 768w, https:\/\/static.krafthand-truck.de\/uploads\/2026\/03\/Lkw_Bremse_Trailer_Gestangesteller-200x150.jpg 200w, https:\/\/static.krafthand-truck.de\/uploads\/2026\/03\/Lkw_Bremse_Trailer_Gestangesteller.jpg 1200w\" sizes=\"(max-width: 340px) 100vw, 340px\" \/><\/a><figcaption id=\"caption-attachment-45763\" class=\"wp-caption-text\">Trommelbremsen: Die Staubmanschetten an der Kolbenstange sind mitunter undicht.<\/figcaption><\/figure>\n<p>Kommen an der R\u00fcckseite der Trommelbremse Abdeckbleche zum Einsatz und neigen sie sich sichtbar zur Fahrzeugmitte hin, muss die Lagerung der Bremsbel\u00e4ge genauer in Augenschein genommen werden. Das gilt auch, wenn bereits an einer Radbremse die Abdeckung fehlt.<br \/>\nLetztendlich m\u00fcssen die Herstellervorgaben f\u00fcr die automatischen Gest\u00e4ngesteller (AGS) beachtet werden. Die Auswirkungen einer falsch eingestellten Trommelbremse m\u00fcssen bekannt sein.<\/p>\n<p>&nbsp;<\/p>\n<p>&nbsp;<\/p>\n<h3><\/h3>\n<h3><\/h3>\n<h3>Vorausschau: Gest\u00e4ngesteller bei Trommelbremsen und Elektrik<\/h3>\n<p>Der automatische Gest\u00e4ngesteller (BPW, Haldex und WABCO) spielt f\u00fcr die Funktion von Trommelbremsen eine zentrale Rolle. Wie die \u00dcberpr\u00fcfung und Einstellung funktioniert erfahren Sie in der Krafthand 2-2026, Blickpunkt Bremse \u2013 Teil III. Der Beitrag besch\u00e4ftigt sich auch mit der Spannungsversorgung der Bremsanlage. Am Ende erfolgt die Einstufung der M\u00e4ngel. Der Beitrag schlie\u00dft die Reihe zur Unterwegskontrolle der Bremsanlage ab. Have a break!<\/p>\n<p><i>Den Beitrag finden Sie auch in der Print-Ausgabe 1-2026 der <a href=\"https:\/\/www.krafthand.de\/truck\/magazin\/\" title=\"Zum Magazin\">Krafthand-Truck<\/a>.<\/i><\/p>","protected":false},"excerpt":{"rendered":"<p>Regelm\u00e4\u00dfig fallen im Rahmen von Stichproben Fahrzeuge mit gravierenden M\u00e4ngeln an der Bremsanlage auf. In \u201aBlickpunkt Bremse \u2013 Teil 2\u2018 erfahren Sie mehr zum Thema \u201aSch\u00e4den an Bremssystemen bei Lkw und Trailer\u2018. <span class=\"excerpt-more__dots\">&#8230;<\/span> <a class=\"excerpt-more__link\" href=\"https:\/\/www.krafthand.de\/truck\/artikel\/total-break-down-45718\/\" >weiter<\/a><\/p>\n","protected":false},"author":9,"featured_media":45724,"comment_status":"closed","ping_status":"closed","sticky":false,"template":"","format":"standard","meta":{"footnotes":""},"categories":[4227,4245],"tags":[3698,3874,902,6426,6425,6370,3194,3699],"settings":[3524,4766,3523],"class_list":["post-45718","post","type-post","status-publish","format-standard","has-post-thumbnail","hentry","category-rad-reifen-bremse","category-verbaende","tag-bremsen","tag-bremssattel","tag-bremsscheibe","tag-bremsverschleiss","tag-mayans-sanchez","tag-polizei-kontrolle","tag-schadensanalyse","tag-trommelbremse"],"yoast_head":"<!-- This site is optimized with the Yoast SEO plugin v27.3 - https:\/\/yoast.com\/product\/yoast-seo-wordpress\/ -->\n<title>Unterwegskontrolle I Blickpunkt Lkw-\/Trailer-Bremse I Teil 2<\/title>\n<meta name=\"description\" content=\"Regelm\u00e4\u00dfig fallen im Rahmen von Stichproben Nutzfahrzeuge mit gravierenden M\u00e4ngeln an der Bremsanlage auf.\" \/>\n<meta name=\"robots\" content=\"index, follow, max-snippet:-1, max-image-preview:large, max-video-preview:-1\" \/>\n<link rel=\"canonical\" href=\"https:\/\/www.krafthand.de\/truck\/artikel\/total-break-down-45718\/\" \/>\n<meta property=\"og:locale\" content=\"de_DE\" \/>\n<meta property=\"og:type\" content=\"article\" \/>\n<meta property=\"og:title\" content=\"Unterwegskontrolle I Blickpunkt Lkw-\/Trailer-Bremse I Teil 2\" \/>\n<meta property=\"og:description\" content=\"Regelm\u00e4\u00dfig fallen im Rahmen von Stichproben Nutzfahrzeuge mit gravierenden M\u00e4ngeln an der Bremsanlage auf.\" \/>\n<meta property=\"og:url\" content=\"https:\/\/www.krafthand-truck.de\/artikel\/total-break-down-45718\/\" \/>\n<meta property=\"og:site_name\" content=\"Krafthand-Truck\" \/>\n<meta property=\"article:published_time\" content=\"2026-03-16T09:51:19+00:00\" \/>\n<meta property=\"article:modified_time\" content=\"2026-03-16T10:01:39+00:00\" \/>\n<meta property=\"og:image\" content=\"https:\/\/static.krafthand-truck.de\/uploads\/2026\/03\/Untersuchung_Bremsscheibe_Lkw-Bremse_Polizeikontrolle.jpg\" \/>\n\t<meta property=\"og:image:width\" content=\"1200\" \/>\n\t<meta property=\"og:image:height\" content=\"673\" \/>\n\t<meta property=\"og:image:type\" content=\"image\/jpeg\" \/>\n<meta name=\"author\" content=\"georg.blenk@krafthand-medien.de\" \/>\n<meta name=\"twitter:card\" content=\"summary_large_image\" \/>\n<meta name=\"twitter:label1\" content=\"Verfasst von\" \/>\n\t<meta name=\"twitter:data1\" content=\"georg.blenk@krafthand-medien.de\" \/>\n\t<meta name=\"twitter:label2\" content=\"Gesch\u00e4tzte Lesezeit\" \/>\n\t<meta name=\"twitter:data2\" content=\"11\u00a0Minuten\" \/>\n<script type=\"application\/ld+json\" class=\"yoast-schema-graph\">{\"@context\":\"https:\\\/\\\/schema.org\",\"@graph\":[{\"@type\":\"Article\",\"@id\":\"https:\\\/\\\/www.krafthand.de\\\/truck\\\/artikel\\\/total-break-down-45718\\\/#article\",\"isPartOf\":{\"@id\":\"https:\\\/\\\/www.krafthand.de\\\/truck\\\/artikel\\\/total-break-down-45718\\\/\"},\"author\":{\"name\":\"georg.blenk@krafthand-medien.de\",\"@id\":\"https:\\\/\\\/www.krafthand.de\\\/truck\\\/#\\\/schema\\\/person\\\/51fa80b1c57034c4bf63f9f988fc24ce\"},\"headline\":\"TOTAL BREAK DOWN?\",\"datePublished\":\"2026-03-16T09:51:19+00:00\",\"dateModified\":\"2026-03-16T10:01:39+00:00\",\"mainEntityOfPage\":{\"@id\":\"https:\\\/\\\/www.krafthand.de\\\/truck\\\/artikel\\\/total-break-down-45718\\\/\"},\"wordCount\":1533,\"image\":{\"@id\":\"https:\\\/\\\/www.krafthand.de\\\/truck\\\/artikel\\\/total-break-down-45718\\\/#primaryimage\"},\"thumbnailUrl\":\"https:\\\/\\\/static.krafthand-truck.de\\\/uploads\\\/2026\\\/03\\\/Untersuchung_Bremsscheibe_Lkw-Bremse_Polizeikontrolle.jpg\",\"keywords\":[\"Bremsen\",\"Bremssattel\",\"Bremsscheibe\",\"Bremsverschlei\u00df\",\"Mayans-Sanchez\",\"Polizei-Kontrolle\",\"Schadensanalyse\",\"Trommelbremse\"],\"articleSection\":[\"Rad\\\/Reifen\\\/Bremse\",\"Verb\u00e4nde\\\/Politik\\\/Recht\"],\"inLanguage\":\"de\"},{\"@type\":\"WebPage\",\"@id\":\"https:\\\/\\\/www.krafthand.de\\\/truck\\\/artikel\\\/total-break-down-45718\\\/\",\"url\":\"https:\\\/\\\/www.krafthand.de\\\/truck\\\/artikel\\\/total-break-down-45718\\\/\",\"name\":\"Unterwegskontrolle I Blickpunkt Lkw-\\\/Trailer-Bremse I Teil 2\",\"isPartOf\":{\"@id\":\"https:\\\/\\\/www.krafthand.de\\\/truck\\\/#website\"},\"primaryImageOfPage\":{\"@id\":\"https:\\\/\\\/www.krafthand.de\\\/truck\\\/artikel\\\/total-break-down-45718\\\/#primaryimage\"},\"image\":{\"@id\":\"https:\\\/\\\/www.krafthand.de\\\/truck\\\/artikel\\\/total-break-down-45718\\\/#primaryimage\"},\"thumbnailUrl\":\"https:\\\/\\\/static.krafthand-truck.de\\\/uploads\\\/2026\\\/03\\\/Untersuchung_Bremsscheibe_Lkw-Bremse_Polizeikontrolle.jpg\",\"datePublished\":\"2026-03-16T09:51:19+00:00\",\"dateModified\":\"2026-03-16T10:01:39+00:00\",\"author\":{\"@id\":\"https:\\\/\\\/www.krafthand.de\\\/truck\\\/#\\\/schema\\\/person\\\/51fa80b1c57034c4bf63f9f988fc24ce\"},\"description\":\"Regelm\u00e4\u00dfig fallen im Rahmen von Stichproben Nutzfahrzeuge mit gravierenden M\u00e4ngeln an der Bremsanlage auf.\",\"breadcrumb\":{\"@id\":\"https:\\\/\\\/www.krafthand.de\\\/truck\\\/artikel\\\/total-break-down-45718\\\/#breadcrumb\"},\"inLanguage\":\"de\",\"potentialAction\":[{\"@type\":\"ReadAction\",\"target\":[\"https:\\\/\\\/www.krafthand.de\\\/truck\\\/artikel\\\/total-break-down-45718\\\/\"]}]},{\"@type\":\"ImageObject\",\"inLanguage\":\"de\",\"@id\":\"https:\\\/\\\/www.krafthand.de\\\/truck\\\/artikel\\\/total-break-down-45718\\\/#primaryimage\",\"url\":\"https:\\\/\\\/static.krafthand-truck.de\\\/uploads\\\/2026\\\/03\\\/Untersuchung_Bremsscheibe_Lkw-Bremse_Polizeikontrolle.jpg\",\"contentUrl\":\"https:\\\/\\\/static.krafthand-truck.de\\\/uploads\\\/2026\\\/03\\\/Untersuchung_Bremsscheibe_Lkw-Bremse_Polizeikontrolle.jpg\",\"width\":1200,\"height\":673},{\"@type\":\"BreadcrumbList\",\"@id\":\"https:\\\/\\\/www.krafthand.de\\\/truck\\\/artikel\\\/total-break-down-45718\\\/#breadcrumb\",\"itemListElement\":[{\"@type\":\"ListItem\",\"position\":1,\"name\":\"Krafthand-Truck\",\"item\":\"https:\\\/\\\/www.krafthand.de\\\/truck\\\/\"},{\"@type\":\"ListItem\",\"position\":2,\"name\":\"Nfz-Branche\",\"item\":\"https:\\\/\\\/www.krafthand.de\\\/truck\\\/kategorie\\\/branche\\\/\"},{\"@type\":\"ListItem\",\"position\":3,\"name\":\"Verb\u00e4nde\\\/Politik\\\/Recht\",\"item\":\"https:\\\/\\\/www.krafthand.de\\\/truck\\\/kategorie\\\/branche\\\/verbaende\\\/\"},{\"@type\":\"ListItem\",\"position\":4,\"name\":\"TOTAL BREAK DOWN?\"}]},{\"@type\":\"WebSite\",\"@id\":\"https:\\\/\\\/www.krafthand.de\\\/truck\\\/#website\",\"url\":\"https:\\\/\\\/www.krafthand.de\\\/truck\\\/\",\"name\":\"Krafthand-Truck\",\"description\":\"\",\"potentialAction\":[{\"@type\":\"SearchAction\",\"target\":{\"@type\":\"EntryPoint\",\"urlTemplate\":\"https:\\\/\\\/www.krafthand.de\\\/truck\\\/?s={search_term_string}\"},\"query-input\":{\"@type\":\"PropertyValueSpecification\",\"valueRequired\":true,\"valueName\":\"search_term_string\"}}],\"inLanguage\":\"de\"},{\"@type\":\"Person\",\"@id\":\"https:\\\/\\\/www.krafthand.de\\\/truck\\\/#\\\/schema\\\/person\\\/51fa80b1c57034c4bf63f9f988fc24ce\",\"name\":\"georg.blenk@krafthand-medien.de\",\"image\":{\"@type\":\"ImageObject\",\"inLanguage\":\"de\",\"@id\":\"https:\\\/\\\/secure.gravatar.com\\\/avatar\\\/93713c30affe0aa95d3a4130e499bb1abee2eb31adbdd9ce2aa1543538490215?s=96&d=mm&r=g\",\"url\":\"https:\\\/\\\/secure.gravatar.com\\\/avatar\\\/93713c30affe0aa95d3a4130e499bb1abee2eb31adbdd9ce2aa1543538490215?s=96&d=mm&r=g\",\"contentUrl\":\"https:\\\/\\\/secure.gravatar.com\\\/avatar\\\/93713c30affe0aa95d3a4130e499bb1abee2eb31adbdd9ce2aa1543538490215?s=96&d=mm&r=g\",\"caption\":\"georg.blenk@krafthand-medien.de\"}}]}<\/script>\n<!-- \/ Yoast SEO plugin. -->","yoast_head_json":{"title":"Unterwegskontrolle I Blickpunkt Lkw-\/Trailer-Bremse I Teil 2","description":"Regelm\u00e4\u00dfig fallen im Rahmen von Stichproben Nutzfahrzeuge mit gravierenden M\u00e4ngeln an der Bremsanlage auf.","robots":{"index":"index","follow":"follow","max-snippet":"max-snippet:-1","max-image-preview":"max-image-preview:large","max-video-preview":"max-video-preview:-1"},"canonical":"https:\/\/www.krafthand.de\/truck\/artikel\/total-break-down-45718\/","og_locale":"de_DE","og_type":"article","og_title":"Unterwegskontrolle I Blickpunkt Lkw-\/Trailer-Bremse I Teil 2","og_description":"Regelm\u00e4\u00dfig fallen im Rahmen von Stichproben Nutzfahrzeuge mit gravierenden M\u00e4ngeln an der Bremsanlage auf.","og_url":"https:\/\/www.krafthand-truck.de\/artikel\/total-break-down-45718\/","og_site_name":"Krafthand-Truck","article_published_time":"2026-03-16T09:51:19+00:00","article_modified_time":"2026-03-16T10:01:39+00:00","og_image":[{"width":1200,"height":673,"url":"https:\/\/static.krafthand-truck.de\/uploads\/2026\/03\/Untersuchung_Bremsscheibe_Lkw-Bremse_Polizeikontrolle.jpg","type":"image\/jpeg"}],"author":"georg.blenk@krafthand-medien.de","twitter_card":"summary_large_image","twitter_misc":{"Verfasst von":"georg.blenk@krafthand-medien.de","Gesch\u00e4tzte Lesezeit":"11\u00a0Minuten"},"schema":{"@context":"https:\/\/schema.org","@graph":[{"@type":"Article","@id":"https:\/\/www.krafthand.de\/truck\/artikel\/total-break-down-45718\/#article","isPartOf":{"@id":"https:\/\/www.krafthand.de\/truck\/artikel\/total-break-down-45718\/"},"author":{"name":"georg.blenk@krafthand-medien.de","@id":"https:\/\/www.krafthand.de\/truck\/#\/schema\/person\/51fa80b1c57034c4bf63f9f988fc24ce"},"headline":"TOTAL BREAK DOWN?","datePublished":"2026-03-16T09:51:19+00:00","dateModified":"2026-03-16T10:01:39+00:00","mainEntityOfPage":{"@id":"https:\/\/www.krafthand.de\/truck\/artikel\/total-break-down-45718\/"},"wordCount":1533,"image":{"@id":"https:\/\/www.krafthand.de\/truck\/artikel\/total-break-down-45718\/#primaryimage"},"thumbnailUrl":"https:\/\/static.krafthand-truck.de\/uploads\/2026\/03\/Untersuchung_Bremsscheibe_Lkw-Bremse_Polizeikontrolle.jpg","keywords":["Bremsen","Bremssattel","Bremsscheibe","Bremsverschlei\u00df","Mayans-Sanchez","Polizei-Kontrolle","Schadensanalyse","Trommelbremse"],"articleSection":["Rad\/Reifen\/Bremse","Verb\u00e4nde\/Politik\/Recht"],"inLanguage":"de"},{"@type":"WebPage","@id":"https:\/\/www.krafthand.de\/truck\/artikel\/total-break-down-45718\/","url":"https:\/\/www.krafthand.de\/truck\/artikel\/total-break-down-45718\/","name":"Unterwegskontrolle I Blickpunkt Lkw-\/Trailer-Bremse I Teil 2","isPartOf":{"@id":"https:\/\/www.krafthand.de\/truck\/#website"},"primaryImageOfPage":{"@id":"https:\/\/www.krafthand.de\/truck\/artikel\/total-break-down-45718\/#primaryimage"},"image":{"@id":"https:\/\/www.krafthand.de\/truck\/artikel\/total-break-down-45718\/#primaryimage"},"thumbnailUrl":"https:\/\/static.krafthand-truck.de\/uploads\/2026\/03\/Untersuchung_Bremsscheibe_Lkw-Bremse_Polizeikontrolle.jpg","datePublished":"2026-03-16T09:51:19+00:00","dateModified":"2026-03-16T10:01:39+00:00","author":{"@id":"https:\/\/www.krafthand.de\/truck\/#\/schema\/person\/51fa80b1c57034c4bf63f9f988fc24ce"},"description":"Regelm\u00e4\u00dfig fallen im Rahmen von Stichproben Nutzfahrzeuge mit gravierenden M\u00e4ngeln an der Bremsanlage auf.","breadcrumb":{"@id":"https:\/\/www.krafthand.de\/truck\/artikel\/total-break-down-45718\/#breadcrumb"},"inLanguage":"de","potentialAction":[{"@type":"ReadAction","target":["https:\/\/www.krafthand.de\/truck\/artikel\/total-break-down-45718\/"]}]},{"@type":"ImageObject","inLanguage":"de","@id":"https:\/\/www.krafthand.de\/truck\/artikel\/total-break-down-45718\/#primaryimage","url":"https:\/\/static.krafthand-truck.de\/uploads\/2026\/03\/Untersuchung_Bremsscheibe_Lkw-Bremse_Polizeikontrolle.jpg","contentUrl":"https:\/\/static.krafthand-truck.de\/uploads\/2026\/03\/Untersuchung_Bremsscheibe_Lkw-Bremse_Polizeikontrolle.jpg","width":1200,"height":673},{"@type":"BreadcrumbList","@id":"https:\/\/www.krafthand.de\/truck\/artikel\/total-break-down-45718\/#breadcrumb","itemListElement":[{"@type":"ListItem","position":1,"name":"Krafthand-Truck","item":"https:\/\/www.krafthand.de\/truck\/"},{"@type":"ListItem","position":2,"name":"Nfz-Branche","item":"https:\/\/www.krafthand.de\/truck\/kategorie\/branche\/"},{"@type":"ListItem","position":3,"name":"Verb\u00e4nde\/Politik\/Recht","item":"https:\/\/www.krafthand.de\/truck\/kategorie\/branche\/verbaende\/"},{"@type":"ListItem","position":4,"name":"TOTAL BREAK DOWN?"}]},{"@type":"WebSite","@id":"https:\/\/www.krafthand.de\/truck\/#website","url":"https:\/\/www.krafthand.de\/truck\/","name":"Krafthand-Truck","description":"","potentialAction":[{"@type":"SearchAction","target":{"@type":"EntryPoint","urlTemplate":"https:\/\/www.krafthand.de\/truck\/?s={search_term_string}"},"query-input":{"@type":"PropertyValueSpecification","valueRequired":true,"valueName":"search_term_string"}}],"inLanguage":"de"},{"@type":"Person","@id":"https:\/\/www.krafthand.de\/truck\/#\/schema\/person\/51fa80b1c57034c4bf63f9f988fc24ce","name":"georg.blenk@krafthand-medien.de","image":{"@type":"ImageObject","inLanguage":"de","@id":"https:\/\/secure.gravatar.com\/avatar\/93713c30affe0aa95d3a4130e499bb1abee2eb31adbdd9ce2aa1543538490215?s=96&d=mm&r=g","url":"https:\/\/secure.gravatar.com\/avatar\/93713c30affe0aa95d3a4130e499bb1abee2eb31adbdd9ce2aa1543538490215?s=96&d=mm&r=g","contentUrl":"https:\/\/secure.gravatar.com\/avatar\/93713c30affe0aa95d3a4130e499bb1abee2eb31adbdd9ce2aa1543538490215?s=96&d=mm&r=g","caption":"georg.blenk@krafthand-medien.de"}}]}},"_links":{"self":[{"href":"https:\/\/www.krafthand.de\/truck\/wp-json\/wp\/v2\/posts\/45718","targetHints":{"allow":["GET"]}}],"collection":[{"href":"https:\/\/www.krafthand.de\/truck\/wp-json\/wp\/v2\/posts"}],"about":[{"href":"https:\/\/www.krafthand.de\/truck\/wp-json\/wp\/v2\/types\/post"}],"author":[{"embeddable":true,"href":"https:\/\/www.krafthand.de\/truck\/wp-json\/wp\/v2\/users\/9"}],"replies":[{"embeddable":true,"href":"https:\/\/www.krafthand.de\/truck\/wp-json\/wp\/v2\/comments?post=45718"}],"version-history":[{"count":42,"href":"https:\/\/www.krafthand.de\/truck\/wp-json\/wp\/v2\/posts\/45718\/revisions"}],"predecessor-version":[{"id":45773,"href":"https:\/\/www.krafthand.de\/truck\/wp-json\/wp\/v2\/posts\/45718\/revisions\/45773"}],"wp:featuredmedia":[{"embeddable":true,"href":"https:\/\/www.krafthand.de\/truck\/wp-json\/wp\/v2\/media\/45724"}],"wp:attachment":[{"href":"https:\/\/www.krafthand.de\/truck\/wp-json\/wp\/v2\/media?parent=45718"}],"wp:term":[{"taxonomy":"category","embeddable":true,"href":"https:\/\/www.krafthand.de\/truck\/wp-json\/wp\/v2\/categories?post=45718"},{"taxonomy":"post_tag","embeddable":true,"href":"https:\/\/www.krafthand.de\/truck\/wp-json\/wp\/v2\/tags?post=45718"},{"taxonomy":"settings","embeddable":true,"href":"https:\/\/www.krafthand.de\/truck\/wp-json\/wp\/v2\/settings?post=45718"}],"curies":[{"name":"wp","href":"https:\/\/api.w.org\/{rel}","templated":true}]}}