{"id":45668,"date":"2026-03-10T08:27:05","date_gmt":"2026-03-10T07:27:05","guid":{"rendered":"https:\/\/www.krafthand.de\/truck\/?p=45668"},"modified":"2026-03-16T09:04:01","modified_gmt":"2026-03-16T08:04:01","slug":"emas-zertifikat-fuer-andreas-schmid-group","status":"publish","type":"post","link":"https:\/\/www.krafthand.de\/truck\/artikel\/emas-zertifikat-fuer-andreas-schmid-group-45668\/","title":{"rendered":"EMAS-Zertifikat f\u00fcr Andreas Schmid Group"},"content":{"rendered":"<p>Die Andreas Schmid Group ist mit dem EMAS-Zertifikat ausgezeichnet worden. Die \u00dcbergabe der Urkunde erfolgte durch die Industrie- und Handelskammer (IHK) Schwaben. EMAS (Eco-Management and Audit Scheme) geh\u00f6rt zu den anspruchsvollsten Umweltmanagementsystemen Europas.<\/p>\n<p>Die EMAS-Zertifizierung best\u00e4tigt, dass das Unternehmen ein europaweit anerkanntes Umweltmanagementsystem eingef\u00fchrt hat und dessen Anforderungen systematisch erf\u00fcllt. Dabei setzt es strenge Kriterien voraus, darunter die Erfassung von Kennzahlen, die Definition klarer Umweltziele und die regelm\u00e4\u00dfige externe Pr\u00fcfung der Umweltleistung.<\/p>\n<h3>Emissionen im Fokus<\/h3>\n<p>Der gr\u00f6\u00dfte Handlungsspielraum f\u00fcr mehr Umweltschutz liegt in der Logistik in der Reduzierung von Treibhausgasemissionen. Hierf\u00fcr testet die Andreas Schmid Group beispielsweise alternative Antriebe, produziert erneuerbaren Strom \u00fcber Solaranlagen auf den D\u00e4chern der Logistikhallen und r\u00fcstet die hauseigene Tankstelle auf den synthetischen Dieselersatz <a href=\"https:\/\/www.krafthand.de\/truck\/artikel\/hvo-kraftstoffe-koennen-die-co2-emissionen-um-bis-zu-90-prozent-reduzieren-37170\/\" target=\"_blank\" rel=\"noopener\">HVO100<\/a> um.<\/p>\n<h3>Kunden erhalten mehr Einblick<\/h3>\n<p>Kunden der <a href=\"https:\/\/andreas-schmid.group\" target=\"_blank\" rel=\"noopener\">Andreas Schmid Group<\/a> erhalten k\u00fcnftig tiefere Einblicke in die Emissionen ihrer Sendungen. Eine neue Software soll die Emissionen bis auf Sendungsebene erfassen und in einem Report an die Kunden \u00fcbermitteln. Darauf basierend bietet das Unternehmen nachhaltige Alternativen an, von der Verpackung bis hin zu alternativen Antrieben. So k\u00f6nnen die Kunden der Andreas Schmid Group auch selbst nachhaltige Entscheidungen treffen und ihre CO2-Bilanz verbessern.<\/p>\n","protected":false},"excerpt":{"rendered":"<p>Die Andreas Schmid Group ist mit dem EMAS-Zertifikat ausgezeichnet worden. Die \u00dcbergabe der Urkunde erfolgte durch die Industrie- und Handelskammer (IHK) Schwaben. EMAS (Eco-Management and Audit Scheme) geh\u00f6rt zu den anspruchsvollsten Umweltmanagementsystemen Europas. <span class=\"excerpt-more__dots\">&#8230;<\/span> <a class=\"excerpt-more__link\" href=\"https:\/\/www.krafthand.de\/truck\/artikel\/emas-zertifikat-fuer-andreas-schmid-group-45668\/\" >weiter<\/a><\/p>\n","protected":false},"author":9,"featured_media":45674,"comment_status":"closed","ping_status":"closed","sticky":false,"template":"","format":"standard","meta":{"footnotes":""},"categories":[4235],"tags":[4012,6420,5717,6421],"settings":[],"class_list":["post-45668","post","type-post","status-publish","format-standard","has-post-thumbnail","hentry","category-unternehmen","tag-co2-bilanz","tag-emas","tag-hvo","tag-umweltmanagement"],"yoast_head":"<!-- This site is optimized with the Yoast SEO plugin v27.3 - https:\/\/yoast.com\/product\/yoast-seo-wordpress\/ -->\n<title>EMAS-Zertifikat f\u00fcr Andreas Schmid Group - Krafthand-Truck<\/title>\n<meta name=\"description\" content=\"Die Andreas Schmid Group ist mit dem EMAS-Zertifikat (Eco-Management and Audit Scheme) ausgezeichnet worden.\" \/>\n<meta name=\"robots\" content=\"index, follow, max-snippet:-1, max-image-preview:large, max-video-preview:-1\" \/>\n<link rel=\"canonical\" href=\"https:\/\/www.krafthand.de\/truck\/artikel\/emas-zertifikat-fuer-andreas-schmid-group-45668\/\" \/>\n<meta property=\"og:locale\" content=\"de_DE\" \/>\n<meta property=\"og:type\" content=\"article\" \/>\n<meta property=\"og:title\" content=\"EMAS-Zertifikat f\u00fcr Andreas Schmid Group - Krafthand-Truck\" \/>\n<meta property=\"og:description\" content=\"Die Andreas Schmid Group ist mit dem EMAS-Zertifikat (Eco-Management and Audit Scheme) ausgezeichnet worden.\" \/>\n<meta property=\"og:url\" content=\"https:\/\/www.krafthand-truck.de\/artikel\/emas-zertifikat-fuer-andreas-schmid-group-45668\/\" \/>\n<meta property=\"og:site_name\" content=\"Krafthand-Truck\" \/>\n<meta property=\"article:published_time\" content=\"2026-03-10T07:27:05+00:00\" \/>\n<meta property=\"article:modified_time\" content=\"2026-03-16T08:04:01+00:00\" \/>\n<meta property=\"og:image\" content=\"https:\/\/static.krafthand-truck.de\/uploads\/2026\/03\/Andreas_Schmid_Group_EMAS_Ruediger_Kast_Claudia_Ambrosy.jpg\" \/>\n\t<meta property=\"og:image:width\" content=\"1200\" \/>\n\t<meta property=\"og:image:height\" content=\"876\" \/>\n\t<meta property=\"og:image:type\" content=\"image\/jpeg\" \/>\n<meta name=\"author\" content=\"georg.blenk@krafthand-medien.de\" \/>\n<meta name=\"twitter:card\" content=\"summary_large_image\" \/>\n<meta name=\"twitter:label1\" content=\"Verfasst von\" \/>\n\t<meta name=\"twitter:data1\" content=\"georg.blenk@krafthand-medien.de\" \/>\n\t<meta name=\"twitter:label2\" content=\"Gesch\u00e4tzte Lesezeit\" \/>\n\t<meta name=\"twitter:data2\" content=\"2\u00a0Minuten\" \/>\n<script type=\"application\/ld+json\" class=\"yoast-schema-graph\">{\"@context\":\"https:\\\/\\\/schema.org\",\"@graph\":[{\"@type\":\"Article\",\"@id\":\"https:\\\/\\\/www.krafthand.de\\\/truck\\\/artikel\\\/emas-zertifikat-fuer-andreas-schmid-group-45668\\\/#article\",\"isPartOf\":{\"@id\":\"https:\\\/\\\/www.krafthand.de\\\/truck\\\/artikel\\\/emas-zertifikat-fuer-andreas-schmid-group-45668\\\/\"},\"author\":{\"name\":\"georg.blenk@krafthand-medien.de\",\"@id\":\"https:\\\/\\\/www.krafthand.de\\\/truck\\\/#\\\/schema\\\/person\\\/51fa80b1c57034c4bf63f9f988fc24ce\"},\"headline\":\"EMAS-Zertifikat f\u00fcr Andreas Schmid Group\",\"datePublished\":\"2026-03-10T07:27:05+00:00\",\"dateModified\":\"2026-03-16T08:04:01+00:00\",\"mainEntityOfPage\":{\"@id\":\"https:\\\/\\\/www.krafthand.de\\\/truck\\\/artikel\\\/emas-zertifikat-fuer-andreas-schmid-group-45668\\\/\"},\"wordCount\":209,\"image\":{\"@id\":\"https:\\\/\\\/www.krafthand.de\\\/truck\\\/artikel\\\/emas-zertifikat-fuer-andreas-schmid-group-45668\\\/#primaryimage\"},\"thumbnailUrl\":\"https:\\\/\\\/static.krafthand-truck.de\\\/uploads\\\/2026\\\/03\\\/Andreas_Schmid_Group_EMAS_Ruediger_Kast_Claudia_Ambrosy.jpg\",\"keywords\":[\"CO2-Bilanz\",\"EMAS\",\"HVO\",\"Umweltmanagement\"],\"articleSection\":[\"Unternehmen\"],\"inLanguage\":\"de\"},{\"@type\":\"WebPage\",\"@id\":\"https:\\\/\\\/www.krafthand.de\\\/truck\\\/artikel\\\/emas-zertifikat-fuer-andreas-schmid-group-45668\\\/\",\"url\":\"https:\\\/\\\/www.krafthand.de\\\/truck\\\/artikel\\\/emas-zertifikat-fuer-andreas-schmid-group-45668\\\/\",\"name\":\"EMAS-Zertifikat f\u00fcr Andreas Schmid Group - Krafthand-Truck\",\"isPartOf\":{\"@id\":\"https:\\\/\\\/www.krafthand.de\\\/truck\\\/#website\"},\"primaryImageOfPage\":{\"@id\":\"https:\\\/\\\/www.krafthand.de\\\/truck\\\/artikel\\\/emas-zertifikat-fuer-andreas-schmid-group-45668\\\/#primaryimage\"},\"image\":{\"@id\":\"https:\\\/\\\/www.krafthand.de\\\/truck\\\/artikel\\\/emas-zertifikat-fuer-andreas-schmid-group-45668\\\/#primaryimage\"},\"thumbnailUrl\":\"https:\\\/\\\/static.krafthand-truck.de\\\/uploads\\\/2026\\\/03\\\/Andreas_Schmid_Group_EMAS_Ruediger_Kast_Claudia_Ambrosy.jpg\",\"datePublished\":\"2026-03-10T07:27:05+00:00\",\"dateModified\":\"2026-03-16T08:04:01+00:00\",\"author\":{\"@id\":\"https:\\\/\\\/www.krafthand.de\\\/truck\\\/#\\\/schema\\\/person\\\/51fa80b1c57034c4bf63f9f988fc24ce\"},\"description\":\"Die Andreas Schmid Group ist mit dem EMAS-Zertifikat (Eco-Management and Audit Scheme) ausgezeichnet worden.\",\"breadcrumb\":{\"@id\":\"https:\\\/\\\/www.krafthand.de\\\/truck\\\/artikel\\\/emas-zertifikat-fuer-andreas-schmid-group-45668\\\/#breadcrumb\"},\"inLanguage\":\"de\",\"potentialAction\":[{\"@type\":\"ReadAction\",\"target\":[\"https:\\\/\\\/www.krafthand.de\\\/truck\\\/artikel\\\/emas-zertifikat-fuer-andreas-schmid-group-45668\\\/\"]}]},{\"@type\":\"ImageObject\",\"inLanguage\":\"de\",\"@id\":\"https:\\\/\\\/www.krafthand.de\\\/truck\\\/artikel\\\/emas-zertifikat-fuer-andreas-schmid-group-45668\\\/#primaryimage\",\"url\":\"https:\\\/\\\/static.krafthand-truck.de\\\/uploads\\\/2026\\\/03\\\/Andreas_Schmid_Group_EMAS_Ruediger_Kast_Claudia_Ambrosy.jpg\",\"contentUrl\":\"https:\\\/\\\/static.krafthand-truck.de\\\/uploads\\\/2026\\\/03\\\/Andreas_Schmid_Group_EMAS_Ruediger_Kast_Claudia_Ambrosy.jpg\",\"width\":1200,\"height\":876},{\"@type\":\"BreadcrumbList\",\"@id\":\"https:\\\/\\\/www.krafthand.de\\\/truck\\\/artikel\\\/emas-zertifikat-fuer-andreas-schmid-group-45668\\\/#breadcrumb\",\"itemListElement\":[{\"@type\":\"ListItem\",\"position\":1,\"name\":\"Krafthand-Truck\",\"item\":\"https:\\\/\\\/www.krafthand.de\\\/truck\\\/\"},{\"@type\":\"ListItem\",\"position\":2,\"name\":\"Nfz-Branche\",\"item\":\"https:\\\/\\\/www.krafthand.de\\\/truck\\\/kategorie\\\/branche\\\/\"},{\"@type\":\"ListItem\",\"position\":3,\"name\":\"Unternehmen\",\"item\":\"https:\\\/\\\/www.krafthand.de\\\/truck\\\/kategorie\\\/branche\\\/unternehmen\\\/\"},{\"@type\":\"ListItem\",\"position\":4,\"name\":\"EMAS-Zertifikat f\u00fcr Andreas Schmid Group\"}]},{\"@type\":\"WebSite\",\"@id\":\"https:\\\/\\\/www.krafthand.de\\\/truck\\\/#website\",\"url\":\"https:\\\/\\\/www.krafthand.de\\\/truck\\\/\",\"name\":\"Krafthand-Truck\",\"description\":\"\",\"potentialAction\":[{\"@type\":\"SearchAction\",\"target\":{\"@type\":\"EntryPoint\",\"urlTemplate\":\"https:\\\/\\\/www.krafthand.de\\\/truck\\\/?s={search_term_string}\"},\"query-input\":{\"@type\":\"PropertyValueSpecification\",\"valueRequired\":true,\"valueName\":\"search_term_string\"}}],\"inLanguage\":\"de\"},{\"@type\":\"Person\",\"@id\":\"https:\\\/\\\/www.krafthand.de\\\/truck\\\/#\\\/schema\\\/person\\\/51fa80b1c57034c4bf63f9f988fc24ce\",\"name\":\"georg.blenk@krafthand-medien.de\",\"image\":{\"@type\":\"ImageObject\",\"inLanguage\":\"de\",\"@id\":\"https:\\\/\\\/secure.gravatar.com\\\/avatar\\\/93713c30affe0aa95d3a4130e499bb1abee2eb31adbdd9ce2aa1543538490215?s=96&d=mm&r=g\",\"url\":\"https:\\\/\\\/secure.gravatar.com\\\/avatar\\\/93713c30affe0aa95d3a4130e499bb1abee2eb31adbdd9ce2aa1543538490215?s=96&d=mm&r=g\",\"contentUrl\":\"https:\\\/\\\/secure.gravatar.com\\\/avatar\\\/93713c30affe0aa95d3a4130e499bb1abee2eb31adbdd9ce2aa1543538490215?s=96&d=mm&r=g\",\"caption\":\"georg.blenk@krafthand-medien.de\"}}]}<\/script>\n<!-- \/ Yoast SEO plugin. -->","yoast_head_json":{"title":"EMAS-Zertifikat f\u00fcr Andreas Schmid Group - Krafthand-Truck","description":"Die Andreas Schmid Group ist mit dem EMAS-Zertifikat (Eco-Management and Audit Scheme) ausgezeichnet worden.","robots":{"index":"index","follow":"follow","max-snippet":"max-snippet:-1","max-image-preview":"max-image-preview:large","max-video-preview":"max-video-preview:-1"},"canonical":"https:\/\/www.krafthand.de\/truck\/artikel\/emas-zertifikat-fuer-andreas-schmid-group-45668\/","og_locale":"de_DE","og_type":"article","og_title":"EMAS-Zertifikat f\u00fcr Andreas Schmid Group - Krafthand-Truck","og_description":"Die Andreas Schmid Group ist mit dem EMAS-Zertifikat (Eco-Management and Audit Scheme) ausgezeichnet worden.","og_url":"https:\/\/www.krafthand-truck.de\/artikel\/emas-zertifikat-fuer-andreas-schmid-group-45668\/","og_site_name":"Krafthand-Truck","article_published_time":"2026-03-10T07:27:05+00:00","article_modified_time":"2026-03-16T08:04:01+00:00","og_image":[{"width":1200,"height":876,"url":"https:\/\/static.krafthand-truck.de\/uploads\/2026\/03\/Andreas_Schmid_Group_EMAS_Ruediger_Kast_Claudia_Ambrosy.jpg","type":"image\/jpeg"}],"author":"georg.blenk@krafthand-medien.de","twitter_card":"summary_large_image","twitter_misc":{"Verfasst von":"georg.blenk@krafthand-medien.de","Gesch\u00e4tzte Lesezeit":"2\u00a0Minuten"},"schema":{"@context":"https:\/\/schema.org","@graph":[{"@type":"Article","@id":"https:\/\/www.krafthand.de\/truck\/artikel\/emas-zertifikat-fuer-andreas-schmid-group-45668\/#article","isPartOf":{"@id":"https:\/\/www.krafthand.de\/truck\/artikel\/emas-zertifikat-fuer-andreas-schmid-group-45668\/"},"author":{"name":"georg.blenk@krafthand-medien.de","@id":"https:\/\/www.krafthand.de\/truck\/#\/schema\/person\/51fa80b1c57034c4bf63f9f988fc24ce"},"headline":"EMAS-Zertifikat f\u00fcr Andreas Schmid Group","datePublished":"2026-03-10T07:27:05+00:00","dateModified":"2026-03-16T08:04:01+00:00","mainEntityOfPage":{"@id":"https:\/\/www.krafthand.de\/truck\/artikel\/emas-zertifikat-fuer-andreas-schmid-group-45668\/"},"wordCount":209,"image":{"@id":"https:\/\/www.krafthand.de\/truck\/artikel\/emas-zertifikat-fuer-andreas-schmid-group-45668\/#primaryimage"},"thumbnailUrl":"https:\/\/static.krafthand-truck.de\/uploads\/2026\/03\/Andreas_Schmid_Group_EMAS_Ruediger_Kast_Claudia_Ambrosy.jpg","keywords":["CO2-Bilanz","EMAS","HVO","Umweltmanagement"],"articleSection":["Unternehmen"],"inLanguage":"de"},{"@type":"WebPage","@id":"https:\/\/www.krafthand.de\/truck\/artikel\/emas-zertifikat-fuer-andreas-schmid-group-45668\/","url":"https:\/\/www.krafthand.de\/truck\/artikel\/emas-zertifikat-fuer-andreas-schmid-group-45668\/","name":"EMAS-Zertifikat f\u00fcr Andreas Schmid Group - Krafthand-Truck","isPartOf":{"@id":"https:\/\/www.krafthand.de\/truck\/#website"},"primaryImageOfPage":{"@id":"https:\/\/www.krafthand.de\/truck\/artikel\/emas-zertifikat-fuer-andreas-schmid-group-45668\/#primaryimage"},"image":{"@id":"https:\/\/www.krafthand.de\/truck\/artikel\/emas-zertifikat-fuer-andreas-schmid-group-45668\/#primaryimage"},"thumbnailUrl":"https:\/\/static.krafthand-truck.de\/uploads\/2026\/03\/Andreas_Schmid_Group_EMAS_Ruediger_Kast_Claudia_Ambrosy.jpg","datePublished":"2026-03-10T07:27:05+00:00","dateModified":"2026-03-16T08:04:01+00:00","author":{"@id":"https:\/\/www.krafthand.de\/truck\/#\/schema\/person\/51fa80b1c57034c4bf63f9f988fc24ce"},"description":"Die Andreas Schmid Group ist mit dem EMAS-Zertifikat (Eco-Management and Audit Scheme) ausgezeichnet worden.","breadcrumb":{"@id":"https:\/\/www.krafthand.de\/truck\/artikel\/emas-zertifikat-fuer-andreas-schmid-group-45668\/#breadcrumb"},"inLanguage":"de","potentialAction":[{"@type":"ReadAction","target":["https:\/\/www.krafthand.de\/truck\/artikel\/emas-zertifikat-fuer-andreas-schmid-group-45668\/"]}]},{"@type":"ImageObject","inLanguage":"de","@id":"https:\/\/www.krafthand.de\/truck\/artikel\/emas-zertifikat-fuer-andreas-schmid-group-45668\/#primaryimage","url":"https:\/\/static.krafthand-truck.de\/uploads\/2026\/03\/Andreas_Schmid_Group_EMAS_Ruediger_Kast_Claudia_Ambrosy.jpg","contentUrl":"https:\/\/static.krafthand-truck.de\/uploads\/2026\/03\/Andreas_Schmid_Group_EMAS_Ruediger_Kast_Claudia_Ambrosy.jpg","width":1200,"height":876},{"@type":"BreadcrumbList","@id":"https:\/\/www.krafthand.de\/truck\/artikel\/emas-zertifikat-fuer-andreas-schmid-group-45668\/#breadcrumb","itemListElement":[{"@type":"ListItem","position":1,"name":"Krafthand-Truck","item":"https:\/\/www.krafthand.de\/truck\/"},{"@type":"ListItem","position":2,"name":"Nfz-Branche","item":"https:\/\/www.krafthand.de\/truck\/kategorie\/branche\/"},{"@type":"ListItem","position":3,"name":"Unternehmen","item":"https:\/\/www.krafthand.de\/truck\/kategorie\/branche\/unternehmen\/"},{"@type":"ListItem","position":4,"name":"EMAS-Zertifikat f\u00fcr Andreas Schmid Group"}]},{"@type":"WebSite","@id":"https:\/\/www.krafthand.de\/truck\/#website","url":"https:\/\/www.krafthand.de\/truck\/","name":"Krafthand-Truck","description":"","potentialAction":[{"@type":"SearchAction","target":{"@type":"EntryPoint","urlTemplate":"https:\/\/www.krafthand.de\/truck\/?s={search_term_string}"},"query-input":{"@type":"PropertyValueSpecification","valueRequired":true,"valueName":"search_term_string"}}],"inLanguage":"de"},{"@type":"Person","@id":"https:\/\/www.krafthand.de\/truck\/#\/schema\/person\/51fa80b1c57034c4bf63f9f988fc24ce","name":"georg.blenk@krafthand-medien.de","image":{"@type":"ImageObject","inLanguage":"de","@id":"https:\/\/secure.gravatar.com\/avatar\/93713c30affe0aa95d3a4130e499bb1abee2eb31adbdd9ce2aa1543538490215?s=96&d=mm&r=g","url":"https:\/\/secure.gravatar.com\/avatar\/93713c30affe0aa95d3a4130e499bb1abee2eb31adbdd9ce2aa1543538490215?s=96&d=mm&r=g","contentUrl":"https:\/\/secure.gravatar.com\/avatar\/93713c30affe0aa95d3a4130e499bb1abee2eb31adbdd9ce2aa1543538490215?s=96&d=mm&r=g","caption":"georg.blenk@krafthand-medien.de"}}]}},"_links":{"self":[{"href":"https:\/\/www.krafthand.de\/truck\/wp-json\/wp\/v2\/posts\/45668","targetHints":{"allow":["GET"]}}],"collection":[{"href":"https:\/\/www.krafthand.de\/truck\/wp-json\/wp\/v2\/posts"}],"about":[{"href":"https:\/\/www.krafthand.de\/truck\/wp-json\/wp\/v2\/types\/post"}],"author":[{"embeddable":true,"href":"https:\/\/www.krafthand.de\/truck\/wp-json\/wp\/v2\/users\/9"}],"replies":[{"embeddable":true,"href":"https:\/\/www.krafthand.de\/truck\/wp-json\/wp\/v2\/comments?post=45668"}],"version-history":[{"count":6,"href":"https:\/\/www.krafthand.de\/truck\/wp-json\/wp\/v2\/posts\/45668\/revisions"}],"predecessor-version":[{"id":45675,"href":"https:\/\/www.krafthand.de\/truck\/wp-json\/wp\/v2\/posts\/45668\/revisions\/45675"}],"wp:featuredmedia":[{"embeddable":true,"href":"https:\/\/www.krafthand.de\/truck\/wp-json\/wp\/v2\/media\/45674"}],"wp:attachment":[{"href":"https:\/\/www.krafthand.de\/truck\/wp-json\/wp\/v2\/media?parent=45668"}],"wp:term":[{"taxonomy":"category","embeddable":true,"href":"https:\/\/www.krafthand.de\/truck\/wp-json\/wp\/v2\/categories?post=45668"},{"taxonomy":"post_tag","embeddable":true,"href":"https:\/\/www.krafthand.de\/truck\/wp-json\/wp\/v2\/tags?post=45668"},{"taxonomy":"settings","embeddable":true,"href":"https:\/\/www.krafthand.de\/truck\/wp-json\/wp\/v2\/settings?post=45668"}],"curies":[{"name":"wp","href":"https:\/\/api.w.org\/{rel}","templated":true}]}}