{"id":45629,"date":"2026-03-06T11:02:38","date_gmt":"2026-03-06T10:02:38","guid":{"rendered":"https:\/\/www.krafthand.de\/truck\/?p=45629"},"modified":"2026-03-07T09:22:46","modified_gmt":"2026-03-07T08:22:46","slug":"aus-der-garage-zum-global-player","status":"publish","type":"post","link":"https:\/\/www.krafthand.de\/truck\/artikel\/aus-der-garage-zum-global-player-45629\/","title":{"rendered":"Aus der Garage zum Global-Player"},"content":{"rendered":"<p>Die KS Tools Werkzeuge-Maschinen GmbH wurde 1992 von Peter K\u00fchne und Stephan Schott gegr\u00fcndet. Dabei steht \u201aKS\u2018 f\u00fcr K\u00fchne und Schott. Das Unternehmen entstand quasi aus der Garage heraus. Gestartet ist man mit einem Anfangssortiment von rund 30 Handwerkzeugen f\u00fcr den Sanit\u00e4rbereich. Heute umfasst das Portfolio rund 50.000 Artikel f\u00fcr Anwendungen in der (Automobil-) Industrie, in Pkw- und Nfz-Werkst\u00e4tten, im Handwerk allgemein. Der Unternehmenssitz befindet sich in Heusenstamm bei Frankfurt am Main, von wo aus Kunden in \u00fcber 130 L\u00e4ndern beliefert werden. Mit aktuell rund 350 Mitarbeiter(innen) konnte man 2025 einen Gesamtumsatz von rund 150 Millionen Euro erzielen. Der Anteil an Werkzeugen f\u00fcr Nutzfahrzeugwerkst\u00e4tten macht dabei rund 20 Prozent aus, mit steigender Tendenz.<\/p>\n<figure id=\"attachment_45632\" aria-describedby=\"caption-attachment-45632\" style=\"width: 420px\" class=\"wp-caption alignleft\"><a href=\"https:\/\/static.krafthand-truck.de\/uploads\/2026\/03\/KS_Tools_Lagerhalle_Heusenstamm.jpg\" target=\"_blank\" rel=\"noopener\"><img fetchpriority=\"high\" decoding=\"async\" class=\"wp-image-45632\" src=\"https:\/\/static.krafthand-truck.de\/uploads\/2026\/03\/KS_Tools_Lagerhalle_Heusenstamm-300x200.jpg\" alt=\"\" width=\"420\" height=\"280\" srcset=\"https:\/\/static.krafthand-truck.de\/uploads\/2026\/03\/KS_Tools_Lagerhalle_Heusenstamm-300x200.jpg 300w, https:\/\/static.krafthand-truck.de\/uploads\/2026\/03\/KS_Tools_Lagerhalle_Heusenstamm-1024x683.jpg 1024w, https:\/\/static.krafthand-truck.de\/uploads\/2026\/03\/KS_Tools_Lagerhalle_Heusenstamm-768x512.jpg 768w, https:\/\/static.krafthand-truck.de\/uploads\/2026\/03\/KS_Tools_Lagerhalle_Heusenstamm.jpg 1200w\" sizes=\"(max-width: 420px) 100vw, 420px\" \/><\/a><figcaption id=\"caption-attachment-45632\" class=\"wp-caption-text\">Die neue Lagerhalle in Heusenstamm wurde 2022 eingeweiht. Sie bietet rund 30.500 Palettenstellpl\u00e4tze. Bild: KS Tools<\/figcaption><\/figure>\n<p>Was weitestgehend unbekannt ist: Am 1.M\u00e4rz 1997 wurde quasi parallel KS Tools Frankreich gegr\u00fcndet. Die beiden Unternehmen agierten v\u00f6llig unabh\u00e4ngig voneinander. Auch die Gesch\u00e4ftsf\u00fchrung war getrennt. Der Schritt stellte damals jedoch einen zentralen Meilenstein f\u00fcr die Internationalisierung und die Markenbekanntheit in Europa dar. Ende 2025 fusionierten beide Unternehmen. Seither agiert KS Tools als eine Einheit. Die Gesch\u00e4fte werden von Peter K\u00fchne und Orhan Altin gef\u00fchrt. Stefan Schott ist bereits 2013 ausgeschieden. Er galt mit als Aush\u00e4ngeschild von KS Tools. Seine Liebe galt dem Rallye-Sport. Die mehrfachen Teilnahmen an der Rallye-Dakar (privat sowie als Teil des X-Raid-Teams von Sven Quandt) waren fast schon legend\u00e4r und r\u00fcckten die Marke KS Tools in ein internationales Blickfeld.<\/p>\n<h3>Standorte und Logistik<\/h3>\n<figure id=\"attachment_45634\" aria-describedby=\"caption-attachment-45634\" style=\"width: 240px\" class=\"wp-caption alignright\"><a href=\"https:\/\/static.krafthand-truck.de\/uploads\/2026\/03\/KS_Tools_Lagerhalle_Logistik_Drohne_Dropshipping.jpg\" target=\"_blank\" rel=\"noopener\"><img decoding=\"async\" class=\"wp-image-45634\" src=\"https:\/\/static.krafthand-truck.de\/uploads\/2026\/03\/KS_Tools_Lagerhalle_Logistik_Drohne_Dropshipping-222x300.jpg\" alt=\"\" width=\"240\" height=\"324\" srcset=\"https:\/\/static.krafthand-truck.de\/uploads\/2026\/03\/KS_Tools_Lagerhalle_Logistik_Drohne_Dropshipping-222x300.jpg 222w, https:\/\/static.krafthand-truck.de\/uploads\/2026\/03\/KS_Tools_Lagerhalle_Logistik_Drohne_Dropshipping-758x1024.jpg 758w, https:\/\/static.krafthand-truck.de\/uploads\/2026\/03\/KS_Tools_Lagerhalle_Logistik_Drohne_Dropshipping-768x1038.jpg 768w, https:\/\/static.krafthand-truck.de\/uploads\/2026\/03\/KS_Tools_Lagerhalle_Logistik_Drohne_Dropshipping.jpg 800w\" sizes=\"(max-width: 240px) 100vw, 240px\" \/><\/a><figcaption id=\"caption-attachment-45634\" class=\"wp-caption-text\">Eine automatisierte Drohne \u00fcberwacht den Lagerbestand in Heusenstamm. Bild: KS Tools<\/figcaption><\/figure>\n<p>Hauptstandort von KS Tools ist nach wie vor Heusenstamm. Dies gilt auch f\u00fcr die Logistik. Beispielsweise wurde 2022 am Standort ein neues Zentrallager er\u00f6ffnet. Damit konnte allein die Kapazit\u00e4t an Palettenstellpl\u00e4tzen von rund 7.600 auf 50.000 erweitert werden. Zudem bietet KS Tools seinen Kunden ein \u201avirtuelles\u2018 Lager an, das stets auf dem neuesten Stand ist. <em>\u201eM\u00f6glich wird das durch unsere hauseigene Warehouse-Software. Tats\u00e4chlich sitzen zahlreiche Computer-Fachleute t\u00e4glich an der Anpassung und Weiterentwicklung\u201c<\/em>, erkl\u00e4rt Jens Apelt, Vertriebsleiter Automotive bei KS Tools. Im Optimalfall kann man bis 18.30 Uhr Auftr\u00e4ge annehmen und die Ware noch gleichen Tag an einen Transportdienstleister zur Auslieferung weitergeben. Dies sei laut Apelt auch dem g\u00fcnstigen Standort in der N\u00e4he des Frankfurter Flughafens geschuldet. Hier gibt es zahlreiche Dienstleister. Sollte es einmal zu Lieferverz\u00f6gerungen kommen, bekommen unsere Kunden t\u00e4glich entsprechende Updates. Es kann nat\u00fcrlich vorkommen, dass bei bestimmten Artikeln in Hinblick auf gest\u00f6rte Lieferketten auch Engp\u00e4sse eintreten.<\/p>\n<blockquote class=\"khm-quote\"><p>Was uns zugutekommt, ist unser technischer Au\u00dfendienst sowie die Pr\u00e4senz auf zahlreichen Messen.<\/p><\/blockquote>\n<p>Im neuen Lager in Heusenstamm kommt auch ein vollautomatisierter Packroboter zum Einsatz, eine automatisierte Drohne \u00fcberpr\u00fcft den Lagerbestand. <em>\u201eNat\u00fcrlich kommen wir nicht ohne Lagerfachkr\u00e4fte aus. Unser Produktportfolio ist sehr diversifiziert.\u201c<\/em> Auch das Thema \u201aDropshipping\u2018 hat KS Tools stark ausgebaut. Gemeint ist der Warenversand im Auftrag eines Kunden wie winkler oder WM. Dabei wird das Paket auch mit dem Kunden-Absender, inklusive Rechnung, gelabelt. <em>\u201eWas die Logistik angeht, sind wir heute sicherlich einer der f\u00fchrenden Unternehmen im Werkzeugbereich\u201c<\/em>, so Apelt. Im \u00dcbrigen findet sich in Heusenstamm auch der hauseigene Schulungscenter sowie ein Showroom. Ein weiteres Lager, alleine f\u00fcr Werkstattwagen, befindet sich im nahegelegenen Rodgau.<\/p>\n<h3>Nfz-Spezialwerkzeuge<\/h3>\n<figure id=\"attachment_45640\" aria-describedby=\"caption-attachment-45640\" style=\"width: 420px\" class=\"wp-caption alignleft\"><a href=\"https:\/\/static.krafthand-truck.de\/uploads\/2026\/03\/KS_Tools_Jens_Apelt_Soran_Sabir.jpg\" target=\"_blank\" rel=\"noopener\"><img decoding=\"async\" class=\"wp-image-45640\" src=\"https:\/\/static.krafthand-truck.de\/uploads\/2026\/03\/KS_Tools_Jens_Apelt_Soran_Sabir-300x217.jpg\" alt=\"\" width=\"420\" height=\"303\" srcset=\"https:\/\/static.krafthand-truck.de\/uploads\/2026\/03\/KS_Tools_Jens_Apelt_Soran_Sabir-300x217.jpg 300w, https:\/\/static.krafthand-truck.de\/uploads\/2026\/03\/KS_Tools_Jens_Apelt_Soran_Sabir-1024x740.jpg 1024w, https:\/\/static.krafthand-truck.de\/uploads\/2026\/03\/KS_Tools_Jens_Apelt_Soran_Sabir-768x555.jpg 768w, https:\/\/static.krafthand-truck.de\/uploads\/2026\/03\/KS_Tools_Jens_Apelt_Soran_Sabir.jpg 1200w\" sizes=\"(max-width: 420px) 100vw, 420px\" \/><\/a><figcaption id=\"caption-attachment-45640\" class=\"wp-caption-text\">Jens Apelt (links) und Soran Sabir zeichnen verantwortlich f\u00fcr den Vertrieb bei KS Tools. Bild: KS Tools<\/figcaption><\/figure>\n<p>Zum umfangreichen Portfolio von KS Tools geh\u00f6rt eine Vielzahl an <a href=\"https:\/\/www.kstools.com\/produkte\/lkw-spezialwerkzeuge\/\" target=\"_blank\" rel=\"noopener\">Spezialwerkzeugen<\/a> f\u00fcr Nutzfahrzeugbetriebe. Darunter spezielle Probleml\u00f6ser f\u00fcr den (markenspezifischen) Bremsenservice-, den Service am Motor-, Turbolader und Getriebe. Dazu geh\u00f6ren auch Werkzeuge zur Reparatur der Lenkung und Aufh\u00e4ngung, zur Elektrik oder zum \u00d6l- und Reifenservice. Nicht zuletzt bietet KS Tools auch zahlreiche Hebeeinrichtungen sowie Werkzeuge f\u00fcr Hochvoltfahrzeuge an. <em>\u201eDie Anzahl an Einzelpositionen rein f\u00fcr Lkw-Werkst\u00e4tten ist nicht einfach zu beziffern. Da gibt es auch \u00dcberschneidungen zum Pkw-Bereich, besonders wenn es sich um Standardwerkzeuge handelt\u201c<\/em>, so Soran Sabir, ebenfalls Vertriebsleiter DACH. KS Tools ist stets auf der Suche nach neuen L\u00f6sungen. <em>\u201eWir scannen den Markt, mitunter kucken wir uns auch etwas ab\u201c<\/em>, so Sabir. Mitunter kommt der Impuls auch von OE- oder Zulieferer-Seite wie beispielsweise Mercedes-Benz, DAF, MAN, Knorr-Bremse, BPW oder Haldex. <em>\u201eWas uns zus\u00e4tzlich zugutekommt, ist unser technischer Au\u00dfendienst sowie die Pr\u00e4senz auf zahlreichen Messen<\/em><em>\u201c<\/em>, erg\u00e4nzt Apelt.<\/p>\n<p>&nbsp;<\/p>\n<p><blockquote class=\"khm-quote\"><p><em>Wir stehen permanent im Dialog mit Werkstattvertretern und nehmen entsprechende Ideen auf. (Jens Apelt)<\/p><\/blockquote><\/em><\/p>\n<p>&nbsp;<\/p>\n<div class=\"gallery-container\"><div class=\"owl-carousel owl-theme\">\r\n        <div>\r\n        \t<img decoding=\"async\" src=\"https:\/\/static.krafthand-truck.de\/uploads\/2026\/03\/KS_Tools_Bremsenwerkzeugsatz_BPW-1024x718.jpg\" alt=\"\" \/>\r\n          <a href=\"https:\/\/static.krafthand-truck.de\/uploads\/2026\/03\/KS_Tools_Bremsenwerkzeugsatz_BPW-1024x718.jpg\" data-featherlight=\"gallery_69f57c343d53b\" class=\"gallery-expand\" data-title=\"19-teiliger Bremsenwerkzeugsatz f\u00fcr BPW-Bremsanlagen. Bild: KS Tools\"><i class=\"fa fa-expand\" aria-hidden=\"true\"><\/i><\/a>\r\n        \t<div class=\"gallery-caption wp-caption-text\"><p>19-teiliger Bremsenwerkzeugsatz f\u00fcr BPW-Bremsanlagen. Bild: KS Tools<\/p>\n<\/div>\r\n        <\/div>\r\n        <div>\r\n        \t<img decoding=\"async\" src=\"https:\/\/static.krafthand-truck.de\/uploads\/2026\/03\/KS_Tools_Nutmutterschluessel.jpg\" alt=\"\" \/>\r\n          <a href=\"https:\/\/static.krafthand-truck.de\/uploads\/2026\/03\/KS_Tools_Nutmutterschluessel.jpg\" data-featherlight=\"gallery_69f57c343d53b\" class=\"gallery-expand\" data-title=\"3\/4\" Nutmutterschl\u00fcssel mit vier Zapfen f\u00fcr Lkw von DAF. Bild: KS Tools\"><i class=\"fa fa-expand\" aria-hidden=\"true\"><\/i><\/a>\r\n        \t<div class=\"gallery-caption wp-caption-text\"><p>3\/4&#8243; Nutmutterschl\u00fcssel mit vier Zapfen f\u00fcr Lkw von DAF. Bild: KS Tools<\/p>\n<\/div>\r\n        <\/div>\r\n        <div>\r\n        \t<img decoding=\"async\" src=\"https:\/\/static.krafthand-truck.de\/uploads\/2026\/03\/KS_Tools_Achsschenkelbolzenpresse_Lkw.jpg\" alt=\"\" \/>\r\n          <a href=\"https:\/\/static.krafthand-truck.de\/uploads\/2026\/03\/KS_Tools_Achsschenkelbolzenpresse_Lkw.jpg\" data-featherlight=\"gallery_69f57c343d53b\" class=\"gallery-expand\" data-title=\"75t Achsschenkelbolzen-Presse mit 29tlg. H\u00fclsensatz. Bild: KS Tools\"><i class=\"fa fa-expand\" aria-hidden=\"true\"><\/i><\/a>\r\n        \t<div class=\"gallery-caption wp-caption-text\"><p>75t Achsschenkelbolzen-Presse mit 29tlg. H\u00fclsensatz. Bild: KS Tools<\/p>\n<\/div>\r\n        <\/div>\r\n        <div>\r\n        \t<img decoding=\"async\" src=\"https:\/\/static.krafthand-truck.de\/uploads\/2026\/03\/KS_Tools_Kupplungszentrierwerkzeug_Lkw-1024x689.jpg\" alt=\"\" \/>\r\n          <a href=\"https:\/\/static.krafthand-truck.de\/uploads\/2026\/03\/KS_Tools_Kupplungszentrierwerkzeug_Lkw-1024x689.jpg\" data-featherlight=\"gallery_69f57c343d53b\" class=\"gallery-expand\" data-title=\"Kupplungszentrierwerkzeug f\u00fcr Lkw. Bild: KS Tools\"><i class=\"fa fa-expand\" aria-hidden=\"true\"><\/i><\/a>\r\n        \t<div class=\"gallery-caption wp-caption-text\"><p>Kupplungszentrierwerkzeug f\u00fcr Lkw. Bild: KS Tools<\/p>\n<\/div>\r\n        <\/div><\/div><\/div>\r\n\t<script>\r\n\t\tjQuery(document).ready(function($){\r\n      setTimeout(function(){\r\n  \t\t\t$(\".owl-carousel\").owlCarousel({\r\n  \t\t\t\tloop:true,\r\n    \t\t\tmargin:10,\r\n    \t\t\tresponsiveClass:true,\r\n    \t\t\titems:1,\r\n    \t\t\tautoHeight: true,\r\n          nav: true,\r\n          URLhashListener: true,\r\n          startPosition: \"URLHash\",\r\n          navText: [\r\n            \"<i class='fa fa-chevron-left'><\/i>\",\r\n            \"<i class='fa fa-chevron-right'><\/i>\"\r\n          ],\r\n  \t\t\t});\r\n      }, 2000);\r\n\t\t});\r\n\t<\/script>\r\n\t\n<h3><\/h3>\n<h3>Ausblick<\/h3>\n<figure id=\"attachment_45638\" aria-describedby=\"caption-attachment-45638\" style=\"width: 280px\" class=\"wp-caption alignleft\"><a href=\"https:\/\/static.krafthand-truck.de\/uploads\/2026\/03\/KS_Tools_Hochvolt_Werkzeug_Werkzeugwagen.jpg\" target=\"_blank\" rel=\"noopener\"><img loading=\"lazy\" decoding=\"async\" class=\"wp-image-45638\" src=\"https:\/\/static.krafthand-truck.de\/uploads\/2026\/03\/KS_Tools_Hochvolt_Werkzeug_Werkzeugwagen-270x300.jpg\" alt=\"\" width=\"280\" height=\"312\" srcset=\"https:\/\/static.krafthand-truck.de\/uploads\/2026\/03\/KS_Tools_Hochvolt_Werkzeug_Werkzeugwagen-270x300.jpg 270w, https:\/\/static.krafthand-truck.de\/uploads\/2026\/03\/KS_Tools_Hochvolt_Werkzeug_Werkzeugwagen-920x1024.jpg 920w, https:\/\/static.krafthand-truck.de\/uploads\/2026\/03\/KS_Tools_Hochvolt_Werkzeug_Werkzeugwagen-768x855.jpg 768w, https:\/\/static.krafthand-truck.de\/uploads\/2026\/03\/KS_Tools_Hochvolt_Werkzeug_Werkzeugwagen.jpg 1000w\" sizes=\"(max-width: 280px) 100vw, 280px\" \/><\/a><figcaption id=\"caption-attachment-45638\" class=\"wp-caption-text\">F\u00fcr E-Trucks ger\u00fcstet: Werkstattwagen mit Komplettausstattung f\u00fcr Hochvolt-Fahrzeuge. Bild: Georg Blenk<\/figcaption><\/figure>\n<p>Der Werkzeugmarkt ist hart umk\u00e4mpft. Es tummeln sich zahlreiche Anbieter im Markt. Tats\u00e4chlich hat man es auch mit traditionsreichen Marken wie Hazet, Gedore oder Stahlwille zu tun. KS Tools m\u00f6chte laut Sabir mit einem guten Preis-\/Leistungsverh\u00e4ltnis, dem breiten Portfolio und Kundenn\u00e4he punkten. <em>\u201eWir sind bewusst nicht in Baum\u00e4rkten oder mit einem eigenen Online-Shop pr\u00e4sent, sondern gehen nur \u00fcber den qualifizierten Fachhandel\u201c<\/em>, erg\u00e4nzt Apelt. Hinzu komme die neue Competition-Linie, die preislich attraktiv ist. <em>\u201eDazu geh\u00f6ren neben Standardwerkzeugen auch modular zusammenstellbare Schranksysteme f\u00fcr Werkstattbetriebe.\u201c<\/em><br \/>\nRichtig Wachstumspotenzial sehen die beiden im Bereich Elektromobilit\u00e4t \u2013 auch im Nutzfahrzeugbereich. <em>\u201eDer Markt nimmt Fahrt auf. Wir sind aufgestellt. Ich kann sagen, dass KS Tools eines der breitesten Angebote an Hochvoltwerkzeugen vorh\u00e4lt\u201c<\/em>, so Apelt. Sabir erg\u00e4nzt:<em> \u201eUnd dank unserer ausgekl\u00fcgelten Logistik sind wir quasi das Schnellboot in der Werkzeugbranche.\u201c<\/em> Tats\u00e4chlich hat sich KS Tools aus der Garage heraus schnell zum globalen Player entwickelt.<\/p>\n<p><i>Den Beitrag finden Sie auch in der Print-Ausgabe 1-2026 der <a href=\"https:\/\/www.krafthand.de\/truck\/magazin\/\" title=\"Zum Magazin\">Krafthand-Truck<\/a>.<\/i><\/p>\r\n\t\t\t\t<div class=\"post-author\">\r\n\t\t\t\t\t<div class=\"khm-cp-author clearfix\">\r\n\t\t\t\t\t\t<div class=\"khm-cp-author__content\">\r\n\t\t\t\t\t\t\t\tKontakt zum Autor:<br \/>\r\n\t\t\t\t\t\t\t\t<strong>Georg Blenk<\/strong>, 08247 \/ 3007-45 |  <a href=\"mailto:georg.blenk@krafthand-medien.de\">georg.blenk@krafthand-medien.de<\/a>\r\n\t\t\t\t\t\t\t<div class=\"khm-cp-author__image\">\r\n\t\t\t\t\t\t<img src=\"https:\/\/static.krafthand-truck.de\/uploads\/2021\/01\/Blenk_6104-250x300-1-removebg-preview.png\" class=\"img-responsive\">\r\n\t\t\t\t\t<\/div>\r\n\t\t\t\t\t\t<\/div>\r\n\t\t\t\t\t<\/div>\r\n\t\t\t\t<\/div>\r\n\t\t\t\t","protected":false},"excerpt":{"rendered":"<p>Die KS Tools Werkzeuge-Maschinen GmbH wurde 1992 von Peter K\u00fchne und Stephan Schott gegr\u00fcndet. Dabei steht \u201aKS\u2018 f\u00fcr K\u00fchne und Schott. Das Unternehmen entstand quasi aus der Garage heraus. &#8211; Ein Portrait &#8211; <span class=\"excerpt-more__dots\">&#8230;<\/span> <a class=\"excerpt-more__link\" href=\"https:\/\/www.krafthand.de\/truck\/artikel\/aus-der-garage-zum-global-player-45629\/\" >weiter<\/a><\/p>\n","protected":false},"author":9,"featured_media":45631,"comment_status":"closed","ping_status":"closed","sticky":false,"template":"","format":"standard","meta":{"footnotes":""},"categories":[4238,4235,4221],"tags":[4804,6418,797,4930,6419,996],"settings":[3524,4766,3523],"class_list":["post-45629","post","type-post","status-publish","format-standard","has-post-thumbnail","hentry","category-koepfe","category-unternehmen","category-werkzeuge","tag-auspresswerkzeug","tag-jens-apelt","tag-ks-tools","tag-orhan-altin","tag-soran-sabir","tag-spezialwerkzeug"],"yoast_head":"<!-- This site is optimized with the Yoast SEO plugin v27.3 - https:\/\/yoast.com\/product\/yoast-seo-wordpress\/ -->\n<title>KS Tools I Unternehmensportrait I Lkw-Werkzeuge<\/title>\n<meta name=\"description\" content=\"Die KS Tools Werkzeuge-Maschinen GmbH wurde 1992 gegr\u00fcndet. Das Unternehmen entstand quasi aus der Garage heraus.\" \/>\n<meta name=\"robots\" content=\"index, follow, max-snippet:-1, max-image-preview:large, max-video-preview:-1\" \/>\n<link rel=\"canonical\" href=\"https:\/\/www.krafthand.de\/truck\/artikel\/aus-der-garage-zum-global-player-45629\/\" \/>\n<meta property=\"og:locale\" content=\"de_DE\" \/>\n<meta property=\"og:type\" content=\"article\" \/>\n<meta property=\"og:title\" content=\"KS Tools I Unternehmensportrait I Lkw-Werkzeuge\" \/>\n<meta property=\"og:description\" content=\"Die KS Tools Werkzeuge-Maschinen GmbH wurde 1992 gegr\u00fcndet. Das Unternehmen entstand quasi aus der Garage heraus.\" \/>\n<meta property=\"og:url\" content=\"https:\/\/www.krafthand-truck.de\/artikel\/aus-der-garage-zum-global-player-45629\/\" \/>\n<meta property=\"og:site_name\" content=\"Krafthand-Truck\" \/>\n<meta property=\"article:published_time\" content=\"2026-03-06T10:02:38+00:00\" \/>\n<meta property=\"article:modified_time\" content=\"2026-03-07T08:22:46+00:00\" \/>\n<meta property=\"og:image\" content=\"https:\/\/static.krafthand-truck.de\/uploads\/2026\/03\/KS_Tools_Hauptsitz_Heusenstamm.jpg\" \/>\n\t<meta property=\"og:image:width\" content=\"1200\" \/>\n\t<meta property=\"og:image:height\" content=\"612\" \/>\n\t<meta property=\"og:image:type\" content=\"image\/jpeg\" \/>\n<meta name=\"author\" content=\"georg.blenk@krafthand-medien.de\" \/>\n<meta name=\"twitter:card\" content=\"summary_large_image\" \/>\n<meta name=\"twitter:label1\" content=\"Verfasst von\" \/>\n\t<meta name=\"twitter:data1\" content=\"georg.blenk@krafthand-medien.de\" \/>\n\t<meta name=\"twitter:label2\" content=\"Gesch\u00e4tzte Lesezeit\" \/>\n\t<meta name=\"twitter:data2\" content=\"6\u00a0Minuten\" \/>\n<script type=\"application\/ld+json\" class=\"yoast-schema-graph\">{\"@context\":\"https:\\\/\\\/schema.org\",\"@graph\":[{\"@type\":\"Article\",\"@id\":\"https:\\\/\\\/www.krafthand.de\\\/truck\\\/artikel\\\/aus-der-garage-zum-global-player-45629\\\/#article\",\"isPartOf\":{\"@id\":\"https:\\\/\\\/www.krafthand.de\\\/truck\\\/artikel\\\/aus-der-garage-zum-global-player-45629\\\/\"},\"author\":{\"name\":\"georg.blenk@krafthand-medien.de\",\"@id\":\"https:\\\/\\\/www.krafthand.de\\\/truck\\\/#\\\/schema\\\/person\\\/51fa80b1c57034c4bf63f9f988fc24ce\"},\"headline\":\"Aus der Garage zum Global-Player\",\"datePublished\":\"2026-03-06T10:02:38+00:00\",\"dateModified\":\"2026-03-07T08:22:46+00:00\",\"mainEntityOfPage\":{\"@id\":\"https:\\\/\\\/www.krafthand.de\\\/truck\\\/artikel\\\/aus-der-garage-zum-global-player-45629\\\/\"},\"wordCount\":962,\"image\":{\"@id\":\"https:\\\/\\\/www.krafthand.de\\\/truck\\\/artikel\\\/aus-der-garage-zum-global-player-45629\\\/#primaryimage\"},\"thumbnailUrl\":\"https:\\\/\\\/static.krafthand-truck.de\\\/uploads\\\/2026\\\/03\\\/KS_Tools_Hauptsitz_Heusenstamm.jpg\",\"keywords\":[\"Auspresswerkzeug\",\"Jens Apelt\",\"KS Tools\",\"Orhan Altin\",\"Soran Sabir\",\"Spezialwerkzeug\"],\"articleSection\":[\"K\u00f6pfe\\\/Personen\",\"Unternehmen\",\"Werkzeuge\\\/Tools\"],\"inLanguage\":\"de\"},{\"@type\":\"WebPage\",\"@id\":\"https:\\\/\\\/www.krafthand.de\\\/truck\\\/artikel\\\/aus-der-garage-zum-global-player-45629\\\/\",\"url\":\"https:\\\/\\\/www.krafthand.de\\\/truck\\\/artikel\\\/aus-der-garage-zum-global-player-45629\\\/\",\"name\":\"KS Tools I Unternehmensportrait I Lkw-Werkzeuge\",\"isPartOf\":{\"@id\":\"https:\\\/\\\/www.krafthand.de\\\/truck\\\/#website\"},\"primaryImageOfPage\":{\"@id\":\"https:\\\/\\\/www.krafthand.de\\\/truck\\\/artikel\\\/aus-der-garage-zum-global-player-45629\\\/#primaryimage\"},\"image\":{\"@id\":\"https:\\\/\\\/www.krafthand.de\\\/truck\\\/artikel\\\/aus-der-garage-zum-global-player-45629\\\/#primaryimage\"},\"thumbnailUrl\":\"https:\\\/\\\/static.krafthand-truck.de\\\/uploads\\\/2026\\\/03\\\/KS_Tools_Hauptsitz_Heusenstamm.jpg\",\"datePublished\":\"2026-03-06T10:02:38+00:00\",\"dateModified\":\"2026-03-07T08:22:46+00:00\",\"author\":{\"@id\":\"https:\\\/\\\/www.krafthand.de\\\/truck\\\/#\\\/schema\\\/person\\\/51fa80b1c57034c4bf63f9f988fc24ce\"},\"description\":\"Die KS Tools Werkzeuge-Maschinen GmbH wurde 1992 gegr\u00fcndet. Das Unternehmen entstand quasi aus der Garage heraus.\",\"breadcrumb\":{\"@id\":\"https:\\\/\\\/www.krafthand.de\\\/truck\\\/artikel\\\/aus-der-garage-zum-global-player-45629\\\/#breadcrumb\"},\"inLanguage\":\"de\",\"potentialAction\":[{\"@type\":\"ReadAction\",\"target\":[\"https:\\\/\\\/www.krafthand.de\\\/truck\\\/artikel\\\/aus-der-garage-zum-global-player-45629\\\/\"]}]},{\"@type\":\"ImageObject\",\"inLanguage\":\"de\",\"@id\":\"https:\\\/\\\/www.krafthand.de\\\/truck\\\/artikel\\\/aus-der-garage-zum-global-player-45629\\\/#primaryimage\",\"url\":\"https:\\\/\\\/static.krafthand-truck.de\\\/uploads\\\/2026\\\/03\\\/KS_Tools_Hauptsitz_Heusenstamm.jpg\",\"contentUrl\":\"https:\\\/\\\/static.krafthand-truck.de\\\/uploads\\\/2026\\\/03\\\/KS_Tools_Hauptsitz_Heusenstamm.jpg\",\"width\":1200,\"height\":612},{\"@type\":\"BreadcrumbList\",\"@id\":\"https:\\\/\\\/www.krafthand.de\\\/truck\\\/artikel\\\/aus-der-garage-zum-global-player-45629\\\/#breadcrumb\",\"itemListElement\":[{\"@type\":\"ListItem\",\"position\":1,\"name\":\"Krafthand-Truck\",\"item\":\"https:\\\/\\\/www.krafthand.de\\\/truck\\\/\"},{\"@type\":\"ListItem\",\"position\":2,\"name\":\"Nfz-Branche\",\"item\":\"https:\\\/\\\/www.krafthand.de\\\/truck\\\/kategorie\\\/branche\\\/\"},{\"@type\":\"ListItem\",\"position\":3,\"name\":\"K\u00f6pfe\\\/Personen\",\"item\":\"https:\\\/\\\/www.krafthand.de\\\/truck\\\/kategorie\\\/branche\\\/koepfe\\\/\"},{\"@type\":\"ListItem\",\"position\":4,\"name\":\"Aus der Garage zum Global-Player\"}]},{\"@type\":\"WebSite\",\"@id\":\"https:\\\/\\\/www.krafthand.de\\\/truck\\\/#website\",\"url\":\"https:\\\/\\\/www.krafthand.de\\\/truck\\\/\",\"name\":\"Krafthand-Truck\",\"description\":\"\",\"potentialAction\":[{\"@type\":\"SearchAction\",\"target\":{\"@type\":\"EntryPoint\",\"urlTemplate\":\"https:\\\/\\\/www.krafthand.de\\\/truck\\\/?s={search_term_string}\"},\"query-input\":{\"@type\":\"PropertyValueSpecification\",\"valueRequired\":true,\"valueName\":\"search_term_string\"}}],\"inLanguage\":\"de\"},{\"@type\":\"Person\",\"@id\":\"https:\\\/\\\/www.krafthand.de\\\/truck\\\/#\\\/schema\\\/person\\\/51fa80b1c57034c4bf63f9f988fc24ce\",\"name\":\"georg.blenk@krafthand-medien.de\",\"image\":{\"@type\":\"ImageObject\",\"inLanguage\":\"de\",\"@id\":\"https:\\\/\\\/secure.gravatar.com\\\/avatar\\\/93713c30affe0aa95d3a4130e499bb1abee2eb31adbdd9ce2aa1543538490215?s=96&d=mm&r=g\",\"url\":\"https:\\\/\\\/secure.gravatar.com\\\/avatar\\\/93713c30affe0aa95d3a4130e499bb1abee2eb31adbdd9ce2aa1543538490215?s=96&d=mm&r=g\",\"contentUrl\":\"https:\\\/\\\/secure.gravatar.com\\\/avatar\\\/93713c30affe0aa95d3a4130e499bb1abee2eb31adbdd9ce2aa1543538490215?s=96&d=mm&r=g\",\"caption\":\"georg.blenk@krafthand-medien.de\"}}]}<\/script>\n<!-- \/ Yoast SEO plugin. -->","yoast_head_json":{"title":"KS Tools I Unternehmensportrait I Lkw-Werkzeuge","description":"Die KS Tools Werkzeuge-Maschinen GmbH wurde 1992 gegr\u00fcndet. Das Unternehmen entstand quasi aus der Garage heraus.","robots":{"index":"index","follow":"follow","max-snippet":"max-snippet:-1","max-image-preview":"max-image-preview:large","max-video-preview":"max-video-preview:-1"},"canonical":"https:\/\/www.krafthand.de\/truck\/artikel\/aus-der-garage-zum-global-player-45629\/","og_locale":"de_DE","og_type":"article","og_title":"KS Tools I Unternehmensportrait I Lkw-Werkzeuge","og_description":"Die KS Tools Werkzeuge-Maschinen GmbH wurde 1992 gegr\u00fcndet. Das Unternehmen entstand quasi aus der Garage heraus.","og_url":"https:\/\/www.krafthand-truck.de\/artikel\/aus-der-garage-zum-global-player-45629\/","og_site_name":"Krafthand-Truck","article_published_time":"2026-03-06T10:02:38+00:00","article_modified_time":"2026-03-07T08:22:46+00:00","og_image":[{"width":1200,"height":612,"url":"https:\/\/static.krafthand-truck.de\/uploads\/2026\/03\/KS_Tools_Hauptsitz_Heusenstamm.jpg","type":"image\/jpeg"}],"author":"georg.blenk@krafthand-medien.de","twitter_card":"summary_large_image","twitter_misc":{"Verfasst von":"georg.blenk@krafthand-medien.de","Gesch\u00e4tzte Lesezeit":"6\u00a0Minuten"},"schema":{"@context":"https:\/\/schema.org","@graph":[{"@type":"Article","@id":"https:\/\/www.krafthand.de\/truck\/artikel\/aus-der-garage-zum-global-player-45629\/#article","isPartOf":{"@id":"https:\/\/www.krafthand.de\/truck\/artikel\/aus-der-garage-zum-global-player-45629\/"},"author":{"name":"georg.blenk@krafthand-medien.de","@id":"https:\/\/www.krafthand.de\/truck\/#\/schema\/person\/51fa80b1c57034c4bf63f9f988fc24ce"},"headline":"Aus der Garage zum Global-Player","datePublished":"2026-03-06T10:02:38+00:00","dateModified":"2026-03-07T08:22:46+00:00","mainEntityOfPage":{"@id":"https:\/\/www.krafthand.de\/truck\/artikel\/aus-der-garage-zum-global-player-45629\/"},"wordCount":962,"image":{"@id":"https:\/\/www.krafthand.de\/truck\/artikel\/aus-der-garage-zum-global-player-45629\/#primaryimage"},"thumbnailUrl":"https:\/\/static.krafthand-truck.de\/uploads\/2026\/03\/KS_Tools_Hauptsitz_Heusenstamm.jpg","keywords":["Auspresswerkzeug","Jens Apelt","KS Tools","Orhan Altin","Soran Sabir","Spezialwerkzeug"],"articleSection":["K\u00f6pfe\/Personen","Unternehmen","Werkzeuge\/Tools"],"inLanguage":"de"},{"@type":"WebPage","@id":"https:\/\/www.krafthand.de\/truck\/artikel\/aus-der-garage-zum-global-player-45629\/","url":"https:\/\/www.krafthand.de\/truck\/artikel\/aus-der-garage-zum-global-player-45629\/","name":"KS Tools I Unternehmensportrait I Lkw-Werkzeuge","isPartOf":{"@id":"https:\/\/www.krafthand.de\/truck\/#website"},"primaryImageOfPage":{"@id":"https:\/\/www.krafthand.de\/truck\/artikel\/aus-der-garage-zum-global-player-45629\/#primaryimage"},"image":{"@id":"https:\/\/www.krafthand.de\/truck\/artikel\/aus-der-garage-zum-global-player-45629\/#primaryimage"},"thumbnailUrl":"https:\/\/static.krafthand-truck.de\/uploads\/2026\/03\/KS_Tools_Hauptsitz_Heusenstamm.jpg","datePublished":"2026-03-06T10:02:38+00:00","dateModified":"2026-03-07T08:22:46+00:00","author":{"@id":"https:\/\/www.krafthand.de\/truck\/#\/schema\/person\/51fa80b1c57034c4bf63f9f988fc24ce"},"description":"Die KS Tools Werkzeuge-Maschinen GmbH wurde 1992 gegr\u00fcndet. Das Unternehmen entstand quasi aus der Garage heraus.","breadcrumb":{"@id":"https:\/\/www.krafthand.de\/truck\/artikel\/aus-der-garage-zum-global-player-45629\/#breadcrumb"},"inLanguage":"de","potentialAction":[{"@type":"ReadAction","target":["https:\/\/www.krafthand.de\/truck\/artikel\/aus-der-garage-zum-global-player-45629\/"]}]},{"@type":"ImageObject","inLanguage":"de","@id":"https:\/\/www.krafthand.de\/truck\/artikel\/aus-der-garage-zum-global-player-45629\/#primaryimage","url":"https:\/\/static.krafthand-truck.de\/uploads\/2026\/03\/KS_Tools_Hauptsitz_Heusenstamm.jpg","contentUrl":"https:\/\/static.krafthand-truck.de\/uploads\/2026\/03\/KS_Tools_Hauptsitz_Heusenstamm.jpg","width":1200,"height":612},{"@type":"BreadcrumbList","@id":"https:\/\/www.krafthand.de\/truck\/artikel\/aus-der-garage-zum-global-player-45629\/#breadcrumb","itemListElement":[{"@type":"ListItem","position":1,"name":"Krafthand-Truck","item":"https:\/\/www.krafthand.de\/truck\/"},{"@type":"ListItem","position":2,"name":"Nfz-Branche","item":"https:\/\/www.krafthand.de\/truck\/kategorie\/branche\/"},{"@type":"ListItem","position":3,"name":"K\u00f6pfe\/Personen","item":"https:\/\/www.krafthand.de\/truck\/kategorie\/branche\/koepfe\/"},{"@type":"ListItem","position":4,"name":"Aus der Garage zum Global-Player"}]},{"@type":"WebSite","@id":"https:\/\/www.krafthand.de\/truck\/#website","url":"https:\/\/www.krafthand.de\/truck\/","name":"Krafthand-Truck","description":"","potentialAction":[{"@type":"SearchAction","target":{"@type":"EntryPoint","urlTemplate":"https:\/\/www.krafthand.de\/truck\/?s={search_term_string}"},"query-input":{"@type":"PropertyValueSpecification","valueRequired":true,"valueName":"search_term_string"}}],"inLanguage":"de"},{"@type":"Person","@id":"https:\/\/www.krafthand.de\/truck\/#\/schema\/person\/51fa80b1c57034c4bf63f9f988fc24ce","name":"georg.blenk@krafthand-medien.de","image":{"@type":"ImageObject","inLanguage":"de","@id":"https:\/\/secure.gravatar.com\/avatar\/93713c30affe0aa95d3a4130e499bb1abee2eb31adbdd9ce2aa1543538490215?s=96&d=mm&r=g","url":"https:\/\/secure.gravatar.com\/avatar\/93713c30affe0aa95d3a4130e499bb1abee2eb31adbdd9ce2aa1543538490215?s=96&d=mm&r=g","contentUrl":"https:\/\/secure.gravatar.com\/avatar\/93713c30affe0aa95d3a4130e499bb1abee2eb31adbdd9ce2aa1543538490215?s=96&d=mm&r=g","caption":"georg.blenk@krafthand-medien.de"}}]}},"_links":{"self":[{"href":"https:\/\/www.krafthand.de\/truck\/wp-json\/wp\/v2\/posts\/45629","targetHints":{"allow":["GET"]}}],"collection":[{"href":"https:\/\/www.krafthand.de\/truck\/wp-json\/wp\/v2\/posts"}],"about":[{"href":"https:\/\/www.krafthand.de\/truck\/wp-json\/wp\/v2\/types\/post"}],"author":[{"embeddable":true,"href":"https:\/\/www.krafthand.de\/truck\/wp-json\/wp\/v2\/users\/9"}],"replies":[{"embeddable":true,"href":"https:\/\/www.krafthand.de\/truck\/wp-json\/wp\/v2\/comments?post=45629"}],"version-history":[{"count":18,"href":"https:\/\/www.krafthand.de\/truck\/wp-json\/wp\/v2\/posts\/45629\/revisions"}],"predecessor-version":[{"id":45656,"href":"https:\/\/www.krafthand.de\/truck\/wp-json\/wp\/v2\/posts\/45629\/revisions\/45656"}],"wp:featuredmedia":[{"embeddable":true,"href":"https:\/\/www.krafthand.de\/truck\/wp-json\/wp\/v2\/media\/45631"}],"wp:attachment":[{"href":"https:\/\/www.krafthand.de\/truck\/wp-json\/wp\/v2\/media?parent=45629"}],"wp:term":[{"taxonomy":"category","embeddable":true,"href":"https:\/\/www.krafthand.de\/truck\/wp-json\/wp\/v2\/categories?post=45629"},{"taxonomy":"post_tag","embeddable":true,"href":"https:\/\/www.krafthand.de\/truck\/wp-json\/wp\/v2\/tags?post=45629"},{"taxonomy":"settings","embeddable":true,"href":"https:\/\/www.krafthand.de\/truck\/wp-json\/wp\/v2\/settings?post=45629"}],"curies":[{"name":"wp","href":"https:\/\/api.w.org\/{rel}","templated":true}]}}