{"id":45509,"date":"2026-03-28T08:30:59","date_gmt":"2026-03-28T07:30:59","guid":{"rendered":"https:\/\/www.krafthand.de\/truck\/?p=45509"},"modified":"2026-03-31T15:46:23","modified_gmt":"2026-03-31T13:46:23","slug":"zusammen-neues-bewegen","status":"publish","type":"post","link":"https:\/\/www.krafthand.de\/truck\/artikel\/zusammen-neues-bewegen-45509\/","title":{"rendered":"\u201eZusammen Neues bewegen!\u201c"},"content":{"rendered":"<p>Im Januar 2026 fand der dritte Roundtable Nfz-Aftermarket statt. In Zusammenarbeit mit der Initiative \u201aQualit\u00e4t ist Mehrwert\u2018 lud die Fachzeitschrift Krafthand-Truck Nutzfahrzeugprofis ein, um \u00fcber die Zukunft des Nfz-Service zu diskutieren. Tats\u00e4chlich sollen die Transportvolumina bis 2030 um 40 Prozent steigen, die Fahrzeuge werden l\u00e4nger gefahren. Damit entsteht mehr Reparatur- und Wartungsbedarf. Insgesamt entwickelt sich der Markt jedoch hochdynamisch, was dem Wettbewerbsdruck, der technischen Entwicklung und der Digitalisierung geschuldet ist. Die Nfz-Service-Betriebe k\u00e4mpfen mit steigenden Investitionskosten, eingeschr\u00e4nktem Zugriff auf Fahrzeuginformationen sowie Personalmangel. Wie begegnet die Industrie und der Praktiker der Problematik?<br \/>\nAm \u201avirtuellen\u2018 Tisch sa\u00dfen neben dem Autor, Katrin Gienger (Sales Director IAM bei Knorr-Bremse Systeme f\u00fcr Nutzfahrzeuge), Dr. Armin Messerer (Director Product Management and Purchasing bei Mahle Lifecycle &amp; Mobility) und Christoph Bernhardt (Mobility-Aftermarket, Channel Manager Truck bei Bosch). Mit dabei waren auch Manfred Roth (Gesch\u00e4ftsf\u00fchrer Roth Nutzfahrzeuge und Automobile), Thomas Koch (Vorstand der Interessengemeinschaft AAMPACT e.V.) sowie Kristiane Guth von der Initiative \u201aQualit\u00e4t ist Mehrwert\u2018.<\/p>\n<h3>Diagnose, Digitalisierung, Netzwerke<\/h3>\n<figure id=\"attachment_45516\" aria-describedby=\"caption-attachment-45516\" style=\"width: 220px\" class=\"wp-caption alignleft\"><a href=\"https:\/\/static.krafthand-truck.de\/uploads\/2026\/02\/Knorr_Bremse_Katrin_Gienger.jpg\" target=\"_blank\" rel=\"noopener\"><img fetchpriority=\"high\" decoding=\"async\" class=\"wp-image-45516\" src=\"https:\/\/static.krafthand-truck.de\/uploads\/2026\/02\/Knorr_Bremse_Katrin_Gienger-221x300.jpg\" alt=\"\" width=\"220\" height=\"299\" srcset=\"https:\/\/static.krafthand-truck.de\/uploads\/2026\/02\/Knorr_Bremse_Katrin_Gienger-221x300.jpg 221w, https:\/\/static.krafthand-truck.de\/uploads\/2026\/02\/Knorr_Bremse_Katrin_Gienger.jpg 750w\" sizes=\"(max-width: 220px) 100vw, 220px\" \/><\/a><figcaption id=\"caption-attachment-45516\" class=\"wp-caption-text\"><em>\u201eWir helfen Nfz-Werkst\u00e4tten, wettbewerbsf\u00e4hig zu bleiben, indem wir den Investitionsdruck verringern, den Zugang zu Daten verbessern und die Mitarbeiter weiterqualifizieren\u201c<\/em>, so Katrin Gienger. Bild: Knorr-Bremse<\/figcaption><\/figure>\n<p>Katrin Gienger hat \u00fcber 20 Jahre Branchenerfahrung und kennt die Problematik: <em>\u201eWir bauen gerade ein Ecosystem f\u00fcr den Nutzfahrzeug-Aftermarket auf und verfolgen das Ziel, die Kompetenzen der Nfz-Werkst\u00e4tten zu erweitern \u2013 ohne hohe Investitionen.\u201c<\/em> Dabei setzt Knorr-Bremse auf eine Kombination aus Mehrmarkendiagnose, digitalen Plattformen und Werkstattnetzwerke. Dr. Armin Messerer ist seit fast 20 Jahren in verschiedenen Positionen bei Mahle t\u00e4tig. <em>\u201eUnsere Aufgabe ist es, die Nfz-Betriebe f\u00fcr die Zukunft zu qualifizieren und sie nicht zu \u00fcberfordern.\u201c<\/em> Tats\u00e4chlich stehen vielf\u00e4ltige Herausforderungen an, die die Nfz-Betriebe neben dem Tagesgesch\u00e4ft im Blick haben m\u00fcssen. Nehmen wir die Elektromobilit\u00e4t. Ein Drittel der Fahrleistung im schweren Stra\u00dfeng\u00fcterverkehr soll laut \u201aMasterplan Ladeinfrastruktur\u2018 der Bundesregierung bis 2030 elektrisch erfolgen. Der Fokus der Wertsch\u00f6pfung verlagert sich schrittweise in Richtung Batterie-(Diagnose), Batteriemanagement, Leistungselektronik, Sensorik, ADAS und Digitalisierung. Christoph Bernhardt erg\u00e4nzt: <em>\u201eWir bei Bosch unterst\u00fctzen die Nfz-Werkst\u00e4tten mit Diagnose-Know-how, modularen Werkstattl\u00f6sungen und umfassenden Schulungsangeboten, um Investitionskosten zu kontrollieren und den Personalmangel durch Kompetenzerweiterung abzufedern.\u201c<\/em><\/p>\n<h3>Markenbetriebe und freie Nfz-Werkst\u00e4tten<\/h3>\n<figure id=\"attachment_45519\" aria-describedby=\"caption-attachment-45519\" style=\"width: 220px\" class=\"wp-caption alignright\"><a href=\"https:\/\/static.krafthand-truck.de\/uploads\/2026\/02\/Bosch_Christoph_Bernhardt.jpg\" target=\"_blank\" rel=\"noopener\"><img decoding=\"async\" class=\"wp-image-45519\" src=\"https:\/\/static.krafthand-truck.de\/uploads\/2026\/02\/Bosch_Christoph_Bernhardt-232x300.jpg\" alt=\"\" width=\"220\" height=\"284\" srcset=\"https:\/\/static.krafthand-truck.de\/uploads\/2026\/02\/Bosch_Christoph_Bernhardt-232x300.jpg 232w, https:\/\/static.krafthand-truck.de\/uploads\/2026\/02\/Bosch_Christoph_Bernhardt-792x1024.jpg 792w, https:\/\/static.krafthand-truck.de\/uploads\/2026\/02\/Bosch_Christoph_Bernhardt-768x993.jpg 768w, https:\/\/static.krafthand-truck.de\/uploads\/2026\/02\/Bosch_Christoph_Bernhardt.jpg 800w\" sizes=\"(max-width: 220px) 100vw, 220px\" \/><\/a><figcaption id=\"caption-attachment-45519\" class=\"wp-caption-text\"><em>\u201eFreie Nfz-Werkst\u00e4tten m\u00fcssen gezielt ihre St\u00e4rken ausspielen\u201c<\/em>, so Christoph Bernhardt. Bild: Bosch<\/figcaption><\/figure>\n<p><em>\u201eDie freien Nfz-Servicebetriebe stehen vor der gr\u00f6\u00dften Transformation ihrer Geschichte. Wer diesen Wandel ignoriert, wird massive Probleme bekommen. Wer jedoch proaktiv handelt, investiert, sich spezialisiert und auf starke Partnerschaften wie beispielsweise Alltrucks setzt, hat hervorragende Chancen\u201c<\/em>, so Experte Bernhardt. Freie Nfz-Werkst\u00e4tten m\u00fcssten gezielt ihre St\u00e4rken ausspielen: Dazu geh\u00f6rten die Kundenn\u00e4he, die Flexibilit\u00e4t und die F\u00e4higkeit, heterogene Flotten zu betreuen. <em>\u201eEs wird ein intensiver Wettbewerb mit den OE-Betrieben, aber ein fairer, wenn die Rahmenbedingungen f\u00fcr den freien Markt (Zugang zu Daten, Informationen und Ersatzteilen) entsprechend gestaltet werden.\u201c<\/em><br \/>\nAuch Manfred Roth sieht den Vorteil der freien Nfz-Servicebetriebe in ihrer Flexibilit\u00e4t. <em>\u201eWir sind nicht an einen Hersteller und dessen Vorstellungen und Planungen gebunden, sondern k\u00f6nnen uns am Markt und an den eigenen Anspr\u00fcchen orientieren.\u201c<\/em><\/p>\n<blockquote class=\"khm-quote\"><p>Als freier Werkstattbetrieb sehen wir unsere M\u00f6glichkeiten zus\u00e4tzlich in der Reparatur von Aufliegern und Anh\u00e4ngern sowie von den Fahrzeugen mit Einsatz im Handwerk und im Verteilerverkehr. (Manfred Roth) <\/p><\/blockquote>\n<p>Katrin Gienger erw\u00e4hnt zus\u00e4tzlich die Kooperation mit Werkstattkonzepten wie Knorr-Bremse Expert-Network oder Alltrucks (Anm.: d. Red.: \u00e4hnliche Konzepte sind beispielsweise ZF(Pro)Service, TruckFit, TruckService oder TopTruck.). Sie erm\u00f6glichen den Zugang zu marken\u00fcbergreifenden Diagnosetools und technischen Support (zum Beispiel Dokumentation, Hotline und Schulungen) und somit zu einem direkten Zugang zum Know-how der Lieferanten. <em>\u201eFreie Betriebe k\u00f6nnen speziell bei gemischten Flotten einen schnellen, anpassungsf\u00e4higen und kosteng\u00fcnstigen Service anbieten\u201c<\/em>, so Gienger.<br \/>\n<em>\u201eNat\u00fcrlich haben OE-Werkst\u00e4tten diverse Vorteile, wie den direkten Zugriff auf Originalteile, den Herstellersupport, die Garantie-Anbindung und ein umfangreiches Schulungsangebot\u201c<\/em>, erg\u00e4nzt Messerer. Hinzu k\u00e4me noch der \u201a2nd-Level-Techniksupport. <em>\u201eFreie Betriebe haben jedoch strategische Vorteile. Sie sind n\u00e4her am Kunden und k\u00f6nnen spezialisierte Nischen besetzen.\u201c<\/em> Beispiele seien der Fokus auf die Elektrifizierung oder den Batterie-Service. <em>\u201eZus\u00e4tzlich entsprechen freie Betriebe den Erwartungen von Nfz-Flotten in Bezug auf einen Multi-Brand-Service f\u00fcr Zugmaschinen und gezogenen Einheiten.\u201c<\/em> Auch Mahle m\u00f6chte hier bewusst unterst\u00fctzen <em>\u201eWir arbeiten intensiv mit freien Betrieben zusammen und bieten ihnen technische Informationen, Schulungen, Zertifizierungen, digitale Plattformen und Tools.\u201c<\/em><\/p>\n<h3>Der Datenzugang ist entscheidend!<\/h3>\n<figure id=\"attachment_45522\" aria-describedby=\"caption-attachment-45522\" style=\"width: 220px\" class=\"wp-caption alignleft\"><a href=\"https:\/\/static.krafthand-truck.de\/uploads\/2026\/02\/Mahle_Armin_Messerer.jpg\" target=\"_blank\" rel=\"noopener\"><img decoding=\"async\" class=\"wp-image-45522\" src=\"https:\/\/static.krafthand-truck.de\/uploads\/2026\/02\/Mahle_Armin_Messerer-234x300.jpg\" alt=\"\" width=\"220\" height=\"282\" srcset=\"https:\/\/static.krafthand-truck.de\/uploads\/2026\/02\/Mahle_Armin_Messerer-234x300.jpg 234w, https:\/\/static.krafthand-truck.de\/uploads\/2026\/02\/Mahle_Armin_Messerer-768x984.jpg 768w, https:\/\/static.krafthand-truck.de\/uploads\/2026\/02\/Mahle_Armin_Messerer.jpg 800w\" sizes=\"(max-width: 220px) 100vw, 220px\" \/><\/a><figcaption id=\"caption-attachment-45522\" class=\"wp-caption-text\"><em>\u201cFreie Werkst\u00e4tten sind oft n\u00e4her am Kunden dran und k\u00f6nnen spezialisierte Nischen besetzen\u201c<\/em>, so Dr. Armin Messerer. Bild: Mahle<\/figcaption><\/figure>\n<p>Thomas Koch ist seit dem 1.1.2026 Vorstand bei <a href=\"https:\/\/www.aampact.com\" target=\"_blank\" rel=\"noopener\">AAMPACT e.V.<\/a> (der Verein vertritt Unternehmen und Zulieferer des freien Ersatzteilmarkts) und kennt den Nfz-Aftermarket zur Gen\u00fcge. Er war jahrelang als Vice President und Regional Director Sales Europe Central f\u00fcr das Pkw- und Nfz-Gesch\u00e4ft bei Bosch Mobility Aftermarket verantwortlich. F\u00fcr Koch sind auch die regulatorischen Rahmenbedingungen entscheidend. <em>\u201eWir setzen uns f\u00fcr einen fairen Wettbewerb zwischen freien und markengebundenen Werkst\u00e4tten ein.\u201c<\/em> Er erw\u00e4hnte den European Data Act, der laut Koch voraussichtlich im April\/Mai 2026 verabschiedet wird. Dabei geht es auch um die Datenhoheit. Die Fahrzeugdaten m\u00fcssten durchg\u00e4ngig auch freien Nfz-Werkst\u00e4tten zug\u00e4nglich sein. <em>\u201eDabei muss ein Gleichgewicht zwischen Datenzugang und Cybersecurity gefunden werden\u201c<\/em>, so Koch. Gleichsam eine \u201anever-ending-story\u2018. Aber vor dem Hintergrund der vorausschauenden Wartung, neuer digitaler Gesch\u00e4ftsmodelle auch f\u00fcr freie Nfz-Betriebe (man nehme nur das marken\u00fcbergreifende, kundenindividuelle Servicemanagement von Truck und Trailer), aktueller denn je.<\/p>\n<figure id=\"attachment_45528\" aria-describedby=\"caption-attachment-45528\" style=\"width: 420px\" class=\"wp-caption alignright\"><a href=\"https:\/\/static.krafthand-truck.de\/uploads\/2026\/02\/Bosch_KTS_Truck_Diagnosetool_Software_ESiTronic.jpg\" target=\"_blank\" rel=\"noopener\"><img loading=\"lazy\" decoding=\"async\" class=\"wp-image-45528\" src=\"https:\/\/static.krafthand-truck.de\/uploads\/2026\/02\/Bosch_KTS_Truck_Diagnosetool_Software_ESiTronic-300x225.jpg\" alt=\"\" width=\"420\" height=\"314\" srcset=\"https:\/\/static.krafthand-truck.de\/uploads\/2026\/02\/Bosch_KTS_Truck_Diagnosetool_Software_ESiTronic-300x225.jpg 300w, https:\/\/static.krafthand-truck.de\/uploads\/2026\/02\/Bosch_KTS_Truck_Diagnosetool_Software_ESiTronic-1024x766.jpg 1024w, https:\/\/static.krafthand-truck.de\/uploads\/2026\/02\/Bosch_KTS_Truck_Diagnosetool_Software_ESiTronic-768x575.jpg 768w, https:\/\/static.krafthand-truck.de\/uploads\/2026\/02\/Bosch_KTS_Truck_Diagnosetool_Software_ESiTronic-200x150.jpg 200w, https:\/\/static.krafthand-truck.de\/uploads\/2026\/02\/Bosch_KTS_Truck_Diagnosetool_Software_ESiTronic.jpg 1200w\" sizes=\"(max-width: 420px) 100vw, 420px\" \/><\/a><figcaption id=\"caption-attachment-45528\" class=\"wp-caption-text\">Bosch hat den \u201aRemote Diagnostics Service\u2018 (RDS) f\u00fcr Pkw entwickelt, welcher auch f\u00fcr Lkw kommen wird. Der Zugriff erfolgt \u00fcber das KTS-Truck-Diagnosesystem. Bild: Bosch<\/figcaption><\/figure>\n<p>Manfred Roth, Inhaber einer freien Nfz-Werkstatt im Schwarzwald wei\u00df nur zu gut dar\u00fcber zu berichten: <em>\u201eDie Herausforderung liegt haupts\u00e4chlich in der Freigabe von Daten durch die Hersteller. Wir sind Mitglied beim Werkstattnetzwerk Alltrucks und mit Hilfe der Reparaturhotlines ist die Abdeckung relativ gut, aber leider nicht vollst\u00e4ndig.\u201c<\/em> Besonders problematisch sei laut Roth der fehlende Zugang zur Online-Diagnose von Fahrzeugen auf der Stra\u00dfe und zur Fernwartung (Predictive-Maintenance). Da ist noch Luft nach oben. Messerer best\u00e4tigte die Problematik und erkl\u00e4rte, dass Mahle k\u00fcrzlich mit \u201aRemote PRO Air\u2018 ein Tool f\u00fcr die Ferndiagnose vorgestellt hat. <em>\u201eWir wollen es auch f\u00fcr den Nutzfahrzeugbereich einf\u00fchren, sto\u00dfen jedoch noch auf Herausforderungen mit den OEMs.\u201c<\/em><\/p>\n<blockquote class=\"khm-quote\"><p>Leider sind Live-Diagnosedaten von fahrenden Fahrzeugen noch den OEMs vorbehalten.<\/p><\/blockquote>\n<p>Auch Christoph Bernhardt erkl\u00e4rte, dass Bosch kontinuierlich daran arbeitet, mehr Daten verf\u00fcgbar zu machen, aber der Zugang zu OEM-Daten schwierig sei. <em>\u201eWir haben den \u201aRemote Diagnostics Service\u2018 (RDS) f\u00fcr Pkw entwickelt, welcher auch f\u00fcr Lkw kommen wird, um Nfz-Werkst\u00e4tten \u00fcber unser KTS-Truck-Diagnosesystem ins Fahrzeug zugreifen zu lassen. Leider sind Live-Diagnosedaten von fahrenden Fahrzeugen jedoch noch den OEMs vorbehalten.\u201c<\/em><\/p>\n<h3>E-Trucks als Chance<\/h3>\n<figure id=\"attachment_45525\" aria-describedby=\"caption-attachment-45525\" style=\"width: 220px\" class=\"wp-caption alignright\"><a href=\"https:\/\/static.krafthand-truck.de\/uploads\/2026\/02\/Roth_Nutzfahrzeuge_Manfred_Roth.jpg\" target=\"_blank\" rel=\"noopener\"><img loading=\"lazy\" decoding=\"async\" class=\"wp-image-45525\" src=\"https:\/\/static.krafthand-truck.de\/uploads\/2026\/02\/Roth_Nutzfahrzeuge_Manfred_Roth-218x300.jpg\" alt=\"\" width=\"220\" height=\"303\" srcset=\"https:\/\/static.krafthand-truck.de\/uploads\/2026\/02\/Roth_Nutzfahrzeuge_Manfred_Roth-218x300.jpg 218w, https:\/\/static.krafthand-truck.de\/uploads\/2026\/02\/Roth_Nutzfahrzeuge_Manfred_Roth-744x1024.jpg 744w, https:\/\/static.krafthand-truck.de\/uploads\/2026\/02\/Roth_Nutzfahrzeuge_Manfred_Roth-768x1057.jpg 768w, https:\/\/static.krafthand-truck.de\/uploads\/2026\/02\/Roth_Nutzfahrzeuge_Manfred_Roth.jpg 800w\" sizes=\"(max-width: 220px) 100vw, 220px\" \/><\/a><figcaption id=\"caption-attachment-45525\" class=\"wp-caption-text\"><em>\u201eDie Herausforderung liegt haupts\u00e4chlich in der Freigabe von Daten durch die Hersteller\u201c<\/em>, berichtet Manfred Roth. Bild: Roth Nutzfahrzeuge und Automobile<\/figcaption><\/figure>\n<p>Armin Messerer sieht gro\u00dfe Chancen f\u00fcr Nfz-Werkst\u00e4tten, wenn sie sich fr\u00fchzeitig in punkto Elektromobilit\u00e4t aufstellen, da die Komplexit\u00e4t beim E-Truck geringer sei als beim batterieelektrischen Pkw. Messerer berichtete zudem von seinen Erfahrungen in China, wo bereits 25 Prozent der Neuzulassungen im Nutzfahrzeugbereich rein elektrisch seien. Manfred Roth \u00e4u\u00dferte sich zur\u00fcckhaltend. <em>\u201eE-Trucks sind derzeit oft durch Garantieverl\u00e4ngerungen bei OE-Werkst\u00e4tten gebunden. Der Markt muss sich erst entwickeln, wir haben das Thema aber im Blick. Unser Vorteil ist, wir sind markenunabh\u00e4ngig, flexibel und attraktiv was die Kosten angeht.&#8220;<\/em> Roth wird auf jeden Fall den Bedarf beobachten und m\u00f6chte sich und seine Belegschaft mit Hochvolt-Schulungen entsprechend vorbereiten. Christoph Bernhardt best\u00e4tigte, dass die ersten Jahre meist im Full-Service beim Fahrzeughersteller liegen, sieht aber die Transformation als unaufhaltsam an. Das spiele besonders den freien Betrieben in die Karten. Katrin Gienger erw\u00e4hnt die digitalen Tools von Cojali und vorausschauende Diagnosel\u00f6sungen, um freie Nfz-Werkst\u00e4tten bei der effizienten Handhabung komplexer Systeme zu unterst\u00fctzen. <em>\u201eDurch die Kombination von Technologie, Fachwissen und nachhaltigen L\u00f6sungen wollen wir unseren Beitrag leisten, um freie Nfz-Werkst\u00e4tten angesichts der sich wandelnden Anforderungen von Flotten und Servicepartnern zu unterst\u00fctzen.\u201c<\/em><\/p>\n<p>&nbsp;<\/p>\n<h3>Nfz-Mechatroniker 4.0 \u2013 Technik die begeistert!<\/h3>\n<figure id=\"attachment_45530\" aria-describedby=\"caption-attachment-45530\" style=\"width: 420px\" class=\"wp-caption alignleft\"><a href=\"https:\/\/static.krafthand-truck.de\/uploads\/2026\/02\/Knorr_Bremse_PleaseFix.jpg\" target=\"_blank\" rel=\"noopener\"><img loading=\"lazy\" decoding=\"async\" class=\"wp-image-45530\" src=\"https:\/\/static.krafthand-truck.de\/uploads\/2026\/02\/Knorr_Bremse_PleaseFix-300x220.jpg\" alt=\"\" width=\"420\" height=\"308\" srcset=\"https:\/\/static.krafthand-truck.de\/uploads\/2026\/02\/Knorr_Bremse_PleaseFix-300x220.jpg 300w, https:\/\/static.krafthand-truck.de\/uploads\/2026\/02\/Knorr_Bremse_PleaseFix-1024x751.jpg 1024w, https:\/\/static.krafthand-truck.de\/uploads\/2026\/02\/Knorr_Bremse_PleaseFix-768x563.jpg 768w, https:\/\/static.krafthand-truck.de\/uploads\/2026\/02\/Knorr_Bremse_PleaseFix.jpg 1200w\" sizes=\"(max-width: 420px) 100vw, 420px\" \/><\/a><figcaption id=\"caption-attachment-45530\" class=\"wp-caption-text\">Das Ecosystem von Knorr-Bremse f\u00fcr Nfz-Betriebe umfasst beispielsweise die Fahrzeugdiagnose mit Jaltest\/Cojali, WESP CV f\u00fcr die Analyse der Werkstatt-Performance, TRAVIS f\u00fcr die Buchung und Zahlung von Road Services (zum Beispiel Parken und Laden) und PleaseFix <strong>(siehe Bild)<\/strong> f\u00fcr das Verf\u00fcgbarkeits- und Buchungsmanagement von Werkstattterminen. Bild: Krafthand Medien, Knorr-Bremse<\/figcaption><\/figure>\n<p>Die Personalgewinnung stellte sich als weiteres erfolgskritisches Thema heraus. Herr Roth berichtete, dass er erfolgreich \u00fcber eine Personalagentur Mitarbeiter rekrutiert, die flexibel und l\u00f6sungsorientiert arbeiten. Bei internationalen Mitarbeitern sei jedoch das Problem die Anerkennung von Qualifikationen in Deutschland. Hier m\u00fcsse man auf jeden Fall die Einstiegsh\u00fcrden anpassen. Thomas Koch erw\u00e4hnte, dass das Kfz-Gewerbe in Deutschland 2024 \u00fcber 25.000 neue Ausbildungsvertr\u00e4ge geschlossen hat. Tats\u00e4chlich geh\u00f6rt die Ausbildung zum Kfz-Mechatroniker zu den beliebtesten Ausbildungsberufen in Deutschland \u00fcberhaupt. Das Problem: Nur ein geringer Anteil w\u00e4hlt den Weg der Spezialisierung auf Nutzfahrzeuge. Insgesamt ergab die Diskussion, dass besonders f\u00fcr Lkw-Mechatroniker und Mechatronikerinnen das Image l\u00e4ngst nicht dem technischen Standard entspricht. <em>\u201eWir sollten nicht von \u201aWerkstattschraubern\u2018 sondern von \u201aHightech-Experten\u2018 sprechen\u201c<\/em>, so Christoph Bernhardt. Alle Teilnehmer(innen) des 3# Roundtable Nfz-Aftermarket waren sich einig, dass das Berufsbild dringend in ein neues Licht ger\u00fcckt werden m\u00fcsse, insbesondere in Hinblick auf technikaffine junge Menschen. Schlie\u00dflich hat man es mit hochmodernen Antriebssystemen, mit komplexer Sensorik, ADAS, Software, Cybersecurity und KI zu tun.<\/p>\n<p>&nbsp;<\/p>\n<p>&nbsp;<\/p>\n<figure id=\"attachment_45532\" aria-describedby=\"caption-attachment-45532\" style=\"width: 420px\" class=\"wp-caption alignright\"><a href=\"https:\/\/static.krafthand-truck.de\/uploads\/2026\/02\/Roth_Nutzfahrzeuge_Luftbild.jpg\" target=\"_blank\" rel=\"noopener\"><img loading=\"lazy\" decoding=\"async\" class=\"wp-image-45532\" src=\"https:\/\/static.krafthand-truck.de\/uploads\/2026\/02\/Roth_Nutzfahrzeuge_Luftbild-300x180.jpg\" alt=\"\" width=\"420\" height=\"251\" srcset=\"https:\/\/static.krafthand-truck.de\/uploads\/2026\/02\/Roth_Nutzfahrzeuge_Luftbild-300x180.jpg 300w, https:\/\/static.krafthand-truck.de\/uploads\/2026\/02\/Roth_Nutzfahrzeuge_Luftbild-1024x613.jpg 1024w, https:\/\/static.krafthand-truck.de\/uploads\/2026\/02\/Roth_Nutzfahrzeuge_Luftbild-768x460.jpg 768w, https:\/\/static.krafthand-truck.de\/uploads\/2026\/02\/Roth_Nutzfahrzeuge_Luftbild.jpg 1200w\" sizes=\"(max-width: 420px) 100vw, 420px\" \/><\/a><figcaption id=\"caption-attachment-45532\" class=\"wp-caption-text\">Roth Nutzfahrzeuge und Automobile in Bonndorf-Holzschlag (Schwarzwald) ist ein kleiner mittelst\u00e4ndischer Betrieb (KMU) mit f\u00fcnf Angestellten. Bild: Roth Nutzfahrzeuge und Automobile<\/figcaption><\/figure>\n<p><em>\u201eDer klassische Mechaniker ist Vergangenheit \u2013 der Nfz-Mechatroniker wird zum Techniker 4.0. Das ist anspruchsvoll, aber auch attraktiv f\u00fcr junge Menschen\u201c<\/em>, so Messerer. Dabei sei laut Bernhardt eine moderne Werkstattausr\u00fcstung, digitale Diagnose-Tools sowie der Zugang zu den neuesten Fahrzeugtechnologien ein wichtiger Anreiz f\u00fcr potenzielle Bewerber(innen). Tats\u00e4chlich ist eine gemeinsame Imagekampagne angedacht, das Arbeitsmotto lautet: \u201aModerne Nutzfahrzeuge \u2013 Technik die begeistert!<\/p>\n<blockquote class=\"khm-quote\"><p>Der klassische Mechaniker ist Vergangenheit \u2013 der Nfz-Mechatroniker wird zum Techniker 4.0.<\/p><\/blockquote>\n<h3>Erfolgsfaktoren: Digitalisierung und Weiterbildung<\/h3>\n<figure id=\"attachment_45534\" aria-describedby=\"caption-attachment-45534\" style=\"width: 380px\" class=\"wp-caption alignleft\"><a href=\"https:\/\/static.krafthand-truck.de\/uploads\/2026\/02\/Mahle_Klimaservice_Lkw_Teile.jpg\" target=\"_blank\" rel=\"noopener\"><img loading=\"lazy\" decoding=\"async\" class=\"wp-image-45534\" src=\"https:\/\/static.krafthand-truck.de\/uploads\/2026\/02\/Mahle_Klimaservice_Lkw_Teile-300x230.jpg\" alt=\"\" width=\"380\" height=\"291\" srcset=\"https:\/\/static.krafthand-truck.de\/uploads\/2026\/02\/Mahle_Klimaservice_Lkw_Teile-300x230.jpg 300w, https:\/\/static.krafthand-truck.de\/uploads\/2026\/02\/Mahle_Klimaservice_Lkw_Teile-1024x784.jpg 1024w, https:\/\/static.krafthand-truck.de\/uploads\/2026\/02\/Mahle_Klimaservice_Lkw_Teile-768x588.jpg 768w, https:\/\/static.krafthand-truck.de\/uploads\/2026\/02\/Mahle_Klimaservice_Lkw_Teile.jpg 1200w\" sizes=\"(max-width: 380px) 100vw, 380px\" \/><\/a><figcaption id=\"caption-attachment-45534\" class=\"wp-caption-text\">Mahle h\u00e4lt ein umfangreiches Portfolio an Nfz-Teilen und Diagnose- \/Servicel\u00f6sungen f\u00fcr Lkw-Werkst\u00e4tten vor und unterst\u00fctzt die Betriebe mit technischen Informationen, Schulungen und Zertifizierungen gezielt beim Wandel. Bild: Mahle<\/figcaption><\/figure>\n<p>Auch die Digitalisierung der Prozesse in Nutzfahrzeugwerkst\u00e4tten geh\u00f6rt zu den zentralen Erfolgsfaktoren f\u00fcr die Zukunftsf\u00e4higkeit. Katrin Gienger betonte, dass nicht nur das Berufsbild angepasst, sondern auch die Nfz-Werkstatt selbst digitaler werden m\u00fcsse \u2013 von der Terminplanung, \u00fcber die Schadensanalyse, das Reparaturmanagement und die Kundenansprache. Letztendlich ginge es um die Effizienzsteigerung.<em> \u201eDie meisten Nfz-Werkst\u00e4tten arbeiten noch mit fragmentierten Systemen \u2013 Termin-Software hier, Teile-Verwaltung oder Service-Historie dort\u201c<\/em>, so Messerer. <em>\u201eDas verursacht substanzielle Zeitverschwendung. Ein Techniker arbeitet nicht acht Stunden am Fahrzeug \u2013 er braucht auch h\u00e4ufig zwei bis drei Stunden f\u00fcr die Datenverwaltung, um R\u00fccksprachen zu halten oder um fehlende Informationen zu suchen.\u201c<\/em> Ja, es laufe noch vieles manuell, so Manfred Roth. <em>\u201eWir sind aber dabei entsprechende Systeme zu integrieren.\u201c<\/em><br \/>\nHinzu kommt, dass sich die Wertsch\u00f6pfung schrittweise in Richtung Hochvoltsysteme, Sensorik, Fahrerassistenzsysteme und Digitalisierung entwickelt. Dies setzt entsprechendes Know-how voraus. Umso wichtiger ist die regelm\u00e4\u00dfige Weiterbildung der Mitarbeiter(innen). Manfred Roth machte in Sachen Weiterbildung positive Erfahrungen und f\u00fchrte dies auf ein gutes Betriebsklima und die entsprechende Motivation zur\u00fcck. Zielf\u00fchrend sind dabei verschiedene Schulungsformate und die Notwendigkeit regionaler Angebote. Christoph Bernhardt erw\u00e4hnte Kooperationen mit Gro\u00dfh\u00e4ndlern f\u00fcr regionale Schulungen und das Bosch-Schulungszentrum in Plochingen. Mahle hat Mitte 2025 ein globales Trainingszentrum in Stuttgart in Betrieb genommen. Auch Knorr-Bremse bieten zahlreiche Weiterbildungsformate an.<\/p>\n<blockquote class=\"khm-quote\"><p>Es erfordert eine konzertierte Anstrengung aller Beteiligten \u2013 Unternehmen, Bildungsst\u00e4tten, Verb\u00e4nde und Politik \u2013 um das Berufsbild neu zu positionieren, die Ausbildungsinhalte anzupassen und ausreichend qualifizierte Fachkr\u00e4fte f\u00fcr die spannende und hochtechnologische Zukunft des Nutzfahrzeug-Services zu begeistern. (Christoph Bernhardt)<\/p><\/blockquote>\n<h3>Nachhaltig besser<\/h3>\n<figure id=\"attachment_45545\" aria-describedby=\"caption-attachment-45545\" style=\"width: 220px\" class=\"wp-caption alignleft\"><a href=\"https:\/\/static.krafthand-truck.de\/uploads\/2026\/02\/AAmpact_Thomas_Koch_Bosch.jpg\" target=\"_blank\" rel=\"noopener\"><img loading=\"lazy\" decoding=\"async\" class=\"wp-image-45545\" src=\"https:\/\/static.krafthand-truck.de\/uploads\/2026\/02\/AAmpact_Thomas_Koch_Bosch-242x300.jpg\" alt=\"\" width=\"220\" height=\"272\" srcset=\"https:\/\/static.krafthand-truck.de\/uploads\/2026\/02\/AAmpact_Thomas_Koch_Bosch-242x300.jpg 242w, https:\/\/static.krafthand-truck.de\/uploads\/2026\/02\/AAmpact_Thomas_Koch_Bosch-768x950.jpg 768w, https:\/\/static.krafthand-truck.de\/uploads\/2026\/02\/AAmpact_Thomas_Koch_Bosch.jpg 800w\" sizes=\"(max-width: 220px) 100vw, 220px\" \/><\/a><figcaption id=\"caption-attachment-45545\" class=\"wp-caption-text\"><em>\u201eDer freie Nfz-Service- und Teilemarkt hat eine gro\u00dfe Zukunft. Jeder Betrieb muss jedoch f\u00fcr sich entscheiden, was getan werden muss, um zukunftsf\u00e4hig zu bleiben\u201c<\/em>, so Thomas Koch.<\/figcaption><\/figure>\n<p>Zur Zukunft des Nutzfahrzeugservices geh\u00f6rt auch das Thema Nachhaltigkeit \u2013 Stichwort Kreislaufwirtschaft. Bernhardt erl\u00e4uterte, dass Bosch seit \u00fcber 60 Jahren wiederaufbereitete Teile (Bosch eXchange) anbietet und das Portfolio bis 2030 verdoppeln will. Katrin Gienger stellte den neuen ESB REMAN-Service von Knorr-Bremse vor, bei dem Werkst\u00e4tten ECUs direkt zur Aufbereitung schicken k\u00f6nnen und diese in k\u00fcrzester Zeit zur\u00fcckerhalten. Thomas Koch erw\u00e4hnte die FAAS-Initiative f\u00fcr Automotive Aftermarket Sustainability zur F\u00f6rderung der Nachhaltigkeit im Aftermarket. Beim Thema Reifenrunderneuerung, speziell im Nfz-Bereich, sei ebenfalls noch sehr viel \u201aLuft nach oben\u2018. Die Allianz Zukunft Reifen (<a href=\"https:\/\/azur-netzwerk.de\" target=\"_blank\" rel=\"noopener\">AZuR<\/a>) setzt sich massiv f\u00fcr das Thema ein. <em>\u201eIm Remanufacturing steckt noch gro\u00dfes Potenzial. Es ist nicht nur nachhaltig, sondern oft auch wirtschaftlich sinnvoll\u201c<\/em>, erkl\u00e4rt Messerer.<\/p>\n<p>&nbsp;<\/p>\n<p>&nbsp;<\/p>\n<hr \/>\n<h3>Qualit\u00e4t ist Mehrwert<\/h3>\n<figure id=\"attachment_45538\" aria-describedby=\"caption-attachment-45538\" style=\"width: 220px\" class=\"wp-caption alignleft\"><img loading=\"lazy\" decoding=\"async\" class=\"wp-image-45538\" src=\"https:\/\/static.krafthand-truck.de\/uploads\/2026\/02\/Qualitaet_ist_Mehrwert_Logo-300x128.jpg\" alt=\"\" width=\"220\" height=\"94\" srcset=\"https:\/\/static.krafthand-truck.de\/uploads\/2026\/02\/Qualitaet_ist_Mehrwert_Logo-300x128.jpg 300w, https:\/\/static.krafthand-truck.de\/uploads\/2026\/02\/Qualitaet_ist_Mehrwert_Logo-768x328.jpg 768w, https:\/\/static.krafthand-truck.de\/uploads\/2026\/02\/Qualitaet_ist_Mehrwert_Logo.jpg 800w\" sizes=\"(max-width: 220px) 100vw, 220px\" \/><figcaption id=\"caption-attachment-45538\" class=\"wp-caption-text\">Logo: Qualit\u00e4t ist Mehrwert<\/figcaption><\/figure>\n<p>Die Initiative \u201aQualit\u00e4t ist Mehrwert\u2018 steht f\u00fcr die F\u00f6rderung von Qualit\u00e4t im Automotive Aftermarket, insbesondere f\u00fcr freie Kfz- und Nfz-Werkst\u00e4tten und deren Wettbewerbsf\u00e4higkeit. Die Initiative m\u00f6chte \u00fcber die Bedeutung hochwertiger Ersatzteile aufkl\u00e4ren, vor den Gefahren minderwertiger Teile warnen und den Austausch im IAM f\u00f6rdern. Zudem steht \u201aQualit\u00e4t ist Mehrwert\u2018 f\u00fcr fachgerechte Reparaturen, qualifiziertes Personal und einen professionellen Kundenservice ein. <a href=\"https:\/\/qualitaet-ist-mehrwert.de\" target=\"_blank\" rel=\"noopener\">\u201aQualit\u00e4t ist Mehrwert\u2018<\/a> stellt Werkst\u00e4tten Informationen, Schulungsangebote, und Werkstatt-Tipps zur Verf\u00fcgung, organisiert Werkstatt-Stammtische, Events bei Teileherstellern sowie Nachwuchs-Offensiven.<\/p>\n<hr \/>\n<h3>Zusammen Neues bewegen<\/h3>\n<p>Letztendlich betonten alle Teilnehmer des 3# Roundtable Nfz-Aftermarket die Notwendigkeit der Transformation. <em>\u201eBetriebe, die jetzt nicht in Personal, Digitalisierung und neue Kompetenzen investieren, haben es zuk\u00fcnftig schwer\u201c<\/em>, so Armin Messerer. Einig sind sich alle Teilnehmer(innen), dass sich die Nfz-Werkst\u00e4tten als attraktive Arbeitgeber in Hinblick auf ihre technische und digitale Kompetenz darstellen m\u00fcssen. Durch ihre Unabh\u00e4ngigkeit von den OEM sind sie dabei sehr gut positioniert und k\u00f6nnen beispielsweise Outsourcing-Potentiale von Flotten zum Wachstum ihrer Betriebe nutzen und zuk\u00fcnftig auch Fleet-Management-Aufgaben \u00fcbernehmen. <em>\u201eNfz-Werkst\u00e4tten, die ihre Prozesse optimieren, ihre Auslastung verbessern und ihren Kundenstamm erweitern, k\u00f6nnen ihr betriebliches Potenzial voll aussch\u00f6pfen und sind auch in Zukunft gut aufgestellt\u201c<\/em>, so Gienger. Die Transportvolumina steigen, der Servicebedarf w\u00e4chst, die Technik er\u00f6ffnet neue Chancen. Die freien Nfz-Betriebe haben eine gro\u00dfe Zukunft \u2013 lassen Sie uns zusammen Neues bewegen!<\/p>\n<p><i>Den Beitrag finden Sie auch in der Print-Ausgabe 1-2026 der <a href=\"https:\/\/www.krafthand.de\/truck\/magazin\/\" title=\"Zum Magazin\">Krafthand-Truck<\/a>.<\/i><\/p>\r\n\t\t\t\t<div class=\"post-author\">\r\n\t\t\t\t\t<div class=\"khm-cp-author clearfix\">\r\n\t\t\t\t\t\t<div class=\"khm-cp-author__content\">\r\n\t\t\t\t\t\t\t\tKontakt zum Autor:<br \/>\r\n\t\t\t\t\t\t\t\t<strong>Georg Blenk<\/strong>, 08247 \/ 3007-45 |  <a href=\"mailto:georg.blenk@krafthand-medien.de\">georg.blenk@krafthand-medien.de<\/a>\r\n\t\t\t\t\t\t\t<div class=\"khm-cp-author__image\">\r\n\t\t\t\t\t\t<img src=\"https:\/\/static.krafthand-truck.de\/uploads\/2021\/01\/Blenk_6104-250x300-1-removebg-preview.png\" class=\"img-responsive\">\r\n\t\t\t\t\t<\/div>\r\n\t\t\t\t\t\t<\/div>\r\n\t\t\t\t\t<\/div>\r\n\t\t\t\t<\/div>\r\n\t\t\t\t","protected":false},"excerpt":{"rendered":"<p>Im Januar 2026 fand der dritte Roundtable Nfz-Aftermarket statt. In Zusammenarbeit mit der Initiative \u201aQualit\u00e4t ist Mehrwert\u2018 lud die Fachzeitschrift Krafthand-Truck Nutzfahrzeugprofis ein, um \u00fcber die Zukunft des Nfz-Service zu diskutieren. Es gilt noch zahlreiche Probleme zu l\u00f6sen, die Zukunft er\u00f6ffnet jedoch spannende Perspektiven&#8230; <span class=\"excerpt-more__dots\">&#8230;<\/span> <a class=\"excerpt-more__link\" href=\"https:\/\/www.krafthand.de\/truck\/artikel\/zusammen-neues-bewegen-45509\/\" >weiter<\/a><\/p>\n","protected":false},"author":9,"featured_media":45515,"comment_status":"closed","ping_status":"closed","sticky":false,"template":"","format":"standard","meta":{"footnotes":""},"categories":[4235,4245],"tags":[2458,186,1393,4888],"settings":[3524,3523],"class_list":["post-45509","post","type-post","status-publish","format-standard","has-post-thumbnail","hentry","category-unternehmen","category-verbaende","tag-bosch-automotive-aftermarket","tag-knorr-bremse","tag-mahle-aftermarket","tag-nfz-aftermarket"],"yoast_head":"<!-- This site is optimized with the Yoast SEO plugin v27.3 - https:\/\/yoast.com\/product\/yoast-seo-wordpress\/ -->\n<title>3# Roundtable-Nfz-Aftermarket I Krafthand-Truck<\/title>\n<meta name=\"description\" content=\"Im Januar 2026 fand der dritte Roundtable Nfz-Aftermarket statt. Wie sieht die Zukunft des Nfz-Service aus?.\" \/>\n<meta name=\"robots\" content=\"index, follow, max-snippet:-1, max-image-preview:large, max-video-preview:-1\" \/>\n<link rel=\"canonical\" href=\"https:\/\/www.krafthand.de\/truck\/artikel\/zusammen-neues-bewegen-45509\/\" \/>\n<meta property=\"og:locale\" content=\"de_DE\" \/>\n<meta property=\"og:type\" content=\"article\" \/>\n<meta property=\"og:title\" content=\"3# Roundtable-Nfz-Aftermarket I Krafthand-Truck\" \/>\n<meta property=\"og:description\" content=\"Im Januar 2026 fand der dritte Roundtable Nfz-Aftermarket statt. Wie sieht die Zukunft des Nfz-Service aus?.\" \/>\n<meta property=\"og:url\" content=\"https:\/\/www.krafthand-truck.de\/artikel\/zusammen-neues-bewegen-45509\/\" \/>\n<meta property=\"og:site_name\" content=\"Krafthand-Truck\" \/>\n<meta property=\"article:published_time\" content=\"2026-03-28T07:30:59+00:00\" \/>\n<meta property=\"article:modified_time\" content=\"2026-03-31T13:46:23+00:00\" \/>\n<meta property=\"og:image\" content=\"https:\/\/static.krafthand-truck.de\/uploads\/2026\/02\/3Roundtable_Nfz_Aftermarket.jpg\" \/>\n\t<meta property=\"og:image:width\" content=\"1200\" \/>\n\t<meta property=\"og:image:height\" content=\"623\" \/>\n\t<meta property=\"og:image:type\" content=\"image\/jpeg\" \/>\n<meta name=\"author\" content=\"georg.blenk@krafthand-medien.de\" \/>\n<meta name=\"twitter:card\" content=\"summary_large_image\" \/>\n<meta name=\"twitter:label1\" content=\"Verfasst von\" \/>\n\t<meta name=\"twitter:data1\" content=\"georg.blenk@krafthand-medien.de\" \/>\n\t<meta name=\"twitter:label2\" content=\"Gesch\u00e4tzte Lesezeit\" \/>\n\t<meta name=\"twitter:data2\" content=\"15\u00a0Minuten\" \/>\n<script type=\"application\/ld+json\" class=\"yoast-schema-graph\">{\"@context\":\"https:\\\/\\\/schema.org\",\"@graph\":[{\"@type\":\"Article\",\"@id\":\"https:\\\/\\\/www.krafthand.de\\\/truck\\\/artikel\\\/zusammen-neues-bewegen-45509\\\/#article\",\"isPartOf\":{\"@id\":\"https:\\\/\\\/www.krafthand.de\\\/truck\\\/artikel\\\/zusammen-neues-bewegen-45509\\\/\"},\"author\":{\"name\":\"georg.blenk@krafthand-medien.de\",\"@id\":\"https:\\\/\\\/www.krafthand.de\\\/truck\\\/#\\\/schema\\\/person\\\/51fa80b1c57034c4bf63f9f988fc24ce\"},\"headline\":\"\u201eZusammen Neues bewegen!\u201c\",\"datePublished\":\"2026-03-28T07:30:59+00:00\",\"dateModified\":\"2026-03-31T13:46:23+00:00\",\"mainEntityOfPage\":{\"@id\":\"https:\\\/\\\/www.krafthand.de\\\/truck\\\/artikel\\\/zusammen-neues-bewegen-45509\\\/\"},\"wordCount\":2468,\"image\":{\"@id\":\"https:\\\/\\\/www.krafthand.de\\\/truck\\\/artikel\\\/zusammen-neues-bewegen-45509\\\/#primaryimage\"},\"thumbnailUrl\":\"https:\\\/\\\/static.krafthand-truck.de\\\/uploads\\\/2026\\\/02\\\/3Roundtable_Nfz_Aftermarket.jpg\",\"keywords\":[\"Bosch Automotive Aftermarket\",\"Knorr-Bremse\",\"Mahle Aftermarket\",\"Nfz-Aftermarket\"],\"articleSection\":[\"Unternehmen\",\"Verb\u00e4nde\\\/Politik\\\/Recht\"],\"inLanguage\":\"de\"},{\"@type\":\"WebPage\",\"@id\":\"https:\\\/\\\/www.krafthand.de\\\/truck\\\/artikel\\\/zusammen-neues-bewegen-45509\\\/\",\"url\":\"https:\\\/\\\/www.krafthand.de\\\/truck\\\/artikel\\\/zusammen-neues-bewegen-45509\\\/\",\"name\":\"3# Roundtable-Nfz-Aftermarket I Krafthand-Truck\",\"isPartOf\":{\"@id\":\"https:\\\/\\\/www.krafthand.de\\\/truck\\\/#website\"},\"primaryImageOfPage\":{\"@id\":\"https:\\\/\\\/www.krafthand.de\\\/truck\\\/artikel\\\/zusammen-neues-bewegen-45509\\\/#primaryimage\"},\"image\":{\"@id\":\"https:\\\/\\\/www.krafthand.de\\\/truck\\\/artikel\\\/zusammen-neues-bewegen-45509\\\/#primaryimage\"},\"thumbnailUrl\":\"https:\\\/\\\/static.krafthand-truck.de\\\/uploads\\\/2026\\\/02\\\/3Roundtable_Nfz_Aftermarket.jpg\",\"datePublished\":\"2026-03-28T07:30:59+00:00\",\"dateModified\":\"2026-03-31T13:46:23+00:00\",\"author\":{\"@id\":\"https:\\\/\\\/www.krafthand.de\\\/truck\\\/#\\\/schema\\\/person\\\/51fa80b1c57034c4bf63f9f988fc24ce\"},\"description\":\"Im Januar 2026 fand der dritte Roundtable Nfz-Aftermarket statt. Wie sieht die Zukunft des Nfz-Service aus?.\",\"breadcrumb\":{\"@id\":\"https:\\\/\\\/www.krafthand.de\\\/truck\\\/artikel\\\/zusammen-neues-bewegen-45509\\\/#breadcrumb\"},\"inLanguage\":\"de\",\"potentialAction\":[{\"@type\":\"ReadAction\",\"target\":[\"https:\\\/\\\/www.krafthand.de\\\/truck\\\/artikel\\\/zusammen-neues-bewegen-45509\\\/\"]}]},{\"@type\":\"ImageObject\",\"inLanguage\":\"de\",\"@id\":\"https:\\\/\\\/www.krafthand.de\\\/truck\\\/artikel\\\/zusammen-neues-bewegen-45509\\\/#primaryimage\",\"url\":\"https:\\\/\\\/static.krafthand-truck.de\\\/uploads\\\/2026\\\/02\\\/3Roundtable_Nfz_Aftermarket.jpg\",\"contentUrl\":\"https:\\\/\\\/static.krafthand-truck.de\\\/uploads\\\/2026\\\/02\\\/3Roundtable_Nfz_Aftermarket.jpg\",\"width\":1200,\"height\":623},{\"@type\":\"BreadcrumbList\",\"@id\":\"https:\\\/\\\/www.krafthand.de\\\/truck\\\/artikel\\\/zusammen-neues-bewegen-45509\\\/#breadcrumb\",\"itemListElement\":[{\"@type\":\"ListItem\",\"position\":1,\"name\":\"Krafthand-Truck\",\"item\":\"https:\\\/\\\/www.krafthand.de\\\/truck\\\/\"},{\"@type\":\"ListItem\",\"position\":2,\"name\":\"Nfz-Branche\",\"item\":\"https:\\\/\\\/www.krafthand.de\\\/truck\\\/kategorie\\\/branche\\\/\"},{\"@type\":\"ListItem\",\"position\":3,\"name\":\"Unternehmen\",\"item\":\"https:\\\/\\\/www.krafthand.de\\\/truck\\\/kategorie\\\/branche\\\/unternehmen\\\/\"},{\"@type\":\"ListItem\",\"position\":4,\"name\":\"\u201eZusammen Neues bewegen!\u201c\"}]},{\"@type\":\"WebSite\",\"@id\":\"https:\\\/\\\/www.krafthand.de\\\/truck\\\/#website\",\"url\":\"https:\\\/\\\/www.krafthand.de\\\/truck\\\/\",\"name\":\"Krafthand-Truck\",\"description\":\"\",\"potentialAction\":[{\"@type\":\"SearchAction\",\"target\":{\"@type\":\"EntryPoint\",\"urlTemplate\":\"https:\\\/\\\/www.krafthand.de\\\/truck\\\/?s={search_term_string}\"},\"query-input\":{\"@type\":\"PropertyValueSpecification\",\"valueRequired\":true,\"valueName\":\"search_term_string\"}}],\"inLanguage\":\"de\"},{\"@type\":\"Person\",\"@id\":\"https:\\\/\\\/www.krafthand.de\\\/truck\\\/#\\\/schema\\\/person\\\/51fa80b1c57034c4bf63f9f988fc24ce\",\"name\":\"georg.blenk@krafthand-medien.de\",\"image\":{\"@type\":\"ImageObject\",\"inLanguage\":\"de\",\"@id\":\"https:\\\/\\\/secure.gravatar.com\\\/avatar\\\/93713c30affe0aa95d3a4130e499bb1abee2eb31adbdd9ce2aa1543538490215?s=96&d=mm&r=g\",\"url\":\"https:\\\/\\\/secure.gravatar.com\\\/avatar\\\/93713c30affe0aa95d3a4130e499bb1abee2eb31adbdd9ce2aa1543538490215?s=96&d=mm&r=g\",\"contentUrl\":\"https:\\\/\\\/secure.gravatar.com\\\/avatar\\\/93713c30affe0aa95d3a4130e499bb1abee2eb31adbdd9ce2aa1543538490215?s=96&d=mm&r=g\",\"caption\":\"georg.blenk@krafthand-medien.de\"}}]}<\/script>\n<!-- \/ Yoast SEO plugin. -->","yoast_head_json":{"title":"3# Roundtable-Nfz-Aftermarket I Krafthand-Truck","description":"Im Januar 2026 fand der dritte Roundtable Nfz-Aftermarket statt. Wie sieht die Zukunft des Nfz-Service aus?.","robots":{"index":"index","follow":"follow","max-snippet":"max-snippet:-1","max-image-preview":"max-image-preview:large","max-video-preview":"max-video-preview:-1"},"canonical":"https:\/\/www.krafthand.de\/truck\/artikel\/zusammen-neues-bewegen-45509\/","og_locale":"de_DE","og_type":"article","og_title":"3# Roundtable-Nfz-Aftermarket I Krafthand-Truck","og_description":"Im Januar 2026 fand der dritte Roundtable Nfz-Aftermarket statt. Wie sieht die Zukunft des Nfz-Service aus?.","og_url":"https:\/\/www.krafthand-truck.de\/artikel\/zusammen-neues-bewegen-45509\/","og_site_name":"Krafthand-Truck","article_published_time":"2026-03-28T07:30:59+00:00","article_modified_time":"2026-03-31T13:46:23+00:00","og_image":[{"width":1200,"height":623,"url":"https:\/\/static.krafthand-truck.de\/uploads\/2026\/02\/3Roundtable_Nfz_Aftermarket.jpg","type":"image\/jpeg"}],"author":"georg.blenk@krafthand-medien.de","twitter_card":"summary_large_image","twitter_misc":{"Verfasst von":"georg.blenk@krafthand-medien.de","Gesch\u00e4tzte Lesezeit":"15\u00a0Minuten"},"schema":{"@context":"https:\/\/schema.org","@graph":[{"@type":"Article","@id":"https:\/\/www.krafthand.de\/truck\/artikel\/zusammen-neues-bewegen-45509\/#article","isPartOf":{"@id":"https:\/\/www.krafthand.de\/truck\/artikel\/zusammen-neues-bewegen-45509\/"},"author":{"name":"georg.blenk@krafthand-medien.de","@id":"https:\/\/www.krafthand.de\/truck\/#\/schema\/person\/51fa80b1c57034c4bf63f9f988fc24ce"},"headline":"\u201eZusammen Neues bewegen!\u201c","datePublished":"2026-03-28T07:30:59+00:00","dateModified":"2026-03-31T13:46:23+00:00","mainEntityOfPage":{"@id":"https:\/\/www.krafthand.de\/truck\/artikel\/zusammen-neues-bewegen-45509\/"},"wordCount":2468,"image":{"@id":"https:\/\/www.krafthand.de\/truck\/artikel\/zusammen-neues-bewegen-45509\/#primaryimage"},"thumbnailUrl":"https:\/\/static.krafthand-truck.de\/uploads\/2026\/02\/3Roundtable_Nfz_Aftermarket.jpg","keywords":["Bosch Automotive Aftermarket","Knorr-Bremse","Mahle Aftermarket","Nfz-Aftermarket"],"articleSection":["Unternehmen","Verb\u00e4nde\/Politik\/Recht"],"inLanguage":"de"},{"@type":"WebPage","@id":"https:\/\/www.krafthand.de\/truck\/artikel\/zusammen-neues-bewegen-45509\/","url":"https:\/\/www.krafthand.de\/truck\/artikel\/zusammen-neues-bewegen-45509\/","name":"3# Roundtable-Nfz-Aftermarket I Krafthand-Truck","isPartOf":{"@id":"https:\/\/www.krafthand.de\/truck\/#website"},"primaryImageOfPage":{"@id":"https:\/\/www.krafthand.de\/truck\/artikel\/zusammen-neues-bewegen-45509\/#primaryimage"},"image":{"@id":"https:\/\/www.krafthand.de\/truck\/artikel\/zusammen-neues-bewegen-45509\/#primaryimage"},"thumbnailUrl":"https:\/\/static.krafthand-truck.de\/uploads\/2026\/02\/3Roundtable_Nfz_Aftermarket.jpg","datePublished":"2026-03-28T07:30:59+00:00","dateModified":"2026-03-31T13:46:23+00:00","author":{"@id":"https:\/\/www.krafthand.de\/truck\/#\/schema\/person\/51fa80b1c57034c4bf63f9f988fc24ce"},"description":"Im Januar 2026 fand der dritte Roundtable Nfz-Aftermarket statt. Wie sieht die Zukunft des Nfz-Service aus?.","breadcrumb":{"@id":"https:\/\/www.krafthand.de\/truck\/artikel\/zusammen-neues-bewegen-45509\/#breadcrumb"},"inLanguage":"de","potentialAction":[{"@type":"ReadAction","target":["https:\/\/www.krafthand.de\/truck\/artikel\/zusammen-neues-bewegen-45509\/"]}]},{"@type":"ImageObject","inLanguage":"de","@id":"https:\/\/www.krafthand.de\/truck\/artikel\/zusammen-neues-bewegen-45509\/#primaryimage","url":"https:\/\/static.krafthand-truck.de\/uploads\/2026\/02\/3Roundtable_Nfz_Aftermarket.jpg","contentUrl":"https:\/\/static.krafthand-truck.de\/uploads\/2026\/02\/3Roundtable_Nfz_Aftermarket.jpg","width":1200,"height":623},{"@type":"BreadcrumbList","@id":"https:\/\/www.krafthand.de\/truck\/artikel\/zusammen-neues-bewegen-45509\/#breadcrumb","itemListElement":[{"@type":"ListItem","position":1,"name":"Krafthand-Truck","item":"https:\/\/www.krafthand.de\/truck\/"},{"@type":"ListItem","position":2,"name":"Nfz-Branche","item":"https:\/\/www.krafthand.de\/truck\/kategorie\/branche\/"},{"@type":"ListItem","position":3,"name":"Unternehmen","item":"https:\/\/www.krafthand.de\/truck\/kategorie\/branche\/unternehmen\/"},{"@type":"ListItem","position":4,"name":"\u201eZusammen Neues bewegen!\u201c"}]},{"@type":"WebSite","@id":"https:\/\/www.krafthand.de\/truck\/#website","url":"https:\/\/www.krafthand.de\/truck\/","name":"Krafthand-Truck","description":"","potentialAction":[{"@type":"SearchAction","target":{"@type":"EntryPoint","urlTemplate":"https:\/\/www.krafthand.de\/truck\/?s={search_term_string}"},"query-input":{"@type":"PropertyValueSpecification","valueRequired":true,"valueName":"search_term_string"}}],"inLanguage":"de"},{"@type":"Person","@id":"https:\/\/www.krafthand.de\/truck\/#\/schema\/person\/51fa80b1c57034c4bf63f9f988fc24ce","name":"georg.blenk@krafthand-medien.de","image":{"@type":"ImageObject","inLanguage":"de","@id":"https:\/\/secure.gravatar.com\/avatar\/93713c30affe0aa95d3a4130e499bb1abee2eb31adbdd9ce2aa1543538490215?s=96&d=mm&r=g","url":"https:\/\/secure.gravatar.com\/avatar\/93713c30affe0aa95d3a4130e499bb1abee2eb31adbdd9ce2aa1543538490215?s=96&d=mm&r=g","contentUrl":"https:\/\/secure.gravatar.com\/avatar\/93713c30affe0aa95d3a4130e499bb1abee2eb31adbdd9ce2aa1543538490215?s=96&d=mm&r=g","caption":"georg.blenk@krafthand-medien.de"}}]}},"_links":{"self":[{"href":"https:\/\/www.krafthand.de\/truck\/wp-json\/wp\/v2\/posts\/45509","targetHints":{"allow":["GET"]}}],"collection":[{"href":"https:\/\/www.krafthand.de\/truck\/wp-json\/wp\/v2\/posts"}],"about":[{"href":"https:\/\/www.krafthand.de\/truck\/wp-json\/wp\/v2\/types\/post"}],"author":[{"embeddable":true,"href":"https:\/\/www.krafthand.de\/truck\/wp-json\/wp\/v2\/users\/9"}],"replies":[{"embeddable":true,"href":"https:\/\/www.krafthand.de\/truck\/wp-json\/wp\/v2\/comments?post=45509"}],"version-history":[{"count":27,"href":"https:\/\/www.krafthand.de\/truck\/wp-json\/wp\/v2\/posts\/45509\/revisions"}],"predecessor-version":[{"id":45554,"href":"https:\/\/www.krafthand.de\/truck\/wp-json\/wp\/v2\/posts\/45509\/revisions\/45554"}],"wp:featuredmedia":[{"embeddable":true,"href":"https:\/\/www.krafthand.de\/truck\/wp-json\/wp\/v2\/media\/45515"}],"wp:attachment":[{"href":"https:\/\/www.krafthand.de\/truck\/wp-json\/wp\/v2\/media?parent=45509"}],"wp:term":[{"taxonomy":"category","embeddable":true,"href":"https:\/\/www.krafthand.de\/truck\/wp-json\/wp\/v2\/categories?post=45509"},{"taxonomy":"post_tag","embeddable":true,"href":"https:\/\/www.krafthand.de\/truck\/wp-json\/wp\/v2\/tags?post=45509"},{"taxonomy":"settings","embeddable":true,"href":"https:\/\/www.krafthand.de\/truck\/wp-json\/wp\/v2\/settings?post=45509"}],"curies":[{"name":"wp","href":"https:\/\/api.w.org\/{rel}","templated":true}]}}