{"id":45505,"date":"2026-02-23T11:44:00","date_gmt":"2026-02-23T10:44:00","guid":{"rendered":"https:\/\/www.krafthand.de\/truck\/?p=45505"},"modified":"2026-03-02T08:34:47","modified_gmt":"2026-03-02T07:34:47","slug":"daimler-truck-13-eactros-fuer-brantner-green-solutions","status":"publish","type":"post","link":"https:\/\/www.krafthand.de\/truck\/artikel\/daimler-truck-13-eactros-fuer-brantner-green-solutions-45505\/","title":{"rendered":"Daimler Truck: 13 eActros f\u00fcr Brantner green solutions"},"content":{"rendered":"<p>Daimler Truck Austria hat gemeinsam mit dem Handelspartner <a href=\"https:\/\/www.pappas.at\/modelle\/lkw\/mercedes-benz\" target=\"_blank\" rel=\"noopener\">Pappas<\/a> 13 vollelektrische Mercedes-Benz eActros an das \u00f6sterreichische Entsorgungs- und Kreislaufwirtschaftsunternehmen Brantner green solutions \u00fcbergeben. Mit der Wahl der Fahrzeuge m\u00f6chte Brantner ein Signal f\u00fcr die Dekarbonisierung der Branche setzen. Die neue E-Lkw-Flotte von Mercedes-Benz Trucks umfasst drei eActros 600 sowie zehn eActros 300 der ersten Generation und ersetzt schwere Fahrzeuge mit Verbrennungsmotor.<\/p>\n<p>Brantner integriert die eActros 300 und eActros 600, die teilweise schon im vergangenen Jahr \u00fcbergeben wurden, seit Anfang 2026 vollst\u00e4ndig in den operativen Alltag f\u00fcr die Sammel- und Entsorgungslogistik. Je nach Einsatzgebiet erziele man mit den Sattelzugmaschinen, Kofferfahrzeugen und M\u00fcllsammelfahrzeugen Reichweiten von 500 Kilometern und mehr. Die eingesetzten eActros erweisen sich laut <a href=\"https:\/\/www.brantner.com\/green-solutions\/\" target=\"_blank\" rel=\"noopener\">Brantner<\/a> im Tagesgesch\u00e4ft als effiziente L\u00f6sung, insbesondere bei Reichweite, Fahrzeugkonzept und Praxistauglichkeit im Schwerlastbetrieb.<\/p>\n<p>Neben dem lokal CO2-freien Betrieb profitieren Mitarbeitende und Anwohner auch von der deutlich reduzierten Ger\u00e4uschentwicklung im t\u00e4glichen Einsatz. Letztendlich machen bei dem typischen Stop+Go-Verkehr batterieelektrische Sammelfahrzeuge mehr als nur Sinn.<\/p>\n<p><i>Den Beitrag finden Sie auch in der Print-Ausgabe 1-2026 der <a href=\"https:\/\/www.krafthand.de\/truck\/magazin\/\" title=\"Zum Magazin\">Krafthand-Truck<\/a>.<\/i><\/p>","protected":false},"excerpt":{"rendered":"<p>Daimler Truck Austria hat gemeinsam mit dem Handelspartner Pappas 13 vollelektrische Mercedes-Benz eActros an das \u00f6sterreichische Entsorgungs- und Kreislaufwirtschaftsunternehmen Brantner green solutions \u00fcbergeben. <span class=\"excerpt-more__dots\">&#8230;<\/span> <a class=\"excerpt-more__link\" href=\"https:\/\/www.krafthand.de\/truck\/artikel\/daimler-truck-13-eactros-fuer-brantner-green-solutions-45505\/\" >weiter<\/a><\/p>\n","protected":false},"author":9,"featured_media":45507,"comment_status":"closed","ping_status":"closed","sticky":false,"template":"","format":"standard","meta":{"footnotes":""},"categories":[4224,4915],"tags":[6413,4177,4450,5730,5826,6412],"settings":[3524,3523],"class_list":["post-45505","post","type-post","status-publish","format-standard","has-post-thumbnail","hentry","category-e-antrieb","category-neue-fahrzeuge","tag-brantner","tag-e-lkw","tag-eactros","tag-eactros-600","tag-muellsammelfahrzeug","tag-pappas"],"yoast_head":"<!-- This site is optimized with the Yoast SEO plugin v27.3 - https:\/\/yoast.com\/product\/yoast-seo-wordpress\/ -->\n<title>Daimler Truck: 13 eActros f\u00fcr Brantner green solutions - Krafthand-Truck<\/title>\n<meta name=\"description\" content=\"Daimler Truck Austria hat gemeinsam mit dem Handelspartner Pappas 13 Mercedes-Benz eActros an Brantner green solutions \u00fcbergeben.\" \/>\n<meta name=\"robots\" content=\"index, follow, max-snippet:-1, max-image-preview:large, max-video-preview:-1\" \/>\n<link rel=\"canonical\" href=\"https:\/\/www.krafthand.de\/truck\/artikel\/daimler-truck-13-eactros-fuer-brantner-green-solutions-45505\/\" \/>\n<meta property=\"og:locale\" content=\"de_DE\" \/>\n<meta property=\"og:type\" content=\"article\" \/>\n<meta property=\"og:title\" content=\"Daimler Truck: 13 eActros f\u00fcr Brantner green solutions - Krafthand-Truck\" \/>\n<meta property=\"og:description\" content=\"Daimler Truck Austria hat gemeinsam mit dem Handelspartner Pappas 13 Mercedes-Benz eActros an Brantner green solutions \u00fcbergeben.\" \/>\n<meta property=\"og:url\" content=\"https:\/\/www.krafthand-truck.de\/artikel\/daimler-truck-13-eactros-fuer-brantner-green-solutions-45505\/\" \/>\n<meta property=\"og:site_name\" content=\"Krafthand-Truck\" \/>\n<meta property=\"article:published_time\" content=\"2026-02-23T10:44:00+00:00\" \/>\n<meta property=\"article:modified_time\" content=\"2026-03-02T07:34:47+00:00\" \/>\n<meta property=\"og:image\" content=\"https:\/\/static.krafthand-truck.de\/uploads\/2026\/02\/Daimler_Truck_eActros_Muellsammelfahrzeuge_Pappas_Brantner_Oesterreich.jpg\" \/>\n\t<meta property=\"og:image:width\" content=\"1200\" \/>\n\t<meta property=\"og:image:height\" content=\"659\" \/>\n\t<meta property=\"og:image:type\" content=\"image\/jpeg\" \/>\n<meta name=\"author\" content=\"georg.blenk@krafthand-medien.de\" \/>\n<meta name=\"twitter:card\" content=\"summary_large_image\" \/>\n<meta name=\"twitter:label1\" content=\"Verfasst von\" \/>\n\t<meta name=\"twitter:data1\" content=\"georg.blenk@krafthand-medien.de\" \/>\n\t<meta name=\"twitter:label2\" content=\"Gesch\u00e4tzte Lesezeit\" \/>\n\t<meta name=\"twitter:data2\" content=\"2\u00a0Minuten\" \/>\n<script type=\"application\/ld+json\" class=\"yoast-schema-graph\">{\"@context\":\"https:\\\/\\\/schema.org\",\"@graph\":[{\"@type\":\"Article\",\"@id\":\"https:\\\/\\\/www.krafthand.de\\\/truck\\\/artikel\\\/daimler-truck-13-eactros-fuer-brantner-green-solutions-45505\\\/#article\",\"isPartOf\":{\"@id\":\"https:\\\/\\\/www.krafthand.de\\\/truck\\\/artikel\\\/daimler-truck-13-eactros-fuer-brantner-green-solutions-45505\\\/\"},\"author\":{\"name\":\"georg.blenk@krafthand-medien.de\",\"@id\":\"https:\\\/\\\/www.krafthand.de\\\/truck\\\/#\\\/schema\\\/person\\\/51fa80b1c57034c4bf63f9f988fc24ce\"},\"headline\":\"Daimler Truck: 13 eActros f\u00fcr Brantner green solutions\",\"datePublished\":\"2026-02-23T10:44:00+00:00\",\"dateModified\":\"2026-03-02T07:34:47+00:00\",\"mainEntityOfPage\":{\"@id\":\"https:\\\/\\\/www.krafthand.de\\\/truck\\\/artikel\\\/daimler-truck-13-eactros-fuer-brantner-green-solutions-45505\\\/\"},\"wordCount\":169,\"image\":{\"@id\":\"https:\\\/\\\/www.krafthand.de\\\/truck\\\/artikel\\\/daimler-truck-13-eactros-fuer-brantner-green-solutions-45505\\\/#primaryimage\"},\"thumbnailUrl\":\"https:\\\/\\\/static.krafthand-truck.de\\\/uploads\\\/2026\\\/02\\\/Daimler_Truck_eActros_Muellsammelfahrzeuge_Pappas_Brantner_Oesterreich.jpg\",\"keywords\":[\"Brantner\",\"E-Lkw\",\"eActros\",\"eActros 600\",\"M\u00fcllsammelfahrzeug\",\"Pappas\"],\"articleSection\":[\"E-Antrieb (BEV\\\/FCEV)\",\"Neue Fahrzeuge\"],\"inLanguage\":\"de\"},{\"@type\":\"WebPage\",\"@id\":\"https:\\\/\\\/www.krafthand.de\\\/truck\\\/artikel\\\/daimler-truck-13-eactros-fuer-brantner-green-solutions-45505\\\/\",\"url\":\"https:\\\/\\\/www.krafthand.de\\\/truck\\\/artikel\\\/daimler-truck-13-eactros-fuer-brantner-green-solutions-45505\\\/\",\"name\":\"Daimler Truck: 13 eActros f\u00fcr Brantner green solutions - Krafthand-Truck\",\"isPartOf\":{\"@id\":\"https:\\\/\\\/www.krafthand.de\\\/truck\\\/#website\"},\"primaryImageOfPage\":{\"@id\":\"https:\\\/\\\/www.krafthand.de\\\/truck\\\/artikel\\\/daimler-truck-13-eactros-fuer-brantner-green-solutions-45505\\\/#primaryimage\"},\"image\":{\"@id\":\"https:\\\/\\\/www.krafthand.de\\\/truck\\\/artikel\\\/daimler-truck-13-eactros-fuer-brantner-green-solutions-45505\\\/#primaryimage\"},\"thumbnailUrl\":\"https:\\\/\\\/static.krafthand-truck.de\\\/uploads\\\/2026\\\/02\\\/Daimler_Truck_eActros_Muellsammelfahrzeuge_Pappas_Brantner_Oesterreich.jpg\",\"datePublished\":\"2026-02-23T10:44:00+00:00\",\"dateModified\":\"2026-03-02T07:34:47+00:00\",\"author\":{\"@id\":\"https:\\\/\\\/www.krafthand.de\\\/truck\\\/#\\\/schema\\\/person\\\/51fa80b1c57034c4bf63f9f988fc24ce\"},\"description\":\"Daimler Truck Austria hat gemeinsam mit dem Handelspartner Pappas 13 Mercedes-Benz eActros an Brantner green solutions \u00fcbergeben.\",\"breadcrumb\":{\"@id\":\"https:\\\/\\\/www.krafthand.de\\\/truck\\\/artikel\\\/daimler-truck-13-eactros-fuer-brantner-green-solutions-45505\\\/#breadcrumb\"},\"inLanguage\":\"de\",\"potentialAction\":[{\"@type\":\"ReadAction\",\"target\":[\"https:\\\/\\\/www.krafthand.de\\\/truck\\\/artikel\\\/daimler-truck-13-eactros-fuer-brantner-green-solutions-45505\\\/\"]}]},{\"@type\":\"ImageObject\",\"inLanguage\":\"de\",\"@id\":\"https:\\\/\\\/www.krafthand.de\\\/truck\\\/artikel\\\/daimler-truck-13-eactros-fuer-brantner-green-solutions-45505\\\/#primaryimage\",\"url\":\"https:\\\/\\\/static.krafthand-truck.de\\\/uploads\\\/2026\\\/02\\\/Daimler_Truck_eActros_Muellsammelfahrzeuge_Pappas_Brantner_Oesterreich.jpg\",\"contentUrl\":\"https:\\\/\\\/static.krafthand-truck.de\\\/uploads\\\/2026\\\/02\\\/Daimler_Truck_eActros_Muellsammelfahrzeuge_Pappas_Brantner_Oesterreich.jpg\",\"width\":1200,\"height\":659},{\"@type\":\"BreadcrumbList\",\"@id\":\"https:\\\/\\\/www.krafthand.de\\\/truck\\\/artikel\\\/daimler-truck-13-eactros-fuer-brantner-green-solutions-45505\\\/#breadcrumb\",\"itemListElement\":[{\"@type\":\"ListItem\",\"position\":1,\"name\":\"Krafthand-Truck\",\"item\":\"https:\\\/\\\/www.krafthand.de\\\/truck\\\/\"},{\"@type\":\"ListItem\",\"position\":2,\"name\":\"IT+Fuhrpark\",\"item\":\"https:\\\/\\\/www.krafthand.de\\\/truck\\\/kategorie\\\/fuhrpark\\\/\"},{\"@type\":\"ListItem\",\"position\":3,\"name\":\"Neue Fahrzeuge\",\"item\":\"https:\\\/\\\/www.krafthand.de\\\/truck\\\/kategorie\\\/fuhrpark\\\/neue-fahrzeuge\\\/\"},{\"@type\":\"ListItem\",\"position\":4,\"name\":\"Daimler Truck: 13 eActros f\u00fcr Brantner green solutions\"}]},{\"@type\":\"WebSite\",\"@id\":\"https:\\\/\\\/www.krafthand.de\\\/truck\\\/#website\",\"url\":\"https:\\\/\\\/www.krafthand.de\\\/truck\\\/\",\"name\":\"Krafthand-Truck\",\"description\":\"\",\"potentialAction\":[{\"@type\":\"SearchAction\",\"target\":{\"@type\":\"EntryPoint\",\"urlTemplate\":\"https:\\\/\\\/www.krafthand.de\\\/truck\\\/?s={search_term_string}\"},\"query-input\":{\"@type\":\"PropertyValueSpecification\",\"valueRequired\":true,\"valueName\":\"search_term_string\"}}],\"inLanguage\":\"de\"},{\"@type\":\"Person\",\"@id\":\"https:\\\/\\\/www.krafthand.de\\\/truck\\\/#\\\/schema\\\/person\\\/51fa80b1c57034c4bf63f9f988fc24ce\",\"name\":\"georg.blenk@krafthand-medien.de\",\"image\":{\"@type\":\"ImageObject\",\"inLanguage\":\"de\",\"@id\":\"https:\\\/\\\/secure.gravatar.com\\\/avatar\\\/93713c30affe0aa95d3a4130e499bb1abee2eb31adbdd9ce2aa1543538490215?s=96&d=mm&r=g\",\"url\":\"https:\\\/\\\/secure.gravatar.com\\\/avatar\\\/93713c30affe0aa95d3a4130e499bb1abee2eb31adbdd9ce2aa1543538490215?s=96&d=mm&r=g\",\"contentUrl\":\"https:\\\/\\\/secure.gravatar.com\\\/avatar\\\/93713c30affe0aa95d3a4130e499bb1abee2eb31adbdd9ce2aa1543538490215?s=96&d=mm&r=g\",\"caption\":\"georg.blenk@krafthand-medien.de\"}}]}<\/script>\n<!-- \/ Yoast SEO plugin. -->","yoast_head_json":{"title":"Daimler Truck: 13 eActros f\u00fcr Brantner green solutions - Krafthand-Truck","description":"Daimler Truck Austria hat gemeinsam mit dem Handelspartner Pappas 13 Mercedes-Benz eActros an Brantner green solutions \u00fcbergeben.","robots":{"index":"index","follow":"follow","max-snippet":"max-snippet:-1","max-image-preview":"max-image-preview:large","max-video-preview":"max-video-preview:-1"},"canonical":"https:\/\/www.krafthand.de\/truck\/artikel\/daimler-truck-13-eactros-fuer-brantner-green-solutions-45505\/","og_locale":"de_DE","og_type":"article","og_title":"Daimler Truck: 13 eActros f\u00fcr Brantner green solutions - Krafthand-Truck","og_description":"Daimler Truck Austria hat gemeinsam mit dem Handelspartner Pappas 13 Mercedes-Benz eActros an Brantner green solutions \u00fcbergeben.","og_url":"https:\/\/www.krafthand-truck.de\/artikel\/daimler-truck-13-eactros-fuer-brantner-green-solutions-45505\/","og_site_name":"Krafthand-Truck","article_published_time":"2026-02-23T10:44:00+00:00","article_modified_time":"2026-03-02T07:34:47+00:00","og_image":[{"width":1200,"height":659,"url":"https:\/\/static.krafthand-truck.de\/uploads\/2026\/02\/Daimler_Truck_eActros_Muellsammelfahrzeuge_Pappas_Brantner_Oesterreich.jpg","type":"image\/jpeg"}],"author":"georg.blenk@krafthand-medien.de","twitter_card":"summary_large_image","twitter_misc":{"Verfasst von":"georg.blenk@krafthand-medien.de","Gesch\u00e4tzte Lesezeit":"2\u00a0Minuten"},"schema":{"@context":"https:\/\/schema.org","@graph":[{"@type":"Article","@id":"https:\/\/www.krafthand.de\/truck\/artikel\/daimler-truck-13-eactros-fuer-brantner-green-solutions-45505\/#article","isPartOf":{"@id":"https:\/\/www.krafthand.de\/truck\/artikel\/daimler-truck-13-eactros-fuer-brantner-green-solutions-45505\/"},"author":{"name":"georg.blenk@krafthand-medien.de","@id":"https:\/\/www.krafthand.de\/truck\/#\/schema\/person\/51fa80b1c57034c4bf63f9f988fc24ce"},"headline":"Daimler Truck: 13 eActros f\u00fcr Brantner green solutions","datePublished":"2026-02-23T10:44:00+00:00","dateModified":"2026-03-02T07:34:47+00:00","mainEntityOfPage":{"@id":"https:\/\/www.krafthand.de\/truck\/artikel\/daimler-truck-13-eactros-fuer-brantner-green-solutions-45505\/"},"wordCount":169,"image":{"@id":"https:\/\/www.krafthand.de\/truck\/artikel\/daimler-truck-13-eactros-fuer-brantner-green-solutions-45505\/#primaryimage"},"thumbnailUrl":"https:\/\/static.krafthand-truck.de\/uploads\/2026\/02\/Daimler_Truck_eActros_Muellsammelfahrzeuge_Pappas_Brantner_Oesterreich.jpg","keywords":["Brantner","E-Lkw","eActros","eActros 600","M\u00fcllsammelfahrzeug","Pappas"],"articleSection":["E-Antrieb (BEV\/FCEV)","Neue Fahrzeuge"],"inLanguage":"de"},{"@type":"WebPage","@id":"https:\/\/www.krafthand.de\/truck\/artikel\/daimler-truck-13-eactros-fuer-brantner-green-solutions-45505\/","url":"https:\/\/www.krafthand.de\/truck\/artikel\/daimler-truck-13-eactros-fuer-brantner-green-solutions-45505\/","name":"Daimler Truck: 13 eActros f\u00fcr Brantner green solutions - Krafthand-Truck","isPartOf":{"@id":"https:\/\/www.krafthand.de\/truck\/#website"},"primaryImageOfPage":{"@id":"https:\/\/www.krafthand.de\/truck\/artikel\/daimler-truck-13-eactros-fuer-brantner-green-solutions-45505\/#primaryimage"},"image":{"@id":"https:\/\/www.krafthand.de\/truck\/artikel\/daimler-truck-13-eactros-fuer-brantner-green-solutions-45505\/#primaryimage"},"thumbnailUrl":"https:\/\/static.krafthand-truck.de\/uploads\/2026\/02\/Daimler_Truck_eActros_Muellsammelfahrzeuge_Pappas_Brantner_Oesterreich.jpg","datePublished":"2026-02-23T10:44:00+00:00","dateModified":"2026-03-02T07:34:47+00:00","author":{"@id":"https:\/\/www.krafthand.de\/truck\/#\/schema\/person\/51fa80b1c57034c4bf63f9f988fc24ce"},"description":"Daimler Truck Austria hat gemeinsam mit dem Handelspartner Pappas 13 Mercedes-Benz eActros an Brantner green solutions \u00fcbergeben.","breadcrumb":{"@id":"https:\/\/www.krafthand.de\/truck\/artikel\/daimler-truck-13-eactros-fuer-brantner-green-solutions-45505\/#breadcrumb"},"inLanguage":"de","potentialAction":[{"@type":"ReadAction","target":["https:\/\/www.krafthand.de\/truck\/artikel\/daimler-truck-13-eactros-fuer-brantner-green-solutions-45505\/"]}]},{"@type":"ImageObject","inLanguage":"de","@id":"https:\/\/www.krafthand.de\/truck\/artikel\/daimler-truck-13-eactros-fuer-brantner-green-solutions-45505\/#primaryimage","url":"https:\/\/static.krafthand-truck.de\/uploads\/2026\/02\/Daimler_Truck_eActros_Muellsammelfahrzeuge_Pappas_Brantner_Oesterreich.jpg","contentUrl":"https:\/\/static.krafthand-truck.de\/uploads\/2026\/02\/Daimler_Truck_eActros_Muellsammelfahrzeuge_Pappas_Brantner_Oesterreich.jpg","width":1200,"height":659},{"@type":"BreadcrumbList","@id":"https:\/\/www.krafthand.de\/truck\/artikel\/daimler-truck-13-eactros-fuer-brantner-green-solutions-45505\/#breadcrumb","itemListElement":[{"@type":"ListItem","position":1,"name":"Krafthand-Truck","item":"https:\/\/www.krafthand.de\/truck\/"},{"@type":"ListItem","position":2,"name":"IT+Fuhrpark","item":"https:\/\/www.krafthand.de\/truck\/kategorie\/fuhrpark\/"},{"@type":"ListItem","position":3,"name":"Neue Fahrzeuge","item":"https:\/\/www.krafthand.de\/truck\/kategorie\/fuhrpark\/neue-fahrzeuge\/"},{"@type":"ListItem","position":4,"name":"Daimler Truck: 13 eActros f\u00fcr Brantner green solutions"}]},{"@type":"WebSite","@id":"https:\/\/www.krafthand.de\/truck\/#website","url":"https:\/\/www.krafthand.de\/truck\/","name":"Krafthand-Truck","description":"","potentialAction":[{"@type":"SearchAction","target":{"@type":"EntryPoint","urlTemplate":"https:\/\/www.krafthand.de\/truck\/?s={search_term_string}"},"query-input":{"@type":"PropertyValueSpecification","valueRequired":true,"valueName":"search_term_string"}}],"inLanguage":"de"},{"@type":"Person","@id":"https:\/\/www.krafthand.de\/truck\/#\/schema\/person\/51fa80b1c57034c4bf63f9f988fc24ce","name":"georg.blenk@krafthand-medien.de","image":{"@type":"ImageObject","inLanguage":"de","@id":"https:\/\/secure.gravatar.com\/avatar\/93713c30affe0aa95d3a4130e499bb1abee2eb31adbdd9ce2aa1543538490215?s=96&d=mm&r=g","url":"https:\/\/secure.gravatar.com\/avatar\/93713c30affe0aa95d3a4130e499bb1abee2eb31adbdd9ce2aa1543538490215?s=96&d=mm&r=g","contentUrl":"https:\/\/secure.gravatar.com\/avatar\/93713c30affe0aa95d3a4130e499bb1abee2eb31adbdd9ce2aa1543538490215?s=96&d=mm&r=g","caption":"georg.blenk@krafthand-medien.de"}}]}},"_links":{"self":[{"href":"https:\/\/www.krafthand.de\/truck\/wp-json\/wp\/v2\/posts\/45505","targetHints":{"allow":["GET"]}}],"collection":[{"href":"https:\/\/www.krafthand.de\/truck\/wp-json\/wp\/v2\/posts"}],"about":[{"href":"https:\/\/www.krafthand.de\/truck\/wp-json\/wp\/v2\/types\/post"}],"author":[{"embeddable":true,"href":"https:\/\/www.krafthand.de\/truck\/wp-json\/wp\/v2\/users\/9"}],"replies":[{"embeddable":true,"href":"https:\/\/www.krafthand.de\/truck\/wp-json\/wp\/v2\/comments?post=45505"}],"version-history":[{"count":2,"href":"https:\/\/www.krafthand.de\/truck\/wp-json\/wp\/v2\/posts\/45505\/revisions"}],"predecessor-version":[{"id":45508,"href":"https:\/\/www.krafthand.de\/truck\/wp-json\/wp\/v2\/posts\/45505\/revisions\/45508"}],"wp:featuredmedia":[{"embeddable":true,"href":"https:\/\/www.krafthand.de\/truck\/wp-json\/wp\/v2\/media\/45507"}],"wp:attachment":[{"href":"https:\/\/www.krafthand.de\/truck\/wp-json\/wp\/v2\/media?parent=45505"}],"wp:term":[{"taxonomy":"category","embeddable":true,"href":"https:\/\/www.krafthand.de\/truck\/wp-json\/wp\/v2\/categories?post=45505"},{"taxonomy":"post_tag","embeddable":true,"href":"https:\/\/www.krafthand.de\/truck\/wp-json\/wp\/v2\/tags?post=45505"},{"taxonomy":"settings","embeddable":true,"href":"https:\/\/www.krafthand.de\/truck\/wp-json\/wp\/v2\/settings?post=45505"}],"curies":[{"name":"wp","href":"https:\/\/api.w.org\/{rel}","templated":true}]}}