{"id":45452,"date":"2026-02-17T08:05:07","date_gmt":"2026-02-17T07:05:07","guid":{"rendered":"https:\/\/www.krafthand.de\/truck\/?p=45452"},"modified":"2026-03-02T07:57:49","modified_gmt":"2026-03-02T06:57:49","slug":"andreas-schmid-group-erweitert-speditionsterminal-in-gersthofen","status":"publish","type":"post","link":"https:\/\/www.krafthand.de\/truck\/artikel\/andreas-schmid-group-erweitert-speditionsterminal-in-gersthofen-45452\/","title":{"rendered":"Andreas Schmid Group erweitert Speditionsterminal in Gersthofen"},"content":{"rendered":"<p>Die Andreas Schmid Group hat sein Speditionsterminal am Standort Gersthofen durch einen Anbau erweitert. Mit dem Neubau reagiert das Logistikunternehmen auf die kontinuierlich steigenden Mengenzuw\u00e4chse aus den nationalen und internationalen St\u00fcckgutnetzwerken.<\/p>\n<h4>T\u00e4glich rund 5.000 Sendungen<\/h4>\n<p>Seit 1999 betreibt die <a href=\"https:\/\/andreas-schmid.de\/de\/\" target=\"_blank\" rel=\"noopener\">Andreas Schmid Group<\/a> das Speditionsterminal in Gersthofen. Auf bisher 8.000 m\u00b2 werden t\u00e4glich im Schnitt rund 5.000 Sendungen bewegt. Zu Saisonspitzen im Fr\u00fchjahr stie\u00df das Terminal in den vergangenen Jahren mehrfach an seine Grenzen, sodass erg\u00e4nzend eine zweite Halle genutzt werden musste.<\/p>\n<h4>3.500 Quadratmeter mehr &#8211; inkl. mehr Komfort<\/h4>\n<p>Mit dem Abriss einer alten Logistikhalle wurde nicht nur Platz f\u00fcr den Neubau und damit 3.500 weitere Quadratmeter Umschlagfl\u00e4che geschaffen, sondern auch die infrastrukturelle Grundlage zur Anbindung weiterer europ\u00e4ischer Linien an das deutsche St\u00fcckgutnetzwerk. Doch nicht nur f\u00fcr das Wachstum des Traditionsunternehmens bringt der Anbau gro\u00dfe Vorteile, erl\u00e4utert Konrad Wenninger, Gesch\u00e4ftsf\u00fchrer der Andreas Schmid Internationalen Spedition: <em>\u201eDie neuen Kapazit\u00e4ten erm\u00f6glichen eine noch schnellere und zuverl\u00e4ssigere Abfertigung unserer Sendungen auf hohem Qualit\u00e4tsniveau. Gleichzeitig schafft der Neubau <strong>f\u00fcr unsere Fahrerinnen und Fahrer <\/strong><strong>s<\/strong><strong>owie das Hallenpersonal<\/strong> ein deutlich angenehmeres Arbeitsumfeld. Besonders die Fu\u00dfbodenheizung im neuen Bereich sorgt nicht nur f\u00fcr konstante Temperaturen zum Schutz der Waren unserer Kunden, sondern bietet unserem Team in der kalten Jahreszeit auch sp\u00fcrbar mehr Komfort.&#8220;<\/em><\/p>\n<p>&nbsp;<\/p>\n<figure id=\"attachment_45458\" aria-describedby=\"caption-attachment-45458\" style=\"width: 800px\" class=\"wp-caption aligncenter\"><img fetchpriority=\"high\" decoding=\"async\" class=\"wp-image-45458\" src=\"https:\/\/static.krafthand-truck.de\/uploads\/2026\/02\/Andreas_Schmid_Group_Erweiterung-Umschlagterminal_Gersthofen-300x122.jpg\" alt=\"\" width=\"800\" height=\"325\" srcset=\"https:\/\/static.krafthand-truck.de\/uploads\/2026\/02\/Andreas_Schmid_Group_Erweiterung-Umschlagterminal_Gersthofen-300x122.jpg 300w, https:\/\/static.krafthand-truck.de\/uploads\/2026\/02\/Andreas_Schmid_Group_Erweiterung-Umschlagterminal_Gersthofen-1024x416.jpg 1024w, https:\/\/static.krafthand-truck.de\/uploads\/2026\/02\/Andreas_Schmid_Group_Erweiterung-Umschlagterminal_Gersthofen-768x312.jpg 768w, https:\/\/static.krafthand-truck.de\/uploads\/2026\/02\/Andreas_Schmid_Group_Erweiterung-Umschlagterminal_Gersthofen.jpg 1200w\" sizes=\"(max-width: 800px) 100vw, 800px\" \/><figcaption id=\"caption-attachment-45458\" class=\"wp-caption-text\">Grafische Darstellung des Hallenanbaus. Links (6.1.) der Neubau. Bild: Andreas Schmid Group<\/figcaption><\/figure>\n<p>&nbsp;<\/p>\n<h4>Photovoltaik + W\u00e4rmepumpe<\/h4>\n<p>Beim Bau des Anbaus setzt das Unternehmen auf eine nachhaltige Bauweise. Das gesamte Hallendach wird mit einer leistungsstarken Photovoltaikanlage ausgestattet, die die Stromversorgung des Terminals sicherstellt. Die W\u00e4rmegewinnung erfolgt durch eine Grundwasserw\u00e4rmepumpe. Zus\u00e4tzlich wird die Infrastruktur f\u00fcr Lkw-Fahrer verbessert: Neue Sanit\u00e4ranlagen tragen zur Erh\u00f6hung des Komforts und der Aufenthaltsqualit\u00e4t bei.<\/p>\n<p>Das erweiterte Terminal verf\u00fcgt \u00fcber 162 Tore und ist damit optimal auf die steigenden Sendungsmengen ausgelegt. Die Bauarbeiten begannen am 4. M\u00e4rz 2024, die Inbetriebnahme erfolgte schrittweise. So wurde auch im bestehenden Geb\u00e4ude der Brandschutz durch eine Feuerschutzbeschichtung und die Errichtung von Brandschutzw\u00e4nden erh\u00f6ht.<\/p>\n<hr \/>\n<h4>Thomas Schledorn neues Vorstandsmitglied<\/h4>\n<p>Seit dem 1. Januar 2026 verst\u00e4rkt Thomas Schledorn als neues Mitglied im Vorstand das Team am Standort Gersthofen. Mit seiner Erfahrung im europ\u00e4ischen Landverkehr, unter anderem bei DB Schenker und cargo-partner (Teil der NX Group), setzt er auf internationale Partnerschaften, die den Andreas Schmid Standort Gersthofen st\u00e4rken sollen. Schledorn betont: <em>\u201eDas Terminal ist in Gr\u00f6\u00dfe, Modernit\u00e4t und der Professionalit\u00e4t der Abl\u00e4ufe einzigartig in S\u00fcddeutschland. Nicht zuletzt haben mich die starke Marktposition von Andreas Schmid im deutschen St\u00fcckgutmarkt und die durch den Neubau er\u00f6ffneten Wachstumschancen im internationalen Markt \u00fcberzeugt, die Position anzutreten.\u201c<\/em><\/p>\n<hr \/>\n<p>&nbsp;<\/p>\n","protected":false},"excerpt":{"rendered":"<p>Die Andreas Schmid Group hat sein Speditionsterminal am Standort Gersthofen durch einen Anbau erweitert. Mit dem Neubau reagiert das Logistikunternehmen auf die kontinuierlich steigenden Mengenzuw\u00e4chse aus den nationalen und internationalen St\u00fcckgutnetzwerken. <span class=\"excerpt-more__dots\">&#8230;<\/span> <a class=\"excerpt-more__link\" href=\"https:\/\/www.krafthand.de\/truck\/artikel\/andreas-schmid-group-erweitert-speditionsterminal-in-gersthofen-45452\/\" >weiter<\/a><\/p>\n","protected":false},"author":9,"featured_media":45457,"comment_status":"closed","ping_status":"closed","sticky":false,"template":"","format":"standard","meta":{"footnotes":""},"categories":[4235],"tags":[6407,6408,6371],"settings":[3523],"class_list":["post-45452","post","type-post","status-publish","format-standard","has-post-thumbnail","hentry","category-unternehmen","tag-andreas-schmid-group","tag-ladeterminal","tag-werkstattbau"],"yoast_head":"<!-- This site is optimized with the Yoast SEO plugin v27.3 - https:\/\/yoast.com\/product\/yoast-seo-wordpress\/ -->\n<title>Andreas Schmid Group erweitert Terminal in Gersthofen<\/title>\n<meta name=\"description\" content=\"Die Andreas Schmid Group hat sein Speditionsterminal am Standort Gersthofen durch einen Anbau und 3.500 Quadratmeter mehr, erweitert.\" \/>\n<meta name=\"robots\" content=\"index, follow, max-snippet:-1, max-image-preview:large, max-video-preview:-1\" \/>\n<link rel=\"canonical\" href=\"https:\/\/www.krafthand.de\/truck\/artikel\/andreas-schmid-group-erweitert-speditionsterminal-in-gersthofen-45452\/\" \/>\n<meta property=\"og:locale\" content=\"de_DE\" \/>\n<meta property=\"og:type\" content=\"article\" \/>\n<meta property=\"og:title\" content=\"Andreas Schmid Group erweitert Terminal in Gersthofen\" \/>\n<meta property=\"og:description\" content=\"Die Andreas Schmid Group hat sein Speditionsterminal am Standort Gersthofen durch einen Anbau und 3.500 Quadratmeter mehr, erweitert.\" \/>\n<meta property=\"og:url\" content=\"https:\/\/www.krafthand-truck.de\/artikel\/andreas-schmid-group-erweitert-speditionsterminal-in-gersthofen-45452\/\" \/>\n<meta property=\"og:site_name\" content=\"Krafthand-Truck\" \/>\n<meta property=\"article:published_time\" content=\"2026-02-17T07:05:07+00:00\" \/>\n<meta property=\"article:modified_time\" content=\"2026-03-02T06:57:49+00:00\" \/>\n<meta property=\"og:image\" content=\"https:\/\/static.krafthand-truck.de\/uploads\/2026\/02\/Andreas-Schmid-Group-Umschlaghalle-Gersthofen.jpg\" \/>\n\t<meta property=\"og:image:width\" content=\"1200\" \/>\n\t<meta property=\"og:image:height\" content=\"766\" \/>\n\t<meta property=\"og:image:type\" content=\"image\/jpeg\" \/>\n<meta name=\"author\" content=\"georg.blenk@krafthand-medien.de\" \/>\n<meta name=\"twitter:card\" content=\"summary_large_image\" \/>\n<meta name=\"twitter:label1\" content=\"Verfasst von\" \/>\n\t<meta name=\"twitter:data1\" content=\"georg.blenk@krafthand-medien.de\" \/>\n\t<meta name=\"twitter:label2\" content=\"Gesch\u00e4tzte Lesezeit\" \/>\n\t<meta name=\"twitter:data2\" content=\"3\u00a0Minuten\" \/>\n<script type=\"application\/ld+json\" class=\"yoast-schema-graph\">{\"@context\":\"https:\\\/\\\/schema.org\",\"@graph\":[{\"@type\":\"Article\",\"@id\":\"https:\\\/\\\/www.krafthand.de\\\/truck\\\/artikel\\\/andreas-schmid-group-erweitert-speditionsterminal-in-gersthofen-45452\\\/#article\",\"isPartOf\":{\"@id\":\"https:\\\/\\\/www.krafthand.de\\\/truck\\\/artikel\\\/andreas-schmid-group-erweitert-speditionsterminal-in-gersthofen-45452\\\/\"},\"author\":{\"name\":\"georg.blenk@krafthand-medien.de\",\"@id\":\"https:\\\/\\\/www.krafthand.de\\\/truck\\\/#\\\/schema\\\/person\\\/51fa80b1c57034c4bf63f9f988fc24ce\"},\"headline\":\"Andreas Schmid Group erweitert Speditionsterminal in Gersthofen\",\"datePublished\":\"2026-02-17T07:05:07+00:00\",\"dateModified\":\"2026-03-02T06:57:49+00:00\",\"mainEntityOfPage\":{\"@id\":\"https:\\\/\\\/www.krafthand.de\\\/truck\\\/artikel\\\/andreas-schmid-group-erweitert-speditionsterminal-in-gersthofen-45452\\\/\"},\"wordCount\":460,\"image\":{\"@id\":\"https:\\\/\\\/www.krafthand.de\\\/truck\\\/artikel\\\/andreas-schmid-group-erweitert-speditionsterminal-in-gersthofen-45452\\\/#primaryimage\"},\"thumbnailUrl\":\"https:\\\/\\\/static.krafthand-truck.de\\\/uploads\\\/2026\\\/02\\\/Andreas-Schmid-Group-Umschlaghalle-Gersthofen.jpg\",\"keywords\":[\"Andreas Schmid Group\",\"Ladeterminal\",\"Werkstattbau\"],\"articleSection\":[\"Unternehmen\"],\"inLanguage\":\"de\"},{\"@type\":\"WebPage\",\"@id\":\"https:\\\/\\\/www.krafthand.de\\\/truck\\\/artikel\\\/andreas-schmid-group-erweitert-speditionsterminal-in-gersthofen-45452\\\/\",\"url\":\"https:\\\/\\\/www.krafthand.de\\\/truck\\\/artikel\\\/andreas-schmid-group-erweitert-speditionsterminal-in-gersthofen-45452\\\/\",\"name\":\"Andreas Schmid Group erweitert Terminal in Gersthofen\",\"isPartOf\":{\"@id\":\"https:\\\/\\\/www.krafthand.de\\\/truck\\\/#website\"},\"primaryImageOfPage\":{\"@id\":\"https:\\\/\\\/www.krafthand.de\\\/truck\\\/artikel\\\/andreas-schmid-group-erweitert-speditionsterminal-in-gersthofen-45452\\\/#primaryimage\"},\"image\":{\"@id\":\"https:\\\/\\\/www.krafthand.de\\\/truck\\\/artikel\\\/andreas-schmid-group-erweitert-speditionsterminal-in-gersthofen-45452\\\/#primaryimage\"},\"thumbnailUrl\":\"https:\\\/\\\/static.krafthand-truck.de\\\/uploads\\\/2026\\\/02\\\/Andreas-Schmid-Group-Umschlaghalle-Gersthofen.jpg\",\"datePublished\":\"2026-02-17T07:05:07+00:00\",\"dateModified\":\"2026-03-02T06:57:49+00:00\",\"author\":{\"@id\":\"https:\\\/\\\/www.krafthand.de\\\/truck\\\/#\\\/schema\\\/person\\\/51fa80b1c57034c4bf63f9f988fc24ce\"},\"description\":\"Die Andreas Schmid Group hat sein Speditionsterminal am Standort Gersthofen durch einen Anbau und 3.500 Quadratmeter mehr, erweitert.\",\"breadcrumb\":{\"@id\":\"https:\\\/\\\/www.krafthand.de\\\/truck\\\/artikel\\\/andreas-schmid-group-erweitert-speditionsterminal-in-gersthofen-45452\\\/#breadcrumb\"},\"inLanguage\":\"de\",\"potentialAction\":[{\"@type\":\"ReadAction\",\"target\":[\"https:\\\/\\\/www.krafthand.de\\\/truck\\\/artikel\\\/andreas-schmid-group-erweitert-speditionsterminal-in-gersthofen-45452\\\/\"]}]},{\"@type\":\"ImageObject\",\"inLanguage\":\"de\",\"@id\":\"https:\\\/\\\/www.krafthand.de\\\/truck\\\/artikel\\\/andreas-schmid-group-erweitert-speditionsterminal-in-gersthofen-45452\\\/#primaryimage\",\"url\":\"https:\\\/\\\/static.krafthand-truck.de\\\/uploads\\\/2026\\\/02\\\/Andreas-Schmid-Group-Umschlaghalle-Gersthofen.jpg\",\"contentUrl\":\"https:\\\/\\\/static.krafthand-truck.de\\\/uploads\\\/2026\\\/02\\\/Andreas-Schmid-Group-Umschlaghalle-Gersthofen.jpg\",\"width\":1200,\"height\":766},{\"@type\":\"BreadcrumbList\",\"@id\":\"https:\\\/\\\/www.krafthand.de\\\/truck\\\/artikel\\\/andreas-schmid-group-erweitert-speditionsterminal-in-gersthofen-45452\\\/#breadcrumb\",\"itemListElement\":[{\"@type\":\"ListItem\",\"position\":1,\"name\":\"Krafthand-Truck\",\"item\":\"https:\\\/\\\/www.krafthand.de\\\/truck\\\/\"},{\"@type\":\"ListItem\",\"position\":2,\"name\":\"Nfz-Branche\",\"item\":\"https:\\\/\\\/www.krafthand.de\\\/truck\\\/kategorie\\\/branche\\\/\"},{\"@type\":\"ListItem\",\"position\":3,\"name\":\"Unternehmen\",\"item\":\"https:\\\/\\\/www.krafthand.de\\\/truck\\\/kategorie\\\/branche\\\/unternehmen\\\/\"},{\"@type\":\"ListItem\",\"position\":4,\"name\":\"Andreas Schmid Group erweitert Speditionsterminal in Gersthofen\"}]},{\"@type\":\"WebSite\",\"@id\":\"https:\\\/\\\/www.krafthand.de\\\/truck\\\/#website\",\"url\":\"https:\\\/\\\/www.krafthand.de\\\/truck\\\/\",\"name\":\"Krafthand-Truck\",\"description\":\"\",\"potentialAction\":[{\"@type\":\"SearchAction\",\"target\":{\"@type\":\"EntryPoint\",\"urlTemplate\":\"https:\\\/\\\/www.krafthand.de\\\/truck\\\/?s={search_term_string}\"},\"query-input\":{\"@type\":\"PropertyValueSpecification\",\"valueRequired\":true,\"valueName\":\"search_term_string\"}}],\"inLanguage\":\"de\"},{\"@type\":\"Person\",\"@id\":\"https:\\\/\\\/www.krafthand.de\\\/truck\\\/#\\\/schema\\\/person\\\/51fa80b1c57034c4bf63f9f988fc24ce\",\"name\":\"georg.blenk@krafthand-medien.de\",\"image\":{\"@type\":\"ImageObject\",\"inLanguage\":\"de\",\"@id\":\"https:\\\/\\\/secure.gravatar.com\\\/avatar\\\/93713c30affe0aa95d3a4130e499bb1abee2eb31adbdd9ce2aa1543538490215?s=96&d=mm&r=g\",\"url\":\"https:\\\/\\\/secure.gravatar.com\\\/avatar\\\/93713c30affe0aa95d3a4130e499bb1abee2eb31adbdd9ce2aa1543538490215?s=96&d=mm&r=g\",\"contentUrl\":\"https:\\\/\\\/secure.gravatar.com\\\/avatar\\\/93713c30affe0aa95d3a4130e499bb1abee2eb31adbdd9ce2aa1543538490215?s=96&d=mm&r=g\",\"caption\":\"georg.blenk@krafthand-medien.de\"}}]}<\/script>\n<!-- \/ Yoast SEO plugin. -->","yoast_head_json":{"title":"Andreas Schmid Group erweitert Terminal in Gersthofen","description":"Die Andreas Schmid Group hat sein Speditionsterminal am Standort Gersthofen durch einen Anbau und 3.500 Quadratmeter mehr, erweitert.","robots":{"index":"index","follow":"follow","max-snippet":"max-snippet:-1","max-image-preview":"max-image-preview:large","max-video-preview":"max-video-preview:-1"},"canonical":"https:\/\/www.krafthand.de\/truck\/artikel\/andreas-schmid-group-erweitert-speditionsterminal-in-gersthofen-45452\/","og_locale":"de_DE","og_type":"article","og_title":"Andreas Schmid Group erweitert Terminal in Gersthofen","og_description":"Die Andreas Schmid Group hat sein Speditionsterminal am Standort Gersthofen durch einen Anbau und 3.500 Quadratmeter mehr, erweitert.","og_url":"https:\/\/www.krafthand-truck.de\/artikel\/andreas-schmid-group-erweitert-speditionsterminal-in-gersthofen-45452\/","og_site_name":"Krafthand-Truck","article_published_time":"2026-02-17T07:05:07+00:00","article_modified_time":"2026-03-02T06:57:49+00:00","og_image":[{"width":1200,"height":766,"url":"https:\/\/static.krafthand-truck.de\/uploads\/2026\/02\/Andreas-Schmid-Group-Umschlaghalle-Gersthofen.jpg","type":"image\/jpeg"}],"author":"georg.blenk@krafthand-medien.de","twitter_card":"summary_large_image","twitter_misc":{"Verfasst von":"georg.blenk@krafthand-medien.de","Gesch\u00e4tzte Lesezeit":"3\u00a0Minuten"},"schema":{"@context":"https:\/\/schema.org","@graph":[{"@type":"Article","@id":"https:\/\/www.krafthand.de\/truck\/artikel\/andreas-schmid-group-erweitert-speditionsterminal-in-gersthofen-45452\/#article","isPartOf":{"@id":"https:\/\/www.krafthand.de\/truck\/artikel\/andreas-schmid-group-erweitert-speditionsterminal-in-gersthofen-45452\/"},"author":{"name":"georg.blenk@krafthand-medien.de","@id":"https:\/\/www.krafthand.de\/truck\/#\/schema\/person\/51fa80b1c57034c4bf63f9f988fc24ce"},"headline":"Andreas Schmid Group erweitert Speditionsterminal in Gersthofen","datePublished":"2026-02-17T07:05:07+00:00","dateModified":"2026-03-02T06:57:49+00:00","mainEntityOfPage":{"@id":"https:\/\/www.krafthand.de\/truck\/artikel\/andreas-schmid-group-erweitert-speditionsterminal-in-gersthofen-45452\/"},"wordCount":460,"image":{"@id":"https:\/\/www.krafthand.de\/truck\/artikel\/andreas-schmid-group-erweitert-speditionsterminal-in-gersthofen-45452\/#primaryimage"},"thumbnailUrl":"https:\/\/static.krafthand-truck.de\/uploads\/2026\/02\/Andreas-Schmid-Group-Umschlaghalle-Gersthofen.jpg","keywords":["Andreas Schmid Group","Ladeterminal","Werkstattbau"],"articleSection":["Unternehmen"],"inLanguage":"de"},{"@type":"WebPage","@id":"https:\/\/www.krafthand.de\/truck\/artikel\/andreas-schmid-group-erweitert-speditionsterminal-in-gersthofen-45452\/","url":"https:\/\/www.krafthand.de\/truck\/artikel\/andreas-schmid-group-erweitert-speditionsterminal-in-gersthofen-45452\/","name":"Andreas Schmid Group erweitert Terminal in Gersthofen","isPartOf":{"@id":"https:\/\/www.krafthand.de\/truck\/#website"},"primaryImageOfPage":{"@id":"https:\/\/www.krafthand.de\/truck\/artikel\/andreas-schmid-group-erweitert-speditionsterminal-in-gersthofen-45452\/#primaryimage"},"image":{"@id":"https:\/\/www.krafthand.de\/truck\/artikel\/andreas-schmid-group-erweitert-speditionsterminal-in-gersthofen-45452\/#primaryimage"},"thumbnailUrl":"https:\/\/static.krafthand-truck.de\/uploads\/2026\/02\/Andreas-Schmid-Group-Umschlaghalle-Gersthofen.jpg","datePublished":"2026-02-17T07:05:07+00:00","dateModified":"2026-03-02T06:57:49+00:00","author":{"@id":"https:\/\/www.krafthand.de\/truck\/#\/schema\/person\/51fa80b1c57034c4bf63f9f988fc24ce"},"description":"Die Andreas Schmid Group hat sein Speditionsterminal am Standort Gersthofen durch einen Anbau und 3.500 Quadratmeter mehr, erweitert.","breadcrumb":{"@id":"https:\/\/www.krafthand.de\/truck\/artikel\/andreas-schmid-group-erweitert-speditionsterminal-in-gersthofen-45452\/#breadcrumb"},"inLanguage":"de","potentialAction":[{"@type":"ReadAction","target":["https:\/\/www.krafthand.de\/truck\/artikel\/andreas-schmid-group-erweitert-speditionsterminal-in-gersthofen-45452\/"]}]},{"@type":"ImageObject","inLanguage":"de","@id":"https:\/\/www.krafthand.de\/truck\/artikel\/andreas-schmid-group-erweitert-speditionsterminal-in-gersthofen-45452\/#primaryimage","url":"https:\/\/static.krafthand-truck.de\/uploads\/2026\/02\/Andreas-Schmid-Group-Umschlaghalle-Gersthofen.jpg","contentUrl":"https:\/\/static.krafthand-truck.de\/uploads\/2026\/02\/Andreas-Schmid-Group-Umschlaghalle-Gersthofen.jpg","width":1200,"height":766},{"@type":"BreadcrumbList","@id":"https:\/\/www.krafthand.de\/truck\/artikel\/andreas-schmid-group-erweitert-speditionsterminal-in-gersthofen-45452\/#breadcrumb","itemListElement":[{"@type":"ListItem","position":1,"name":"Krafthand-Truck","item":"https:\/\/www.krafthand.de\/truck\/"},{"@type":"ListItem","position":2,"name":"Nfz-Branche","item":"https:\/\/www.krafthand.de\/truck\/kategorie\/branche\/"},{"@type":"ListItem","position":3,"name":"Unternehmen","item":"https:\/\/www.krafthand.de\/truck\/kategorie\/branche\/unternehmen\/"},{"@type":"ListItem","position":4,"name":"Andreas Schmid Group erweitert Speditionsterminal in Gersthofen"}]},{"@type":"WebSite","@id":"https:\/\/www.krafthand.de\/truck\/#website","url":"https:\/\/www.krafthand.de\/truck\/","name":"Krafthand-Truck","description":"","potentialAction":[{"@type":"SearchAction","target":{"@type":"EntryPoint","urlTemplate":"https:\/\/www.krafthand.de\/truck\/?s={search_term_string}"},"query-input":{"@type":"PropertyValueSpecification","valueRequired":true,"valueName":"search_term_string"}}],"inLanguage":"de"},{"@type":"Person","@id":"https:\/\/www.krafthand.de\/truck\/#\/schema\/person\/51fa80b1c57034c4bf63f9f988fc24ce","name":"georg.blenk@krafthand-medien.de","image":{"@type":"ImageObject","inLanguage":"de","@id":"https:\/\/secure.gravatar.com\/avatar\/93713c30affe0aa95d3a4130e499bb1abee2eb31adbdd9ce2aa1543538490215?s=96&d=mm&r=g","url":"https:\/\/secure.gravatar.com\/avatar\/93713c30affe0aa95d3a4130e499bb1abee2eb31adbdd9ce2aa1543538490215?s=96&d=mm&r=g","contentUrl":"https:\/\/secure.gravatar.com\/avatar\/93713c30affe0aa95d3a4130e499bb1abee2eb31adbdd9ce2aa1543538490215?s=96&d=mm&r=g","caption":"georg.blenk@krafthand-medien.de"}}]}},"_links":{"self":[{"href":"https:\/\/www.krafthand.de\/truck\/wp-json\/wp\/v2\/posts\/45452","targetHints":{"allow":["GET"]}}],"collection":[{"href":"https:\/\/www.krafthand.de\/truck\/wp-json\/wp\/v2\/posts"}],"about":[{"href":"https:\/\/www.krafthand.de\/truck\/wp-json\/wp\/v2\/types\/post"}],"author":[{"embeddable":true,"href":"https:\/\/www.krafthand.de\/truck\/wp-json\/wp\/v2\/users\/9"}],"replies":[{"embeddable":true,"href":"https:\/\/www.krafthand.de\/truck\/wp-json\/wp\/v2\/comments?post=45452"}],"version-history":[{"count":9,"href":"https:\/\/www.krafthand.de\/truck\/wp-json\/wp\/v2\/posts\/45452\/revisions"}],"predecessor-version":[{"id":45463,"href":"https:\/\/www.krafthand.de\/truck\/wp-json\/wp\/v2\/posts\/45452\/revisions\/45463"}],"wp:featuredmedia":[{"embeddable":true,"href":"https:\/\/www.krafthand.de\/truck\/wp-json\/wp\/v2\/media\/45457"}],"wp:attachment":[{"href":"https:\/\/www.krafthand.de\/truck\/wp-json\/wp\/v2\/media?parent=45452"}],"wp:term":[{"taxonomy":"category","embeddable":true,"href":"https:\/\/www.krafthand.de\/truck\/wp-json\/wp\/v2\/categories?post=45452"},{"taxonomy":"post_tag","embeddable":true,"href":"https:\/\/www.krafthand.de\/truck\/wp-json\/wp\/v2\/tags?post=45452"},{"taxonomy":"settings","embeddable":true,"href":"https:\/\/www.krafthand.de\/truck\/wp-json\/wp\/v2\/settings?post=45452"}],"curies":[{"name":"wp","href":"https:\/\/api.w.org\/{rel}","templated":true}]}}