{"id":45426,"date":"2026-02-16T07:43:36","date_gmt":"2026-02-16T06:43:36","guid":{"rendered":"https:\/\/www.krafthand.de\/truck\/?p=45426"},"modified":"2026-02-16T07:45:35","modified_gmt":"2026-02-16T06:45:35","slug":"megawatt-laden-bei-minusgraden-von-zehn-auf-neunzig-prozent-in-30-minuten","status":"publish","type":"post","link":"https:\/\/www.krafthand.de\/truck\/artikel\/megawatt-laden-bei-minusgraden-von-zehn-auf-neunzig-prozent-in-30-minuten-45426\/","title":{"rendered":"Megawatt-Laden bei Minusgraden: Von zehn auf neunzig Prozent in 30 Minuten"},"content":{"rendered":"<p>MAN pr\u00e4sentierte k\u00fcrzlich im schwedischen Norrk\u00f6ping im Rahmen der &#8218;MCS Live Winter Days&#8216; die Megawatt-Ladef\u00e4higkeit seiner elektrischen Lkw. Auf dem Gel\u00e4nde des <a href=\"https:\/\/kempower.com\/de\/\" target=\"_blank\" rel=\"noopener\">Kempower<\/a>-Kunden Alfredsson\u2019s demonstrierte man am Beispiel des eTGX wie zuverl\u00e4ssig das Megawatt Charging System (MCS) auch unter Winterbedingungen funktioniert.<\/p>\n<p>Im Mittelpunkt der Demonstration stand die technische Interoperabilit\u00e4t zwischen Fahrzeug und Ladeinfrastruktur. Die M\u00fcnchner testeten diese Kompatibilit\u00e4t systematisch mit unterschiedlichen Lades\u00e4ulenherstellern. Die Bedingungen waren anspruchvoll: niedrige Temperaturen und reale Lastanforderungen.<\/p>\n<blockquote class=\"khm-quote\"><p> Der MAN eTruck hat bei den Live-Demonstrationen in Schweden die Stabilit\u00e4t des MCS-Ladevorgangs unter Beweis gestellt, einschlie\u00dflich kontrollierter Ladeleistung sowie sicherer Kommunikation zwischen Fahrzeug und S\u00e4ule. Unsere Tests best\u00e4tigen die Robustheit der Hard und Softwareintegration und unterstreichen den Reifegrad der MCS Technologie f\u00fcr den k\u00fcnftigen Serieneinsatz. (Sven Steckhan, Program Lead Charging bei MAN Truck &amp; Bus). <\/p><\/blockquote>\n<p>Die Kempower MCS Live Winter Days 2026 in Schweden boten laut MAN ein realistisches Bild davon, wie Megawatt-Laden die Einsatzm\u00f6glichkeiten elektrischer Lkw erweitert \u2013 von verk\u00fcrzten Ladezeiten \u00fcber h\u00f6here Fahrzeugverf\u00fcgbarkeit bis hin zu optimierten Betriebskosten. Mit der Markteinf\u00fchrung des MCS Ausstattungsfeatures m\u00f6chte MAN ein klares Signal setzen: Megawatt-Laden wird zu einem entscheidenden Baustein f\u00fcr den nachhaltigen G\u00fcterverkehr.<\/p>\n","protected":false},"excerpt":{"rendered":"<p>MAN pr\u00e4sentierte k\u00fcrzlich im schwedischen Norrk\u00f6ping im Rahmen der &#8218;MCS Live Winter Days&#8216; die Megawatt-Ladef\u00e4higkeit seiner elektrischen Lkw. Auf dem Gel\u00e4nde des Kempower-Kunden Alfredsson\u2019s demonstrierte man am Beispiel des eTGX wie zuverl\u00e4ssig das Megawatt Charging System (MCS) auch unter Winterbedingungen funktioniert. <span class=\"excerpt-more__dots\">&#8230;<\/span> <a class=\"excerpt-more__link\" href=\"https:\/\/www.krafthand.de\/truck\/artikel\/megawatt-laden-bei-minusgraden-von-zehn-auf-neunzig-prozent-in-30-minuten-45426\/\" >weiter<\/a><\/p>\n","protected":false},"author":9,"featured_media":45433,"comment_status":"closed","ping_status":"closed","sticky":false,"template":"","format":"standard","meta":{"footnotes":""},"categories":[4224,6375,4915],"tags":[5912,4248,6283,6373,5943],"settings":[4766,3523],"class_list":["post-45426","post","type-post","status-publish","format-standard","has-post-thumbnail","hentry","category-e-antrieb","category-lade-tank-infrastruktur","category-neue-fahrzeuge","tag-etgx","tag-ladeinfrastruktur","tag-man-truckbus","tag-mcs","tag-megawattladen"],"yoast_head":"<!-- This site is optimized with the Yoast SEO plugin v27.3 - https:\/\/yoast.com\/product\/yoast-seo-wordpress\/ -->\n<title>Megawatt-Laden bei Minusgraden: Von zehn auf neunzig Prozent in 30 Minuten - Krafthand-Truck<\/title>\n<meta name=\"description\" content=\"MAN pr\u00e4sentierte im schwedischen Norrk\u00f6ping im Rahmen der &#039;MCS Live Winter Days&#039; die Megawatt-Ladef\u00e4higkeit seiner elektrischen Lkw.\" \/>\n<meta name=\"robots\" content=\"index, follow, max-snippet:-1, max-image-preview:large, max-video-preview:-1\" \/>\n<link rel=\"canonical\" href=\"https:\/\/www.krafthand.de\/truck\/artikel\/megawatt-laden-bei-minusgraden-von-zehn-auf-neunzig-prozent-in-30-minuten-45426\/\" \/>\n<meta property=\"og:locale\" content=\"de_DE\" \/>\n<meta property=\"og:type\" content=\"article\" \/>\n<meta property=\"og:title\" content=\"Megawatt-Laden bei Minusgraden: Von zehn auf neunzig Prozent in 30 Minuten - Krafthand-Truck\" \/>\n<meta property=\"og:description\" content=\"MAN pr\u00e4sentierte im schwedischen Norrk\u00f6ping im Rahmen der &#039;MCS Live Winter Days&#039; die Megawatt-Ladef\u00e4higkeit seiner elektrischen Lkw.\" \/>\n<meta property=\"og:url\" content=\"https:\/\/www.krafthand-truck.de\/artikel\/megawatt-laden-bei-minusgraden-von-zehn-auf-neunzig-prozent-in-30-minuten-45426\/\" \/>\n<meta property=\"og:site_name\" content=\"Krafthand-Truck\" \/>\n<meta property=\"article:published_time\" content=\"2026-02-16T06:43:36+00:00\" \/>\n<meta property=\"article:modified_time\" content=\"2026-02-16T06:45:35+00:00\" \/>\n<meta property=\"og:image\" content=\"https:\/\/static.krafthand-truck.de\/uploads\/2026\/02\/MAN_Megawatt_Charging_MCS_eTGX_Winter.jpg\" \/>\n\t<meta property=\"og:image:width\" content=\"1200\" \/>\n\t<meta property=\"og:image:height\" content=\"780\" \/>\n\t<meta property=\"og:image:type\" content=\"image\/jpeg\" \/>\n<meta name=\"author\" content=\"georg.blenk@krafthand-medien.de\" \/>\n<meta name=\"twitter:card\" content=\"summary_large_image\" \/>\n<meta name=\"twitter:label1\" content=\"Verfasst von\" \/>\n\t<meta name=\"twitter:data1\" content=\"georg.blenk@krafthand-medien.de\" \/>\n\t<meta name=\"twitter:label2\" content=\"Gesch\u00e4tzte Lesezeit\" \/>\n\t<meta name=\"twitter:data2\" content=\"2\u00a0Minuten\" \/>\n<script type=\"application\/ld+json\" class=\"yoast-schema-graph\">{\"@context\":\"https:\\\/\\\/schema.org\",\"@graph\":[{\"@type\":\"Article\",\"@id\":\"https:\\\/\\\/www.krafthand.de\\\/truck\\\/artikel\\\/megawatt-laden-bei-minusgraden-von-zehn-auf-neunzig-prozent-in-30-minuten-45426\\\/#article\",\"isPartOf\":{\"@id\":\"https:\\\/\\\/www.krafthand.de\\\/truck\\\/artikel\\\/megawatt-laden-bei-minusgraden-von-zehn-auf-neunzig-prozent-in-30-minuten-45426\\\/\"},\"author\":{\"name\":\"georg.blenk@krafthand-medien.de\",\"@id\":\"https:\\\/\\\/www.krafthand.de\\\/truck\\\/#\\\/schema\\\/person\\\/51fa80b1c57034c4bf63f9f988fc24ce\"},\"headline\":\"Megawatt-Laden bei Minusgraden: Von zehn auf neunzig Prozent in 30 Minuten\",\"datePublished\":\"2026-02-16T06:43:36+00:00\",\"dateModified\":\"2026-02-16T06:45:35+00:00\",\"mainEntityOfPage\":{\"@id\":\"https:\\\/\\\/www.krafthand.de\\\/truck\\\/artikel\\\/megawatt-laden-bei-minusgraden-von-zehn-auf-neunzig-prozent-in-30-minuten-45426\\\/\"},\"wordCount\":219,\"image\":{\"@id\":\"https:\\\/\\\/www.krafthand.de\\\/truck\\\/artikel\\\/megawatt-laden-bei-minusgraden-von-zehn-auf-neunzig-prozent-in-30-minuten-45426\\\/#primaryimage\"},\"thumbnailUrl\":\"https:\\\/\\\/static.krafthand-truck.de\\\/uploads\\\/2026\\\/02\\\/MAN_Megawatt_Charging_MCS_eTGX_Winter.jpg\",\"keywords\":[\"eTGX\",\"Ladeinfrastruktur\",\"MAN Truck+Bus\",\"MCS\",\"Megawattladen\"],\"articleSection\":[\"E-Antrieb (BEV\\\/FCEV)\",\"Lade-\\\/Tank-Infrastruktur\",\"Neue Fahrzeuge\"],\"inLanguage\":\"de\"},{\"@type\":\"WebPage\",\"@id\":\"https:\\\/\\\/www.krafthand.de\\\/truck\\\/artikel\\\/megawatt-laden-bei-minusgraden-von-zehn-auf-neunzig-prozent-in-30-minuten-45426\\\/\",\"url\":\"https:\\\/\\\/www.krafthand.de\\\/truck\\\/artikel\\\/megawatt-laden-bei-minusgraden-von-zehn-auf-neunzig-prozent-in-30-minuten-45426\\\/\",\"name\":\"Megawatt-Laden bei Minusgraden: Von zehn auf neunzig Prozent in 30 Minuten - Krafthand-Truck\",\"isPartOf\":{\"@id\":\"https:\\\/\\\/www.krafthand.de\\\/truck\\\/#website\"},\"primaryImageOfPage\":{\"@id\":\"https:\\\/\\\/www.krafthand.de\\\/truck\\\/artikel\\\/megawatt-laden-bei-minusgraden-von-zehn-auf-neunzig-prozent-in-30-minuten-45426\\\/#primaryimage\"},\"image\":{\"@id\":\"https:\\\/\\\/www.krafthand.de\\\/truck\\\/artikel\\\/megawatt-laden-bei-minusgraden-von-zehn-auf-neunzig-prozent-in-30-minuten-45426\\\/#primaryimage\"},\"thumbnailUrl\":\"https:\\\/\\\/static.krafthand-truck.de\\\/uploads\\\/2026\\\/02\\\/MAN_Megawatt_Charging_MCS_eTGX_Winter.jpg\",\"datePublished\":\"2026-02-16T06:43:36+00:00\",\"dateModified\":\"2026-02-16T06:45:35+00:00\",\"author\":{\"@id\":\"https:\\\/\\\/www.krafthand.de\\\/truck\\\/#\\\/schema\\\/person\\\/51fa80b1c57034c4bf63f9f988fc24ce\"},\"description\":\"MAN pr\u00e4sentierte im schwedischen Norrk\u00f6ping im Rahmen der 'MCS Live Winter Days' die Megawatt-Ladef\u00e4higkeit seiner elektrischen Lkw.\",\"breadcrumb\":{\"@id\":\"https:\\\/\\\/www.krafthand.de\\\/truck\\\/artikel\\\/megawatt-laden-bei-minusgraden-von-zehn-auf-neunzig-prozent-in-30-minuten-45426\\\/#breadcrumb\"},\"inLanguage\":\"de\",\"potentialAction\":[{\"@type\":\"ReadAction\",\"target\":[\"https:\\\/\\\/www.krafthand.de\\\/truck\\\/artikel\\\/megawatt-laden-bei-minusgraden-von-zehn-auf-neunzig-prozent-in-30-minuten-45426\\\/\"]}]},{\"@type\":\"ImageObject\",\"inLanguage\":\"de\",\"@id\":\"https:\\\/\\\/www.krafthand.de\\\/truck\\\/artikel\\\/megawatt-laden-bei-minusgraden-von-zehn-auf-neunzig-prozent-in-30-minuten-45426\\\/#primaryimage\",\"url\":\"https:\\\/\\\/static.krafthand-truck.de\\\/uploads\\\/2026\\\/02\\\/MAN_Megawatt_Charging_MCS_eTGX_Winter.jpg\",\"contentUrl\":\"https:\\\/\\\/static.krafthand-truck.de\\\/uploads\\\/2026\\\/02\\\/MAN_Megawatt_Charging_MCS_eTGX_Winter.jpg\",\"width\":1200,\"height\":780},{\"@type\":\"BreadcrumbList\",\"@id\":\"https:\\\/\\\/www.krafthand.de\\\/truck\\\/artikel\\\/megawatt-laden-bei-minusgraden-von-zehn-auf-neunzig-prozent-in-30-minuten-45426\\\/#breadcrumb\",\"itemListElement\":[{\"@type\":\"ListItem\",\"position\":1,\"name\":\"Krafthand-Truck\",\"item\":\"https:\\\/\\\/www.krafthand.de\\\/truck\\\/\"},{\"@type\":\"ListItem\",\"position\":2,\"name\":\"IT+Fuhrpark\",\"item\":\"https:\\\/\\\/www.krafthand.de\\\/truck\\\/kategorie\\\/fuhrpark\\\/\"},{\"@type\":\"ListItem\",\"position\":3,\"name\":\"Neue Fahrzeuge\",\"item\":\"https:\\\/\\\/www.krafthand.de\\\/truck\\\/kategorie\\\/fuhrpark\\\/neue-fahrzeuge\\\/\"},{\"@type\":\"ListItem\",\"position\":4,\"name\":\"Megawatt-Laden bei Minusgraden: Von zehn auf neunzig Prozent in 30 Minuten\"}]},{\"@type\":\"WebSite\",\"@id\":\"https:\\\/\\\/www.krafthand.de\\\/truck\\\/#website\",\"url\":\"https:\\\/\\\/www.krafthand.de\\\/truck\\\/\",\"name\":\"Krafthand-Truck\",\"description\":\"\",\"potentialAction\":[{\"@type\":\"SearchAction\",\"target\":{\"@type\":\"EntryPoint\",\"urlTemplate\":\"https:\\\/\\\/www.krafthand.de\\\/truck\\\/?s={search_term_string}\"},\"query-input\":{\"@type\":\"PropertyValueSpecification\",\"valueRequired\":true,\"valueName\":\"search_term_string\"}}],\"inLanguage\":\"de\"},{\"@type\":\"Person\",\"@id\":\"https:\\\/\\\/www.krafthand.de\\\/truck\\\/#\\\/schema\\\/person\\\/51fa80b1c57034c4bf63f9f988fc24ce\",\"name\":\"georg.blenk@krafthand-medien.de\",\"image\":{\"@type\":\"ImageObject\",\"inLanguage\":\"de\",\"@id\":\"https:\\\/\\\/secure.gravatar.com\\\/avatar\\\/93713c30affe0aa95d3a4130e499bb1abee2eb31adbdd9ce2aa1543538490215?s=96&d=mm&r=g\",\"url\":\"https:\\\/\\\/secure.gravatar.com\\\/avatar\\\/93713c30affe0aa95d3a4130e499bb1abee2eb31adbdd9ce2aa1543538490215?s=96&d=mm&r=g\",\"contentUrl\":\"https:\\\/\\\/secure.gravatar.com\\\/avatar\\\/93713c30affe0aa95d3a4130e499bb1abee2eb31adbdd9ce2aa1543538490215?s=96&d=mm&r=g\",\"caption\":\"georg.blenk@krafthand-medien.de\"}}]}<\/script>\n<!-- \/ Yoast SEO plugin. -->","yoast_head_json":{"title":"Megawatt-Laden bei Minusgraden: Von zehn auf neunzig Prozent in 30 Minuten - Krafthand-Truck","description":"MAN pr\u00e4sentierte im schwedischen Norrk\u00f6ping im Rahmen der 'MCS Live Winter Days' die Megawatt-Ladef\u00e4higkeit seiner elektrischen Lkw.","robots":{"index":"index","follow":"follow","max-snippet":"max-snippet:-1","max-image-preview":"max-image-preview:large","max-video-preview":"max-video-preview:-1"},"canonical":"https:\/\/www.krafthand.de\/truck\/artikel\/megawatt-laden-bei-minusgraden-von-zehn-auf-neunzig-prozent-in-30-minuten-45426\/","og_locale":"de_DE","og_type":"article","og_title":"Megawatt-Laden bei Minusgraden: Von zehn auf neunzig Prozent in 30 Minuten - Krafthand-Truck","og_description":"MAN pr\u00e4sentierte im schwedischen Norrk\u00f6ping im Rahmen der 'MCS Live Winter Days' die Megawatt-Ladef\u00e4higkeit seiner elektrischen Lkw.","og_url":"https:\/\/www.krafthand-truck.de\/artikel\/megawatt-laden-bei-minusgraden-von-zehn-auf-neunzig-prozent-in-30-minuten-45426\/","og_site_name":"Krafthand-Truck","article_published_time":"2026-02-16T06:43:36+00:00","article_modified_time":"2026-02-16T06:45:35+00:00","og_image":[{"width":1200,"height":780,"url":"https:\/\/static.krafthand-truck.de\/uploads\/2026\/02\/MAN_Megawatt_Charging_MCS_eTGX_Winter.jpg","type":"image\/jpeg"}],"author":"georg.blenk@krafthand-medien.de","twitter_card":"summary_large_image","twitter_misc":{"Verfasst von":"georg.blenk@krafthand-medien.de","Gesch\u00e4tzte Lesezeit":"2\u00a0Minuten"},"schema":{"@context":"https:\/\/schema.org","@graph":[{"@type":"Article","@id":"https:\/\/www.krafthand.de\/truck\/artikel\/megawatt-laden-bei-minusgraden-von-zehn-auf-neunzig-prozent-in-30-minuten-45426\/#article","isPartOf":{"@id":"https:\/\/www.krafthand.de\/truck\/artikel\/megawatt-laden-bei-minusgraden-von-zehn-auf-neunzig-prozent-in-30-minuten-45426\/"},"author":{"name":"georg.blenk@krafthand-medien.de","@id":"https:\/\/www.krafthand.de\/truck\/#\/schema\/person\/51fa80b1c57034c4bf63f9f988fc24ce"},"headline":"Megawatt-Laden bei Minusgraden: Von zehn auf neunzig Prozent in 30 Minuten","datePublished":"2026-02-16T06:43:36+00:00","dateModified":"2026-02-16T06:45:35+00:00","mainEntityOfPage":{"@id":"https:\/\/www.krafthand.de\/truck\/artikel\/megawatt-laden-bei-minusgraden-von-zehn-auf-neunzig-prozent-in-30-minuten-45426\/"},"wordCount":219,"image":{"@id":"https:\/\/www.krafthand.de\/truck\/artikel\/megawatt-laden-bei-minusgraden-von-zehn-auf-neunzig-prozent-in-30-minuten-45426\/#primaryimage"},"thumbnailUrl":"https:\/\/static.krafthand-truck.de\/uploads\/2026\/02\/MAN_Megawatt_Charging_MCS_eTGX_Winter.jpg","keywords":["eTGX","Ladeinfrastruktur","MAN Truck+Bus","MCS","Megawattladen"],"articleSection":["E-Antrieb (BEV\/FCEV)","Lade-\/Tank-Infrastruktur","Neue Fahrzeuge"],"inLanguage":"de"},{"@type":"WebPage","@id":"https:\/\/www.krafthand.de\/truck\/artikel\/megawatt-laden-bei-minusgraden-von-zehn-auf-neunzig-prozent-in-30-minuten-45426\/","url":"https:\/\/www.krafthand.de\/truck\/artikel\/megawatt-laden-bei-minusgraden-von-zehn-auf-neunzig-prozent-in-30-minuten-45426\/","name":"Megawatt-Laden bei Minusgraden: Von zehn auf neunzig Prozent in 30 Minuten - Krafthand-Truck","isPartOf":{"@id":"https:\/\/www.krafthand.de\/truck\/#website"},"primaryImageOfPage":{"@id":"https:\/\/www.krafthand.de\/truck\/artikel\/megawatt-laden-bei-minusgraden-von-zehn-auf-neunzig-prozent-in-30-minuten-45426\/#primaryimage"},"image":{"@id":"https:\/\/www.krafthand.de\/truck\/artikel\/megawatt-laden-bei-minusgraden-von-zehn-auf-neunzig-prozent-in-30-minuten-45426\/#primaryimage"},"thumbnailUrl":"https:\/\/static.krafthand-truck.de\/uploads\/2026\/02\/MAN_Megawatt_Charging_MCS_eTGX_Winter.jpg","datePublished":"2026-02-16T06:43:36+00:00","dateModified":"2026-02-16T06:45:35+00:00","author":{"@id":"https:\/\/www.krafthand.de\/truck\/#\/schema\/person\/51fa80b1c57034c4bf63f9f988fc24ce"},"description":"MAN pr\u00e4sentierte im schwedischen Norrk\u00f6ping im Rahmen der 'MCS Live Winter Days' die Megawatt-Ladef\u00e4higkeit seiner elektrischen Lkw.","breadcrumb":{"@id":"https:\/\/www.krafthand.de\/truck\/artikel\/megawatt-laden-bei-minusgraden-von-zehn-auf-neunzig-prozent-in-30-minuten-45426\/#breadcrumb"},"inLanguage":"de","potentialAction":[{"@type":"ReadAction","target":["https:\/\/www.krafthand.de\/truck\/artikel\/megawatt-laden-bei-minusgraden-von-zehn-auf-neunzig-prozent-in-30-minuten-45426\/"]}]},{"@type":"ImageObject","inLanguage":"de","@id":"https:\/\/www.krafthand.de\/truck\/artikel\/megawatt-laden-bei-minusgraden-von-zehn-auf-neunzig-prozent-in-30-minuten-45426\/#primaryimage","url":"https:\/\/static.krafthand-truck.de\/uploads\/2026\/02\/MAN_Megawatt_Charging_MCS_eTGX_Winter.jpg","contentUrl":"https:\/\/static.krafthand-truck.de\/uploads\/2026\/02\/MAN_Megawatt_Charging_MCS_eTGX_Winter.jpg","width":1200,"height":780},{"@type":"BreadcrumbList","@id":"https:\/\/www.krafthand.de\/truck\/artikel\/megawatt-laden-bei-minusgraden-von-zehn-auf-neunzig-prozent-in-30-minuten-45426\/#breadcrumb","itemListElement":[{"@type":"ListItem","position":1,"name":"Krafthand-Truck","item":"https:\/\/www.krafthand.de\/truck\/"},{"@type":"ListItem","position":2,"name":"IT+Fuhrpark","item":"https:\/\/www.krafthand.de\/truck\/kategorie\/fuhrpark\/"},{"@type":"ListItem","position":3,"name":"Neue Fahrzeuge","item":"https:\/\/www.krafthand.de\/truck\/kategorie\/fuhrpark\/neue-fahrzeuge\/"},{"@type":"ListItem","position":4,"name":"Megawatt-Laden bei Minusgraden: Von zehn auf neunzig Prozent in 30 Minuten"}]},{"@type":"WebSite","@id":"https:\/\/www.krafthand.de\/truck\/#website","url":"https:\/\/www.krafthand.de\/truck\/","name":"Krafthand-Truck","description":"","potentialAction":[{"@type":"SearchAction","target":{"@type":"EntryPoint","urlTemplate":"https:\/\/www.krafthand.de\/truck\/?s={search_term_string}"},"query-input":{"@type":"PropertyValueSpecification","valueRequired":true,"valueName":"search_term_string"}}],"inLanguage":"de"},{"@type":"Person","@id":"https:\/\/www.krafthand.de\/truck\/#\/schema\/person\/51fa80b1c57034c4bf63f9f988fc24ce","name":"georg.blenk@krafthand-medien.de","image":{"@type":"ImageObject","inLanguage":"de","@id":"https:\/\/secure.gravatar.com\/avatar\/93713c30affe0aa95d3a4130e499bb1abee2eb31adbdd9ce2aa1543538490215?s=96&d=mm&r=g","url":"https:\/\/secure.gravatar.com\/avatar\/93713c30affe0aa95d3a4130e499bb1abee2eb31adbdd9ce2aa1543538490215?s=96&d=mm&r=g","contentUrl":"https:\/\/secure.gravatar.com\/avatar\/93713c30affe0aa95d3a4130e499bb1abee2eb31adbdd9ce2aa1543538490215?s=96&d=mm&r=g","caption":"georg.blenk@krafthand-medien.de"}}]}},"_links":{"self":[{"href":"https:\/\/www.krafthand.de\/truck\/wp-json\/wp\/v2\/posts\/45426","targetHints":{"allow":["GET"]}}],"collection":[{"href":"https:\/\/www.krafthand.de\/truck\/wp-json\/wp\/v2\/posts"}],"about":[{"href":"https:\/\/www.krafthand.de\/truck\/wp-json\/wp\/v2\/types\/post"}],"author":[{"embeddable":true,"href":"https:\/\/www.krafthand.de\/truck\/wp-json\/wp\/v2\/users\/9"}],"replies":[{"embeddable":true,"href":"https:\/\/www.krafthand.de\/truck\/wp-json\/wp\/v2\/comments?post=45426"}],"version-history":[{"count":12,"href":"https:\/\/www.krafthand.de\/truck\/wp-json\/wp\/v2\/posts\/45426\/revisions"}],"predecessor-version":[{"id":45439,"href":"https:\/\/www.krafthand.de\/truck\/wp-json\/wp\/v2\/posts\/45426\/revisions\/45439"}],"wp:featuredmedia":[{"embeddable":true,"href":"https:\/\/www.krafthand.de\/truck\/wp-json\/wp\/v2\/media\/45433"}],"wp:attachment":[{"href":"https:\/\/www.krafthand.de\/truck\/wp-json\/wp\/v2\/media?parent=45426"}],"wp:term":[{"taxonomy":"category","embeddable":true,"href":"https:\/\/www.krafthand.de\/truck\/wp-json\/wp\/v2\/categories?post=45426"},{"taxonomy":"post_tag","embeddable":true,"href":"https:\/\/www.krafthand.de\/truck\/wp-json\/wp\/v2\/tags?post=45426"},{"taxonomy":"settings","embeddable":true,"href":"https:\/\/www.krafthand.de\/truck\/wp-json\/wp\/v2\/settings?post=45426"}],"curies":[{"name":"wp","href":"https:\/\/api.w.org\/{rel}","templated":true}]}}