{"id":45394,"date":"2026-02-13T09:52:13","date_gmt":"2026-02-13T08:52:13","guid":{"rendered":"https:\/\/www.krafthand.de\/truck\/?p=45394"},"modified":"2026-02-13T12:13:55","modified_gmt":"2026-02-13T11:13:55","slug":"mittelwellenlager-schaeden-erkennen-teure-folgen-vermeiden","status":"publish","type":"post","link":"https:\/\/www.krafthand.de\/truck\/artikel\/mittelwellenlager-schaeden-erkennen-teure-folgen-vermeiden-45394\/","title":{"rendered":"Mittelwellenlager-Sch\u00e4den erkennen, teure Folgen vermeiden"},"content":{"rendered":"<p>Das Mittelwellenlager der Gelenkwelle (Kardanwelle) muss bei Nutzfahrzeugen einiges einstecken. Im Spiel sind hohe Drehzahlen, zahlreiche Lastwechsel, Vibrationen und Umwelteinfl\u00fcsse. Wir haben beim Spezialisten f\u00fcr Gelenkwellen <a href=\"https:\/\/www.welte-group.com\" target=\"_blank\" rel=\"noopener\">Welte<\/a> nachgefragt, wie sich Verschlei\u00df erkennen l\u00e4sst und wie Nfz-Werkst\u00e4tten teure Folgesch\u00e4den vermeiden k\u00f6nnen.<br \/>\nW\u00e4hrend viele Komponenten zumindest vor den gr\u00f6bsten Einfl\u00fcssen gesch\u00fctzt sind, befindet sich das Mittelwellenlager meist offen am Unterbau des Lkw oder Transporters. Schmutz, Staub und Streusalz im Winter machen den Dichtungen des Lagers zu schaffen, anhaltende Vibrationen und hohe Temperaturen im Sommer lassen das Gummi altern. Wird dem vergleichsweise g\u00fcnstigen Teil bei der Wartung nicht die notwendige Aufmerksamkeit zuteil, kann dies f\u00fcr den Fahrzeughalter teuer werden.<\/p>\n<h4>Verformung am Gummi<\/h4>\n<p>Auf das Gummi-Metall-Teil wirken hohe Kr\u00e4fte, auch im Stand. So muss das Mittelwellenlager das Gewicht abst\u00fctzen, was auf Dauer zu einer Verformung des Gummimantels f\u00fchrt. Sitzt das Kugellager augenscheinlich schon nicht mehr mittig, sollte das Lager ausgetauscht werden. Anderenfalls l\u00e4uft die Welle nicht mehr in der ihr angedachten Position, was zu mehr Ausgleichsbewegungen am Kardangelenk und an den Gelenkwellenscheiben f\u00fchrt.<\/p>\n<h4>Risse im Gummi \/ Faltenbalg<\/h4>\n<p>Zeigt das Gummi bereits erste Risse oder hat sich stellenweise vom Metallk\u00f6rper gel\u00f6st, ist h\u00f6chste Eile beim Austausch gefragt. Denn wird die Gelenkwelle nicht mehr mittig gef\u00fchrt, drohen neben Besch\u00e4digungen an der Welle selbst auch Sch\u00e4den im Umfeld, etwa an Abgasanlagen, nahen Verkabelungen oder Schl\u00e4uchen. Auch ein spr\u00f6der oder rissiger Faltenbalg des Schiebest\u00fccks sollte umgehend ausgetauscht werden. Anderenfalls k\u00f6nnen Schmutz und Staub zur Verzahnung vordringen und das Schmierfett austreten. Beides sorgt f\u00fcr erh\u00f6hten Verschlei\u00df, was sich durch erh\u00f6hte Vibrationen im Betrieb bemerkbar machen kann.<\/p>\n<h4>Fettaustritt am Lager<\/h4>\n<p>Typischerweise kommen beidseitig gekapselte und abgedichtete Kugellager \u201a2-RS\u2018 in den Mittellagern zum Einsatz. Deren Dichtungen sind zwar grunds\u00e4tzlich gegen \u00e4u\u00dfere Einfl\u00fcsse weitestgehend immun, jedoch auch hier ist die Abdichtung industrieseitig ein Kompromiss aus Leichtg\u00e4ngigkeit und Dichtigkeit. Tritt sichtbar Fett an der Dichtung aus dem Kugellager aus, was sich in der Praxis durch Schleuderspuren des Schmierstoffes abzeichnet, ist die Dichtung bereits besch\u00e4digt. Hier sollte das Lager planm\u00e4\u00dfig ausgetauscht werden, bevor die gesamte Welle aufgrund des Schmierfettverlustes in Mitleidenschaft gezogen wird.<\/p>\n<h4>Laufger\u00e4usche und Rastpunkte des Kugellagers<\/h4>\n<p>Ist das Fahrzeug aufgebockt und das Getriebe im Leerlauf, sollte sich die Gelenkwelle mit zwei H\u00e4nden drehen lassen. Fallen dem Mechatroniker dabei Rastpunkte auf, an denen die Welle beim Drehen stockt, oder sind Mahl- oder Quietschger\u00e4usche aus Richtung des Mittellagers zu vernehmen, sollte das Fahrzeug nicht mehr bewegt werden \u2013 ein Ausfall des Kugellagers steht kurz bevor!<\/p>\n<figure id=\"attachment_45416\" aria-describedby=\"caption-attachment-45416\" style=\"width: 380px\" class=\"wp-caption alignleft\"><a href=\"https:\/\/static.krafthand-truck.de\/uploads\/2026\/02\/Welte_EDS_Mittelwellenreparatursatz_IVECO_DAF_Volvo.jpg\" target=\"_blank\" rel=\"noopener\"><img fetchpriority=\"high\" decoding=\"async\" class=\"wp-image-45416\" src=\"https:\/\/static.krafthand-truck.de\/uploads\/2026\/02\/Welte_EDS_Mittelwellenreparatursatz_IVECO_DAF_Volvo-300x300.jpg\" alt=\"\" width=\"380\" height=\"380\" srcset=\"https:\/\/static.krafthand-truck.de\/uploads\/2026\/02\/Welte_EDS_Mittelwellenreparatursatz_IVECO_DAF_Volvo-300x300.jpg 300w, https:\/\/static.krafthand-truck.de\/uploads\/2026\/02\/Welte_EDS_Mittelwellenreparatursatz_IVECO_DAF_Volvo-1024x1024.jpg 1024w, https:\/\/static.krafthand-truck.de\/uploads\/2026\/02\/Welte_EDS_Mittelwellenreparatursatz_IVECO_DAF_Volvo-150x150.jpg 150w, https:\/\/static.krafthand-truck.de\/uploads\/2026\/02\/Welte_EDS_Mittelwellenreparatursatz_IVECO_DAF_Volvo-768x768.jpg 768w, https:\/\/static.krafthand-truck.de\/uploads\/2026\/02\/Welte_EDS_Mittelwellenreparatursatz_IVECO_DAF_Volvo.jpg 1200w\" sizes=\"(max-width: 380px) 100vw, 380px\" \/><\/a><figcaption id=\"caption-attachment-45416\" class=\"wp-caption-text\">EDS-Mittelwellenlager-Kit inklusive Wellendichtring und Kappe f\u00fcr IVECO-, DAF- und VOLVO-Anwendungen.<\/figcaption><\/figure>\n<h4>Mittelwellenlager und Reparaturkits<\/h4>\n<p>Um Handel und Werkst\u00e4tten bei der Instandsetzung besch\u00e4digter oder ausgefallener Mittelwellenlager zu unterst\u00fctzen, bietet Welte Cardan-Service unter der Marke <a href=\"https:\/\/www.eds-driveshaft.com\" target=\"_blank\" rel=\"noopener\">EDS<\/a> neben den Mittellagern auch passende Reparatur-Kits f\u00fcr die Instandsetzung an. Welche Komponenten f\u00fcr das jeweilige Fahrzeug ben\u00f6tigt werden, leiten die Spezialisten von Welte aus ihrer Erfahrung im professionellen Kardanwellen-Remanufacturing ab.<br \/>\nDie EDS-Reparatur-Kits enthalten neben dem W\u00e4lzlager und dem Elastomer-Lager auch den Halter und die Staubschutzmanschette \u2013 teils mit Blechringen. Hinzu kommen ein entsprechender Schmierstoff f\u00fcr die Verzahnung des Schiebest\u00fccks sowie Ohrschellen oder Schrauben f\u00fcr die Befestigung von Manschetten und Lagerhalter.<\/p>\n<h4>Express-Service f\u00fcr defekte Kardanwellen<\/h4>\n<p>Sollte eine Kardanwelle bereits so besch\u00e4digt sein, dass sie sich in der Werkstatt nicht mehr instand setzen l\u00e4sst, liefern die Kardanwellen-Spezialisten von Welte aus Neu-Ulm die passende Gelenkwelle \u00fcber Nacht via Dropshipping direkt zum Kunden des Gro\u00dfh\u00e4ndlers.<\/p>\n<h4><\/h4>\n<h4>EDS Driveshaft Video<\/h4>\n<div class=\"brlbs-cmpnt-container brlbs-cmpnt-content-blocker brlbs-cmpnt-with-individual-styles\" data-borlabs-cookie-content-blocker-id=\"youtube-content-blocker\" data-borlabs-cookie-content=\"PGlmcmFtZSB0aXRsZT0iRURTIEJSQU5EIE1PVklFIDIwMjIiIHdpZHRoPSI2NjUiIGhlaWdodD0iMzc0IiBzcmM9Imh0dHBzOi8vd3d3LnlvdXR1YmUtbm9jb29raWUuY29tL2VtYmVkL2JwajBXb0NkcHFBP2ZlYXR1cmU9b2VtYmVkIiBmcmFtZWJvcmRlcj0iMCIgYWxsb3c9ImFjY2VsZXJvbWV0ZXI7IGF1dG9wbGF5OyBjbGlwYm9hcmQtd3JpdGU7IGVuY3J5cHRlZC1tZWRpYTsgZ3lyb3Njb3BlOyBwaWN0dXJlLWluLXBpY3R1cmU7IHdlYi1zaGFyZSIgcmVmZXJyZXJwb2xpY3k9InN0cmljdC1vcmlnaW4td2hlbi1jcm9zcy1vcmlnaW4iIGFsbG93ZnVsbHNjcmVlbj48L2lmcmFtZT4=\">\n<div class=\"brlbs-cmpnt-cb-preset-c brlbs-cmpnt-cb-youtube\">\n<div class=\"brlbs-cmpnt-cb-thumbnail\" style=\"background-image: url('https:\/\/static.krafthand-truck.de\/uploads\/borlabs-cookie\/1\/yt_bpj0WoCdpqA_hqdefault.jpg')\"><\/div>\n<div class=\"brlbs-cmpnt-cb-main\">\n<div class=\"brlbs-cmpnt-cb-play-button\"><\/div>\n<div class=\"brlbs-cmpnt-cb-content\">\n<p class=\"brlbs-cmpnt-cb-description\">Sie sehen gerade einen Platzhalterinhalt von <strong>YouTube<\/strong>. Um auf den eigentlichen Inhalt zuzugreifen, klicken Sie auf die Schaltfl\u00e4che unten. Bitte beachten Sie, dass dabei Daten an Drittanbieter weitergegeben werden.<\/p>\n<p> <a class=\"brlbs-cmpnt-cb-provider-toggle\" href=\"#\" data-borlabs-cookie-show-provider-information role=\"button\">Mehr Informationen<\/a> <\/div>\n<div class=\"brlbs-cmpnt-cb-buttons\"> <a class=\"brlbs-cmpnt-cb-btn\" href=\"#\" data-borlabs-cookie-unblock role=\"button\">Inhalt entsperren<\/a> <a class=\"brlbs-cmpnt-cb-btn\" href=\"#\" data-borlabs-cookie-accept-service role=\"button\" style=\"display: inherit\">Erforderlichen Service akzeptieren und Inhalte entsperren<\/a> <\/div>\n<\/p><\/div>\n<\/p><\/div>\n<\/div>\n<p><i>Den Beitrag finden Sie auch in der Print-Ausgabe 1-2026 der <a href=\"https:\/\/www.krafthand.de\/truck\/magazin\/\" title=\"Zum Magazin\">Krafthand-Truck<\/a>.<\/i><\/p>\r\n\t\t\t\t<div class=\"post-author\">\r\n\t\t\t\t\t<div class=\"khm-cp-author clearfix\">\r\n\t\t\t\t\t\t<div class=\"khm-cp-author__content\">\r\n\t\t\t\t\t\t\t\tKontakt zum Autor:<br \/>\r\n\t\t\t\t\t\t\t\t<strong>Georg Blenk<\/strong>, 08247 \/ 3007-45 |  <a href=\"mailto:georg.blenk@krafthand-medien.de\">georg.blenk@krafthand-medien.de<\/a>\r\n\t\t\t\t\t\t\t<div class=\"khm-cp-author__image\">\r\n\t\t\t\t\t\t<img src=\"https:\/\/static.krafthand-truck.de\/uploads\/2021\/01\/Blenk_6104-250x300-1-removebg-preview.png\" class=\"img-responsive\">\r\n\t\t\t\t\t<\/div>\r\n\t\t\t\t\t\t<\/div>\r\n\t\t\t\t\t<\/div>\r\n\t\t\t\t<\/div>\r\n\t\t\t\t","protected":false},"excerpt":{"rendered":"<p>Das Mittelwellenlager der Gelenkwelle muss bei Nutzfahrzeugen einiges einstecken. Im Spiel sind hohe Drehzahlen, zahlreiche Lastwechsel, Vibrationen und Umwelteinfl\u00fcsse. Wir haben beim Spezialisten f\u00fcr Gelenkwellen Welte nachgefragt, wie sich Verschlei\u00df erkennen l\u00e4sst und wie Nfz-Werkst\u00e4tten teure Folgesch\u00e4den vermeiden k\u00f6nnen. <span class=\"excerpt-more__dots\">&#8230;<\/span> <a class=\"excerpt-more__link\" href=\"https:\/\/www.krafthand.de\/truck\/artikel\/mittelwellenlager-schaeden-erkennen-teure-folgen-vermeiden-45394\/\" >weiter<\/a><\/p>\n","protected":false},"author":9,"featured_media":45399,"comment_status":"closed","ping_status":"closed","sticky":false,"template":"","format":"standard","meta":{"footnotes":""},"categories":[4223,4912],"tags":[5109,5949],"settings":[3524,4766,3523],"class_list":["post-45394","post","type-post","status-publish","format-standard","has-post-thumbnail","hentry","category-antrieb","category-ersatzteile-zubehoer","tag-kardanwelle","tag-welte"],"yoast_head":"<!-- This site is optimized with the Yoast SEO plugin v27.3 - https:\/\/yoast.com\/product\/yoast-seo-wordpress\/ -->\n<title>Mittelwellenlager-Sch\u00e4den erkennen, teure Folgen vermeiden - Krafthand-Truck<\/title>\n<meta name=\"description\" content=\"Das Mittelwellenlager der Gelenkwelle (Kardanwelle) muss bei Nutzfahrzeugen einiges einstecken. Welte bietet unter der Marke EDS Reparaturl\u00f6sungen an.\" \/>\n<meta name=\"robots\" content=\"index, follow, max-snippet:-1, max-image-preview:large, max-video-preview:-1\" \/>\n<link rel=\"canonical\" href=\"https:\/\/www.krafthand.de\/truck\/artikel\/mittelwellenlager-schaeden-erkennen-teure-folgen-vermeiden-45394\/\" \/>\n<meta property=\"og:locale\" content=\"de_DE\" \/>\n<meta property=\"og:type\" content=\"article\" \/>\n<meta property=\"og:title\" content=\"Mittelwellenlager-Sch\u00e4den erkennen, teure Folgen vermeiden - Krafthand-Truck\" \/>\n<meta property=\"og:description\" content=\"Das Mittelwellenlager der Gelenkwelle (Kardanwelle) muss bei Nutzfahrzeugen einiges einstecken. Welte bietet unter der Marke EDS Reparaturl\u00f6sungen an.\" \/>\n<meta property=\"og:url\" content=\"https:\/\/www.krafthand-truck.de\/artikel\/mittelwellenlager-schaeden-erkennen-teure-folgen-vermeiden-45394\/\" \/>\n<meta property=\"og:site_name\" content=\"Krafthand-Truck\" \/>\n<meta property=\"article:published_time\" content=\"2026-02-13T08:52:13+00:00\" \/>\n<meta property=\"article:modified_time\" content=\"2026-02-13T11:13:55+00:00\" \/>\n<meta property=\"og:image\" content=\"https:\/\/static.krafthand-truck.de\/uploads\/2026\/02\/Welte_Mittelwellenlager_MAN_L2000_defekt.jpg\" \/>\n\t<meta property=\"og:image:width\" content=\"1200\" \/>\n\t<meta property=\"og:image:height\" content=\"675\" \/>\n\t<meta property=\"og:image:type\" content=\"image\/jpeg\" \/>\n<meta name=\"author\" content=\"georg.blenk@krafthand-medien.de\" \/>\n<meta name=\"twitter:card\" content=\"summary_large_image\" \/>\n<meta name=\"twitter:label1\" content=\"Verfasst von\" \/>\n\t<meta name=\"twitter:data1\" content=\"georg.blenk@krafthand-medien.de\" \/>\n\t<meta name=\"twitter:label2\" content=\"Gesch\u00e4tzte Lesezeit\" \/>\n\t<meta name=\"twitter:data2\" content=\"4\u00a0Minuten\" \/>\n<script type=\"application\/ld+json\" class=\"yoast-schema-graph\">{\"@context\":\"https:\\\/\\\/schema.org\",\"@graph\":[{\"@type\":\"Article\",\"@id\":\"https:\\\/\\\/www.krafthand.de\\\/truck\\\/artikel\\\/mittelwellenlager-schaeden-erkennen-teure-folgen-vermeiden-45394\\\/#article\",\"isPartOf\":{\"@id\":\"https:\\\/\\\/www.krafthand.de\\\/truck\\\/artikel\\\/mittelwellenlager-schaeden-erkennen-teure-folgen-vermeiden-45394\\\/\"},\"author\":{\"name\":\"georg.blenk@krafthand-medien.de\",\"@id\":\"https:\\\/\\\/www.krafthand.de\\\/truck\\\/#\\\/schema\\\/person\\\/51fa80b1c57034c4bf63f9f988fc24ce\"},\"headline\":\"Mittelwellenlager-Sch\u00e4den erkennen, teure Folgen vermeiden\",\"datePublished\":\"2026-02-13T08:52:13+00:00\",\"dateModified\":\"2026-02-13T11:13:55+00:00\",\"mainEntityOfPage\":{\"@id\":\"https:\\\/\\\/www.krafthand.de\\\/truck\\\/artikel\\\/mittelwellenlager-schaeden-erkennen-teure-folgen-vermeiden-45394\\\/\"},\"wordCount\":625,\"image\":{\"@id\":\"https:\\\/\\\/www.krafthand.de\\\/truck\\\/artikel\\\/mittelwellenlager-schaeden-erkennen-teure-folgen-vermeiden-45394\\\/#primaryimage\"},\"thumbnailUrl\":\"https:\\\/\\\/static.krafthand-truck.de\\\/uploads\\\/2026\\\/02\\\/Welte_Mittelwellenlager_MAN_L2000_defekt.jpg\",\"keywords\":[\"Kardanwelle\",\"Welte\"],\"articleSection\":[\"Antrieb (Motor\\\/Getriebe)\",\"Ersatzteile\\\/Zubeh\u00f6r\"],\"inLanguage\":\"de\"},{\"@type\":\"WebPage\",\"@id\":\"https:\\\/\\\/www.krafthand.de\\\/truck\\\/artikel\\\/mittelwellenlager-schaeden-erkennen-teure-folgen-vermeiden-45394\\\/\",\"url\":\"https:\\\/\\\/www.krafthand.de\\\/truck\\\/artikel\\\/mittelwellenlager-schaeden-erkennen-teure-folgen-vermeiden-45394\\\/\",\"name\":\"Mittelwellenlager-Sch\u00e4den erkennen, teure Folgen vermeiden - Krafthand-Truck\",\"isPartOf\":{\"@id\":\"https:\\\/\\\/www.krafthand.de\\\/truck\\\/#website\"},\"primaryImageOfPage\":{\"@id\":\"https:\\\/\\\/www.krafthand.de\\\/truck\\\/artikel\\\/mittelwellenlager-schaeden-erkennen-teure-folgen-vermeiden-45394\\\/#primaryimage\"},\"image\":{\"@id\":\"https:\\\/\\\/www.krafthand.de\\\/truck\\\/artikel\\\/mittelwellenlager-schaeden-erkennen-teure-folgen-vermeiden-45394\\\/#primaryimage\"},\"thumbnailUrl\":\"https:\\\/\\\/static.krafthand-truck.de\\\/uploads\\\/2026\\\/02\\\/Welte_Mittelwellenlager_MAN_L2000_defekt.jpg\",\"datePublished\":\"2026-02-13T08:52:13+00:00\",\"dateModified\":\"2026-02-13T11:13:55+00:00\",\"author\":{\"@id\":\"https:\\\/\\\/www.krafthand.de\\\/truck\\\/#\\\/schema\\\/person\\\/51fa80b1c57034c4bf63f9f988fc24ce\"},\"description\":\"Das Mittelwellenlager der Gelenkwelle (Kardanwelle) muss bei Nutzfahrzeugen einiges einstecken. Welte bietet unter der Marke EDS Reparaturl\u00f6sungen an.\",\"breadcrumb\":{\"@id\":\"https:\\\/\\\/www.krafthand.de\\\/truck\\\/artikel\\\/mittelwellenlager-schaeden-erkennen-teure-folgen-vermeiden-45394\\\/#breadcrumb\"},\"inLanguage\":\"de\",\"potentialAction\":[{\"@type\":\"ReadAction\",\"target\":[\"https:\\\/\\\/www.krafthand.de\\\/truck\\\/artikel\\\/mittelwellenlager-schaeden-erkennen-teure-folgen-vermeiden-45394\\\/\"]}]},{\"@type\":\"ImageObject\",\"inLanguage\":\"de\",\"@id\":\"https:\\\/\\\/www.krafthand.de\\\/truck\\\/artikel\\\/mittelwellenlager-schaeden-erkennen-teure-folgen-vermeiden-45394\\\/#primaryimage\",\"url\":\"https:\\\/\\\/static.krafthand-truck.de\\\/uploads\\\/2026\\\/02\\\/Welte_Mittelwellenlager_MAN_L2000_defekt.jpg\",\"contentUrl\":\"https:\\\/\\\/static.krafthand-truck.de\\\/uploads\\\/2026\\\/02\\\/Welte_Mittelwellenlager_MAN_L2000_defekt.jpg\",\"width\":1200,\"height\":675},{\"@type\":\"BreadcrumbList\",\"@id\":\"https:\\\/\\\/www.krafthand.de\\\/truck\\\/artikel\\\/mittelwellenlager-schaeden-erkennen-teure-folgen-vermeiden-45394\\\/#breadcrumb\",\"itemListElement\":[{\"@type\":\"ListItem\",\"position\":1,\"name\":\"Krafthand-Truck\",\"item\":\"https:\\\/\\\/www.krafthand.de\\\/truck\\\/\"},{\"@type\":\"ListItem\",\"position\":2,\"name\":\"Nfz-Service\",\"item\":\"https:\\\/\\\/www.krafthand.de\\\/truck\\\/kategorie\\\/nfz-service\\\/\"},{\"@type\":\"ListItem\",\"position\":3,\"name\":\"Ersatzteile\\\/Zubeh\u00f6r\",\"item\":\"https:\\\/\\\/www.krafthand.de\\\/truck\\\/kategorie\\\/nfz-service\\\/ersatzteile-zubehoer\\\/\"},{\"@type\":\"ListItem\",\"position\":4,\"name\":\"Mittelwellenlager-Sch\u00e4den erkennen, teure Folgen vermeiden\"}]},{\"@type\":\"WebSite\",\"@id\":\"https:\\\/\\\/www.krafthand.de\\\/truck\\\/#website\",\"url\":\"https:\\\/\\\/www.krafthand.de\\\/truck\\\/\",\"name\":\"Krafthand-Truck\",\"description\":\"\",\"potentialAction\":[{\"@type\":\"SearchAction\",\"target\":{\"@type\":\"EntryPoint\",\"urlTemplate\":\"https:\\\/\\\/www.krafthand.de\\\/truck\\\/?s={search_term_string}\"},\"query-input\":{\"@type\":\"PropertyValueSpecification\",\"valueRequired\":true,\"valueName\":\"search_term_string\"}}],\"inLanguage\":\"de\"},{\"@type\":\"Person\",\"@id\":\"https:\\\/\\\/www.krafthand.de\\\/truck\\\/#\\\/schema\\\/person\\\/51fa80b1c57034c4bf63f9f988fc24ce\",\"name\":\"georg.blenk@krafthand-medien.de\",\"image\":{\"@type\":\"ImageObject\",\"inLanguage\":\"de\",\"@id\":\"https:\\\/\\\/secure.gravatar.com\\\/avatar\\\/93713c30affe0aa95d3a4130e499bb1abee2eb31adbdd9ce2aa1543538490215?s=96&d=mm&r=g\",\"url\":\"https:\\\/\\\/secure.gravatar.com\\\/avatar\\\/93713c30affe0aa95d3a4130e499bb1abee2eb31adbdd9ce2aa1543538490215?s=96&d=mm&r=g\",\"contentUrl\":\"https:\\\/\\\/secure.gravatar.com\\\/avatar\\\/93713c30affe0aa95d3a4130e499bb1abee2eb31adbdd9ce2aa1543538490215?s=96&d=mm&r=g\",\"caption\":\"georg.blenk@krafthand-medien.de\"}}]}<\/script>\n<!-- \/ Yoast SEO plugin. -->","yoast_head_json":{"title":"Mittelwellenlager-Sch\u00e4den erkennen, teure Folgen vermeiden - Krafthand-Truck","description":"Das Mittelwellenlager der Gelenkwelle (Kardanwelle) muss bei Nutzfahrzeugen einiges einstecken. Welte bietet unter der Marke EDS Reparaturl\u00f6sungen an.","robots":{"index":"index","follow":"follow","max-snippet":"max-snippet:-1","max-image-preview":"max-image-preview:large","max-video-preview":"max-video-preview:-1"},"canonical":"https:\/\/www.krafthand.de\/truck\/artikel\/mittelwellenlager-schaeden-erkennen-teure-folgen-vermeiden-45394\/","og_locale":"de_DE","og_type":"article","og_title":"Mittelwellenlager-Sch\u00e4den erkennen, teure Folgen vermeiden - Krafthand-Truck","og_description":"Das Mittelwellenlager der Gelenkwelle (Kardanwelle) muss bei Nutzfahrzeugen einiges einstecken. Welte bietet unter der Marke EDS Reparaturl\u00f6sungen an.","og_url":"https:\/\/www.krafthand-truck.de\/artikel\/mittelwellenlager-schaeden-erkennen-teure-folgen-vermeiden-45394\/","og_site_name":"Krafthand-Truck","article_published_time":"2026-02-13T08:52:13+00:00","article_modified_time":"2026-02-13T11:13:55+00:00","og_image":[{"width":1200,"height":675,"url":"https:\/\/static.krafthand-truck.de\/uploads\/2026\/02\/Welte_Mittelwellenlager_MAN_L2000_defekt.jpg","type":"image\/jpeg"}],"author":"georg.blenk@krafthand-medien.de","twitter_card":"summary_large_image","twitter_misc":{"Verfasst von":"georg.blenk@krafthand-medien.de","Gesch\u00e4tzte Lesezeit":"4\u00a0Minuten"},"schema":{"@context":"https:\/\/schema.org","@graph":[{"@type":"Article","@id":"https:\/\/www.krafthand.de\/truck\/artikel\/mittelwellenlager-schaeden-erkennen-teure-folgen-vermeiden-45394\/#article","isPartOf":{"@id":"https:\/\/www.krafthand.de\/truck\/artikel\/mittelwellenlager-schaeden-erkennen-teure-folgen-vermeiden-45394\/"},"author":{"name":"georg.blenk@krafthand-medien.de","@id":"https:\/\/www.krafthand.de\/truck\/#\/schema\/person\/51fa80b1c57034c4bf63f9f988fc24ce"},"headline":"Mittelwellenlager-Sch\u00e4den erkennen, teure Folgen vermeiden","datePublished":"2026-02-13T08:52:13+00:00","dateModified":"2026-02-13T11:13:55+00:00","mainEntityOfPage":{"@id":"https:\/\/www.krafthand.de\/truck\/artikel\/mittelwellenlager-schaeden-erkennen-teure-folgen-vermeiden-45394\/"},"wordCount":625,"image":{"@id":"https:\/\/www.krafthand.de\/truck\/artikel\/mittelwellenlager-schaeden-erkennen-teure-folgen-vermeiden-45394\/#primaryimage"},"thumbnailUrl":"https:\/\/static.krafthand-truck.de\/uploads\/2026\/02\/Welte_Mittelwellenlager_MAN_L2000_defekt.jpg","keywords":["Kardanwelle","Welte"],"articleSection":["Antrieb (Motor\/Getriebe)","Ersatzteile\/Zubeh\u00f6r"],"inLanguage":"de"},{"@type":"WebPage","@id":"https:\/\/www.krafthand.de\/truck\/artikel\/mittelwellenlager-schaeden-erkennen-teure-folgen-vermeiden-45394\/","url":"https:\/\/www.krafthand.de\/truck\/artikel\/mittelwellenlager-schaeden-erkennen-teure-folgen-vermeiden-45394\/","name":"Mittelwellenlager-Sch\u00e4den erkennen, teure Folgen vermeiden - Krafthand-Truck","isPartOf":{"@id":"https:\/\/www.krafthand.de\/truck\/#website"},"primaryImageOfPage":{"@id":"https:\/\/www.krafthand.de\/truck\/artikel\/mittelwellenlager-schaeden-erkennen-teure-folgen-vermeiden-45394\/#primaryimage"},"image":{"@id":"https:\/\/www.krafthand.de\/truck\/artikel\/mittelwellenlager-schaeden-erkennen-teure-folgen-vermeiden-45394\/#primaryimage"},"thumbnailUrl":"https:\/\/static.krafthand-truck.de\/uploads\/2026\/02\/Welte_Mittelwellenlager_MAN_L2000_defekt.jpg","datePublished":"2026-02-13T08:52:13+00:00","dateModified":"2026-02-13T11:13:55+00:00","author":{"@id":"https:\/\/www.krafthand.de\/truck\/#\/schema\/person\/51fa80b1c57034c4bf63f9f988fc24ce"},"description":"Das Mittelwellenlager der Gelenkwelle (Kardanwelle) muss bei Nutzfahrzeugen einiges einstecken. Welte bietet unter der Marke EDS Reparaturl\u00f6sungen an.","breadcrumb":{"@id":"https:\/\/www.krafthand.de\/truck\/artikel\/mittelwellenlager-schaeden-erkennen-teure-folgen-vermeiden-45394\/#breadcrumb"},"inLanguage":"de","potentialAction":[{"@type":"ReadAction","target":["https:\/\/www.krafthand.de\/truck\/artikel\/mittelwellenlager-schaeden-erkennen-teure-folgen-vermeiden-45394\/"]}]},{"@type":"ImageObject","inLanguage":"de","@id":"https:\/\/www.krafthand.de\/truck\/artikel\/mittelwellenlager-schaeden-erkennen-teure-folgen-vermeiden-45394\/#primaryimage","url":"https:\/\/static.krafthand-truck.de\/uploads\/2026\/02\/Welte_Mittelwellenlager_MAN_L2000_defekt.jpg","contentUrl":"https:\/\/static.krafthand-truck.de\/uploads\/2026\/02\/Welte_Mittelwellenlager_MAN_L2000_defekt.jpg","width":1200,"height":675},{"@type":"BreadcrumbList","@id":"https:\/\/www.krafthand.de\/truck\/artikel\/mittelwellenlager-schaeden-erkennen-teure-folgen-vermeiden-45394\/#breadcrumb","itemListElement":[{"@type":"ListItem","position":1,"name":"Krafthand-Truck","item":"https:\/\/www.krafthand.de\/truck\/"},{"@type":"ListItem","position":2,"name":"Nfz-Service","item":"https:\/\/www.krafthand.de\/truck\/kategorie\/nfz-service\/"},{"@type":"ListItem","position":3,"name":"Ersatzteile\/Zubeh\u00f6r","item":"https:\/\/www.krafthand.de\/truck\/kategorie\/nfz-service\/ersatzteile-zubehoer\/"},{"@type":"ListItem","position":4,"name":"Mittelwellenlager-Sch\u00e4den erkennen, teure Folgen vermeiden"}]},{"@type":"WebSite","@id":"https:\/\/www.krafthand.de\/truck\/#website","url":"https:\/\/www.krafthand.de\/truck\/","name":"Krafthand-Truck","description":"","potentialAction":[{"@type":"SearchAction","target":{"@type":"EntryPoint","urlTemplate":"https:\/\/www.krafthand.de\/truck\/?s={search_term_string}"},"query-input":{"@type":"PropertyValueSpecification","valueRequired":true,"valueName":"search_term_string"}}],"inLanguage":"de"},{"@type":"Person","@id":"https:\/\/www.krafthand.de\/truck\/#\/schema\/person\/51fa80b1c57034c4bf63f9f988fc24ce","name":"georg.blenk@krafthand-medien.de","image":{"@type":"ImageObject","inLanguage":"de","@id":"https:\/\/secure.gravatar.com\/avatar\/93713c30affe0aa95d3a4130e499bb1abee2eb31adbdd9ce2aa1543538490215?s=96&d=mm&r=g","url":"https:\/\/secure.gravatar.com\/avatar\/93713c30affe0aa95d3a4130e499bb1abee2eb31adbdd9ce2aa1543538490215?s=96&d=mm&r=g","contentUrl":"https:\/\/secure.gravatar.com\/avatar\/93713c30affe0aa95d3a4130e499bb1abee2eb31adbdd9ce2aa1543538490215?s=96&d=mm&r=g","caption":"georg.blenk@krafthand-medien.de"}}]}},"_links":{"self":[{"href":"https:\/\/www.krafthand.de\/truck\/wp-json\/wp\/v2\/posts\/45394","targetHints":{"allow":["GET"]}}],"collection":[{"href":"https:\/\/www.krafthand.de\/truck\/wp-json\/wp\/v2\/posts"}],"about":[{"href":"https:\/\/www.krafthand.de\/truck\/wp-json\/wp\/v2\/types\/post"}],"author":[{"embeddable":true,"href":"https:\/\/www.krafthand.de\/truck\/wp-json\/wp\/v2\/users\/9"}],"replies":[{"embeddable":true,"href":"https:\/\/www.krafthand.de\/truck\/wp-json\/wp\/v2\/comments?post=45394"}],"version-history":[{"count":18,"href":"https:\/\/www.krafthand.de\/truck\/wp-json\/wp\/v2\/posts\/45394\/revisions"}],"predecessor-version":[{"id":45425,"href":"https:\/\/www.krafthand.de\/truck\/wp-json\/wp\/v2\/posts\/45394\/revisions\/45425"}],"wp:featuredmedia":[{"embeddable":true,"href":"https:\/\/www.krafthand.de\/truck\/wp-json\/wp\/v2\/media\/45399"}],"wp:attachment":[{"href":"https:\/\/www.krafthand.de\/truck\/wp-json\/wp\/v2\/media?parent=45394"}],"wp:term":[{"taxonomy":"category","embeddable":true,"href":"https:\/\/www.krafthand.de\/truck\/wp-json\/wp\/v2\/categories?post=45394"},{"taxonomy":"post_tag","embeddable":true,"href":"https:\/\/www.krafthand.de\/truck\/wp-json\/wp\/v2\/tags?post=45394"},{"taxonomy":"settings","embeddable":true,"href":"https:\/\/www.krafthand.de\/truck\/wp-json\/wp\/v2\/settings?post=45394"}],"curies":[{"name":"wp","href":"https:\/\/api.w.org\/{rel}","templated":true}]}}