{"id":45334,"date":"2026-02-06T12:47:19","date_gmt":"2026-02-06T11:47:19","guid":{"rendered":"https:\/\/www.krafthand.de\/truck\/?p=45334"},"modified":"2026-02-06T12:52:48","modified_gmt":"2026-02-06T11:52:48","slug":"die-sattelzugmaschine-e263-ist-der-naechste-logische-schritt","status":"publish","type":"post","link":"https:\/\/www.krafthand.de\/truck\/artikel\/die-sattelzugmaschine-e263-ist-der-naechste-logische-schritt-45334\/","title":{"rendered":"\u201eDie Sattelzugmaschine e263 ist der n\u00e4chste logische Schritt.\u201c"},"content":{"rendered":"<p>Jeder kennt die gro\u00dfen OEM in Europa. Die Marke SANY eTrucks ist nicht allen ein Begriff. Tats\u00e4chlich handelt es sich um einen global aufgestellten Hersteller von Bau- und Hafenmaschinen sowie von Schwerlastfahrzeugen, die unter anderem auch elektrische Lkw umfassen. Weltweit hat SANY bereits 50.000 E-Lkw ausgeliefert. Die Produktion im chinesischen Changsha ist gar auf 300.000 Einheiten pro Jahr ausgelegt. Das Flaggschiff ist die elektrische Sattelzugmaschine e263. Jetzt m\u00f6chte SANY auch in Europa punkten. Wir haben mit Kevin Eichele, Head of Product &amp; Business Development eTrucks Europe, \u00fcber die Markteintrittsstrategie von SANY, die Technik und \u00fcber Pers\u00f6nliches gesprochen.<\/p>\n<p><strong>Herr Eichele, SANY Germany (sp\u00e4ter SANY Europe) wurde im Jahr 2008 gegr\u00fcndet. Der Hauptsitz ist seit 2011 in Bedburg bei K\u00f6ln. Wie entwickelte sich das Unternehmen in Deutschland seither?<\/strong><\/p>\n<p>SANY Europe bietet heute ein breites Spektrum an leistungsstarken Maschinen. Schwerpunkte sind Hydraulikbagger, Hafenmaschinen und Hafenkrane. Jedes Modell ist speziell f\u00fcr den europ\u00e4ischen Markt entwickelt. Die Vermarktung und Betreuung der SANY eTrucks erfolgt \u00fcber die Putzmeister Organisation, da das Business mit den elektrischen Betonmischer hier begann und \u00fcber unsere Teams optimal betreut wird.<\/p>\n<p><strong>Sie erw\u00e4hnen das Unternehmen Putzmeister. 2012 hat SANY das deutsche Traditionsunternehmen \u00fcbernommen. Seitdem wurde das Portfolio neben Baustellenfahrzeugen stetig erweitert. Nun steigen Sie in Europa also auch verst\u00e4rkt ins E-Lkw-Gesch\u00e4ft ein?<\/strong><\/p>\n<p>Richtig, 2022 haben wir den ersten E-Lkw von SANY als 8&#215;4 mit einem Putzmeister Betonmischer-Aufbau auf der BAUMA in M\u00fcnchen vorgestellt und in Serie gestartet. In der Zwischenzeit sind wir bereits in f\u00fcnfzehn europ\u00e4ischen L\u00e4ndern mit unserer zweiten Generation, dem e435, im Feld und wurden j\u00fcngst als erster nicht europ\u00e4ischer OEM von der International Truck of the Year Jury nominiert. Die Sattelzugmaschine e263 ist nun der n\u00e4chste logische Schritt in unserer Europa Strategie.<\/p>\n<p>&nbsp;<\/p>\n<div class=\"infobox box-grey\"><\/p>\n<p><figure id=\"attachment_45341\" aria-describedby=\"caption-attachment-45341\" style=\"width: 180px\" class=\"wp-caption alignleft\"><a href=\"https:\/\/static.krafthand-truck.de\/uploads\/2026\/02\/Sany_Trucks_Kevin_Eichele_Krafthand_Truck.jpg\" target=\"_blank\" rel=\"noopener\"><img decoding=\"async\" class=\"wp-image-45341\" src=\"https:\/\/static.krafthand-truck.de\/uploads\/2026\/02\/Sany_Trucks_Kevin_Eichele_Krafthand_Truck-229x300.jpg\" alt=\"\" width=\"180\" height=\"236\" srcset=\"https:\/\/static.krafthand-truck.de\/uploads\/2026\/02\/Sany_Trucks_Kevin_Eichele_Krafthand_Truck-229x300.jpg 229w, https:\/\/static.krafthand-truck.de\/uploads\/2026\/02\/Sany_Trucks_Kevin_Eichele_Krafthand_Truck-781x1024.jpg 781w, https:\/\/static.krafthand-truck.de\/uploads\/2026\/02\/Sany_Trucks_Kevin_Eichele_Krafthand_Truck-768x1007.jpg 768w, https:\/\/static.krafthand-truck.de\/uploads\/2026\/02\/Sany_Trucks_Kevin_Eichele_Krafthand_Truck.jpg 800w\" sizes=\"(max-width: 180px) 100vw, 180px\" \/><\/a><figcaption id=\"caption-attachment-45341\" class=\"wp-caption-text\">Kevin Eichele. Bild: SANY Trucks<\/figcaption><\/figure><\/p>\n<h3>Zur Person<\/h3>\n<p>Kevin Eichele ist Head of Product and Business Development f\u00fcr SANY eTrucks supported by Putzmeister in Europa. Eichele gestaltet die Markteinf\u00fchrung und das Produktportfolio batterieelektrischer Nutzfahrzeuge f\u00fcr den europ\u00e4ischen Markt. Er setzt dabei auf praxisnahe Branchenkenntnisse sowie eine tiefgreifende Systemexpertise. Im Zentrum seiner Arbeit steht die Elektrifizierung der europ\u00e4ischen Logistik.<\/p>\n<blockquote><p>\u201eIch besch\u00e4ftige mich seit 2019 mit nachhaltigen Antriebsl\u00f6sungen im Schwerlastverkehr und m\u00f6chte fortschrittliche Technologie mit wirtschaftlichen Gesamtl\u00f6sungen verbinden. Mein Ziel ist es, die Zukunft klimafreundlicher Mobilit\u00e4t aktiv mitzugestalten.\u201c<\/p><\/blockquote>\n<p><\/div>\n<p>&nbsp;<\/p>\n<p><strong>Sie sind f\u00fcr die Gesch\u00e4ftsentwicklung im Bereich E-Trucks verantwortlich. Eine durchaus herausfordernde Aufgabe?<\/strong><\/p>\n<p>Da die SANY E-Truck Entwicklung f\u00fcr Europa mit dem elektrischen Betonmischer innerhalb der Putzmeister Organisation begonnen hat, wurde in Aichtal bei Stuttgart eine eigene R&amp;D-Abteilung aufgebaut, um Maschinen speziell an die hohen Anforderungen der EU anzupassen. Die Zusammenarbeit und Kommunikationskan\u00e4le mit SANY in China haben wir \u00fcber die Zeit stetig verbessert und haben nun ein sehr schlagkr\u00e4ftiges Team.<\/p>\n<p><strong>Gibt es Unterschiede in der chinesischen Unternehmens- und F\u00fchrungskultur im Vergleich zu hiesigen Unternehmen?<\/strong><\/p>\n<p>In den einzelnen Projekten sehen wir, dass Entscheidungen und die daraus folgende Implementierung direkt ausgef\u00fchrt werden. Dies f\u00fchrt zu deutlich k\u00fcrzeren Entwicklungszeiten und erm\u00f6glicht uns Kundenr\u00fcckmeldungen in kurzer Zeit umzusetzen.<\/p>\n<p><strong>Mit welchen Argumenten m\u00f6chte SANY gegen\u00fcber den etablierten OEMs in Sachen E-Trucks punkten?<\/strong><\/p>\n<figure id=\"attachment_45346\" aria-describedby=\"caption-attachment-45346\" style=\"width: 420px\" class=\"wp-caption alignleft\"><a href=\"https:\/\/static.krafthand-truck.de\/uploads\/2026\/02\/Sany_Trucks_e263_E_Truck_Antriebsachse.jpg\" target=\"_blank\" rel=\"noopener\"><img fetchpriority=\"high\" decoding=\"async\" class=\"wp-image-45346\" src=\"https:\/\/static.krafthand-truck.de\/uploads\/2026\/02\/Sany_Trucks_e263_E_Truck_Antriebsachse-300x184.jpg\" alt=\"\" width=\"420\" height=\"257\" srcset=\"https:\/\/static.krafthand-truck.de\/uploads\/2026\/02\/Sany_Trucks_e263_E_Truck_Antriebsachse-300x184.jpg 300w, https:\/\/static.krafthand-truck.de\/uploads\/2026\/02\/Sany_Trucks_e263_E_Truck_Antriebsachse-1024x626.jpg 1024w, https:\/\/static.krafthand-truck.de\/uploads\/2026\/02\/Sany_Trucks_e263_E_Truck_Antriebsachse-768x470.jpg 768w, https:\/\/static.krafthand-truck.de\/uploads\/2026\/02\/Sany_Trucks_e263_E_Truck_Antriebsachse.jpg 1200w\" sizes=\"(max-width: 420px) 100vw, 420px\" \/><\/a><figcaption id=\"caption-attachment-45346\" class=\"wp-caption-text\">Antriebsachse der e263 Sattelzugmaschine. Bild: SANY Trucks<\/figcaption><\/figure>\n<p>Beim Thema batterieelektrische Antriebe sehen wir SANY technologisch sehr gut aufgestellt. Durch die gro\u00dfe Anzahl, allein in 2025 wurden \u00fcber 21.000 elektrische Sattelzugmaschinen von SANY in China ins Feld gebracht, wurden die Trucks bereits im echten Einsatz erprobt. Zudem werden wir mit einer sehr attraktiven TCO unseren Kunden den Umstieg in die eMobilit\u00e4t finanziell erleichtern. Abgerundet wird das Ganze durch das Servicenetz von Alltrucks mit seinen 650 Werkst\u00e4tten in ganz Europa.<\/p>\n<p><strong>Nehmen wir ein Beispiel: Die neue Zugmaschine e263 basiert auf einer 800V-Plattform und hat laut SANY eine Reichweite von \u00fcber 500 Kilometern bei einer maximalen Nutzlast von 42 Tonnen. Die Fahrzeugplattform stammt von SANY?<\/strong><\/p>\n<p><a href=\"https:\/\/www.sany-trucks.com\/web\/sany-trucks\" target=\"_blank\" rel=\"noopener\">SANY<\/a> hat die gesamte EU-Fahrzeugplattform in-house entwickelt und dabei auf die Erfahrungen der \u00fcber 50.000 sich im chinesischen Markt befindlichen E-Lkw zur\u00fcckgegriffen. Gemeinsam mit Putzmeister wurde zudem sichergestellt, dass das Fahrzeug die Europ\u00e4ischen Normen und Kundenanforderungen erf\u00fcllt. Sehr geholfen haben hierbei auch die Erkenntnisse, welche wir seit 2022 aus dem Markt f\u00fcr unser elektrisches 8&#215;4 Fahrgestell (e435) gewonnen haben.<\/p>\n<blockquote><p>\u201eDer e263 verf\u00fcgt \u00fcber zwei Ladeports (links und rechts). Umst\u00e4ndliches Rangieren an Ladeh\u00f6fen entf\u00e4llt.\u201c<\/p><\/blockquote>\n<p><strong>Wer liefert beim e263 die Batteriepacks, die E-Achse, die Antriebssteuerung oder die Komponenten des Thermomanagements?<\/strong><\/p>\n<figure id=\"attachment_45348\" aria-describedby=\"caption-attachment-45348\" style=\"width: 220px\" class=\"wp-caption alignright\"><a href=\"https:\/\/static.krafthand-truck.de\/uploads\/2026\/02\/Sany_Trucks_e263_E_Truck_Cockpit_Lenkrad.jpg\" target=\"_blank\" rel=\"noopener\"><img decoding=\"async\" class=\"wp-image-45348\" src=\"https:\/\/static.krafthand-truck.de\/uploads\/2026\/02\/Sany_Trucks_e263_E_Truck_Cockpit_Lenkrad-225x300.jpg\" alt=\"\" width=\"220\" height=\"293\" srcset=\"https:\/\/static.krafthand-truck.de\/uploads\/2026\/02\/Sany_Trucks_e263_E_Truck_Cockpit_Lenkrad-225x300.jpg 225w, https:\/\/static.krafthand-truck.de\/uploads\/2026\/02\/Sany_Trucks_e263_E_Truck_Cockpit_Lenkrad-768x1024.jpg 768w, https:\/\/static.krafthand-truck.de\/uploads\/2026\/02\/Sany_Trucks_e263_E_Truck_Cockpit_Lenkrad.jpg 800w\" sizes=\"(max-width: 220px) 100vw, 220px\" \/><\/a><figcaption id=\"caption-attachment-45348\" class=\"wp-caption-text\">Alles da: Der Arbeitsplatz des SANY e263. Bild: SANY Trucks<\/figcaption><\/figure>\n<p>SANY geht bei vielen Komponenten sehr tief in die eigene Wertsch\u00f6pfung und so stammt zum Beispiel die E-Achse aus dem eigenen Haus, w\u00e4hrend bei den LFP-Batterien (Lithium-Eisenp-Phosphat) auf EVE zur\u00fcckgegriffen wurde. (Anm.d.Red.: Die EVE Energy Co. Ltd ist ein chinesischer Batterieproduzent, der 2001 gegr\u00fcndet wurde. Das Unternehmen gilt weltweit als Top 3 der Produzenten von Energiespeichern).<\/p>\n<blockquote><p>\u201eSANY geht bei vielen Komponenten sehr tief in die eigene Wertsch\u00f6pfung.\u201c<\/p><\/blockquote>\n<p><strong>Hat SANY hat beim e263 auch Nebenabtriebe vorgesehen?<\/strong><\/p>\n<p>Ja, wir bieten drei verschiedene Nebenabtriebs-L\u00f6sungen an. Einen gPTO am Getriebe der E-Achse f\u00fcr hydraulische Anwendungen, w\u00e4hrend die Zugmaschine sich im Stillstand befindet, beispielsweise f\u00fcr Kipp- oder Schubbodenanwendungen. Einen mechanischen Nebenabtrieb (mPTO), der einen separaten E-Motor hinter der Kabine f\u00fcr hydraulische Anwendungen w\u00e4hrend der Fahrt nutzt (zum Beispiel f\u00fcr Mischsattel-Auflieger). Hinzu kommt eine elektrische Schnittstelle (ePTO) mit 22kW, beispielsweise f\u00fcr K\u00fchlauflieger.<\/p>\n<p>&nbsp;<\/p>\n<div class=\"infobox box-grey\"><\/p>\n<p><strong>Hintergrund: Nebenabtrieb<\/strong><br \/>\n\u2022 gPTO: Gearbox-Power Take-off, mechanisch direkt mit dem Getriebe der eAchse verbunden.<br \/>\n\u2022 mPTO: Mechanical-Power Take-off, mechanisch, kleiner separater Elektromotor treibt zum Beispiel eine Hydraulikpumpe an.<br \/>\n\u2022 ePTO: Electric-Power Take-off, eine Hochvoltschnittstelle versorgt beispielsweise ein (K\u00fchl-) Aggregat.<br \/>\n<\/div>\n<p>&nbsp;<\/p>\n<p><strong>Wie gestaltet sich der Service an den Hochvolt-Fahrzeugen? Verf\u00fcgen Sie (perspektivisch) \u00fcber ein qualifiziertes und fl\u00e4chendeckendes Servicenetzwerk?<\/strong><\/p>\n<p>Alltrucks mit seinen 650 freien Werkst\u00e4tten ist f\u00fcr uns ein Schl\u00fcsselpartner, um ein fl\u00e4chendeckendes Servicenetz in Europa anbieten zu k\u00f6nnen. Zudem k\u00f6nnen alle Putzmeister Service-Standorte SANY E-Trucks servicieren. Auch (weitere) freie Werkstattbetriebe k\u00f6nnen auf Wunsch durch unser Team qualifiziert werden.<\/p>\n<p>&nbsp;<\/p>\n<figure id=\"attachment_45350\" aria-describedby=\"caption-attachment-45350\" style=\"width: 800px\" class=\"wp-caption aligncenter\"><img loading=\"lazy\" decoding=\"async\" class=\"wp-image-45350\" src=\"https:\/\/static.krafthand-truck.de\/uploads\/2026\/02\/Sany_Trucks_Putzmeister_Lkw_Teile-300x178.jpg\" alt=\"\" width=\"800\" height=\"475\" srcset=\"https:\/\/static.krafthand-truck.de\/uploads\/2026\/02\/Sany_Trucks_Putzmeister_Lkw_Teile-300x178.jpg 300w, https:\/\/static.krafthand-truck.de\/uploads\/2026\/02\/Sany_Trucks_Putzmeister_Lkw_Teile-1024x608.jpg 1024w, https:\/\/static.krafthand-truck.de\/uploads\/2026\/02\/Sany_Trucks_Putzmeister_Lkw_Teile-768x456.jpg 768w, https:\/\/static.krafthand-truck.de\/uploads\/2026\/02\/Sany_Trucks_Putzmeister_Lkw_Teile.jpg 1200w\" sizes=\"(max-width: 800px) 100vw, 800px\" \/><figcaption id=\"caption-attachment-45350\" class=\"wp-caption-text\">Die Ersatzteilversorgung f\u00fcr die E-Trucks l\u00e4uft \u00fcber Putzmeister. Bild: SANY Trucks<\/figcaption><\/figure>\n<p>&nbsp;<\/p>\n<p><strong>Wie sieht es mit der Diagnosetechnik, der Teileversorgung und der Gew\u00e4hrleistung in Deutschland aus?<\/strong><\/p>\n<figure id=\"attachment_45351\" aria-describedby=\"caption-attachment-45351\" style=\"width: 420px\" class=\"wp-caption alignleft\"><a href=\"https:\/\/static.krafthand-truck.de\/uploads\/2026\/02\/Sany_Trucks_Kevin_Eichele_Dekra_Zukunftskongress_Nfz_Berlin_2025.jpg\" target=\"_blank\" rel=\"noopener\"><img loading=\"lazy\" decoding=\"async\" class=\"wp-image-45351\" src=\"https:\/\/static.krafthand-truck.de\/uploads\/2026\/02\/Sany_Trucks_Kevin_Eichele_Dekra_Zukunftskongress_Nfz_Berlin_2025-300x196.jpg\" alt=\"\" width=\"420\" height=\"275\" srcset=\"https:\/\/static.krafthand-truck.de\/uploads\/2026\/02\/Sany_Trucks_Kevin_Eichele_Dekra_Zukunftskongress_Nfz_Berlin_2025-300x196.jpg 300w, https:\/\/static.krafthand-truck.de\/uploads\/2026\/02\/Sany_Trucks_Kevin_Eichele_Dekra_Zukunftskongress_Nfz_Berlin_2025-1024x670.jpg 1024w, https:\/\/static.krafthand-truck.de\/uploads\/2026\/02\/Sany_Trucks_Kevin_Eichele_Dekra_Zukunftskongress_Nfz_Berlin_2025-768x502.jpg 768w, https:\/\/static.krafthand-truck.de\/uploads\/2026\/02\/Sany_Trucks_Kevin_Eichele_Dekra_Zukunftskongress_Nfz_Berlin_2025.jpg 1200w\" sizes=\"(max-width: 420px) 100vw, 420px\" \/><\/a><figcaption id=\"caption-attachment-45351\" class=\"wp-caption-text\"><em>\u201eUnsere E-Trucks kosten rund 20-30 Prozent weniger als vergleichbare, europ\u00e4ische Fahrzeuge. Dabei nutzen wir entsprechende Skaleneffekte. Zus\u00e4tzlich bieten wir Buy-Back- oder Full-Leasing-Finanzierungsmodelle an, um den Einstieg in die Elektromobilit\u00e4t zu erleichtern\u201c<\/em>, so Kevin Eichele w\u00e4hrend seines Vortrags beim DEKRA Zukunftskongress Nutzfahrzeuge im Oktober 2025 in Berlin. Bild: Georg Blenk<\/figcaption><\/figure>\n<p>Bei allen Operationen wird im Hintergrund immer auf die Putzmeister-Prozesswelt zugegriffen, welches das R\u00fcckgrat unserer Services ist. Hei\u00dft konkret, dass es bereits funktionierende und eingeschliffene Prozesse aus dem europaweiten Kerngesch\u00e4ft gibt, welche nun bei der Teileversorgung der E-Lkw, der Diagnose und der Gew\u00e4hrleistungsabwicklung ebenfalls zum Tragen kommen.<\/p>\n<p><strong>Aus guter Tradition am Ende noch eine pers\u00f6nliche Frage: Was hat sie k\u00fcrzlich am meisten ge\u00e4rgert, was am meisten gefreut?<\/strong><\/p>\n<p>Der EU-Beschluss zur Mautbefreiung war ein gro\u00dfer Meilenstein f\u00fcr Europa, um die Elektrifizierung der Nutzfahrzeuge weiter voranzutreiben, sodass wir in den n\u00e4chsten Jahren hoffentlich \u00e4hnliche Zulassungsquoten wie heute schon in China sehen. Dabei hoffe ich, dass das Thema der Ladeinfrastruktur nun konsequent von allen Beteiligten angegangen wird, denn nur dann k\u00f6nnen die E-Trucks auch Ihre TCO-Vorteile tats\u00e4chlich voll ausspielen. Am meisten ge\u00e4rgert hat mich, der oft langsame Tempo beim Ausbau der Ladeinfrastruktur f\u00fcr schwere Nutzfahrzeuge. Wir haben technologisch bereits L\u00f6sungen, die sofort einsatzbereit sind, aber die b\u00fcrokratischen H\u00fcrden bremsen die Transformation manchmal unn\u00f6tig aus. Dieser \u00c4rger ist f\u00fcr mich aber ein t\u00e4glicher Ansporn, noch enger mit Partnern zusammenzuarbeiten, um ganzheitliche L\u00f6sungen zu schaffen.<\/p>\n<p><i>Den Beitrag finden Sie auch in der Print-Ausgabe 1-2026 der <a href=\"https:\/\/www.krafthand.de\/truck\/magazin\/\" title=\"Zum Magazin\">Krafthand-Truck<\/a>.<\/i><\/p>\r\n\t\t\t\t<div class=\"post-author\">\r\n\t\t\t\t\t<div class=\"khm-cp-author clearfix\">\r\n\t\t\t\t\t\t<div class=\"khm-cp-author__content\">\r\n\t\t\t\t\t\t\t\tKontakt zum Autor:<br \/>\r\n\t\t\t\t\t\t\t\t<strong>Georg Blenk<\/strong>, 08247 \/ 3007-45 |  <a href=\"mailto:georg.blenk@krafthand-medien.de\">georg.blenk@krafthand-medien.de<\/a>\r\n\t\t\t\t\t\t\t<div class=\"khm-cp-author__image\">\r\n\t\t\t\t\t\t<img src=\"https:\/\/static.krafthand-truck.de\/uploads\/2021\/01\/Blenk_6104-250x300-1-removebg-preview.png\" class=\"img-responsive\">\r\n\t\t\t\t\t<\/div>\r\n\t\t\t\t\t\t<\/div>\r\n\t\t\t\t\t<\/div>\r\n\t\t\t\t<\/div>\r\n\t\t\t\t","protected":false},"excerpt":{"rendered":"<p>Jeder kennt die gro\u00dfen OEM in Europa. Die Marke SANY eTrucks ist nicht allen ein Begriff. Wir haben mit Kevin Eichele, Head of Product &#038; Business Development eTrucks Europe, \u00fcber die Markteintrittsstrategie von SANY, die Technik und \u00fcber Pers\u00f6nliches gesprochen. <span class=\"excerpt-more__dots\">&#8230;<\/span> <a class=\"excerpt-more__link\" href=\"https:\/\/www.krafthand.de\/truck\/artikel\/die-sattelzugmaschine-e263-ist-der-naechste-logische-schritt-45334\/\" >weiter<\/a><\/p>\n","protected":false},"author":9,"featured_media":45338,"comment_status":"closed","ping_status":"closed","sticky":false,"template":"","format":"standard","meta":{"footnotes":""},"categories":[4224,4238,4915,4235],"tags":[4177,6405,6404,6403,6402],"settings":[3524,4766,3523],"class_list":["post-45334","post","type-post","status-publish","format-standard","has-post-thumbnail","hentry","category-e-antrieb","category-koepfe","category-neue-fahrzeuge","category-unternehmen","tag-e-lkw","tag-e263","tag-kevin-eisele","tag-sany","tag-sany-trucks"],"yoast_head":"<!-- This site is optimized with the Yoast SEO plugin v27.3 - https:\/\/yoast.com\/product\/yoast-seo-wordpress\/ -->\n<title>Im Gespr\u00e4ch mit Kevin Eichele I SANY-Trucks I Krafthand-Truck<\/title>\n<meta name=\"description\" content=\"Hintergrund: Im Gespr\u00e4ch mit Kevin Eichele, Head of Product &amp; Business Development eTrucks Europe bei SANY Trucks.\" \/>\n<meta name=\"robots\" content=\"index, follow, max-snippet:-1, max-image-preview:large, max-video-preview:-1\" \/>\n<link rel=\"canonical\" href=\"https:\/\/www.krafthand.de\/truck\/artikel\/die-sattelzugmaschine-e263-ist-der-naechste-logische-schritt-45334\/\" \/>\n<meta property=\"og:locale\" content=\"de_DE\" \/>\n<meta property=\"og:type\" content=\"article\" \/>\n<meta property=\"og:title\" content=\"Im Gespr\u00e4ch mit Kevin Eichele I SANY-Trucks I Krafthand-Truck\" \/>\n<meta property=\"og:description\" content=\"Hintergrund: Im Gespr\u00e4ch mit Kevin Eichele, Head of Product &amp; Business Development eTrucks Europe bei SANY Trucks.\" \/>\n<meta property=\"og:url\" content=\"https:\/\/www.krafthand-truck.de\/artikel\/die-sattelzugmaschine-e263-ist-der-naechste-logische-schritt-45334\/\" \/>\n<meta property=\"og:site_name\" content=\"Krafthand-Truck\" \/>\n<meta property=\"article:published_time\" content=\"2026-02-06T11:47:19+00:00\" \/>\n<meta property=\"article:modified_time\" content=\"2026-02-06T11:52:48+00:00\" \/>\n<meta property=\"og:image\" content=\"https:\/\/static.krafthand-truck.de\/uploads\/2026\/02\/Sany_Trucks_e263_E_Truck_Zugmaschine.jpg\" \/>\n\t<meta property=\"og:image:width\" content=\"1200\" \/>\n\t<meta property=\"og:image:height\" content=\"657\" \/>\n\t<meta property=\"og:image:type\" content=\"image\/jpeg\" \/>\n<meta name=\"author\" content=\"georg.blenk@krafthand-medien.de\" \/>\n<meta name=\"twitter:card\" content=\"summary_large_image\" \/>\n<meta name=\"twitter:label1\" content=\"Verfasst von\" \/>\n\t<meta name=\"twitter:data1\" content=\"georg.blenk@krafthand-medien.de\" \/>\n\t<meta name=\"twitter:label2\" content=\"Gesch\u00e4tzte Lesezeit\" \/>\n\t<meta name=\"twitter:data2\" content=\"8\u00a0Minuten\" \/>\n<script type=\"application\/ld+json\" class=\"yoast-schema-graph\">{\"@context\":\"https:\\\/\\\/schema.org\",\"@graph\":[{\"@type\":\"Article\",\"@id\":\"https:\\\/\\\/www.krafthand.de\\\/truck\\\/artikel\\\/die-sattelzugmaschine-e263-ist-der-naechste-logische-schritt-45334\\\/#article\",\"isPartOf\":{\"@id\":\"https:\\\/\\\/www.krafthand.de\\\/truck\\\/artikel\\\/die-sattelzugmaschine-e263-ist-der-naechste-logische-schritt-45334\\\/\"},\"author\":{\"name\":\"georg.blenk@krafthand-medien.de\",\"@id\":\"https:\\\/\\\/www.krafthand.de\\\/truck\\\/#\\\/schema\\\/person\\\/51fa80b1c57034c4bf63f9f988fc24ce\"},\"headline\":\"\u201eDie Sattelzugmaschine e263 ist der n\u00e4chste logische Schritt.\u201c\",\"datePublished\":\"2026-02-06T11:47:19+00:00\",\"dateModified\":\"2026-02-06T11:52:48+00:00\",\"mainEntityOfPage\":{\"@id\":\"https:\\\/\\\/www.krafthand.de\\\/truck\\\/artikel\\\/die-sattelzugmaschine-e263-ist-der-naechste-logische-schritt-45334\\\/\"},\"wordCount\":1334,\"image\":{\"@id\":\"https:\\\/\\\/www.krafthand.de\\\/truck\\\/artikel\\\/die-sattelzugmaschine-e263-ist-der-naechste-logische-schritt-45334\\\/#primaryimage\"},\"thumbnailUrl\":\"https:\\\/\\\/static.krafthand-truck.de\\\/uploads\\\/2026\\\/02\\\/Sany_Trucks_e263_E_Truck_Zugmaschine.jpg\",\"keywords\":[\"E-Lkw\",\"e263\",\"Kevin Eisele\",\"Sany\",\"Sany-Trucks\"],\"articleSection\":[\"E-Antrieb (BEV\\\/FCEV)\",\"K\u00f6pfe\\\/Personen\",\"Neue Fahrzeuge\",\"Unternehmen\"],\"inLanguage\":\"de\"},{\"@type\":\"WebPage\",\"@id\":\"https:\\\/\\\/www.krafthand.de\\\/truck\\\/artikel\\\/die-sattelzugmaschine-e263-ist-der-naechste-logische-schritt-45334\\\/\",\"url\":\"https:\\\/\\\/www.krafthand.de\\\/truck\\\/artikel\\\/die-sattelzugmaschine-e263-ist-der-naechste-logische-schritt-45334\\\/\",\"name\":\"Im Gespr\u00e4ch mit Kevin Eichele I SANY-Trucks I Krafthand-Truck\",\"isPartOf\":{\"@id\":\"https:\\\/\\\/www.krafthand.de\\\/truck\\\/#website\"},\"primaryImageOfPage\":{\"@id\":\"https:\\\/\\\/www.krafthand.de\\\/truck\\\/artikel\\\/die-sattelzugmaschine-e263-ist-der-naechste-logische-schritt-45334\\\/#primaryimage\"},\"image\":{\"@id\":\"https:\\\/\\\/www.krafthand.de\\\/truck\\\/artikel\\\/die-sattelzugmaschine-e263-ist-der-naechste-logische-schritt-45334\\\/#primaryimage\"},\"thumbnailUrl\":\"https:\\\/\\\/static.krafthand-truck.de\\\/uploads\\\/2026\\\/02\\\/Sany_Trucks_e263_E_Truck_Zugmaschine.jpg\",\"datePublished\":\"2026-02-06T11:47:19+00:00\",\"dateModified\":\"2026-02-06T11:52:48+00:00\",\"author\":{\"@id\":\"https:\\\/\\\/www.krafthand.de\\\/truck\\\/#\\\/schema\\\/person\\\/51fa80b1c57034c4bf63f9f988fc24ce\"},\"description\":\"Hintergrund: Im Gespr\u00e4ch mit Kevin Eichele, Head of Product & Business Development eTrucks Europe bei SANY Trucks.\",\"breadcrumb\":{\"@id\":\"https:\\\/\\\/www.krafthand.de\\\/truck\\\/artikel\\\/die-sattelzugmaschine-e263-ist-der-naechste-logische-schritt-45334\\\/#breadcrumb\"},\"inLanguage\":\"de\",\"potentialAction\":[{\"@type\":\"ReadAction\",\"target\":[\"https:\\\/\\\/www.krafthand.de\\\/truck\\\/artikel\\\/die-sattelzugmaschine-e263-ist-der-naechste-logische-schritt-45334\\\/\"]}]},{\"@type\":\"ImageObject\",\"inLanguage\":\"de\",\"@id\":\"https:\\\/\\\/www.krafthand.de\\\/truck\\\/artikel\\\/die-sattelzugmaschine-e263-ist-der-naechste-logische-schritt-45334\\\/#primaryimage\",\"url\":\"https:\\\/\\\/static.krafthand-truck.de\\\/uploads\\\/2026\\\/02\\\/Sany_Trucks_e263_E_Truck_Zugmaschine.jpg\",\"contentUrl\":\"https:\\\/\\\/static.krafthand-truck.de\\\/uploads\\\/2026\\\/02\\\/Sany_Trucks_e263_E_Truck_Zugmaschine.jpg\",\"width\":1200,\"height\":657},{\"@type\":\"BreadcrumbList\",\"@id\":\"https:\\\/\\\/www.krafthand.de\\\/truck\\\/artikel\\\/die-sattelzugmaschine-e263-ist-der-naechste-logische-schritt-45334\\\/#breadcrumb\",\"itemListElement\":[{\"@type\":\"ListItem\",\"position\":1,\"name\":\"Krafthand-Truck\",\"item\":\"https:\\\/\\\/www.krafthand.de\\\/truck\\\/\"},{\"@type\":\"ListItem\",\"position\":2,\"name\":\"IT+Fuhrpark\",\"item\":\"https:\\\/\\\/www.krafthand.de\\\/truck\\\/kategorie\\\/fuhrpark\\\/\"},{\"@type\":\"ListItem\",\"position\":3,\"name\":\"Neue Fahrzeuge\",\"item\":\"https:\\\/\\\/www.krafthand.de\\\/truck\\\/kategorie\\\/fuhrpark\\\/neue-fahrzeuge\\\/\"},{\"@type\":\"ListItem\",\"position\":4,\"name\":\"\u201eDie Sattelzugmaschine e263 ist der n\u00e4chste logische Schritt.\u201c\"}]},{\"@type\":\"WebSite\",\"@id\":\"https:\\\/\\\/www.krafthand.de\\\/truck\\\/#website\",\"url\":\"https:\\\/\\\/www.krafthand.de\\\/truck\\\/\",\"name\":\"Krafthand-Truck\",\"description\":\"\",\"potentialAction\":[{\"@type\":\"SearchAction\",\"target\":{\"@type\":\"EntryPoint\",\"urlTemplate\":\"https:\\\/\\\/www.krafthand.de\\\/truck\\\/?s={search_term_string}\"},\"query-input\":{\"@type\":\"PropertyValueSpecification\",\"valueRequired\":true,\"valueName\":\"search_term_string\"}}],\"inLanguage\":\"de\"},{\"@type\":\"Person\",\"@id\":\"https:\\\/\\\/www.krafthand.de\\\/truck\\\/#\\\/schema\\\/person\\\/51fa80b1c57034c4bf63f9f988fc24ce\",\"name\":\"georg.blenk@krafthand-medien.de\",\"image\":{\"@type\":\"ImageObject\",\"inLanguage\":\"de\",\"@id\":\"https:\\\/\\\/secure.gravatar.com\\\/avatar\\\/93713c30affe0aa95d3a4130e499bb1abee2eb31adbdd9ce2aa1543538490215?s=96&d=mm&r=g\",\"url\":\"https:\\\/\\\/secure.gravatar.com\\\/avatar\\\/93713c30affe0aa95d3a4130e499bb1abee2eb31adbdd9ce2aa1543538490215?s=96&d=mm&r=g\",\"contentUrl\":\"https:\\\/\\\/secure.gravatar.com\\\/avatar\\\/93713c30affe0aa95d3a4130e499bb1abee2eb31adbdd9ce2aa1543538490215?s=96&d=mm&r=g\",\"caption\":\"georg.blenk@krafthand-medien.de\"}}]}<\/script>\n<!-- \/ Yoast SEO plugin. -->","yoast_head_json":{"title":"Im Gespr\u00e4ch mit Kevin Eichele I SANY-Trucks I Krafthand-Truck","description":"Hintergrund: Im Gespr\u00e4ch mit Kevin Eichele, Head of Product & Business Development eTrucks Europe bei SANY Trucks.","robots":{"index":"index","follow":"follow","max-snippet":"max-snippet:-1","max-image-preview":"max-image-preview:large","max-video-preview":"max-video-preview:-1"},"canonical":"https:\/\/www.krafthand.de\/truck\/artikel\/die-sattelzugmaschine-e263-ist-der-naechste-logische-schritt-45334\/","og_locale":"de_DE","og_type":"article","og_title":"Im Gespr\u00e4ch mit Kevin Eichele I SANY-Trucks I Krafthand-Truck","og_description":"Hintergrund: Im Gespr\u00e4ch mit Kevin Eichele, Head of Product & Business Development eTrucks Europe bei SANY Trucks.","og_url":"https:\/\/www.krafthand-truck.de\/artikel\/die-sattelzugmaschine-e263-ist-der-naechste-logische-schritt-45334\/","og_site_name":"Krafthand-Truck","article_published_time":"2026-02-06T11:47:19+00:00","article_modified_time":"2026-02-06T11:52:48+00:00","og_image":[{"width":1200,"height":657,"url":"https:\/\/static.krafthand-truck.de\/uploads\/2026\/02\/Sany_Trucks_e263_E_Truck_Zugmaschine.jpg","type":"image\/jpeg"}],"author":"georg.blenk@krafthand-medien.de","twitter_card":"summary_large_image","twitter_misc":{"Verfasst von":"georg.blenk@krafthand-medien.de","Gesch\u00e4tzte Lesezeit":"8\u00a0Minuten"},"schema":{"@context":"https:\/\/schema.org","@graph":[{"@type":"Article","@id":"https:\/\/www.krafthand.de\/truck\/artikel\/die-sattelzugmaschine-e263-ist-der-naechste-logische-schritt-45334\/#article","isPartOf":{"@id":"https:\/\/www.krafthand.de\/truck\/artikel\/die-sattelzugmaschine-e263-ist-der-naechste-logische-schritt-45334\/"},"author":{"name":"georg.blenk@krafthand-medien.de","@id":"https:\/\/www.krafthand.de\/truck\/#\/schema\/person\/51fa80b1c57034c4bf63f9f988fc24ce"},"headline":"\u201eDie Sattelzugmaschine e263 ist der n\u00e4chste logische Schritt.\u201c","datePublished":"2026-02-06T11:47:19+00:00","dateModified":"2026-02-06T11:52:48+00:00","mainEntityOfPage":{"@id":"https:\/\/www.krafthand.de\/truck\/artikel\/die-sattelzugmaschine-e263-ist-der-naechste-logische-schritt-45334\/"},"wordCount":1334,"image":{"@id":"https:\/\/www.krafthand.de\/truck\/artikel\/die-sattelzugmaschine-e263-ist-der-naechste-logische-schritt-45334\/#primaryimage"},"thumbnailUrl":"https:\/\/static.krafthand-truck.de\/uploads\/2026\/02\/Sany_Trucks_e263_E_Truck_Zugmaschine.jpg","keywords":["E-Lkw","e263","Kevin Eisele","Sany","Sany-Trucks"],"articleSection":["E-Antrieb (BEV\/FCEV)","K\u00f6pfe\/Personen","Neue Fahrzeuge","Unternehmen"],"inLanguage":"de"},{"@type":"WebPage","@id":"https:\/\/www.krafthand.de\/truck\/artikel\/die-sattelzugmaschine-e263-ist-der-naechste-logische-schritt-45334\/","url":"https:\/\/www.krafthand.de\/truck\/artikel\/die-sattelzugmaschine-e263-ist-der-naechste-logische-schritt-45334\/","name":"Im Gespr\u00e4ch mit Kevin Eichele I SANY-Trucks I Krafthand-Truck","isPartOf":{"@id":"https:\/\/www.krafthand.de\/truck\/#website"},"primaryImageOfPage":{"@id":"https:\/\/www.krafthand.de\/truck\/artikel\/die-sattelzugmaschine-e263-ist-der-naechste-logische-schritt-45334\/#primaryimage"},"image":{"@id":"https:\/\/www.krafthand.de\/truck\/artikel\/die-sattelzugmaschine-e263-ist-der-naechste-logische-schritt-45334\/#primaryimage"},"thumbnailUrl":"https:\/\/static.krafthand-truck.de\/uploads\/2026\/02\/Sany_Trucks_e263_E_Truck_Zugmaschine.jpg","datePublished":"2026-02-06T11:47:19+00:00","dateModified":"2026-02-06T11:52:48+00:00","author":{"@id":"https:\/\/www.krafthand.de\/truck\/#\/schema\/person\/51fa80b1c57034c4bf63f9f988fc24ce"},"description":"Hintergrund: Im Gespr\u00e4ch mit Kevin Eichele, Head of Product & Business Development eTrucks Europe bei SANY Trucks.","breadcrumb":{"@id":"https:\/\/www.krafthand.de\/truck\/artikel\/die-sattelzugmaschine-e263-ist-der-naechste-logische-schritt-45334\/#breadcrumb"},"inLanguage":"de","potentialAction":[{"@type":"ReadAction","target":["https:\/\/www.krafthand.de\/truck\/artikel\/die-sattelzugmaschine-e263-ist-der-naechste-logische-schritt-45334\/"]}]},{"@type":"ImageObject","inLanguage":"de","@id":"https:\/\/www.krafthand.de\/truck\/artikel\/die-sattelzugmaschine-e263-ist-der-naechste-logische-schritt-45334\/#primaryimage","url":"https:\/\/static.krafthand-truck.de\/uploads\/2026\/02\/Sany_Trucks_e263_E_Truck_Zugmaschine.jpg","contentUrl":"https:\/\/static.krafthand-truck.de\/uploads\/2026\/02\/Sany_Trucks_e263_E_Truck_Zugmaschine.jpg","width":1200,"height":657},{"@type":"BreadcrumbList","@id":"https:\/\/www.krafthand.de\/truck\/artikel\/die-sattelzugmaschine-e263-ist-der-naechste-logische-schritt-45334\/#breadcrumb","itemListElement":[{"@type":"ListItem","position":1,"name":"Krafthand-Truck","item":"https:\/\/www.krafthand.de\/truck\/"},{"@type":"ListItem","position":2,"name":"IT+Fuhrpark","item":"https:\/\/www.krafthand.de\/truck\/kategorie\/fuhrpark\/"},{"@type":"ListItem","position":3,"name":"Neue Fahrzeuge","item":"https:\/\/www.krafthand.de\/truck\/kategorie\/fuhrpark\/neue-fahrzeuge\/"},{"@type":"ListItem","position":4,"name":"\u201eDie Sattelzugmaschine e263 ist der n\u00e4chste logische Schritt.\u201c"}]},{"@type":"WebSite","@id":"https:\/\/www.krafthand.de\/truck\/#website","url":"https:\/\/www.krafthand.de\/truck\/","name":"Krafthand-Truck","description":"","potentialAction":[{"@type":"SearchAction","target":{"@type":"EntryPoint","urlTemplate":"https:\/\/www.krafthand.de\/truck\/?s={search_term_string}"},"query-input":{"@type":"PropertyValueSpecification","valueRequired":true,"valueName":"search_term_string"}}],"inLanguage":"de"},{"@type":"Person","@id":"https:\/\/www.krafthand.de\/truck\/#\/schema\/person\/51fa80b1c57034c4bf63f9f988fc24ce","name":"georg.blenk@krafthand-medien.de","image":{"@type":"ImageObject","inLanguage":"de","@id":"https:\/\/secure.gravatar.com\/avatar\/93713c30affe0aa95d3a4130e499bb1abee2eb31adbdd9ce2aa1543538490215?s=96&d=mm&r=g","url":"https:\/\/secure.gravatar.com\/avatar\/93713c30affe0aa95d3a4130e499bb1abee2eb31adbdd9ce2aa1543538490215?s=96&d=mm&r=g","contentUrl":"https:\/\/secure.gravatar.com\/avatar\/93713c30affe0aa95d3a4130e499bb1abee2eb31adbdd9ce2aa1543538490215?s=96&d=mm&r=g","caption":"georg.blenk@krafthand-medien.de"}}]}},"_links":{"self":[{"href":"https:\/\/www.krafthand.de\/truck\/wp-json\/wp\/v2\/posts\/45334","targetHints":{"allow":["GET"]}}],"collection":[{"href":"https:\/\/www.krafthand.de\/truck\/wp-json\/wp\/v2\/posts"}],"about":[{"href":"https:\/\/www.krafthand.de\/truck\/wp-json\/wp\/v2\/types\/post"}],"author":[{"embeddable":true,"href":"https:\/\/www.krafthand.de\/truck\/wp-json\/wp\/v2\/users\/9"}],"replies":[{"embeddable":true,"href":"https:\/\/www.krafthand.de\/truck\/wp-json\/wp\/v2\/comments?post=45334"}],"version-history":[{"count":16,"href":"https:\/\/www.krafthand.de\/truck\/wp-json\/wp\/v2\/posts\/45334\/revisions"}],"predecessor-version":[{"id":45356,"href":"https:\/\/www.krafthand.de\/truck\/wp-json\/wp\/v2\/posts\/45334\/revisions\/45356"}],"wp:featuredmedia":[{"embeddable":true,"href":"https:\/\/www.krafthand.de\/truck\/wp-json\/wp\/v2\/media\/45338"}],"wp:attachment":[{"href":"https:\/\/www.krafthand.de\/truck\/wp-json\/wp\/v2\/media?parent=45334"}],"wp:term":[{"taxonomy":"category","embeddable":true,"href":"https:\/\/www.krafthand.de\/truck\/wp-json\/wp\/v2\/categories?post=45334"},{"taxonomy":"post_tag","embeddable":true,"href":"https:\/\/www.krafthand.de\/truck\/wp-json\/wp\/v2\/tags?post=45334"},{"taxonomy":"settings","embeddable":true,"href":"https:\/\/www.krafthand.de\/truck\/wp-json\/wp\/v2\/settings?post=45334"}],"curies":[{"name":"wp","href":"https:\/\/api.w.org\/{rel}","templated":true}]}}