{"id":45193,"date":"2026-01-27T18:49:07","date_gmt":"2026-01-27T17:49:07","guid":{"rendered":"https:\/\/www.krafthand.de\/truck\/?p=45193"},"modified":"2026-01-27T19:03:38","modified_gmt":"2026-01-27T18:03:38","slug":"iaa-transportation-erste-hallen-bereits-ueberbucht","status":"publish","type":"post","link":"https:\/\/www.krafthand.de\/truck\/artikel\/iaa-transportation-erste-hallen-bereits-ueberbucht-45193\/","title":{"rendered":"IAA Transportation: Erste Hallen bereits \u00fcberbucht"},"content":{"rendered":"<p>Vom 15. bis 20. September 2026 findet die <a href=\"https:\/\/www.iaa-transportation.com\/de\" target=\"_blank\" rel=\"noopener\">IAA Transportation<\/a> in Hannover statt &#8211; gleichsam die Leitmesse f\u00fcr den Nutzfahrzeugbranche. Laut Veranstalter VDA (Verband der Automobilindustrie) zeigt ein erster Blick auf die bisher angemeldeten Unternehmen einen erneuten Ausstellerzuwachs.<\/p>\n<blockquote><p>\u201eDie erneut gro\u00dfe Resonanz f\u00fchrender Unternehmen aus aller Welt zeigt, wie engagiert unsere Branche daran arbeitet, die nachhaltige Zukunft der Nutzfahrzeug- &amp; Transportbranche zu gestalten\u201c, so J\u00fcrgen Mindel, Gesch\u00e4ftsf\u00fchrer des VDA.<\/p><\/blockquote>\n<h4>Aktueller Stand: IAA Transportation 2026 verzeichnet Ausstellerzuwachs<\/h4>\n<p>Wie schon bei der Ausgabe 2024 zeichnet sich laut VDA im Vorfeld ein Ausstellerzuwachs ab. Aktuell liegt die Anmeldezahl rund 11 Prozent \u00fcber dem Vergleichswert vom Januar 2024. Bereits jetzt sind die ersten Hallen auf dem Messegel\u00e4nde \u00fcberbucht. Ebenso erfreulich: Die Zahl internationaler Aussteller bleibe auf dem Rekordniveau der letzten IAA Transportation (aktuell 70 Prozent). Stark vertreten werden in diesem Jahr Unternehmen aus China, der T\u00fcrkei und Italien sein. Besonders positiv hebt der VDA die Zahl der Newcomer hervor: 23 Prozent der Aussteller werden zum ersten Mal an der IAA Transportation teilnehmen und ihre Innovationen in Hannover zur Schau stellen.<\/p>\n<h4>R\u00fcckkehr von Renault Trucks und Mercedes-Benz Vans<\/h4>\n<p>Neben Newcomern wie dem E-Transporter-Hersteller FLEXIS, dem Entwicklungsdienstleister IAV, den Zulieferern Igus und Stoneridge oder dem Ladeinfrastrukturanbieter Zerova kehren bekannte Gr\u00f6\u00dfen der Branche wie Renault Trucks zur\u00fcck, um ihre Premieren vorzustellen. Dazu z\u00e4hlt auch Mercedes-Benz Vans, die ihre Teilnahme mit einer passenden Pr\u00e4senz zugesagt haben. Daneben werden aus der Lkw-Branche Hersteller wie BYD, DAF Trucks, Daimler Truck, Dongfeng, Ford, Ford Trucks, KIA, MAN Truck &amp; Bus, MAXUS, Scania, VW Nutzfahrzeuge und Volvo Trucks ihre Produkte zeigen.<\/p>\n<h4>Zulieferer und Aufbautenhersteller<\/h4>\n<p>Die bisher mit Abstand am st\u00e4rksten vertretene Ausstellergruppe sind laut VDA die Zulieferer. Hier zeigen unter anderem AUMOVIO, Robert Bosch, BPW Bergische Achsen, Daikin, Horse Power Train, MAHLE, Rupf Automotive, WISTRA und die ZF Group ihre neuesten Entwicklungen und Produkte. Direkt gefolgt von den Aufbautenherstellern: Mit dabei sind unter anderen Fliegl Fahrzeugbau, JOST-Werke Deutschland, Junge Fahrzeugbau, K\u00e4ssbohrer, K\u00f6gel Trailer, Krone Trailer, Meiller Kipper, Meusburger Fahrzeugbau, Spier und Schmitz Cargobull.<\/p>\n<h4>IAA Transportation und Automechanika<\/h4>\n<p>Das vorl\u00e4ufige Ausstellerverzeichnis der <strong>IAA Transportation<\/strong> wird voraussichtlich im Juni 2026 ver\u00f6ffentlicht.\u202fDer Ticketverkauf f\u00fcr Besucherinnen und Besucher startet ab April.\u00a0Im September geht es Schlag auf Schlag: Eine Woche vor der IAA Transportation finden sich auf der <a href=\"https:\/\/automechanika.messefrankfurt.com\/frankfurt\/de.html\" target=\"_blank\" rel=\"noopener\">Automechanika<\/a> in Frankfurt (8.-12.9.2026) alle Aftermarket- und Service-Spezialisten ein. Krafthand-Truck berichtet von beiden Messen.<\/p>\n","protected":false},"excerpt":{"rendered":"<p>Vom 15. bis 20. September 2026 findet die IAA Transportation in Hannover statt &#8211; gleichsam die Leitmesse f\u00fcr den Nutzfahrzeugbranche. Laut Veranstalter VDA zeigt ein erster Blick auf die bisher angemeldeten Unternehmen einen erneuten Ausstellerzuwachs. <span class=\"excerpt-more__dots\">&#8230;<\/span> <a class=\"excerpt-more__link\" href=\"https:\/\/www.krafthand.de\/truck\/artikel\/iaa-transportation-erste-hallen-bereits-ueberbucht-45193\/\" >weiter<\/a><\/p>\n","protected":false},"author":9,"featured_media":45204,"comment_status":"closed","ping_status":"closed","sticky":false,"template":"","format":"standard","meta":{"footnotes":""},"categories":[4236],"tags":[5238],"settings":[3524,4766,3523],"class_list":["post-45193","post","type-post","status-publish","format-standard","has-post-thumbnail","hentry","category-veranstaltungen","tag-iaa-transportation"],"yoast_head":"<!-- This site is optimized with the Yoast SEO plugin v27.3 - https:\/\/yoast.com\/product\/yoast-seo-wordpress\/ -->\n<title>IAA Transportation 2026 I Krafthand-Truck<\/title>\n<meta name=\"description\" content=\"Vom 15. bis 20. September 2026 findet die IAA Transportation in Hannover statt - gleichsam die Leitmesse f\u00fcr den Nutzfahrzeugbranche.\" \/>\n<meta name=\"robots\" content=\"index, follow, max-snippet:-1, max-image-preview:large, max-video-preview:-1\" \/>\n<link rel=\"canonical\" href=\"https:\/\/www.krafthand.de\/truck\/artikel\/iaa-transportation-erste-hallen-bereits-ueberbucht-45193\/\" \/>\n<meta property=\"og:locale\" content=\"de_DE\" \/>\n<meta property=\"og:type\" content=\"article\" \/>\n<meta property=\"og:title\" content=\"IAA Transportation 2026 I Krafthand-Truck\" \/>\n<meta property=\"og:description\" content=\"Vom 15. bis 20. September 2026 findet die IAA Transportation in Hannover statt - gleichsam die Leitmesse f\u00fcr den Nutzfahrzeugbranche.\" \/>\n<meta property=\"og:url\" content=\"https:\/\/www.krafthand-truck.de\/artikel\/iaa-transportation-erste-hallen-bereits-ueberbucht-45193\/\" \/>\n<meta property=\"og:site_name\" content=\"Krafthand-Truck\" \/>\n<meta property=\"article:published_time\" content=\"2026-01-27T17:49:07+00:00\" \/>\n<meta property=\"article:modified_time\" content=\"2026-01-27T18:03:38+00:00\" \/>\n<meta property=\"og:image\" content=\"https:\/\/static.krafthand-truck.de\/uploads\/2026\/01\/IAA_Transportation_2024_2026.jpg\" \/>\n\t<meta property=\"og:image:width\" content=\"1200\" \/>\n\t<meta property=\"og:image:height\" content=\"569\" \/>\n\t<meta property=\"og:image:type\" content=\"image\/jpeg\" \/>\n<meta name=\"author\" content=\"georg.blenk@krafthand-medien.de\" \/>\n<meta name=\"twitter:card\" content=\"summary_large_image\" \/>\n<meta name=\"twitter:label1\" content=\"Verfasst von\" \/>\n\t<meta name=\"twitter:data1\" content=\"georg.blenk@krafthand-medien.de\" \/>\n\t<meta name=\"twitter:label2\" content=\"Gesch\u00e4tzte Lesezeit\" \/>\n\t<meta name=\"twitter:data2\" content=\"3\u00a0Minuten\" \/>\n<script type=\"application\/ld+json\" class=\"yoast-schema-graph\">{\"@context\":\"https:\\\/\\\/schema.org\",\"@graph\":[{\"@type\":\"Article\",\"@id\":\"https:\\\/\\\/www.krafthand.de\\\/truck\\\/artikel\\\/iaa-transportation-erste-hallen-bereits-ueberbucht-45193\\\/#article\",\"isPartOf\":{\"@id\":\"https:\\\/\\\/www.krafthand.de\\\/truck\\\/artikel\\\/iaa-transportation-erste-hallen-bereits-ueberbucht-45193\\\/\"},\"author\":{\"name\":\"georg.blenk@krafthand-medien.de\",\"@id\":\"https:\\\/\\\/www.krafthand.de\\\/truck\\\/#\\\/schema\\\/person\\\/51fa80b1c57034c4bf63f9f988fc24ce\"},\"headline\":\"IAA Transportation: Erste Hallen bereits \u00fcberbucht\",\"datePublished\":\"2026-01-27T17:49:07+00:00\",\"dateModified\":\"2026-01-27T18:03:38+00:00\",\"mainEntityOfPage\":{\"@id\":\"https:\\\/\\\/www.krafthand.de\\\/truck\\\/artikel\\\/iaa-transportation-erste-hallen-bereits-ueberbucht-45193\\\/\"},\"wordCount\":402,\"image\":{\"@id\":\"https:\\\/\\\/www.krafthand.de\\\/truck\\\/artikel\\\/iaa-transportation-erste-hallen-bereits-ueberbucht-45193\\\/#primaryimage\"},\"thumbnailUrl\":\"https:\\\/\\\/static.krafthand-truck.de\\\/uploads\\\/2026\\\/01\\\/IAA_Transportation_2024_2026.jpg\",\"keywords\":[\"IAA Transportation\"],\"articleSection\":[\"Veranstaltungen\\\/Messen\"],\"inLanguage\":\"de\"},{\"@type\":\"WebPage\",\"@id\":\"https:\\\/\\\/www.krafthand.de\\\/truck\\\/artikel\\\/iaa-transportation-erste-hallen-bereits-ueberbucht-45193\\\/\",\"url\":\"https:\\\/\\\/www.krafthand.de\\\/truck\\\/artikel\\\/iaa-transportation-erste-hallen-bereits-ueberbucht-45193\\\/\",\"name\":\"IAA Transportation 2026 I Krafthand-Truck\",\"isPartOf\":{\"@id\":\"https:\\\/\\\/www.krafthand.de\\\/truck\\\/#website\"},\"primaryImageOfPage\":{\"@id\":\"https:\\\/\\\/www.krafthand.de\\\/truck\\\/artikel\\\/iaa-transportation-erste-hallen-bereits-ueberbucht-45193\\\/#primaryimage\"},\"image\":{\"@id\":\"https:\\\/\\\/www.krafthand.de\\\/truck\\\/artikel\\\/iaa-transportation-erste-hallen-bereits-ueberbucht-45193\\\/#primaryimage\"},\"thumbnailUrl\":\"https:\\\/\\\/static.krafthand-truck.de\\\/uploads\\\/2026\\\/01\\\/IAA_Transportation_2024_2026.jpg\",\"datePublished\":\"2026-01-27T17:49:07+00:00\",\"dateModified\":\"2026-01-27T18:03:38+00:00\",\"author\":{\"@id\":\"https:\\\/\\\/www.krafthand.de\\\/truck\\\/#\\\/schema\\\/person\\\/51fa80b1c57034c4bf63f9f988fc24ce\"},\"description\":\"Vom 15. bis 20. September 2026 findet die IAA Transportation in Hannover statt - gleichsam die Leitmesse f\u00fcr den Nutzfahrzeugbranche.\",\"breadcrumb\":{\"@id\":\"https:\\\/\\\/www.krafthand.de\\\/truck\\\/artikel\\\/iaa-transportation-erste-hallen-bereits-ueberbucht-45193\\\/#breadcrumb\"},\"inLanguage\":\"de\",\"potentialAction\":[{\"@type\":\"ReadAction\",\"target\":[\"https:\\\/\\\/www.krafthand.de\\\/truck\\\/artikel\\\/iaa-transportation-erste-hallen-bereits-ueberbucht-45193\\\/\"]}]},{\"@type\":\"ImageObject\",\"inLanguage\":\"de\",\"@id\":\"https:\\\/\\\/www.krafthand.de\\\/truck\\\/artikel\\\/iaa-transportation-erste-hallen-bereits-ueberbucht-45193\\\/#primaryimage\",\"url\":\"https:\\\/\\\/static.krafthand-truck.de\\\/uploads\\\/2026\\\/01\\\/IAA_Transportation_2024_2026.jpg\",\"contentUrl\":\"https:\\\/\\\/static.krafthand-truck.de\\\/uploads\\\/2026\\\/01\\\/IAA_Transportation_2024_2026.jpg\",\"width\":1200,\"height\":569},{\"@type\":\"BreadcrumbList\",\"@id\":\"https:\\\/\\\/www.krafthand.de\\\/truck\\\/artikel\\\/iaa-transportation-erste-hallen-bereits-ueberbucht-45193\\\/#breadcrumb\",\"itemListElement\":[{\"@type\":\"ListItem\",\"position\":1,\"name\":\"Krafthand-Truck\",\"item\":\"https:\\\/\\\/www.krafthand.de\\\/truck\\\/\"},{\"@type\":\"ListItem\",\"position\":2,\"name\":\"Nfz-Branche\",\"item\":\"https:\\\/\\\/www.krafthand.de\\\/truck\\\/kategorie\\\/branche\\\/\"},{\"@type\":\"ListItem\",\"position\":3,\"name\":\"Veranstaltungen\\\/Messen\",\"item\":\"https:\\\/\\\/www.krafthand.de\\\/truck\\\/kategorie\\\/branche\\\/veranstaltungen\\\/\"},{\"@type\":\"ListItem\",\"position\":4,\"name\":\"IAA Transportation: Erste Hallen bereits \u00fcberbucht\"}]},{\"@type\":\"WebSite\",\"@id\":\"https:\\\/\\\/www.krafthand.de\\\/truck\\\/#website\",\"url\":\"https:\\\/\\\/www.krafthand.de\\\/truck\\\/\",\"name\":\"Krafthand-Truck\",\"description\":\"\",\"potentialAction\":[{\"@type\":\"SearchAction\",\"target\":{\"@type\":\"EntryPoint\",\"urlTemplate\":\"https:\\\/\\\/www.krafthand.de\\\/truck\\\/?s={search_term_string}\"},\"query-input\":{\"@type\":\"PropertyValueSpecification\",\"valueRequired\":true,\"valueName\":\"search_term_string\"}}],\"inLanguage\":\"de\"},{\"@type\":\"Person\",\"@id\":\"https:\\\/\\\/www.krafthand.de\\\/truck\\\/#\\\/schema\\\/person\\\/51fa80b1c57034c4bf63f9f988fc24ce\",\"name\":\"georg.blenk@krafthand-medien.de\",\"image\":{\"@type\":\"ImageObject\",\"inLanguage\":\"de\",\"@id\":\"https:\\\/\\\/secure.gravatar.com\\\/avatar\\\/93713c30affe0aa95d3a4130e499bb1abee2eb31adbdd9ce2aa1543538490215?s=96&d=mm&r=g\",\"url\":\"https:\\\/\\\/secure.gravatar.com\\\/avatar\\\/93713c30affe0aa95d3a4130e499bb1abee2eb31adbdd9ce2aa1543538490215?s=96&d=mm&r=g\",\"contentUrl\":\"https:\\\/\\\/secure.gravatar.com\\\/avatar\\\/93713c30affe0aa95d3a4130e499bb1abee2eb31adbdd9ce2aa1543538490215?s=96&d=mm&r=g\",\"caption\":\"georg.blenk@krafthand-medien.de\"}}]}<\/script>\n<!-- \/ Yoast SEO plugin. -->","yoast_head_json":{"title":"IAA Transportation 2026 I Krafthand-Truck","description":"Vom 15. bis 20. September 2026 findet die IAA Transportation in Hannover statt - gleichsam die Leitmesse f\u00fcr den Nutzfahrzeugbranche.","robots":{"index":"index","follow":"follow","max-snippet":"max-snippet:-1","max-image-preview":"max-image-preview:large","max-video-preview":"max-video-preview:-1"},"canonical":"https:\/\/www.krafthand.de\/truck\/artikel\/iaa-transportation-erste-hallen-bereits-ueberbucht-45193\/","og_locale":"de_DE","og_type":"article","og_title":"IAA Transportation 2026 I Krafthand-Truck","og_description":"Vom 15. bis 20. September 2026 findet die IAA Transportation in Hannover statt - gleichsam die Leitmesse f\u00fcr den Nutzfahrzeugbranche.","og_url":"https:\/\/www.krafthand-truck.de\/artikel\/iaa-transportation-erste-hallen-bereits-ueberbucht-45193\/","og_site_name":"Krafthand-Truck","article_published_time":"2026-01-27T17:49:07+00:00","article_modified_time":"2026-01-27T18:03:38+00:00","og_image":[{"width":1200,"height":569,"url":"https:\/\/static.krafthand-truck.de\/uploads\/2026\/01\/IAA_Transportation_2024_2026.jpg","type":"image\/jpeg"}],"author":"georg.blenk@krafthand-medien.de","twitter_card":"summary_large_image","twitter_misc":{"Verfasst von":"georg.blenk@krafthand-medien.de","Gesch\u00e4tzte Lesezeit":"3\u00a0Minuten"},"schema":{"@context":"https:\/\/schema.org","@graph":[{"@type":"Article","@id":"https:\/\/www.krafthand.de\/truck\/artikel\/iaa-transportation-erste-hallen-bereits-ueberbucht-45193\/#article","isPartOf":{"@id":"https:\/\/www.krafthand.de\/truck\/artikel\/iaa-transportation-erste-hallen-bereits-ueberbucht-45193\/"},"author":{"name":"georg.blenk@krafthand-medien.de","@id":"https:\/\/www.krafthand.de\/truck\/#\/schema\/person\/51fa80b1c57034c4bf63f9f988fc24ce"},"headline":"IAA Transportation: Erste Hallen bereits \u00fcberbucht","datePublished":"2026-01-27T17:49:07+00:00","dateModified":"2026-01-27T18:03:38+00:00","mainEntityOfPage":{"@id":"https:\/\/www.krafthand.de\/truck\/artikel\/iaa-transportation-erste-hallen-bereits-ueberbucht-45193\/"},"wordCount":402,"image":{"@id":"https:\/\/www.krafthand.de\/truck\/artikel\/iaa-transportation-erste-hallen-bereits-ueberbucht-45193\/#primaryimage"},"thumbnailUrl":"https:\/\/static.krafthand-truck.de\/uploads\/2026\/01\/IAA_Transportation_2024_2026.jpg","keywords":["IAA Transportation"],"articleSection":["Veranstaltungen\/Messen"],"inLanguage":"de"},{"@type":"WebPage","@id":"https:\/\/www.krafthand.de\/truck\/artikel\/iaa-transportation-erste-hallen-bereits-ueberbucht-45193\/","url":"https:\/\/www.krafthand.de\/truck\/artikel\/iaa-transportation-erste-hallen-bereits-ueberbucht-45193\/","name":"IAA Transportation 2026 I Krafthand-Truck","isPartOf":{"@id":"https:\/\/www.krafthand.de\/truck\/#website"},"primaryImageOfPage":{"@id":"https:\/\/www.krafthand.de\/truck\/artikel\/iaa-transportation-erste-hallen-bereits-ueberbucht-45193\/#primaryimage"},"image":{"@id":"https:\/\/www.krafthand.de\/truck\/artikel\/iaa-transportation-erste-hallen-bereits-ueberbucht-45193\/#primaryimage"},"thumbnailUrl":"https:\/\/static.krafthand-truck.de\/uploads\/2026\/01\/IAA_Transportation_2024_2026.jpg","datePublished":"2026-01-27T17:49:07+00:00","dateModified":"2026-01-27T18:03:38+00:00","author":{"@id":"https:\/\/www.krafthand.de\/truck\/#\/schema\/person\/51fa80b1c57034c4bf63f9f988fc24ce"},"description":"Vom 15. bis 20. September 2026 findet die IAA Transportation in Hannover statt - gleichsam die Leitmesse f\u00fcr den Nutzfahrzeugbranche.","breadcrumb":{"@id":"https:\/\/www.krafthand.de\/truck\/artikel\/iaa-transportation-erste-hallen-bereits-ueberbucht-45193\/#breadcrumb"},"inLanguage":"de","potentialAction":[{"@type":"ReadAction","target":["https:\/\/www.krafthand.de\/truck\/artikel\/iaa-transportation-erste-hallen-bereits-ueberbucht-45193\/"]}]},{"@type":"ImageObject","inLanguage":"de","@id":"https:\/\/www.krafthand.de\/truck\/artikel\/iaa-transportation-erste-hallen-bereits-ueberbucht-45193\/#primaryimage","url":"https:\/\/static.krafthand-truck.de\/uploads\/2026\/01\/IAA_Transportation_2024_2026.jpg","contentUrl":"https:\/\/static.krafthand-truck.de\/uploads\/2026\/01\/IAA_Transportation_2024_2026.jpg","width":1200,"height":569},{"@type":"BreadcrumbList","@id":"https:\/\/www.krafthand.de\/truck\/artikel\/iaa-transportation-erste-hallen-bereits-ueberbucht-45193\/#breadcrumb","itemListElement":[{"@type":"ListItem","position":1,"name":"Krafthand-Truck","item":"https:\/\/www.krafthand.de\/truck\/"},{"@type":"ListItem","position":2,"name":"Nfz-Branche","item":"https:\/\/www.krafthand.de\/truck\/kategorie\/branche\/"},{"@type":"ListItem","position":3,"name":"Veranstaltungen\/Messen","item":"https:\/\/www.krafthand.de\/truck\/kategorie\/branche\/veranstaltungen\/"},{"@type":"ListItem","position":4,"name":"IAA Transportation: Erste Hallen bereits \u00fcberbucht"}]},{"@type":"WebSite","@id":"https:\/\/www.krafthand.de\/truck\/#website","url":"https:\/\/www.krafthand.de\/truck\/","name":"Krafthand-Truck","description":"","potentialAction":[{"@type":"SearchAction","target":{"@type":"EntryPoint","urlTemplate":"https:\/\/www.krafthand.de\/truck\/?s={search_term_string}"},"query-input":{"@type":"PropertyValueSpecification","valueRequired":true,"valueName":"search_term_string"}}],"inLanguage":"de"},{"@type":"Person","@id":"https:\/\/www.krafthand.de\/truck\/#\/schema\/person\/51fa80b1c57034c4bf63f9f988fc24ce","name":"georg.blenk@krafthand-medien.de","image":{"@type":"ImageObject","inLanguage":"de","@id":"https:\/\/secure.gravatar.com\/avatar\/93713c30affe0aa95d3a4130e499bb1abee2eb31adbdd9ce2aa1543538490215?s=96&d=mm&r=g","url":"https:\/\/secure.gravatar.com\/avatar\/93713c30affe0aa95d3a4130e499bb1abee2eb31adbdd9ce2aa1543538490215?s=96&d=mm&r=g","contentUrl":"https:\/\/secure.gravatar.com\/avatar\/93713c30affe0aa95d3a4130e499bb1abee2eb31adbdd9ce2aa1543538490215?s=96&d=mm&r=g","caption":"georg.blenk@krafthand-medien.de"}}]}},"_links":{"self":[{"href":"https:\/\/www.krafthand.de\/truck\/wp-json\/wp\/v2\/posts\/45193","targetHints":{"allow":["GET"]}}],"collection":[{"href":"https:\/\/www.krafthand.de\/truck\/wp-json\/wp\/v2\/posts"}],"about":[{"href":"https:\/\/www.krafthand.de\/truck\/wp-json\/wp\/v2\/types\/post"}],"author":[{"embeddable":true,"href":"https:\/\/www.krafthand.de\/truck\/wp-json\/wp\/v2\/users\/9"}],"replies":[{"embeddable":true,"href":"https:\/\/www.krafthand.de\/truck\/wp-json\/wp\/v2\/comments?post=45193"}],"version-history":[{"count":13,"href":"https:\/\/www.krafthand.de\/truck\/wp-json\/wp\/v2\/posts\/45193\/revisions"}],"predecessor-version":[{"id":45207,"href":"https:\/\/www.krafthand.de\/truck\/wp-json\/wp\/v2\/posts\/45193\/revisions\/45207"}],"wp:featuredmedia":[{"embeddable":true,"href":"https:\/\/www.krafthand.de\/truck\/wp-json\/wp\/v2\/media\/45204"}],"wp:attachment":[{"href":"https:\/\/www.krafthand.de\/truck\/wp-json\/wp\/v2\/media?parent=45193"}],"wp:term":[{"taxonomy":"category","embeddable":true,"href":"https:\/\/www.krafthand.de\/truck\/wp-json\/wp\/v2\/categories?post=45193"},{"taxonomy":"post_tag","embeddable":true,"href":"https:\/\/www.krafthand.de\/truck\/wp-json\/wp\/v2\/tags?post=45193"},{"taxonomy":"settings","embeddable":true,"href":"https:\/\/www.krafthand.de\/truck\/wp-json\/wp\/v2\/settings?post=45193"}],"curies":[{"name":"wp","href":"https:\/\/api.w.org\/{rel}","templated":true}]}}