{"id":45172,"date":"2026-01-26T11:14:17","date_gmt":"2026-01-26T10:14:17","guid":{"rendered":"https:\/\/www.krafthand.de\/truck\/?p=45172"},"modified":"2026-01-26T11:47:29","modified_gmt":"2026-01-26T10:47:29","slug":"pe-automotive-oliver-hirzmann-uebernimmt-leitung-category-management","status":"publish","type":"post","link":"https:\/\/www.krafthand.de\/truck\/artikel\/pe-automotive-oliver-hirzmann-uebernimmt-leitung-category-management-45172\/","title":{"rendered":"PE Automotive: Oliver Hirzmann \u00fcbernimmt Leitung Category Management"},"content":{"rendered":"<p>Oliver Hirzmann hat zum Jahresbeginn die Rolle als Leiter Category Management beim Spezialisten f\u00fcr Nfz-Fahrzeugteile PE Automotive \u00fcbernommen. Hirzmann verantwortet demnach k\u00fcnftig die Bereiche Einkauf, Produktmanagement, Disposition und Stammdaten im Hause PE.<\/p>\n<p>Mit der B\u00fcndelung der Verantwortung im neuen Gesch\u00e4ftsbereich Category Management zielt PE darauf ab, k\u00fcnftig Themen wie die Markteinf\u00fchrung neuer Produkte, die Sch\u00e4rfung des Profils der Marken PE und Monark, die verl\u00e4ssliche Lieferf\u00e4higkeit und nicht zuletzt die Exzellenz im Produkt-Stammdaten-Management noch effizienter umzusetzen.<\/p>\n<p>Das Category Management soll die Ziele von <a href=\"https:\/\/www.pe.de\" target=\"_blank\" rel=\"noopener\">PE Automotiv<\/a>e (Teil der BPW-Gruppe) unmittelbar unterst\u00fctzen und damit einen Mehrwert f\u00fcr die Handelspartner durch Sortimentstiefe, Verf\u00fcgbarkeit, Premiumqualit\u00e4t und hochwertige Produktdaten schaffen.<\/p>\n<p><i>Den Beitrag finden Sie auch in der Print-Ausgabe 1-2026 der <a href=\"https:\/\/www.krafthand.de\/truck\/magazin\/\" title=\"Zum Magazin\">Krafthand-Truck<\/a>.<\/i><\/p>","protected":false},"excerpt":{"rendered":"<p>Oliver Hirzmann hat zum Jahresbeginn die Rolle als Leiter Category Management beim Spezialisten f\u00fcr Nfz-Fahrzeugteile PE Automotive \u00fcbernommen. Hirzmann verantwortet demnach k\u00fcnftig die Bereiche Einkauf, Produktmanagement, Disposition und Stammdaten im Hause PE. <span class=\"excerpt-more__dots\">&#8230;<\/span> <a class=\"excerpt-more__link\" href=\"https:\/\/www.krafthand.de\/truck\/artikel\/pe-automotive-oliver-hirzmann-uebernimmt-leitung-category-management-45172\/\" >weiter<\/a><\/p>\n","protected":false},"author":9,"featured_media":45181,"comment_status":"closed","ping_status":"closed","sticky":false,"template":"","format":"standard","meta":{"footnotes":""},"categories":[4912,4238,4235],"tags":[4847,2148],"settings":[4766,3523],"class_list":["post-45172","post","type-post","status-publish","format-standard","has-post-thumbnail","hentry","category-ersatzteile-zubehoer","category-koepfe","category-unternehmen","tag-nfz-teile","tag-pe-automotive"],"yoast_head":"<!-- This site is optimized with the Yoast SEO plugin v27.3 - https:\/\/yoast.com\/product\/yoast-seo-wordpress\/ -->\n<title>PE Automotive I Oliver Hirzmann I Krafthand-Truck<\/title>\n<meta name=\"description\" content=\"Oliver Hirzmann hat zum Jahresbeginn (2026) die Rolle als Leiter Category Management beim Spezialisten f\u00fcr Nfz-Fahrzeugteile PE Automotive \u00fcbernommen.\" \/>\n<meta name=\"robots\" content=\"index, follow, max-snippet:-1, max-image-preview:large, max-video-preview:-1\" \/>\n<link rel=\"canonical\" href=\"https:\/\/www.krafthand.de\/truck\/artikel\/pe-automotive-oliver-hirzmann-uebernimmt-leitung-category-management-45172\/\" \/>\n<meta property=\"og:locale\" content=\"de_DE\" \/>\n<meta property=\"og:type\" content=\"article\" \/>\n<meta property=\"og:title\" content=\"PE Automotive I Oliver Hirzmann I Krafthand-Truck\" \/>\n<meta property=\"og:description\" content=\"Oliver Hirzmann hat zum Jahresbeginn (2026) die Rolle als Leiter Category Management beim Spezialisten f\u00fcr Nfz-Fahrzeugteile PE Automotive \u00fcbernommen.\" \/>\n<meta property=\"og:url\" content=\"https:\/\/www.krafthand-truck.de\/artikel\/pe-automotive-oliver-hirzmann-uebernimmt-leitung-category-management-45172\/\" \/>\n<meta property=\"og:site_name\" content=\"Krafthand-Truck\" \/>\n<meta property=\"article:published_time\" content=\"2026-01-26T10:14:17+00:00\" \/>\n<meta property=\"article:modified_time\" content=\"2026-01-26T10:47:29+00:00\" \/>\n<meta property=\"og:image\" content=\"https:\/\/static.krafthand-truck.de\/uploads\/2026\/01\/PE_Automotive_Oliver_Hirzmann_Thomas_Kobudzinski.jpg\" \/>\n\t<meta property=\"og:image:width\" content=\"1200\" \/>\n\t<meta property=\"og:image:height\" content=\"763\" \/>\n\t<meta property=\"og:image:type\" content=\"image\/jpeg\" \/>\n<meta name=\"author\" content=\"georg.blenk@krafthand-medien.de\" \/>\n<meta name=\"twitter:card\" content=\"summary_large_image\" \/>\n<meta name=\"twitter:label1\" content=\"Verfasst von\" \/>\n\t<meta name=\"twitter:data1\" content=\"georg.blenk@krafthand-medien.de\" \/>\n\t<meta name=\"twitter:label2\" content=\"Gesch\u00e4tzte Lesezeit\" \/>\n\t<meta name=\"twitter:data2\" content=\"1\u00a0Minute\" \/>\n<script type=\"application\/ld+json\" class=\"yoast-schema-graph\">{\"@context\":\"https:\\\/\\\/schema.org\",\"@graph\":[{\"@type\":\"Article\",\"@id\":\"https:\\\/\\\/www.krafthand.de\\\/truck\\\/artikel\\\/pe-automotive-oliver-hirzmann-uebernimmt-leitung-category-management-45172\\\/#article\",\"isPartOf\":{\"@id\":\"https:\\\/\\\/www.krafthand.de\\\/truck\\\/artikel\\\/pe-automotive-oliver-hirzmann-uebernimmt-leitung-category-management-45172\\\/\"},\"author\":{\"name\":\"georg.blenk@krafthand-medien.de\",\"@id\":\"https:\\\/\\\/www.krafthand.de\\\/truck\\\/#\\\/schema\\\/person\\\/51fa80b1c57034c4bf63f9f988fc24ce\"},\"headline\":\"PE Automotive: Oliver Hirzmann \u00fcbernimmt Leitung Category Management\",\"datePublished\":\"2026-01-26T10:14:17+00:00\",\"dateModified\":\"2026-01-26T10:47:29+00:00\",\"mainEntityOfPage\":{\"@id\":\"https:\\\/\\\/www.krafthand.de\\\/truck\\\/artikel\\\/pe-automotive-oliver-hirzmann-uebernimmt-leitung-category-management-45172\\\/\"},\"wordCount\":125,\"image\":{\"@id\":\"https:\\\/\\\/www.krafthand.de\\\/truck\\\/artikel\\\/pe-automotive-oliver-hirzmann-uebernimmt-leitung-category-management-45172\\\/#primaryimage\"},\"thumbnailUrl\":\"https:\\\/\\\/static.krafthand-truck.de\\\/uploads\\\/2026\\\/01\\\/PE_Automotive_Oliver_Hirzmann_Thomas_Kobudzinski.jpg\",\"keywords\":[\"Nfz-Teile\",\"PE Automotive\"],\"articleSection\":[\"Ersatzteile\\\/Zubeh\u00f6r\",\"K\u00f6pfe\\\/Personen\",\"Unternehmen\"],\"inLanguage\":\"de\"},{\"@type\":\"WebPage\",\"@id\":\"https:\\\/\\\/www.krafthand.de\\\/truck\\\/artikel\\\/pe-automotive-oliver-hirzmann-uebernimmt-leitung-category-management-45172\\\/\",\"url\":\"https:\\\/\\\/www.krafthand.de\\\/truck\\\/artikel\\\/pe-automotive-oliver-hirzmann-uebernimmt-leitung-category-management-45172\\\/\",\"name\":\"PE Automotive I Oliver Hirzmann I Krafthand-Truck\",\"isPartOf\":{\"@id\":\"https:\\\/\\\/www.krafthand.de\\\/truck\\\/#website\"},\"primaryImageOfPage\":{\"@id\":\"https:\\\/\\\/www.krafthand.de\\\/truck\\\/artikel\\\/pe-automotive-oliver-hirzmann-uebernimmt-leitung-category-management-45172\\\/#primaryimage\"},\"image\":{\"@id\":\"https:\\\/\\\/www.krafthand.de\\\/truck\\\/artikel\\\/pe-automotive-oliver-hirzmann-uebernimmt-leitung-category-management-45172\\\/#primaryimage\"},\"thumbnailUrl\":\"https:\\\/\\\/static.krafthand-truck.de\\\/uploads\\\/2026\\\/01\\\/PE_Automotive_Oliver_Hirzmann_Thomas_Kobudzinski.jpg\",\"datePublished\":\"2026-01-26T10:14:17+00:00\",\"dateModified\":\"2026-01-26T10:47:29+00:00\",\"author\":{\"@id\":\"https:\\\/\\\/www.krafthand.de\\\/truck\\\/#\\\/schema\\\/person\\\/51fa80b1c57034c4bf63f9f988fc24ce\"},\"description\":\"Oliver Hirzmann hat zum Jahresbeginn (2026) die Rolle als Leiter Category Management beim Spezialisten f\u00fcr Nfz-Fahrzeugteile PE Automotive \u00fcbernommen.\",\"breadcrumb\":{\"@id\":\"https:\\\/\\\/www.krafthand.de\\\/truck\\\/artikel\\\/pe-automotive-oliver-hirzmann-uebernimmt-leitung-category-management-45172\\\/#breadcrumb\"},\"inLanguage\":\"de\",\"potentialAction\":[{\"@type\":\"ReadAction\",\"target\":[\"https:\\\/\\\/www.krafthand.de\\\/truck\\\/artikel\\\/pe-automotive-oliver-hirzmann-uebernimmt-leitung-category-management-45172\\\/\"]}]},{\"@type\":\"ImageObject\",\"inLanguage\":\"de\",\"@id\":\"https:\\\/\\\/www.krafthand.de\\\/truck\\\/artikel\\\/pe-automotive-oliver-hirzmann-uebernimmt-leitung-category-management-45172\\\/#primaryimage\",\"url\":\"https:\\\/\\\/static.krafthand-truck.de\\\/uploads\\\/2026\\\/01\\\/PE_Automotive_Oliver_Hirzmann_Thomas_Kobudzinski.jpg\",\"contentUrl\":\"https:\\\/\\\/static.krafthand-truck.de\\\/uploads\\\/2026\\\/01\\\/PE_Automotive_Oliver_Hirzmann_Thomas_Kobudzinski.jpg\",\"width\":1200,\"height\":763},{\"@type\":\"BreadcrumbList\",\"@id\":\"https:\\\/\\\/www.krafthand.de\\\/truck\\\/artikel\\\/pe-automotive-oliver-hirzmann-uebernimmt-leitung-category-management-45172\\\/#breadcrumb\",\"itemListElement\":[{\"@type\":\"ListItem\",\"position\":1,\"name\":\"Krafthand-Truck\",\"item\":\"https:\\\/\\\/www.krafthand.de\\\/truck\\\/\"},{\"@type\":\"ListItem\",\"position\":2,\"name\":\"Nfz-Branche\",\"item\":\"https:\\\/\\\/www.krafthand.de\\\/truck\\\/kategorie\\\/branche\\\/\"},{\"@type\":\"ListItem\",\"position\":3,\"name\":\"K\u00f6pfe\\\/Personen\",\"item\":\"https:\\\/\\\/www.krafthand.de\\\/truck\\\/kategorie\\\/branche\\\/koepfe\\\/\"},{\"@type\":\"ListItem\",\"position\":4,\"name\":\"PE Automotive: Oliver Hirzmann \u00fcbernimmt Leitung Category Management\"}]},{\"@type\":\"WebSite\",\"@id\":\"https:\\\/\\\/www.krafthand.de\\\/truck\\\/#website\",\"url\":\"https:\\\/\\\/www.krafthand.de\\\/truck\\\/\",\"name\":\"Krafthand-Truck\",\"description\":\"\",\"potentialAction\":[{\"@type\":\"SearchAction\",\"target\":{\"@type\":\"EntryPoint\",\"urlTemplate\":\"https:\\\/\\\/www.krafthand.de\\\/truck\\\/?s={search_term_string}\"},\"query-input\":{\"@type\":\"PropertyValueSpecification\",\"valueRequired\":true,\"valueName\":\"search_term_string\"}}],\"inLanguage\":\"de\"},{\"@type\":\"Person\",\"@id\":\"https:\\\/\\\/www.krafthand.de\\\/truck\\\/#\\\/schema\\\/person\\\/51fa80b1c57034c4bf63f9f988fc24ce\",\"name\":\"georg.blenk@krafthand-medien.de\",\"image\":{\"@type\":\"ImageObject\",\"inLanguage\":\"de\",\"@id\":\"https:\\\/\\\/secure.gravatar.com\\\/avatar\\\/93713c30affe0aa95d3a4130e499bb1abee2eb31adbdd9ce2aa1543538490215?s=96&d=mm&r=g\",\"url\":\"https:\\\/\\\/secure.gravatar.com\\\/avatar\\\/93713c30affe0aa95d3a4130e499bb1abee2eb31adbdd9ce2aa1543538490215?s=96&d=mm&r=g\",\"contentUrl\":\"https:\\\/\\\/secure.gravatar.com\\\/avatar\\\/93713c30affe0aa95d3a4130e499bb1abee2eb31adbdd9ce2aa1543538490215?s=96&d=mm&r=g\",\"caption\":\"georg.blenk@krafthand-medien.de\"}}]}<\/script>\n<!-- \/ Yoast SEO plugin. -->","yoast_head_json":{"title":"PE Automotive I Oliver Hirzmann I Krafthand-Truck","description":"Oliver Hirzmann hat zum Jahresbeginn (2026) die Rolle als Leiter Category Management beim Spezialisten f\u00fcr Nfz-Fahrzeugteile PE Automotive \u00fcbernommen.","robots":{"index":"index","follow":"follow","max-snippet":"max-snippet:-1","max-image-preview":"max-image-preview:large","max-video-preview":"max-video-preview:-1"},"canonical":"https:\/\/www.krafthand.de\/truck\/artikel\/pe-automotive-oliver-hirzmann-uebernimmt-leitung-category-management-45172\/","og_locale":"de_DE","og_type":"article","og_title":"PE Automotive I Oliver Hirzmann I Krafthand-Truck","og_description":"Oliver Hirzmann hat zum Jahresbeginn (2026) die Rolle als Leiter Category Management beim Spezialisten f\u00fcr Nfz-Fahrzeugteile PE Automotive \u00fcbernommen.","og_url":"https:\/\/www.krafthand-truck.de\/artikel\/pe-automotive-oliver-hirzmann-uebernimmt-leitung-category-management-45172\/","og_site_name":"Krafthand-Truck","article_published_time":"2026-01-26T10:14:17+00:00","article_modified_time":"2026-01-26T10:47:29+00:00","og_image":[{"width":1200,"height":763,"url":"https:\/\/static.krafthand-truck.de\/uploads\/2026\/01\/PE_Automotive_Oliver_Hirzmann_Thomas_Kobudzinski.jpg","type":"image\/jpeg"}],"author":"georg.blenk@krafthand-medien.de","twitter_card":"summary_large_image","twitter_misc":{"Verfasst von":"georg.blenk@krafthand-medien.de","Gesch\u00e4tzte Lesezeit":"1\u00a0Minute"},"schema":{"@context":"https:\/\/schema.org","@graph":[{"@type":"Article","@id":"https:\/\/www.krafthand.de\/truck\/artikel\/pe-automotive-oliver-hirzmann-uebernimmt-leitung-category-management-45172\/#article","isPartOf":{"@id":"https:\/\/www.krafthand.de\/truck\/artikel\/pe-automotive-oliver-hirzmann-uebernimmt-leitung-category-management-45172\/"},"author":{"name":"georg.blenk@krafthand-medien.de","@id":"https:\/\/www.krafthand.de\/truck\/#\/schema\/person\/51fa80b1c57034c4bf63f9f988fc24ce"},"headline":"PE Automotive: Oliver Hirzmann \u00fcbernimmt Leitung Category Management","datePublished":"2026-01-26T10:14:17+00:00","dateModified":"2026-01-26T10:47:29+00:00","mainEntityOfPage":{"@id":"https:\/\/www.krafthand.de\/truck\/artikel\/pe-automotive-oliver-hirzmann-uebernimmt-leitung-category-management-45172\/"},"wordCount":125,"image":{"@id":"https:\/\/www.krafthand.de\/truck\/artikel\/pe-automotive-oliver-hirzmann-uebernimmt-leitung-category-management-45172\/#primaryimage"},"thumbnailUrl":"https:\/\/static.krafthand-truck.de\/uploads\/2026\/01\/PE_Automotive_Oliver_Hirzmann_Thomas_Kobudzinski.jpg","keywords":["Nfz-Teile","PE Automotive"],"articleSection":["Ersatzteile\/Zubeh\u00f6r","K\u00f6pfe\/Personen","Unternehmen"],"inLanguage":"de"},{"@type":"WebPage","@id":"https:\/\/www.krafthand.de\/truck\/artikel\/pe-automotive-oliver-hirzmann-uebernimmt-leitung-category-management-45172\/","url":"https:\/\/www.krafthand.de\/truck\/artikel\/pe-automotive-oliver-hirzmann-uebernimmt-leitung-category-management-45172\/","name":"PE Automotive I Oliver Hirzmann I Krafthand-Truck","isPartOf":{"@id":"https:\/\/www.krafthand.de\/truck\/#website"},"primaryImageOfPage":{"@id":"https:\/\/www.krafthand.de\/truck\/artikel\/pe-automotive-oliver-hirzmann-uebernimmt-leitung-category-management-45172\/#primaryimage"},"image":{"@id":"https:\/\/www.krafthand.de\/truck\/artikel\/pe-automotive-oliver-hirzmann-uebernimmt-leitung-category-management-45172\/#primaryimage"},"thumbnailUrl":"https:\/\/static.krafthand-truck.de\/uploads\/2026\/01\/PE_Automotive_Oliver_Hirzmann_Thomas_Kobudzinski.jpg","datePublished":"2026-01-26T10:14:17+00:00","dateModified":"2026-01-26T10:47:29+00:00","author":{"@id":"https:\/\/www.krafthand.de\/truck\/#\/schema\/person\/51fa80b1c57034c4bf63f9f988fc24ce"},"description":"Oliver Hirzmann hat zum Jahresbeginn (2026) die Rolle als Leiter Category Management beim Spezialisten f\u00fcr Nfz-Fahrzeugteile PE Automotive \u00fcbernommen.","breadcrumb":{"@id":"https:\/\/www.krafthand.de\/truck\/artikel\/pe-automotive-oliver-hirzmann-uebernimmt-leitung-category-management-45172\/#breadcrumb"},"inLanguage":"de","potentialAction":[{"@type":"ReadAction","target":["https:\/\/www.krafthand.de\/truck\/artikel\/pe-automotive-oliver-hirzmann-uebernimmt-leitung-category-management-45172\/"]}]},{"@type":"ImageObject","inLanguage":"de","@id":"https:\/\/www.krafthand.de\/truck\/artikel\/pe-automotive-oliver-hirzmann-uebernimmt-leitung-category-management-45172\/#primaryimage","url":"https:\/\/static.krafthand-truck.de\/uploads\/2026\/01\/PE_Automotive_Oliver_Hirzmann_Thomas_Kobudzinski.jpg","contentUrl":"https:\/\/static.krafthand-truck.de\/uploads\/2026\/01\/PE_Automotive_Oliver_Hirzmann_Thomas_Kobudzinski.jpg","width":1200,"height":763},{"@type":"BreadcrumbList","@id":"https:\/\/www.krafthand.de\/truck\/artikel\/pe-automotive-oliver-hirzmann-uebernimmt-leitung-category-management-45172\/#breadcrumb","itemListElement":[{"@type":"ListItem","position":1,"name":"Krafthand-Truck","item":"https:\/\/www.krafthand.de\/truck\/"},{"@type":"ListItem","position":2,"name":"Nfz-Branche","item":"https:\/\/www.krafthand.de\/truck\/kategorie\/branche\/"},{"@type":"ListItem","position":3,"name":"K\u00f6pfe\/Personen","item":"https:\/\/www.krafthand.de\/truck\/kategorie\/branche\/koepfe\/"},{"@type":"ListItem","position":4,"name":"PE Automotive: Oliver Hirzmann \u00fcbernimmt Leitung Category Management"}]},{"@type":"WebSite","@id":"https:\/\/www.krafthand.de\/truck\/#website","url":"https:\/\/www.krafthand.de\/truck\/","name":"Krafthand-Truck","description":"","potentialAction":[{"@type":"SearchAction","target":{"@type":"EntryPoint","urlTemplate":"https:\/\/www.krafthand.de\/truck\/?s={search_term_string}"},"query-input":{"@type":"PropertyValueSpecification","valueRequired":true,"valueName":"search_term_string"}}],"inLanguage":"de"},{"@type":"Person","@id":"https:\/\/www.krafthand.de\/truck\/#\/schema\/person\/51fa80b1c57034c4bf63f9f988fc24ce","name":"georg.blenk@krafthand-medien.de","image":{"@type":"ImageObject","inLanguage":"de","@id":"https:\/\/secure.gravatar.com\/avatar\/93713c30affe0aa95d3a4130e499bb1abee2eb31adbdd9ce2aa1543538490215?s=96&d=mm&r=g","url":"https:\/\/secure.gravatar.com\/avatar\/93713c30affe0aa95d3a4130e499bb1abee2eb31adbdd9ce2aa1543538490215?s=96&d=mm&r=g","contentUrl":"https:\/\/secure.gravatar.com\/avatar\/93713c30affe0aa95d3a4130e499bb1abee2eb31adbdd9ce2aa1543538490215?s=96&d=mm&r=g","caption":"georg.blenk@krafthand-medien.de"}}]}},"_links":{"self":[{"href":"https:\/\/www.krafthand.de\/truck\/wp-json\/wp\/v2\/posts\/45172","targetHints":{"allow":["GET"]}}],"collection":[{"href":"https:\/\/www.krafthand.de\/truck\/wp-json\/wp\/v2\/posts"}],"about":[{"href":"https:\/\/www.krafthand.de\/truck\/wp-json\/wp\/v2\/types\/post"}],"author":[{"embeddable":true,"href":"https:\/\/www.krafthand.de\/truck\/wp-json\/wp\/v2\/users\/9"}],"replies":[{"embeddable":true,"href":"https:\/\/www.krafthand.de\/truck\/wp-json\/wp\/v2\/comments?post=45172"}],"version-history":[{"count":9,"href":"https:\/\/www.krafthand.de\/truck\/wp-json\/wp\/v2\/posts\/45172\/revisions"}],"predecessor-version":[{"id":45182,"href":"https:\/\/www.krafthand.de\/truck\/wp-json\/wp\/v2\/posts\/45172\/revisions\/45182"}],"wp:featuredmedia":[{"embeddable":true,"href":"https:\/\/www.krafthand.de\/truck\/wp-json\/wp\/v2\/media\/45181"}],"wp:attachment":[{"href":"https:\/\/www.krafthand.de\/truck\/wp-json\/wp\/v2\/media?parent=45172"}],"wp:term":[{"taxonomy":"category","embeddable":true,"href":"https:\/\/www.krafthand.de\/truck\/wp-json\/wp\/v2\/categories?post=45172"},{"taxonomy":"post_tag","embeddable":true,"href":"https:\/\/www.krafthand.de\/truck\/wp-json\/wp\/v2\/tags?post=45172"},{"taxonomy":"settings","embeddable":true,"href":"https:\/\/www.krafthand.de\/truck\/wp-json\/wp\/v2\/settings?post=45172"}],"curies":[{"name":"wp","href":"https:\/\/api.w.org\/{rel}","templated":true}]}}