{"id":45126,"date":"2026-01-19T09:05:36","date_gmt":"2026-01-19T08:05:36","guid":{"rendered":"https:\/\/www.krafthand.de\/truck\/?p=45126"},"modified":"2026-01-19T09:05:36","modified_gmt":"2026-01-19T08:05:36","slug":"reisch-setzt-auf-vierstufiges-veredelungssystem-fuer-stahlrahmen","status":"publish","type":"post","link":"https:\/\/www.krafthand.de\/truck\/artikel\/reisch-setzt-auf-vierstufiges-veredelungssystem-fuer-stahlrahmen-45126\/","title":{"rendered":"Reisch setzt auf vierstufiges Veredelungssystem f\u00fcr Stahlrahmen"},"content":{"rendered":"<p>L\u00e4ngere Einsatzzeiten, h\u00f6here Belastungen und steigende Nachhaltigkeitsanforderungen verlangen bei Nutzfahrzeugen nach robusteren und wirtschaftlicheren Fahrzeugkonzepten. Die Reisch GmbH, Spezialist f\u00fcr Anh\u00e4nger, reagiert darauf mit einer Weiterentwicklung ihres Rahmenbau-Prozesses auf Basis von Strahlen, Metallisieren, Grundieren und Lackieren.<\/p>\n<p>Als Teil der <a href=\"https:\/\/www.benalu.com\/?lang=de\" target=\"_blank\" rel=\"noopener\">BENALU Gruppe<\/a> verfolgt <a href=\"https:\/\/reisch-fahrzeugbau.de\" target=\"_blank\" rel=\"noopener\">Reisch<\/a> eigenen Angaben zufolge eine langfristige Nachhaltigkeitsstrategie. W\u00e4hrend BENALU seit Jahren auf Aluminiumrahmen mit nat\u00fcrlicher Korrosionsbest\u00e4ndigkeit und geringem Gewicht setzt, \u00fcbertr\u00e4gt Reisch diesen Absatz konsequent auf den Stahlrahmen. Ziel sei es, die Lebensdauer der Fahrzeuge zu erh\u00f6hen, Reparaturaufw\u00e4nde zu reduzieren und den Werterhalt nachhaltig zu sichern.<\/p>\n<blockquote><p>\u201eWir betrachten Korrosionsschutz nicht als reines Lackthema, sondern als Lebensdauer-Thema\u201c, erkl\u00e4rt Artur Neubauer.<\/p><\/blockquote>\n<h3>Der Veredelungsprozess<\/h3>\n<p>Der neue Veredelungs-Prozess basiert auf einem systemischen Ansatz. Zun\u00e4chst wird der Rahmen gestrahlt, um Verunreinigungen zu entfernen und eine definierte Oberfl\u00e4chenstruktur zu erzeugen. Anschlie\u00dfend folgt die Metallisierung mit einer aufgespritzten Zink-Aluminium-Schicht. Darauf wird eine Grundierung aufgebracht, die den Schichtverbund stabilisiert und die Haftung des Lacks verbessert. Den Abschluss bildet die Lackierung als Versiegelung und optische Oberfl\u00e4che. Durch diesen mehrstufigen Aufbau entstehe ein robustes Schutzsystem, das laut Neubauer deutlich widerstandsf\u00e4higer ist als klassische Einzell\u00f6sungen. Besonders in mechanisch beanspruchten Bereichen wie Kanten, Kontaktzonen und Steinschlagzonen biete der Aufbau Vorteile im t\u00e4glichen Betrieb.<\/p>\n<h3>Reparierbarkeit<\/h3>\n<p>Ein weiterer zentraler Aspekt sei laut Neubauer die Reparierbarkeit. Besch\u00e4digungen k\u00f6nnten lokal instand gesetzt werden, ohne komplette Bauteile oder gro\u00dfe Fl\u00e4chen neu beschichten zu m\u00fcssen. Dies reduziere Stillstandzeiten, senke Wartungskosten und verbessere die Verf\u00fcgbarkeit der Fahrzeuge im Flotteneinsatz.\u00a0Reisch erg\u00e4nzt den neuen Prozess durch eine 5-Jahres-Garantie auf den Korrosionsschutz, g\u00fcltig bei bestimmungsgem\u00e4\u00dfem Einsatz. Ausgenommen seien Sch\u00e4den durch mechanische Einwirkungen, Unf\u00e4lle, nachtr\u00e4gliche Umbauten sowie unterlassene Nachbesserungen.<\/p>\n","protected":false},"excerpt":{"rendered":"<p>L\u00e4ngere Einsatzzeiten, h\u00f6here Belastungen und steigende Nachhaltigkeitsanforderungen verlangen bei Nutzfahrzeugen nach robusteren und wirtschaftlicheren Fahrzeugkonzepten. Die Reisch GmbH reagiert darauf mit einer grundlegenden Weiterentwicklung ihres Rahmenprozesses auf Basis von Strahlen, Metallisieren, Grundieren und Lackieren. <span class=\"excerpt-more__dots\">&#8230;<\/span> <a class=\"excerpt-more__link\" href=\"https:\/\/www.krafthand.de\/truck\/artikel\/reisch-setzt-auf-vierstufiges-veredelungssystem-fuer-stahlrahmen-45126\/\" >weiter<\/a><\/p>\n","protected":false},"author":9,"featured_media":45135,"comment_status":"closed","ping_status":"closed","sticky":false,"template":"","format":"standard","meta":{"footnotes":""},"categories":[4914,4235],"tags":[4875,6115,6396,599],"settings":[4766,3523],"class_list":["post-45126","post","type-post","status-publish","format-standard","has-post-thumbnail","hentry","category-trailer-aufbauten","category-unternehmen","tag-muldenkipper","tag-reisch","tag-stahlrahmen","tag-trailer"],"yoast_head":"<!-- This site is optimized with the Yoast SEO plugin v27.3 - https:\/\/yoast.com\/product\/yoast-seo-wordpress\/ -->\n<title>Reisch setzt auf vierstufiges Veredelungssystem f\u00fcr Stahlrahmen - Krafthand-Truck<\/title>\n<meta name=\"description\" content=\"Die Reisch GmbH veredelt die Stahlrahmen ihrer Fahrzeuge auf Basis von Strahlen, Metallisieren, Grundieren und Lackieren.\" \/>\n<meta name=\"robots\" content=\"index, follow, max-snippet:-1, max-image-preview:large, max-video-preview:-1\" \/>\n<link rel=\"canonical\" href=\"https:\/\/www.krafthand.de\/truck\/artikel\/reisch-setzt-auf-vierstufiges-veredelungssystem-fuer-stahlrahmen-45126\/\" \/>\n<meta property=\"og:locale\" content=\"de_DE\" \/>\n<meta property=\"og:type\" content=\"article\" \/>\n<meta property=\"og:title\" content=\"Reisch setzt auf vierstufiges Veredelungssystem f\u00fcr Stahlrahmen - Krafthand-Truck\" \/>\n<meta property=\"og:description\" content=\"Die Reisch GmbH veredelt die Stahlrahmen ihrer Fahrzeuge auf Basis von Strahlen, Metallisieren, Grundieren und Lackieren.\" \/>\n<meta property=\"og:url\" content=\"https:\/\/www.krafthand-truck.de\/artikel\/reisch-setzt-auf-vierstufiges-veredelungssystem-fuer-stahlrahmen-45126\/\" \/>\n<meta property=\"og:site_name\" content=\"Krafthand-Truck\" \/>\n<meta property=\"article:published_time\" content=\"2026-01-19T08:05:36+00:00\" \/>\n<meta property=\"og:image\" content=\"https:\/\/static.krafthand-truck.de\/uploads\/2026\/01\/Reisch_Muldenkipper_Stahlrahmen.jpg\" \/>\n\t<meta property=\"og:image:width\" content=\"1200\" \/>\n\t<meta property=\"og:image:height\" content=\"798\" \/>\n\t<meta property=\"og:image:type\" content=\"image\/jpeg\" \/>\n<meta name=\"author\" content=\"georg.blenk@krafthand-medien.de\" \/>\n<meta name=\"twitter:card\" content=\"summary_large_image\" \/>\n<meta name=\"twitter:label1\" content=\"Verfasst von\" \/>\n\t<meta name=\"twitter:data1\" content=\"georg.blenk@krafthand-medien.de\" \/>\n\t<meta name=\"twitter:label2\" content=\"Gesch\u00e4tzte Lesezeit\" \/>\n\t<meta name=\"twitter:data2\" content=\"2\u00a0Minuten\" \/>\n<script type=\"application\/ld+json\" class=\"yoast-schema-graph\">{\"@context\":\"https:\\\/\\\/schema.org\",\"@graph\":[{\"@type\":\"Article\",\"@id\":\"https:\\\/\\\/www.krafthand.de\\\/truck\\\/artikel\\\/reisch-setzt-auf-vierstufiges-veredelungssystem-fuer-stahlrahmen-45126\\\/#article\",\"isPartOf\":{\"@id\":\"https:\\\/\\\/www.krafthand.de\\\/truck\\\/artikel\\\/reisch-setzt-auf-vierstufiges-veredelungssystem-fuer-stahlrahmen-45126\\\/\"},\"author\":{\"name\":\"georg.blenk@krafthand-medien.de\",\"@id\":\"https:\\\/\\\/www.krafthand.de\\\/truck\\\/#\\\/schema\\\/person\\\/51fa80b1c57034c4bf63f9f988fc24ce\"},\"headline\":\"Reisch setzt auf vierstufiges Veredelungssystem f\u00fcr Stahlrahmen\",\"datePublished\":\"2026-01-19T08:05:36+00:00\",\"mainEntityOfPage\":{\"@id\":\"https:\\\/\\\/www.krafthand.de\\\/truck\\\/artikel\\\/reisch-setzt-auf-vierstufiges-veredelungssystem-fuer-stahlrahmen-45126\\\/\"},\"wordCount\":297,\"image\":{\"@id\":\"https:\\\/\\\/www.krafthand.de\\\/truck\\\/artikel\\\/reisch-setzt-auf-vierstufiges-veredelungssystem-fuer-stahlrahmen-45126\\\/#primaryimage\"},\"thumbnailUrl\":\"https:\\\/\\\/static.krafthand-truck.de\\\/uploads\\\/2026\\\/01\\\/Reisch_Muldenkipper_Stahlrahmen.jpg\",\"keywords\":[\"Muldenkipper\",\"Reisch\",\"Stahlrahmen\",\"Trailer\"],\"articleSection\":[\"Trailer\\\/Aufbauten\",\"Unternehmen\"],\"inLanguage\":\"de\"},{\"@type\":\"WebPage\",\"@id\":\"https:\\\/\\\/www.krafthand.de\\\/truck\\\/artikel\\\/reisch-setzt-auf-vierstufiges-veredelungssystem-fuer-stahlrahmen-45126\\\/\",\"url\":\"https:\\\/\\\/www.krafthand.de\\\/truck\\\/artikel\\\/reisch-setzt-auf-vierstufiges-veredelungssystem-fuer-stahlrahmen-45126\\\/\",\"name\":\"Reisch setzt auf vierstufiges Veredelungssystem f\u00fcr Stahlrahmen - Krafthand-Truck\",\"isPartOf\":{\"@id\":\"https:\\\/\\\/www.krafthand.de\\\/truck\\\/#website\"},\"primaryImageOfPage\":{\"@id\":\"https:\\\/\\\/www.krafthand.de\\\/truck\\\/artikel\\\/reisch-setzt-auf-vierstufiges-veredelungssystem-fuer-stahlrahmen-45126\\\/#primaryimage\"},\"image\":{\"@id\":\"https:\\\/\\\/www.krafthand.de\\\/truck\\\/artikel\\\/reisch-setzt-auf-vierstufiges-veredelungssystem-fuer-stahlrahmen-45126\\\/#primaryimage\"},\"thumbnailUrl\":\"https:\\\/\\\/static.krafthand-truck.de\\\/uploads\\\/2026\\\/01\\\/Reisch_Muldenkipper_Stahlrahmen.jpg\",\"datePublished\":\"2026-01-19T08:05:36+00:00\",\"author\":{\"@id\":\"https:\\\/\\\/www.krafthand.de\\\/truck\\\/#\\\/schema\\\/person\\\/51fa80b1c57034c4bf63f9f988fc24ce\"},\"description\":\"Die Reisch GmbH veredelt die Stahlrahmen ihrer Fahrzeuge auf Basis von Strahlen, Metallisieren, Grundieren und Lackieren.\",\"breadcrumb\":{\"@id\":\"https:\\\/\\\/www.krafthand.de\\\/truck\\\/artikel\\\/reisch-setzt-auf-vierstufiges-veredelungssystem-fuer-stahlrahmen-45126\\\/#breadcrumb\"},\"inLanguage\":\"de\",\"potentialAction\":[{\"@type\":\"ReadAction\",\"target\":[\"https:\\\/\\\/www.krafthand.de\\\/truck\\\/artikel\\\/reisch-setzt-auf-vierstufiges-veredelungssystem-fuer-stahlrahmen-45126\\\/\"]}]},{\"@type\":\"ImageObject\",\"inLanguage\":\"de\",\"@id\":\"https:\\\/\\\/www.krafthand.de\\\/truck\\\/artikel\\\/reisch-setzt-auf-vierstufiges-veredelungssystem-fuer-stahlrahmen-45126\\\/#primaryimage\",\"url\":\"https:\\\/\\\/static.krafthand-truck.de\\\/uploads\\\/2026\\\/01\\\/Reisch_Muldenkipper_Stahlrahmen.jpg\",\"contentUrl\":\"https:\\\/\\\/static.krafthand-truck.de\\\/uploads\\\/2026\\\/01\\\/Reisch_Muldenkipper_Stahlrahmen.jpg\",\"width\":1200,\"height\":798},{\"@type\":\"BreadcrumbList\",\"@id\":\"https:\\\/\\\/www.krafthand.de\\\/truck\\\/artikel\\\/reisch-setzt-auf-vierstufiges-veredelungssystem-fuer-stahlrahmen-45126\\\/#breadcrumb\",\"itemListElement\":[{\"@type\":\"ListItem\",\"position\":1,\"name\":\"Krafthand-Truck\",\"item\":\"https:\\\/\\\/www.krafthand.de\\\/truck\\\/\"},{\"@type\":\"ListItem\",\"position\":2,\"name\":\"Nfz-Branche\",\"item\":\"https:\\\/\\\/www.krafthand.de\\\/truck\\\/kategorie\\\/branche\\\/\"},{\"@type\":\"ListItem\",\"position\":3,\"name\":\"Unternehmen\",\"item\":\"https:\\\/\\\/www.krafthand.de\\\/truck\\\/kategorie\\\/branche\\\/unternehmen\\\/\"},{\"@type\":\"ListItem\",\"position\":4,\"name\":\"Reisch setzt auf vierstufiges Veredelungssystem f\u00fcr Stahlrahmen\"}]},{\"@type\":\"WebSite\",\"@id\":\"https:\\\/\\\/www.krafthand.de\\\/truck\\\/#website\",\"url\":\"https:\\\/\\\/www.krafthand.de\\\/truck\\\/\",\"name\":\"Krafthand-Truck\",\"description\":\"\",\"potentialAction\":[{\"@type\":\"SearchAction\",\"target\":{\"@type\":\"EntryPoint\",\"urlTemplate\":\"https:\\\/\\\/www.krafthand.de\\\/truck\\\/?s={search_term_string}\"},\"query-input\":{\"@type\":\"PropertyValueSpecification\",\"valueRequired\":true,\"valueName\":\"search_term_string\"}}],\"inLanguage\":\"de\"},{\"@type\":\"Person\",\"@id\":\"https:\\\/\\\/www.krafthand.de\\\/truck\\\/#\\\/schema\\\/person\\\/51fa80b1c57034c4bf63f9f988fc24ce\",\"name\":\"georg.blenk@krafthand-medien.de\",\"image\":{\"@type\":\"ImageObject\",\"inLanguage\":\"de\",\"@id\":\"https:\\\/\\\/secure.gravatar.com\\\/avatar\\\/93713c30affe0aa95d3a4130e499bb1abee2eb31adbdd9ce2aa1543538490215?s=96&d=mm&r=g\",\"url\":\"https:\\\/\\\/secure.gravatar.com\\\/avatar\\\/93713c30affe0aa95d3a4130e499bb1abee2eb31adbdd9ce2aa1543538490215?s=96&d=mm&r=g\",\"contentUrl\":\"https:\\\/\\\/secure.gravatar.com\\\/avatar\\\/93713c30affe0aa95d3a4130e499bb1abee2eb31adbdd9ce2aa1543538490215?s=96&d=mm&r=g\",\"caption\":\"georg.blenk@krafthand-medien.de\"}}]}<\/script>\n<!-- \/ Yoast SEO plugin. -->","yoast_head_json":{"title":"Reisch setzt auf vierstufiges Veredelungssystem f\u00fcr Stahlrahmen - Krafthand-Truck","description":"Die Reisch GmbH veredelt die Stahlrahmen ihrer Fahrzeuge auf Basis von Strahlen, Metallisieren, Grundieren und Lackieren.","robots":{"index":"index","follow":"follow","max-snippet":"max-snippet:-1","max-image-preview":"max-image-preview:large","max-video-preview":"max-video-preview:-1"},"canonical":"https:\/\/www.krafthand.de\/truck\/artikel\/reisch-setzt-auf-vierstufiges-veredelungssystem-fuer-stahlrahmen-45126\/","og_locale":"de_DE","og_type":"article","og_title":"Reisch setzt auf vierstufiges Veredelungssystem f\u00fcr Stahlrahmen - Krafthand-Truck","og_description":"Die Reisch GmbH veredelt die Stahlrahmen ihrer Fahrzeuge auf Basis von Strahlen, Metallisieren, Grundieren und Lackieren.","og_url":"https:\/\/www.krafthand-truck.de\/artikel\/reisch-setzt-auf-vierstufiges-veredelungssystem-fuer-stahlrahmen-45126\/","og_site_name":"Krafthand-Truck","article_published_time":"2026-01-19T08:05:36+00:00","og_image":[{"width":1200,"height":798,"url":"https:\/\/static.krafthand-truck.de\/uploads\/2026\/01\/Reisch_Muldenkipper_Stahlrahmen.jpg","type":"image\/jpeg"}],"author":"georg.blenk@krafthand-medien.de","twitter_card":"summary_large_image","twitter_misc":{"Verfasst von":"georg.blenk@krafthand-medien.de","Gesch\u00e4tzte Lesezeit":"2\u00a0Minuten"},"schema":{"@context":"https:\/\/schema.org","@graph":[{"@type":"Article","@id":"https:\/\/www.krafthand.de\/truck\/artikel\/reisch-setzt-auf-vierstufiges-veredelungssystem-fuer-stahlrahmen-45126\/#article","isPartOf":{"@id":"https:\/\/www.krafthand.de\/truck\/artikel\/reisch-setzt-auf-vierstufiges-veredelungssystem-fuer-stahlrahmen-45126\/"},"author":{"name":"georg.blenk@krafthand-medien.de","@id":"https:\/\/www.krafthand.de\/truck\/#\/schema\/person\/51fa80b1c57034c4bf63f9f988fc24ce"},"headline":"Reisch setzt auf vierstufiges Veredelungssystem f\u00fcr Stahlrahmen","datePublished":"2026-01-19T08:05:36+00:00","mainEntityOfPage":{"@id":"https:\/\/www.krafthand.de\/truck\/artikel\/reisch-setzt-auf-vierstufiges-veredelungssystem-fuer-stahlrahmen-45126\/"},"wordCount":297,"image":{"@id":"https:\/\/www.krafthand.de\/truck\/artikel\/reisch-setzt-auf-vierstufiges-veredelungssystem-fuer-stahlrahmen-45126\/#primaryimage"},"thumbnailUrl":"https:\/\/static.krafthand-truck.de\/uploads\/2026\/01\/Reisch_Muldenkipper_Stahlrahmen.jpg","keywords":["Muldenkipper","Reisch","Stahlrahmen","Trailer"],"articleSection":["Trailer\/Aufbauten","Unternehmen"],"inLanguage":"de"},{"@type":"WebPage","@id":"https:\/\/www.krafthand.de\/truck\/artikel\/reisch-setzt-auf-vierstufiges-veredelungssystem-fuer-stahlrahmen-45126\/","url":"https:\/\/www.krafthand.de\/truck\/artikel\/reisch-setzt-auf-vierstufiges-veredelungssystem-fuer-stahlrahmen-45126\/","name":"Reisch setzt auf vierstufiges Veredelungssystem f\u00fcr Stahlrahmen - Krafthand-Truck","isPartOf":{"@id":"https:\/\/www.krafthand.de\/truck\/#website"},"primaryImageOfPage":{"@id":"https:\/\/www.krafthand.de\/truck\/artikel\/reisch-setzt-auf-vierstufiges-veredelungssystem-fuer-stahlrahmen-45126\/#primaryimage"},"image":{"@id":"https:\/\/www.krafthand.de\/truck\/artikel\/reisch-setzt-auf-vierstufiges-veredelungssystem-fuer-stahlrahmen-45126\/#primaryimage"},"thumbnailUrl":"https:\/\/static.krafthand-truck.de\/uploads\/2026\/01\/Reisch_Muldenkipper_Stahlrahmen.jpg","datePublished":"2026-01-19T08:05:36+00:00","author":{"@id":"https:\/\/www.krafthand.de\/truck\/#\/schema\/person\/51fa80b1c57034c4bf63f9f988fc24ce"},"description":"Die Reisch GmbH veredelt die Stahlrahmen ihrer Fahrzeuge auf Basis von Strahlen, Metallisieren, Grundieren und Lackieren.","breadcrumb":{"@id":"https:\/\/www.krafthand.de\/truck\/artikel\/reisch-setzt-auf-vierstufiges-veredelungssystem-fuer-stahlrahmen-45126\/#breadcrumb"},"inLanguage":"de","potentialAction":[{"@type":"ReadAction","target":["https:\/\/www.krafthand.de\/truck\/artikel\/reisch-setzt-auf-vierstufiges-veredelungssystem-fuer-stahlrahmen-45126\/"]}]},{"@type":"ImageObject","inLanguage":"de","@id":"https:\/\/www.krafthand.de\/truck\/artikel\/reisch-setzt-auf-vierstufiges-veredelungssystem-fuer-stahlrahmen-45126\/#primaryimage","url":"https:\/\/static.krafthand-truck.de\/uploads\/2026\/01\/Reisch_Muldenkipper_Stahlrahmen.jpg","contentUrl":"https:\/\/static.krafthand-truck.de\/uploads\/2026\/01\/Reisch_Muldenkipper_Stahlrahmen.jpg","width":1200,"height":798},{"@type":"BreadcrumbList","@id":"https:\/\/www.krafthand.de\/truck\/artikel\/reisch-setzt-auf-vierstufiges-veredelungssystem-fuer-stahlrahmen-45126\/#breadcrumb","itemListElement":[{"@type":"ListItem","position":1,"name":"Krafthand-Truck","item":"https:\/\/www.krafthand.de\/truck\/"},{"@type":"ListItem","position":2,"name":"Nfz-Branche","item":"https:\/\/www.krafthand.de\/truck\/kategorie\/branche\/"},{"@type":"ListItem","position":3,"name":"Unternehmen","item":"https:\/\/www.krafthand.de\/truck\/kategorie\/branche\/unternehmen\/"},{"@type":"ListItem","position":4,"name":"Reisch setzt auf vierstufiges Veredelungssystem f\u00fcr Stahlrahmen"}]},{"@type":"WebSite","@id":"https:\/\/www.krafthand.de\/truck\/#website","url":"https:\/\/www.krafthand.de\/truck\/","name":"Krafthand-Truck","description":"","potentialAction":[{"@type":"SearchAction","target":{"@type":"EntryPoint","urlTemplate":"https:\/\/www.krafthand.de\/truck\/?s={search_term_string}"},"query-input":{"@type":"PropertyValueSpecification","valueRequired":true,"valueName":"search_term_string"}}],"inLanguage":"de"},{"@type":"Person","@id":"https:\/\/www.krafthand.de\/truck\/#\/schema\/person\/51fa80b1c57034c4bf63f9f988fc24ce","name":"georg.blenk@krafthand-medien.de","image":{"@type":"ImageObject","inLanguage":"de","@id":"https:\/\/secure.gravatar.com\/avatar\/93713c30affe0aa95d3a4130e499bb1abee2eb31adbdd9ce2aa1543538490215?s=96&d=mm&r=g","url":"https:\/\/secure.gravatar.com\/avatar\/93713c30affe0aa95d3a4130e499bb1abee2eb31adbdd9ce2aa1543538490215?s=96&d=mm&r=g","contentUrl":"https:\/\/secure.gravatar.com\/avatar\/93713c30affe0aa95d3a4130e499bb1abee2eb31adbdd9ce2aa1543538490215?s=96&d=mm&r=g","caption":"georg.blenk@krafthand-medien.de"}}]}},"_links":{"self":[{"href":"https:\/\/www.krafthand.de\/truck\/wp-json\/wp\/v2\/posts\/45126","targetHints":{"allow":["GET"]}}],"collection":[{"href":"https:\/\/www.krafthand.de\/truck\/wp-json\/wp\/v2\/posts"}],"about":[{"href":"https:\/\/www.krafthand.de\/truck\/wp-json\/wp\/v2\/types\/post"}],"author":[{"embeddable":true,"href":"https:\/\/www.krafthand.de\/truck\/wp-json\/wp\/v2\/users\/9"}],"replies":[{"embeddable":true,"href":"https:\/\/www.krafthand.de\/truck\/wp-json\/wp\/v2\/comments?post=45126"}],"version-history":[{"count":8,"href":"https:\/\/www.krafthand.de\/truck\/wp-json\/wp\/v2\/posts\/45126\/revisions"}],"predecessor-version":[{"id":45134,"href":"https:\/\/www.krafthand.de\/truck\/wp-json\/wp\/v2\/posts\/45126\/revisions\/45134"}],"wp:featuredmedia":[{"embeddable":true,"href":"https:\/\/www.krafthand.de\/truck\/wp-json\/wp\/v2\/media\/45135"}],"wp:attachment":[{"href":"https:\/\/www.krafthand.de\/truck\/wp-json\/wp\/v2\/media?parent=45126"}],"wp:term":[{"taxonomy":"category","embeddable":true,"href":"https:\/\/www.krafthand.de\/truck\/wp-json\/wp\/v2\/categories?post=45126"},{"taxonomy":"post_tag","embeddable":true,"href":"https:\/\/www.krafthand.de\/truck\/wp-json\/wp\/v2\/tags?post=45126"},{"taxonomy":"settings","embeddable":true,"href":"https:\/\/www.krafthand.de\/truck\/wp-json\/wp\/v2\/settings?post=45126"}],"curies":[{"name":"wp","href":"https:\/\/api.w.org\/{rel}","templated":true}]}}