{"id":45088,"date":"2026-01-14T11:22:13","date_gmt":"2026-01-14T10:22:13","guid":{"rendered":"https:\/\/www.krafthand.de\/truck\/?p=45088"},"modified":"2026-01-14T11:22:52","modified_gmt":"2026-01-14T10:22:52","slug":"fuso-truck-emil-frey-group-wird-generalvertriebspartner-in-21-europaeischen-laendern","status":"publish","type":"post","link":"https:\/\/www.krafthand.de\/truck\/artikel\/fuso-truck-emil-frey-group-wird-generalvertriebspartner-in-21-europaeischen-laendern-45088\/","title":{"rendered":"FUSO Truck: Emil Frey Group wird Generalvertriebspartner in Europa"},"content":{"rendered":"<p>Die Mitsubishi FUSO Truck and Bus Corporation (MFTBC), eine Tochtergesellschaft der Daimler Truck AG, wird k\u00fcnftig mit der Emil Frey Group zusammenarbeiten. Frey wird als Generalvertriebspartner in 21 europ\u00e4ischen L\u00e4ndern fungieren. Das Unternehmen mit Hauptsitz in der Schweiz, \u00fcbernimmt den Verkauf, Aftersales und das Servicegesch\u00e4ft f\u00fcr FUSO Lkw.<\/p>\n<p>Die Neuorganisation des europ\u00e4ischen Vertriebs der Marke FUSO erfolge laut Daimler Truck\u00a0 im Rahmen der Integration der Marken FUSO und Hino unter der neuen Holdinggesellschaft ARCHION, die zum 1. April 2026 ihre Gesch\u00e4ftst\u00e4tigkeit aufnehmen wird. Leicht-Lkw der Marke <a href=\"https:\/\/www.daimlertruck.com\/produkte\/trucks\/fuso\" target=\"_blank\" rel=\"noopener\">FUSO<\/a> werden auch weiterhin in allen heutigen europ\u00e4ischen M\u00e4rkten verf\u00fcgbar sein.<\/p>\n<p>Die strategische Partnerschaft zwischen MFTBC und der <a href=\"https:\/\/www.emilfrey.ch\/de\/emil-frey-gruppe\/wir-ueber-uns\" target=\"_blank\" rel=\"noopener\">Emil Frey Group<\/a> umfasst die folgenden L\u00e4nder: Albanien, Bosnien und Herzegowina, Bulgarien, Deutschland, Frankreich, Griechenland, Kroatien, Kosovo, Liechtenstein, Monaco, Montenegro, Nordmazedonien, \u00d6sterreich, Polen, Rum\u00e4nien, Schweiz, Serbien, Slowakei, Slowenien, Tschechische Republik, Ungarn.<\/p>\n<div class=\"infobox box-grey\"><\/p>\n<h4>Hintergrund: \u00dcber die Emil Frey Group<\/h4>\n<p>Die Emil Frey Group ist ein zu 100 % in Familienbesitz befindliches Unternehmen, das 1924 in Z\u00fcrich (Schweiz) vom Automechaniker Emil Frey gegr\u00fcndet wurde. Sie z\u00e4hlt zu den f\u00fchrenden Mobilit\u00e4tsanbietern Europas und verf\u00fcgt \u00fcber ein umfangreiches Vertriebs- und Servicenetzwerk f\u00fcr Personenwagen, leichte Nutzfahrzeuge, Lastwagen, Busse, Landmaschinen und Motorr\u00e4der sowie \u00fcber die entsprechenden Finanz- und Logistikdienstleistungen. Kundinnen und Kunden k\u00f6nnen zwischen klassischen Handelsbetrieben und modernsten digitalen Verkaufsplattformen w\u00e4hlen. Mit rund 25.000 Mitarbeitenden verkauft die Emil Frey Group j\u00e4hrlich mehr als 600.000 Fahrzeuge in 20 europ\u00e4ischen L\u00e4ndern.<\/p>\n<p><\/div>\n","protected":false},"excerpt":{"rendered":"<p>Die Mitsubishi FUSO Truck and Bus Corporation (MFTBC), eine Tochtergesellschaft der Daimler Truck AG, wird k\u00fcnftig mit der Emil Frey Group zusammenarbeiten. Frey wird als Generalvertriebspartner in 21 europ\u00e4ischen L\u00e4ndern fungieren. <span class=\"excerpt-more__dots\">&#8230;<\/span> <a class=\"excerpt-more__link\" href=\"https:\/\/www.krafthand.de\/truck\/artikel\/fuso-truck-emil-frey-group-wird-generalvertriebspartner-in-21-europaeischen-laendern-45088\/\" >weiter<\/a><\/p>\n","protected":false},"author":9,"featured_media":45093,"comment_status":"closed","ping_status":"closed","sticky":false,"template":"","format":"standard","meta":{"footnotes":""},"categories":[4915,4235],"tags":[4492,6391,2708,4712,4862],"settings":[4766,3523],"class_list":["post-45088","post","type-post","status-publish","format-standard","has-post-thumbnail","hentry","category-neue-fahrzeuge","category-unternehmen","tag-daimler-truck","tag-emil-frey","tag-fuso","tag-fuso-canter","tag-fuso-ecanter"],"yoast_head":"<!-- This site is optimized with the Yoast SEO plugin v27.3 - https:\/\/yoast.com\/product\/yoast-seo-wordpress\/ -->\n<title>FUSO Truck: Emil Frey Group wird Generalvertriebspartner in Europa - Krafthand-Truck<\/title>\n<meta name=\"description\" content=\"Die Mitsubishi FUSO Truck and Bus Corporation, eine Tochtergesellschaft der Daimler Truck AG, arbeitet k\u00fcnftig mit der Emil Frey Group zusammen.\" \/>\n<meta name=\"robots\" content=\"index, follow, max-snippet:-1, max-image-preview:large, max-video-preview:-1\" \/>\n<link rel=\"canonical\" href=\"https:\/\/www.krafthand.de\/truck\/artikel\/fuso-truck-emil-frey-group-wird-generalvertriebspartner-in-21-europaeischen-laendern-45088\/\" \/>\n<meta property=\"og:locale\" content=\"de_DE\" \/>\n<meta property=\"og:type\" content=\"article\" \/>\n<meta property=\"og:title\" content=\"FUSO Truck: Emil Frey Group wird Generalvertriebspartner in Europa - Krafthand-Truck\" \/>\n<meta property=\"og:description\" content=\"Die Mitsubishi FUSO Truck and Bus Corporation, eine Tochtergesellschaft der Daimler Truck AG, arbeitet k\u00fcnftig mit der Emil Frey Group zusammen.\" \/>\n<meta property=\"og:url\" content=\"https:\/\/www.krafthand-truck.de\/artikel\/fuso-truck-emil-frey-group-wird-generalvertriebspartner-in-21-europaeischen-laendern-45088\/\" \/>\n<meta property=\"og:site_name\" content=\"Krafthand-Truck\" \/>\n<meta property=\"article:published_time\" content=\"2026-01-14T10:22:13+00:00\" \/>\n<meta property=\"article:modified_time\" content=\"2026-01-14T10:22:52+00:00\" \/>\n<meta property=\"og:image\" content=\"https:\/\/static.krafthand-truck.de\/uploads\/2026\/01\/Daimler_Truck_FUSO_Emyl_Frey_Gruppe.jpg\" \/>\n\t<meta property=\"og:image:width\" content=\"1200\" \/>\n\t<meta property=\"og:image:height\" content=\"785\" \/>\n\t<meta property=\"og:image:type\" content=\"image\/jpeg\" \/>\n<meta name=\"author\" content=\"georg.blenk@krafthand-medien.de\" \/>\n<meta name=\"twitter:card\" content=\"summary_large_image\" \/>\n<meta name=\"twitter:label1\" content=\"Verfasst von\" \/>\n\t<meta name=\"twitter:data1\" content=\"georg.blenk@krafthand-medien.de\" \/>\n\t<meta name=\"twitter:label2\" content=\"Gesch\u00e4tzte Lesezeit\" \/>\n\t<meta name=\"twitter:data2\" content=\"2\u00a0Minuten\" \/>\n<script type=\"application\/ld+json\" class=\"yoast-schema-graph\">{\"@context\":\"https:\\\/\\\/schema.org\",\"@graph\":[{\"@type\":\"Article\",\"@id\":\"https:\\\/\\\/www.krafthand.de\\\/truck\\\/artikel\\\/fuso-truck-emil-frey-group-wird-generalvertriebspartner-in-21-europaeischen-laendern-45088\\\/#article\",\"isPartOf\":{\"@id\":\"https:\\\/\\\/www.krafthand.de\\\/truck\\\/artikel\\\/fuso-truck-emil-frey-group-wird-generalvertriebspartner-in-21-europaeischen-laendern-45088\\\/\"},\"author\":{\"name\":\"georg.blenk@krafthand-medien.de\",\"@id\":\"https:\\\/\\\/www.krafthand.de\\\/truck\\\/#\\\/schema\\\/person\\\/51fa80b1c57034c4bf63f9f988fc24ce\"},\"headline\":\"FUSO Truck: Emil Frey Group wird Generalvertriebspartner in Europa\",\"datePublished\":\"2026-01-14T10:22:13+00:00\",\"dateModified\":\"2026-01-14T10:22:52+00:00\",\"mainEntityOfPage\":{\"@id\":\"https:\\\/\\\/www.krafthand.de\\\/truck\\\/artikel\\\/fuso-truck-emil-frey-group-wird-generalvertriebspartner-in-21-europaeischen-laendern-45088\\\/\"},\"wordCount\":254,\"image\":{\"@id\":\"https:\\\/\\\/www.krafthand.de\\\/truck\\\/artikel\\\/fuso-truck-emil-frey-group-wird-generalvertriebspartner-in-21-europaeischen-laendern-45088\\\/#primaryimage\"},\"thumbnailUrl\":\"https:\\\/\\\/static.krafthand-truck.de\\\/uploads\\\/2026\\\/01\\\/Daimler_Truck_FUSO_Emyl_Frey_Gruppe.jpg\",\"keywords\":[\"Daimler Truck\",\"Emil Frey\",\"Fuso\",\"Fuso Canter\",\"Fuso eCanter\"],\"articleSection\":[\"Neue Fahrzeuge\",\"Unternehmen\"],\"inLanguage\":\"de\"},{\"@type\":\"WebPage\",\"@id\":\"https:\\\/\\\/www.krafthand.de\\\/truck\\\/artikel\\\/fuso-truck-emil-frey-group-wird-generalvertriebspartner-in-21-europaeischen-laendern-45088\\\/\",\"url\":\"https:\\\/\\\/www.krafthand.de\\\/truck\\\/artikel\\\/fuso-truck-emil-frey-group-wird-generalvertriebspartner-in-21-europaeischen-laendern-45088\\\/\",\"name\":\"FUSO Truck: Emil Frey Group wird Generalvertriebspartner in Europa - Krafthand-Truck\",\"isPartOf\":{\"@id\":\"https:\\\/\\\/www.krafthand.de\\\/truck\\\/#website\"},\"primaryImageOfPage\":{\"@id\":\"https:\\\/\\\/www.krafthand.de\\\/truck\\\/artikel\\\/fuso-truck-emil-frey-group-wird-generalvertriebspartner-in-21-europaeischen-laendern-45088\\\/#primaryimage\"},\"image\":{\"@id\":\"https:\\\/\\\/www.krafthand.de\\\/truck\\\/artikel\\\/fuso-truck-emil-frey-group-wird-generalvertriebspartner-in-21-europaeischen-laendern-45088\\\/#primaryimage\"},\"thumbnailUrl\":\"https:\\\/\\\/static.krafthand-truck.de\\\/uploads\\\/2026\\\/01\\\/Daimler_Truck_FUSO_Emyl_Frey_Gruppe.jpg\",\"datePublished\":\"2026-01-14T10:22:13+00:00\",\"dateModified\":\"2026-01-14T10:22:52+00:00\",\"author\":{\"@id\":\"https:\\\/\\\/www.krafthand.de\\\/truck\\\/#\\\/schema\\\/person\\\/51fa80b1c57034c4bf63f9f988fc24ce\"},\"description\":\"Die Mitsubishi FUSO Truck and Bus Corporation, eine Tochtergesellschaft der Daimler Truck AG, arbeitet k\u00fcnftig mit der Emil Frey Group zusammen.\",\"breadcrumb\":{\"@id\":\"https:\\\/\\\/www.krafthand.de\\\/truck\\\/artikel\\\/fuso-truck-emil-frey-group-wird-generalvertriebspartner-in-21-europaeischen-laendern-45088\\\/#breadcrumb\"},\"inLanguage\":\"de\",\"potentialAction\":[{\"@type\":\"ReadAction\",\"target\":[\"https:\\\/\\\/www.krafthand.de\\\/truck\\\/artikel\\\/fuso-truck-emil-frey-group-wird-generalvertriebspartner-in-21-europaeischen-laendern-45088\\\/\"]}]},{\"@type\":\"ImageObject\",\"inLanguage\":\"de\",\"@id\":\"https:\\\/\\\/www.krafthand.de\\\/truck\\\/artikel\\\/fuso-truck-emil-frey-group-wird-generalvertriebspartner-in-21-europaeischen-laendern-45088\\\/#primaryimage\",\"url\":\"https:\\\/\\\/static.krafthand-truck.de\\\/uploads\\\/2026\\\/01\\\/Daimler_Truck_FUSO_Emyl_Frey_Gruppe.jpg\",\"contentUrl\":\"https:\\\/\\\/static.krafthand-truck.de\\\/uploads\\\/2026\\\/01\\\/Daimler_Truck_FUSO_Emyl_Frey_Gruppe.jpg\",\"width\":1200,\"height\":785},{\"@type\":\"BreadcrumbList\",\"@id\":\"https:\\\/\\\/www.krafthand.de\\\/truck\\\/artikel\\\/fuso-truck-emil-frey-group-wird-generalvertriebspartner-in-21-europaeischen-laendern-45088\\\/#breadcrumb\",\"itemListElement\":[{\"@type\":\"ListItem\",\"position\":1,\"name\":\"Krafthand-Truck\",\"item\":\"https:\\\/\\\/www.krafthand.de\\\/truck\\\/\"},{\"@type\":\"ListItem\",\"position\":2,\"name\":\"Nfz-Branche\",\"item\":\"https:\\\/\\\/www.krafthand.de\\\/truck\\\/kategorie\\\/branche\\\/\"},{\"@type\":\"ListItem\",\"position\":3,\"name\":\"Unternehmen\",\"item\":\"https:\\\/\\\/www.krafthand.de\\\/truck\\\/kategorie\\\/branche\\\/unternehmen\\\/\"},{\"@type\":\"ListItem\",\"position\":4,\"name\":\"FUSO Truck: Emil Frey Group wird Generalvertriebspartner in Europa\"}]},{\"@type\":\"WebSite\",\"@id\":\"https:\\\/\\\/www.krafthand.de\\\/truck\\\/#website\",\"url\":\"https:\\\/\\\/www.krafthand.de\\\/truck\\\/\",\"name\":\"Krafthand-Truck\",\"description\":\"\",\"potentialAction\":[{\"@type\":\"SearchAction\",\"target\":{\"@type\":\"EntryPoint\",\"urlTemplate\":\"https:\\\/\\\/www.krafthand.de\\\/truck\\\/?s={search_term_string}\"},\"query-input\":{\"@type\":\"PropertyValueSpecification\",\"valueRequired\":true,\"valueName\":\"search_term_string\"}}],\"inLanguage\":\"de\"},{\"@type\":\"Person\",\"@id\":\"https:\\\/\\\/www.krafthand.de\\\/truck\\\/#\\\/schema\\\/person\\\/51fa80b1c57034c4bf63f9f988fc24ce\",\"name\":\"georg.blenk@krafthand-medien.de\",\"image\":{\"@type\":\"ImageObject\",\"inLanguage\":\"de\",\"@id\":\"https:\\\/\\\/secure.gravatar.com\\\/avatar\\\/93713c30affe0aa95d3a4130e499bb1abee2eb31adbdd9ce2aa1543538490215?s=96&d=mm&r=g\",\"url\":\"https:\\\/\\\/secure.gravatar.com\\\/avatar\\\/93713c30affe0aa95d3a4130e499bb1abee2eb31adbdd9ce2aa1543538490215?s=96&d=mm&r=g\",\"contentUrl\":\"https:\\\/\\\/secure.gravatar.com\\\/avatar\\\/93713c30affe0aa95d3a4130e499bb1abee2eb31adbdd9ce2aa1543538490215?s=96&d=mm&r=g\",\"caption\":\"georg.blenk@krafthand-medien.de\"}}]}<\/script>\n<!-- \/ Yoast SEO plugin. -->","yoast_head_json":{"title":"FUSO Truck: Emil Frey Group wird Generalvertriebspartner in Europa - Krafthand-Truck","description":"Die Mitsubishi FUSO Truck and Bus Corporation, eine Tochtergesellschaft der Daimler Truck AG, arbeitet k\u00fcnftig mit der Emil Frey Group zusammen.","robots":{"index":"index","follow":"follow","max-snippet":"max-snippet:-1","max-image-preview":"max-image-preview:large","max-video-preview":"max-video-preview:-1"},"canonical":"https:\/\/www.krafthand.de\/truck\/artikel\/fuso-truck-emil-frey-group-wird-generalvertriebspartner-in-21-europaeischen-laendern-45088\/","og_locale":"de_DE","og_type":"article","og_title":"FUSO Truck: Emil Frey Group wird Generalvertriebspartner in Europa - Krafthand-Truck","og_description":"Die Mitsubishi FUSO Truck and Bus Corporation, eine Tochtergesellschaft der Daimler Truck AG, arbeitet k\u00fcnftig mit der Emil Frey Group zusammen.","og_url":"https:\/\/www.krafthand-truck.de\/artikel\/fuso-truck-emil-frey-group-wird-generalvertriebspartner-in-21-europaeischen-laendern-45088\/","og_site_name":"Krafthand-Truck","article_published_time":"2026-01-14T10:22:13+00:00","article_modified_time":"2026-01-14T10:22:52+00:00","og_image":[{"width":1200,"height":785,"url":"https:\/\/static.krafthand-truck.de\/uploads\/2026\/01\/Daimler_Truck_FUSO_Emyl_Frey_Gruppe.jpg","type":"image\/jpeg"}],"author":"georg.blenk@krafthand-medien.de","twitter_card":"summary_large_image","twitter_misc":{"Verfasst von":"georg.blenk@krafthand-medien.de","Gesch\u00e4tzte Lesezeit":"2\u00a0Minuten"},"schema":{"@context":"https:\/\/schema.org","@graph":[{"@type":"Article","@id":"https:\/\/www.krafthand.de\/truck\/artikel\/fuso-truck-emil-frey-group-wird-generalvertriebspartner-in-21-europaeischen-laendern-45088\/#article","isPartOf":{"@id":"https:\/\/www.krafthand.de\/truck\/artikel\/fuso-truck-emil-frey-group-wird-generalvertriebspartner-in-21-europaeischen-laendern-45088\/"},"author":{"name":"georg.blenk@krafthand-medien.de","@id":"https:\/\/www.krafthand.de\/truck\/#\/schema\/person\/51fa80b1c57034c4bf63f9f988fc24ce"},"headline":"FUSO Truck: Emil Frey Group wird Generalvertriebspartner in Europa","datePublished":"2026-01-14T10:22:13+00:00","dateModified":"2026-01-14T10:22:52+00:00","mainEntityOfPage":{"@id":"https:\/\/www.krafthand.de\/truck\/artikel\/fuso-truck-emil-frey-group-wird-generalvertriebspartner-in-21-europaeischen-laendern-45088\/"},"wordCount":254,"image":{"@id":"https:\/\/www.krafthand.de\/truck\/artikel\/fuso-truck-emil-frey-group-wird-generalvertriebspartner-in-21-europaeischen-laendern-45088\/#primaryimage"},"thumbnailUrl":"https:\/\/static.krafthand-truck.de\/uploads\/2026\/01\/Daimler_Truck_FUSO_Emyl_Frey_Gruppe.jpg","keywords":["Daimler Truck","Emil Frey","Fuso","Fuso Canter","Fuso eCanter"],"articleSection":["Neue Fahrzeuge","Unternehmen"],"inLanguage":"de"},{"@type":"WebPage","@id":"https:\/\/www.krafthand.de\/truck\/artikel\/fuso-truck-emil-frey-group-wird-generalvertriebspartner-in-21-europaeischen-laendern-45088\/","url":"https:\/\/www.krafthand.de\/truck\/artikel\/fuso-truck-emil-frey-group-wird-generalvertriebspartner-in-21-europaeischen-laendern-45088\/","name":"FUSO Truck: Emil Frey Group wird Generalvertriebspartner in Europa - Krafthand-Truck","isPartOf":{"@id":"https:\/\/www.krafthand.de\/truck\/#website"},"primaryImageOfPage":{"@id":"https:\/\/www.krafthand.de\/truck\/artikel\/fuso-truck-emil-frey-group-wird-generalvertriebspartner-in-21-europaeischen-laendern-45088\/#primaryimage"},"image":{"@id":"https:\/\/www.krafthand.de\/truck\/artikel\/fuso-truck-emil-frey-group-wird-generalvertriebspartner-in-21-europaeischen-laendern-45088\/#primaryimage"},"thumbnailUrl":"https:\/\/static.krafthand-truck.de\/uploads\/2026\/01\/Daimler_Truck_FUSO_Emyl_Frey_Gruppe.jpg","datePublished":"2026-01-14T10:22:13+00:00","dateModified":"2026-01-14T10:22:52+00:00","author":{"@id":"https:\/\/www.krafthand.de\/truck\/#\/schema\/person\/51fa80b1c57034c4bf63f9f988fc24ce"},"description":"Die Mitsubishi FUSO Truck and Bus Corporation, eine Tochtergesellschaft der Daimler Truck AG, arbeitet k\u00fcnftig mit der Emil Frey Group zusammen.","breadcrumb":{"@id":"https:\/\/www.krafthand.de\/truck\/artikel\/fuso-truck-emil-frey-group-wird-generalvertriebspartner-in-21-europaeischen-laendern-45088\/#breadcrumb"},"inLanguage":"de","potentialAction":[{"@type":"ReadAction","target":["https:\/\/www.krafthand.de\/truck\/artikel\/fuso-truck-emil-frey-group-wird-generalvertriebspartner-in-21-europaeischen-laendern-45088\/"]}]},{"@type":"ImageObject","inLanguage":"de","@id":"https:\/\/www.krafthand.de\/truck\/artikel\/fuso-truck-emil-frey-group-wird-generalvertriebspartner-in-21-europaeischen-laendern-45088\/#primaryimage","url":"https:\/\/static.krafthand-truck.de\/uploads\/2026\/01\/Daimler_Truck_FUSO_Emyl_Frey_Gruppe.jpg","contentUrl":"https:\/\/static.krafthand-truck.de\/uploads\/2026\/01\/Daimler_Truck_FUSO_Emyl_Frey_Gruppe.jpg","width":1200,"height":785},{"@type":"BreadcrumbList","@id":"https:\/\/www.krafthand.de\/truck\/artikel\/fuso-truck-emil-frey-group-wird-generalvertriebspartner-in-21-europaeischen-laendern-45088\/#breadcrumb","itemListElement":[{"@type":"ListItem","position":1,"name":"Krafthand-Truck","item":"https:\/\/www.krafthand.de\/truck\/"},{"@type":"ListItem","position":2,"name":"Nfz-Branche","item":"https:\/\/www.krafthand.de\/truck\/kategorie\/branche\/"},{"@type":"ListItem","position":3,"name":"Unternehmen","item":"https:\/\/www.krafthand.de\/truck\/kategorie\/branche\/unternehmen\/"},{"@type":"ListItem","position":4,"name":"FUSO Truck: Emil Frey Group wird Generalvertriebspartner in Europa"}]},{"@type":"WebSite","@id":"https:\/\/www.krafthand.de\/truck\/#website","url":"https:\/\/www.krafthand.de\/truck\/","name":"Krafthand-Truck","description":"","potentialAction":[{"@type":"SearchAction","target":{"@type":"EntryPoint","urlTemplate":"https:\/\/www.krafthand.de\/truck\/?s={search_term_string}"},"query-input":{"@type":"PropertyValueSpecification","valueRequired":true,"valueName":"search_term_string"}}],"inLanguage":"de"},{"@type":"Person","@id":"https:\/\/www.krafthand.de\/truck\/#\/schema\/person\/51fa80b1c57034c4bf63f9f988fc24ce","name":"georg.blenk@krafthand-medien.de","image":{"@type":"ImageObject","inLanguage":"de","@id":"https:\/\/secure.gravatar.com\/avatar\/93713c30affe0aa95d3a4130e499bb1abee2eb31adbdd9ce2aa1543538490215?s=96&d=mm&r=g","url":"https:\/\/secure.gravatar.com\/avatar\/93713c30affe0aa95d3a4130e499bb1abee2eb31adbdd9ce2aa1543538490215?s=96&d=mm&r=g","contentUrl":"https:\/\/secure.gravatar.com\/avatar\/93713c30affe0aa95d3a4130e499bb1abee2eb31adbdd9ce2aa1543538490215?s=96&d=mm&r=g","caption":"georg.blenk@krafthand-medien.de"}}]}},"_links":{"self":[{"href":"https:\/\/www.krafthand.de\/truck\/wp-json\/wp\/v2\/posts\/45088","targetHints":{"allow":["GET"]}}],"collection":[{"href":"https:\/\/www.krafthand.de\/truck\/wp-json\/wp\/v2\/posts"}],"about":[{"href":"https:\/\/www.krafthand.de\/truck\/wp-json\/wp\/v2\/types\/post"}],"author":[{"embeddable":true,"href":"https:\/\/www.krafthand.de\/truck\/wp-json\/wp\/v2\/users\/9"}],"replies":[{"embeddable":true,"href":"https:\/\/www.krafthand.de\/truck\/wp-json\/wp\/v2\/comments?post=45088"}],"version-history":[{"count":9,"href":"https:\/\/www.krafthand.de\/truck\/wp-json\/wp\/v2\/posts\/45088\/revisions"}],"predecessor-version":[{"id":45098,"href":"https:\/\/www.krafthand.de\/truck\/wp-json\/wp\/v2\/posts\/45088\/revisions\/45098"}],"wp:featuredmedia":[{"embeddable":true,"href":"https:\/\/www.krafthand.de\/truck\/wp-json\/wp\/v2\/media\/45093"}],"wp:attachment":[{"href":"https:\/\/www.krafthand.de\/truck\/wp-json\/wp\/v2\/media?parent=45088"}],"wp:term":[{"taxonomy":"category","embeddable":true,"href":"https:\/\/www.krafthand.de\/truck\/wp-json\/wp\/v2\/categories?post=45088"},{"taxonomy":"post_tag","embeddable":true,"href":"https:\/\/www.krafthand.de\/truck\/wp-json\/wp\/v2\/tags?post=45088"},{"taxonomy":"settings","embeddable":true,"href":"https:\/\/www.krafthand.de\/truck\/wp-json\/wp\/v2\/settings?post=45088"}],"curies":[{"name":"wp","href":"https:\/\/api.w.org\/{rel}","templated":true}]}}