{"id":45062,"date":"2026-01-08T15:01:29","date_gmt":"2026-01-08T14:01:29","guid":{"rendered":"https:\/\/www.krafthand.de\/truck\/?p=45062"},"modified":"2026-01-08T15:09:00","modified_gmt":"2026-01-08T14:09:00","slug":"mannol-mit-neuem-logistikzentrum-in-braunschweig","status":"publish","type":"post","link":"https:\/\/www.krafthand.de\/truck\/artikel\/mannol-mit-neuem-logistikzentrum-in-braunschweig-45062\/","title":{"rendered":"MANNOL mit neuem Logistikzentrum in Braunschweig"},"content":{"rendered":"<p>Der Spezialist f\u00fcr Schmierstoffe MANNOL baut sein globales Distributionsnetzwerk weiter aus. Neben dem bestehenden Logistikzentrum am Hauptsitz in Wedel bei Hamburg, betreibt das Unternehmen nun auch in Braunschweig ein entsprechendes Auslieferungslager. Der neue Standort dient laut Mannol als wichtige Drehscheibe f\u00fcr den Vertrieb von Produkten nach Mittel- und S\u00fcddeutschland. F\u00fcr die Lagerung, Kommissionierung und den Versand stehen rund 7.000 Quadratmeter Fl\u00e4che mit mehr als 8.900 Palettenstellpl\u00e4tzen zur Verf\u00fcgung.<\/p>\n<p>Die Infrastruktur des neuen Logistikzentrums wurde an die spezifischen Anforderungen angepasst. Im Mittelpunkt stehen laut Angaben automatisierte Prozesse, digitale Buchungssysteme und eine integrierte Abwicklung von Dropshipping-Bestellungen (Bestellungen im Kundenauftrag). Eine neue, skalierbare Packstation beschleunigt die Versandprozesse. Die Kundenauftr\u00e4ge k\u00f6nnten Just-in-Time bearbeitet und versandfertig gemacht werden.<\/p>\n<p>Das neue Logistikzentrum hat bereits im Sommer 2025 seinen Betrieb aufgenommen. Nach der erfolgreich absolvierten Anlaufphase k\u00f6nnen dort nun t\u00e4glich bis zu 15 Lkw f\u00fcr das Gro\u00dfkundengesch\u00e4ft be- und entladen werden. F\u00fcr eine konstant hohe Lieferf\u00e4higkeit sind in den f\u00fcnfgeschossigen Regalsystemen dauerhaft \u00fcber 2.000 verschiedene Artikelvarianten verf\u00fcgbar \u2013 von Motor- und Getriebe\u00f6len \u00fcber zahlreiche Betriebsfl\u00fcssigkeiten bis hin zu Spezialprodukten f\u00fcr Industrie und Handel.<\/p>\n<p><a href=\"https:\/\/www.mannol.de\/de\" target=\"_blank\" rel=\"noopener\">MANNOL<\/a> hat mit dem neuen Standort 15 Arbeitspl\u00e4tze geschaffen, mit der Perspektive, das Team bei weiterem Wachstum auf bis zu 35 Mitarbeitende zu erweitern.<\/p>\n","protected":false},"excerpt":{"rendered":"<p>Der Spezialist f\u00fcr Schmierstoffe MANNOL baut sein globales Distributionsnetzwerk weiter aus. Neben dem bestehenden Logistikzentrum am Hauptsitz in Wedel bei Hamburg, betreibt das Unternehmen nun auch in Braunschweig ein entsprechendes Auslieferungslager. <span class=\"excerpt-more__dots\">&#8230;<\/span> <a class=\"excerpt-more__link\" href=\"https:\/\/www.krafthand.de\/truck\/artikel\/mannol-mit-neuem-logistikzentrum-in-braunschweig-45062\/\" >weiter<\/a><\/p>\n","protected":false},"author":9,"featured_media":45067,"comment_status":"closed","ping_status":"closed","sticky":false,"template":"","format":"standard","meta":{"footnotes":""},"categories":[4253,4235],"tags":[6185,6139],"settings":[4766,3523],"class_list":["post-45062","post","type-post","status-publish","format-standard","has-post-thumbnail","hentry","category-schmierstoffe","category-unternehmen","tag-mannol","tag-schmierstoffe"],"yoast_head":"<!-- This site is optimized with the Yoast SEO plugin v27.3 - https:\/\/yoast.com\/product\/yoast-seo-wordpress\/ -->\n<title>Mannol mit neuem Logistikzentrum I Krafthand-Truck<\/title>\n<meta name=\"description\" content=\"Neben dem Logistikzentrum in Wedel bei Hamburg, betreibt MANNOL nun auch in Braunschweig ein entsprechendes Auslieferungslager.\" \/>\n<meta name=\"robots\" content=\"index, follow, max-snippet:-1, max-image-preview:large, max-video-preview:-1\" \/>\n<link rel=\"canonical\" href=\"https:\/\/www.krafthand.de\/truck\/artikel\/mannol-mit-neuem-logistikzentrum-in-braunschweig-45062\/\" \/>\n<meta property=\"og:locale\" content=\"de_DE\" \/>\n<meta property=\"og:type\" content=\"article\" \/>\n<meta property=\"og:title\" content=\"Mannol mit neuem Logistikzentrum I Krafthand-Truck\" \/>\n<meta property=\"og:description\" content=\"Neben dem Logistikzentrum in Wedel bei Hamburg, betreibt MANNOL nun auch in Braunschweig ein entsprechendes Auslieferungslager.\" \/>\n<meta property=\"og:url\" content=\"https:\/\/www.krafthand-truck.de\/artikel\/mannol-mit-neuem-logistikzentrum-in-braunschweig-45062\/\" \/>\n<meta property=\"og:site_name\" content=\"Krafthand-Truck\" \/>\n<meta property=\"article:published_time\" content=\"2026-01-08T14:01:29+00:00\" \/>\n<meta property=\"article:modified_time\" content=\"2026-01-08T14:09:00+00:00\" \/>\n<meta property=\"og:image\" content=\"https:\/\/static.krafthand-truck.de\/uploads\/2026\/01\/MANNOL_Logistikzentrum_Braunschweig.jpg\" \/>\n\t<meta property=\"og:image:width\" content=\"1200\" \/>\n\t<meta property=\"og:image:height\" content=\"771\" \/>\n\t<meta property=\"og:image:type\" content=\"image\/jpeg\" \/>\n<meta name=\"author\" content=\"georg.blenk@krafthand-medien.de\" \/>\n<meta name=\"twitter:card\" content=\"summary_large_image\" \/>\n<meta name=\"twitter:label1\" content=\"Verfasst von\" \/>\n\t<meta name=\"twitter:data1\" content=\"georg.blenk@krafthand-medien.de\" \/>\n\t<meta name=\"twitter:label2\" content=\"Gesch\u00e4tzte Lesezeit\" \/>\n\t<meta name=\"twitter:data2\" content=\"2\u00a0Minuten\" \/>\n<script type=\"application\/ld+json\" class=\"yoast-schema-graph\">{\"@context\":\"https:\\\/\\\/schema.org\",\"@graph\":[{\"@type\":\"Article\",\"@id\":\"https:\\\/\\\/www.krafthand.de\\\/truck\\\/artikel\\\/mannol-mit-neuem-logistikzentrum-in-braunschweig-45062\\\/#article\",\"isPartOf\":{\"@id\":\"https:\\\/\\\/www.krafthand.de\\\/truck\\\/artikel\\\/mannol-mit-neuem-logistikzentrum-in-braunschweig-45062\\\/\"},\"author\":{\"name\":\"georg.blenk@krafthand-medien.de\",\"@id\":\"https:\\\/\\\/www.krafthand.de\\\/truck\\\/#\\\/schema\\\/person\\\/51fa80b1c57034c4bf63f9f988fc24ce\"},\"headline\":\"MANNOL mit neuem Logistikzentrum in Braunschweig\",\"datePublished\":\"2026-01-08T14:01:29+00:00\",\"dateModified\":\"2026-01-08T14:09:00+00:00\",\"mainEntityOfPage\":{\"@id\":\"https:\\\/\\\/www.krafthand.de\\\/truck\\\/artikel\\\/mannol-mit-neuem-logistikzentrum-in-braunschweig-45062\\\/\"},\"wordCount\":220,\"image\":{\"@id\":\"https:\\\/\\\/www.krafthand.de\\\/truck\\\/artikel\\\/mannol-mit-neuem-logistikzentrum-in-braunschweig-45062\\\/#primaryimage\"},\"thumbnailUrl\":\"https:\\\/\\\/static.krafthand-truck.de\\\/uploads\\\/2026\\\/01\\\/MANNOL_Logistikzentrum_Braunschweig.jpg\",\"keywords\":[\"Mannol\",\"Schmierstoffe\"],\"articleSection\":[\"Schmier-\\\/Betriebsstoffe\",\"Unternehmen\"],\"inLanguage\":\"de\"},{\"@type\":\"WebPage\",\"@id\":\"https:\\\/\\\/www.krafthand.de\\\/truck\\\/artikel\\\/mannol-mit-neuem-logistikzentrum-in-braunschweig-45062\\\/\",\"url\":\"https:\\\/\\\/www.krafthand.de\\\/truck\\\/artikel\\\/mannol-mit-neuem-logistikzentrum-in-braunschweig-45062\\\/\",\"name\":\"Mannol mit neuem Logistikzentrum I Krafthand-Truck\",\"isPartOf\":{\"@id\":\"https:\\\/\\\/www.krafthand.de\\\/truck\\\/#website\"},\"primaryImageOfPage\":{\"@id\":\"https:\\\/\\\/www.krafthand.de\\\/truck\\\/artikel\\\/mannol-mit-neuem-logistikzentrum-in-braunschweig-45062\\\/#primaryimage\"},\"image\":{\"@id\":\"https:\\\/\\\/www.krafthand.de\\\/truck\\\/artikel\\\/mannol-mit-neuem-logistikzentrum-in-braunschweig-45062\\\/#primaryimage\"},\"thumbnailUrl\":\"https:\\\/\\\/static.krafthand-truck.de\\\/uploads\\\/2026\\\/01\\\/MANNOL_Logistikzentrum_Braunschweig.jpg\",\"datePublished\":\"2026-01-08T14:01:29+00:00\",\"dateModified\":\"2026-01-08T14:09:00+00:00\",\"author\":{\"@id\":\"https:\\\/\\\/www.krafthand.de\\\/truck\\\/#\\\/schema\\\/person\\\/51fa80b1c57034c4bf63f9f988fc24ce\"},\"description\":\"Neben dem Logistikzentrum in Wedel bei Hamburg, betreibt MANNOL nun auch in Braunschweig ein entsprechendes Auslieferungslager.\",\"breadcrumb\":{\"@id\":\"https:\\\/\\\/www.krafthand.de\\\/truck\\\/artikel\\\/mannol-mit-neuem-logistikzentrum-in-braunschweig-45062\\\/#breadcrumb\"},\"inLanguage\":\"de\",\"potentialAction\":[{\"@type\":\"ReadAction\",\"target\":[\"https:\\\/\\\/www.krafthand.de\\\/truck\\\/artikel\\\/mannol-mit-neuem-logistikzentrum-in-braunschweig-45062\\\/\"]}]},{\"@type\":\"ImageObject\",\"inLanguage\":\"de\",\"@id\":\"https:\\\/\\\/www.krafthand.de\\\/truck\\\/artikel\\\/mannol-mit-neuem-logistikzentrum-in-braunschweig-45062\\\/#primaryimage\",\"url\":\"https:\\\/\\\/static.krafthand-truck.de\\\/uploads\\\/2026\\\/01\\\/MANNOL_Logistikzentrum_Braunschweig.jpg\",\"contentUrl\":\"https:\\\/\\\/static.krafthand-truck.de\\\/uploads\\\/2026\\\/01\\\/MANNOL_Logistikzentrum_Braunschweig.jpg\",\"width\":1200,\"height\":771},{\"@type\":\"BreadcrumbList\",\"@id\":\"https:\\\/\\\/www.krafthand.de\\\/truck\\\/artikel\\\/mannol-mit-neuem-logistikzentrum-in-braunschweig-45062\\\/#breadcrumb\",\"itemListElement\":[{\"@type\":\"ListItem\",\"position\":1,\"name\":\"Krafthand-Truck\",\"item\":\"https:\\\/\\\/www.krafthand.de\\\/truck\\\/\"},{\"@type\":\"ListItem\",\"position\":2,\"name\":\"Nfz-Branche\",\"item\":\"https:\\\/\\\/www.krafthand.de\\\/truck\\\/kategorie\\\/branche\\\/\"},{\"@type\":\"ListItem\",\"position\":3,\"name\":\"Unternehmen\",\"item\":\"https:\\\/\\\/www.krafthand.de\\\/truck\\\/kategorie\\\/branche\\\/unternehmen\\\/\"},{\"@type\":\"ListItem\",\"position\":4,\"name\":\"MANNOL mit neuem Logistikzentrum in Braunschweig\"}]},{\"@type\":\"WebSite\",\"@id\":\"https:\\\/\\\/www.krafthand.de\\\/truck\\\/#website\",\"url\":\"https:\\\/\\\/www.krafthand.de\\\/truck\\\/\",\"name\":\"Krafthand-Truck\",\"description\":\"\",\"potentialAction\":[{\"@type\":\"SearchAction\",\"target\":{\"@type\":\"EntryPoint\",\"urlTemplate\":\"https:\\\/\\\/www.krafthand.de\\\/truck\\\/?s={search_term_string}\"},\"query-input\":{\"@type\":\"PropertyValueSpecification\",\"valueRequired\":true,\"valueName\":\"search_term_string\"}}],\"inLanguage\":\"de\"},{\"@type\":\"Person\",\"@id\":\"https:\\\/\\\/www.krafthand.de\\\/truck\\\/#\\\/schema\\\/person\\\/51fa80b1c57034c4bf63f9f988fc24ce\",\"name\":\"georg.blenk@krafthand-medien.de\",\"image\":{\"@type\":\"ImageObject\",\"inLanguage\":\"de\",\"@id\":\"https:\\\/\\\/secure.gravatar.com\\\/avatar\\\/93713c30affe0aa95d3a4130e499bb1abee2eb31adbdd9ce2aa1543538490215?s=96&d=mm&r=g\",\"url\":\"https:\\\/\\\/secure.gravatar.com\\\/avatar\\\/93713c30affe0aa95d3a4130e499bb1abee2eb31adbdd9ce2aa1543538490215?s=96&d=mm&r=g\",\"contentUrl\":\"https:\\\/\\\/secure.gravatar.com\\\/avatar\\\/93713c30affe0aa95d3a4130e499bb1abee2eb31adbdd9ce2aa1543538490215?s=96&d=mm&r=g\",\"caption\":\"georg.blenk@krafthand-medien.de\"}}]}<\/script>\n<!-- \/ Yoast SEO plugin. -->","yoast_head_json":{"title":"Mannol mit neuem Logistikzentrum I Krafthand-Truck","description":"Neben dem Logistikzentrum in Wedel bei Hamburg, betreibt MANNOL nun auch in Braunschweig ein entsprechendes Auslieferungslager.","robots":{"index":"index","follow":"follow","max-snippet":"max-snippet:-1","max-image-preview":"max-image-preview:large","max-video-preview":"max-video-preview:-1"},"canonical":"https:\/\/www.krafthand.de\/truck\/artikel\/mannol-mit-neuem-logistikzentrum-in-braunschweig-45062\/","og_locale":"de_DE","og_type":"article","og_title":"Mannol mit neuem Logistikzentrum I Krafthand-Truck","og_description":"Neben dem Logistikzentrum in Wedel bei Hamburg, betreibt MANNOL nun auch in Braunschweig ein entsprechendes Auslieferungslager.","og_url":"https:\/\/www.krafthand-truck.de\/artikel\/mannol-mit-neuem-logistikzentrum-in-braunschweig-45062\/","og_site_name":"Krafthand-Truck","article_published_time":"2026-01-08T14:01:29+00:00","article_modified_time":"2026-01-08T14:09:00+00:00","og_image":[{"width":1200,"height":771,"url":"https:\/\/static.krafthand-truck.de\/uploads\/2026\/01\/MANNOL_Logistikzentrum_Braunschweig.jpg","type":"image\/jpeg"}],"author":"georg.blenk@krafthand-medien.de","twitter_card":"summary_large_image","twitter_misc":{"Verfasst von":"georg.blenk@krafthand-medien.de","Gesch\u00e4tzte Lesezeit":"2\u00a0Minuten"},"schema":{"@context":"https:\/\/schema.org","@graph":[{"@type":"Article","@id":"https:\/\/www.krafthand.de\/truck\/artikel\/mannol-mit-neuem-logistikzentrum-in-braunschweig-45062\/#article","isPartOf":{"@id":"https:\/\/www.krafthand.de\/truck\/artikel\/mannol-mit-neuem-logistikzentrum-in-braunschweig-45062\/"},"author":{"name":"georg.blenk@krafthand-medien.de","@id":"https:\/\/www.krafthand.de\/truck\/#\/schema\/person\/51fa80b1c57034c4bf63f9f988fc24ce"},"headline":"MANNOL mit neuem Logistikzentrum in Braunschweig","datePublished":"2026-01-08T14:01:29+00:00","dateModified":"2026-01-08T14:09:00+00:00","mainEntityOfPage":{"@id":"https:\/\/www.krafthand.de\/truck\/artikel\/mannol-mit-neuem-logistikzentrum-in-braunschweig-45062\/"},"wordCount":220,"image":{"@id":"https:\/\/www.krafthand.de\/truck\/artikel\/mannol-mit-neuem-logistikzentrum-in-braunschweig-45062\/#primaryimage"},"thumbnailUrl":"https:\/\/static.krafthand-truck.de\/uploads\/2026\/01\/MANNOL_Logistikzentrum_Braunschweig.jpg","keywords":["Mannol","Schmierstoffe"],"articleSection":["Schmier-\/Betriebsstoffe","Unternehmen"],"inLanguage":"de"},{"@type":"WebPage","@id":"https:\/\/www.krafthand.de\/truck\/artikel\/mannol-mit-neuem-logistikzentrum-in-braunschweig-45062\/","url":"https:\/\/www.krafthand.de\/truck\/artikel\/mannol-mit-neuem-logistikzentrum-in-braunschweig-45062\/","name":"Mannol mit neuem Logistikzentrum I Krafthand-Truck","isPartOf":{"@id":"https:\/\/www.krafthand.de\/truck\/#website"},"primaryImageOfPage":{"@id":"https:\/\/www.krafthand.de\/truck\/artikel\/mannol-mit-neuem-logistikzentrum-in-braunschweig-45062\/#primaryimage"},"image":{"@id":"https:\/\/www.krafthand.de\/truck\/artikel\/mannol-mit-neuem-logistikzentrum-in-braunschweig-45062\/#primaryimage"},"thumbnailUrl":"https:\/\/static.krafthand-truck.de\/uploads\/2026\/01\/MANNOL_Logistikzentrum_Braunschweig.jpg","datePublished":"2026-01-08T14:01:29+00:00","dateModified":"2026-01-08T14:09:00+00:00","author":{"@id":"https:\/\/www.krafthand.de\/truck\/#\/schema\/person\/51fa80b1c57034c4bf63f9f988fc24ce"},"description":"Neben dem Logistikzentrum in Wedel bei Hamburg, betreibt MANNOL nun auch in Braunschweig ein entsprechendes Auslieferungslager.","breadcrumb":{"@id":"https:\/\/www.krafthand.de\/truck\/artikel\/mannol-mit-neuem-logistikzentrum-in-braunschweig-45062\/#breadcrumb"},"inLanguage":"de","potentialAction":[{"@type":"ReadAction","target":["https:\/\/www.krafthand.de\/truck\/artikel\/mannol-mit-neuem-logistikzentrum-in-braunschweig-45062\/"]}]},{"@type":"ImageObject","inLanguage":"de","@id":"https:\/\/www.krafthand.de\/truck\/artikel\/mannol-mit-neuem-logistikzentrum-in-braunschweig-45062\/#primaryimage","url":"https:\/\/static.krafthand-truck.de\/uploads\/2026\/01\/MANNOL_Logistikzentrum_Braunschweig.jpg","contentUrl":"https:\/\/static.krafthand-truck.de\/uploads\/2026\/01\/MANNOL_Logistikzentrum_Braunschweig.jpg","width":1200,"height":771},{"@type":"BreadcrumbList","@id":"https:\/\/www.krafthand.de\/truck\/artikel\/mannol-mit-neuem-logistikzentrum-in-braunschweig-45062\/#breadcrumb","itemListElement":[{"@type":"ListItem","position":1,"name":"Krafthand-Truck","item":"https:\/\/www.krafthand.de\/truck\/"},{"@type":"ListItem","position":2,"name":"Nfz-Branche","item":"https:\/\/www.krafthand.de\/truck\/kategorie\/branche\/"},{"@type":"ListItem","position":3,"name":"Unternehmen","item":"https:\/\/www.krafthand.de\/truck\/kategorie\/branche\/unternehmen\/"},{"@type":"ListItem","position":4,"name":"MANNOL mit neuem Logistikzentrum in Braunschweig"}]},{"@type":"WebSite","@id":"https:\/\/www.krafthand.de\/truck\/#website","url":"https:\/\/www.krafthand.de\/truck\/","name":"Krafthand-Truck","description":"","potentialAction":[{"@type":"SearchAction","target":{"@type":"EntryPoint","urlTemplate":"https:\/\/www.krafthand.de\/truck\/?s={search_term_string}"},"query-input":{"@type":"PropertyValueSpecification","valueRequired":true,"valueName":"search_term_string"}}],"inLanguage":"de"},{"@type":"Person","@id":"https:\/\/www.krafthand.de\/truck\/#\/schema\/person\/51fa80b1c57034c4bf63f9f988fc24ce","name":"georg.blenk@krafthand-medien.de","image":{"@type":"ImageObject","inLanguage":"de","@id":"https:\/\/secure.gravatar.com\/avatar\/93713c30affe0aa95d3a4130e499bb1abee2eb31adbdd9ce2aa1543538490215?s=96&d=mm&r=g","url":"https:\/\/secure.gravatar.com\/avatar\/93713c30affe0aa95d3a4130e499bb1abee2eb31adbdd9ce2aa1543538490215?s=96&d=mm&r=g","contentUrl":"https:\/\/secure.gravatar.com\/avatar\/93713c30affe0aa95d3a4130e499bb1abee2eb31adbdd9ce2aa1543538490215?s=96&d=mm&r=g","caption":"georg.blenk@krafthand-medien.de"}}]}},"_links":{"self":[{"href":"https:\/\/www.krafthand.de\/truck\/wp-json\/wp\/v2\/posts\/45062","targetHints":{"allow":["GET"]}}],"collection":[{"href":"https:\/\/www.krafthand.de\/truck\/wp-json\/wp\/v2\/posts"}],"about":[{"href":"https:\/\/www.krafthand.de\/truck\/wp-json\/wp\/v2\/types\/post"}],"author":[{"embeddable":true,"href":"https:\/\/www.krafthand.de\/truck\/wp-json\/wp\/v2\/users\/9"}],"replies":[{"embeddable":true,"href":"https:\/\/www.krafthand.de\/truck\/wp-json\/wp\/v2\/comments?post=45062"}],"version-history":[{"count":6,"href":"https:\/\/www.krafthand.de\/truck\/wp-json\/wp\/v2\/posts\/45062\/revisions"}],"predecessor-version":[{"id":45069,"href":"https:\/\/www.krafthand.de\/truck\/wp-json\/wp\/v2\/posts\/45062\/revisions\/45069"}],"wp:featuredmedia":[{"embeddable":true,"href":"https:\/\/www.krafthand.de\/truck\/wp-json\/wp\/v2\/media\/45067"}],"wp:attachment":[{"href":"https:\/\/www.krafthand.de\/truck\/wp-json\/wp\/v2\/media?parent=45062"}],"wp:term":[{"taxonomy":"category","embeddable":true,"href":"https:\/\/www.krafthand.de\/truck\/wp-json\/wp\/v2\/categories?post=45062"},{"taxonomy":"post_tag","embeddable":true,"href":"https:\/\/www.krafthand.de\/truck\/wp-json\/wp\/v2\/tags?post=45062"},{"taxonomy":"settings","embeddable":true,"href":"https:\/\/www.krafthand.de\/truck\/wp-json\/wp\/v2\/settings?post=45062"}],"curies":[{"name":"wp","href":"https:\/\/api.w.org\/{rel}","templated":true}]}}