{"id":45043,"date":"2026-01-08T12:58:20","date_gmt":"2026-01-08T11:58:20","guid":{"rendered":"https:\/\/www.krafthand.de\/truck\/?p=45043"},"modified":"2026-01-08T13:00:57","modified_gmt":"2026-01-08T12:00:57","slug":"hiltl-trucks-uebernimmt-drei-betriebe-der-goeppl-gruppe-in-nordbayern","status":"publish","type":"post","link":"https:\/\/www.krafthand.de\/truck\/artikel\/hiltl-trucks-uebernimmt-drei-betriebe-der-goeppl-gruppe-in-nordbayern-45043\/","title":{"rendered":"Hiltl Trucks \u00fcbernimmt drei Betriebe der G\u00f6ppl-Gruppe in Nordbayern"},"content":{"rendered":"<p>Die Hiltl Fahrzeugbau GmbH baut ihr Engagement im Nutzfahrzeugbereich weiter aus. Zum ersten Januar hat Hiltl drei bestehende Nutzfahrzeugbetriebe in N\u00fcrnberg, Bamberg und Leupoldsgr\u00fcn \u00fcbernommen. Die Standorte wurden bislang von der G\u00f6ppl Gruppe als DAF Service- und Vertriebspartner betrieben.<\/p>\n<p>Mit der Integration der drei Betriebe m\u00f6chte das Unternehmen mit Hauptsitz in Altdorf in N\u00fcrnberg, das am Markt als Hiltl Trucks bekannt ist, seine regionale Pr\u00e4senz in Nordbayern erweitern und zus\u00e4tzliche Kapazit\u00e4ten entlang der wichtigen Verkehrs- und Wirtschaftsachsen der Region schaffen. Die rund 55 Mitarbeiter der drei Betriebe werden laut Hiltl komplett \u00fcbernommen.<\/p>\n<blockquote><p>\u201eWir wachsen nicht um des Wachstums willen, sondern dort, wo es f\u00fcr unsere Kunden einen echten Mehrwert bringt\u201c, erkl\u00e4rt Anna Holfelder, Gesch\u00e4ftsf\u00fchrerin von Hiltl Trucks. \u201eDie neuen Standorte erg\u00e4nzen unser bestehendes Netzwerk ideal und erm\u00f6glichen es uns, Service, Verf\u00fcgbarkeit und pers\u00f6nliche Betreuung weiter auszubauen.\u201c<\/p><\/blockquote>\n<p>Die \u00dcbernahmen markierten einen wichtigen Meilenstein in der Wachstumsstrategie der Holfelder Holding, die als Muttergesellschaft \u00fcber <a href=\"https:\/\/www.hiltl-nutzfahrzeuge.de\" target=\"_blank\" rel=\"noopener\">Hiltl Trucks<\/a> steht. Ziel sei es, mit Augenma\u00df strategische Potenziale auszusch\u00f6pfen und so den Kunden deutschlandweit als wichtiger Partner im Nutzfahrzeug- und Logistikbereich zur Seite zu stehen. Die Holfelder Holding besch\u00e4ftigt k\u00fcnftig 800 Mitarbeiter an 23 Standorten im gesamten Bundesgebiet.<\/p>\n<h3>Verst\u00e4rkte Pr\u00e4senz in N\u00fcrnberg<\/h3>\n<p>Der neue Standort an der Donaustra\u00dfe in N\u00fcrnberg wird als DAF-Werkstattbetrieb gef\u00fchrt. Angeboten werden unter anderem Inspektionen und Reparaturen f\u00fcr Nutzfahrzeuge, die Unfallinstandsetzung sowie die Instandsetzung von Motoren und Getrieben. Dar\u00fcber hinaus werden s\u00e4mtliche gesetzlich vorgeschriebenen Untersuchungen durchgef\u00fchrt, darunter Abgasuntersuchung (AU), Hauptuntersuchung (HU), Sicherheitspr\u00fcfung (SP), Unfallverh\u00fctungsvorschriften (UVV) und Tachopr\u00fcfungen.<\/p>\n<h3>Neuer Standort in Bamberg<\/h3>\n<p>Bamberg soll laut Hiltl als vollst\u00e4ndiger DAF Handels- und Service-Standort etabliert werden. Zus\u00e4tzlich gibt es vor Ort eine Fiat Professional Service Werkstatt. Zum Leistungsspektrum z\u00e4hlen Inspektionen und Reparaturen, gesetzliche Pr\u00fcfungen, Unfallinstandsetzung sowie Motoren- und Getriebeinstandsetzung.<\/p>\n<h3>Zusammenf\u00fchrung in Hof<\/h3>\n<p>Der neue Standort in Hof dient \u00fcbergangsweise als zweiter Betrieb im Raum Hof neben dem bestehenden Standort in Hof\/K\u00f6ditz. F\u00fcr das Jahr 2026 ist die Errichtung eines neuen Nutzfahrzeugbetriebs in der Ferdinand-Porsche-Stra\u00dfe in Hof geplant, in dem beide Standorte zusammengef\u00fchrt werden. Angeboten werden DAF-Serviceleistungen sowie der Verkauf von Neu- und Gebrauchtfahrzeugen.<\/p>\n","protected":false},"excerpt":{"rendered":"<p>Die Hiltl Fahrzeugbau GmbH baut ihr Engagement im Nutzfahrzeugbereich weiter aus. Zum ersten Januar hat Hiltl drei bestehende Nutzfahrzeugbetriebe in N\u00fcrnberg, Bamberg und Leupoldsgr\u00fcn \u00fcbernommen. <span class=\"excerpt-more__dots\">&#8230;<\/span> <a class=\"excerpt-more__link\" href=\"https:\/\/www.krafthand.de\/truck\/artikel\/hiltl-trucks-uebernimmt-drei-betriebe-der-goeppl-gruppe-in-nordbayern-45043\/\" >weiter<\/a><\/p>\n","protected":false},"author":9,"featured_media":45058,"comment_status":"closed","ping_status":"closed","sticky":false,"template":"","format":"standard","meta":{"footnotes":""},"categories":[4235],"tags":[839,6390,29,6283],"settings":[3523],"class_list":["post-45043","post","type-post","status-publish","format-standard","has-post-thumbnail","hentry","category-unternehmen","tag-daf","tag-hiltl-trucks","tag-iveco","tag-man-truckbus"],"yoast_head":"<!-- This site is optimized with the Yoast SEO plugin v27.3 - https:\/\/yoast.com\/product\/yoast-seo-wordpress\/ -->\n<title>Hiltl expandiert in Nordbayern I Krafthand-Truck<\/title>\n<meta name=\"description\" content=\"Zum ersten Januar hat Hiltl drei bestehende Nutzfahrzeugbetriebe in N\u00fcrnberg, Bamberg und Leupoldsgr\u00fcn \u00fcbernommen.\" \/>\n<meta name=\"robots\" content=\"index, follow, max-snippet:-1, max-image-preview:large, max-video-preview:-1\" \/>\n<link rel=\"canonical\" href=\"https:\/\/www.krafthand.de\/truck\/artikel\/hiltl-trucks-uebernimmt-drei-betriebe-der-goeppl-gruppe-in-nordbayern-45043\/\" \/>\n<meta property=\"og:locale\" content=\"de_DE\" \/>\n<meta property=\"og:type\" content=\"article\" \/>\n<meta property=\"og:title\" content=\"Hiltl expandiert in Nordbayern I Krafthand-Truck\" \/>\n<meta property=\"og:description\" content=\"Zum ersten Januar hat Hiltl drei bestehende Nutzfahrzeugbetriebe in N\u00fcrnberg, Bamberg und Leupoldsgr\u00fcn \u00fcbernommen.\" \/>\n<meta property=\"og:url\" content=\"https:\/\/www.krafthand-truck.de\/artikel\/hiltl-trucks-uebernimmt-drei-betriebe-der-goeppl-gruppe-in-nordbayern-45043\/\" \/>\n<meta property=\"og:site_name\" content=\"Krafthand-Truck\" \/>\n<meta property=\"article:published_time\" content=\"2026-01-08T11:58:20+00:00\" \/>\n<meta property=\"article:modified_time\" content=\"2026-01-08T12:00:57+00:00\" \/>\n<meta property=\"og:image\" content=\"https:\/\/static.krafthand-truck.de\/uploads\/2026\/01\/Hiltl_Trucks_Epansion.jpg\" \/>\n\t<meta property=\"og:image:width\" content=\"1200\" \/>\n\t<meta property=\"og:image:height\" content=\"650\" \/>\n\t<meta property=\"og:image:type\" content=\"image\/jpeg\" \/>\n<meta name=\"author\" content=\"georg.blenk@krafthand-medien.de\" \/>\n<meta name=\"twitter:card\" content=\"summary_large_image\" \/>\n<meta name=\"twitter:label1\" content=\"Verfasst von\" \/>\n\t<meta name=\"twitter:data1\" content=\"georg.blenk@krafthand-medien.de\" \/>\n\t<meta name=\"twitter:label2\" content=\"Gesch\u00e4tzte Lesezeit\" \/>\n\t<meta name=\"twitter:data2\" content=\"2\u00a0Minuten\" \/>\n<script type=\"application\/ld+json\" class=\"yoast-schema-graph\">{\"@context\":\"https:\\\/\\\/schema.org\",\"@graph\":[{\"@type\":\"Article\",\"@id\":\"https:\\\/\\\/www.krafthand.de\\\/truck\\\/artikel\\\/hiltl-trucks-uebernimmt-drei-betriebe-der-goeppl-gruppe-in-nordbayern-45043\\\/#article\",\"isPartOf\":{\"@id\":\"https:\\\/\\\/www.krafthand.de\\\/truck\\\/artikel\\\/hiltl-trucks-uebernimmt-drei-betriebe-der-goeppl-gruppe-in-nordbayern-45043\\\/\"},\"author\":{\"name\":\"georg.blenk@krafthand-medien.de\",\"@id\":\"https:\\\/\\\/www.krafthand.de\\\/truck\\\/#\\\/schema\\\/person\\\/51fa80b1c57034c4bf63f9f988fc24ce\"},\"headline\":\"Hiltl Trucks \u00fcbernimmt drei Betriebe der G\u00f6ppl-Gruppe in Nordbayern\",\"datePublished\":\"2026-01-08T11:58:20+00:00\",\"dateModified\":\"2026-01-08T12:00:57+00:00\",\"mainEntityOfPage\":{\"@id\":\"https:\\\/\\\/www.krafthand.de\\\/truck\\\/artikel\\\/hiltl-trucks-uebernimmt-drei-betriebe-der-goeppl-gruppe-in-nordbayern-45043\\\/\"},\"wordCount\":386,\"image\":{\"@id\":\"https:\\\/\\\/www.krafthand.de\\\/truck\\\/artikel\\\/hiltl-trucks-uebernimmt-drei-betriebe-der-goeppl-gruppe-in-nordbayern-45043\\\/#primaryimage\"},\"thumbnailUrl\":\"https:\\\/\\\/static.krafthand-truck.de\\\/uploads\\\/2026\\\/01\\\/Hiltl_Trucks_Epansion.jpg\",\"keywords\":[\"DAF\",\"Hiltl-Trucks\",\"Iveco\",\"MAN Truck+Bus\"],\"articleSection\":[\"Unternehmen\"],\"inLanguage\":\"de\"},{\"@type\":\"WebPage\",\"@id\":\"https:\\\/\\\/www.krafthand.de\\\/truck\\\/artikel\\\/hiltl-trucks-uebernimmt-drei-betriebe-der-goeppl-gruppe-in-nordbayern-45043\\\/\",\"url\":\"https:\\\/\\\/www.krafthand.de\\\/truck\\\/artikel\\\/hiltl-trucks-uebernimmt-drei-betriebe-der-goeppl-gruppe-in-nordbayern-45043\\\/\",\"name\":\"Hiltl expandiert in Nordbayern I Krafthand-Truck\",\"isPartOf\":{\"@id\":\"https:\\\/\\\/www.krafthand.de\\\/truck\\\/#website\"},\"primaryImageOfPage\":{\"@id\":\"https:\\\/\\\/www.krafthand.de\\\/truck\\\/artikel\\\/hiltl-trucks-uebernimmt-drei-betriebe-der-goeppl-gruppe-in-nordbayern-45043\\\/#primaryimage\"},\"image\":{\"@id\":\"https:\\\/\\\/www.krafthand.de\\\/truck\\\/artikel\\\/hiltl-trucks-uebernimmt-drei-betriebe-der-goeppl-gruppe-in-nordbayern-45043\\\/#primaryimage\"},\"thumbnailUrl\":\"https:\\\/\\\/static.krafthand-truck.de\\\/uploads\\\/2026\\\/01\\\/Hiltl_Trucks_Epansion.jpg\",\"datePublished\":\"2026-01-08T11:58:20+00:00\",\"dateModified\":\"2026-01-08T12:00:57+00:00\",\"author\":{\"@id\":\"https:\\\/\\\/www.krafthand.de\\\/truck\\\/#\\\/schema\\\/person\\\/51fa80b1c57034c4bf63f9f988fc24ce\"},\"description\":\"Zum ersten Januar hat Hiltl drei bestehende Nutzfahrzeugbetriebe in N\u00fcrnberg, Bamberg und Leupoldsgr\u00fcn \u00fcbernommen.\",\"breadcrumb\":{\"@id\":\"https:\\\/\\\/www.krafthand.de\\\/truck\\\/artikel\\\/hiltl-trucks-uebernimmt-drei-betriebe-der-goeppl-gruppe-in-nordbayern-45043\\\/#breadcrumb\"},\"inLanguage\":\"de\",\"potentialAction\":[{\"@type\":\"ReadAction\",\"target\":[\"https:\\\/\\\/www.krafthand.de\\\/truck\\\/artikel\\\/hiltl-trucks-uebernimmt-drei-betriebe-der-goeppl-gruppe-in-nordbayern-45043\\\/\"]}]},{\"@type\":\"ImageObject\",\"inLanguage\":\"de\",\"@id\":\"https:\\\/\\\/www.krafthand.de\\\/truck\\\/artikel\\\/hiltl-trucks-uebernimmt-drei-betriebe-der-goeppl-gruppe-in-nordbayern-45043\\\/#primaryimage\",\"url\":\"https:\\\/\\\/static.krafthand-truck.de\\\/uploads\\\/2026\\\/01\\\/Hiltl_Trucks_Epansion.jpg\",\"contentUrl\":\"https:\\\/\\\/static.krafthand-truck.de\\\/uploads\\\/2026\\\/01\\\/Hiltl_Trucks_Epansion.jpg\",\"width\":1200,\"height\":650},{\"@type\":\"BreadcrumbList\",\"@id\":\"https:\\\/\\\/www.krafthand.de\\\/truck\\\/artikel\\\/hiltl-trucks-uebernimmt-drei-betriebe-der-goeppl-gruppe-in-nordbayern-45043\\\/#breadcrumb\",\"itemListElement\":[{\"@type\":\"ListItem\",\"position\":1,\"name\":\"Krafthand-Truck\",\"item\":\"https:\\\/\\\/www.krafthand.de\\\/truck\\\/\"},{\"@type\":\"ListItem\",\"position\":2,\"name\":\"Nfz-Branche\",\"item\":\"https:\\\/\\\/www.krafthand.de\\\/truck\\\/kategorie\\\/branche\\\/\"},{\"@type\":\"ListItem\",\"position\":3,\"name\":\"Unternehmen\",\"item\":\"https:\\\/\\\/www.krafthand.de\\\/truck\\\/kategorie\\\/branche\\\/unternehmen\\\/\"},{\"@type\":\"ListItem\",\"position\":4,\"name\":\"Hiltl Trucks \u00fcbernimmt drei Betriebe der G\u00f6ppl-Gruppe in Nordbayern\"}]},{\"@type\":\"WebSite\",\"@id\":\"https:\\\/\\\/www.krafthand.de\\\/truck\\\/#website\",\"url\":\"https:\\\/\\\/www.krafthand.de\\\/truck\\\/\",\"name\":\"Krafthand-Truck\",\"description\":\"\",\"potentialAction\":[{\"@type\":\"SearchAction\",\"target\":{\"@type\":\"EntryPoint\",\"urlTemplate\":\"https:\\\/\\\/www.krafthand.de\\\/truck\\\/?s={search_term_string}\"},\"query-input\":{\"@type\":\"PropertyValueSpecification\",\"valueRequired\":true,\"valueName\":\"search_term_string\"}}],\"inLanguage\":\"de\"},{\"@type\":\"Person\",\"@id\":\"https:\\\/\\\/www.krafthand.de\\\/truck\\\/#\\\/schema\\\/person\\\/51fa80b1c57034c4bf63f9f988fc24ce\",\"name\":\"georg.blenk@krafthand-medien.de\",\"image\":{\"@type\":\"ImageObject\",\"inLanguage\":\"de\",\"@id\":\"https:\\\/\\\/secure.gravatar.com\\\/avatar\\\/93713c30affe0aa95d3a4130e499bb1abee2eb31adbdd9ce2aa1543538490215?s=96&d=mm&r=g\",\"url\":\"https:\\\/\\\/secure.gravatar.com\\\/avatar\\\/93713c30affe0aa95d3a4130e499bb1abee2eb31adbdd9ce2aa1543538490215?s=96&d=mm&r=g\",\"contentUrl\":\"https:\\\/\\\/secure.gravatar.com\\\/avatar\\\/93713c30affe0aa95d3a4130e499bb1abee2eb31adbdd9ce2aa1543538490215?s=96&d=mm&r=g\",\"caption\":\"georg.blenk@krafthand-medien.de\"}}]}<\/script>\n<!-- \/ Yoast SEO plugin. -->","yoast_head_json":{"title":"Hiltl expandiert in Nordbayern I Krafthand-Truck","description":"Zum ersten Januar hat Hiltl drei bestehende Nutzfahrzeugbetriebe in N\u00fcrnberg, Bamberg und Leupoldsgr\u00fcn \u00fcbernommen.","robots":{"index":"index","follow":"follow","max-snippet":"max-snippet:-1","max-image-preview":"max-image-preview:large","max-video-preview":"max-video-preview:-1"},"canonical":"https:\/\/www.krafthand.de\/truck\/artikel\/hiltl-trucks-uebernimmt-drei-betriebe-der-goeppl-gruppe-in-nordbayern-45043\/","og_locale":"de_DE","og_type":"article","og_title":"Hiltl expandiert in Nordbayern I Krafthand-Truck","og_description":"Zum ersten Januar hat Hiltl drei bestehende Nutzfahrzeugbetriebe in N\u00fcrnberg, Bamberg und Leupoldsgr\u00fcn \u00fcbernommen.","og_url":"https:\/\/www.krafthand-truck.de\/artikel\/hiltl-trucks-uebernimmt-drei-betriebe-der-goeppl-gruppe-in-nordbayern-45043\/","og_site_name":"Krafthand-Truck","article_published_time":"2026-01-08T11:58:20+00:00","article_modified_time":"2026-01-08T12:00:57+00:00","og_image":[{"width":1200,"height":650,"url":"https:\/\/static.krafthand-truck.de\/uploads\/2026\/01\/Hiltl_Trucks_Epansion.jpg","type":"image\/jpeg"}],"author":"georg.blenk@krafthand-medien.de","twitter_card":"summary_large_image","twitter_misc":{"Verfasst von":"georg.blenk@krafthand-medien.de","Gesch\u00e4tzte Lesezeit":"2\u00a0Minuten"},"schema":{"@context":"https:\/\/schema.org","@graph":[{"@type":"Article","@id":"https:\/\/www.krafthand.de\/truck\/artikel\/hiltl-trucks-uebernimmt-drei-betriebe-der-goeppl-gruppe-in-nordbayern-45043\/#article","isPartOf":{"@id":"https:\/\/www.krafthand.de\/truck\/artikel\/hiltl-trucks-uebernimmt-drei-betriebe-der-goeppl-gruppe-in-nordbayern-45043\/"},"author":{"name":"georg.blenk@krafthand-medien.de","@id":"https:\/\/www.krafthand.de\/truck\/#\/schema\/person\/51fa80b1c57034c4bf63f9f988fc24ce"},"headline":"Hiltl Trucks \u00fcbernimmt drei Betriebe der G\u00f6ppl-Gruppe in Nordbayern","datePublished":"2026-01-08T11:58:20+00:00","dateModified":"2026-01-08T12:00:57+00:00","mainEntityOfPage":{"@id":"https:\/\/www.krafthand.de\/truck\/artikel\/hiltl-trucks-uebernimmt-drei-betriebe-der-goeppl-gruppe-in-nordbayern-45043\/"},"wordCount":386,"image":{"@id":"https:\/\/www.krafthand.de\/truck\/artikel\/hiltl-trucks-uebernimmt-drei-betriebe-der-goeppl-gruppe-in-nordbayern-45043\/#primaryimage"},"thumbnailUrl":"https:\/\/static.krafthand-truck.de\/uploads\/2026\/01\/Hiltl_Trucks_Epansion.jpg","keywords":["DAF","Hiltl-Trucks","Iveco","MAN Truck+Bus"],"articleSection":["Unternehmen"],"inLanguage":"de"},{"@type":"WebPage","@id":"https:\/\/www.krafthand.de\/truck\/artikel\/hiltl-trucks-uebernimmt-drei-betriebe-der-goeppl-gruppe-in-nordbayern-45043\/","url":"https:\/\/www.krafthand.de\/truck\/artikel\/hiltl-trucks-uebernimmt-drei-betriebe-der-goeppl-gruppe-in-nordbayern-45043\/","name":"Hiltl expandiert in Nordbayern I Krafthand-Truck","isPartOf":{"@id":"https:\/\/www.krafthand.de\/truck\/#website"},"primaryImageOfPage":{"@id":"https:\/\/www.krafthand.de\/truck\/artikel\/hiltl-trucks-uebernimmt-drei-betriebe-der-goeppl-gruppe-in-nordbayern-45043\/#primaryimage"},"image":{"@id":"https:\/\/www.krafthand.de\/truck\/artikel\/hiltl-trucks-uebernimmt-drei-betriebe-der-goeppl-gruppe-in-nordbayern-45043\/#primaryimage"},"thumbnailUrl":"https:\/\/static.krafthand-truck.de\/uploads\/2026\/01\/Hiltl_Trucks_Epansion.jpg","datePublished":"2026-01-08T11:58:20+00:00","dateModified":"2026-01-08T12:00:57+00:00","author":{"@id":"https:\/\/www.krafthand.de\/truck\/#\/schema\/person\/51fa80b1c57034c4bf63f9f988fc24ce"},"description":"Zum ersten Januar hat Hiltl drei bestehende Nutzfahrzeugbetriebe in N\u00fcrnberg, Bamberg und Leupoldsgr\u00fcn \u00fcbernommen.","breadcrumb":{"@id":"https:\/\/www.krafthand.de\/truck\/artikel\/hiltl-trucks-uebernimmt-drei-betriebe-der-goeppl-gruppe-in-nordbayern-45043\/#breadcrumb"},"inLanguage":"de","potentialAction":[{"@type":"ReadAction","target":["https:\/\/www.krafthand.de\/truck\/artikel\/hiltl-trucks-uebernimmt-drei-betriebe-der-goeppl-gruppe-in-nordbayern-45043\/"]}]},{"@type":"ImageObject","inLanguage":"de","@id":"https:\/\/www.krafthand.de\/truck\/artikel\/hiltl-trucks-uebernimmt-drei-betriebe-der-goeppl-gruppe-in-nordbayern-45043\/#primaryimage","url":"https:\/\/static.krafthand-truck.de\/uploads\/2026\/01\/Hiltl_Trucks_Epansion.jpg","contentUrl":"https:\/\/static.krafthand-truck.de\/uploads\/2026\/01\/Hiltl_Trucks_Epansion.jpg","width":1200,"height":650},{"@type":"BreadcrumbList","@id":"https:\/\/www.krafthand.de\/truck\/artikel\/hiltl-trucks-uebernimmt-drei-betriebe-der-goeppl-gruppe-in-nordbayern-45043\/#breadcrumb","itemListElement":[{"@type":"ListItem","position":1,"name":"Krafthand-Truck","item":"https:\/\/www.krafthand.de\/truck\/"},{"@type":"ListItem","position":2,"name":"Nfz-Branche","item":"https:\/\/www.krafthand.de\/truck\/kategorie\/branche\/"},{"@type":"ListItem","position":3,"name":"Unternehmen","item":"https:\/\/www.krafthand.de\/truck\/kategorie\/branche\/unternehmen\/"},{"@type":"ListItem","position":4,"name":"Hiltl Trucks \u00fcbernimmt drei Betriebe der G\u00f6ppl-Gruppe in Nordbayern"}]},{"@type":"WebSite","@id":"https:\/\/www.krafthand.de\/truck\/#website","url":"https:\/\/www.krafthand.de\/truck\/","name":"Krafthand-Truck","description":"","potentialAction":[{"@type":"SearchAction","target":{"@type":"EntryPoint","urlTemplate":"https:\/\/www.krafthand.de\/truck\/?s={search_term_string}"},"query-input":{"@type":"PropertyValueSpecification","valueRequired":true,"valueName":"search_term_string"}}],"inLanguage":"de"},{"@type":"Person","@id":"https:\/\/www.krafthand.de\/truck\/#\/schema\/person\/51fa80b1c57034c4bf63f9f988fc24ce","name":"georg.blenk@krafthand-medien.de","image":{"@type":"ImageObject","inLanguage":"de","@id":"https:\/\/secure.gravatar.com\/avatar\/93713c30affe0aa95d3a4130e499bb1abee2eb31adbdd9ce2aa1543538490215?s=96&d=mm&r=g","url":"https:\/\/secure.gravatar.com\/avatar\/93713c30affe0aa95d3a4130e499bb1abee2eb31adbdd9ce2aa1543538490215?s=96&d=mm&r=g","contentUrl":"https:\/\/secure.gravatar.com\/avatar\/93713c30affe0aa95d3a4130e499bb1abee2eb31adbdd9ce2aa1543538490215?s=96&d=mm&r=g","caption":"georg.blenk@krafthand-medien.de"}}]}},"_links":{"self":[{"href":"https:\/\/www.krafthand.de\/truck\/wp-json\/wp\/v2\/posts\/45043","targetHints":{"allow":["GET"]}}],"collection":[{"href":"https:\/\/www.krafthand.de\/truck\/wp-json\/wp\/v2\/posts"}],"about":[{"href":"https:\/\/www.krafthand.de\/truck\/wp-json\/wp\/v2\/types\/post"}],"author":[{"embeddable":true,"href":"https:\/\/www.krafthand.de\/truck\/wp-json\/wp\/v2\/users\/9"}],"replies":[{"embeddable":true,"href":"https:\/\/www.krafthand.de\/truck\/wp-json\/wp\/v2\/comments?post=45043"}],"version-history":[{"count":16,"href":"https:\/\/www.krafthand.de\/truck\/wp-json\/wp\/v2\/posts\/45043\/revisions"}],"predecessor-version":[{"id":45061,"href":"https:\/\/www.krafthand.de\/truck\/wp-json\/wp\/v2\/posts\/45043\/revisions\/45061"}],"wp:featuredmedia":[{"embeddable":true,"href":"https:\/\/www.krafthand.de\/truck\/wp-json\/wp\/v2\/media\/45058"}],"wp:attachment":[{"href":"https:\/\/www.krafthand.de\/truck\/wp-json\/wp\/v2\/media?parent=45043"}],"wp:term":[{"taxonomy":"category","embeddable":true,"href":"https:\/\/www.krafthand.de\/truck\/wp-json\/wp\/v2\/categories?post=45043"},{"taxonomy":"post_tag","embeddable":true,"href":"https:\/\/www.krafthand.de\/truck\/wp-json\/wp\/v2\/tags?post=45043"},{"taxonomy":"settings","embeddable":true,"href":"https:\/\/www.krafthand.de\/truck\/wp-json\/wp\/v2\/settings?post=45043"}],"curies":[{"name":"wp","href":"https:\/\/api.w.org\/{rel}","templated":true}]}}