{"id":45032,"date":"2026-01-05T14:56:19","date_gmt":"2026-01-05T13:56:19","guid":{"rendered":"https:\/\/www.krafthand.de\/truck\/?p=45032"},"modified":"2026-01-05T16:47:31","modified_gmt":"2026-01-05T15:47:31","slug":"markus-siegner-ist-neuer-ceo-bei-koegel","status":"publish","type":"post","link":"https:\/\/www.krafthand.de\/truck\/artikel\/markus-siegner-ist-neuer-ceo-bei-koegel-45032\/","title":{"rendered":"Markus Siegner ist neuer CEO bei K\u00f6gel"},"content":{"rendered":"<p>Am 1. Januar 2026 hat Markus Siegner die Position des CEO der K\u00f6gel Trailer GmbH \u00fcbernommen. Er folgte damit auf Christian Renners, der das Unternehmen im September 2025 verlassen hat. In seiner Funktion verantwortet Siegner zus\u00e4tzlich die Bereiche Operations, Supply Chain, Entwicklung und Logistik.<\/p>\n<p>Markus Siegner verf\u00fcgt \u00fcber mehr als 25 Jahre internationale F\u00fchrungserfahrung in der Industrie \u2013 mit ausgewiesener Expertise in Operations, globalen Produktionsnetzwerken, Supply Chain Management, Procurement sowie Post-Merger-Integration. Zuletzt war er als COO der AL-KO Vehicle Technology f\u00fcr das weltweite operative Gesch\u00e4ft mit vier Business Units, mehr als 25 Produktionsstandorten und \u00fcber 3.000 Mitarbeitenden verantwortlich.<\/p>\n<p>In seiner neuen Rolle plant Markus Siegner, die strategische Ausrichtung der <a href=\"https:\/\/www.koegel.com\" target=\"_blank\" rel=\"noopener\">K\u00f6gel Trailer GmbH<\/a> weiterzuf\u00fchren. Die Schwerpunkte l\u00e4gen auf Innovation, nachhaltigem Wachstum, Digitalisierung und dem Ausbau der Marktpr\u00e4senz. Dazu geh\u00f6rten Programme zur Steigerung der Produktivit\u00e4t, die Erweiterung des Kundennutzens durch digitale und elektronische L\u00f6sungen sowie die St\u00e4rkung eines nachhaltig orientierten Wirtschaftens im Sinne von Umwelt, Kunden und Mitarbeitenden.<\/p>\n","protected":false},"excerpt":{"rendered":"<p>Am 1. Januar 2026 hat Markus Siegner die Position des CEO der K\u00f6gel Trailer GmbH \u00fcbernommen. Er folgte auf Christian Renners, der das Unternehmen bereits im September 2025 verlassen hat. <span class=\"excerpt-more__dots\">&#8230;<\/span> <a class=\"excerpt-more__link\" href=\"https:\/\/www.krafthand.de\/truck\/artikel\/markus-siegner-ist-neuer-ceo-bei-koegel-45032\/\" >weiter<\/a><\/p>\n","protected":false},"author":9,"featured_media":45038,"comment_status":"closed","ping_status":"closed","sticky":false,"template":"","format":"standard","meta":{"footnotes":""},"categories":[4238,4235],"tags":[202],"settings":[4766,3523],"class_list":["post-45032","post","type-post","status-publish","format-standard","has-post-thumbnail","hentry","category-koepfe","category-unternehmen","tag-koegel"],"yoast_head":"<!-- This site is optimized with the Yoast SEO plugin v27.3 - https:\/\/yoast.com\/product\/yoast-seo-wordpress\/ -->\n<title>Markus Siegner ist neuer CEO bei K\u00f6gel I Krafthand-Truck<\/title>\n<meta name=\"description\" content=\"Am 1. Januar 2026 hat Markus Siegner die Position des CEO der K\u00f6gel Trailer GmbH \u00fcbernommen. Er folgt auf Christian Renners.\" \/>\n<meta name=\"robots\" content=\"index, follow, max-snippet:-1, max-image-preview:large, max-video-preview:-1\" \/>\n<link rel=\"canonical\" href=\"https:\/\/www.krafthand.de\/truck\/artikel\/markus-siegner-ist-neuer-ceo-bei-koegel-45032\/\" \/>\n<meta property=\"og:locale\" content=\"de_DE\" \/>\n<meta property=\"og:type\" content=\"article\" \/>\n<meta property=\"og:title\" content=\"Markus Siegner ist neuer CEO bei K\u00f6gel I Krafthand-Truck\" \/>\n<meta property=\"og:description\" content=\"Am 1. Januar 2026 hat Markus Siegner die Position des CEO der K\u00f6gel Trailer GmbH \u00fcbernommen. Er folgt auf Christian Renners.\" \/>\n<meta property=\"og:url\" content=\"https:\/\/www.krafthand-truck.de\/artikel\/markus-siegner-ist-neuer-ceo-bei-koegel-45032\/\" \/>\n<meta property=\"og:site_name\" content=\"Krafthand-Truck\" \/>\n<meta property=\"article:published_time\" content=\"2026-01-05T13:56:19+00:00\" \/>\n<meta property=\"article:modified_time\" content=\"2026-01-05T15:47:31+00:00\" \/>\n<meta property=\"og:image\" content=\"https:\/\/static.krafthand-truck.de\/uploads\/2026\/01\/Koegel_Christian_Spengler_Markus_Siegner_Thore_Bakker.jpg\" \/>\n\t<meta property=\"og:image:width\" content=\"1200\" \/>\n\t<meta property=\"og:image:height\" content=\"879\" \/>\n\t<meta property=\"og:image:type\" content=\"image\/jpeg\" \/>\n<meta name=\"author\" content=\"georg.blenk@krafthand-medien.de\" \/>\n<meta name=\"twitter:card\" content=\"summary_large_image\" \/>\n<meta name=\"twitter:label1\" content=\"Verfasst von\" \/>\n\t<meta name=\"twitter:data1\" content=\"georg.blenk@krafthand-medien.de\" \/>\n\t<meta name=\"twitter:label2\" content=\"Gesch\u00e4tzte Lesezeit\" \/>\n\t<meta name=\"twitter:data2\" content=\"2\u00a0Minuten\" \/>\n<script type=\"application\/ld+json\" class=\"yoast-schema-graph\">{\"@context\":\"https:\\\/\\\/schema.org\",\"@graph\":[{\"@type\":\"Article\",\"@id\":\"https:\\\/\\\/www.krafthand.de\\\/truck\\\/artikel\\\/markus-siegner-ist-neuer-ceo-bei-koegel-45032\\\/#article\",\"isPartOf\":{\"@id\":\"https:\\\/\\\/www.krafthand.de\\\/truck\\\/artikel\\\/markus-siegner-ist-neuer-ceo-bei-koegel-45032\\\/\"},\"author\":{\"name\":\"georg.blenk@krafthand-medien.de\",\"@id\":\"https:\\\/\\\/www.krafthand.de\\\/truck\\\/#\\\/schema\\\/person\\\/51fa80b1c57034c4bf63f9f988fc24ce\"},\"headline\":\"Markus Siegner ist neuer CEO bei K\u00f6gel\",\"datePublished\":\"2026-01-05T13:56:19+00:00\",\"dateModified\":\"2026-01-05T15:47:31+00:00\",\"mainEntityOfPage\":{\"@id\":\"https:\\\/\\\/www.krafthand.de\\\/truck\\\/artikel\\\/markus-siegner-ist-neuer-ceo-bei-koegel-45032\\\/\"},\"wordCount\":171,\"image\":{\"@id\":\"https:\\\/\\\/www.krafthand.de\\\/truck\\\/artikel\\\/markus-siegner-ist-neuer-ceo-bei-koegel-45032\\\/#primaryimage\"},\"thumbnailUrl\":\"https:\\\/\\\/static.krafthand-truck.de\\\/uploads\\\/2026\\\/01\\\/Koegel_Christian_Spengler_Markus_Siegner_Thore_Bakker.jpg\",\"keywords\":[\"K\u00f6gel\"],\"articleSection\":[\"K\u00f6pfe\\\/Personen\",\"Unternehmen\"],\"inLanguage\":\"de\"},{\"@type\":\"WebPage\",\"@id\":\"https:\\\/\\\/www.krafthand.de\\\/truck\\\/artikel\\\/markus-siegner-ist-neuer-ceo-bei-koegel-45032\\\/\",\"url\":\"https:\\\/\\\/www.krafthand.de\\\/truck\\\/artikel\\\/markus-siegner-ist-neuer-ceo-bei-koegel-45032\\\/\",\"name\":\"Markus Siegner ist neuer CEO bei K\u00f6gel I Krafthand-Truck\",\"isPartOf\":{\"@id\":\"https:\\\/\\\/www.krafthand.de\\\/truck\\\/#website\"},\"primaryImageOfPage\":{\"@id\":\"https:\\\/\\\/www.krafthand.de\\\/truck\\\/artikel\\\/markus-siegner-ist-neuer-ceo-bei-koegel-45032\\\/#primaryimage\"},\"image\":{\"@id\":\"https:\\\/\\\/www.krafthand.de\\\/truck\\\/artikel\\\/markus-siegner-ist-neuer-ceo-bei-koegel-45032\\\/#primaryimage\"},\"thumbnailUrl\":\"https:\\\/\\\/static.krafthand-truck.de\\\/uploads\\\/2026\\\/01\\\/Koegel_Christian_Spengler_Markus_Siegner_Thore_Bakker.jpg\",\"datePublished\":\"2026-01-05T13:56:19+00:00\",\"dateModified\":\"2026-01-05T15:47:31+00:00\",\"author\":{\"@id\":\"https:\\\/\\\/www.krafthand.de\\\/truck\\\/#\\\/schema\\\/person\\\/51fa80b1c57034c4bf63f9f988fc24ce\"},\"description\":\"Am 1. Januar 2026 hat Markus Siegner die Position des CEO der K\u00f6gel Trailer GmbH \u00fcbernommen. Er folgt auf Christian Renners.\",\"breadcrumb\":{\"@id\":\"https:\\\/\\\/www.krafthand.de\\\/truck\\\/artikel\\\/markus-siegner-ist-neuer-ceo-bei-koegel-45032\\\/#breadcrumb\"},\"inLanguage\":\"de\",\"potentialAction\":[{\"@type\":\"ReadAction\",\"target\":[\"https:\\\/\\\/www.krafthand.de\\\/truck\\\/artikel\\\/markus-siegner-ist-neuer-ceo-bei-koegel-45032\\\/\"]}]},{\"@type\":\"ImageObject\",\"inLanguage\":\"de\",\"@id\":\"https:\\\/\\\/www.krafthand.de\\\/truck\\\/artikel\\\/markus-siegner-ist-neuer-ceo-bei-koegel-45032\\\/#primaryimage\",\"url\":\"https:\\\/\\\/static.krafthand-truck.de\\\/uploads\\\/2026\\\/01\\\/Koegel_Christian_Spengler_Markus_Siegner_Thore_Bakker.jpg\",\"contentUrl\":\"https:\\\/\\\/static.krafthand-truck.de\\\/uploads\\\/2026\\\/01\\\/Koegel_Christian_Spengler_Markus_Siegner_Thore_Bakker.jpg\",\"width\":1200,\"height\":879},{\"@type\":\"BreadcrumbList\",\"@id\":\"https:\\\/\\\/www.krafthand.de\\\/truck\\\/artikel\\\/markus-siegner-ist-neuer-ceo-bei-koegel-45032\\\/#breadcrumb\",\"itemListElement\":[{\"@type\":\"ListItem\",\"position\":1,\"name\":\"Krafthand-Truck\",\"item\":\"https:\\\/\\\/www.krafthand.de\\\/truck\\\/\"},{\"@type\":\"ListItem\",\"position\":2,\"name\":\"Nfz-Branche\",\"item\":\"https:\\\/\\\/www.krafthand.de\\\/truck\\\/kategorie\\\/branche\\\/\"},{\"@type\":\"ListItem\",\"position\":3,\"name\":\"K\u00f6pfe\\\/Personen\",\"item\":\"https:\\\/\\\/www.krafthand.de\\\/truck\\\/kategorie\\\/branche\\\/koepfe\\\/\"},{\"@type\":\"ListItem\",\"position\":4,\"name\":\"Markus Siegner ist neuer CEO bei K\u00f6gel\"}]},{\"@type\":\"WebSite\",\"@id\":\"https:\\\/\\\/www.krafthand.de\\\/truck\\\/#website\",\"url\":\"https:\\\/\\\/www.krafthand.de\\\/truck\\\/\",\"name\":\"Krafthand-Truck\",\"description\":\"\",\"potentialAction\":[{\"@type\":\"SearchAction\",\"target\":{\"@type\":\"EntryPoint\",\"urlTemplate\":\"https:\\\/\\\/www.krafthand.de\\\/truck\\\/?s={search_term_string}\"},\"query-input\":{\"@type\":\"PropertyValueSpecification\",\"valueRequired\":true,\"valueName\":\"search_term_string\"}}],\"inLanguage\":\"de\"},{\"@type\":\"Person\",\"@id\":\"https:\\\/\\\/www.krafthand.de\\\/truck\\\/#\\\/schema\\\/person\\\/51fa80b1c57034c4bf63f9f988fc24ce\",\"name\":\"georg.blenk@krafthand-medien.de\",\"image\":{\"@type\":\"ImageObject\",\"inLanguage\":\"de\",\"@id\":\"https:\\\/\\\/secure.gravatar.com\\\/avatar\\\/93713c30affe0aa95d3a4130e499bb1abee2eb31adbdd9ce2aa1543538490215?s=96&d=mm&r=g\",\"url\":\"https:\\\/\\\/secure.gravatar.com\\\/avatar\\\/93713c30affe0aa95d3a4130e499bb1abee2eb31adbdd9ce2aa1543538490215?s=96&d=mm&r=g\",\"contentUrl\":\"https:\\\/\\\/secure.gravatar.com\\\/avatar\\\/93713c30affe0aa95d3a4130e499bb1abee2eb31adbdd9ce2aa1543538490215?s=96&d=mm&r=g\",\"caption\":\"georg.blenk@krafthand-medien.de\"}}]}<\/script>\n<!-- \/ Yoast SEO plugin. -->","yoast_head_json":{"title":"Markus Siegner ist neuer CEO bei K\u00f6gel I Krafthand-Truck","description":"Am 1. Januar 2026 hat Markus Siegner die Position des CEO der K\u00f6gel Trailer GmbH \u00fcbernommen. Er folgt auf Christian Renners.","robots":{"index":"index","follow":"follow","max-snippet":"max-snippet:-1","max-image-preview":"max-image-preview:large","max-video-preview":"max-video-preview:-1"},"canonical":"https:\/\/www.krafthand.de\/truck\/artikel\/markus-siegner-ist-neuer-ceo-bei-koegel-45032\/","og_locale":"de_DE","og_type":"article","og_title":"Markus Siegner ist neuer CEO bei K\u00f6gel I Krafthand-Truck","og_description":"Am 1. Januar 2026 hat Markus Siegner die Position des CEO der K\u00f6gel Trailer GmbH \u00fcbernommen. Er folgt auf Christian Renners.","og_url":"https:\/\/www.krafthand-truck.de\/artikel\/markus-siegner-ist-neuer-ceo-bei-koegel-45032\/","og_site_name":"Krafthand-Truck","article_published_time":"2026-01-05T13:56:19+00:00","article_modified_time":"2026-01-05T15:47:31+00:00","og_image":[{"width":1200,"height":879,"url":"https:\/\/static.krafthand-truck.de\/uploads\/2026\/01\/Koegel_Christian_Spengler_Markus_Siegner_Thore_Bakker.jpg","type":"image\/jpeg"}],"author":"georg.blenk@krafthand-medien.de","twitter_card":"summary_large_image","twitter_misc":{"Verfasst von":"georg.blenk@krafthand-medien.de","Gesch\u00e4tzte Lesezeit":"2\u00a0Minuten"},"schema":{"@context":"https:\/\/schema.org","@graph":[{"@type":"Article","@id":"https:\/\/www.krafthand.de\/truck\/artikel\/markus-siegner-ist-neuer-ceo-bei-koegel-45032\/#article","isPartOf":{"@id":"https:\/\/www.krafthand.de\/truck\/artikel\/markus-siegner-ist-neuer-ceo-bei-koegel-45032\/"},"author":{"name":"georg.blenk@krafthand-medien.de","@id":"https:\/\/www.krafthand.de\/truck\/#\/schema\/person\/51fa80b1c57034c4bf63f9f988fc24ce"},"headline":"Markus Siegner ist neuer CEO bei K\u00f6gel","datePublished":"2026-01-05T13:56:19+00:00","dateModified":"2026-01-05T15:47:31+00:00","mainEntityOfPage":{"@id":"https:\/\/www.krafthand.de\/truck\/artikel\/markus-siegner-ist-neuer-ceo-bei-koegel-45032\/"},"wordCount":171,"image":{"@id":"https:\/\/www.krafthand.de\/truck\/artikel\/markus-siegner-ist-neuer-ceo-bei-koegel-45032\/#primaryimage"},"thumbnailUrl":"https:\/\/static.krafthand-truck.de\/uploads\/2026\/01\/Koegel_Christian_Spengler_Markus_Siegner_Thore_Bakker.jpg","keywords":["K\u00f6gel"],"articleSection":["K\u00f6pfe\/Personen","Unternehmen"],"inLanguage":"de"},{"@type":"WebPage","@id":"https:\/\/www.krafthand.de\/truck\/artikel\/markus-siegner-ist-neuer-ceo-bei-koegel-45032\/","url":"https:\/\/www.krafthand.de\/truck\/artikel\/markus-siegner-ist-neuer-ceo-bei-koegel-45032\/","name":"Markus Siegner ist neuer CEO bei K\u00f6gel I Krafthand-Truck","isPartOf":{"@id":"https:\/\/www.krafthand.de\/truck\/#website"},"primaryImageOfPage":{"@id":"https:\/\/www.krafthand.de\/truck\/artikel\/markus-siegner-ist-neuer-ceo-bei-koegel-45032\/#primaryimage"},"image":{"@id":"https:\/\/www.krafthand.de\/truck\/artikel\/markus-siegner-ist-neuer-ceo-bei-koegel-45032\/#primaryimage"},"thumbnailUrl":"https:\/\/static.krafthand-truck.de\/uploads\/2026\/01\/Koegel_Christian_Spengler_Markus_Siegner_Thore_Bakker.jpg","datePublished":"2026-01-05T13:56:19+00:00","dateModified":"2026-01-05T15:47:31+00:00","author":{"@id":"https:\/\/www.krafthand.de\/truck\/#\/schema\/person\/51fa80b1c57034c4bf63f9f988fc24ce"},"description":"Am 1. Januar 2026 hat Markus Siegner die Position des CEO der K\u00f6gel Trailer GmbH \u00fcbernommen. Er folgt auf Christian Renners.","breadcrumb":{"@id":"https:\/\/www.krafthand.de\/truck\/artikel\/markus-siegner-ist-neuer-ceo-bei-koegel-45032\/#breadcrumb"},"inLanguage":"de","potentialAction":[{"@type":"ReadAction","target":["https:\/\/www.krafthand.de\/truck\/artikel\/markus-siegner-ist-neuer-ceo-bei-koegel-45032\/"]}]},{"@type":"ImageObject","inLanguage":"de","@id":"https:\/\/www.krafthand.de\/truck\/artikel\/markus-siegner-ist-neuer-ceo-bei-koegel-45032\/#primaryimage","url":"https:\/\/static.krafthand-truck.de\/uploads\/2026\/01\/Koegel_Christian_Spengler_Markus_Siegner_Thore_Bakker.jpg","contentUrl":"https:\/\/static.krafthand-truck.de\/uploads\/2026\/01\/Koegel_Christian_Spengler_Markus_Siegner_Thore_Bakker.jpg","width":1200,"height":879},{"@type":"BreadcrumbList","@id":"https:\/\/www.krafthand.de\/truck\/artikel\/markus-siegner-ist-neuer-ceo-bei-koegel-45032\/#breadcrumb","itemListElement":[{"@type":"ListItem","position":1,"name":"Krafthand-Truck","item":"https:\/\/www.krafthand.de\/truck\/"},{"@type":"ListItem","position":2,"name":"Nfz-Branche","item":"https:\/\/www.krafthand.de\/truck\/kategorie\/branche\/"},{"@type":"ListItem","position":3,"name":"K\u00f6pfe\/Personen","item":"https:\/\/www.krafthand.de\/truck\/kategorie\/branche\/koepfe\/"},{"@type":"ListItem","position":4,"name":"Markus Siegner ist neuer CEO bei K\u00f6gel"}]},{"@type":"WebSite","@id":"https:\/\/www.krafthand.de\/truck\/#website","url":"https:\/\/www.krafthand.de\/truck\/","name":"Krafthand-Truck","description":"","potentialAction":[{"@type":"SearchAction","target":{"@type":"EntryPoint","urlTemplate":"https:\/\/www.krafthand.de\/truck\/?s={search_term_string}"},"query-input":{"@type":"PropertyValueSpecification","valueRequired":true,"valueName":"search_term_string"}}],"inLanguage":"de"},{"@type":"Person","@id":"https:\/\/www.krafthand.de\/truck\/#\/schema\/person\/51fa80b1c57034c4bf63f9f988fc24ce","name":"georg.blenk@krafthand-medien.de","image":{"@type":"ImageObject","inLanguage":"de","@id":"https:\/\/secure.gravatar.com\/avatar\/93713c30affe0aa95d3a4130e499bb1abee2eb31adbdd9ce2aa1543538490215?s=96&d=mm&r=g","url":"https:\/\/secure.gravatar.com\/avatar\/93713c30affe0aa95d3a4130e499bb1abee2eb31adbdd9ce2aa1543538490215?s=96&d=mm&r=g","contentUrl":"https:\/\/secure.gravatar.com\/avatar\/93713c30affe0aa95d3a4130e499bb1abee2eb31adbdd9ce2aa1543538490215?s=96&d=mm&r=g","caption":"georg.blenk@krafthand-medien.de"}}]}},"_links":{"self":[{"href":"https:\/\/www.krafthand.de\/truck\/wp-json\/wp\/v2\/posts\/45032","targetHints":{"allow":["GET"]}}],"collection":[{"href":"https:\/\/www.krafthand.de\/truck\/wp-json\/wp\/v2\/posts"}],"about":[{"href":"https:\/\/www.krafthand.de\/truck\/wp-json\/wp\/v2\/types\/post"}],"author":[{"embeddable":true,"href":"https:\/\/www.krafthand.de\/truck\/wp-json\/wp\/v2\/users\/9"}],"replies":[{"embeddable":true,"href":"https:\/\/www.krafthand.de\/truck\/wp-json\/wp\/v2\/comments?post=45032"}],"version-history":[{"count":7,"href":"https:\/\/www.krafthand.de\/truck\/wp-json\/wp\/v2\/posts\/45032\/revisions"}],"predecessor-version":[{"id":45040,"href":"https:\/\/www.krafthand.de\/truck\/wp-json\/wp\/v2\/posts\/45032\/revisions\/45040"}],"wp:featuredmedia":[{"embeddable":true,"href":"https:\/\/www.krafthand.de\/truck\/wp-json\/wp\/v2\/media\/45038"}],"wp:attachment":[{"href":"https:\/\/www.krafthand.de\/truck\/wp-json\/wp\/v2\/media?parent=45032"}],"wp:term":[{"taxonomy":"category","embeddable":true,"href":"https:\/\/www.krafthand.de\/truck\/wp-json\/wp\/v2\/categories?post=45032"},{"taxonomy":"post_tag","embeddable":true,"href":"https:\/\/www.krafthand.de\/truck\/wp-json\/wp\/v2\/tags?post=45032"},{"taxonomy":"settings","embeddable":true,"href":"https:\/\/www.krafthand.de\/truck\/wp-json\/wp\/v2\/settings?post=45032"}],"curies":[{"name":"wp","href":"https:\/\/api.w.org\/{rel}","templated":true}]}}