{"id":44981,"date":"2025-12-29T11:02:28","date_gmt":"2025-12-29T10:02:28","guid":{"rendered":"https:\/\/www.krafthand.de\/truck\/?p=44981"},"modified":"2025-12-29T11:08:17","modified_gmt":"2025-12-29T10:08:17","slug":"volvo-erster-step-zur-serienfertigung-autonomer-lkw","status":"publish","type":"post","link":"https:\/\/www.krafthand.de\/truck\/artikel\/volvo-erster-step-zur-serienfertigung-autonomer-lkw-44981\/","title":{"rendered":"Volvo: Erster Step zur Serienfertigung autonomer Lkw"},"content":{"rendered":"<p>Der Gesch\u00e4ftsbereich von Volvo, Volvo Autonomous Solutions (V.A.S.) hat im Werk S\u00e4ffle in Schweden den ersten autonomen Bergbau-Lkw gefertigt. Der Volvo FH Autonomous ist speziell f\u00fcr den autonomen Transport entwickelten worden. Das Fahrzeug verf\u00fcgt \u00fcber eine hohe Rechenleistung und ein umfassendes Sensorpaket \u2013 darunter LiDAR, Radar, IMUs und Kameras.<\/p>\n<blockquote class=\"khm-quote\"><p>Dieser Meilenstein ist ein Beweis f\u00fcr die vereinten St\u00e4rken der Ingenieurskunst von Volvo Autonomous Solutions und der Fertigungsexpertise des Werks S\u00e4ffle. Der \u00dcbergang von Prototypen in der F&amp;E-Werkstatt zur Serienmontage im Werk ist ein entscheidender erster Schritt, um den gro\u00dffl\u00e4chigen Einsatz autonomer Lkw zu erm\u00f6glichen und OEM-Qualit\u00e4t sowie Zuverl\u00e4ssigkeit f\u00fcr Kunden in anspruchsvollen Umgebungen sicherzustellen. (Cecilia Ekstr\u00f6m, Leiterin Autonomy Enabled Vehicles and Machines bei Volvo Autonomous Solutions.)<\/p><\/blockquote>\n<p><b>Schrittweise Produktionssteigerung und Expansion in den\u00a0nordischen L\u00e4ndern<\/b><\/p>\n<p>Die vorherige Generation des Volvo FH Autonomous ist bereits im kommerziellen Einsatz, unter anderem bei Br\u00f8nn\u00f8y Kalk in Norwegen, wo bereits \u00fcber eine Million Tonnen transportiert wurden, sowie in der Garpenberg-Mine von Boliden. Der erste Aufbau in S\u00e4ffle markiert laut Volvo den Beginn einer geplanten, schrittweisen Produktionssteigerung, um der wachsenden Nachfrage nach sicheren und zuverl\u00e4ssigen autonomen Transportl\u00f6sungen in den nordischen L\u00e4ndern gerecht zu werden.<\/p>\n<p><b>Volvo Autonomous Solutions (V.A.S.)<\/b><\/p>\n<p>Die autonome Transportl\u00f6sung von Volvo\u00a0Autonomous\u00a0Solutions umfasst ein speziell f\u00fcr autonomes Fahren entwickeltes Fahrzeug, einen virtuellen Fahrer, die erforderliche Infrastruktur, Betriebs- und Verf\u00fcgbarkeitsunterst\u00fctzung sowie eine Cloud-L\u00f6sung zur Steuerung des Transportsystems und Verwaltung der Logistikfl\u00fcsse. Die von V.A.S. entwickelten L\u00f6sungen sind individuell auf die Bed\u00fcrfnisse der Kunden zugeschnitten und sollen deren Betrieb sicherer, produktiver und nachhaltiger machen.<\/p>\n","protected":false},"excerpt":{"rendered":"<p>Der Gesch\u00e4ftsbereich von Volvo, Volvo Autonomous Solutions (V.A.S.) hat im Werk S\u00e4ffle in Schweden den ersten autonomen Bergbau-Lkw gefertigt. Der Volvo FH Autonomous ist speziell f\u00fcr den autonomen Transport entwickelten worden. <span class=\"excerpt-more__dots\">&#8230;<\/span> <a class=\"excerpt-more__link\" href=\"https:\/\/www.krafthand.de\/truck\/artikel\/volvo-erster-step-zur-serienfertigung-autonomer-lkw-44981\/\" >weiter<\/a><\/p>\n","protected":false},"author":9,"featured_media":44989,"comment_status":"closed","ping_status":"closed","sticky":false,"template":"","format":"standard","meta":{"footnotes":""},"categories":[4225,4915],"tags":[1237,5265,887,3999,1825,752,5163],"settings":[3524,4766,3523],"class_list":["post-44981","post","type-post","status-publish","format-standard","has-post-thumbnail","hentry","category-ssistenzsysteme","category-neue-fahrzeuge","tag-autonomes-fahren","tag-fahrerasistenzsysteme","tag-kamera","tag-lidarsensor","tag-radarsensor","tag-volvo","tag-volvo-fh"],"yoast_head":"<!-- This site is optimized with the Yoast SEO plugin v27.3 - https:\/\/yoast.com\/product\/yoast-seo-wordpress\/ -->\n<title>Volvo: Erster Step zur Serienfertigung autonomer Lkw - Krafthand-Truck<\/title>\n<meta name=\"description\" content=\"Der Gesch\u00e4ftsbereich von Volvo, Volvo Autonomous Solutions hat im Werk S\u00e4ffle in Schweden den ersten autonomen Bergbau-Lkw gefertigt.\" \/>\n<meta name=\"robots\" content=\"index, follow, max-snippet:-1, max-image-preview:large, max-video-preview:-1\" \/>\n<link rel=\"canonical\" href=\"https:\/\/www.krafthand.de\/truck\/artikel\/volvo-erster-step-zur-serienfertigung-autonomer-lkw-44981\/\" \/>\n<meta property=\"og:locale\" content=\"de_DE\" \/>\n<meta property=\"og:type\" content=\"article\" \/>\n<meta property=\"og:title\" content=\"Volvo: Erster Step zur Serienfertigung autonomer Lkw - Krafthand-Truck\" \/>\n<meta property=\"og:description\" content=\"Der Gesch\u00e4ftsbereich von Volvo, Volvo Autonomous Solutions hat im Werk S\u00e4ffle in Schweden den ersten autonomen Bergbau-Lkw gefertigt.\" \/>\n<meta property=\"og:url\" content=\"https:\/\/www.krafthand-truck.de\/artikel\/volvo-erster-step-zur-serienfertigung-autonomer-lkw-44981\/\" \/>\n<meta property=\"og:site_name\" content=\"Krafthand-Truck\" \/>\n<meta property=\"article:published_time\" content=\"2025-12-29T10:02:28+00:00\" \/>\n<meta property=\"article:modified_time\" content=\"2025-12-29T10:08:17+00:00\" \/>\n<meta property=\"og:image\" content=\"https:\/\/static.krafthand-truck.de\/uploads\/2025\/12\/Volvo_VAS_Saeffle_Autonomer_Lkw-1.jpg\" \/>\n\t<meta property=\"og:image:width\" content=\"1200\" \/>\n\t<meta property=\"og:image:height\" content=\"640\" \/>\n\t<meta property=\"og:image:type\" content=\"image\/jpeg\" \/>\n<meta name=\"author\" content=\"georg.blenk@krafthand-medien.de\" \/>\n<meta name=\"twitter:card\" content=\"summary_large_image\" \/>\n<meta name=\"twitter:label1\" content=\"Verfasst von\" \/>\n\t<meta name=\"twitter:data1\" content=\"georg.blenk@krafthand-medien.de\" \/>\n\t<meta name=\"twitter:label2\" content=\"Gesch\u00e4tzte Lesezeit\" \/>\n\t<meta name=\"twitter:data2\" content=\"2\u00a0Minuten\" \/>\n<script type=\"application\/ld+json\" class=\"yoast-schema-graph\">{\"@context\":\"https:\\\/\\\/schema.org\",\"@graph\":[{\"@type\":\"Article\",\"@id\":\"https:\\\/\\\/www.krafthand.de\\\/truck\\\/artikel\\\/volvo-erster-step-zur-serienfertigung-autonomer-lkw-44981\\\/#article\",\"isPartOf\":{\"@id\":\"https:\\\/\\\/www.krafthand.de\\\/truck\\\/artikel\\\/volvo-erster-step-zur-serienfertigung-autonomer-lkw-44981\\\/\"},\"author\":{\"name\":\"georg.blenk@krafthand-medien.de\",\"@id\":\"https:\\\/\\\/www.krafthand.de\\\/truck\\\/#\\\/schema\\\/person\\\/51fa80b1c57034c4bf63f9f988fc24ce\"},\"headline\":\"Volvo: Erster Step zur Serienfertigung autonomer Lkw\",\"datePublished\":\"2025-12-29T10:02:28+00:00\",\"dateModified\":\"2025-12-29T10:08:17+00:00\",\"mainEntityOfPage\":{\"@id\":\"https:\\\/\\\/www.krafthand.de\\\/truck\\\/artikel\\\/volvo-erster-step-zur-serienfertigung-autonomer-lkw-44981\\\/\"},\"wordCount\":294,\"image\":{\"@id\":\"https:\\\/\\\/www.krafthand.de\\\/truck\\\/artikel\\\/volvo-erster-step-zur-serienfertigung-autonomer-lkw-44981\\\/#primaryimage\"},\"thumbnailUrl\":\"https:\\\/\\\/static.krafthand-truck.de\\\/uploads\\\/2025\\\/12\\\/Volvo_VAS_Saeffle_Autonomer_Lkw-1.jpg\",\"keywords\":[\"Autonomes Fahren\",\"Fahrerasistenzsysteme\",\"Kamera\",\"Lidarsensor\",\"Radarsensor\",\"Volvo\",\"Volvo FH\"],\"articleSection\":[\"Assistenzsysteme\",\"Neue Fahrzeuge\"],\"inLanguage\":\"de\"},{\"@type\":\"WebPage\",\"@id\":\"https:\\\/\\\/www.krafthand.de\\\/truck\\\/artikel\\\/volvo-erster-step-zur-serienfertigung-autonomer-lkw-44981\\\/\",\"url\":\"https:\\\/\\\/www.krafthand.de\\\/truck\\\/artikel\\\/volvo-erster-step-zur-serienfertigung-autonomer-lkw-44981\\\/\",\"name\":\"Volvo: Erster Step zur Serienfertigung autonomer Lkw - Krafthand-Truck\",\"isPartOf\":{\"@id\":\"https:\\\/\\\/www.krafthand.de\\\/truck\\\/#website\"},\"primaryImageOfPage\":{\"@id\":\"https:\\\/\\\/www.krafthand.de\\\/truck\\\/artikel\\\/volvo-erster-step-zur-serienfertigung-autonomer-lkw-44981\\\/#primaryimage\"},\"image\":{\"@id\":\"https:\\\/\\\/www.krafthand.de\\\/truck\\\/artikel\\\/volvo-erster-step-zur-serienfertigung-autonomer-lkw-44981\\\/#primaryimage\"},\"thumbnailUrl\":\"https:\\\/\\\/static.krafthand-truck.de\\\/uploads\\\/2025\\\/12\\\/Volvo_VAS_Saeffle_Autonomer_Lkw-1.jpg\",\"datePublished\":\"2025-12-29T10:02:28+00:00\",\"dateModified\":\"2025-12-29T10:08:17+00:00\",\"author\":{\"@id\":\"https:\\\/\\\/www.krafthand.de\\\/truck\\\/#\\\/schema\\\/person\\\/51fa80b1c57034c4bf63f9f988fc24ce\"},\"description\":\"Der Gesch\u00e4ftsbereich von Volvo, Volvo Autonomous Solutions hat im Werk S\u00e4ffle in Schweden den ersten autonomen Bergbau-Lkw gefertigt.\",\"breadcrumb\":{\"@id\":\"https:\\\/\\\/www.krafthand.de\\\/truck\\\/artikel\\\/volvo-erster-step-zur-serienfertigung-autonomer-lkw-44981\\\/#breadcrumb\"},\"inLanguage\":\"de\",\"potentialAction\":[{\"@type\":\"ReadAction\",\"target\":[\"https:\\\/\\\/www.krafthand.de\\\/truck\\\/artikel\\\/volvo-erster-step-zur-serienfertigung-autonomer-lkw-44981\\\/\"]}]},{\"@type\":\"ImageObject\",\"inLanguage\":\"de\",\"@id\":\"https:\\\/\\\/www.krafthand.de\\\/truck\\\/artikel\\\/volvo-erster-step-zur-serienfertigung-autonomer-lkw-44981\\\/#primaryimage\",\"url\":\"https:\\\/\\\/static.krafthand-truck.de\\\/uploads\\\/2025\\\/12\\\/Volvo_VAS_Saeffle_Autonomer_Lkw-1.jpg\",\"contentUrl\":\"https:\\\/\\\/static.krafthand-truck.de\\\/uploads\\\/2025\\\/12\\\/Volvo_VAS_Saeffle_Autonomer_Lkw-1.jpg\",\"width\":1200,\"height\":640},{\"@type\":\"BreadcrumbList\",\"@id\":\"https:\\\/\\\/www.krafthand.de\\\/truck\\\/artikel\\\/volvo-erster-step-zur-serienfertigung-autonomer-lkw-44981\\\/#breadcrumb\",\"itemListElement\":[{\"@type\":\"ListItem\",\"position\":1,\"name\":\"Krafthand-Truck\",\"item\":\"https:\\\/\\\/www.krafthand.de\\\/truck\\\/\"},{\"@type\":\"ListItem\",\"position\":2,\"name\":\"IT+Fuhrpark\",\"item\":\"https:\\\/\\\/www.krafthand.de\\\/truck\\\/kategorie\\\/fuhrpark\\\/\"},{\"@type\":\"ListItem\",\"position\":3,\"name\":\"Neue Fahrzeuge\",\"item\":\"https:\\\/\\\/www.krafthand.de\\\/truck\\\/kategorie\\\/fuhrpark\\\/neue-fahrzeuge\\\/\"},{\"@type\":\"ListItem\",\"position\":4,\"name\":\"Volvo: Erster Step zur Serienfertigung autonomer Lkw\"}]},{\"@type\":\"WebSite\",\"@id\":\"https:\\\/\\\/www.krafthand.de\\\/truck\\\/#website\",\"url\":\"https:\\\/\\\/www.krafthand.de\\\/truck\\\/\",\"name\":\"Krafthand-Truck\",\"description\":\"\",\"potentialAction\":[{\"@type\":\"SearchAction\",\"target\":{\"@type\":\"EntryPoint\",\"urlTemplate\":\"https:\\\/\\\/www.krafthand.de\\\/truck\\\/?s={search_term_string}\"},\"query-input\":{\"@type\":\"PropertyValueSpecification\",\"valueRequired\":true,\"valueName\":\"search_term_string\"}}],\"inLanguage\":\"de\"},{\"@type\":\"Person\",\"@id\":\"https:\\\/\\\/www.krafthand.de\\\/truck\\\/#\\\/schema\\\/person\\\/51fa80b1c57034c4bf63f9f988fc24ce\",\"name\":\"georg.blenk@krafthand-medien.de\",\"image\":{\"@type\":\"ImageObject\",\"inLanguage\":\"de\",\"@id\":\"https:\\\/\\\/secure.gravatar.com\\\/avatar\\\/93713c30affe0aa95d3a4130e499bb1abee2eb31adbdd9ce2aa1543538490215?s=96&d=mm&r=g\",\"url\":\"https:\\\/\\\/secure.gravatar.com\\\/avatar\\\/93713c30affe0aa95d3a4130e499bb1abee2eb31adbdd9ce2aa1543538490215?s=96&d=mm&r=g\",\"contentUrl\":\"https:\\\/\\\/secure.gravatar.com\\\/avatar\\\/93713c30affe0aa95d3a4130e499bb1abee2eb31adbdd9ce2aa1543538490215?s=96&d=mm&r=g\",\"caption\":\"georg.blenk@krafthand-medien.de\"}}]}<\/script>\n<!-- \/ Yoast SEO plugin. -->","yoast_head_json":{"title":"Volvo: Erster Step zur Serienfertigung autonomer Lkw - Krafthand-Truck","description":"Der Gesch\u00e4ftsbereich von Volvo, Volvo Autonomous Solutions hat im Werk S\u00e4ffle in Schweden den ersten autonomen Bergbau-Lkw gefertigt.","robots":{"index":"index","follow":"follow","max-snippet":"max-snippet:-1","max-image-preview":"max-image-preview:large","max-video-preview":"max-video-preview:-1"},"canonical":"https:\/\/www.krafthand.de\/truck\/artikel\/volvo-erster-step-zur-serienfertigung-autonomer-lkw-44981\/","og_locale":"de_DE","og_type":"article","og_title":"Volvo: Erster Step zur Serienfertigung autonomer Lkw - Krafthand-Truck","og_description":"Der Gesch\u00e4ftsbereich von Volvo, Volvo Autonomous Solutions hat im Werk S\u00e4ffle in Schweden den ersten autonomen Bergbau-Lkw gefertigt.","og_url":"https:\/\/www.krafthand-truck.de\/artikel\/volvo-erster-step-zur-serienfertigung-autonomer-lkw-44981\/","og_site_name":"Krafthand-Truck","article_published_time":"2025-12-29T10:02:28+00:00","article_modified_time":"2025-12-29T10:08:17+00:00","og_image":[{"width":1200,"height":640,"url":"https:\/\/static.krafthand-truck.de\/uploads\/2025\/12\/Volvo_VAS_Saeffle_Autonomer_Lkw-1.jpg","type":"image\/jpeg"}],"author":"georg.blenk@krafthand-medien.de","twitter_card":"summary_large_image","twitter_misc":{"Verfasst von":"georg.blenk@krafthand-medien.de","Gesch\u00e4tzte Lesezeit":"2\u00a0Minuten"},"schema":{"@context":"https:\/\/schema.org","@graph":[{"@type":"Article","@id":"https:\/\/www.krafthand.de\/truck\/artikel\/volvo-erster-step-zur-serienfertigung-autonomer-lkw-44981\/#article","isPartOf":{"@id":"https:\/\/www.krafthand.de\/truck\/artikel\/volvo-erster-step-zur-serienfertigung-autonomer-lkw-44981\/"},"author":{"name":"georg.blenk@krafthand-medien.de","@id":"https:\/\/www.krafthand.de\/truck\/#\/schema\/person\/51fa80b1c57034c4bf63f9f988fc24ce"},"headline":"Volvo: Erster Step zur Serienfertigung autonomer Lkw","datePublished":"2025-12-29T10:02:28+00:00","dateModified":"2025-12-29T10:08:17+00:00","mainEntityOfPage":{"@id":"https:\/\/www.krafthand.de\/truck\/artikel\/volvo-erster-step-zur-serienfertigung-autonomer-lkw-44981\/"},"wordCount":294,"image":{"@id":"https:\/\/www.krafthand.de\/truck\/artikel\/volvo-erster-step-zur-serienfertigung-autonomer-lkw-44981\/#primaryimage"},"thumbnailUrl":"https:\/\/static.krafthand-truck.de\/uploads\/2025\/12\/Volvo_VAS_Saeffle_Autonomer_Lkw-1.jpg","keywords":["Autonomes Fahren","Fahrerasistenzsysteme","Kamera","Lidarsensor","Radarsensor","Volvo","Volvo FH"],"articleSection":["Assistenzsysteme","Neue Fahrzeuge"],"inLanguage":"de"},{"@type":"WebPage","@id":"https:\/\/www.krafthand.de\/truck\/artikel\/volvo-erster-step-zur-serienfertigung-autonomer-lkw-44981\/","url":"https:\/\/www.krafthand.de\/truck\/artikel\/volvo-erster-step-zur-serienfertigung-autonomer-lkw-44981\/","name":"Volvo: Erster Step zur Serienfertigung autonomer Lkw - Krafthand-Truck","isPartOf":{"@id":"https:\/\/www.krafthand.de\/truck\/#website"},"primaryImageOfPage":{"@id":"https:\/\/www.krafthand.de\/truck\/artikel\/volvo-erster-step-zur-serienfertigung-autonomer-lkw-44981\/#primaryimage"},"image":{"@id":"https:\/\/www.krafthand.de\/truck\/artikel\/volvo-erster-step-zur-serienfertigung-autonomer-lkw-44981\/#primaryimage"},"thumbnailUrl":"https:\/\/static.krafthand-truck.de\/uploads\/2025\/12\/Volvo_VAS_Saeffle_Autonomer_Lkw-1.jpg","datePublished":"2025-12-29T10:02:28+00:00","dateModified":"2025-12-29T10:08:17+00:00","author":{"@id":"https:\/\/www.krafthand.de\/truck\/#\/schema\/person\/51fa80b1c57034c4bf63f9f988fc24ce"},"description":"Der Gesch\u00e4ftsbereich von Volvo, Volvo Autonomous Solutions hat im Werk S\u00e4ffle in Schweden den ersten autonomen Bergbau-Lkw gefertigt.","breadcrumb":{"@id":"https:\/\/www.krafthand.de\/truck\/artikel\/volvo-erster-step-zur-serienfertigung-autonomer-lkw-44981\/#breadcrumb"},"inLanguage":"de","potentialAction":[{"@type":"ReadAction","target":["https:\/\/www.krafthand.de\/truck\/artikel\/volvo-erster-step-zur-serienfertigung-autonomer-lkw-44981\/"]}]},{"@type":"ImageObject","inLanguage":"de","@id":"https:\/\/www.krafthand.de\/truck\/artikel\/volvo-erster-step-zur-serienfertigung-autonomer-lkw-44981\/#primaryimage","url":"https:\/\/static.krafthand-truck.de\/uploads\/2025\/12\/Volvo_VAS_Saeffle_Autonomer_Lkw-1.jpg","contentUrl":"https:\/\/static.krafthand-truck.de\/uploads\/2025\/12\/Volvo_VAS_Saeffle_Autonomer_Lkw-1.jpg","width":1200,"height":640},{"@type":"BreadcrumbList","@id":"https:\/\/www.krafthand.de\/truck\/artikel\/volvo-erster-step-zur-serienfertigung-autonomer-lkw-44981\/#breadcrumb","itemListElement":[{"@type":"ListItem","position":1,"name":"Krafthand-Truck","item":"https:\/\/www.krafthand.de\/truck\/"},{"@type":"ListItem","position":2,"name":"IT+Fuhrpark","item":"https:\/\/www.krafthand.de\/truck\/kategorie\/fuhrpark\/"},{"@type":"ListItem","position":3,"name":"Neue Fahrzeuge","item":"https:\/\/www.krafthand.de\/truck\/kategorie\/fuhrpark\/neue-fahrzeuge\/"},{"@type":"ListItem","position":4,"name":"Volvo: Erster Step zur Serienfertigung autonomer Lkw"}]},{"@type":"WebSite","@id":"https:\/\/www.krafthand.de\/truck\/#website","url":"https:\/\/www.krafthand.de\/truck\/","name":"Krafthand-Truck","description":"","potentialAction":[{"@type":"SearchAction","target":{"@type":"EntryPoint","urlTemplate":"https:\/\/www.krafthand.de\/truck\/?s={search_term_string}"},"query-input":{"@type":"PropertyValueSpecification","valueRequired":true,"valueName":"search_term_string"}}],"inLanguage":"de"},{"@type":"Person","@id":"https:\/\/www.krafthand.de\/truck\/#\/schema\/person\/51fa80b1c57034c4bf63f9f988fc24ce","name":"georg.blenk@krafthand-medien.de","image":{"@type":"ImageObject","inLanguage":"de","@id":"https:\/\/secure.gravatar.com\/avatar\/93713c30affe0aa95d3a4130e499bb1abee2eb31adbdd9ce2aa1543538490215?s=96&d=mm&r=g","url":"https:\/\/secure.gravatar.com\/avatar\/93713c30affe0aa95d3a4130e499bb1abee2eb31adbdd9ce2aa1543538490215?s=96&d=mm&r=g","contentUrl":"https:\/\/secure.gravatar.com\/avatar\/93713c30affe0aa95d3a4130e499bb1abee2eb31adbdd9ce2aa1543538490215?s=96&d=mm&r=g","caption":"georg.blenk@krafthand-medien.de"}}]}},"_links":{"self":[{"href":"https:\/\/www.krafthand.de\/truck\/wp-json\/wp\/v2\/posts\/44981","targetHints":{"allow":["GET"]}}],"collection":[{"href":"https:\/\/www.krafthand.de\/truck\/wp-json\/wp\/v2\/posts"}],"about":[{"href":"https:\/\/www.krafthand.de\/truck\/wp-json\/wp\/v2\/types\/post"}],"author":[{"embeddable":true,"href":"https:\/\/www.krafthand.de\/truck\/wp-json\/wp\/v2\/users\/9"}],"replies":[{"embeddable":true,"href":"https:\/\/www.krafthand.de\/truck\/wp-json\/wp\/v2\/comments?post=44981"}],"version-history":[{"count":6,"href":"https:\/\/www.krafthand.de\/truck\/wp-json\/wp\/v2\/posts\/44981\/revisions"}],"predecessor-version":[{"id":44988,"href":"https:\/\/www.krafthand.de\/truck\/wp-json\/wp\/v2\/posts\/44981\/revisions\/44988"}],"wp:featuredmedia":[{"embeddable":true,"href":"https:\/\/www.krafthand.de\/truck\/wp-json\/wp\/v2\/media\/44989"}],"wp:attachment":[{"href":"https:\/\/www.krafthand.de\/truck\/wp-json\/wp\/v2\/media?parent=44981"}],"wp:term":[{"taxonomy":"category","embeddable":true,"href":"https:\/\/www.krafthand.de\/truck\/wp-json\/wp\/v2\/categories?post=44981"},{"taxonomy":"post_tag","embeddable":true,"href":"https:\/\/www.krafthand.de\/truck\/wp-json\/wp\/v2\/tags?post=44981"},{"taxonomy":"settings","embeddable":true,"href":"https:\/\/www.krafthand.de\/truck\/wp-json\/wp\/v2\/settings?post=44981"}],"curies":[{"name":"wp","href":"https:\/\/api.w.org\/{rel}","templated":true}]}}