{"id":44969,"date":"2025-12-28T15:02:14","date_gmt":"2025-12-28T14:02:14","guid":{"rendered":"https:\/\/www.krafthand.de\/truck\/?p=44969"},"modified":"2025-12-28T15:02:14","modified_gmt":"2025-12-28T14:02:14","slug":"petit-forestier-erweitert-kuehlfahrzeug-flotte-um-300-edaily","status":"publish","type":"post","link":"https:\/\/www.krafthand.de\/truck\/artikel\/petit-forestier-erweitert-kuehlfahrzeug-flotte-um-300-edaily-44969\/","title":{"rendered":"Petit Forestier erweitert K\u00fchlfahrzeug-Flotte um 300 eDaily"},"content":{"rendered":"<p>Der Vermieter von K\u00fchlfahrzeugen, die Petit Forestier Group, erweitert ihre Flotte um knapp 300 vollelektrische eDaily. Bis dato hat IVECO bereits 275 Fahrzeuge mit Aufbauten ausgeliefert. Der Auftrag geht auf eine im September 2022 unterzeichnete Absichtserkl\u00e4rung zwischen der Petit Forestier Group und <a href=\"https:\/\/www.iveco.com\/germany\" target=\"_blank\" rel=\"noopener\">IVECO<\/a> zur\u00fcck, die eine Bestellung von 2.000 Fahrgestellen umfasst. Der K\u00fchlkoffer-Aufbau stammt von <a href=\"https:\/\/www.lecapitaine.com\/de-de\" target=\"_blank\" rel=\"noopener\">Lecapitaine, <\/a>einem Tochterunternehmen von <a href=\"https:\/\/www.petitforestier.com\/de-de\/professional\" target=\"_blank\" rel=\"noopener\">Petit Forestier<\/a>.<\/p>\n<p>Die lokal emissionsfreien eDaily sind Teil des Bestrebens der Gruppe, ihre Kunden bei der Energiewende zu unterst\u00fctzen. Die Petit Forestier Group bietet L\u00f6sungen, die den CO2-Fu\u00dfabdruck des Fuhrparks reduzieren und gleichzeitig komfortable und ger\u00e4uscharme Lieferungen in Umweltzonen gew\u00e4hrleisten, ohne dabei Kompromisse bei der Leistung einzugehen.<\/p>\n<p><blockquote class=\"khm-quote\"><p>Um den \u00f6kologischen Herausforderungen zu begegnen, ist es unser Ziel, unseren Kunden die M\u00f6glichkeit zu geben, emissions\u00e4rmere Fahrzeuge zu betreiben. Deshalb unterst\u00fctzen wir sie aktiv bei der Dekarbonisierung ihrer Flotten. Die Einf\u00fchrung des eDaily ist ein wichtiger Meilenstein in der langj\u00e4hrigen Partnerschaft zwischen der Petit Forestier Group und IVECO, mit denen wir ein gemeinsames Engagement f\u00fcr nachhaltige Entwicklung und Energiewende teilen. Unsere Elektrofahrzeugflotte erm\u00f6glicht es unseren Kunden, ihre Umweltbelastung zu reduzieren und sich flie\u00dfend in st\u00e4dtische Umgebungen zu integrieren, in denen Ruhe einen hohen Stellenwert hat <\/p><\/blockquote> (Yann Leriche, Director of Assets &amp; Supply bei der Petit Forestier Group.)<\/p>\n","protected":false},"excerpt":{"rendered":"<p>Der Vermieter von K\u00fchlfahrzeugen, die Petit Forestier Group, erweitert ihre Flotte um knapp 300 vollelektrische eDaily. Bis dato hat IVECO bereits 275 Fahrzeuge mit Aufbauten ausgeliefert. <span class=\"excerpt-more__dots\">&#8230;<\/span> <a class=\"excerpt-more__link\" href=\"https:\/\/www.krafthand.de\/truck\/artikel\/petit-forestier-erweitert-kuehlfahrzeug-flotte-um-300-edaily-44969\/\" >weiter<\/a><\/p>\n","protected":false},"author":9,"featured_media":44979,"comment_status":"closed","ping_status":"closed","sticky":false,"template":"","format":"standard","meta":{"footnotes":""},"categories":[4224,4915],"tags":[5466,29,5680,6386,281],"settings":[4766,3523],"class_list":["post-44969","post","type-post","status-publish","format-standard","has-post-thumbnail","hentry","category-e-antrieb","category-neue-fahrzeuge","tag-edaily","tag-iveco","tag-kuehlkoffer","tag-petit-forestier","tag-transporter"],"yoast_head":"<!-- This site is optimized with the Yoast SEO plugin v27.3 - https:\/\/yoast.com\/product\/yoast-seo-wordpress\/ -->\n<title>Petit Forestier erweitert K\u00fchlfahrzeug-Flotte um 300 eDaily - Krafthand-Truck<\/title>\n<meta name=\"description\" content=\"Der Vermieter von K\u00fchlfahrzeugen, die Petit Forestier Group, erweitert ihre Flotte um knapp 300 vollelektrische eDaily.\" \/>\n<meta name=\"robots\" content=\"index, follow, max-snippet:-1, max-image-preview:large, max-video-preview:-1\" \/>\n<link rel=\"canonical\" href=\"https:\/\/www.krafthand.de\/truck\/artikel\/petit-forestier-erweitert-kuehlfahrzeug-flotte-um-300-edaily-44969\/\" \/>\n<meta property=\"og:locale\" content=\"de_DE\" \/>\n<meta property=\"og:type\" content=\"article\" \/>\n<meta property=\"og:title\" content=\"Petit Forestier erweitert K\u00fchlfahrzeug-Flotte um 300 eDaily - Krafthand-Truck\" \/>\n<meta property=\"og:description\" content=\"Der Vermieter von K\u00fchlfahrzeugen, die Petit Forestier Group, erweitert ihre Flotte um knapp 300 vollelektrische eDaily.\" \/>\n<meta property=\"og:url\" content=\"https:\/\/www.krafthand-truck.de\/artikel\/petit-forestier-erweitert-kuehlfahrzeug-flotte-um-300-edaily-44969\/\" \/>\n<meta property=\"og:site_name\" content=\"Krafthand-Truck\" \/>\n<meta property=\"article:published_time\" content=\"2025-12-28T14:02:14+00:00\" \/>\n<meta property=\"og:image\" content=\"https:\/\/static.krafthand-truck.de\/uploads\/2025\/12\/IVECO-eDaily_Petit_Forestier_photo.jpg\" \/>\n\t<meta property=\"og:image:width\" content=\"1080\" \/>\n\t<meta property=\"og:image:height\" content=\"608\" \/>\n\t<meta property=\"og:image:type\" content=\"image\/jpeg\" \/>\n<meta name=\"author\" content=\"georg.blenk@krafthand-medien.de\" \/>\n<meta name=\"twitter:card\" content=\"summary_large_image\" \/>\n<meta name=\"twitter:label1\" content=\"Verfasst von\" \/>\n\t<meta name=\"twitter:data1\" content=\"georg.blenk@krafthand-medien.de\" \/>\n\t<meta name=\"twitter:label2\" content=\"Gesch\u00e4tzte Lesezeit\" \/>\n\t<meta name=\"twitter:data2\" content=\"2\u00a0Minuten\" \/>\n<script type=\"application\/ld+json\" class=\"yoast-schema-graph\">{\"@context\":\"https:\\\/\\\/schema.org\",\"@graph\":[{\"@type\":\"Article\",\"@id\":\"https:\\\/\\\/www.krafthand.de\\\/truck\\\/artikel\\\/petit-forestier-erweitert-kuehlfahrzeug-flotte-um-300-edaily-44969\\\/#article\",\"isPartOf\":{\"@id\":\"https:\\\/\\\/www.krafthand.de\\\/truck\\\/artikel\\\/petit-forestier-erweitert-kuehlfahrzeug-flotte-um-300-edaily-44969\\\/\"},\"author\":{\"name\":\"georg.blenk@krafthand-medien.de\",\"@id\":\"https:\\\/\\\/www.krafthand.de\\\/truck\\\/#\\\/schema\\\/person\\\/51fa80b1c57034c4bf63f9f988fc24ce\"},\"headline\":\"Petit Forestier erweitert K\u00fchlfahrzeug-Flotte um 300 eDaily\",\"datePublished\":\"2025-12-28T14:02:14+00:00\",\"mainEntityOfPage\":{\"@id\":\"https:\\\/\\\/www.krafthand.de\\\/truck\\\/artikel\\\/petit-forestier-erweitert-kuehlfahrzeug-flotte-um-300-edaily-44969\\\/\"},\"wordCount\":228,\"image\":{\"@id\":\"https:\\\/\\\/www.krafthand.de\\\/truck\\\/artikel\\\/petit-forestier-erweitert-kuehlfahrzeug-flotte-um-300-edaily-44969\\\/#primaryimage\"},\"thumbnailUrl\":\"https:\\\/\\\/static.krafthand-truck.de\\\/uploads\\\/2025\\\/12\\\/IVECO-eDaily_Petit_Forestier_photo.jpg\",\"keywords\":[\"eDaily\",\"Iveco\",\"K\u00fchlkoffer\",\"Petit Forestier\",\"Transporter\"],\"articleSection\":[\"E-Antrieb (BEV\\\/FCEV)\",\"Neue Fahrzeuge\"],\"inLanguage\":\"de\"},{\"@type\":\"WebPage\",\"@id\":\"https:\\\/\\\/www.krafthand.de\\\/truck\\\/artikel\\\/petit-forestier-erweitert-kuehlfahrzeug-flotte-um-300-edaily-44969\\\/\",\"url\":\"https:\\\/\\\/www.krafthand.de\\\/truck\\\/artikel\\\/petit-forestier-erweitert-kuehlfahrzeug-flotte-um-300-edaily-44969\\\/\",\"name\":\"Petit Forestier erweitert K\u00fchlfahrzeug-Flotte um 300 eDaily - Krafthand-Truck\",\"isPartOf\":{\"@id\":\"https:\\\/\\\/www.krafthand.de\\\/truck\\\/#website\"},\"primaryImageOfPage\":{\"@id\":\"https:\\\/\\\/www.krafthand.de\\\/truck\\\/artikel\\\/petit-forestier-erweitert-kuehlfahrzeug-flotte-um-300-edaily-44969\\\/#primaryimage\"},\"image\":{\"@id\":\"https:\\\/\\\/www.krafthand.de\\\/truck\\\/artikel\\\/petit-forestier-erweitert-kuehlfahrzeug-flotte-um-300-edaily-44969\\\/#primaryimage\"},\"thumbnailUrl\":\"https:\\\/\\\/static.krafthand-truck.de\\\/uploads\\\/2025\\\/12\\\/IVECO-eDaily_Petit_Forestier_photo.jpg\",\"datePublished\":\"2025-12-28T14:02:14+00:00\",\"author\":{\"@id\":\"https:\\\/\\\/www.krafthand.de\\\/truck\\\/#\\\/schema\\\/person\\\/51fa80b1c57034c4bf63f9f988fc24ce\"},\"description\":\"Der Vermieter von K\u00fchlfahrzeugen, die Petit Forestier Group, erweitert ihre Flotte um knapp 300 vollelektrische eDaily.\",\"breadcrumb\":{\"@id\":\"https:\\\/\\\/www.krafthand.de\\\/truck\\\/artikel\\\/petit-forestier-erweitert-kuehlfahrzeug-flotte-um-300-edaily-44969\\\/#breadcrumb\"},\"inLanguage\":\"de\",\"potentialAction\":[{\"@type\":\"ReadAction\",\"target\":[\"https:\\\/\\\/www.krafthand.de\\\/truck\\\/artikel\\\/petit-forestier-erweitert-kuehlfahrzeug-flotte-um-300-edaily-44969\\\/\"]}]},{\"@type\":\"ImageObject\",\"inLanguage\":\"de\",\"@id\":\"https:\\\/\\\/www.krafthand.de\\\/truck\\\/artikel\\\/petit-forestier-erweitert-kuehlfahrzeug-flotte-um-300-edaily-44969\\\/#primaryimage\",\"url\":\"https:\\\/\\\/static.krafthand-truck.de\\\/uploads\\\/2025\\\/12\\\/IVECO-eDaily_Petit_Forestier_photo.jpg\",\"contentUrl\":\"https:\\\/\\\/static.krafthand-truck.de\\\/uploads\\\/2025\\\/12\\\/IVECO-eDaily_Petit_Forestier_photo.jpg\",\"width\":1080,\"height\":608},{\"@type\":\"BreadcrumbList\",\"@id\":\"https:\\\/\\\/www.krafthand.de\\\/truck\\\/artikel\\\/petit-forestier-erweitert-kuehlfahrzeug-flotte-um-300-edaily-44969\\\/#breadcrumb\",\"itemListElement\":[{\"@type\":\"ListItem\",\"position\":1,\"name\":\"Krafthand-Truck\",\"item\":\"https:\\\/\\\/www.krafthand.de\\\/truck\\\/\"},{\"@type\":\"ListItem\",\"position\":2,\"name\":\"IT+Fuhrpark\",\"item\":\"https:\\\/\\\/www.krafthand.de\\\/truck\\\/kategorie\\\/fuhrpark\\\/\"},{\"@type\":\"ListItem\",\"position\":3,\"name\":\"Neue Fahrzeuge\",\"item\":\"https:\\\/\\\/www.krafthand.de\\\/truck\\\/kategorie\\\/fuhrpark\\\/neue-fahrzeuge\\\/\"},{\"@type\":\"ListItem\",\"position\":4,\"name\":\"Petit Forestier erweitert K\u00fchlfahrzeug-Flotte um 300 eDaily\"}]},{\"@type\":\"WebSite\",\"@id\":\"https:\\\/\\\/www.krafthand.de\\\/truck\\\/#website\",\"url\":\"https:\\\/\\\/www.krafthand.de\\\/truck\\\/\",\"name\":\"Krafthand-Truck\",\"description\":\"\",\"potentialAction\":[{\"@type\":\"SearchAction\",\"target\":{\"@type\":\"EntryPoint\",\"urlTemplate\":\"https:\\\/\\\/www.krafthand.de\\\/truck\\\/?s={search_term_string}\"},\"query-input\":{\"@type\":\"PropertyValueSpecification\",\"valueRequired\":true,\"valueName\":\"search_term_string\"}}],\"inLanguage\":\"de\"},{\"@type\":\"Person\",\"@id\":\"https:\\\/\\\/www.krafthand.de\\\/truck\\\/#\\\/schema\\\/person\\\/51fa80b1c57034c4bf63f9f988fc24ce\",\"name\":\"georg.blenk@krafthand-medien.de\",\"image\":{\"@type\":\"ImageObject\",\"inLanguage\":\"de\",\"@id\":\"https:\\\/\\\/secure.gravatar.com\\\/avatar\\\/93713c30affe0aa95d3a4130e499bb1abee2eb31adbdd9ce2aa1543538490215?s=96&d=mm&r=g\",\"url\":\"https:\\\/\\\/secure.gravatar.com\\\/avatar\\\/93713c30affe0aa95d3a4130e499bb1abee2eb31adbdd9ce2aa1543538490215?s=96&d=mm&r=g\",\"contentUrl\":\"https:\\\/\\\/secure.gravatar.com\\\/avatar\\\/93713c30affe0aa95d3a4130e499bb1abee2eb31adbdd9ce2aa1543538490215?s=96&d=mm&r=g\",\"caption\":\"georg.blenk@krafthand-medien.de\"}}]}<\/script>\n<!-- \/ Yoast SEO plugin. -->","yoast_head_json":{"title":"Petit Forestier erweitert K\u00fchlfahrzeug-Flotte um 300 eDaily - Krafthand-Truck","description":"Der Vermieter von K\u00fchlfahrzeugen, die Petit Forestier Group, erweitert ihre Flotte um knapp 300 vollelektrische eDaily.","robots":{"index":"index","follow":"follow","max-snippet":"max-snippet:-1","max-image-preview":"max-image-preview:large","max-video-preview":"max-video-preview:-1"},"canonical":"https:\/\/www.krafthand.de\/truck\/artikel\/petit-forestier-erweitert-kuehlfahrzeug-flotte-um-300-edaily-44969\/","og_locale":"de_DE","og_type":"article","og_title":"Petit Forestier erweitert K\u00fchlfahrzeug-Flotte um 300 eDaily - Krafthand-Truck","og_description":"Der Vermieter von K\u00fchlfahrzeugen, die Petit Forestier Group, erweitert ihre Flotte um knapp 300 vollelektrische eDaily.","og_url":"https:\/\/www.krafthand-truck.de\/artikel\/petit-forestier-erweitert-kuehlfahrzeug-flotte-um-300-edaily-44969\/","og_site_name":"Krafthand-Truck","article_published_time":"2025-12-28T14:02:14+00:00","og_image":[{"width":1080,"height":608,"url":"https:\/\/static.krafthand-truck.de\/uploads\/2025\/12\/IVECO-eDaily_Petit_Forestier_photo.jpg","type":"image\/jpeg"}],"author":"georg.blenk@krafthand-medien.de","twitter_card":"summary_large_image","twitter_misc":{"Verfasst von":"georg.blenk@krafthand-medien.de","Gesch\u00e4tzte Lesezeit":"2\u00a0Minuten"},"schema":{"@context":"https:\/\/schema.org","@graph":[{"@type":"Article","@id":"https:\/\/www.krafthand.de\/truck\/artikel\/petit-forestier-erweitert-kuehlfahrzeug-flotte-um-300-edaily-44969\/#article","isPartOf":{"@id":"https:\/\/www.krafthand.de\/truck\/artikel\/petit-forestier-erweitert-kuehlfahrzeug-flotte-um-300-edaily-44969\/"},"author":{"name":"georg.blenk@krafthand-medien.de","@id":"https:\/\/www.krafthand.de\/truck\/#\/schema\/person\/51fa80b1c57034c4bf63f9f988fc24ce"},"headline":"Petit Forestier erweitert K\u00fchlfahrzeug-Flotte um 300 eDaily","datePublished":"2025-12-28T14:02:14+00:00","mainEntityOfPage":{"@id":"https:\/\/www.krafthand.de\/truck\/artikel\/petit-forestier-erweitert-kuehlfahrzeug-flotte-um-300-edaily-44969\/"},"wordCount":228,"image":{"@id":"https:\/\/www.krafthand.de\/truck\/artikel\/petit-forestier-erweitert-kuehlfahrzeug-flotte-um-300-edaily-44969\/#primaryimage"},"thumbnailUrl":"https:\/\/static.krafthand-truck.de\/uploads\/2025\/12\/IVECO-eDaily_Petit_Forestier_photo.jpg","keywords":["eDaily","Iveco","K\u00fchlkoffer","Petit Forestier","Transporter"],"articleSection":["E-Antrieb (BEV\/FCEV)","Neue Fahrzeuge"],"inLanguage":"de"},{"@type":"WebPage","@id":"https:\/\/www.krafthand.de\/truck\/artikel\/petit-forestier-erweitert-kuehlfahrzeug-flotte-um-300-edaily-44969\/","url":"https:\/\/www.krafthand.de\/truck\/artikel\/petit-forestier-erweitert-kuehlfahrzeug-flotte-um-300-edaily-44969\/","name":"Petit Forestier erweitert K\u00fchlfahrzeug-Flotte um 300 eDaily - Krafthand-Truck","isPartOf":{"@id":"https:\/\/www.krafthand.de\/truck\/#website"},"primaryImageOfPage":{"@id":"https:\/\/www.krafthand.de\/truck\/artikel\/petit-forestier-erweitert-kuehlfahrzeug-flotte-um-300-edaily-44969\/#primaryimage"},"image":{"@id":"https:\/\/www.krafthand.de\/truck\/artikel\/petit-forestier-erweitert-kuehlfahrzeug-flotte-um-300-edaily-44969\/#primaryimage"},"thumbnailUrl":"https:\/\/static.krafthand-truck.de\/uploads\/2025\/12\/IVECO-eDaily_Petit_Forestier_photo.jpg","datePublished":"2025-12-28T14:02:14+00:00","author":{"@id":"https:\/\/www.krafthand.de\/truck\/#\/schema\/person\/51fa80b1c57034c4bf63f9f988fc24ce"},"description":"Der Vermieter von K\u00fchlfahrzeugen, die Petit Forestier Group, erweitert ihre Flotte um knapp 300 vollelektrische eDaily.","breadcrumb":{"@id":"https:\/\/www.krafthand.de\/truck\/artikel\/petit-forestier-erweitert-kuehlfahrzeug-flotte-um-300-edaily-44969\/#breadcrumb"},"inLanguage":"de","potentialAction":[{"@type":"ReadAction","target":["https:\/\/www.krafthand.de\/truck\/artikel\/petit-forestier-erweitert-kuehlfahrzeug-flotte-um-300-edaily-44969\/"]}]},{"@type":"ImageObject","inLanguage":"de","@id":"https:\/\/www.krafthand.de\/truck\/artikel\/petit-forestier-erweitert-kuehlfahrzeug-flotte-um-300-edaily-44969\/#primaryimage","url":"https:\/\/static.krafthand-truck.de\/uploads\/2025\/12\/IVECO-eDaily_Petit_Forestier_photo.jpg","contentUrl":"https:\/\/static.krafthand-truck.de\/uploads\/2025\/12\/IVECO-eDaily_Petit_Forestier_photo.jpg","width":1080,"height":608},{"@type":"BreadcrumbList","@id":"https:\/\/www.krafthand.de\/truck\/artikel\/petit-forestier-erweitert-kuehlfahrzeug-flotte-um-300-edaily-44969\/#breadcrumb","itemListElement":[{"@type":"ListItem","position":1,"name":"Krafthand-Truck","item":"https:\/\/www.krafthand.de\/truck\/"},{"@type":"ListItem","position":2,"name":"IT+Fuhrpark","item":"https:\/\/www.krafthand.de\/truck\/kategorie\/fuhrpark\/"},{"@type":"ListItem","position":3,"name":"Neue Fahrzeuge","item":"https:\/\/www.krafthand.de\/truck\/kategorie\/fuhrpark\/neue-fahrzeuge\/"},{"@type":"ListItem","position":4,"name":"Petit Forestier erweitert K\u00fchlfahrzeug-Flotte um 300 eDaily"}]},{"@type":"WebSite","@id":"https:\/\/www.krafthand.de\/truck\/#website","url":"https:\/\/www.krafthand.de\/truck\/","name":"Krafthand-Truck","description":"","potentialAction":[{"@type":"SearchAction","target":{"@type":"EntryPoint","urlTemplate":"https:\/\/www.krafthand.de\/truck\/?s={search_term_string}"},"query-input":{"@type":"PropertyValueSpecification","valueRequired":true,"valueName":"search_term_string"}}],"inLanguage":"de"},{"@type":"Person","@id":"https:\/\/www.krafthand.de\/truck\/#\/schema\/person\/51fa80b1c57034c4bf63f9f988fc24ce","name":"georg.blenk@krafthand-medien.de","image":{"@type":"ImageObject","inLanguage":"de","@id":"https:\/\/secure.gravatar.com\/avatar\/93713c30affe0aa95d3a4130e499bb1abee2eb31adbdd9ce2aa1543538490215?s=96&d=mm&r=g","url":"https:\/\/secure.gravatar.com\/avatar\/93713c30affe0aa95d3a4130e499bb1abee2eb31adbdd9ce2aa1543538490215?s=96&d=mm&r=g","contentUrl":"https:\/\/secure.gravatar.com\/avatar\/93713c30affe0aa95d3a4130e499bb1abee2eb31adbdd9ce2aa1543538490215?s=96&d=mm&r=g","caption":"georg.blenk@krafthand-medien.de"}}]}},"_links":{"self":[{"href":"https:\/\/www.krafthand.de\/truck\/wp-json\/wp\/v2\/posts\/44969","targetHints":{"allow":["GET"]}}],"collection":[{"href":"https:\/\/www.krafthand.de\/truck\/wp-json\/wp\/v2\/posts"}],"about":[{"href":"https:\/\/www.krafthand.de\/truck\/wp-json\/wp\/v2\/types\/post"}],"author":[{"embeddable":true,"href":"https:\/\/www.krafthand.de\/truck\/wp-json\/wp\/v2\/users\/9"}],"replies":[{"embeddable":true,"href":"https:\/\/www.krafthand.de\/truck\/wp-json\/wp\/v2\/comments?post=44969"}],"version-history":[{"count":10,"href":"https:\/\/www.krafthand.de\/truck\/wp-json\/wp\/v2\/posts\/44969\/revisions"}],"predecessor-version":[{"id":44980,"href":"https:\/\/www.krafthand.de\/truck\/wp-json\/wp\/v2\/posts\/44969\/revisions\/44980"}],"wp:featuredmedia":[{"embeddable":true,"href":"https:\/\/www.krafthand.de\/truck\/wp-json\/wp\/v2\/media\/44979"}],"wp:attachment":[{"href":"https:\/\/www.krafthand.de\/truck\/wp-json\/wp\/v2\/media?parent=44969"}],"wp:term":[{"taxonomy":"category","embeddable":true,"href":"https:\/\/www.krafthand.de\/truck\/wp-json\/wp\/v2\/categories?post=44969"},{"taxonomy":"post_tag","embeddable":true,"href":"https:\/\/www.krafthand.de\/truck\/wp-json\/wp\/v2\/tags?post=44969"},{"taxonomy":"settings","embeddable":true,"href":"https:\/\/www.krafthand.de\/truck\/wp-json\/wp\/v2\/settings?post=44969"}],"curies":[{"name":"wp","href":"https:\/\/api.w.org\/{rel}","templated":true}]}}