{"id":44916,"date":"2025-12-16T12:40:21","date_gmt":"2025-12-16T11:40:21","guid":{"rendered":"https:\/\/www.krafthand.de\/truck\/?p=44916"},"modified":"2026-01-05T09:51:56","modified_gmt":"2026-01-05T08:51:56","slug":"ace-nfz-ausschuss-karin-radstroem-uebernimmt-2026-vorsitz","status":"publish","type":"post","link":"https:\/\/www.krafthand.de\/truck\/artikel\/ace-nfz-ausschuss-karin-radstroem-uebernimmt-2026-vorsitz-44916\/","title":{"rendered":"ACEA Nfz-Ausschuss: Karin R\u00e5dstr\u00f6m \u00fcbernimmt 2026 Vorsitz"},"content":{"rendered":"<p>Karin R\u00e5dstr\u00f6m, President &amp; CEO von Daimler Truck, wurde mit Wirkung zum 1. Januar 2026 zur Vorsitzenden des Nutzfahrzeug-Ausschusses des Verbands europ\u00e4ischer Automobilhersteller (ACEA) gew\u00e4hlt. R\u00e5dstr\u00f6m sagte es sei ein Privileg und eine Ehre, in einer f\u00fcr unsere Industrie so entscheidenden Zeit den Vorsitz des Commercial Vehicle Boards des Verbands europ\u00e4ischer Automobilhersteller (ACEA) zu \u00fcbernehmen.<\/p>\n<blockquote class=\"khm-quote\"><p>Lkw und Busse bewegen Europa \u2013 sie sind das R\u00fcckgrat von Logistik und \u00f6ffentlichem Personenverkehr. Da viele der weltweit f\u00fchrenden Lkw- und Bushersteller hier in Europa ans\u00e4ssig sind, tragen wir nicht nur die Verantwortung, sondern haben auch die M\u00f6glichkeit, eine f\u00fchrende Rolle einzunehmen.<\/p><\/blockquote>\n<p>Dennoch gebe es Herausforderungen, die die Wettbewerbsf\u00e4higkeit unserer Branche gef\u00e4hrden. &#8222;Wir unterst\u00fctzen ausdr\u00fccklich das Ziel der EU, den Transport zu dekarbonisieren. Und mit mehreren Dutzend verschiedenen emissionsfreien Lkw- und Busmodellen in Serienproduktion liefert unsere Branche&#8220;, so\u00a0 R\u00e5dstr\u00f6m. Ein substanzieller Markthochlauf werde jedoch nur erfolgen, wenn unsere Kunden emissionsfreie Fahrzeuge so nahtlos und profitabel betreiben k\u00f6nnen wie heutige konventionelle Fahrzeuge.<\/p>\n<p><em>&#8222;Deshalb brauchen wir bis sp\u00e4testens Mitte 2026 eine beschleunigte \u00dcberpr\u00fcfung der CO\u2082-Gesetzgebung f\u00fcr schwere Nutzfahrzeuge. Die Kommission muss jetzt dringend Ma\u00dfnahmen ergreifen, um zu verhindern, dass Hersteller Strafen zahlen m\u00fcssen, obwohl die grundlegenden Voraussetzungen nicht gegeben sind. Die Verpflichtungen f\u00fcr Hersteller m\u00fcssen in Einklang gebracht werden mit dem Ausbau von Lade- und Wasserstoff-Infrastrukturnetzen sowie mit politischen Ma\u00dfnahmen \u2013 wie beispielsweise einer CO2-basierten Maut in allen Mitgliedstaaten \u2013, die tragf\u00e4hige Gesch\u00e4ftsmodelle f\u00fcr unsere Kunden unterst\u00fctzen.&#8220;<\/em><\/p>\n<p>2026 m\u00fcsse laut R\u00e5dstr\u00f6m das Jahr sein, in dem Europa Herausforderungen in Fortschritte \u00fcberf\u00fchrt \u2013 mit pragmatischen L\u00f6sungen, die die Wettbewerbsf\u00e4higkeit sichern und gleichzeitig die Dekarbonisierung vorantreiben. <em>&#8222;Europa muss z\u00fcgig unser starker Heimatmarkt f\u00fcr emissionsfreie Technologien werden. Die Kommission und die Mitgliedstaaten m\u00fcssen den regulatorischen Rahmen dringend optimieren und vereinfachen und die Nachfrage nach emissionsfreien Fahrzeugen beschleunigen. Darauf werde ich mich in meiner Amtszeit bei ACEA konzentrieren,\u201c<\/em> so Karin R\u00e5dstr\u00f6m abschlie\u00dfend.<\/p>\n<p>Der Nutzfahrzeug-Ausschuss von ACEA setzt sich aus den F\u00fchrungskr\u00e4ften der Mitglieder von Nutzfahrzeugunternehmen zusammen und versammelt die CEOs von DAF Trucks, Daimler Truck, Ford Trucks, Iveco Group, MAN Truck &amp; Bus, Scania Group und Volvo Group. Der Vorsitz wird j\u00e4hrlich neu gew\u00e4hlt. Karin R\u00e5dstr\u00f6m folgt auf Christian Levin, President &amp; CEO von Scania und Traton Group, der dieses Amt im Jahr 2025 innehatte.<\/p>\n","protected":false},"excerpt":{"rendered":"<p>Karin R\u00e5dstr\u00f6m, President &#038; CEO von Daimler Truck, wurde mit Wirkung zum 1. Januar 2026 zur Vorsitzenden des Nutzfahrzeug-Ausschusses des Verbands europ\u00e4ischer Automobilhersteller (ACEA) gew\u00e4hlt. <span class=\"excerpt-more__dots\">&#8230;<\/span> <a class=\"excerpt-more__link\" href=\"https:\/\/www.krafthand.de\/truck\/artikel\/ace-nfz-ausschuss-karin-radstroem-uebernimmt-2026-vorsitz-44916\/\" >weiter<\/a><\/p>\n","protected":false},"author":9,"featured_media":44919,"comment_status":"closed","ping_status":"closed","sticky":false,"template":"","format":"standard","meta":{"footnotes":""},"categories":[4238,4245],"tags":[4139,4168],"settings":[3523],"class_list":["post-44916","post","type-post","status-publish","format-standard","has-post-thumbnail","hentry","category-koepfe","category-verbaende","tag-acea","tag-karin-radstroem"],"yoast_head":"<!-- This site is optimized with the Yoast SEO plugin v27.3 - https:\/\/yoast.com\/product\/yoast-seo-wordpress\/ -->\n<title>ACEA Nfz-Ausschuss: Karin R\u00e5dstr\u00f6m \u00fcbernimmt 2026 Vorsitz - Krafthand-Truck<\/title>\n<meta name=\"description\" content=\"Karin R\u00e5dstr\u00f6m wurde zur Vorsitzenden des Nutzfahrzeug-Ausschusses 2026 des Verbands europ\u00e4ischer Automobilhersteller (ACEA) gew\u00e4hlt.\" \/>\n<meta name=\"robots\" content=\"index, follow, max-snippet:-1, max-image-preview:large, max-video-preview:-1\" \/>\n<link rel=\"canonical\" href=\"https:\/\/www.krafthand.de\/truck\/artikel\/ace-nfz-ausschuss-karin-radstroem-uebernimmt-2026-vorsitz-44916\/\" \/>\n<meta property=\"og:locale\" content=\"de_DE\" \/>\n<meta property=\"og:type\" content=\"article\" \/>\n<meta property=\"og:title\" content=\"ACEA Nfz-Ausschuss: Karin R\u00e5dstr\u00f6m \u00fcbernimmt 2026 Vorsitz - Krafthand-Truck\" \/>\n<meta property=\"og:description\" content=\"Karin R\u00e5dstr\u00f6m wurde zur Vorsitzenden des Nutzfahrzeug-Ausschusses 2026 des Verbands europ\u00e4ischer Automobilhersteller (ACEA) gew\u00e4hlt.\" \/>\n<meta property=\"og:url\" content=\"https:\/\/www.krafthand-truck.de\/artikel\/ace-nfz-ausschuss-karin-radstroem-uebernimmt-2026-vorsitz-44916\/\" \/>\n<meta property=\"og:site_name\" content=\"Krafthand-Truck\" \/>\n<meta property=\"article:published_time\" content=\"2025-12-16T11:40:21+00:00\" \/>\n<meta property=\"article:modified_time\" content=\"2026-01-05T08:51:56+00:00\" \/>\n<meta property=\"og:image\" content=\"https:\/\/static.krafthand-truck.de\/uploads\/2025\/12\/ACEA_Vorsitz_2026_Karin_Radstroem.jpg\" \/>\n\t<meta property=\"og:image:width\" content=\"1200\" \/>\n\t<meta property=\"og:image:height\" content=\"800\" \/>\n\t<meta property=\"og:image:type\" content=\"image\/jpeg\" \/>\n<meta name=\"author\" content=\"georg.blenk@krafthand-medien.de\" \/>\n<meta name=\"twitter:card\" content=\"summary_large_image\" \/>\n<meta name=\"twitter:label1\" content=\"Verfasst von\" \/>\n\t<meta name=\"twitter:data1\" content=\"georg.blenk@krafthand-medien.de\" \/>\n\t<meta name=\"twitter:label2\" content=\"Gesch\u00e4tzte Lesezeit\" \/>\n\t<meta name=\"twitter:data2\" content=\"3\u00a0Minuten\" \/>\n<script type=\"application\/ld+json\" class=\"yoast-schema-graph\">{\"@context\":\"https:\\\/\\\/schema.org\",\"@graph\":[{\"@type\":\"Article\",\"@id\":\"https:\\\/\\\/www.krafthand.de\\\/truck\\\/artikel\\\/ace-nfz-ausschuss-karin-radstroem-uebernimmt-2026-vorsitz-44916\\\/#article\",\"isPartOf\":{\"@id\":\"https:\\\/\\\/www.krafthand.de\\\/truck\\\/artikel\\\/ace-nfz-ausschuss-karin-radstroem-uebernimmt-2026-vorsitz-44916\\\/\"},\"author\":{\"name\":\"georg.blenk@krafthand-medien.de\",\"@id\":\"https:\\\/\\\/www.krafthand.de\\\/truck\\\/#\\\/schema\\\/person\\\/51fa80b1c57034c4bf63f9f988fc24ce\"},\"headline\":\"ACEA Nfz-Ausschuss: Karin R\u00e5dstr\u00f6m \u00fcbernimmt 2026 Vorsitz\",\"datePublished\":\"2025-12-16T11:40:21+00:00\",\"dateModified\":\"2026-01-05T08:51:56+00:00\",\"mainEntityOfPage\":{\"@id\":\"https:\\\/\\\/www.krafthand.de\\\/truck\\\/artikel\\\/ace-nfz-ausschuss-karin-radstroem-uebernimmt-2026-vorsitz-44916\\\/\"},\"wordCount\":418,\"image\":{\"@id\":\"https:\\\/\\\/www.krafthand.de\\\/truck\\\/artikel\\\/ace-nfz-ausschuss-karin-radstroem-uebernimmt-2026-vorsitz-44916\\\/#primaryimage\"},\"thumbnailUrl\":\"https:\\\/\\\/static.krafthand-truck.de\\\/uploads\\\/2025\\\/12\\\/ACEA_Vorsitz_2026_Karin_Radstroem.jpg\",\"keywords\":[\"ACEA\",\"Karin R\u00e5dstr\u00f6m\"],\"articleSection\":[\"K\u00f6pfe\\\/Personen\",\"Verb\u00e4nde\\\/Politik\\\/Recht\"],\"inLanguage\":\"de\"},{\"@type\":\"WebPage\",\"@id\":\"https:\\\/\\\/www.krafthand.de\\\/truck\\\/artikel\\\/ace-nfz-ausschuss-karin-radstroem-uebernimmt-2026-vorsitz-44916\\\/\",\"url\":\"https:\\\/\\\/www.krafthand.de\\\/truck\\\/artikel\\\/ace-nfz-ausschuss-karin-radstroem-uebernimmt-2026-vorsitz-44916\\\/\",\"name\":\"ACEA Nfz-Ausschuss: Karin R\u00e5dstr\u00f6m \u00fcbernimmt 2026 Vorsitz - Krafthand-Truck\",\"isPartOf\":{\"@id\":\"https:\\\/\\\/www.krafthand.de\\\/truck\\\/#website\"},\"primaryImageOfPage\":{\"@id\":\"https:\\\/\\\/www.krafthand.de\\\/truck\\\/artikel\\\/ace-nfz-ausschuss-karin-radstroem-uebernimmt-2026-vorsitz-44916\\\/#primaryimage\"},\"image\":{\"@id\":\"https:\\\/\\\/www.krafthand.de\\\/truck\\\/artikel\\\/ace-nfz-ausschuss-karin-radstroem-uebernimmt-2026-vorsitz-44916\\\/#primaryimage\"},\"thumbnailUrl\":\"https:\\\/\\\/static.krafthand-truck.de\\\/uploads\\\/2025\\\/12\\\/ACEA_Vorsitz_2026_Karin_Radstroem.jpg\",\"datePublished\":\"2025-12-16T11:40:21+00:00\",\"dateModified\":\"2026-01-05T08:51:56+00:00\",\"author\":{\"@id\":\"https:\\\/\\\/www.krafthand.de\\\/truck\\\/#\\\/schema\\\/person\\\/51fa80b1c57034c4bf63f9f988fc24ce\"},\"description\":\"Karin R\u00e5dstr\u00f6m wurde zur Vorsitzenden des Nutzfahrzeug-Ausschusses 2026 des Verbands europ\u00e4ischer Automobilhersteller (ACEA) gew\u00e4hlt.\",\"breadcrumb\":{\"@id\":\"https:\\\/\\\/www.krafthand.de\\\/truck\\\/artikel\\\/ace-nfz-ausschuss-karin-radstroem-uebernimmt-2026-vorsitz-44916\\\/#breadcrumb\"},\"inLanguage\":\"de\",\"potentialAction\":[{\"@type\":\"ReadAction\",\"target\":[\"https:\\\/\\\/www.krafthand.de\\\/truck\\\/artikel\\\/ace-nfz-ausschuss-karin-radstroem-uebernimmt-2026-vorsitz-44916\\\/\"]}]},{\"@type\":\"ImageObject\",\"inLanguage\":\"de\",\"@id\":\"https:\\\/\\\/www.krafthand.de\\\/truck\\\/artikel\\\/ace-nfz-ausschuss-karin-radstroem-uebernimmt-2026-vorsitz-44916\\\/#primaryimage\",\"url\":\"https:\\\/\\\/static.krafthand-truck.de\\\/uploads\\\/2025\\\/12\\\/ACEA_Vorsitz_2026_Karin_Radstroem.jpg\",\"contentUrl\":\"https:\\\/\\\/static.krafthand-truck.de\\\/uploads\\\/2025\\\/12\\\/ACEA_Vorsitz_2026_Karin_Radstroem.jpg\",\"width\":1200,\"height\":800},{\"@type\":\"BreadcrumbList\",\"@id\":\"https:\\\/\\\/www.krafthand.de\\\/truck\\\/artikel\\\/ace-nfz-ausschuss-karin-radstroem-uebernimmt-2026-vorsitz-44916\\\/#breadcrumb\",\"itemListElement\":[{\"@type\":\"ListItem\",\"position\":1,\"name\":\"Krafthand-Truck\",\"item\":\"https:\\\/\\\/www.krafthand.de\\\/truck\\\/\"},{\"@type\":\"ListItem\",\"position\":2,\"name\":\"Nfz-Branche\",\"item\":\"https:\\\/\\\/www.krafthand.de\\\/truck\\\/kategorie\\\/branche\\\/\"},{\"@type\":\"ListItem\",\"position\":3,\"name\":\"K\u00f6pfe\\\/Personen\",\"item\":\"https:\\\/\\\/www.krafthand.de\\\/truck\\\/kategorie\\\/branche\\\/koepfe\\\/\"},{\"@type\":\"ListItem\",\"position\":4,\"name\":\"ACEA Nfz-Ausschuss: Karin R\u00e5dstr\u00f6m \u00fcbernimmt 2026 Vorsitz\"}]},{\"@type\":\"WebSite\",\"@id\":\"https:\\\/\\\/www.krafthand.de\\\/truck\\\/#website\",\"url\":\"https:\\\/\\\/www.krafthand.de\\\/truck\\\/\",\"name\":\"Krafthand-Truck\",\"description\":\"\",\"potentialAction\":[{\"@type\":\"SearchAction\",\"target\":{\"@type\":\"EntryPoint\",\"urlTemplate\":\"https:\\\/\\\/www.krafthand.de\\\/truck\\\/?s={search_term_string}\"},\"query-input\":{\"@type\":\"PropertyValueSpecification\",\"valueRequired\":true,\"valueName\":\"search_term_string\"}}],\"inLanguage\":\"de\"},{\"@type\":\"Person\",\"@id\":\"https:\\\/\\\/www.krafthand.de\\\/truck\\\/#\\\/schema\\\/person\\\/51fa80b1c57034c4bf63f9f988fc24ce\",\"name\":\"georg.blenk@krafthand-medien.de\",\"image\":{\"@type\":\"ImageObject\",\"inLanguage\":\"de\",\"@id\":\"https:\\\/\\\/secure.gravatar.com\\\/avatar\\\/93713c30affe0aa95d3a4130e499bb1abee2eb31adbdd9ce2aa1543538490215?s=96&d=mm&r=g\",\"url\":\"https:\\\/\\\/secure.gravatar.com\\\/avatar\\\/93713c30affe0aa95d3a4130e499bb1abee2eb31adbdd9ce2aa1543538490215?s=96&d=mm&r=g\",\"contentUrl\":\"https:\\\/\\\/secure.gravatar.com\\\/avatar\\\/93713c30affe0aa95d3a4130e499bb1abee2eb31adbdd9ce2aa1543538490215?s=96&d=mm&r=g\",\"caption\":\"georg.blenk@krafthand-medien.de\"}}]}<\/script>\n<!-- \/ Yoast SEO plugin. -->","yoast_head_json":{"title":"ACEA Nfz-Ausschuss: Karin R\u00e5dstr\u00f6m \u00fcbernimmt 2026 Vorsitz - Krafthand-Truck","description":"Karin R\u00e5dstr\u00f6m wurde zur Vorsitzenden des Nutzfahrzeug-Ausschusses 2026 des Verbands europ\u00e4ischer Automobilhersteller (ACEA) gew\u00e4hlt.","robots":{"index":"index","follow":"follow","max-snippet":"max-snippet:-1","max-image-preview":"max-image-preview:large","max-video-preview":"max-video-preview:-1"},"canonical":"https:\/\/www.krafthand.de\/truck\/artikel\/ace-nfz-ausschuss-karin-radstroem-uebernimmt-2026-vorsitz-44916\/","og_locale":"de_DE","og_type":"article","og_title":"ACEA Nfz-Ausschuss: Karin R\u00e5dstr\u00f6m \u00fcbernimmt 2026 Vorsitz - Krafthand-Truck","og_description":"Karin R\u00e5dstr\u00f6m wurde zur Vorsitzenden des Nutzfahrzeug-Ausschusses 2026 des Verbands europ\u00e4ischer Automobilhersteller (ACEA) gew\u00e4hlt.","og_url":"https:\/\/www.krafthand-truck.de\/artikel\/ace-nfz-ausschuss-karin-radstroem-uebernimmt-2026-vorsitz-44916\/","og_site_name":"Krafthand-Truck","article_published_time":"2025-12-16T11:40:21+00:00","article_modified_time":"2026-01-05T08:51:56+00:00","og_image":[{"width":1200,"height":800,"url":"https:\/\/static.krafthand-truck.de\/uploads\/2025\/12\/ACEA_Vorsitz_2026_Karin_Radstroem.jpg","type":"image\/jpeg"}],"author":"georg.blenk@krafthand-medien.de","twitter_card":"summary_large_image","twitter_misc":{"Verfasst von":"georg.blenk@krafthand-medien.de","Gesch\u00e4tzte Lesezeit":"3\u00a0Minuten"},"schema":{"@context":"https:\/\/schema.org","@graph":[{"@type":"Article","@id":"https:\/\/www.krafthand.de\/truck\/artikel\/ace-nfz-ausschuss-karin-radstroem-uebernimmt-2026-vorsitz-44916\/#article","isPartOf":{"@id":"https:\/\/www.krafthand.de\/truck\/artikel\/ace-nfz-ausschuss-karin-radstroem-uebernimmt-2026-vorsitz-44916\/"},"author":{"name":"georg.blenk@krafthand-medien.de","@id":"https:\/\/www.krafthand.de\/truck\/#\/schema\/person\/51fa80b1c57034c4bf63f9f988fc24ce"},"headline":"ACEA Nfz-Ausschuss: Karin R\u00e5dstr\u00f6m \u00fcbernimmt 2026 Vorsitz","datePublished":"2025-12-16T11:40:21+00:00","dateModified":"2026-01-05T08:51:56+00:00","mainEntityOfPage":{"@id":"https:\/\/www.krafthand.de\/truck\/artikel\/ace-nfz-ausschuss-karin-radstroem-uebernimmt-2026-vorsitz-44916\/"},"wordCount":418,"image":{"@id":"https:\/\/www.krafthand.de\/truck\/artikel\/ace-nfz-ausschuss-karin-radstroem-uebernimmt-2026-vorsitz-44916\/#primaryimage"},"thumbnailUrl":"https:\/\/static.krafthand-truck.de\/uploads\/2025\/12\/ACEA_Vorsitz_2026_Karin_Radstroem.jpg","keywords":["ACEA","Karin R\u00e5dstr\u00f6m"],"articleSection":["K\u00f6pfe\/Personen","Verb\u00e4nde\/Politik\/Recht"],"inLanguage":"de"},{"@type":"WebPage","@id":"https:\/\/www.krafthand.de\/truck\/artikel\/ace-nfz-ausschuss-karin-radstroem-uebernimmt-2026-vorsitz-44916\/","url":"https:\/\/www.krafthand.de\/truck\/artikel\/ace-nfz-ausschuss-karin-radstroem-uebernimmt-2026-vorsitz-44916\/","name":"ACEA Nfz-Ausschuss: Karin R\u00e5dstr\u00f6m \u00fcbernimmt 2026 Vorsitz - Krafthand-Truck","isPartOf":{"@id":"https:\/\/www.krafthand.de\/truck\/#website"},"primaryImageOfPage":{"@id":"https:\/\/www.krafthand.de\/truck\/artikel\/ace-nfz-ausschuss-karin-radstroem-uebernimmt-2026-vorsitz-44916\/#primaryimage"},"image":{"@id":"https:\/\/www.krafthand.de\/truck\/artikel\/ace-nfz-ausschuss-karin-radstroem-uebernimmt-2026-vorsitz-44916\/#primaryimage"},"thumbnailUrl":"https:\/\/static.krafthand-truck.de\/uploads\/2025\/12\/ACEA_Vorsitz_2026_Karin_Radstroem.jpg","datePublished":"2025-12-16T11:40:21+00:00","dateModified":"2026-01-05T08:51:56+00:00","author":{"@id":"https:\/\/www.krafthand.de\/truck\/#\/schema\/person\/51fa80b1c57034c4bf63f9f988fc24ce"},"description":"Karin R\u00e5dstr\u00f6m wurde zur Vorsitzenden des Nutzfahrzeug-Ausschusses 2026 des Verbands europ\u00e4ischer Automobilhersteller (ACEA) gew\u00e4hlt.","breadcrumb":{"@id":"https:\/\/www.krafthand.de\/truck\/artikel\/ace-nfz-ausschuss-karin-radstroem-uebernimmt-2026-vorsitz-44916\/#breadcrumb"},"inLanguage":"de","potentialAction":[{"@type":"ReadAction","target":["https:\/\/www.krafthand.de\/truck\/artikel\/ace-nfz-ausschuss-karin-radstroem-uebernimmt-2026-vorsitz-44916\/"]}]},{"@type":"ImageObject","inLanguage":"de","@id":"https:\/\/www.krafthand.de\/truck\/artikel\/ace-nfz-ausschuss-karin-radstroem-uebernimmt-2026-vorsitz-44916\/#primaryimage","url":"https:\/\/static.krafthand-truck.de\/uploads\/2025\/12\/ACEA_Vorsitz_2026_Karin_Radstroem.jpg","contentUrl":"https:\/\/static.krafthand-truck.de\/uploads\/2025\/12\/ACEA_Vorsitz_2026_Karin_Radstroem.jpg","width":1200,"height":800},{"@type":"BreadcrumbList","@id":"https:\/\/www.krafthand.de\/truck\/artikel\/ace-nfz-ausschuss-karin-radstroem-uebernimmt-2026-vorsitz-44916\/#breadcrumb","itemListElement":[{"@type":"ListItem","position":1,"name":"Krafthand-Truck","item":"https:\/\/www.krafthand.de\/truck\/"},{"@type":"ListItem","position":2,"name":"Nfz-Branche","item":"https:\/\/www.krafthand.de\/truck\/kategorie\/branche\/"},{"@type":"ListItem","position":3,"name":"K\u00f6pfe\/Personen","item":"https:\/\/www.krafthand.de\/truck\/kategorie\/branche\/koepfe\/"},{"@type":"ListItem","position":4,"name":"ACEA Nfz-Ausschuss: Karin R\u00e5dstr\u00f6m \u00fcbernimmt 2026 Vorsitz"}]},{"@type":"WebSite","@id":"https:\/\/www.krafthand.de\/truck\/#website","url":"https:\/\/www.krafthand.de\/truck\/","name":"Krafthand-Truck","description":"","potentialAction":[{"@type":"SearchAction","target":{"@type":"EntryPoint","urlTemplate":"https:\/\/www.krafthand.de\/truck\/?s={search_term_string}"},"query-input":{"@type":"PropertyValueSpecification","valueRequired":true,"valueName":"search_term_string"}}],"inLanguage":"de"},{"@type":"Person","@id":"https:\/\/www.krafthand.de\/truck\/#\/schema\/person\/51fa80b1c57034c4bf63f9f988fc24ce","name":"georg.blenk@krafthand-medien.de","image":{"@type":"ImageObject","inLanguage":"de","@id":"https:\/\/secure.gravatar.com\/avatar\/93713c30affe0aa95d3a4130e499bb1abee2eb31adbdd9ce2aa1543538490215?s=96&d=mm&r=g","url":"https:\/\/secure.gravatar.com\/avatar\/93713c30affe0aa95d3a4130e499bb1abee2eb31adbdd9ce2aa1543538490215?s=96&d=mm&r=g","contentUrl":"https:\/\/secure.gravatar.com\/avatar\/93713c30affe0aa95d3a4130e499bb1abee2eb31adbdd9ce2aa1543538490215?s=96&d=mm&r=g","caption":"georg.blenk@krafthand-medien.de"}}]}},"_links":{"self":[{"href":"https:\/\/www.krafthand.de\/truck\/wp-json\/wp\/v2\/posts\/44916","targetHints":{"allow":["GET"]}}],"collection":[{"href":"https:\/\/www.krafthand.de\/truck\/wp-json\/wp\/v2\/posts"}],"about":[{"href":"https:\/\/www.krafthand.de\/truck\/wp-json\/wp\/v2\/types\/post"}],"author":[{"embeddable":true,"href":"https:\/\/www.krafthand.de\/truck\/wp-json\/wp\/v2\/users\/9"}],"replies":[{"embeddable":true,"href":"https:\/\/www.krafthand.de\/truck\/wp-json\/wp\/v2\/comments?post=44916"}],"version-history":[{"count":8,"href":"https:\/\/www.krafthand.de\/truck\/wp-json\/wp\/v2\/posts\/44916\/revisions"}],"predecessor-version":[{"id":44925,"href":"https:\/\/www.krafthand.de\/truck\/wp-json\/wp\/v2\/posts\/44916\/revisions\/44925"}],"wp:featuredmedia":[{"embeddable":true,"href":"https:\/\/www.krafthand.de\/truck\/wp-json\/wp\/v2\/media\/44919"}],"wp:attachment":[{"href":"https:\/\/www.krafthand.de\/truck\/wp-json\/wp\/v2\/media?parent=44916"}],"wp:term":[{"taxonomy":"category","embeddable":true,"href":"https:\/\/www.krafthand.de\/truck\/wp-json\/wp\/v2\/categories?post=44916"},{"taxonomy":"post_tag","embeddable":true,"href":"https:\/\/www.krafthand.de\/truck\/wp-json\/wp\/v2\/tags?post=44916"},{"taxonomy":"settings","embeddable":true,"href":"https:\/\/www.krafthand.de\/truck\/wp-json\/wp\/v2\/settings?post=44916"}],"curies":[{"name":"wp","href":"https:\/\/api.w.org\/{rel}","templated":true}]}}