{"id":44875,"date":"2025-12-12T14:26:19","date_gmt":"2025-12-12T13:26:19","guid":{"rendered":"https:\/\/www.krafthand.de\/truck\/?p=44875"},"modified":"2025-12-28T12:53:46","modified_gmt":"2025-12-28T11:53:46","slug":"man-weihnachtstruck-liefert-ladesaeulen-an-die-allianz-arena","status":"publish","type":"post","link":"https:\/\/www.krafthand.de\/truck\/artikel\/man-weihnachtstruck-liefert-ladesaeulen-an-die-allianz-arena-44875\/","title":{"rendered":"MAN-Weihnachtstruck liefert Lades\u00e4ulen an die Allianz-Arena"},"content":{"rendered":"<p>Der MAN-Weihnachtstruck hat auf seiner Tour zu sozialen Einrichtungen einen Zwischenstopp an der Allianz Arena eingelegt. Mit an Bord waren die ersten zwei Lades\u00e4ulen f\u00fcr den geplanten Ladepark\u00a0 am Autobahndrehkreuz M\u00fcnchen Nord. Bayern-Legende Claudio Pizzaro (Pizza) nahm die Lades\u00e4ulen als Vertreter f\u00fcr den FC Bayern M\u00fcnchen in Empfang. Am Standort der Allianz Arena sollen k\u00fcnftig bis zu 500 eTrucks und eBusse t\u00e4glich geladen werden k\u00f6nnen.<\/p>\n<h3>Ideale Voraussetzungen<\/h3>\n<p>Die Allianz Arena bietet ideale Voraussetzungen f\u00fcr den geplanten Ladepark. Das Areal verf\u00fcgt \u00fcber ein leistungsstarkes Stromnetz, es handelt sich um 100-Prozent \u00d6kostrom. Zudem liegt die Allianz Arena an einem der wichtigsten Verkehrsknotenpunkte Europas, an spielfreien Tagen ist genug Fl\u00e4che verf\u00fcgbar. Geplant sind laut MAN weitere Ladepunkte in mehreren Ausbaustufen.<\/p>\n<h3>20 Jahre MAN-Weihnachtstruck \u2013 dieses Jahr erstmals als Elektro-Lkw<\/h3>\n<figure id=\"attachment_44878\" aria-describedby=\"caption-attachment-44878\" style=\"width: 420px\" class=\"wp-caption alignleft\"><a href=\"https:\/\/static.krafthand-truck.de\/uploads\/2025\/12\/MAN_Weihnachtstruck.jpg\" target=\"_blank\" rel=\"noopener\"><img fetchpriority=\"high\" decoding=\"async\" class=\"wp-image-44878\" src=\"https:\/\/static.krafthand-truck.de\/uploads\/2025\/12\/MAN_Weihnachtstruck-300x213.jpg\" alt=\"\" width=\"420\" height=\"298\" srcset=\"https:\/\/static.krafthand-truck.de\/uploads\/2025\/12\/MAN_Weihnachtstruck-300x213.jpg 300w, https:\/\/static.krafthand-truck.de\/uploads\/2025\/12\/MAN_Weihnachtstruck-1024x727.jpg 1024w, https:\/\/static.krafthand-truck.de\/uploads\/2025\/12\/MAN_Weihnachtstruck-768x545.jpg 768w, https:\/\/static.krafthand-truck.de\/uploads\/2025\/12\/MAN_Weihnachtstruck.jpg 1200w\" sizes=\"(max-width: 420px) 100vw, 420px\" \/><\/a><figcaption id=\"caption-attachment-44878\" class=\"wp-caption-text\">Seit 20 Jahren bringt der festlich geschm\u00fcckte Lkw Freude in die Adventszeit \u2013 und in diesem Jahr erstmals vollelektrisch.<\/figcaption><\/figure>\n<p>Seit 20 Jahren bringt der festlich geschm\u00fcckte MAN-Weihnachtstruck Freude in die Adventszeit \u2013 in diesem Jahr erstmals vollelektrisch. Basis ist ein MAN eTGX mit sechs Batteriepacks und bis zu 570 Kilometern Reichweite. Zehn Auszubildende aus dem Werk M\u00fcnchen haben den eTruck in sechs Wochen liebevoll dekoriert: Rund 150 Meter LED-Lichterkette, goldene Akzente und ein strahlendes MAN-Logo machen ihn zum &#8218;elektrischen Schlitten&#8216; der besonderen Art.<\/p>\n<p>MAN-Vorst\u00e4nde und -Mitarbeiter fahren den Weihnachtstruck noch bis Ende Dezember zu Kinderg\u00e4rten, Schulen und sozialen Einrichtungen sowie zu den MAN-Standorten in M\u00fcnchen, N\u00fcrnberg, Salzgitter und Wittlich.<\/p>\n","protected":false},"excerpt":{"rendered":"<p>Der MAN-Weihnachtstruck hat auf seiner traditionellen Tour zu sozialen Einrichtungen einen Zwischenstopp an der Allianz Arena eingelegt. Mit an Bord waren die ersten zwei Lades\u00e4ulen f\u00fcr den geplanten Ladepark\u00a0 am Autobahndrehkreuz M\u00fcnchen Nord. Bayern-Legende Claudio Pizzaro (Pizza) nahm die Lades\u00e4ulen als Vertreter f\u00fcr den FC Bayern M\u00fcnchen in Empfang. <span class=\"excerpt-more__dots\">&#8230;<\/span> <a class=\"excerpt-more__link\" href=\"https:\/\/www.krafthand.de\/truck\/artikel\/man-weihnachtstruck-liefert-ladesaeulen-an-die-allianz-arena-44875\/\" >weiter<\/a><\/p>\n","protected":false},"author":9,"featured_media":44876,"comment_status":"closed","ping_status":"closed","sticky":false,"template":"","format":"standard","meta":{"footnotes":""},"categories":[6375],"tags":[6377,6043,4248,6283],"settings":[3524,3523],"class_list":["post-44875","post","type-post","status-publish","format-standard","has-post-thumbnail","hentry","category-lade-tank-infrastruktur","tag-claudio-pizzaro","tag-fc-bayern","tag-ladeinfrastruktur","tag-man-truckbus"],"yoast_head":"<!-- This site is optimized with the Yoast SEO plugin v27.3 - https:\/\/yoast.com\/product\/yoast-seo-wordpress\/ -->\n<title>MAN-Weihnachtstruck liefert Lades\u00e4ulen an die Allianz-Arena - Krafthand-Truck<\/title>\n<meta name=\"description\" content=\"Der MAN-Weihnachtstruck hat die ersten zwei Lades\u00e4ulen f\u00fcr den geplanten Ladepark\u00a0 am Autobahndrehkreuz M\u00fcnchen Nord geliefert.\" \/>\n<meta name=\"robots\" content=\"index, follow, max-snippet:-1, max-image-preview:large, max-video-preview:-1\" \/>\n<link rel=\"canonical\" href=\"https:\/\/www.krafthand.de\/truck\/artikel\/man-weihnachtstruck-liefert-ladesaeulen-an-die-allianz-arena-44875\/\" \/>\n<meta property=\"og:locale\" content=\"de_DE\" \/>\n<meta property=\"og:type\" content=\"article\" \/>\n<meta property=\"og:title\" content=\"MAN-Weihnachtstruck liefert Lades\u00e4ulen an die Allianz-Arena - Krafthand-Truck\" \/>\n<meta property=\"og:description\" content=\"Der MAN-Weihnachtstruck hat die ersten zwei Lades\u00e4ulen f\u00fcr den geplanten Ladepark\u00a0 am Autobahndrehkreuz M\u00fcnchen Nord geliefert.\" \/>\n<meta property=\"og:url\" content=\"https:\/\/www.krafthand-truck.de\/artikel\/man-weihnachtstruck-liefert-ladesaeulen-an-die-allianz-arena-44875\/\" \/>\n<meta property=\"og:site_name\" content=\"Krafthand-Truck\" \/>\n<meta property=\"article:published_time\" content=\"2025-12-12T13:26:19+00:00\" \/>\n<meta property=\"article:modified_time\" content=\"2025-12-28T11:53:46+00:00\" \/>\n<meta property=\"og:image\" content=\"https:\/\/static.krafthand-truck.de\/uploads\/2025\/12\/MAN_Ladepark_Allianz_Arena_Pizzaro_Weihnachtstruck_Pizza.jpg\" \/>\n\t<meta property=\"og:image:width\" content=\"1200\" \/>\n\t<meta property=\"og:image:height\" content=\"567\" \/>\n\t<meta property=\"og:image:type\" content=\"image\/jpeg\" \/>\n<meta name=\"author\" content=\"georg.blenk@krafthand-medien.de\" \/>\n<meta name=\"twitter:card\" content=\"summary_large_image\" \/>\n<meta name=\"twitter:label1\" content=\"Verfasst von\" \/>\n\t<meta name=\"twitter:data1\" content=\"georg.blenk@krafthand-medien.de\" \/>\n\t<meta name=\"twitter:label2\" content=\"Gesch\u00e4tzte Lesezeit\" \/>\n\t<meta name=\"twitter:data2\" content=\"2\u00a0Minuten\" \/>\n<script type=\"application\/ld+json\" class=\"yoast-schema-graph\">{\"@context\":\"https:\\\/\\\/schema.org\",\"@graph\":[{\"@type\":\"Article\",\"@id\":\"https:\\\/\\\/www.krafthand.de\\\/truck\\\/artikel\\\/man-weihnachtstruck-liefert-ladesaeulen-an-die-allianz-arena-44875\\\/#article\",\"isPartOf\":{\"@id\":\"https:\\\/\\\/www.krafthand.de\\\/truck\\\/artikel\\\/man-weihnachtstruck-liefert-ladesaeulen-an-die-allianz-arena-44875\\\/\"},\"author\":{\"name\":\"georg.blenk@krafthand-medien.de\",\"@id\":\"https:\\\/\\\/www.krafthand.de\\\/truck\\\/#\\\/schema\\\/person\\\/51fa80b1c57034c4bf63f9f988fc24ce\"},\"headline\":\"MAN-Weihnachtstruck liefert Lades\u00e4ulen an die Allianz-Arena\",\"datePublished\":\"2025-12-12T13:26:19+00:00\",\"dateModified\":\"2025-12-28T11:53:46+00:00\",\"mainEntityOfPage\":{\"@id\":\"https:\\\/\\\/www.krafthand.de\\\/truck\\\/artikel\\\/man-weihnachtstruck-liefert-ladesaeulen-an-die-allianz-arena-44875\\\/\"},\"wordCount\":260,\"image\":{\"@id\":\"https:\\\/\\\/www.krafthand.de\\\/truck\\\/artikel\\\/man-weihnachtstruck-liefert-ladesaeulen-an-die-allianz-arena-44875\\\/#primaryimage\"},\"thumbnailUrl\":\"https:\\\/\\\/static.krafthand-truck.de\\\/uploads\\\/2025\\\/12\\\/MAN_Ladepark_Allianz_Arena_Pizzaro_Weihnachtstruck_Pizza.jpg\",\"keywords\":[\"Claudio Pizzaro\",\"FC Bayern\",\"Ladeinfrastruktur\",\"MAN Truck+Bus\"],\"articleSection\":[\"Lade-\\\/Tank-Infrastruktur\"],\"inLanguage\":\"de\"},{\"@type\":\"WebPage\",\"@id\":\"https:\\\/\\\/www.krafthand.de\\\/truck\\\/artikel\\\/man-weihnachtstruck-liefert-ladesaeulen-an-die-allianz-arena-44875\\\/\",\"url\":\"https:\\\/\\\/www.krafthand.de\\\/truck\\\/artikel\\\/man-weihnachtstruck-liefert-ladesaeulen-an-die-allianz-arena-44875\\\/\",\"name\":\"MAN-Weihnachtstruck liefert Lades\u00e4ulen an die Allianz-Arena - Krafthand-Truck\",\"isPartOf\":{\"@id\":\"https:\\\/\\\/www.krafthand.de\\\/truck\\\/#website\"},\"primaryImageOfPage\":{\"@id\":\"https:\\\/\\\/www.krafthand.de\\\/truck\\\/artikel\\\/man-weihnachtstruck-liefert-ladesaeulen-an-die-allianz-arena-44875\\\/#primaryimage\"},\"image\":{\"@id\":\"https:\\\/\\\/www.krafthand.de\\\/truck\\\/artikel\\\/man-weihnachtstruck-liefert-ladesaeulen-an-die-allianz-arena-44875\\\/#primaryimage\"},\"thumbnailUrl\":\"https:\\\/\\\/static.krafthand-truck.de\\\/uploads\\\/2025\\\/12\\\/MAN_Ladepark_Allianz_Arena_Pizzaro_Weihnachtstruck_Pizza.jpg\",\"datePublished\":\"2025-12-12T13:26:19+00:00\",\"dateModified\":\"2025-12-28T11:53:46+00:00\",\"author\":{\"@id\":\"https:\\\/\\\/www.krafthand.de\\\/truck\\\/#\\\/schema\\\/person\\\/51fa80b1c57034c4bf63f9f988fc24ce\"},\"description\":\"Der MAN-Weihnachtstruck hat die ersten zwei Lades\u00e4ulen f\u00fcr den geplanten Ladepark\u00a0 am Autobahndrehkreuz M\u00fcnchen Nord geliefert.\",\"breadcrumb\":{\"@id\":\"https:\\\/\\\/www.krafthand.de\\\/truck\\\/artikel\\\/man-weihnachtstruck-liefert-ladesaeulen-an-die-allianz-arena-44875\\\/#breadcrumb\"},\"inLanguage\":\"de\",\"potentialAction\":[{\"@type\":\"ReadAction\",\"target\":[\"https:\\\/\\\/www.krafthand.de\\\/truck\\\/artikel\\\/man-weihnachtstruck-liefert-ladesaeulen-an-die-allianz-arena-44875\\\/\"]}]},{\"@type\":\"ImageObject\",\"inLanguage\":\"de\",\"@id\":\"https:\\\/\\\/www.krafthand.de\\\/truck\\\/artikel\\\/man-weihnachtstruck-liefert-ladesaeulen-an-die-allianz-arena-44875\\\/#primaryimage\",\"url\":\"https:\\\/\\\/static.krafthand-truck.de\\\/uploads\\\/2025\\\/12\\\/MAN_Ladepark_Allianz_Arena_Pizzaro_Weihnachtstruck_Pizza.jpg\",\"contentUrl\":\"https:\\\/\\\/static.krafthand-truck.de\\\/uploads\\\/2025\\\/12\\\/MAN_Ladepark_Allianz_Arena_Pizzaro_Weihnachtstruck_Pizza.jpg\",\"width\":1200,\"height\":567},{\"@type\":\"BreadcrumbList\",\"@id\":\"https:\\\/\\\/www.krafthand.de\\\/truck\\\/artikel\\\/man-weihnachtstruck-liefert-ladesaeulen-an-die-allianz-arena-44875\\\/#breadcrumb\",\"itemListElement\":[{\"@type\":\"ListItem\",\"position\":1,\"name\":\"Krafthand-Truck\",\"item\":\"https:\\\/\\\/www.krafthand.de\\\/truck\\\/\"},{\"@type\":\"ListItem\",\"position\":2,\"name\":\"Nfz-Branche\",\"item\":\"https:\\\/\\\/www.krafthand.de\\\/truck\\\/kategorie\\\/branche\\\/\"},{\"@type\":\"ListItem\",\"position\":3,\"name\":\"Lade-\\\/Tank-Infrastruktur\",\"item\":\"https:\\\/\\\/www.krafthand.de\\\/truck\\\/kategorie\\\/branche\\\/lade-tank-infrastruktur\\\/\"},{\"@type\":\"ListItem\",\"position\":4,\"name\":\"MAN-Weihnachtstruck liefert Lades\u00e4ulen an die Allianz-Arena\"}]},{\"@type\":\"WebSite\",\"@id\":\"https:\\\/\\\/www.krafthand.de\\\/truck\\\/#website\",\"url\":\"https:\\\/\\\/www.krafthand.de\\\/truck\\\/\",\"name\":\"Krafthand-Truck\",\"description\":\"\",\"potentialAction\":[{\"@type\":\"SearchAction\",\"target\":{\"@type\":\"EntryPoint\",\"urlTemplate\":\"https:\\\/\\\/www.krafthand.de\\\/truck\\\/?s={search_term_string}\"},\"query-input\":{\"@type\":\"PropertyValueSpecification\",\"valueRequired\":true,\"valueName\":\"search_term_string\"}}],\"inLanguage\":\"de\"},{\"@type\":\"Person\",\"@id\":\"https:\\\/\\\/www.krafthand.de\\\/truck\\\/#\\\/schema\\\/person\\\/51fa80b1c57034c4bf63f9f988fc24ce\",\"name\":\"georg.blenk@krafthand-medien.de\",\"image\":{\"@type\":\"ImageObject\",\"inLanguage\":\"de\",\"@id\":\"https:\\\/\\\/secure.gravatar.com\\\/avatar\\\/93713c30affe0aa95d3a4130e499bb1abee2eb31adbdd9ce2aa1543538490215?s=96&d=mm&r=g\",\"url\":\"https:\\\/\\\/secure.gravatar.com\\\/avatar\\\/93713c30affe0aa95d3a4130e499bb1abee2eb31adbdd9ce2aa1543538490215?s=96&d=mm&r=g\",\"contentUrl\":\"https:\\\/\\\/secure.gravatar.com\\\/avatar\\\/93713c30affe0aa95d3a4130e499bb1abee2eb31adbdd9ce2aa1543538490215?s=96&d=mm&r=g\",\"caption\":\"georg.blenk@krafthand-medien.de\"}}]}<\/script>\n<!-- \/ Yoast SEO plugin. -->","yoast_head_json":{"title":"MAN-Weihnachtstruck liefert Lades\u00e4ulen an die Allianz-Arena - Krafthand-Truck","description":"Der MAN-Weihnachtstruck hat die ersten zwei Lades\u00e4ulen f\u00fcr den geplanten Ladepark\u00a0 am Autobahndrehkreuz M\u00fcnchen Nord geliefert.","robots":{"index":"index","follow":"follow","max-snippet":"max-snippet:-1","max-image-preview":"max-image-preview:large","max-video-preview":"max-video-preview:-1"},"canonical":"https:\/\/www.krafthand.de\/truck\/artikel\/man-weihnachtstruck-liefert-ladesaeulen-an-die-allianz-arena-44875\/","og_locale":"de_DE","og_type":"article","og_title":"MAN-Weihnachtstruck liefert Lades\u00e4ulen an die Allianz-Arena - Krafthand-Truck","og_description":"Der MAN-Weihnachtstruck hat die ersten zwei Lades\u00e4ulen f\u00fcr den geplanten Ladepark\u00a0 am Autobahndrehkreuz M\u00fcnchen Nord geliefert.","og_url":"https:\/\/www.krafthand-truck.de\/artikel\/man-weihnachtstruck-liefert-ladesaeulen-an-die-allianz-arena-44875\/","og_site_name":"Krafthand-Truck","article_published_time":"2025-12-12T13:26:19+00:00","article_modified_time":"2025-12-28T11:53:46+00:00","og_image":[{"width":1200,"height":567,"url":"https:\/\/static.krafthand-truck.de\/uploads\/2025\/12\/MAN_Ladepark_Allianz_Arena_Pizzaro_Weihnachtstruck_Pizza.jpg","type":"image\/jpeg"}],"author":"georg.blenk@krafthand-medien.de","twitter_card":"summary_large_image","twitter_misc":{"Verfasst von":"georg.blenk@krafthand-medien.de","Gesch\u00e4tzte Lesezeit":"2\u00a0Minuten"},"schema":{"@context":"https:\/\/schema.org","@graph":[{"@type":"Article","@id":"https:\/\/www.krafthand.de\/truck\/artikel\/man-weihnachtstruck-liefert-ladesaeulen-an-die-allianz-arena-44875\/#article","isPartOf":{"@id":"https:\/\/www.krafthand.de\/truck\/artikel\/man-weihnachtstruck-liefert-ladesaeulen-an-die-allianz-arena-44875\/"},"author":{"name":"georg.blenk@krafthand-medien.de","@id":"https:\/\/www.krafthand.de\/truck\/#\/schema\/person\/51fa80b1c57034c4bf63f9f988fc24ce"},"headline":"MAN-Weihnachtstruck liefert Lades\u00e4ulen an die Allianz-Arena","datePublished":"2025-12-12T13:26:19+00:00","dateModified":"2025-12-28T11:53:46+00:00","mainEntityOfPage":{"@id":"https:\/\/www.krafthand.de\/truck\/artikel\/man-weihnachtstruck-liefert-ladesaeulen-an-die-allianz-arena-44875\/"},"wordCount":260,"image":{"@id":"https:\/\/www.krafthand.de\/truck\/artikel\/man-weihnachtstruck-liefert-ladesaeulen-an-die-allianz-arena-44875\/#primaryimage"},"thumbnailUrl":"https:\/\/static.krafthand-truck.de\/uploads\/2025\/12\/MAN_Ladepark_Allianz_Arena_Pizzaro_Weihnachtstruck_Pizza.jpg","keywords":["Claudio Pizzaro","FC Bayern","Ladeinfrastruktur","MAN Truck+Bus"],"articleSection":["Lade-\/Tank-Infrastruktur"],"inLanguage":"de"},{"@type":"WebPage","@id":"https:\/\/www.krafthand.de\/truck\/artikel\/man-weihnachtstruck-liefert-ladesaeulen-an-die-allianz-arena-44875\/","url":"https:\/\/www.krafthand.de\/truck\/artikel\/man-weihnachtstruck-liefert-ladesaeulen-an-die-allianz-arena-44875\/","name":"MAN-Weihnachtstruck liefert Lades\u00e4ulen an die Allianz-Arena - Krafthand-Truck","isPartOf":{"@id":"https:\/\/www.krafthand.de\/truck\/#website"},"primaryImageOfPage":{"@id":"https:\/\/www.krafthand.de\/truck\/artikel\/man-weihnachtstruck-liefert-ladesaeulen-an-die-allianz-arena-44875\/#primaryimage"},"image":{"@id":"https:\/\/www.krafthand.de\/truck\/artikel\/man-weihnachtstruck-liefert-ladesaeulen-an-die-allianz-arena-44875\/#primaryimage"},"thumbnailUrl":"https:\/\/static.krafthand-truck.de\/uploads\/2025\/12\/MAN_Ladepark_Allianz_Arena_Pizzaro_Weihnachtstruck_Pizza.jpg","datePublished":"2025-12-12T13:26:19+00:00","dateModified":"2025-12-28T11:53:46+00:00","author":{"@id":"https:\/\/www.krafthand.de\/truck\/#\/schema\/person\/51fa80b1c57034c4bf63f9f988fc24ce"},"description":"Der MAN-Weihnachtstruck hat die ersten zwei Lades\u00e4ulen f\u00fcr den geplanten Ladepark\u00a0 am Autobahndrehkreuz M\u00fcnchen Nord geliefert.","breadcrumb":{"@id":"https:\/\/www.krafthand.de\/truck\/artikel\/man-weihnachtstruck-liefert-ladesaeulen-an-die-allianz-arena-44875\/#breadcrumb"},"inLanguage":"de","potentialAction":[{"@type":"ReadAction","target":["https:\/\/www.krafthand.de\/truck\/artikel\/man-weihnachtstruck-liefert-ladesaeulen-an-die-allianz-arena-44875\/"]}]},{"@type":"ImageObject","inLanguage":"de","@id":"https:\/\/www.krafthand.de\/truck\/artikel\/man-weihnachtstruck-liefert-ladesaeulen-an-die-allianz-arena-44875\/#primaryimage","url":"https:\/\/static.krafthand-truck.de\/uploads\/2025\/12\/MAN_Ladepark_Allianz_Arena_Pizzaro_Weihnachtstruck_Pizza.jpg","contentUrl":"https:\/\/static.krafthand-truck.de\/uploads\/2025\/12\/MAN_Ladepark_Allianz_Arena_Pizzaro_Weihnachtstruck_Pizza.jpg","width":1200,"height":567},{"@type":"BreadcrumbList","@id":"https:\/\/www.krafthand.de\/truck\/artikel\/man-weihnachtstruck-liefert-ladesaeulen-an-die-allianz-arena-44875\/#breadcrumb","itemListElement":[{"@type":"ListItem","position":1,"name":"Krafthand-Truck","item":"https:\/\/www.krafthand.de\/truck\/"},{"@type":"ListItem","position":2,"name":"Nfz-Branche","item":"https:\/\/www.krafthand.de\/truck\/kategorie\/branche\/"},{"@type":"ListItem","position":3,"name":"Lade-\/Tank-Infrastruktur","item":"https:\/\/www.krafthand.de\/truck\/kategorie\/branche\/lade-tank-infrastruktur\/"},{"@type":"ListItem","position":4,"name":"MAN-Weihnachtstruck liefert Lades\u00e4ulen an die Allianz-Arena"}]},{"@type":"WebSite","@id":"https:\/\/www.krafthand.de\/truck\/#website","url":"https:\/\/www.krafthand.de\/truck\/","name":"Krafthand-Truck","description":"","potentialAction":[{"@type":"SearchAction","target":{"@type":"EntryPoint","urlTemplate":"https:\/\/www.krafthand.de\/truck\/?s={search_term_string}"},"query-input":{"@type":"PropertyValueSpecification","valueRequired":true,"valueName":"search_term_string"}}],"inLanguage":"de"},{"@type":"Person","@id":"https:\/\/www.krafthand.de\/truck\/#\/schema\/person\/51fa80b1c57034c4bf63f9f988fc24ce","name":"georg.blenk@krafthand-medien.de","image":{"@type":"ImageObject","inLanguage":"de","@id":"https:\/\/secure.gravatar.com\/avatar\/93713c30affe0aa95d3a4130e499bb1abee2eb31adbdd9ce2aa1543538490215?s=96&d=mm&r=g","url":"https:\/\/secure.gravatar.com\/avatar\/93713c30affe0aa95d3a4130e499bb1abee2eb31adbdd9ce2aa1543538490215?s=96&d=mm&r=g","contentUrl":"https:\/\/secure.gravatar.com\/avatar\/93713c30affe0aa95d3a4130e499bb1abee2eb31adbdd9ce2aa1543538490215?s=96&d=mm&r=g","caption":"georg.blenk@krafthand-medien.de"}}]}},"_links":{"self":[{"href":"https:\/\/www.krafthand.de\/truck\/wp-json\/wp\/v2\/posts\/44875","targetHints":{"allow":["GET"]}}],"collection":[{"href":"https:\/\/www.krafthand.de\/truck\/wp-json\/wp\/v2\/posts"}],"about":[{"href":"https:\/\/www.krafthand.de\/truck\/wp-json\/wp\/v2\/types\/post"}],"author":[{"embeddable":true,"href":"https:\/\/www.krafthand.de\/truck\/wp-json\/wp\/v2\/users\/9"}],"replies":[{"embeddable":true,"href":"https:\/\/www.krafthand.de\/truck\/wp-json\/wp\/v2\/comments?post=44875"}],"version-history":[{"count":2,"href":"https:\/\/www.krafthand.de\/truck\/wp-json\/wp\/v2\/posts\/44875\/revisions"}],"predecessor-version":[{"id":44879,"href":"https:\/\/www.krafthand.de\/truck\/wp-json\/wp\/v2\/posts\/44875\/revisions\/44879"}],"wp:featuredmedia":[{"embeddable":true,"href":"https:\/\/www.krafthand.de\/truck\/wp-json\/wp\/v2\/media\/44876"}],"wp:attachment":[{"href":"https:\/\/www.krafthand.de\/truck\/wp-json\/wp\/v2\/media?parent=44875"}],"wp:term":[{"taxonomy":"category","embeddable":true,"href":"https:\/\/www.krafthand.de\/truck\/wp-json\/wp\/v2\/categories?post=44875"},{"taxonomy":"post_tag","embeddable":true,"href":"https:\/\/www.krafthand.de\/truck\/wp-json\/wp\/v2\/tags?post=44875"},{"taxonomy":"settings","embeddable":true,"href":"https:\/\/www.krafthand.de\/truck\/wp-json\/wp\/v2\/settings?post=44875"}],"curies":[{"name":"wp","href":"https:\/\/api.w.org\/{rel}","templated":true}]}}