{"id":44852,"date":"2025-12-11T11:49:19","date_gmt":"2025-12-11T10:49:19","guid":{"rendered":"https:\/\/www.krafthand.de\/truck\/?p=44852"},"modified":"2025-12-11T12:23:00","modified_gmt":"2025-12-11T11:23:00","slug":"truckcharge-daimler-truck-baut-halboeffentliches-ladenetzwerk-auf","status":"publish","type":"post","link":"https:\/\/www.krafthand.de\/truck\/artikel\/truckcharge-daimler-truck-baut-halboeffentliches-ladenetzwerk-auf-44852\/","title":{"rendered":"TruckCharge: Daimler Truck baut halb\u00f6ffentliches Ladenetzwerk auf\u00a0"},"content":{"rendered":"<p>Daimler Truck treibt den Aufbau der Ladem\u00f6glichkeiten f\u00fcr batterieelektrische Lkw voran und startet ein halb\u00f6ffentliches Ladenetzwerk unter der Marke TruckCharge. Seit Anfang Oktober ist mit dem Transportunternehmen <a href=\"https:\/\/wessels-logistik.de\" target=\"_blank\" rel=\"noopener\">Wessels<\/a> in Rhede in Nordrhein-Westfalen ein erster Pilotkunde live, im Dezember folgte die <a href=\"https:\/\/www.diez-spedition.de\" target=\"_blank\" rel=\"noopener\">Spedition Diez<\/a> mit ihrem Ladepark in Dettingen unter Teck in Baden-W\u00fcrttemberg. Der offizielle Rollout in Deutschland und \u00d6sterreich ist f\u00fcr das erste Quartal 2026 geplant, weitere europ\u00e4ische M\u00e4rkte sollen im Laufe des Jahres folgen. Bis 2030 soll das TruckCharge Netzwerk mehr als 3.000 Schnellladepunkte in Europa umfassen.<\/p>\n<h3>Betriebseigene Ladepunkte auch f\u00fcr anderen Unternehmen zug\u00e4nglich<\/h3>\n<p>Das neue Angebot &#8218;Semi-Public Charging&#8216; erm\u00f6glicht es Unternehmen, ihre betriebseigenen Ladepunkte zu Zeiten ohne Eigenbedarf f\u00fcr externe Nutzer zu \u00f6ffnen. Damit sollen zus\u00e4tzliche Einnahmen f\u00fcr Betreiber und ein fl\u00e4chendeckenderes Truck-Ladenetz f\u00fcr die Branche geschaffen werden. Als Initiator und Treiber des TruckCharge Netzwerks m\u00f6chte Daimler Truck die relevanten Akteure zusammenbringen und den Zugang zu einer europaweiten Plattform f\u00fcr Planung, Buchung, Reservierung und Bezahlung von Ladevorg\u00e4ngen erm\u00f6glichen.<\/p>\n<h3>Software-Plattform von Spirii<\/h3>\n<figure id=\"attachment_44860\" aria-describedby=\"caption-attachment-44860\" style=\"width: 420px\" class=\"wp-caption alignleft\"><a href=\"https:\/\/static.krafthand-truck.de\/uploads\/2025\/12\/Daimler_Truck_semi_public_charging_diez.jpg\" target=\"_blank\" rel=\"noopener\"><img fetchpriority=\"high\" decoding=\"async\" class=\"wp-image-44860\" src=\"https:\/\/static.krafthand-truck.de\/uploads\/2025\/12\/Daimler_Truck_semi_public_charging_diez-300x223.jpg\" alt=\"\" width=\"420\" height=\"312\" srcset=\"https:\/\/static.krafthand-truck.de\/uploads\/2025\/12\/Daimler_Truck_semi_public_charging_diez-300x223.jpg 300w, https:\/\/static.krafthand-truck.de\/uploads\/2025\/12\/Daimler_Truck_semi_public_charging_diez-1024x759.jpg 1024w, https:\/\/static.krafthand-truck.de\/uploads\/2025\/12\/Daimler_Truck_semi_public_charging_diez-768x570.jpg 768w, https:\/\/static.krafthand-truck.de\/uploads\/2025\/12\/Daimler_Truck_semi_public_charging_diez-200x150.jpg 200w, https:\/\/static.krafthand-truck.de\/uploads\/2025\/12\/Daimler_Truck_semi_public_charging_diez.jpg 1200w\" sizes=\"(max-width: 420px) 100vw, 420px\" \/><\/a><figcaption id=\"caption-attachment-44860\" class=\"wp-caption-text\">3000 Schnellladepunkte bis 2030: (v.l.n.r.): Matthias Rathmann (freier Journalist), Christian Wilz (Leiter Vertrieb und Services Mercedes-Benz Trucks in Deutschland), Christoph Forcher (eConsultant Daimler Truck), Sascha Str\u00e4hle, Manager Semi-Public Charging Daimler Truck). Bild: Diez<\/figcaption><\/figure>\n<p>Die operative und technische Umsetzung erfolgt aus einer Hand durch den Technologiepartner <a href=\"https:\/\/www.spirii.com\/de\" target=\"_blank\" rel=\"noopener\">Spirii,<\/a> einem Unternehmen der Edenred-Gruppe, der eine entsprechende eMobility-Plattform bereitstellt. Die Plattform erm\u00f6glicht die Verwaltung, \u00dcberwachung und Freigabe von Ladestationen f\u00fcr externe Nutzer, w\u00e4hrend die Betreiber die volle Kontrolle \u00fcber den Zugang und die Preisgestaltung behalten.<\/p>\n<p>Die Softwarel\u00f6sung \u201eTruckCharge Connect\u201c bietet Ladepunktbetreibern ein leistungsf\u00e4higes Charge Point Management System und erm\u00f6glicht G\u00e4sten die einfache Suche, Buchung und Nutzung von Ladepunkten \u2013 inklusive transparenter Preisinformationen und Einbindung von Drittanbietern \u00fcber Roaming. Die TruckCharge App erg\u00e4nzt das Angebot um mobilen Zugriff und komfortabler Bedienung unterwegs.<\/p>\n<h3>Erg\u00e4nzung zum \u00f6ffentlichen Laden<\/h3>\n<p>Das halb\u00f6ffentliche Netzwerk von TruckCharge soll eine Erg\u00e4nzung zum \u00f6ffentlichen Ladeangebot unter anderem von <a href=\"https:\/\/milence.com\/de\/\" target=\"_blank\" rel=\"noopener\">Milence<\/a> sein. Der Fokus des 2022 gegr\u00fcndeten Joint Ventures von Daimler Truck, der Traton Group und der Volvo Group liegt dabei auf Lades\u00e4ulen entlang von Autobahnen und Hauptverkehrsstra\u00dfen.<\/p>\n<div class=\"in-article ad\" data-track-content data-content-name=\"In Artikel Banner\" data-content-piece=\"TruckCharge: Daimler Truck baut halb\u00f6ffentliches Ladenetzwerk auf\u00a0 - 44852\"><ins data-revive-zoneid=\"38\" data-revive-id=\"04237dfbc3c6f3bc11c0af02bebcbeab\"><\/ins><\/div>\n<h3>Die Spedition Diez<\/h3>\n<p>Die Spedition Diez aus Dettingen unter Teck ist spezialisiert auf Volumen- und Sondertransporte. Der Fuhrpark tr\u00e4gt dieser Spezialisierung Rechnung. Mit ihm sind Transporte bis zu einer Breite von 5,00 Metern, einer H\u00f6he von 3,90 Metern und einer Nutzlast von bis zu 50 Tonnen m\u00f6glich. Die firmeneigene Flotte von rund 60 Schwerlast-Fahrzeugen ist deutschland-, aber auch europaweit und dar\u00fcber hinaus unterwegs. St\u00e4rkste Kundenbranchen sind der Maschinen- und Anlagenbau sowie das Messegesch\u00e4ft. Neben dem Transport erbringt das Unternehmen umfangreiche Logistikdienstleistungen. Daf\u00fcr h\u00e4lt es eine Lagerfl\u00e4che von rund 35.000 Quadratmetern bereit. Darunter ist eine Schwerlasthalle mit einem Kran, der Nutzlasten von bis zu 50 Tonnen heben kann. Das 1946 von Alfred Diez gegr\u00fcndete Unternehmen besch\u00e4ftigt rund 130 Mitarbeiterinnen und Mitarbeiter. Es wird heute in dritter Generation von den Br\u00fcdern Andreas und Matthias Diez gef\u00fchrt.<\/p>\n<h3>Wessels Logistik<\/h3>\n<p>Wessels Logistik aus Rhede im M\u00fcnsterland wird dieses Jahr 140 Jahre alt. Das 1885 von Alois Wessels gegr\u00fcndete Unternehmen wird seit 2008 von Andre Wessels in vierter Generation gef\u00fchrt. Zu Wessels Logistik geh\u00f6ren die Unternehmen August Wessels und Wessels Cargo. Spezialit\u00e4t von August Wessels sind Abfall- und Sch\u00fcttguttransporte mit 25 Schubboden-Aufliegern, zwei Absetz- und drei Abrollkippern. Seit vielen Jahren betreibt das Unternehmen mit 20 Lkw au\u00dferdem Systemverkehre f\u00fcr einen gro\u00dfen Logistikdienstleister. Schwerpunkt von Wessels Cargo sind Teil- und Komplettladungen in ganz Deutschland. In Summe sind 185 Mitarbeitende f\u00fcr Wessels Logistik t\u00e4tig. Das Unternehmen betreibt auch eine eigene Werkstatt sowie Logistikaktivit\u00e4ten auf einer Fl\u00e4che von 15.000 Quadratmetern mit mehr als 100 eigenen Lkw.<\/p>\n\r\n\t\t\t\t<div class=\"post-author\">\r\n\t\t\t\t\t<div class=\"khm-cp-author clearfix\">\r\n\t\t\t\t\t\t<div class=\"khm-cp-author__content\">\r\n\t\t\t\t\t\t\t\tKontakt zum Autor:<br \/>\r\n\t\t\t\t\t\t\t\t<strong>Georg Blenk<\/strong>, 08247 \/ 3007-45 |  <a href=\"mailto:georg.blenk@krafthand-medien.de\">georg.blenk@krafthand-medien.de<\/a>\r\n\t\t\t\t\t\t\t<div class=\"khm-cp-author__image\">\r\n\t\t\t\t\t\t<img src=\"https:\/\/static.krafthand-truck.de\/uploads\/2021\/01\/Blenk_6104-250x300-1-removebg-preview.png\" class=\"img-responsive\">\r\n\t\t\t\t\t<\/div>\r\n\t\t\t\t\t\t<\/div>\r\n\t\t\t\t\t<\/div>\r\n\t\t\t\t<\/div>\r\n\t\t\t\t","protected":false},"excerpt":{"rendered":"<p>Daimler Truck treibt den Aufbau der Ladem\u00f6glichkeiten f\u00fcr batterieelektrische Lkw voran und startet ein halb\u00f6ffentliches Ladenetzwerk unter der Marke TruckCharge. Mit Wessels Logistik und der Spedition Diez sind bereits zwei Pilot-Unternehmen an Bord. Bis 2030 sollen so zus\u00e4tzlich 3.000 Schnellladepunkte entstehen. <span class=\"excerpt-more__dots\">&#8230;<\/span> <a class=\"excerpt-more__link\" href=\"https:\/\/www.krafthand.de\/truck\/artikel\/truckcharge-daimler-truck-baut-halboeffentliches-ladenetzwerk-auf-44852\/\" >weiter<\/a><\/p>\n","protected":false},"author":9,"featured_media":44859,"comment_status":"closed","ping_status":"closed","sticky":false,"template":"","format":"standard","meta":{"footnotes":""},"categories":[6375],"tags":[4248,6109],"settings":[3524,4766,3523],"class_list":["post-44852","post","type-post","status-publish","format-standard","has-post-thumbnail","hentry","category-lade-tank-infrastruktur","tag-ladeinfrastruktur","tag-milence"],"yoast_head":"<!-- This site is optimized with the Yoast SEO plugin v27.3 - https:\/\/yoast.com\/product\/yoast-seo-wordpress\/ -->\n<title>TruckCharge I halb\u00f6ffentliches Ladenetzwerk I Krafthand-Truck<\/title>\n<meta name=\"description\" content=\"Daimler Truck startet unter der Marke &#039;TruckCharge&#039; ein halb\u00f6ffentliches Ladenetzwerk f\u00fcr Lastkraftwagen.\" \/>\n<meta name=\"robots\" content=\"index, follow, max-snippet:-1, max-image-preview:large, max-video-preview:-1\" \/>\n<link rel=\"canonical\" href=\"https:\/\/www.krafthand.de\/truck\/artikel\/truckcharge-daimler-truck-baut-halboeffentliches-ladenetzwerk-auf-44852\/\" \/>\n<meta property=\"og:locale\" content=\"de_DE\" \/>\n<meta property=\"og:type\" content=\"article\" \/>\n<meta property=\"og:title\" content=\"TruckCharge I halb\u00f6ffentliches Ladenetzwerk I Krafthand-Truck\" \/>\n<meta property=\"og:description\" content=\"Daimler Truck startet unter der Marke &#039;TruckCharge&#039; ein halb\u00f6ffentliches Ladenetzwerk f\u00fcr Lastkraftwagen.\" \/>\n<meta property=\"og:url\" content=\"https:\/\/www.krafthand-truck.de\/artikel\/truckcharge-daimler-truck-baut-halboeffentliches-ladenetzwerk-auf-44852\/\" \/>\n<meta property=\"og:site_name\" content=\"Krafthand-Truck\" \/>\n<meta property=\"article:published_time\" content=\"2025-12-11T10:49:19+00:00\" \/>\n<meta property=\"article:modified_time\" content=\"2025-12-11T11:23:00+00:00\" \/>\n<meta property=\"og:image\" content=\"https:\/\/static.krafthand-truck.de\/uploads\/2025\/12\/Daimler_Truck_Truck_Charge_Ladenetzwerk_Spedition_Diez.jpg\" \/>\n\t<meta property=\"og:image:width\" content=\"1200\" \/>\n\t<meta property=\"og:image:height\" content=\"596\" \/>\n\t<meta property=\"og:image:type\" content=\"image\/jpeg\" \/>\n<meta name=\"author\" content=\"georg.blenk@krafthand-medien.de\" \/>\n<meta name=\"twitter:card\" content=\"summary_large_image\" \/>\n<meta name=\"twitter:label1\" content=\"Verfasst von\" \/>\n\t<meta name=\"twitter:data1\" content=\"georg.blenk@krafthand-medien.de\" \/>\n\t<meta name=\"twitter:label2\" content=\"Gesch\u00e4tzte Lesezeit\" \/>\n\t<meta name=\"twitter:data2\" content=\"4\u00a0Minuten\" \/>\n<script type=\"application\/ld+json\" class=\"yoast-schema-graph\">{\"@context\":\"https:\\\/\\\/schema.org\",\"@graph\":[{\"@type\":\"Article\",\"@id\":\"https:\\\/\\\/www.krafthand.de\\\/truck\\\/artikel\\\/truckcharge-daimler-truck-baut-halboeffentliches-ladenetzwerk-auf-44852\\\/#article\",\"isPartOf\":{\"@id\":\"https:\\\/\\\/www.krafthand.de\\\/truck\\\/artikel\\\/truckcharge-daimler-truck-baut-halboeffentliches-ladenetzwerk-auf-44852\\\/\"},\"author\":{\"name\":\"georg.blenk@krafthand-medien.de\",\"@id\":\"https:\\\/\\\/www.krafthand.de\\\/truck\\\/#\\\/schema\\\/person\\\/51fa80b1c57034c4bf63f9f988fc24ce\"},\"headline\":\"TruckCharge: Daimler Truck baut halb\u00f6ffentliches Ladenetzwerk auf\u00a0\",\"datePublished\":\"2025-12-11T10:49:19+00:00\",\"dateModified\":\"2025-12-11T11:23:00+00:00\",\"mainEntityOfPage\":{\"@id\":\"https:\\\/\\\/www.krafthand.de\\\/truck\\\/artikel\\\/truckcharge-daimler-truck-baut-halboeffentliches-ladenetzwerk-auf-44852\\\/\"},\"wordCount\":641,\"image\":{\"@id\":\"https:\\\/\\\/www.krafthand.de\\\/truck\\\/artikel\\\/truckcharge-daimler-truck-baut-halboeffentliches-ladenetzwerk-auf-44852\\\/#primaryimage\"},\"thumbnailUrl\":\"https:\\\/\\\/static.krafthand-truck.de\\\/uploads\\\/2025\\\/12\\\/Daimler_Truck_Truck_Charge_Ladenetzwerk_Spedition_Diez.jpg\",\"keywords\":[\"Ladeinfrastruktur\",\"Milence\"],\"articleSection\":[\"Lade-\\\/Tank-Infrastruktur\"],\"inLanguage\":\"de\"},{\"@type\":\"WebPage\",\"@id\":\"https:\\\/\\\/www.krafthand.de\\\/truck\\\/artikel\\\/truckcharge-daimler-truck-baut-halboeffentliches-ladenetzwerk-auf-44852\\\/\",\"url\":\"https:\\\/\\\/www.krafthand.de\\\/truck\\\/artikel\\\/truckcharge-daimler-truck-baut-halboeffentliches-ladenetzwerk-auf-44852\\\/\",\"name\":\"TruckCharge I halb\u00f6ffentliches Ladenetzwerk I Krafthand-Truck\",\"isPartOf\":{\"@id\":\"https:\\\/\\\/www.krafthand.de\\\/truck\\\/#website\"},\"primaryImageOfPage\":{\"@id\":\"https:\\\/\\\/www.krafthand.de\\\/truck\\\/artikel\\\/truckcharge-daimler-truck-baut-halboeffentliches-ladenetzwerk-auf-44852\\\/#primaryimage\"},\"image\":{\"@id\":\"https:\\\/\\\/www.krafthand.de\\\/truck\\\/artikel\\\/truckcharge-daimler-truck-baut-halboeffentliches-ladenetzwerk-auf-44852\\\/#primaryimage\"},\"thumbnailUrl\":\"https:\\\/\\\/static.krafthand-truck.de\\\/uploads\\\/2025\\\/12\\\/Daimler_Truck_Truck_Charge_Ladenetzwerk_Spedition_Diez.jpg\",\"datePublished\":\"2025-12-11T10:49:19+00:00\",\"dateModified\":\"2025-12-11T11:23:00+00:00\",\"author\":{\"@id\":\"https:\\\/\\\/www.krafthand.de\\\/truck\\\/#\\\/schema\\\/person\\\/51fa80b1c57034c4bf63f9f988fc24ce\"},\"description\":\"Daimler Truck startet unter der Marke 'TruckCharge' ein halb\u00f6ffentliches Ladenetzwerk f\u00fcr Lastkraftwagen.\",\"breadcrumb\":{\"@id\":\"https:\\\/\\\/www.krafthand.de\\\/truck\\\/artikel\\\/truckcharge-daimler-truck-baut-halboeffentliches-ladenetzwerk-auf-44852\\\/#breadcrumb\"},\"inLanguage\":\"de\",\"potentialAction\":[{\"@type\":\"ReadAction\",\"target\":[\"https:\\\/\\\/www.krafthand.de\\\/truck\\\/artikel\\\/truckcharge-daimler-truck-baut-halboeffentliches-ladenetzwerk-auf-44852\\\/\"]}]},{\"@type\":\"ImageObject\",\"inLanguage\":\"de\",\"@id\":\"https:\\\/\\\/www.krafthand.de\\\/truck\\\/artikel\\\/truckcharge-daimler-truck-baut-halboeffentliches-ladenetzwerk-auf-44852\\\/#primaryimage\",\"url\":\"https:\\\/\\\/static.krafthand-truck.de\\\/uploads\\\/2025\\\/12\\\/Daimler_Truck_Truck_Charge_Ladenetzwerk_Spedition_Diez.jpg\",\"contentUrl\":\"https:\\\/\\\/static.krafthand-truck.de\\\/uploads\\\/2025\\\/12\\\/Daimler_Truck_Truck_Charge_Ladenetzwerk_Spedition_Diez.jpg\",\"width\":1200,\"height\":596},{\"@type\":\"BreadcrumbList\",\"@id\":\"https:\\\/\\\/www.krafthand.de\\\/truck\\\/artikel\\\/truckcharge-daimler-truck-baut-halboeffentliches-ladenetzwerk-auf-44852\\\/#breadcrumb\",\"itemListElement\":[{\"@type\":\"ListItem\",\"position\":1,\"name\":\"Krafthand-Truck\",\"item\":\"https:\\\/\\\/www.krafthand.de\\\/truck\\\/\"},{\"@type\":\"ListItem\",\"position\":2,\"name\":\"Nfz-Branche\",\"item\":\"https:\\\/\\\/www.krafthand.de\\\/truck\\\/kategorie\\\/branche\\\/\"},{\"@type\":\"ListItem\",\"position\":3,\"name\":\"Lade-\\\/Tank-Infrastruktur\",\"item\":\"https:\\\/\\\/www.krafthand.de\\\/truck\\\/kategorie\\\/branche\\\/lade-tank-infrastruktur\\\/\"},{\"@type\":\"ListItem\",\"position\":4,\"name\":\"TruckCharge: Daimler Truck baut halb\u00f6ffentliches Ladenetzwerk auf\u00a0\"}]},{\"@type\":\"WebSite\",\"@id\":\"https:\\\/\\\/www.krafthand.de\\\/truck\\\/#website\",\"url\":\"https:\\\/\\\/www.krafthand.de\\\/truck\\\/\",\"name\":\"Krafthand-Truck\",\"description\":\"\",\"potentialAction\":[{\"@type\":\"SearchAction\",\"target\":{\"@type\":\"EntryPoint\",\"urlTemplate\":\"https:\\\/\\\/www.krafthand.de\\\/truck\\\/?s={search_term_string}\"},\"query-input\":{\"@type\":\"PropertyValueSpecification\",\"valueRequired\":true,\"valueName\":\"search_term_string\"}}],\"inLanguage\":\"de\"},{\"@type\":\"Person\",\"@id\":\"https:\\\/\\\/www.krafthand.de\\\/truck\\\/#\\\/schema\\\/person\\\/51fa80b1c57034c4bf63f9f988fc24ce\",\"name\":\"georg.blenk@krafthand-medien.de\",\"image\":{\"@type\":\"ImageObject\",\"inLanguage\":\"de\",\"@id\":\"https:\\\/\\\/secure.gravatar.com\\\/avatar\\\/93713c30affe0aa95d3a4130e499bb1abee2eb31adbdd9ce2aa1543538490215?s=96&d=mm&r=g\",\"url\":\"https:\\\/\\\/secure.gravatar.com\\\/avatar\\\/93713c30affe0aa95d3a4130e499bb1abee2eb31adbdd9ce2aa1543538490215?s=96&d=mm&r=g\",\"contentUrl\":\"https:\\\/\\\/secure.gravatar.com\\\/avatar\\\/93713c30affe0aa95d3a4130e499bb1abee2eb31adbdd9ce2aa1543538490215?s=96&d=mm&r=g\",\"caption\":\"georg.blenk@krafthand-medien.de\"}}]}<\/script>\n<!-- \/ Yoast SEO plugin. -->","yoast_head_json":{"title":"TruckCharge I halb\u00f6ffentliches Ladenetzwerk I Krafthand-Truck","description":"Daimler Truck startet unter der Marke 'TruckCharge' ein halb\u00f6ffentliches Ladenetzwerk f\u00fcr Lastkraftwagen.","robots":{"index":"index","follow":"follow","max-snippet":"max-snippet:-1","max-image-preview":"max-image-preview:large","max-video-preview":"max-video-preview:-1"},"canonical":"https:\/\/www.krafthand.de\/truck\/artikel\/truckcharge-daimler-truck-baut-halboeffentliches-ladenetzwerk-auf-44852\/","og_locale":"de_DE","og_type":"article","og_title":"TruckCharge I halb\u00f6ffentliches Ladenetzwerk I Krafthand-Truck","og_description":"Daimler Truck startet unter der Marke 'TruckCharge' ein halb\u00f6ffentliches Ladenetzwerk f\u00fcr Lastkraftwagen.","og_url":"https:\/\/www.krafthand-truck.de\/artikel\/truckcharge-daimler-truck-baut-halboeffentliches-ladenetzwerk-auf-44852\/","og_site_name":"Krafthand-Truck","article_published_time":"2025-12-11T10:49:19+00:00","article_modified_time":"2025-12-11T11:23:00+00:00","og_image":[{"width":1200,"height":596,"url":"https:\/\/static.krafthand-truck.de\/uploads\/2025\/12\/Daimler_Truck_Truck_Charge_Ladenetzwerk_Spedition_Diez.jpg","type":"image\/jpeg"}],"author":"georg.blenk@krafthand-medien.de","twitter_card":"summary_large_image","twitter_misc":{"Verfasst von":"georg.blenk@krafthand-medien.de","Gesch\u00e4tzte Lesezeit":"4\u00a0Minuten"},"schema":{"@context":"https:\/\/schema.org","@graph":[{"@type":"Article","@id":"https:\/\/www.krafthand.de\/truck\/artikel\/truckcharge-daimler-truck-baut-halboeffentliches-ladenetzwerk-auf-44852\/#article","isPartOf":{"@id":"https:\/\/www.krafthand.de\/truck\/artikel\/truckcharge-daimler-truck-baut-halboeffentliches-ladenetzwerk-auf-44852\/"},"author":{"name":"georg.blenk@krafthand-medien.de","@id":"https:\/\/www.krafthand.de\/truck\/#\/schema\/person\/51fa80b1c57034c4bf63f9f988fc24ce"},"headline":"TruckCharge: Daimler Truck baut halb\u00f6ffentliches Ladenetzwerk auf\u00a0","datePublished":"2025-12-11T10:49:19+00:00","dateModified":"2025-12-11T11:23:00+00:00","mainEntityOfPage":{"@id":"https:\/\/www.krafthand.de\/truck\/artikel\/truckcharge-daimler-truck-baut-halboeffentliches-ladenetzwerk-auf-44852\/"},"wordCount":641,"image":{"@id":"https:\/\/www.krafthand.de\/truck\/artikel\/truckcharge-daimler-truck-baut-halboeffentliches-ladenetzwerk-auf-44852\/#primaryimage"},"thumbnailUrl":"https:\/\/static.krafthand-truck.de\/uploads\/2025\/12\/Daimler_Truck_Truck_Charge_Ladenetzwerk_Spedition_Diez.jpg","keywords":["Ladeinfrastruktur","Milence"],"articleSection":["Lade-\/Tank-Infrastruktur"],"inLanguage":"de"},{"@type":"WebPage","@id":"https:\/\/www.krafthand.de\/truck\/artikel\/truckcharge-daimler-truck-baut-halboeffentliches-ladenetzwerk-auf-44852\/","url":"https:\/\/www.krafthand.de\/truck\/artikel\/truckcharge-daimler-truck-baut-halboeffentliches-ladenetzwerk-auf-44852\/","name":"TruckCharge I halb\u00f6ffentliches Ladenetzwerk I Krafthand-Truck","isPartOf":{"@id":"https:\/\/www.krafthand.de\/truck\/#website"},"primaryImageOfPage":{"@id":"https:\/\/www.krafthand.de\/truck\/artikel\/truckcharge-daimler-truck-baut-halboeffentliches-ladenetzwerk-auf-44852\/#primaryimage"},"image":{"@id":"https:\/\/www.krafthand.de\/truck\/artikel\/truckcharge-daimler-truck-baut-halboeffentliches-ladenetzwerk-auf-44852\/#primaryimage"},"thumbnailUrl":"https:\/\/static.krafthand-truck.de\/uploads\/2025\/12\/Daimler_Truck_Truck_Charge_Ladenetzwerk_Spedition_Diez.jpg","datePublished":"2025-12-11T10:49:19+00:00","dateModified":"2025-12-11T11:23:00+00:00","author":{"@id":"https:\/\/www.krafthand.de\/truck\/#\/schema\/person\/51fa80b1c57034c4bf63f9f988fc24ce"},"description":"Daimler Truck startet unter der Marke 'TruckCharge' ein halb\u00f6ffentliches Ladenetzwerk f\u00fcr Lastkraftwagen.","breadcrumb":{"@id":"https:\/\/www.krafthand.de\/truck\/artikel\/truckcharge-daimler-truck-baut-halboeffentliches-ladenetzwerk-auf-44852\/#breadcrumb"},"inLanguage":"de","potentialAction":[{"@type":"ReadAction","target":["https:\/\/www.krafthand.de\/truck\/artikel\/truckcharge-daimler-truck-baut-halboeffentliches-ladenetzwerk-auf-44852\/"]}]},{"@type":"ImageObject","inLanguage":"de","@id":"https:\/\/www.krafthand.de\/truck\/artikel\/truckcharge-daimler-truck-baut-halboeffentliches-ladenetzwerk-auf-44852\/#primaryimage","url":"https:\/\/static.krafthand-truck.de\/uploads\/2025\/12\/Daimler_Truck_Truck_Charge_Ladenetzwerk_Spedition_Diez.jpg","contentUrl":"https:\/\/static.krafthand-truck.de\/uploads\/2025\/12\/Daimler_Truck_Truck_Charge_Ladenetzwerk_Spedition_Diez.jpg","width":1200,"height":596},{"@type":"BreadcrumbList","@id":"https:\/\/www.krafthand.de\/truck\/artikel\/truckcharge-daimler-truck-baut-halboeffentliches-ladenetzwerk-auf-44852\/#breadcrumb","itemListElement":[{"@type":"ListItem","position":1,"name":"Krafthand-Truck","item":"https:\/\/www.krafthand.de\/truck\/"},{"@type":"ListItem","position":2,"name":"Nfz-Branche","item":"https:\/\/www.krafthand.de\/truck\/kategorie\/branche\/"},{"@type":"ListItem","position":3,"name":"Lade-\/Tank-Infrastruktur","item":"https:\/\/www.krafthand.de\/truck\/kategorie\/branche\/lade-tank-infrastruktur\/"},{"@type":"ListItem","position":4,"name":"TruckCharge: Daimler Truck baut halb\u00f6ffentliches Ladenetzwerk auf\u00a0"}]},{"@type":"WebSite","@id":"https:\/\/www.krafthand.de\/truck\/#website","url":"https:\/\/www.krafthand.de\/truck\/","name":"Krafthand-Truck","description":"","potentialAction":[{"@type":"SearchAction","target":{"@type":"EntryPoint","urlTemplate":"https:\/\/www.krafthand.de\/truck\/?s={search_term_string}"},"query-input":{"@type":"PropertyValueSpecification","valueRequired":true,"valueName":"search_term_string"}}],"inLanguage":"de"},{"@type":"Person","@id":"https:\/\/www.krafthand.de\/truck\/#\/schema\/person\/51fa80b1c57034c4bf63f9f988fc24ce","name":"georg.blenk@krafthand-medien.de","image":{"@type":"ImageObject","inLanguage":"de","@id":"https:\/\/secure.gravatar.com\/avatar\/93713c30affe0aa95d3a4130e499bb1abee2eb31adbdd9ce2aa1543538490215?s=96&d=mm&r=g","url":"https:\/\/secure.gravatar.com\/avatar\/93713c30affe0aa95d3a4130e499bb1abee2eb31adbdd9ce2aa1543538490215?s=96&d=mm&r=g","contentUrl":"https:\/\/secure.gravatar.com\/avatar\/93713c30affe0aa95d3a4130e499bb1abee2eb31adbdd9ce2aa1543538490215?s=96&d=mm&r=g","caption":"georg.blenk@krafthand-medien.de"}}]}},"_links":{"self":[{"href":"https:\/\/www.krafthand.de\/truck\/wp-json\/wp\/v2\/posts\/44852","targetHints":{"allow":["GET"]}}],"collection":[{"href":"https:\/\/www.krafthand.de\/truck\/wp-json\/wp\/v2\/posts"}],"about":[{"href":"https:\/\/www.krafthand.de\/truck\/wp-json\/wp\/v2\/types\/post"}],"author":[{"embeddable":true,"href":"https:\/\/www.krafthand.de\/truck\/wp-json\/wp\/v2\/users\/9"}],"replies":[{"embeddable":true,"href":"https:\/\/www.krafthand.de\/truck\/wp-json\/wp\/v2\/comments?post=44852"}],"version-history":[{"count":19,"href":"https:\/\/www.krafthand.de\/truck\/wp-json\/wp\/v2\/posts\/44852\/revisions"}],"predecessor-version":[{"id":44873,"href":"https:\/\/www.krafthand.de\/truck\/wp-json\/wp\/v2\/posts\/44852\/revisions\/44873"}],"wp:featuredmedia":[{"embeddable":true,"href":"https:\/\/www.krafthand.de\/truck\/wp-json\/wp\/v2\/media\/44859"}],"wp:attachment":[{"href":"https:\/\/www.krafthand.de\/truck\/wp-json\/wp\/v2\/media?parent=44852"}],"wp:term":[{"taxonomy":"category","embeddable":true,"href":"https:\/\/www.krafthand.de\/truck\/wp-json\/wp\/v2\/categories?post=44852"},{"taxonomy":"post_tag","embeddable":true,"href":"https:\/\/www.krafthand.de\/truck\/wp-json\/wp\/v2\/tags?post=44852"},{"taxonomy":"settings","embeddable":true,"href":"https:\/\/www.krafthand.de\/truck\/wp-json\/wp\/v2\/settings?post=44852"}],"curies":[{"name":"wp","href":"https:\/\/api.w.org\/{rel}","templated":true}]}}