{"id":44672,"date":"2025-11-25T13:22:06","date_gmt":"2025-11-25T12:22:06","guid":{"rendered":"https:\/\/www.krafthand.de\/truck\/?p=44672"},"modified":"2025-11-28T11:38:12","modified_gmt":"2025-11-28T10:38:12","slug":"volkswagen-nutzfahrzeuge-grundsteinlegung-fuer-den-ausbau-des-werks-wrzesnia","status":"publish","type":"post","link":"https:\/\/www.krafthand.de\/truck\/artikel\/volkswagen-nutzfahrzeuge-grundsteinlegung-fuer-den-ausbau-des-werks-wrzesnia-44672\/","title":{"rendered":"Volkswagen Nutzfahrzeuge: Grundsteinlegung f\u00fcr den Ausbau des Werks Wrze\u015bnia"},"content":{"rendered":"<p>Volkswagen Nutzfahrzeuge legte jetzt den Grundstein f\u00fcr die Erweiterung des Werks im polnischen Wrze\u015bnia. Seit 2014 werden am Standort Fahrzeuge produziert.\u00a0 Mit dem Ausbau soll nun die Basis f\u00fcr die Produktion der n\u00e4chsten Generation des vollelektrischen eCrafter geschaffen werden. An der Zeremonie nahmen neben Unternehmensvertreter(innen) auch Repr\u00e4sentant(innenaus) der polnischen Politik, Wirtschaft und der Kirche teil.<\/p>\n<p>Im Rahmen der Erweiterung entstehen auf dem Werksgel\u00e4nde zwei Produktionshallen mit einer Gesamtfl\u00e4che von rund 60.000 Quadratmetern. In einer Halle soll k\u00fcnftig die Plattform f\u00fcr das Fahrgestell des neuen <a href=\"https:\/\/www.volkswagen-nutzfahrzeuge.de\/de\/modelle\/crafter.html\" target=\"_blank\" rel=\"noopener\">eCrafter<\/a> gefertigt werden, unterst\u00fctzt durch 150 neue Roboter f\u00fcr Schwei\u00df-, Klebe- und Montageprozesse. Die zweite Halle dient laut VW Nutzfahrzeuge als Batterielager und als Logistikbereich und wird mit Ladestationen f\u00fcr Elektro-Lkw sowie einem KI-gest\u00fctzten Kamerasystem zur Batteriekontrolle ausgestattet. Die Erweiterung der Fertigungshallen wird im Laufe des Jahres 2027 abgeschlossen. Der neue eCrafter soll 2028 auf den Markt kommen.<\/p>\n","protected":false},"excerpt":{"rendered":"<p>Volkswagen Nutzfahrzeuge legte jetzt den Grundstein f\u00fcr die Erweiterung des Werks im polnischen Wrze\u015bnia. Seit 2014 werden am Standort Fahrzeuge produziert.\u00a0 Mit dem Ausbau soll nun die Basis f\u00fcr die Produktion der n\u00e4chsten Generation des vollelektrischen eCrafter geschaffen werden. <span class=\"excerpt-more__dots\">&#8230;<\/span> <a class=\"excerpt-more__link\" href=\"https:\/\/www.krafthand.de\/truck\/artikel\/volkswagen-nutzfahrzeuge-grundsteinlegung-fuer-den-ausbau-des-werks-wrzesnia-44672\/\" >weiter<\/a><\/p>\n","protected":false},"author":9,"featured_media":44674,"comment_status":"closed","ping_status":"closed","sticky":false,"template":"","format":"standard","meta":{"footnotes":""},"categories":[4915,4235],"tags":[6364,6363,518,3511],"settings":[3523],"class_list":["post-44672","post","type-post","status-publish","format-standard","has-post-thumbnail","hentry","category-neue-fahrzeuge","category-unternehmen","tag-crafter","tag-e-crafter","tag-volkswagen","tag-vw-crafter"],"yoast_head":"<!-- This site is optimized with the Yoast SEO plugin v27.3 - https:\/\/yoast.com\/product\/yoast-seo-wordpress\/ -->\n<title>Volkswagen Nutzfahrzeuge: Grundsteinlegung f\u00fcr den Ausbau des Werks Wrze\u015bnia - Krafthand-Truck<\/title>\n<meta name=\"description\" content=\"Der neue VW eCrafter soll ab 2027 im polnischen Wrze\u015bnia vom Band laufen. Jetzt wurde der Grundstein f\u00fcr die Werkserweiterung gelegt.\" \/>\n<meta name=\"robots\" content=\"index, follow, max-snippet:-1, max-image-preview:large, max-video-preview:-1\" \/>\n<link rel=\"canonical\" href=\"https:\/\/www.krafthand.de\/truck\/artikel\/volkswagen-nutzfahrzeuge-grundsteinlegung-fuer-den-ausbau-des-werks-wrzesnia-44672\/\" \/>\n<meta property=\"og:locale\" content=\"de_DE\" \/>\n<meta property=\"og:type\" content=\"article\" \/>\n<meta property=\"og:title\" content=\"Volkswagen Nutzfahrzeuge: Grundsteinlegung f\u00fcr den Ausbau des Werks Wrze\u015bnia - Krafthand-Truck\" \/>\n<meta property=\"og:description\" content=\"Der neue VW eCrafter soll ab 2027 im polnischen Wrze\u015bnia vom Band laufen. Jetzt wurde der Grundstein f\u00fcr die Werkserweiterung gelegt.\" \/>\n<meta property=\"og:url\" content=\"https:\/\/www.krafthand-truck.de\/artikel\/volkswagen-nutzfahrzeuge-grundsteinlegung-fuer-den-ausbau-des-werks-wrzesnia-44672\/\" \/>\n<meta property=\"og:site_name\" content=\"Krafthand-Truck\" \/>\n<meta property=\"article:published_time\" content=\"2025-11-25T12:22:06+00:00\" \/>\n<meta property=\"article:modified_time\" content=\"2025-11-28T10:38:12+00:00\" \/>\n<meta property=\"og:image\" content=\"https:\/\/static.krafthand-truck.de\/uploads\/2025\/11\/Volkswagen_Nutzfahrzeuge_E-Crafter_Ausbau_Werk_Polen.jpg\" \/>\n\t<meta property=\"og:image:width\" content=\"1200\" \/>\n\t<meta property=\"og:image:height\" content=\"784\" \/>\n\t<meta property=\"og:image:type\" content=\"image\/jpeg\" \/>\n<meta name=\"author\" content=\"georg.blenk@krafthand-medien.de\" \/>\n<meta name=\"twitter:card\" content=\"summary_large_image\" \/>\n<meta name=\"twitter:label1\" content=\"Verfasst von\" \/>\n\t<meta name=\"twitter:data1\" content=\"georg.blenk@krafthand-medien.de\" \/>\n\t<meta name=\"twitter:label2\" content=\"Gesch\u00e4tzte Lesezeit\" \/>\n\t<meta name=\"twitter:data2\" content=\"1\u00a0Minute\" \/>\n<script type=\"application\/ld+json\" class=\"yoast-schema-graph\">{\"@context\":\"https:\\\/\\\/schema.org\",\"@graph\":[{\"@type\":\"Article\",\"@id\":\"https:\\\/\\\/www.krafthand.de\\\/truck\\\/artikel\\\/volkswagen-nutzfahrzeuge-grundsteinlegung-fuer-den-ausbau-des-werks-wrzesnia-44672\\\/#article\",\"isPartOf\":{\"@id\":\"https:\\\/\\\/www.krafthand.de\\\/truck\\\/artikel\\\/volkswagen-nutzfahrzeuge-grundsteinlegung-fuer-den-ausbau-des-werks-wrzesnia-44672\\\/\"},\"author\":{\"name\":\"georg.blenk@krafthand-medien.de\",\"@id\":\"https:\\\/\\\/www.krafthand.de\\\/truck\\\/#\\\/schema\\\/person\\\/51fa80b1c57034c4bf63f9f988fc24ce\"},\"headline\":\"Volkswagen Nutzfahrzeuge: Grundsteinlegung f\u00fcr den Ausbau des Werks Wrze\u015bnia\",\"datePublished\":\"2025-11-25T12:22:06+00:00\",\"dateModified\":\"2025-11-28T10:38:12+00:00\",\"mainEntityOfPage\":{\"@id\":\"https:\\\/\\\/www.krafthand.de\\\/truck\\\/artikel\\\/volkswagen-nutzfahrzeuge-grundsteinlegung-fuer-den-ausbau-des-werks-wrzesnia-44672\\\/\"},\"wordCount\":164,\"image\":{\"@id\":\"https:\\\/\\\/www.krafthand.de\\\/truck\\\/artikel\\\/volkswagen-nutzfahrzeuge-grundsteinlegung-fuer-den-ausbau-des-werks-wrzesnia-44672\\\/#primaryimage\"},\"thumbnailUrl\":\"https:\\\/\\\/static.krafthand-truck.de\\\/uploads\\\/2025\\\/11\\\/Volkswagen_Nutzfahrzeuge_E-Crafter_Ausbau_Werk_Polen.jpg\",\"keywords\":[\"Crafter\",\"E-Crafter\",\"Volkswagen\",\"VW Crafter\"],\"articleSection\":[\"Neue Fahrzeuge\",\"Unternehmen\"],\"inLanguage\":\"de\"},{\"@type\":\"WebPage\",\"@id\":\"https:\\\/\\\/www.krafthand.de\\\/truck\\\/artikel\\\/volkswagen-nutzfahrzeuge-grundsteinlegung-fuer-den-ausbau-des-werks-wrzesnia-44672\\\/\",\"url\":\"https:\\\/\\\/www.krafthand.de\\\/truck\\\/artikel\\\/volkswagen-nutzfahrzeuge-grundsteinlegung-fuer-den-ausbau-des-werks-wrzesnia-44672\\\/\",\"name\":\"Volkswagen Nutzfahrzeuge: Grundsteinlegung f\u00fcr den Ausbau des Werks Wrze\u015bnia - Krafthand-Truck\",\"isPartOf\":{\"@id\":\"https:\\\/\\\/www.krafthand.de\\\/truck\\\/#website\"},\"primaryImageOfPage\":{\"@id\":\"https:\\\/\\\/www.krafthand.de\\\/truck\\\/artikel\\\/volkswagen-nutzfahrzeuge-grundsteinlegung-fuer-den-ausbau-des-werks-wrzesnia-44672\\\/#primaryimage\"},\"image\":{\"@id\":\"https:\\\/\\\/www.krafthand.de\\\/truck\\\/artikel\\\/volkswagen-nutzfahrzeuge-grundsteinlegung-fuer-den-ausbau-des-werks-wrzesnia-44672\\\/#primaryimage\"},\"thumbnailUrl\":\"https:\\\/\\\/static.krafthand-truck.de\\\/uploads\\\/2025\\\/11\\\/Volkswagen_Nutzfahrzeuge_E-Crafter_Ausbau_Werk_Polen.jpg\",\"datePublished\":\"2025-11-25T12:22:06+00:00\",\"dateModified\":\"2025-11-28T10:38:12+00:00\",\"author\":{\"@id\":\"https:\\\/\\\/www.krafthand.de\\\/truck\\\/#\\\/schema\\\/person\\\/51fa80b1c57034c4bf63f9f988fc24ce\"},\"description\":\"Der neue VW eCrafter soll ab 2027 im polnischen Wrze\u015bnia vom Band laufen. Jetzt wurde der Grundstein f\u00fcr die Werkserweiterung gelegt.\",\"breadcrumb\":{\"@id\":\"https:\\\/\\\/www.krafthand.de\\\/truck\\\/artikel\\\/volkswagen-nutzfahrzeuge-grundsteinlegung-fuer-den-ausbau-des-werks-wrzesnia-44672\\\/#breadcrumb\"},\"inLanguage\":\"de\",\"potentialAction\":[{\"@type\":\"ReadAction\",\"target\":[\"https:\\\/\\\/www.krafthand.de\\\/truck\\\/artikel\\\/volkswagen-nutzfahrzeuge-grundsteinlegung-fuer-den-ausbau-des-werks-wrzesnia-44672\\\/\"]}]},{\"@type\":\"ImageObject\",\"inLanguage\":\"de\",\"@id\":\"https:\\\/\\\/www.krafthand.de\\\/truck\\\/artikel\\\/volkswagen-nutzfahrzeuge-grundsteinlegung-fuer-den-ausbau-des-werks-wrzesnia-44672\\\/#primaryimage\",\"url\":\"https:\\\/\\\/static.krafthand-truck.de\\\/uploads\\\/2025\\\/11\\\/Volkswagen_Nutzfahrzeuge_E-Crafter_Ausbau_Werk_Polen.jpg\",\"contentUrl\":\"https:\\\/\\\/static.krafthand-truck.de\\\/uploads\\\/2025\\\/11\\\/Volkswagen_Nutzfahrzeuge_E-Crafter_Ausbau_Werk_Polen.jpg\",\"width\":1200,\"height\":784},{\"@type\":\"BreadcrumbList\",\"@id\":\"https:\\\/\\\/www.krafthand.de\\\/truck\\\/artikel\\\/volkswagen-nutzfahrzeuge-grundsteinlegung-fuer-den-ausbau-des-werks-wrzesnia-44672\\\/#breadcrumb\",\"itemListElement\":[{\"@type\":\"ListItem\",\"position\":1,\"name\":\"Krafthand-Truck\",\"item\":\"https:\\\/\\\/www.krafthand.de\\\/truck\\\/\"},{\"@type\":\"ListItem\",\"position\":2,\"name\":\"IT+Fuhrpark\",\"item\":\"https:\\\/\\\/www.krafthand.de\\\/truck\\\/kategorie\\\/fuhrpark\\\/\"},{\"@type\":\"ListItem\",\"position\":3,\"name\":\"Neue Fahrzeuge\",\"item\":\"https:\\\/\\\/www.krafthand.de\\\/truck\\\/kategorie\\\/fuhrpark\\\/neue-fahrzeuge\\\/\"},{\"@type\":\"ListItem\",\"position\":4,\"name\":\"Volkswagen Nutzfahrzeuge: Grundsteinlegung f\u00fcr den Ausbau des Werks Wrze\u015bnia\"}]},{\"@type\":\"WebSite\",\"@id\":\"https:\\\/\\\/www.krafthand.de\\\/truck\\\/#website\",\"url\":\"https:\\\/\\\/www.krafthand.de\\\/truck\\\/\",\"name\":\"Krafthand-Truck\",\"description\":\"\",\"potentialAction\":[{\"@type\":\"SearchAction\",\"target\":{\"@type\":\"EntryPoint\",\"urlTemplate\":\"https:\\\/\\\/www.krafthand.de\\\/truck\\\/?s={search_term_string}\"},\"query-input\":{\"@type\":\"PropertyValueSpecification\",\"valueRequired\":true,\"valueName\":\"search_term_string\"}}],\"inLanguage\":\"de\"},{\"@type\":\"Person\",\"@id\":\"https:\\\/\\\/www.krafthand.de\\\/truck\\\/#\\\/schema\\\/person\\\/51fa80b1c57034c4bf63f9f988fc24ce\",\"name\":\"georg.blenk@krafthand-medien.de\",\"image\":{\"@type\":\"ImageObject\",\"inLanguage\":\"de\",\"@id\":\"https:\\\/\\\/secure.gravatar.com\\\/avatar\\\/93713c30affe0aa95d3a4130e499bb1abee2eb31adbdd9ce2aa1543538490215?s=96&d=mm&r=g\",\"url\":\"https:\\\/\\\/secure.gravatar.com\\\/avatar\\\/93713c30affe0aa95d3a4130e499bb1abee2eb31adbdd9ce2aa1543538490215?s=96&d=mm&r=g\",\"contentUrl\":\"https:\\\/\\\/secure.gravatar.com\\\/avatar\\\/93713c30affe0aa95d3a4130e499bb1abee2eb31adbdd9ce2aa1543538490215?s=96&d=mm&r=g\",\"caption\":\"georg.blenk@krafthand-medien.de\"}}]}<\/script>\n<!-- \/ Yoast SEO plugin. -->","yoast_head_json":{"title":"Volkswagen Nutzfahrzeuge: Grundsteinlegung f\u00fcr den Ausbau des Werks Wrze\u015bnia - Krafthand-Truck","description":"Der neue VW eCrafter soll ab 2027 im polnischen Wrze\u015bnia vom Band laufen. Jetzt wurde der Grundstein f\u00fcr die Werkserweiterung gelegt.","robots":{"index":"index","follow":"follow","max-snippet":"max-snippet:-1","max-image-preview":"max-image-preview:large","max-video-preview":"max-video-preview:-1"},"canonical":"https:\/\/www.krafthand.de\/truck\/artikel\/volkswagen-nutzfahrzeuge-grundsteinlegung-fuer-den-ausbau-des-werks-wrzesnia-44672\/","og_locale":"de_DE","og_type":"article","og_title":"Volkswagen Nutzfahrzeuge: Grundsteinlegung f\u00fcr den Ausbau des Werks Wrze\u015bnia - Krafthand-Truck","og_description":"Der neue VW eCrafter soll ab 2027 im polnischen Wrze\u015bnia vom Band laufen. Jetzt wurde der Grundstein f\u00fcr die Werkserweiterung gelegt.","og_url":"https:\/\/www.krafthand-truck.de\/artikel\/volkswagen-nutzfahrzeuge-grundsteinlegung-fuer-den-ausbau-des-werks-wrzesnia-44672\/","og_site_name":"Krafthand-Truck","article_published_time":"2025-11-25T12:22:06+00:00","article_modified_time":"2025-11-28T10:38:12+00:00","og_image":[{"width":1200,"height":784,"url":"https:\/\/static.krafthand-truck.de\/uploads\/2025\/11\/Volkswagen_Nutzfahrzeuge_E-Crafter_Ausbau_Werk_Polen.jpg","type":"image\/jpeg"}],"author":"georg.blenk@krafthand-medien.de","twitter_card":"summary_large_image","twitter_misc":{"Verfasst von":"georg.blenk@krafthand-medien.de","Gesch\u00e4tzte Lesezeit":"1\u00a0Minute"},"schema":{"@context":"https:\/\/schema.org","@graph":[{"@type":"Article","@id":"https:\/\/www.krafthand.de\/truck\/artikel\/volkswagen-nutzfahrzeuge-grundsteinlegung-fuer-den-ausbau-des-werks-wrzesnia-44672\/#article","isPartOf":{"@id":"https:\/\/www.krafthand.de\/truck\/artikel\/volkswagen-nutzfahrzeuge-grundsteinlegung-fuer-den-ausbau-des-werks-wrzesnia-44672\/"},"author":{"name":"georg.blenk@krafthand-medien.de","@id":"https:\/\/www.krafthand.de\/truck\/#\/schema\/person\/51fa80b1c57034c4bf63f9f988fc24ce"},"headline":"Volkswagen Nutzfahrzeuge: Grundsteinlegung f\u00fcr den Ausbau des Werks Wrze\u015bnia","datePublished":"2025-11-25T12:22:06+00:00","dateModified":"2025-11-28T10:38:12+00:00","mainEntityOfPage":{"@id":"https:\/\/www.krafthand.de\/truck\/artikel\/volkswagen-nutzfahrzeuge-grundsteinlegung-fuer-den-ausbau-des-werks-wrzesnia-44672\/"},"wordCount":164,"image":{"@id":"https:\/\/www.krafthand.de\/truck\/artikel\/volkswagen-nutzfahrzeuge-grundsteinlegung-fuer-den-ausbau-des-werks-wrzesnia-44672\/#primaryimage"},"thumbnailUrl":"https:\/\/static.krafthand-truck.de\/uploads\/2025\/11\/Volkswagen_Nutzfahrzeuge_E-Crafter_Ausbau_Werk_Polen.jpg","keywords":["Crafter","E-Crafter","Volkswagen","VW Crafter"],"articleSection":["Neue Fahrzeuge","Unternehmen"],"inLanguage":"de"},{"@type":"WebPage","@id":"https:\/\/www.krafthand.de\/truck\/artikel\/volkswagen-nutzfahrzeuge-grundsteinlegung-fuer-den-ausbau-des-werks-wrzesnia-44672\/","url":"https:\/\/www.krafthand.de\/truck\/artikel\/volkswagen-nutzfahrzeuge-grundsteinlegung-fuer-den-ausbau-des-werks-wrzesnia-44672\/","name":"Volkswagen Nutzfahrzeuge: Grundsteinlegung f\u00fcr den Ausbau des Werks Wrze\u015bnia - Krafthand-Truck","isPartOf":{"@id":"https:\/\/www.krafthand.de\/truck\/#website"},"primaryImageOfPage":{"@id":"https:\/\/www.krafthand.de\/truck\/artikel\/volkswagen-nutzfahrzeuge-grundsteinlegung-fuer-den-ausbau-des-werks-wrzesnia-44672\/#primaryimage"},"image":{"@id":"https:\/\/www.krafthand.de\/truck\/artikel\/volkswagen-nutzfahrzeuge-grundsteinlegung-fuer-den-ausbau-des-werks-wrzesnia-44672\/#primaryimage"},"thumbnailUrl":"https:\/\/static.krafthand-truck.de\/uploads\/2025\/11\/Volkswagen_Nutzfahrzeuge_E-Crafter_Ausbau_Werk_Polen.jpg","datePublished":"2025-11-25T12:22:06+00:00","dateModified":"2025-11-28T10:38:12+00:00","author":{"@id":"https:\/\/www.krafthand.de\/truck\/#\/schema\/person\/51fa80b1c57034c4bf63f9f988fc24ce"},"description":"Der neue VW eCrafter soll ab 2027 im polnischen Wrze\u015bnia vom Band laufen. Jetzt wurde der Grundstein f\u00fcr die Werkserweiterung gelegt.","breadcrumb":{"@id":"https:\/\/www.krafthand.de\/truck\/artikel\/volkswagen-nutzfahrzeuge-grundsteinlegung-fuer-den-ausbau-des-werks-wrzesnia-44672\/#breadcrumb"},"inLanguage":"de","potentialAction":[{"@type":"ReadAction","target":["https:\/\/www.krafthand.de\/truck\/artikel\/volkswagen-nutzfahrzeuge-grundsteinlegung-fuer-den-ausbau-des-werks-wrzesnia-44672\/"]}]},{"@type":"ImageObject","inLanguage":"de","@id":"https:\/\/www.krafthand.de\/truck\/artikel\/volkswagen-nutzfahrzeuge-grundsteinlegung-fuer-den-ausbau-des-werks-wrzesnia-44672\/#primaryimage","url":"https:\/\/static.krafthand-truck.de\/uploads\/2025\/11\/Volkswagen_Nutzfahrzeuge_E-Crafter_Ausbau_Werk_Polen.jpg","contentUrl":"https:\/\/static.krafthand-truck.de\/uploads\/2025\/11\/Volkswagen_Nutzfahrzeuge_E-Crafter_Ausbau_Werk_Polen.jpg","width":1200,"height":784},{"@type":"BreadcrumbList","@id":"https:\/\/www.krafthand.de\/truck\/artikel\/volkswagen-nutzfahrzeuge-grundsteinlegung-fuer-den-ausbau-des-werks-wrzesnia-44672\/#breadcrumb","itemListElement":[{"@type":"ListItem","position":1,"name":"Krafthand-Truck","item":"https:\/\/www.krafthand.de\/truck\/"},{"@type":"ListItem","position":2,"name":"IT+Fuhrpark","item":"https:\/\/www.krafthand.de\/truck\/kategorie\/fuhrpark\/"},{"@type":"ListItem","position":3,"name":"Neue Fahrzeuge","item":"https:\/\/www.krafthand.de\/truck\/kategorie\/fuhrpark\/neue-fahrzeuge\/"},{"@type":"ListItem","position":4,"name":"Volkswagen Nutzfahrzeuge: Grundsteinlegung f\u00fcr den Ausbau des Werks Wrze\u015bnia"}]},{"@type":"WebSite","@id":"https:\/\/www.krafthand.de\/truck\/#website","url":"https:\/\/www.krafthand.de\/truck\/","name":"Krafthand-Truck","description":"","potentialAction":[{"@type":"SearchAction","target":{"@type":"EntryPoint","urlTemplate":"https:\/\/www.krafthand.de\/truck\/?s={search_term_string}"},"query-input":{"@type":"PropertyValueSpecification","valueRequired":true,"valueName":"search_term_string"}}],"inLanguage":"de"},{"@type":"Person","@id":"https:\/\/www.krafthand.de\/truck\/#\/schema\/person\/51fa80b1c57034c4bf63f9f988fc24ce","name":"georg.blenk@krafthand-medien.de","image":{"@type":"ImageObject","inLanguage":"de","@id":"https:\/\/secure.gravatar.com\/avatar\/93713c30affe0aa95d3a4130e499bb1abee2eb31adbdd9ce2aa1543538490215?s=96&d=mm&r=g","url":"https:\/\/secure.gravatar.com\/avatar\/93713c30affe0aa95d3a4130e499bb1abee2eb31adbdd9ce2aa1543538490215?s=96&d=mm&r=g","contentUrl":"https:\/\/secure.gravatar.com\/avatar\/93713c30affe0aa95d3a4130e499bb1abee2eb31adbdd9ce2aa1543538490215?s=96&d=mm&r=g","caption":"georg.blenk@krafthand-medien.de"}}]}},"_links":{"self":[{"href":"https:\/\/www.krafthand.de\/truck\/wp-json\/wp\/v2\/posts\/44672","targetHints":{"allow":["GET"]}}],"collection":[{"href":"https:\/\/www.krafthand.de\/truck\/wp-json\/wp\/v2\/posts"}],"about":[{"href":"https:\/\/www.krafthand.de\/truck\/wp-json\/wp\/v2\/types\/post"}],"author":[{"embeddable":true,"href":"https:\/\/www.krafthand.de\/truck\/wp-json\/wp\/v2\/users\/9"}],"replies":[{"embeddable":true,"href":"https:\/\/www.krafthand.de\/truck\/wp-json\/wp\/v2\/comments?post=44672"}],"version-history":[{"count":6,"href":"https:\/\/www.krafthand.de\/truck\/wp-json\/wp\/v2\/posts\/44672\/revisions"}],"predecessor-version":[{"id":44679,"href":"https:\/\/www.krafthand.de\/truck\/wp-json\/wp\/v2\/posts\/44672\/revisions\/44679"}],"wp:featuredmedia":[{"embeddable":true,"href":"https:\/\/www.krafthand.de\/truck\/wp-json\/wp\/v2\/media\/44674"}],"wp:attachment":[{"href":"https:\/\/www.krafthand.de\/truck\/wp-json\/wp\/v2\/media?parent=44672"}],"wp:term":[{"taxonomy":"category","embeddable":true,"href":"https:\/\/www.krafthand.de\/truck\/wp-json\/wp\/v2\/categories?post=44672"},{"taxonomy":"post_tag","embeddable":true,"href":"https:\/\/www.krafthand.de\/truck\/wp-json\/wp\/v2\/tags?post=44672"},{"taxonomy":"settings","embeddable":true,"href":"https:\/\/www.krafthand.de\/truck\/wp-json\/wp\/v2\/settings?post=44672"}],"curies":[{"name":"wp","href":"https:\/\/api.w.org\/{rel}","templated":true}]}}