{"id":44618,"date":"2025-11-20T09:30:20","date_gmt":"2025-11-20T08:30:20","guid":{"rendered":"https:\/\/www.krafthand.de\/truck\/?p=44618"},"modified":"2025-11-20T09:41:16","modified_gmt":"2025-11-20T08:41:16","slug":"zf-traxon-hybridgetriebe-im-praxistest","status":"publish","type":"post","link":"https:\/\/www.krafthand.de\/truck\/artikel\/zf-traxon-hybridgetriebe-im-praxistest-44618\/","title":{"rendered":"ZF: TraXon 2 &#8211; Hybridgetriebe im Praxistest"},"content":{"rendered":"<p>Das Hybridgetriebe TraXon 2 Hybrid hat ZF auf der IAA Transportation 2024 erstmals vorgestellt. Es eignet sich f\u00fcr schwere Nutzfahrzeuge sowohl als Vollhybrid- als auch mit Plug-in-Hybridantrieb. Der Elektromotor ist in der sogenannten P2-Anordnung zwischen Kupplung und Getriebe positioniert und \u00fcbertr\u00e4gt seine Leistung mittels eines Planetengetriebes direkt auf die Eingangswelle. Dadurch kann der Lkw auch rein elektrisch fahren, zudem unterst\u00fctzt der E-Motor im Boost-Modus den Verbrennungsmotor und erm\u00f6glicht elektrische Rekuperation. M\u00f6glich sind verschiedene Kombinationen. So kann das Getriebesystem neben Diesel mit HVO\/E-Fuels, CNG\/LPG oder Wasserstoff-Verbrennern kombiniert werden.<\/p>\n<h3>Erste \u00f6ffentliche Fahrtests<\/h3>\n<p>K\u00fcrzlich hat ein Versuchstr\u00e4ger mit dem TraXon 2 Hybrid in ersten \u00f6ffentlichen Fahrtests im Praxiseinsatz die bewiesen. Europ\u00e4ische Transportflotten sowie Mitglieder des Bundesverbandes G\u00fcterkraftverkehr Logistik und Entsorgung (BGL) e.V. erhielten einen Einblick in die Neuentwicklung und konnten das Getriebesystem im ZF-eigenen Testfahrzeug erfahren. Das Res\u00fcmee der Teilnehmer: Mit der Innovation geht das Unternehmen aktiv auf die Bed\u00fcrfnisse der Flotten ein, reduziert auf praktikable Weise Emissionen und hilft zugleich, die Gesamtbetriebskosten (TCO) zu senken.<\/p>\n<h3>CO2-Reduktion \/ VECTO-Tool<\/h3>\n<figure id=\"attachment_44623\" aria-describedby=\"caption-attachment-44623\" style=\"width: 420px\" class=\"wp-caption alignleft\"><a href=\"https:\/\/static.krafthand-truck.de\/uploads\/2025\/11\/ZF_Lkw_Hybrid_Getriebe_Traxon2.jpg\" target=\"_blank\" rel=\"noopener\"><img fetchpriority=\"high\" decoding=\"async\" class=\"wp-image-44623\" src=\"https:\/\/static.krafthand-truck.de\/uploads\/2025\/11\/ZF_Lkw_Hybrid_Getriebe_Traxon2-300x222.jpg\" alt=\"\" width=\"420\" height=\"310\" srcset=\"https:\/\/static.krafthand-truck.de\/uploads\/2025\/11\/ZF_Lkw_Hybrid_Getriebe_Traxon2-300x222.jpg 300w, https:\/\/static.krafthand-truck.de\/uploads\/2025\/11\/ZF_Lkw_Hybrid_Getriebe_Traxon2-1024x756.jpg 1024w, https:\/\/static.krafthand-truck.de\/uploads\/2025\/11\/ZF_Lkw_Hybrid_Getriebe_Traxon2-768x567.jpg 768w, https:\/\/static.krafthand-truck.de\/uploads\/2025\/11\/ZF_Lkw_Hybrid_Getriebe_Traxon2.jpg 1200w\" sizes=\"(max-width: 420px) 100vw, 420px\" \/><\/a><figcaption id=\"caption-attachment-44623\" class=\"wp-caption-text\">Das neue Getriebesystem TraXon 2 Hybrid (inklusive E-Maschine) f\u00fcr schwere Nutzfahrzeuge, basiert auf dem klassischen TraXon 2 Getriebesystem.<\/figcaption><\/figure>\n<p>Kalkulationen mit dem sogenannten VECTO-Simulationstool zeigten laut ZF ein CO2-Reduktionspotenzial von bis zu 47 Prozent im Fernverkehr und bis zu 73 Prozent im Verteilerverkehr, bei entsprechend konsequentem Nachladen. Damit werden die ab 2030 vorgegebenen Flottenziele direkt adressiert und Spediteure profitieren zudem von reduzierten Mautkosten. Entsprechend unterst\u00fctzt auch ZF die Einordnung des PHEV-Lkws in die europ\u00e4ischen Eurovignetten- und Mautsysteme inklusive einer Gesamtgewichtskompensation, wie sie f\u00fcr E-Lkws bereits umgesetzt wird.<\/p>\n<h3>Technologie der Gro\u00dfserie<\/h3>\n<p>Das neue System orientiere laut ZF technisch eng an der Gro\u00dfserientechnologie von ZF. Im Mittelpunkt steht das Getriebesystem TraXon 2 f\u00fcr schwere Nutzfahrzeuge, das durch Inhouse-Entwicklungen der diversen Elektrifizierungsbereiche erg\u00e4nzt wird. Die elektrische Architektur arbeitet mit einer Spannung von 600 bis 800 Volt, die Dauerleistung betr\u00e4gt 190 kW, wobei die Spitzenleistung deutlich dar\u00fcber liegt.<\/p>\n\r\n\t\t\t\t<div class=\"post-author\">\r\n\t\t\t\t\t<div class=\"khm-cp-author clearfix\">\r\n\t\t\t\t\t\t<div class=\"khm-cp-author__content\">\r\n\t\t\t\t\t\t\t\tKontakt zum Autor:<br \/>\r\n\t\t\t\t\t\t\t\t<strong>Georg Blenk<\/strong>, 08247 \/ 3007-45 |  <a href=\"mailto:georg.blenk@krafthand-medien.de\">georg.blenk@krafthand-medien.de<\/a>\r\n\t\t\t\t\t\t\t<div class=\"khm-cp-author__image\">\r\n\t\t\t\t\t\t<img src=\"https:\/\/static.krafthand-truck.de\/uploads\/2021\/01\/Blenk_6104-250x300-1-removebg-preview.png\" class=\"img-responsive\">\r\n\t\t\t\t\t<\/div>\r\n\t\t\t\t\t\t<\/div>\r\n\t\t\t\t\t<\/div>\r\n\t\t\t\t<\/div>\r\n\t\t\t\t","protected":false},"excerpt":{"rendered":"<p>Das Hybridgetriebe TraXon 2 Hybrid hat ZF auf der IAA Transportation 2024 erstmals vorgestellt. Es eignet sich f\u00fcr schwere Nutzfahrzeuge sowohl als Vollhybrid- als auch mit Plug-in-Hybridantrieb. Jetzt erfolgte der erste Praxistest. <span class=\"excerpt-more__dots\">&#8230;<\/span> <a class=\"excerpt-more__link\" href=\"https:\/\/www.krafthand.de\/truck\/artikel\/zf-traxon-hybridgetriebe-im-praxistest-44618\/\" >weiter<\/a><\/p>\n","protected":false},"author":9,"featured_media":44622,"comment_status":"closed","ping_status":"closed","sticky":false,"template":"","format":"standard","meta":{"footnotes":""},"categories":[4223],"tags":[2171,6019,616,4259],"settings":[3524,4766,3523],"class_list":["post-44618","post","type-post","status-publish","format-standard","has-post-thumbnail","hentry","category-antrieb","tag-hybrid-lkw","tag-hybridgetriebe","tag-traxon","tag-zf-friedrichshafen"],"yoast_head":"<!-- This site is optimized with the Yoast SEO plugin v27.3 - https:\/\/yoast.com\/product\/yoast-seo-wordpress\/ -->\n<title>ZF: TraXon 2 - Hybridgetriebe im Praxistest - Krafthand-Truck<\/title>\n<meta name=\"description\" content=\"Das Hybridgetriebe TraXon 2 Hybrid macht aus einem Lkw ein PHEV. Jetzt erfolgten erste Praxistests auf \u00f6ffentlichen Stra\u00dfen.\" \/>\n<meta name=\"robots\" content=\"index, follow, max-snippet:-1, max-image-preview:large, max-video-preview:-1\" \/>\n<link rel=\"canonical\" href=\"https:\/\/www.krafthand.de\/truck\/artikel\/zf-traxon-hybridgetriebe-im-praxistest-44618\/\" \/>\n<meta property=\"og:locale\" content=\"de_DE\" \/>\n<meta property=\"og:type\" content=\"article\" \/>\n<meta property=\"og:title\" content=\"ZF: TraXon 2 - Hybridgetriebe im Praxistest - Krafthand-Truck\" \/>\n<meta property=\"og:description\" content=\"Das Hybridgetriebe TraXon 2 Hybrid macht aus einem Lkw ein PHEV. Jetzt erfolgten erste Praxistests auf \u00f6ffentlichen Stra\u00dfen.\" \/>\n<meta property=\"og:url\" content=\"https:\/\/www.krafthand-truck.de\/artikel\/zf-traxon-hybridgetriebe-im-praxistest-44618\/\" \/>\n<meta property=\"og:site_name\" content=\"Krafthand-Truck\" \/>\n<meta property=\"article:published_time\" content=\"2025-11-20T08:30:20+00:00\" \/>\n<meta property=\"article:modified_time\" content=\"2025-11-20T08:41:16+00:00\" \/>\n<meta property=\"og:image\" content=\"https:\/\/static.krafthand-truck.de\/uploads\/2025\/11\/ZF_Versuchs_Lkw_Hybrid_Traxon2_Hybrid_Getriebe.jpg\" \/>\n\t<meta property=\"og:image:width\" content=\"1200\" \/>\n\t<meta property=\"og:image:height\" content=\"641\" \/>\n\t<meta property=\"og:image:type\" content=\"image\/jpeg\" \/>\n<meta name=\"author\" content=\"georg.blenk@krafthand-medien.de\" \/>\n<meta name=\"twitter:card\" content=\"summary_large_image\" \/>\n<meta name=\"twitter:label1\" content=\"Verfasst von\" \/>\n\t<meta name=\"twitter:data1\" content=\"georg.blenk@krafthand-medien.de\" \/>\n\t<meta name=\"twitter:label2\" content=\"Gesch\u00e4tzte Lesezeit\" \/>\n\t<meta name=\"twitter:data2\" content=\"3\u00a0Minuten\" \/>\n<script type=\"application\/ld+json\" class=\"yoast-schema-graph\">{\"@context\":\"https:\\\/\\\/schema.org\",\"@graph\":[{\"@type\":\"Article\",\"@id\":\"https:\\\/\\\/www.krafthand.de\\\/truck\\\/artikel\\\/zf-traxon-hybridgetriebe-im-praxistest-44618\\\/#article\",\"isPartOf\":{\"@id\":\"https:\\\/\\\/www.krafthand.de\\\/truck\\\/artikel\\\/zf-traxon-hybridgetriebe-im-praxistest-44618\\\/\"},\"author\":{\"name\":\"georg.blenk@krafthand-medien.de\",\"@id\":\"https:\\\/\\\/www.krafthand.de\\\/truck\\\/#\\\/schema\\\/person\\\/51fa80b1c57034c4bf63f9f988fc24ce\"},\"headline\":\"ZF: TraXon 2 &#8211; Hybridgetriebe im Praxistest\",\"datePublished\":\"2025-11-20T08:30:20+00:00\",\"dateModified\":\"2025-11-20T08:41:16+00:00\",\"mainEntityOfPage\":{\"@id\":\"https:\\\/\\\/www.krafthand.de\\\/truck\\\/artikel\\\/zf-traxon-hybridgetriebe-im-praxistest-44618\\\/\"},\"wordCount\":336,\"image\":{\"@id\":\"https:\\\/\\\/www.krafthand.de\\\/truck\\\/artikel\\\/zf-traxon-hybridgetriebe-im-praxistest-44618\\\/#primaryimage\"},\"thumbnailUrl\":\"https:\\\/\\\/static.krafthand-truck.de\\\/uploads\\\/2025\\\/11\\\/ZF_Versuchs_Lkw_Hybrid_Traxon2_Hybrid_Getriebe.jpg\",\"keywords\":[\"Hybrid-Lkw\",\"Hybridgetriebe\",\"Traxon\",\"ZF Friedrichshafen\"],\"articleSection\":[\"Antrieb (Motor\\\/Getriebe)\"],\"inLanguage\":\"de\"},{\"@type\":\"WebPage\",\"@id\":\"https:\\\/\\\/www.krafthand.de\\\/truck\\\/artikel\\\/zf-traxon-hybridgetriebe-im-praxistest-44618\\\/\",\"url\":\"https:\\\/\\\/www.krafthand.de\\\/truck\\\/artikel\\\/zf-traxon-hybridgetriebe-im-praxistest-44618\\\/\",\"name\":\"ZF: TraXon 2 - Hybridgetriebe im Praxistest - Krafthand-Truck\",\"isPartOf\":{\"@id\":\"https:\\\/\\\/www.krafthand.de\\\/truck\\\/#website\"},\"primaryImageOfPage\":{\"@id\":\"https:\\\/\\\/www.krafthand.de\\\/truck\\\/artikel\\\/zf-traxon-hybridgetriebe-im-praxistest-44618\\\/#primaryimage\"},\"image\":{\"@id\":\"https:\\\/\\\/www.krafthand.de\\\/truck\\\/artikel\\\/zf-traxon-hybridgetriebe-im-praxistest-44618\\\/#primaryimage\"},\"thumbnailUrl\":\"https:\\\/\\\/static.krafthand-truck.de\\\/uploads\\\/2025\\\/11\\\/ZF_Versuchs_Lkw_Hybrid_Traxon2_Hybrid_Getriebe.jpg\",\"datePublished\":\"2025-11-20T08:30:20+00:00\",\"dateModified\":\"2025-11-20T08:41:16+00:00\",\"author\":{\"@id\":\"https:\\\/\\\/www.krafthand.de\\\/truck\\\/#\\\/schema\\\/person\\\/51fa80b1c57034c4bf63f9f988fc24ce\"},\"description\":\"Das Hybridgetriebe TraXon 2 Hybrid macht aus einem Lkw ein PHEV. Jetzt erfolgten erste Praxistests auf \u00f6ffentlichen Stra\u00dfen.\",\"breadcrumb\":{\"@id\":\"https:\\\/\\\/www.krafthand.de\\\/truck\\\/artikel\\\/zf-traxon-hybridgetriebe-im-praxistest-44618\\\/#breadcrumb\"},\"inLanguage\":\"de\",\"potentialAction\":[{\"@type\":\"ReadAction\",\"target\":[\"https:\\\/\\\/www.krafthand.de\\\/truck\\\/artikel\\\/zf-traxon-hybridgetriebe-im-praxistest-44618\\\/\"]}]},{\"@type\":\"ImageObject\",\"inLanguage\":\"de\",\"@id\":\"https:\\\/\\\/www.krafthand.de\\\/truck\\\/artikel\\\/zf-traxon-hybridgetriebe-im-praxistest-44618\\\/#primaryimage\",\"url\":\"https:\\\/\\\/static.krafthand-truck.de\\\/uploads\\\/2025\\\/11\\\/ZF_Versuchs_Lkw_Hybrid_Traxon2_Hybrid_Getriebe.jpg\",\"contentUrl\":\"https:\\\/\\\/static.krafthand-truck.de\\\/uploads\\\/2025\\\/11\\\/ZF_Versuchs_Lkw_Hybrid_Traxon2_Hybrid_Getriebe.jpg\",\"width\":1200,\"height\":641},{\"@type\":\"BreadcrumbList\",\"@id\":\"https:\\\/\\\/www.krafthand.de\\\/truck\\\/artikel\\\/zf-traxon-hybridgetriebe-im-praxistest-44618\\\/#breadcrumb\",\"itemListElement\":[{\"@type\":\"ListItem\",\"position\":1,\"name\":\"Krafthand-Truck\",\"item\":\"https:\\\/\\\/www.krafthand.de\\\/truck\\\/\"},{\"@type\":\"ListItem\",\"position\":2,\"name\":\"Nfz-Technik\",\"item\":\"https:\\\/\\\/www.krafthand.de\\\/truck\\\/kategorie\\\/nfz-technik\\\/\"},{\"@type\":\"ListItem\",\"position\":3,\"name\":\"Antrieb (Motor\\\/Getriebe)\",\"item\":\"https:\\\/\\\/www.krafthand.de\\\/truck\\\/kategorie\\\/nfz-technik\\\/antrieb\\\/\"},{\"@type\":\"ListItem\",\"position\":4,\"name\":\"ZF: TraXon 2 &#8211; Hybridgetriebe im Praxistest\"}]},{\"@type\":\"WebSite\",\"@id\":\"https:\\\/\\\/www.krafthand.de\\\/truck\\\/#website\",\"url\":\"https:\\\/\\\/www.krafthand.de\\\/truck\\\/\",\"name\":\"Krafthand-Truck\",\"description\":\"\",\"potentialAction\":[{\"@type\":\"SearchAction\",\"target\":{\"@type\":\"EntryPoint\",\"urlTemplate\":\"https:\\\/\\\/www.krafthand.de\\\/truck\\\/?s={search_term_string}\"},\"query-input\":{\"@type\":\"PropertyValueSpecification\",\"valueRequired\":true,\"valueName\":\"search_term_string\"}}],\"inLanguage\":\"de\"},{\"@type\":\"Person\",\"@id\":\"https:\\\/\\\/www.krafthand.de\\\/truck\\\/#\\\/schema\\\/person\\\/51fa80b1c57034c4bf63f9f988fc24ce\",\"name\":\"georg.blenk@krafthand-medien.de\",\"image\":{\"@type\":\"ImageObject\",\"inLanguage\":\"de\",\"@id\":\"https:\\\/\\\/secure.gravatar.com\\\/avatar\\\/93713c30affe0aa95d3a4130e499bb1abee2eb31adbdd9ce2aa1543538490215?s=96&d=mm&r=g\",\"url\":\"https:\\\/\\\/secure.gravatar.com\\\/avatar\\\/93713c30affe0aa95d3a4130e499bb1abee2eb31adbdd9ce2aa1543538490215?s=96&d=mm&r=g\",\"contentUrl\":\"https:\\\/\\\/secure.gravatar.com\\\/avatar\\\/93713c30affe0aa95d3a4130e499bb1abee2eb31adbdd9ce2aa1543538490215?s=96&d=mm&r=g\",\"caption\":\"georg.blenk@krafthand-medien.de\"}}]}<\/script>\n<!-- \/ Yoast SEO plugin. -->","yoast_head_json":{"title":"ZF: TraXon 2 - Hybridgetriebe im Praxistest - Krafthand-Truck","description":"Das Hybridgetriebe TraXon 2 Hybrid macht aus einem Lkw ein PHEV. Jetzt erfolgten erste Praxistests auf \u00f6ffentlichen Stra\u00dfen.","robots":{"index":"index","follow":"follow","max-snippet":"max-snippet:-1","max-image-preview":"max-image-preview:large","max-video-preview":"max-video-preview:-1"},"canonical":"https:\/\/www.krafthand.de\/truck\/artikel\/zf-traxon-hybridgetriebe-im-praxistest-44618\/","og_locale":"de_DE","og_type":"article","og_title":"ZF: TraXon 2 - Hybridgetriebe im Praxistest - Krafthand-Truck","og_description":"Das Hybridgetriebe TraXon 2 Hybrid macht aus einem Lkw ein PHEV. Jetzt erfolgten erste Praxistests auf \u00f6ffentlichen Stra\u00dfen.","og_url":"https:\/\/www.krafthand-truck.de\/artikel\/zf-traxon-hybridgetriebe-im-praxistest-44618\/","og_site_name":"Krafthand-Truck","article_published_time":"2025-11-20T08:30:20+00:00","article_modified_time":"2025-11-20T08:41:16+00:00","og_image":[{"width":1200,"height":641,"url":"https:\/\/static.krafthand-truck.de\/uploads\/2025\/11\/ZF_Versuchs_Lkw_Hybrid_Traxon2_Hybrid_Getriebe.jpg","type":"image\/jpeg"}],"author":"georg.blenk@krafthand-medien.de","twitter_card":"summary_large_image","twitter_misc":{"Verfasst von":"georg.blenk@krafthand-medien.de","Gesch\u00e4tzte Lesezeit":"3\u00a0Minuten"},"schema":{"@context":"https:\/\/schema.org","@graph":[{"@type":"Article","@id":"https:\/\/www.krafthand.de\/truck\/artikel\/zf-traxon-hybridgetriebe-im-praxistest-44618\/#article","isPartOf":{"@id":"https:\/\/www.krafthand.de\/truck\/artikel\/zf-traxon-hybridgetriebe-im-praxistest-44618\/"},"author":{"name":"georg.blenk@krafthand-medien.de","@id":"https:\/\/www.krafthand.de\/truck\/#\/schema\/person\/51fa80b1c57034c4bf63f9f988fc24ce"},"headline":"ZF: TraXon 2 &#8211; Hybridgetriebe im Praxistest","datePublished":"2025-11-20T08:30:20+00:00","dateModified":"2025-11-20T08:41:16+00:00","mainEntityOfPage":{"@id":"https:\/\/www.krafthand.de\/truck\/artikel\/zf-traxon-hybridgetriebe-im-praxistest-44618\/"},"wordCount":336,"image":{"@id":"https:\/\/www.krafthand.de\/truck\/artikel\/zf-traxon-hybridgetriebe-im-praxistest-44618\/#primaryimage"},"thumbnailUrl":"https:\/\/static.krafthand-truck.de\/uploads\/2025\/11\/ZF_Versuchs_Lkw_Hybrid_Traxon2_Hybrid_Getriebe.jpg","keywords":["Hybrid-Lkw","Hybridgetriebe","Traxon","ZF Friedrichshafen"],"articleSection":["Antrieb (Motor\/Getriebe)"],"inLanguage":"de"},{"@type":"WebPage","@id":"https:\/\/www.krafthand.de\/truck\/artikel\/zf-traxon-hybridgetriebe-im-praxistest-44618\/","url":"https:\/\/www.krafthand.de\/truck\/artikel\/zf-traxon-hybridgetriebe-im-praxistest-44618\/","name":"ZF: TraXon 2 - Hybridgetriebe im Praxistest - Krafthand-Truck","isPartOf":{"@id":"https:\/\/www.krafthand.de\/truck\/#website"},"primaryImageOfPage":{"@id":"https:\/\/www.krafthand.de\/truck\/artikel\/zf-traxon-hybridgetriebe-im-praxistest-44618\/#primaryimage"},"image":{"@id":"https:\/\/www.krafthand.de\/truck\/artikel\/zf-traxon-hybridgetriebe-im-praxistest-44618\/#primaryimage"},"thumbnailUrl":"https:\/\/static.krafthand-truck.de\/uploads\/2025\/11\/ZF_Versuchs_Lkw_Hybrid_Traxon2_Hybrid_Getriebe.jpg","datePublished":"2025-11-20T08:30:20+00:00","dateModified":"2025-11-20T08:41:16+00:00","author":{"@id":"https:\/\/www.krafthand.de\/truck\/#\/schema\/person\/51fa80b1c57034c4bf63f9f988fc24ce"},"description":"Das Hybridgetriebe TraXon 2 Hybrid macht aus einem Lkw ein PHEV. Jetzt erfolgten erste Praxistests auf \u00f6ffentlichen Stra\u00dfen.","breadcrumb":{"@id":"https:\/\/www.krafthand.de\/truck\/artikel\/zf-traxon-hybridgetriebe-im-praxistest-44618\/#breadcrumb"},"inLanguage":"de","potentialAction":[{"@type":"ReadAction","target":["https:\/\/www.krafthand.de\/truck\/artikel\/zf-traxon-hybridgetriebe-im-praxistest-44618\/"]}]},{"@type":"ImageObject","inLanguage":"de","@id":"https:\/\/www.krafthand.de\/truck\/artikel\/zf-traxon-hybridgetriebe-im-praxistest-44618\/#primaryimage","url":"https:\/\/static.krafthand-truck.de\/uploads\/2025\/11\/ZF_Versuchs_Lkw_Hybrid_Traxon2_Hybrid_Getriebe.jpg","contentUrl":"https:\/\/static.krafthand-truck.de\/uploads\/2025\/11\/ZF_Versuchs_Lkw_Hybrid_Traxon2_Hybrid_Getriebe.jpg","width":1200,"height":641},{"@type":"BreadcrumbList","@id":"https:\/\/www.krafthand.de\/truck\/artikel\/zf-traxon-hybridgetriebe-im-praxistest-44618\/#breadcrumb","itemListElement":[{"@type":"ListItem","position":1,"name":"Krafthand-Truck","item":"https:\/\/www.krafthand.de\/truck\/"},{"@type":"ListItem","position":2,"name":"Nfz-Technik","item":"https:\/\/www.krafthand.de\/truck\/kategorie\/nfz-technik\/"},{"@type":"ListItem","position":3,"name":"Antrieb (Motor\/Getriebe)","item":"https:\/\/www.krafthand.de\/truck\/kategorie\/nfz-technik\/antrieb\/"},{"@type":"ListItem","position":4,"name":"ZF: TraXon 2 &#8211; Hybridgetriebe im Praxistest"}]},{"@type":"WebSite","@id":"https:\/\/www.krafthand.de\/truck\/#website","url":"https:\/\/www.krafthand.de\/truck\/","name":"Krafthand-Truck","description":"","potentialAction":[{"@type":"SearchAction","target":{"@type":"EntryPoint","urlTemplate":"https:\/\/www.krafthand.de\/truck\/?s={search_term_string}"},"query-input":{"@type":"PropertyValueSpecification","valueRequired":true,"valueName":"search_term_string"}}],"inLanguage":"de"},{"@type":"Person","@id":"https:\/\/www.krafthand.de\/truck\/#\/schema\/person\/51fa80b1c57034c4bf63f9f988fc24ce","name":"georg.blenk@krafthand-medien.de","image":{"@type":"ImageObject","inLanguage":"de","@id":"https:\/\/secure.gravatar.com\/avatar\/93713c30affe0aa95d3a4130e499bb1abee2eb31adbdd9ce2aa1543538490215?s=96&d=mm&r=g","url":"https:\/\/secure.gravatar.com\/avatar\/93713c30affe0aa95d3a4130e499bb1abee2eb31adbdd9ce2aa1543538490215?s=96&d=mm&r=g","contentUrl":"https:\/\/secure.gravatar.com\/avatar\/93713c30affe0aa95d3a4130e499bb1abee2eb31adbdd9ce2aa1543538490215?s=96&d=mm&r=g","caption":"georg.blenk@krafthand-medien.de"}}]}},"_links":{"self":[{"href":"https:\/\/www.krafthand.de\/truck\/wp-json\/wp\/v2\/posts\/44618","targetHints":{"allow":["GET"]}}],"collection":[{"href":"https:\/\/www.krafthand.de\/truck\/wp-json\/wp\/v2\/posts"}],"about":[{"href":"https:\/\/www.krafthand.de\/truck\/wp-json\/wp\/v2\/types\/post"}],"author":[{"embeddable":true,"href":"https:\/\/www.krafthand.de\/truck\/wp-json\/wp\/v2\/users\/9"}],"replies":[{"embeddable":true,"href":"https:\/\/www.krafthand.de\/truck\/wp-json\/wp\/v2\/comments?post=44618"}],"version-history":[{"count":12,"href":"https:\/\/www.krafthand.de\/truck\/wp-json\/wp\/v2\/posts\/44618\/revisions"}],"predecessor-version":[{"id":44632,"href":"https:\/\/www.krafthand.de\/truck\/wp-json\/wp\/v2\/posts\/44618\/revisions\/44632"}],"wp:featuredmedia":[{"embeddable":true,"href":"https:\/\/www.krafthand.de\/truck\/wp-json\/wp\/v2\/media\/44622"}],"wp:attachment":[{"href":"https:\/\/www.krafthand.de\/truck\/wp-json\/wp\/v2\/media?parent=44618"}],"wp:term":[{"taxonomy":"category","embeddable":true,"href":"https:\/\/www.krafthand.de\/truck\/wp-json\/wp\/v2\/categories?post=44618"},{"taxonomy":"post_tag","embeddable":true,"href":"https:\/\/www.krafthand.de\/truck\/wp-json\/wp\/v2\/tags?post=44618"},{"taxonomy":"settings","embeddable":true,"href":"https:\/\/www.krafthand.de\/truck\/wp-json\/wp\/v2\/settings?post=44618"}],"curies":[{"name":"wp","href":"https:\/\/api.w.org\/{rel}","templated":true}]}}