{"id":44546,"date":"2025-11-14T15:50:16","date_gmt":"2025-11-14T14:50:16","guid":{"rendered":"https:\/\/www.krafthand.de\/truck\/?p=44546"},"modified":"2025-11-14T15:50:33","modified_gmt":"2025-11-14T14:50:33","slug":"prof-dr-peter-laier-wird-neuer-vorsitzender-der-geschaeftsfuehrung-von-forvia-hella","status":"publish","type":"post","link":"https:\/\/www.krafthand.de\/truck\/artikel\/prof-dr-peter-laier-wird-neuer-vorsitzender-der-geschaeftsfuehrung-von-forvia-hella-44546\/","title":{"rendered":"Prof. Dr. Peter Laier wird neuer Vorsitzender der Gesch\u00e4ftsf\u00fchrung von FORVIA HELLA"},"content":{"rendered":"<p>Der Gesellschafterausschuss der HELLA GmbH &amp; Co. KGaA (&#8218;FORVIA HELLA&#8216;) hat Prof. Dr. Peter Laier, <a href=\"https:\/\/www.krafthand.de\/truck\/artikel\/vorstandwechsel-bei-zf-friedrichshafen-klein-und-laier-gehen-miedrich-kommt-43878\/\" target=\"_blank\" rel=\"noopener\">zuletzt Vorstandsmitglied des ZF-Konzerns<\/a>, zum Vorsitzenden der Gesch\u00e4ftsf\u00fchrung berufen. Laier wird die Funktion zum Ablauf des 15. Februar 2026 \u00fcbernehmen und damit die Nachfolge von Bernard Sch\u00e4ferbarthold antreten. Bis zum Amtsantritt von Prof. Dr. Laier wird Bernard Sch\u00e4ferbarthold den Vorsitz der Gesch\u00e4ftsf\u00fchrung weiter innehaben.<\/p>\n<blockquote><p>\u201eProf. Dr. Laier bringt eine starke globale Perspektive und strategische Denkweise sowie eine hochrelevante Expertise in den M\u00e4rkten mit, in denen FORVIA HELLA t\u00e4tig ist und wachsen will. Sein praxisorientierter Ansatz, seine nachgewiesenen Resultate und seine innovative Herangehensweise sollen FORVIA HELLA zu weiterem Wachstum und Erfolg f\u00fchren. Wir danken Bernard Sch\u00e4ferbarthold herzlich f\u00fcr sein Engagement und seine Leistungen f\u00fcr das Unternehmen in diesen herausfordernden Zeiten&#8220;, so Dr.-Ing. Wolfgang Ziebart, Vorsitzender des Gesellschafterausschusses.<\/p><\/blockquote>\n<p>Prof. Dr. Peter Laier: <em>\u201eFORVIA HELLA ist weithin bekannt f\u00fcr seine hochwertigen Produkte und innovativen Angebote in den Bereichen Elektronik, Lichttechnik und Lifecycle Solutions, die von Top-Talenten in vielen M\u00e4rkten weltweit vorangetrieben werden. Ich freue mich darauf, gemeinsam mit den Mitarbeitenden von FORVIA HELLA den Erfolg des Unternehmens in bestehenden M\u00e4rkten noch weiter zu beschleunigen und neue M\u00e4rkte und M\u00f6glichkeiten zu erschlie\u00dfen.\u201c<\/em><\/p>\n","protected":false},"excerpt":{"rendered":"<p>Der Gesellschafterausschuss der HELLA GmbH &#038; Co. KGaA  hat Prof. Dr. Peter Laier zum Vorsitzenden der Gesch\u00e4ftsf\u00fchrung berufen. Laier wird die Funktion zum Ablauf des 15. Februar 2026 \u00fcbernehmen. bis dahin wird Bernard Sch\u00e4ferbarthold den Vorsitz der Gesch\u00e4ftsf\u00fchrung weiter innehaben. <span class=\"excerpt-more__dots\">&#8230;<\/span> <a class=\"excerpt-more__link\" href=\"https:\/\/www.krafthand.de\/truck\/artikel\/prof-dr-peter-laier-wird-neuer-vorsitzender-der-geschaeftsfuehrung-von-forvia-hella-44546\/\" >weiter<\/a><\/p>\n","protected":false},"author":9,"featured_media":44560,"comment_status":"closed","ping_status":"closed","sticky":false,"template":"","format":"standard","meta":{"footnotes":""},"categories":[4238],"tags":[2776,5285,597,4259],"settings":[3523],"class_list":["post-44546","post","type-post","status-publish","format-standard","has-post-thumbnail","hentry","category-koepfe","tag-dr-peter-laier","tag-forvia","tag-hella","tag-zf-friedrichshafen"],"yoast_head":"<!-- This site is optimized with the Yoast SEO plugin v27.3 - https:\/\/yoast.com\/product\/yoast-seo-wordpress\/ -->\n<title>Prof. Dr. Peter Laier wird neuer Vorsitzender der Gesch\u00e4ftsf\u00fchrung von FORVIA HELLA - Krafthand-Truck<\/title>\n<meta name=\"description\" content=\"Der Gesellschafterausschuss der HELLA GmbH &amp; Co. KGaA hat Prof. Dr. Peter Laier zum Vorsitzenden der Gesch\u00e4ftsf\u00fchrung berufen.\" \/>\n<meta name=\"robots\" content=\"index, follow, max-snippet:-1, max-image-preview:large, max-video-preview:-1\" \/>\n<link rel=\"canonical\" href=\"https:\/\/www.krafthand.de\/truck\/artikel\/prof-dr-peter-laier-wird-neuer-vorsitzender-der-geschaeftsfuehrung-von-forvia-hella-44546\/\" \/>\n<meta property=\"og:locale\" content=\"de_DE\" \/>\n<meta property=\"og:type\" content=\"article\" \/>\n<meta property=\"og:title\" content=\"Prof. Dr. Peter Laier wird neuer Vorsitzender der Gesch\u00e4ftsf\u00fchrung von FORVIA HELLA - Krafthand-Truck\" \/>\n<meta property=\"og:description\" content=\"Der Gesellschafterausschuss der HELLA GmbH &amp; Co. KGaA hat Prof. Dr. Peter Laier zum Vorsitzenden der Gesch\u00e4ftsf\u00fchrung berufen.\" \/>\n<meta property=\"og:url\" content=\"https:\/\/www.krafthand-truck.de\/artikel\/prof-dr-peter-laier-wird-neuer-vorsitzender-der-geschaeftsfuehrung-von-forvia-hella-44546\/\" \/>\n<meta property=\"og:site_name\" content=\"Krafthand-Truck\" \/>\n<meta property=\"article:published_time\" content=\"2025-11-14T14:50:16+00:00\" \/>\n<meta property=\"article:modified_time\" content=\"2025-11-14T14:50:33+00:00\" \/>\n<meta property=\"og:image\" content=\"https:\/\/static.krafthand-truck.de\/uploads\/2025\/11\/Forvia_Hella_ZF_Prof.-Dr.-Peter-Laier.jpg\" \/>\n\t<meta property=\"og:image:width\" content=\"1200\" \/>\n\t<meta property=\"og:image:height\" content=\"937\" \/>\n\t<meta property=\"og:image:type\" content=\"image\/jpeg\" \/>\n<meta name=\"author\" content=\"georg.blenk@krafthand-medien.de\" \/>\n<meta name=\"twitter:card\" content=\"summary_large_image\" \/>\n<meta name=\"twitter:label1\" content=\"Verfasst von\" \/>\n\t<meta name=\"twitter:data1\" content=\"georg.blenk@krafthand-medien.de\" \/>\n\t<meta name=\"twitter:label2\" content=\"Gesch\u00e4tzte Lesezeit\" \/>\n\t<meta name=\"twitter:data2\" content=\"1\u00a0Minute\" \/>\n<script type=\"application\/ld+json\" class=\"yoast-schema-graph\">{\"@context\":\"https:\\\/\\\/schema.org\",\"@graph\":[{\"@type\":\"Article\",\"@id\":\"https:\\\/\\\/www.krafthand.de\\\/truck\\\/artikel\\\/prof-dr-peter-laier-wird-neuer-vorsitzender-der-geschaeftsfuehrung-von-forvia-hella-44546\\\/#article\",\"isPartOf\":{\"@id\":\"https:\\\/\\\/www.krafthand.de\\\/truck\\\/artikel\\\/prof-dr-peter-laier-wird-neuer-vorsitzender-der-geschaeftsfuehrung-von-forvia-hella-44546\\\/\"},\"author\":{\"name\":\"georg.blenk@krafthand-medien.de\",\"@id\":\"https:\\\/\\\/www.krafthand.de\\\/truck\\\/#\\\/schema\\\/person\\\/51fa80b1c57034c4bf63f9f988fc24ce\"},\"headline\":\"Prof. Dr. Peter Laier wird neuer Vorsitzender der Gesch\u00e4ftsf\u00fchrung von FORVIA HELLA\",\"datePublished\":\"2025-11-14T14:50:16+00:00\",\"dateModified\":\"2025-11-14T14:50:33+00:00\",\"mainEntityOfPage\":{\"@id\":\"https:\\\/\\\/www.krafthand.de\\\/truck\\\/artikel\\\/prof-dr-peter-laier-wird-neuer-vorsitzender-der-geschaeftsfuehrung-von-forvia-hella-44546\\\/\"},\"wordCount\":224,\"image\":{\"@id\":\"https:\\\/\\\/www.krafthand.de\\\/truck\\\/artikel\\\/prof-dr-peter-laier-wird-neuer-vorsitzender-der-geschaeftsfuehrung-von-forvia-hella-44546\\\/#primaryimage\"},\"thumbnailUrl\":\"https:\\\/\\\/static.krafthand-truck.de\\\/uploads\\\/2025\\\/11\\\/Forvia_Hella_ZF_Prof.-Dr.-Peter-Laier.jpg\",\"keywords\":[\"Dr. Peter Laier\",\"Forvia\",\"Hella\",\"ZF Friedrichshafen\"],\"articleSection\":[\"K\u00f6pfe\\\/Personen\"],\"inLanguage\":\"de\"},{\"@type\":\"WebPage\",\"@id\":\"https:\\\/\\\/www.krafthand.de\\\/truck\\\/artikel\\\/prof-dr-peter-laier-wird-neuer-vorsitzender-der-geschaeftsfuehrung-von-forvia-hella-44546\\\/\",\"url\":\"https:\\\/\\\/www.krafthand.de\\\/truck\\\/artikel\\\/prof-dr-peter-laier-wird-neuer-vorsitzender-der-geschaeftsfuehrung-von-forvia-hella-44546\\\/\",\"name\":\"Prof. Dr. Peter Laier wird neuer Vorsitzender der Gesch\u00e4ftsf\u00fchrung von FORVIA HELLA - Krafthand-Truck\",\"isPartOf\":{\"@id\":\"https:\\\/\\\/www.krafthand.de\\\/truck\\\/#website\"},\"primaryImageOfPage\":{\"@id\":\"https:\\\/\\\/www.krafthand.de\\\/truck\\\/artikel\\\/prof-dr-peter-laier-wird-neuer-vorsitzender-der-geschaeftsfuehrung-von-forvia-hella-44546\\\/#primaryimage\"},\"image\":{\"@id\":\"https:\\\/\\\/www.krafthand.de\\\/truck\\\/artikel\\\/prof-dr-peter-laier-wird-neuer-vorsitzender-der-geschaeftsfuehrung-von-forvia-hella-44546\\\/#primaryimage\"},\"thumbnailUrl\":\"https:\\\/\\\/static.krafthand-truck.de\\\/uploads\\\/2025\\\/11\\\/Forvia_Hella_ZF_Prof.-Dr.-Peter-Laier.jpg\",\"datePublished\":\"2025-11-14T14:50:16+00:00\",\"dateModified\":\"2025-11-14T14:50:33+00:00\",\"author\":{\"@id\":\"https:\\\/\\\/www.krafthand.de\\\/truck\\\/#\\\/schema\\\/person\\\/51fa80b1c57034c4bf63f9f988fc24ce\"},\"description\":\"Der Gesellschafterausschuss der HELLA GmbH & Co. KGaA hat Prof. Dr. Peter Laier zum Vorsitzenden der Gesch\u00e4ftsf\u00fchrung berufen.\",\"breadcrumb\":{\"@id\":\"https:\\\/\\\/www.krafthand.de\\\/truck\\\/artikel\\\/prof-dr-peter-laier-wird-neuer-vorsitzender-der-geschaeftsfuehrung-von-forvia-hella-44546\\\/#breadcrumb\"},\"inLanguage\":\"de\",\"potentialAction\":[{\"@type\":\"ReadAction\",\"target\":[\"https:\\\/\\\/www.krafthand.de\\\/truck\\\/artikel\\\/prof-dr-peter-laier-wird-neuer-vorsitzender-der-geschaeftsfuehrung-von-forvia-hella-44546\\\/\"]}]},{\"@type\":\"ImageObject\",\"inLanguage\":\"de\",\"@id\":\"https:\\\/\\\/www.krafthand.de\\\/truck\\\/artikel\\\/prof-dr-peter-laier-wird-neuer-vorsitzender-der-geschaeftsfuehrung-von-forvia-hella-44546\\\/#primaryimage\",\"url\":\"https:\\\/\\\/static.krafthand-truck.de\\\/uploads\\\/2025\\\/11\\\/Forvia_Hella_ZF_Prof.-Dr.-Peter-Laier.jpg\",\"contentUrl\":\"https:\\\/\\\/static.krafthand-truck.de\\\/uploads\\\/2025\\\/11\\\/Forvia_Hella_ZF_Prof.-Dr.-Peter-Laier.jpg\",\"width\":1200,\"height\":937},{\"@type\":\"BreadcrumbList\",\"@id\":\"https:\\\/\\\/www.krafthand.de\\\/truck\\\/artikel\\\/prof-dr-peter-laier-wird-neuer-vorsitzender-der-geschaeftsfuehrung-von-forvia-hella-44546\\\/#breadcrumb\",\"itemListElement\":[{\"@type\":\"ListItem\",\"position\":1,\"name\":\"Krafthand-Truck\",\"item\":\"https:\\\/\\\/www.krafthand.de\\\/truck\\\/\"},{\"@type\":\"ListItem\",\"position\":2,\"name\":\"Nfz-Branche\",\"item\":\"https:\\\/\\\/www.krafthand.de\\\/truck\\\/kategorie\\\/branche\\\/\"},{\"@type\":\"ListItem\",\"position\":3,\"name\":\"K\u00f6pfe\\\/Personen\",\"item\":\"https:\\\/\\\/www.krafthand.de\\\/truck\\\/kategorie\\\/branche\\\/koepfe\\\/\"},{\"@type\":\"ListItem\",\"position\":4,\"name\":\"Prof. Dr. Peter Laier wird neuer Vorsitzender der Gesch\u00e4ftsf\u00fchrung von FORVIA HELLA\"}]},{\"@type\":\"WebSite\",\"@id\":\"https:\\\/\\\/www.krafthand.de\\\/truck\\\/#website\",\"url\":\"https:\\\/\\\/www.krafthand.de\\\/truck\\\/\",\"name\":\"Krafthand-Truck\",\"description\":\"\",\"potentialAction\":[{\"@type\":\"SearchAction\",\"target\":{\"@type\":\"EntryPoint\",\"urlTemplate\":\"https:\\\/\\\/www.krafthand.de\\\/truck\\\/?s={search_term_string}\"},\"query-input\":{\"@type\":\"PropertyValueSpecification\",\"valueRequired\":true,\"valueName\":\"search_term_string\"}}],\"inLanguage\":\"de\"},{\"@type\":\"Person\",\"@id\":\"https:\\\/\\\/www.krafthand.de\\\/truck\\\/#\\\/schema\\\/person\\\/51fa80b1c57034c4bf63f9f988fc24ce\",\"name\":\"georg.blenk@krafthand-medien.de\",\"image\":{\"@type\":\"ImageObject\",\"inLanguage\":\"de\",\"@id\":\"https:\\\/\\\/secure.gravatar.com\\\/avatar\\\/93713c30affe0aa95d3a4130e499bb1abee2eb31adbdd9ce2aa1543538490215?s=96&d=mm&r=g\",\"url\":\"https:\\\/\\\/secure.gravatar.com\\\/avatar\\\/93713c30affe0aa95d3a4130e499bb1abee2eb31adbdd9ce2aa1543538490215?s=96&d=mm&r=g\",\"contentUrl\":\"https:\\\/\\\/secure.gravatar.com\\\/avatar\\\/93713c30affe0aa95d3a4130e499bb1abee2eb31adbdd9ce2aa1543538490215?s=96&d=mm&r=g\",\"caption\":\"georg.blenk@krafthand-medien.de\"}}]}<\/script>\n<!-- \/ Yoast SEO plugin. -->","yoast_head_json":{"title":"Prof. Dr. Peter Laier wird neuer Vorsitzender der Gesch\u00e4ftsf\u00fchrung von FORVIA HELLA - Krafthand-Truck","description":"Der Gesellschafterausschuss der HELLA GmbH & Co. KGaA hat Prof. Dr. Peter Laier zum Vorsitzenden der Gesch\u00e4ftsf\u00fchrung berufen.","robots":{"index":"index","follow":"follow","max-snippet":"max-snippet:-1","max-image-preview":"max-image-preview:large","max-video-preview":"max-video-preview:-1"},"canonical":"https:\/\/www.krafthand.de\/truck\/artikel\/prof-dr-peter-laier-wird-neuer-vorsitzender-der-geschaeftsfuehrung-von-forvia-hella-44546\/","og_locale":"de_DE","og_type":"article","og_title":"Prof. Dr. Peter Laier wird neuer Vorsitzender der Gesch\u00e4ftsf\u00fchrung von FORVIA HELLA - Krafthand-Truck","og_description":"Der Gesellschafterausschuss der HELLA GmbH & Co. KGaA hat Prof. Dr. Peter Laier zum Vorsitzenden der Gesch\u00e4ftsf\u00fchrung berufen.","og_url":"https:\/\/www.krafthand-truck.de\/artikel\/prof-dr-peter-laier-wird-neuer-vorsitzender-der-geschaeftsfuehrung-von-forvia-hella-44546\/","og_site_name":"Krafthand-Truck","article_published_time":"2025-11-14T14:50:16+00:00","article_modified_time":"2025-11-14T14:50:33+00:00","og_image":[{"width":1200,"height":937,"url":"https:\/\/static.krafthand-truck.de\/uploads\/2025\/11\/Forvia_Hella_ZF_Prof.-Dr.-Peter-Laier.jpg","type":"image\/jpeg"}],"author":"georg.blenk@krafthand-medien.de","twitter_card":"summary_large_image","twitter_misc":{"Verfasst von":"georg.blenk@krafthand-medien.de","Gesch\u00e4tzte Lesezeit":"1\u00a0Minute"},"schema":{"@context":"https:\/\/schema.org","@graph":[{"@type":"Article","@id":"https:\/\/www.krafthand.de\/truck\/artikel\/prof-dr-peter-laier-wird-neuer-vorsitzender-der-geschaeftsfuehrung-von-forvia-hella-44546\/#article","isPartOf":{"@id":"https:\/\/www.krafthand.de\/truck\/artikel\/prof-dr-peter-laier-wird-neuer-vorsitzender-der-geschaeftsfuehrung-von-forvia-hella-44546\/"},"author":{"name":"georg.blenk@krafthand-medien.de","@id":"https:\/\/www.krafthand.de\/truck\/#\/schema\/person\/51fa80b1c57034c4bf63f9f988fc24ce"},"headline":"Prof. Dr. Peter Laier wird neuer Vorsitzender der Gesch\u00e4ftsf\u00fchrung von FORVIA HELLA","datePublished":"2025-11-14T14:50:16+00:00","dateModified":"2025-11-14T14:50:33+00:00","mainEntityOfPage":{"@id":"https:\/\/www.krafthand.de\/truck\/artikel\/prof-dr-peter-laier-wird-neuer-vorsitzender-der-geschaeftsfuehrung-von-forvia-hella-44546\/"},"wordCount":224,"image":{"@id":"https:\/\/www.krafthand.de\/truck\/artikel\/prof-dr-peter-laier-wird-neuer-vorsitzender-der-geschaeftsfuehrung-von-forvia-hella-44546\/#primaryimage"},"thumbnailUrl":"https:\/\/static.krafthand-truck.de\/uploads\/2025\/11\/Forvia_Hella_ZF_Prof.-Dr.-Peter-Laier.jpg","keywords":["Dr. Peter Laier","Forvia","Hella","ZF Friedrichshafen"],"articleSection":["K\u00f6pfe\/Personen"],"inLanguage":"de"},{"@type":"WebPage","@id":"https:\/\/www.krafthand.de\/truck\/artikel\/prof-dr-peter-laier-wird-neuer-vorsitzender-der-geschaeftsfuehrung-von-forvia-hella-44546\/","url":"https:\/\/www.krafthand.de\/truck\/artikel\/prof-dr-peter-laier-wird-neuer-vorsitzender-der-geschaeftsfuehrung-von-forvia-hella-44546\/","name":"Prof. Dr. Peter Laier wird neuer Vorsitzender der Gesch\u00e4ftsf\u00fchrung von FORVIA HELLA - Krafthand-Truck","isPartOf":{"@id":"https:\/\/www.krafthand.de\/truck\/#website"},"primaryImageOfPage":{"@id":"https:\/\/www.krafthand.de\/truck\/artikel\/prof-dr-peter-laier-wird-neuer-vorsitzender-der-geschaeftsfuehrung-von-forvia-hella-44546\/#primaryimage"},"image":{"@id":"https:\/\/www.krafthand.de\/truck\/artikel\/prof-dr-peter-laier-wird-neuer-vorsitzender-der-geschaeftsfuehrung-von-forvia-hella-44546\/#primaryimage"},"thumbnailUrl":"https:\/\/static.krafthand-truck.de\/uploads\/2025\/11\/Forvia_Hella_ZF_Prof.-Dr.-Peter-Laier.jpg","datePublished":"2025-11-14T14:50:16+00:00","dateModified":"2025-11-14T14:50:33+00:00","author":{"@id":"https:\/\/www.krafthand.de\/truck\/#\/schema\/person\/51fa80b1c57034c4bf63f9f988fc24ce"},"description":"Der Gesellschafterausschuss der HELLA GmbH & Co. KGaA hat Prof. Dr. Peter Laier zum Vorsitzenden der Gesch\u00e4ftsf\u00fchrung berufen.","breadcrumb":{"@id":"https:\/\/www.krafthand.de\/truck\/artikel\/prof-dr-peter-laier-wird-neuer-vorsitzender-der-geschaeftsfuehrung-von-forvia-hella-44546\/#breadcrumb"},"inLanguage":"de","potentialAction":[{"@type":"ReadAction","target":["https:\/\/www.krafthand.de\/truck\/artikel\/prof-dr-peter-laier-wird-neuer-vorsitzender-der-geschaeftsfuehrung-von-forvia-hella-44546\/"]}]},{"@type":"ImageObject","inLanguage":"de","@id":"https:\/\/www.krafthand.de\/truck\/artikel\/prof-dr-peter-laier-wird-neuer-vorsitzender-der-geschaeftsfuehrung-von-forvia-hella-44546\/#primaryimage","url":"https:\/\/static.krafthand-truck.de\/uploads\/2025\/11\/Forvia_Hella_ZF_Prof.-Dr.-Peter-Laier.jpg","contentUrl":"https:\/\/static.krafthand-truck.de\/uploads\/2025\/11\/Forvia_Hella_ZF_Prof.-Dr.-Peter-Laier.jpg","width":1200,"height":937},{"@type":"BreadcrumbList","@id":"https:\/\/www.krafthand.de\/truck\/artikel\/prof-dr-peter-laier-wird-neuer-vorsitzender-der-geschaeftsfuehrung-von-forvia-hella-44546\/#breadcrumb","itemListElement":[{"@type":"ListItem","position":1,"name":"Krafthand-Truck","item":"https:\/\/www.krafthand.de\/truck\/"},{"@type":"ListItem","position":2,"name":"Nfz-Branche","item":"https:\/\/www.krafthand.de\/truck\/kategorie\/branche\/"},{"@type":"ListItem","position":3,"name":"K\u00f6pfe\/Personen","item":"https:\/\/www.krafthand.de\/truck\/kategorie\/branche\/koepfe\/"},{"@type":"ListItem","position":4,"name":"Prof. Dr. Peter Laier wird neuer Vorsitzender der Gesch\u00e4ftsf\u00fchrung von FORVIA HELLA"}]},{"@type":"WebSite","@id":"https:\/\/www.krafthand.de\/truck\/#website","url":"https:\/\/www.krafthand.de\/truck\/","name":"Krafthand-Truck","description":"","potentialAction":[{"@type":"SearchAction","target":{"@type":"EntryPoint","urlTemplate":"https:\/\/www.krafthand.de\/truck\/?s={search_term_string}"},"query-input":{"@type":"PropertyValueSpecification","valueRequired":true,"valueName":"search_term_string"}}],"inLanguage":"de"},{"@type":"Person","@id":"https:\/\/www.krafthand.de\/truck\/#\/schema\/person\/51fa80b1c57034c4bf63f9f988fc24ce","name":"georg.blenk@krafthand-medien.de","image":{"@type":"ImageObject","inLanguage":"de","@id":"https:\/\/secure.gravatar.com\/avatar\/93713c30affe0aa95d3a4130e499bb1abee2eb31adbdd9ce2aa1543538490215?s=96&d=mm&r=g","url":"https:\/\/secure.gravatar.com\/avatar\/93713c30affe0aa95d3a4130e499bb1abee2eb31adbdd9ce2aa1543538490215?s=96&d=mm&r=g","contentUrl":"https:\/\/secure.gravatar.com\/avatar\/93713c30affe0aa95d3a4130e499bb1abee2eb31adbdd9ce2aa1543538490215?s=96&d=mm&r=g","caption":"georg.blenk@krafthand-medien.de"}}]}},"_links":{"self":[{"href":"https:\/\/www.krafthand.de\/truck\/wp-json\/wp\/v2\/posts\/44546","targetHints":{"allow":["GET"]}}],"collection":[{"href":"https:\/\/www.krafthand.de\/truck\/wp-json\/wp\/v2\/posts"}],"about":[{"href":"https:\/\/www.krafthand.de\/truck\/wp-json\/wp\/v2\/types\/post"}],"author":[{"embeddable":true,"href":"https:\/\/www.krafthand.de\/truck\/wp-json\/wp\/v2\/users\/9"}],"replies":[{"embeddable":true,"href":"https:\/\/www.krafthand.de\/truck\/wp-json\/wp\/v2\/comments?post=44546"}],"version-history":[{"count":4,"href":"https:\/\/www.krafthand.de\/truck\/wp-json\/wp\/v2\/posts\/44546\/revisions"}],"predecessor-version":[{"id":44561,"href":"https:\/\/www.krafthand.de\/truck\/wp-json\/wp\/v2\/posts\/44546\/revisions\/44561"}],"wp:featuredmedia":[{"embeddable":true,"href":"https:\/\/www.krafthand.de\/truck\/wp-json\/wp\/v2\/media\/44560"}],"wp:attachment":[{"href":"https:\/\/www.krafthand.de\/truck\/wp-json\/wp\/v2\/media?parent=44546"}],"wp:term":[{"taxonomy":"category","embeddable":true,"href":"https:\/\/www.krafthand.de\/truck\/wp-json\/wp\/v2\/categories?post=44546"},{"taxonomy":"post_tag","embeddable":true,"href":"https:\/\/www.krafthand.de\/truck\/wp-json\/wp\/v2\/tags?post=44546"},{"taxonomy":"settings","embeddable":true,"href":"https:\/\/www.krafthand.de\/truck\/wp-json\/wp\/v2\/settings?post=44546"}],"curies":[{"name":"wp","href":"https:\/\/api.w.org\/{rel}","templated":true}]}}