{"id":44419,"date":"2025-11-05T13:48:30","date_gmt":"2025-11-05T12:48:30","guid":{"rendered":"https:\/\/www.krafthand.de\/truck\/?p=44419"},"modified":"2025-11-05T13:50:29","modified_gmt":"2025-11-05T12:50:29","slug":"vorstandswechsel-im-aampact-e-v-koch-folgt-auf-fischer","status":"publish","type":"post","link":"https:\/\/www.krafthand.de\/truck\/artikel\/vorstandswechsel-im-aampact-e-v-koch-folgt-auf-fischer-44419\/","title":{"rendered":"Vorstandswechsel im AAMPACT e.V. &#8211; Koch folgt auf Fischer"},"content":{"rendered":"<p>Zum 1. Januar 2026 \u00fcbernimmt Thomas Koch den Vorstand im AAMPACT e.V. Er wurde auf der Steering Committee Sitzung am 23. September einstimmig gew\u00e4hlt. Der Branchenverband AAMPACT e.V. vertritt die Interessen der Autoteilehersteller und Automobilzulieferer im Freien Ersatzteilmarkt auf internationaler Ebene.<\/p>\n<p>Thomas Koch ist seit 1989 in verschiedenen F\u00fchrungspositionen f\u00fcr die Robert Bosch GmbH t\u00e4tig, zuletzt als Regional Director IAM Sales Europe Central und beendet seine T\u00e4tigkeit dort zum Jahresende. Koch \u00fcbernimmt die Vorstandschaft bei <a href=\"https:\/\/www.aampact.com\" target=\"_blank\" rel=\"noopener\">AAMPACT<\/a> und wird Nachfolger von Thomas Fischer, der den Verband seit 2008 erfolgreich leitet. Fischer stellte sich nicht mehr zur Wiederwahl und m\u00f6chte sich zuk\u00fcnftig voll auf sein Trainingsunternehmen &#8218;Auf geht\u2019s&#8216; konzentrieren.<\/p>\n<p>Als stellvertretender Vorstand wurde Henning Stapelfeldt, Ultinon Motion erneut in seiner Aufgabe best\u00e4tigt.<\/p>\n","protected":false},"excerpt":{"rendered":"<p>Zum 1. Januar 2026 \u00fcbernimmt Thomas Koch den Vorstand im AAMPACT e.V. Er wurde auf der Steering Committee Sitzung am 23. September einstimmig gew\u00e4hlt. <span class=\"excerpt-more__dots\">&#8230;<\/span> <a class=\"excerpt-more__link\" href=\"https:\/\/www.krafthand.de\/truck\/artikel\/vorstandswechsel-im-aampact-e-v-koch-folgt-auf-fischer-44419\/\" >weiter<\/a><\/p>\n","protected":false},"author":9,"featured_media":44420,"comment_status":"closed","ping_status":"closed","sticky":false,"template":"","format":"standard","meta":{"footnotes":""},"categories":[4238,4245],"tags":[6344,6345,6346],"settings":[4766,3523],"class_list":["post-44419","post","type-post","status-publish","format-standard","has-post-thumbnail","hentry","category-koepfe","category-verbaende","tag-aampact","tag-thomas-fischer","tag-thomas-koch"],"yoast_head":"<!-- This site is optimized with the Yoast SEO plugin v27.3 - https:\/\/yoast.com\/product\/yoast-seo-wordpress\/ -->\n<title>Vorstandswechsel im AAMPACT e.V. - Koch folgt auf Fischer - Krafthand-Truck<\/title>\n<meta name=\"robots\" content=\"index, follow, max-snippet:-1, max-image-preview:large, max-video-preview:-1\" \/>\n<link rel=\"canonical\" href=\"https:\/\/www.krafthand.de\/truck\/artikel\/vorstandswechsel-im-aampact-e-v-koch-folgt-auf-fischer-44419\/\" \/>\n<meta property=\"og:locale\" content=\"de_DE\" \/>\n<meta property=\"og:type\" content=\"article\" \/>\n<meta property=\"og:title\" content=\"Vorstandswechsel im AAMPACT e.V. - Koch folgt auf Fischer - Krafthand-Truck\" \/>\n<meta property=\"og:description\" content=\"Zum 1. Januar 2026 \u00fcbernimmt Thomas Koch den Vorstand im AAMPACT e.V. Er wurde auf der Steering Committee Sitzung am 23. September einstimmig gew\u00e4hlt. ... weiter\" \/>\n<meta property=\"og:url\" content=\"https:\/\/www.krafthand-truck.de\/artikel\/vorstandswechsel-im-aampact-e-v-koch-folgt-auf-fischer-44419\/\" \/>\n<meta property=\"og:site_name\" content=\"Krafthand-Truck\" \/>\n<meta property=\"article:published_time\" content=\"2025-11-05T12:48:30+00:00\" \/>\n<meta property=\"article:modified_time\" content=\"2025-11-05T12:50:29+00:00\" \/>\n<meta property=\"og:image\" content=\"https:\/\/static.krafthand-truck.de\/uploads\/2025\/11\/Thomas_Koch_Thomas_Fischer_Vorstand_aampact.jpg\" \/>\n\t<meta property=\"og:image:width\" content=\"1200\" \/>\n\t<meta property=\"og:image:height\" content=\"701\" \/>\n\t<meta property=\"og:image:type\" content=\"image\/jpeg\" \/>\n<meta name=\"author\" content=\"georg.blenk@krafthand-medien.de\" \/>\n<meta name=\"twitter:card\" content=\"summary_large_image\" \/>\n<meta name=\"twitter:label1\" content=\"Verfasst von\" \/>\n\t<meta name=\"twitter:data1\" content=\"georg.blenk@krafthand-medien.de\" \/>\n\t<meta name=\"twitter:label2\" content=\"Gesch\u00e4tzte Lesezeit\" \/>\n\t<meta name=\"twitter:data2\" content=\"1\u00a0Minute\" \/>\n<script type=\"application\/ld+json\" class=\"yoast-schema-graph\">{\"@context\":\"https:\\\/\\\/schema.org\",\"@graph\":[{\"@type\":\"Article\",\"@id\":\"https:\\\/\\\/www.krafthand.de\\\/truck\\\/artikel\\\/vorstandswechsel-im-aampact-e-v-koch-folgt-auf-fischer-44419\\\/#article\",\"isPartOf\":{\"@id\":\"https:\\\/\\\/www.krafthand.de\\\/truck\\\/artikel\\\/vorstandswechsel-im-aampact-e-v-koch-folgt-auf-fischer-44419\\\/\"},\"author\":{\"name\":\"georg.blenk@krafthand-medien.de\",\"@id\":\"https:\\\/\\\/www.krafthand.de\\\/truck\\\/#\\\/schema\\\/person\\\/51fa80b1c57034c4bf63f9f988fc24ce\"},\"headline\":\"Vorstandswechsel im AAMPACT e.V. &#8211; Koch folgt auf Fischer\",\"datePublished\":\"2025-11-05T12:48:30+00:00\",\"dateModified\":\"2025-11-05T12:50:29+00:00\",\"mainEntityOfPage\":{\"@id\":\"https:\\\/\\\/www.krafthand.de\\\/truck\\\/artikel\\\/vorstandswechsel-im-aampact-e-v-koch-folgt-auf-fischer-44419\\\/\"},\"wordCount\":136,\"image\":{\"@id\":\"https:\\\/\\\/www.krafthand.de\\\/truck\\\/artikel\\\/vorstandswechsel-im-aampact-e-v-koch-folgt-auf-fischer-44419\\\/#primaryimage\"},\"thumbnailUrl\":\"https:\\\/\\\/static.krafthand-truck.de\\\/uploads\\\/2025\\\/11\\\/Thomas_Koch_Thomas_Fischer_Vorstand_aampact.jpg\",\"keywords\":[\"aampact\",\"Thomas Fischer\",\"Thomas Koch\"],\"articleSection\":[\"K\u00f6pfe\\\/Personen\",\"Verb\u00e4nde\\\/Politik\\\/Recht\"],\"inLanguage\":\"de\"},{\"@type\":\"WebPage\",\"@id\":\"https:\\\/\\\/www.krafthand.de\\\/truck\\\/artikel\\\/vorstandswechsel-im-aampact-e-v-koch-folgt-auf-fischer-44419\\\/\",\"url\":\"https:\\\/\\\/www.krafthand.de\\\/truck\\\/artikel\\\/vorstandswechsel-im-aampact-e-v-koch-folgt-auf-fischer-44419\\\/\",\"name\":\"Vorstandswechsel im AAMPACT e.V. - Koch folgt auf Fischer - Krafthand-Truck\",\"isPartOf\":{\"@id\":\"https:\\\/\\\/www.krafthand.de\\\/truck\\\/#website\"},\"primaryImageOfPage\":{\"@id\":\"https:\\\/\\\/www.krafthand.de\\\/truck\\\/artikel\\\/vorstandswechsel-im-aampact-e-v-koch-folgt-auf-fischer-44419\\\/#primaryimage\"},\"image\":{\"@id\":\"https:\\\/\\\/www.krafthand.de\\\/truck\\\/artikel\\\/vorstandswechsel-im-aampact-e-v-koch-folgt-auf-fischer-44419\\\/#primaryimage\"},\"thumbnailUrl\":\"https:\\\/\\\/static.krafthand-truck.de\\\/uploads\\\/2025\\\/11\\\/Thomas_Koch_Thomas_Fischer_Vorstand_aampact.jpg\",\"datePublished\":\"2025-11-05T12:48:30+00:00\",\"dateModified\":\"2025-11-05T12:50:29+00:00\",\"author\":{\"@id\":\"https:\\\/\\\/www.krafthand.de\\\/truck\\\/#\\\/schema\\\/person\\\/51fa80b1c57034c4bf63f9f988fc24ce\"},\"breadcrumb\":{\"@id\":\"https:\\\/\\\/www.krafthand.de\\\/truck\\\/artikel\\\/vorstandswechsel-im-aampact-e-v-koch-folgt-auf-fischer-44419\\\/#breadcrumb\"},\"inLanguage\":\"de\",\"potentialAction\":[{\"@type\":\"ReadAction\",\"target\":[\"https:\\\/\\\/www.krafthand.de\\\/truck\\\/artikel\\\/vorstandswechsel-im-aampact-e-v-koch-folgt-auf-fischer-44419\\\/\"]}]},{\"@type\":\"ImageObject\",\"inLanguage\":\"de\",\"@id\":\"https:\\\/\\\/www.krafthand.de\\\/truck\\\/artikel\\\/vorstandswechsel-im-aampact-e-v-koch-folgt-auf-fischer-44419\\\/#primaryimage\",\"url\":\"https:\\\/\\\/static.krafthand-truck.de\\\/uploads\\\/2025\\\/11\\\/Thomas_Koch_Thomas_Fischer_Vorstand_aampact.jpg\",\"contentUrl\":\"https:\\\/\\\/static.krafthand-truck.de\\\/uploads\\\/2025\\\/11\\\/Thomas_Koch_Thomas_Fischer_Vorstand_aampact.jpg\",\"width\":1200,\"height\":701},{\"@type\":\"BreadcrumbList\",\"@id\":\"https:\\\/\\\/www.krafthand.de\\\/truck\\\/artikel\\\/vorstandswechsel-im-aampact-e-v-koch-folgt-auf-fischer-44419\\\/#breadcrumb\",\"itemListElement\":[{\"@type\":\"ListItem\",\"position\":1,\"name\":\"Krafthand-Truck\",\"item\":\"https:\\\/\\\/www.krafthand.de\\\/truck\\\/\"},{\"@type\":\"ListItem\",\"position\":2,\"name\":\"Nfz-Branche\",\"item\":\"https:\\\/\\\/www.krafthand.de\\\/truck\\\/kategorie\\\/branche\\\/\"},{\"@type\":\"ListItem\",\"position\":3,\"name\":\"K\u00f6pfe\\\/Personen\",\"item\":\"https:\\\/\\\/www.krafthand.de\\\/truck\\\/kategorie\\\/branche\\\/koepfe\\\/\"},{\"@type\":\"ListItem\",\"position\":4,\"name\":\"Vorstandswechsel im AAMPACT e.V. &#8211; Koch folgt auf Fischer\"}]},{\"@type\":\"WebSite\",\"@id\":\"https:\\\/\\\/www.krafthand.de\\\/truck\\\/#website\",\"url\":\"https:\\\/\\\/www.krafthand.de\\\/truck\\\/\",\"name\":\"Krafthand-Truck\",\"description\":\"\",\"potentialAction\":[{\"@type\":\"SearchAction\",\"target\":{\"@type\":\"EntryPoint\",\"urlTemplate\":\"https:\\\/\\\/www.krafthand.de\\\/truck\\\/?s={search_term_string}\"},\"query-input\":{\"@type\":\"PropertyValueSpecification\",\"valueRequired\":true,\"valueName\":\"search_term_string\"}}],\"inLanguage\":\"de\"},{\"@type\":\"Person\",\"@id\":\"https:\\\/\\\/www.krafthand.de\\\/truck\\\/#\\\/schema\\\/person\\\/51fa80b1c57034c4bf63f9f988fc24ce\",\"name\":\"georg.blenk@krafthand-medien.de\",\"image\":{\"@type\":\"ImageObject\",\"inLanguage\":\"de\",\"@id\":\"https:\\\/\\\/secure.gravatar.com\\\/avatar\\\/93713c30affe0aa95d3a4130e499bb1abee2eb31adbdd9ce2aa1543538490215?s=96&d=mm&r=g\",\"url\":\"https:\\\/\\\/secure.gravatar.com\\\/avatar\\\/93713c30affe0aa95d3a4130e499bb1abee2eb31adbdd9ce2aa1543538490215?s=96&d=mm&r=g\",\"contentUrl\":\"https:\\\/\\\/secure.gravatar.com\\\/avatar\\\/93713c30affe0aa95d3a4130e499bb1abee2eb31adbdd9ce2aa1543538490215?s=96&d=mm&r=g\",\"caption\":\"georg.blenk@krafthand-medien.de\"}}]}<\/script>\n<!-- \/ Yoast SEO plugin. -->","yoast_head_json":{"title":"Vorstandswechsel im AAMPACT e.V. - Koch folgt auf Fischer - Krafthand-Truck","robots":{"index":"index","follow":"follow","max-snippet":"max-snippet:-1","max-image-preview":"max-image-preview:large","max-video-preview":"max-video-preview:-1"},"canonical":"https:\/\/www.krafthand.de\/truck\/artikel\/vorstandswechsel-im-aampact-e-v-koch-folgt-auf-fischer-44419\/","og_locale":"de_DE","og_type":"article","og_title":"Vorstandswechsel im AAMPACT e.V. - Koch folgt auf Fischer - Krafthand-Truck","og_description":"Zum 1. Januar 2026 \u00fcbernimmt Thomas Koch den Vorstand im AAMPACT e.V. Er wurde auf der Steering Committee Sitzung am 23. September einstimmig gew\u00e4hlt. ... weiter","og_url":"https:\/\/www.krafthand-truck.de\/artikel\/vorstandswechsel-im-aampact-e-v-koch-folgt-auf-fischer-44419\/","og_site_name":"Krafthand-Truck","article_published_time":"2025-11-05T12:48:30+00:00","article_modified_time":"2025-11-05T12:50:29+00:00","og_image":[{"width":1200,"height":701,"url":"https:\/\/static.krafthand-truck.de\/uploads\/2025\/11\/Thomas_Koch_Thomas_Fischer_Vorstand_aampact.jpg","type":"image\/jpeg"}],"author":"georg.blenk@krafthand-medien.de","twitter_card":"summary_large_image","twitter_misc":{"Verfasst von":"georg.blenk@krafthand-medien.de","Gesch\u00e4tzte Lesezeit":"1\u00a0Minute"},"schema":{"@context":"https:\/\/schema.org","@graph":[{"@type":"Article","@id":"https:\/\/www.krafthand.de\/truck\/artikel\/vorstandswechsel-im-aampact-e-v-koch-folgt-auf-fischer-44419\/#article","isPartOf":{"@id":"https:\/\/www.krafthand.de\/truck\/artikel\/vorstandswechsel-im-aampact-e-v-koch-folgt-auf-fischer-44419\/"},"author":{"name":"georg.blenk@krafthand-medien.de","@id":"https:\/\/www.krafthand.de\/truck\/#\/schema\/person\/51fa80b1c57034c4bf63f9f988fc24ce"},"headline":"Vorstandswechsel im AAMPACT e.V. &#8211; Koch folgt auf Fischer","datePublished":"2025-11-05T12:48:30+00:00","dateModified":"2025-11-05T12:50:29+00:00","mainEntityOfPage":{"@id":"https:\/\/www.krafthand.de\/truck\/artikel\/vorstandswechsel-im-aampact-e-v-koch-folgt-auf-fischer-44419\/"},"wordCount":136,"image":{"@id":"https:\/\/www.krafthand.de\/truck\/artikel\/vorstandswechsel-im-aampact-e-v-koch-folgt-auf-fischer-44419\/#primaryimage"},"thumbnailUrl":"https:\/\/static.krafthand-truck.de\/uploads\/2025\/11\/Thomas_Koch_Thomas_Fischer_Vorstand_aampact.jpg","keywords":["aampact","Thomas Fischer","Thomas Koch"],"articleSection":["K\u00f6pfe\/Personen","Verb\u00e4nde\/Politik\/Recht"],"inLanguage":"de"},{"@type":"WebPage","@id":"https:\/\/www.krafthand.de\/truck\/artikel\/vorstandswechsel-im-aampact-e-v-koch-folgt-auf-fischer-44419\/","url":"https:\/\/www.krafthand.de\/truck\/artikel\/vorstandswechsel-im-aampact-e-v-koch-folgt-auf-fischer-44419\/","name":"Vorstandswechsel im AAMPACT e.V. - Koch folgt auf Fischer - Krafthand-Truck","isPartOf":{"@id":"https:\/\/www.krafthand.de\/truck\/#website"},"primaryImageOfPage":{"@id":"https:\/\/www.krafthand.de\/truck\/artikel\/vorstandswechsel-im-aampact-e-v-koch-folgt-auf-fischer-44419\/#primaryimage"},"image":{"@id":"https:\/\/www.krafthand.de\/truck\/artikel\/vorstandswechsel-im-aampact-e-v-koch-folgt-auf-fischer-44419\/#primaryimage"},"thumbnailUrl":"https:\/\/static.krafthand-truck.de\/uploads\/2025\/11\/Thomas_Koch_Thomas_Fischer_Vorstand_aampact.jpg","datePublished":"2025-11-05T12:48:30+00:00","dateModified":"2025-11-05T12:50:29+00:00","author":{"@id":"https:\/\/www.krafthand.de\/truck\/#\/schema\/person\/51fa80b1c57034c4bf63f9f988fc24ce"},"breadcrumb":{"@id":"https:\/\/www.krafthand.de\/truck\/artikel\/vorstandswechsel-im-aampact-e-v-koch-folgt-auf-fischer-44419\/#breadcrumb"},"inLanguage":"de","potentialAction":[{"@type":"ReadAction","target":["https:\/\/www.krafthand.de\/truck\/artikel\/vorstandswechsel-im-aampact-e-v-koch-folgt-auf-fischer-44419\/"]}]},{"@type":"ImageObject","inLanguage":"de","@id":"https:\/\/www.krafthand.de\/truck\/artikel\/vorstandswechsel-im-aampact-e-v-koch-folgt-auf-fischer-44419\/#primaryimage","url":"https:\/\/static.krafthand-truck.de\/uploads\/2025\/11\/Thomas_Koch_Thomas_Fischer_Vorstand_aampact.jpg","contentUrl":"https:\/\/static.krafthand-truck.de\/uploads\/2025\/11\/Thomas_Koch_Thomas_Fischer_Vorstand_aampact.jpg","width":1200,"height":701},{"@type":"BreadcrumbList","@id":"https:\/\/www.krafthand.de\/truck\/artikel\/vorstandswechsel-im-aampact-e-v-koch-folgt-auf-fischer-44419\/#breadcrumb","itemListElement":[{"@type":"ListItem","position":1,"name":"Krafthand-Truck","item":"https:\/\/www.krafthand.de\/truck\/"},{"@type":"ListItem","position":2,"name":"Nfz-Branche","item":"https:\/\/www.krafthand.de\/truck\/kategorie\/branche\/"},{"@type":"ListItem","position":3,"name":"K\u00f6pfe\/Personen","item":"https:\/\/www.krafthand.de\/truck\/kategorie\/branche\/koepfe\/"},{"@type":"ListItem","position":4,"name":"Vorstandswechsel im AAMPACT e.V. &#8211; Koch folgt auf Fischer"}]},{"@type":"WebSite","@id":"https:\/\/www.krafthand.de\/truck\/#website","url":"https:\/\/www.krafthand.de\/truck\/","name":"Krafthand-Truck","description":"","potentialAction":[{"@type":"SearchAction","target":{"@type":"EntryPoint","urlTemplate":"https:\/\/www.krafthand.de\/truck\/?s={search_term_string}"},"query-input":{"@type":"PropertyValueSpecification","valueRequired":true,"valueName":"search_term_string"}}],"inLanguage":"de"},{"@type":"Person","@id":"https:\/\/www.krafthand.de\/truck\/#\/schema\/person\/51fa80b1c57034c4bf63f9f988fc24ce","name":"georg.blenk@krafthand-medien.de","image":{"@type":"ImageObject","inLanguage":"de","@id":"https:\/\/secure.gravatar.com\/avatar\/93713c30affe0aa95d3a4130e499bb1abee2eb31adbdd9ce2aa1543538490215?s=96&d=mm&r=g","url":"https:\/\/secure.gravatar.com\/avatar\/93713c30affe0aa95d3a4130e499bb1abee2eb31adbdd9ce2aa1543538490215?s=96&d=mm&r=g","contentUrl":"https:\/\/secure.gravatar.com\/avatar\/93713c30affe0aa95d3a4130e499bb1abee2eb31adbdd9ce2aa1543538490215?s=96&d=mm&r=g","caption":"georg.blenk@krafthand-medien.de"}}]}},"_links":{"self":[{"href":"https:\/\/www.krafthand.de\/truck\/wp-json\/wp\/v2\/posts\/44419","targetHints":{"allow":["GET"]}}],"collection":[{"href":"https:\/\/www.krafthand.de\/truck\/wp-json\/wp\/v2\/posts"}],"about":[{"href":"https:\/\/www.krafthand.de\/truck\/wp-json\/wp\/v2\/types\/post"}],"author":[{"embeddable":true,"href":"https:\/\/www.krafthand.de\/truck\/wp-json\/wp\/v2\/users\/9"}],"replies":[{"embeddable":true,"href":"https:\/\/www.krafthand.de\/truck\/wp-json\/wp\/v2\/comments?post=44419"}],"version-history":[{"count":4,"href":"https:\/\/www.krafthand.de\/truck\/wp-json\/wp\/v2\/posts\/44419\/revisions"}],"predecessor-version":[{"id":44424,"href":"https:\/\/www.krafthand.de\/truck\/wp-json\/wp\/v2\/posts\/44419\/revisions\/44424"}],"wp:featuredmedia":[{"embeddable":true,"href":"https:\/\/www.krafthand.de\/truck\/wp-json\/wp\/v2\/media\/44420"}],"wp:attachment":[{"href":"https:\/\/www.krafthand.de\/truck\/wp-json\/wp\/v2\/media?parent=44419"}],"wp:term":[{"taxonomy":"category","embeddable":true,"href":"https:\/\/www.krafthand.de\/truck\/wp-json\/wp\/v2\/categories?post=44419"},{"taxonomy":"post_tag","embeddable":true,"href":"https:\/\/www.krafthand.de\/truck\/wp-json\/wp\/v2\/tags?post=44419"},{"taxonomy":"settings","embeddable":true,"href":"https:\/\/www.krafthand.de\/truck\/wp-json\/wp\/v2\/settings?post=44419"}],"curies":[{"name":"wp","href":"https:\/\/api.w.org\/{rel}","templated":true}]}}