{"id":44394,"date":"2025-11-04T11:13:37","date_gmt":"2025-11-04T10:13:37","guid":{"rendered":"https:\/\/www.krafthand.de\/truck\/?p=44394"},"modified":"2025-11-04T11:30:36","modified_gmt":"2025-11-04T10:30:36","slug":"mercedes-benz-trucks-geschichte-und-zukunft-das-cec","status":"publish","type":"post","link":"https:\/\/www.krafthand.de\/truck\/artikel\/mercedes-benz-trucks-geschichte-und-zukunft-das-cec-44394\/","title":{"rendered":"Mercedes-Benz Trucks: Geschichte und Zukunft \u2013 das CEC"},"content":{"rendered":"<p>Mercedes-Benz Trucks hat sein bisheriges Kunden-Center am Standort W\u00f6rth grundlegend erneuert und zum \u201aCustomer Experience Center\u2018 (CEC) umgestaltet. Ziel sei es, den Kunden noch st\u00e4rker in den Fokus zu r\u00fccken sowie Marke und Produkte erlebbarer zu machen.<\/p>\n<p>Bereits nach drei Monaten Planungsphase startete das Umbauprojekt im laufenden Betrieb\u202f\u2013 innerhalb von rund f\u00fcnf Monaten wurden s\u00e4mtliche Bauma\u00dfnahmen durch insgesamt 14 verschiedene Gewerke umgesetzt: vom neuen Bodenbelag bis zur ma\u00dfgefertigten M\u00f6blierung. So sei ein moderner Ort entstanden, der Begegnung, Beratung und Inszenierung vereint. \u201eDas neue Customer Experience Center ist Ausdruck unserer Haltung: <em>&#8222;Wir stellen den Kunden konsequent in den Mittelpunkt unseres Handelns\u201c<\/em>, so Jean-Marc Diss, Leiter Global Sales &amp; Marketing Mercedes-Benz Trucks. <em>\u201eZudem verbinden wir unsere Geschichte mit dem Blick nach vorn.\u201c<\/em> Mercedes-Benz Trucks m\u00f6chte mit dem neuen CEC also auch seine strategische Ausrichtung demonstrieren. Rechts vom Foyer \u00f6ffnet sich beispielsweise der Zugang zur rund 600\u202fQuadratmeter gro\u00dfen eActros\u202f600 Experience World. Dort k\u00f6nnen die Besucher erleben, wie Mercedes-Benz Trucks Elektromobilit\u00e4t und Zukunftstechnologien vorantreibt.<\/p>\n<div class=\"gallery-container\"><div class=\"owl-carousel owl-theme\">\r\n        <div>\r\n        \t<img decoding=\"async\" src=\"https:\/\/static.krafthand-truck.de\/uploads\/2025\/11\/Mercedes_Benz_CSC_Woerth_01-1024x683.jpg\" alt=\"\" \/>\r\n          <a href=\"https:\/\/static.krafthand-truck.de\/uploads\/2025\/11\/Mercedes_Benz_CSC_Woerth_01-1024x683.jpg\" data-featherlight=\"gallery_69f54fc6d8aee\" class=\"gallery-expand\" data-title=\"Das Mercedes-Benz Customer Experience Center in W\u00f6rth am Rhein. Bilder: Daimler-Truck\"><i class=\"fa fa-expand\" aria-hidden=\"true\"><\/i><\/a>\r\n        \t<div class=\"gallery-caption wp-caption-text\"><p>Das Mercedes-Benz Customer Experience Center in W\u00f6rth am Rhein. Bilder: Daimler-Truck<\/p>\n<\/div>\r\n        <\/div>\r\n        <div>\r\n        \t<img decoding=\"async\" src=\"https:\/\/static.krafthand-truck.de\/uploads\/2025\/11\/Mercedes_Benz_CSC_Woerth_02-1024x683.jpg\" alt=\"\" \/>\r\n          <a href=\"https:\/\/static.krafthand-truck.de\/uploads\/2025\/11\/Mercedes_Benz_CSC_Woerth_02-1024x683.jpg\" data-featherlight=\"gallery_69f54fc6d8aee\" class=\"gallery-expand\" data-title=\"\"><i class=\"fa fa-expand\" aria-hidden=\"true\"><\/i><\/a>\r\n        \t<div class=\"gallery-caption wp-caption-text\"><\/div>\r\n        <\/div>\r\n        <div>\r\n        \t<img decoding=\"async\" src=\"https:\/\/static.krafthand-truck.de\/uploads\/2025\/11\/Mercedes_Benz_CSC_Woerth_03-1024x683.jpg\" alt=\"\" \/>\r\n          <a href=\"https:\/\/static.krafthand-truck.de\/uploads\/2025\/11\/Mercedes_Benz_CSC_Woerth_03-1024x683.jpg\" data-featherlight=\"gallery_69f54fc6d8aee\" class=\"gallery-expand\" data-title=\"\"><i class=\"fa fa-expand\" aria-hidden=\"true\"><\/i><\/a>\r\n        \t<div class=\"gallery-caption wp-caption-text\"><\/div>\r\n        <\/div>\r\n        <div>\r\n        \t<img decoding=\"async\" src=\"https:\/\/static.krafthand-truck.de\/uploads\/2025\/11\/Mercedes_Benz_CSC_Woerth_04-1024x683.jpg\" alt=\"\" \/>\r\n          <a href=\"https:\/\/static.krafthand-truck.de\/uploads\/2025\/11\/Mercedes_Benz_CSC_Woerth_04-1024x683.jpg\" data-featherlight=\"gallery_69f54fc6d8aee\" class=\"gallery-expand\" data-title=\"\"><i class=\"fa fa-expand\" aria-hidden=\"true\"><\/i><\/a>\r\n        \t<div class=\"gallery-caption wp-caption-text\"><\/div>\r\n        <\/div>\r\n        <div>\r\n        \t<img decoding=\"async\" src=\"https:\/\/static.krafthand-truck.de\/uploads\/2025\/11\/Mercedes_Benz_CSC_Woerth_05-1024x683.jpg\" alt=\"\" \/>\r\n          <a href=\"https:\/\/static.krafthand-truck.de\/uploads\/2025\/11\/Mercedes_Benz_CSC_Woerth_05-1024x683.jpg\" data-featherlight=\"gallery_69f54fc6d8aee\" class=\"gallery-expand\" data-title=\"\"><i class=\"fa fa-expand\" aria-hidden=\"true\"><\/i><\/a>\r\n        \t<div class=\"gallery-caption wp-caption-text\"><\/div>\r\n        <\/div>\r\n        <div>\r\n        \t<img decoding=\"async\" src=\"https:\/\/static.krafthand-truck.de\/uploads\/2025\/11\/Mercedes_Benz_CSC_Woerth_06-1024x683.jpg\" alt=\"\" \/>\r\n          <a href=\"https:\/\/static.krafthand-truck.de\/uploads\/2025\/11\/Mercedes_Benz_CSC_Woerth_06-1024x683.jpg\" data-featherlight=\"gallery_69f54fc6d8aee\" class=\"gallery-expand\" data-title=\"\"><i class=\"fa fa-expand\" aria-hidden=\"true\"><\/i><\/a>\r\n        \t<div class=\"gallery-caption wp-caption-text\"><\/div>\r\n        <\/div><\/div><\/div>\r\n\t<script>\r\n\t\tjQuery(document).ready(function($){\r\n      setTimeout(function(){\r\n  \t\t\t$(\".owl-carousel\").owlCarousel({\r\n  \t\t\t\tloop:true,\r\n    \t\t\tmargin:10,\r\n    \t\t\tresponsiveClass:true,\r\n    \t\t\titems:1,\r\n    \t\t\tautoHeight: true,\r\n          nav: true,\r\n          URLhashListener: true,\r\n          startPosition: \"URLHash\",\r\n          navText: [\r\n            \"<i class='fa fa-chevron-left'><\/i>\",\r\n            \"<i class='fa fa-chevron-right'><\/i>\"\r\n          ],\r\n  \t\t\t});\r\n      }, 2000);\r\n\t\t});\r\n\t<\/script>\r\n\t\n<p>Mit 1.400\u202fQuadratmetern ist die Truck-Lounge der gr\u00f6\u00dfte Raum im CEC. Die bisherigen Fl\u00e4chen des \u201aRestaurants am See\u2018 wurden ebenfalls neu konzipiert: Eine zentrale Rotunde mit integrierter Barista-Bar bildet das Herzst\u00fcck, erg\u00e4nzt durch ein neues M\u00f6blierungskonzept und modernes Lichtdesign. Tische und Sitzbereiche sind entlang von vier ausgew\u00e4hlten Lkw-Exponaten angeordnet. Das neue CEC ist sicher eine Erfahrung wert.<\/p>\n<p>&nbsp;<\/p>\n<p><strong>Anm: d. Red.: Lkw wecken Emotionen &#8211; egal welche Marke, egal welcher Truck &#8211; egal ob Du Fahrer(in) oder Mechatroniker(in) bist!<\/strong><\/p>\n<div class=\"brlbs-cmpnt-container brlbs-cmpnt-content-blocker brlbs-cmpnt-with-individual-styles\" data-borlabs-cookie-content-blocker-id=\"youtube-content-blocker\" data-borlabs-cookie-content=\"PGlmcmFtZSB0aXRsZT0iQmVjYXVzZSB5b3UgYXJlIG5ldmVyIGFsb25lIHwgTWVyY2VkZXMtQmVueiBUcnVja3MiIHdpZHRoPSI2NjUiIGhlaWdodD0iMzc0IiBzcmM9Imh0dHBzOi8vd3d3LnlvdXR1YmUtbm9jb29raWUuY29tL2VtYmVkL0phNU5ENG9yTmpRP2ZlYXR1cmU9b2VtYmVkIiBmcmFtZWJvcmRlcj0iMCIgYWxsb3c9ImFjY2VsZXJvbWV0ZXI7IGF1dG9wbGF5OyBjbGlwYm9hcmQtd3JpdGU7IGVuY3J5cHRlZC1tZWRpYTsgZ3lyb3Njb3BlOyBwaWN0dXJlLWluLXBpY3R1cmU7IHdlYi1zaGFyZSIgcmVmZXJyZXJwb2xpY3k9InN0cmljdC1vcmlnaW4td2hlbi1jcm9zcy1vcmlnaW4iIGFsbG93ZnVsbHNjcmVlbj48L2lmcmFtZT4=\">\n<div class=\"brlbs-cmpnt-cb-preset-c brlbs-cmpnt-cb-youtube\">\n<div class=\"brlbs-cmpnt-cb-thumbnail\" style=\"background-image: url('https:\/\/static.krafthand-truck.de\/uploads\/borlabs-cookie\/1\/yt_Ja5ND4orNjQ_hqdefault.jpg')\"><\/div>\n<div class=\"brlbs-cmpnt-cb-main\">\n<div class=\"brlbs-cmpnt-cb-play-button\"><\/div>\n<div class=\"brlbs-cmpnt-cb-content\">\n<p class=\"brlbs-cmpnt-cb-description\">Sie sehen gerade einen Platzhalterinhalt von <strong>YouTube<\/strong>. Um auf den eigentlichen Inhalt zuzugreifen, klicken Sie auf die Schaltfl\u00e4che unten. Bitte beachten Sie, dass dabei Daten an Drittanbieter weitergegeben werden.<\/p>\n<p> <a class=\"brlbs-cmpnt-cb-provider-toggle\" href=\"#\" data-borlabs-cookie-show-provider-information role=\"button\">Mehr Informationen<\/a> <\/div>\n<div class=\"brlbs-cmpnt-cb-buttons\"> <a class=\"brlbs-cmpnt-cb-btn\" href=\"#\" data-borlabs-cookie-unblock role=\"button\">Inhalt entsperren<\/a> <a class=\"brlbs-cmpnt-cb-btn\" href=\"#\" data-borlabs-cookie-accept-service role=\"button\" style=\"display: inherit\">Erforderlichen Service akzeptieren und Inhalte entsperren<\/a> <\/div>\n<\/p><\/div>\n<\/p><\/div>\n<\/div>\n<p>&nbsp;<\/p>\n<p><i>Den Beitrag finden Sie auch in der Print-Ausgabe 4-2025 der <a href=\"https:\/\/www.krafthand.de\/truck\/magazin\/\" title=\"Zum Magazin\">Krafthand-Truck<\/a>.<\/i><\/p>","protected":false},"excerpt":{"rendered":"<p>Mercedes-Benz Trucks hat sein bisheriges Kunden-Center am Standort W\u00f6rth grundlegend erneuert und zum \u201aCustomer Experience Center\u2018 (CEC) umgestaltet. Ziel sei es, den Kunden noch st\u00e4rker in den Fokus zu r\u00fccken sowie Marke und Produkte erlebbarer zu machen. <span class=\"excerpt-more__dots\">&#8230;<\/span> <a class=\"excerpt-more__link\" href=\"https:\/\/www.krafthand.de\/truck\/artikel\/mercedes-benz-trucks-geschichte-und-zukunft-das-cec-44394\/\" >weiter<\/a><\/p>\n","protected":false},"author":9,"featured_media":44396,"comment_status":"closed","ping_status":"closed","sticky":false,"template":"","format":"standard","meta":{"footnotes":""},"categories":[4915,4235],"tags":[6342,4492,5730,5239,2069],"settings":[3524,4766,3523],"class_list":["post-44394","post","type-post","status-publish","format-standard","has-post-thumbnail","hentry","category-neue-fahrzeuge","category-unternehmen","tag-customer-experience-center","tag-daimler-truck","tag-eactros-600","tag-mercedes-benz-trucks","tag-woerth"],"yoast_head":"<!-- This site is optimized with the Yoast SEO plugin v27.3 - https:\/\/yoast.com\/product\/yoast-seo-wordpress\/ -->\n<title>Mercedes-Benz Trucks: Geschichte und Zukunft \u2013 das CEC - Krafthand-Truck<\/title>\n<meta name=\"description\" content=\"Mercedes-Benz Trucks hat sein Kunden-Center am Standort W\u00f6rth grundlegend erneuert und zum \u201aCustomer Experience Center\u2018 (CEC) umgestaltet.\" \/>\n<meta name=\"robots\" content=\"index, follow, max-snippet:-1, max-image-preview:large, max-video-preview:-1\" \/>\n<link rel=\"canonical\" href=\"https:\/\/www.krafthand.de\/truck\/artikel\/mercedes-benz-trucks-geschichte-und-zukunft-das-cec-44394\/\" \/>\n<meta property=\"og:locale\" content=\"de_DE\" \/>\n<meta property=\"og:type\" content=\"article\" \/>\n<meta property=\"og:title\" content=\"Mercedes-Benz Trucks: Geschichte und Zukunft \u2013 das CEC - Krafthand-Truck\" \/>\n<meta property=\"og:description\" content=\"Mercedes-Benz Trucks hat sein Kunden-Center am Standort W\u00f6rth grundlegend erneuert und zum \u201aCustomer Experience Center\u2018 (CEC) umgestaltet.\" \/>\n<meta property=\"og:url\" content=\"https:\/\/www.krafthand-truck.de\/artikel\/mercedes-benz-trucks-geschichte-und-zukunft-das-cec-44394\/\" \/>\n<meta property=\"og:site_name\" content=\"Krafthand-Truck\" \/>\n<meta property=\"article:published_time\" content=\"2025-11-04T10:13:37+00:00\" \/>\n<meta property=\"article:modified_time\" content=\"2025-11-04T10:30:36+00:00\" \/>\n<meta property=\"og:image\" content=\"https:\/\/static.krafthand-truck.de\/uploads\/2025\/11\/Mercedes_Benz_Trucks_CEC_Woerth_01.jpg\" \/>\n\t<meta property=\"og:image:width\" content=\"1200\" \/>\n\t<meta property=\"og:image:height\" content=\"617\" \/>\n\t<meta property=\"og:image:type\" content=\"image\/jpeg\" \/>\n<meta name=\"author\" content=\"georg.blenk@krafthand-medien.de\" \/>\n<meta name=\"twitter:card\" content=\"summary_large_image\" \/>\n<meta name=\"twitter:label1\" content=\"Verfasst von\" \/>\n\t<meta name=\"twitter:data1\" content=\"georg.blenk@krafthand-medien.de\" \/>\n\t<meta name=\"twitter:label2\" content=\"Gesch\u00e4tzte Lesezeit\" \/>\n\t<meta name=\"twitter:data2\" content=\"2\u00a0Minuten\" \/>\n<script type=\"application\/ld+json\" class=\"yoast-schema-graph\">{\"@context\":\"https:\\\/\\\/schema.org\",\"@graph\":[{\"@type\":\"Article\",\"@id\":\"https:\\\/\\\/www.krafthand.de\\\/truck\\\/artikel\\\/mercedes-benz-trucks-geschichte-und-zukunft-das-cec-44394\\\/#article\",\"isPartOf\":{\"@id\":\"https:\\\/\\\/www.krafthand.de\\\/truck\\\/artikel\\\/mercedes-benz-trucks-geschichte-und-zukunft-das-cec-44394\\\/\"},\"author\":{\"name\":\"georg.blenk@krafthand-medien.de\",\"@id\":\"https:\\\/\\\/www.krafthand.de\\\/truck\\\/#\\\/schema\\\/person\\\/51fa80b1c57034c4bf63f9f988fc24ce\"},\"headline\":\"Mercedes-Benz Trucks: Geschichte und Zukunft \u2013 das CEC\",\"datePublished\":\"2025-11-04T10:13:37+00:00\",\"dateModified\":\"2025-11-04T10:30:36+00:00\",\"mainEntityOfPage\":{\"@id\":\"https:\\\/\\\/www.krafthand.de\\\/truck\\\/artikel\\\/mercedes-benz-trucks-geschichte-und-zukunft-das-cec-44394\\\/\"},\"wordCount\":277,\"image\":{\"@id\":\"https:\\\/\\\/www.krafthand.de\\\/truck\\\/artikel\\\/mercedes-benz-trucks-geschichte-und-zukunft-das-cec-44394\\\/#primaryimage\"},\"thumbnailUrl\":\"https:\\\/\\\/static.krafthand-truck.de\\\/uploads\\\/2025\\\/11\\\/Mercedes_Benz_Trucks_CEC_Woerth_01.jpg\",\"keywords\":[\"Customer Experience Center\",\"Daimler Truck\",\"eActros 600\",\"Mercedes-Benz Trucks\",\"W\u00f6rth\"],\"articleSection\":[\"Neue Fahrzeuge\",\"Unternehmen\"],\"inLanguage\":\"de\"},{\"@type\":\"WebPage\",\"@id\":\"https:\\\/\\\/www.krafthand.de\\\/truck\\\/artikel\\\/mercedes-benz-trucks-geschichte-und-zukunft-das-cec-44394\\\/\",\"url\":\"https:\\\/\\\/www.krafthand.de\\\/truck\\\/artikel\\\/mercedes-benz-trucks-geschichte-und-zukunft-das-cec-44394\\\/\",\"name\":\"Mercedes-Benz Trucks: Geschichte und Zukunft \u2013 das CEC - Krafthand-Truck\",\"isPartOf\":{\"@id\":\"https:\\\/\\\/www.krafthand.de\\\/truck\\\/#website\"},\"primaryImageOfPage\":{\"@id\":\"https:\\\/\\\/www.krafthand.de\\\/truck\\\/artikel\\\/mercedes-benz-trucks-geschichte-und-zukunft-das-cec-44394\\\/#primaryimage\"},\"image\":{\"@id\":\"https:\\\/\\\/www.krafthand.de\\\/truck\\\/artikel\\\/mercedes-benz-trucks-geschichte-und-zukunft-das-cec-44394\\\/#primaryimage\"},\"thumbnailUrl\":\"https:\\\/\\\/static.krafthand-truck.de\\\/uploads\\\/2025\\\/11\\\/Mercedes_Benz_Trucks_CEC_Woerth_01.jpg\",\"datePublished\":\"2025-11-04T10:13:37+00:00\",\"dateModified\":\"2025-11-04T10:30:36+00:00\",\"author\":{\"@id\":\"https:\\\/\\\/www.krafthand.de\\\/truck\\\/#\\\/schema\\\/person\\\/51fa80b1c57034c4bf63f9f988fc24ce\"},\"description\":\"Mercedes-Benz Trucks hat sein Kunden-Center am Standort W\u00f6rth grundlegend erneuert und zum \u201aCustomer Experience Center\u2018 (CEC) umgestaltet.\",\"breadcrumb\":{\"@id\":\"https:\\\/\\\/www.krafthand.de\\\/truck\\\/artikel\\\/mercedes-benz-trucks-geschichte-und-zukunft-das-cec-44394\\\/#breadcrumb\"},\"inLanguage\":\"de\",\"potentialAction\":[{\"@type\":\"ReadAction\",\"target\":[\"https:\\\/\\\/www.krafthand.de\\\/truck\\\/artikel\\\/mercedes-benz-trucks-geschichte-und-zukunft-das-cec-44394\\\/\"]}]},{\"@type\":\"ImageObject\",\"inLanguage\":\"de\",\"@id\":\"https:\\\/\\\/www.krafthand.de\\\/truck\\\/artikel\\\/mercedes-benz-trucks-geschichte-und-zukunft-das-cec-44394\\\/#primaryimage\",\"url\":\"https:\\\/\\\/static.krafthand-truck.de\\\/uploads\\\/2025\\\/11\\\/Mercedes_Benz_Trucks_CEC_Woerth_01.jpg\",\"contentUrl\":\"https:\\\/\\\/static.krafthand-truck.de\\\/uploads\\\/2025\\\/11\\\/Mercedes_Benz_Trucks_CEC_Woerth_01.jpg\",\"width\":1200,\"height\":617},{\"@type\":\"BreadcrumbList\",\"@id\":\"https:\\\/\\\/www.krafthand.de\\\/truck\\\/artikel\\\/mercedes-benz-trucks-geschichte-und-zukunft-das-cec-44394\\\/#breadcrumb\",\"itemListElement\":[{\"@type\":\"ListItem\",\"position\":1,\"name\":\"Krafthand-Truck\",\"item\":\"https:\\\/\\\/www.krafthand.de\\\/truck\\\/\"},{\"@type\":\"ListItem\",\"position\":2,\"name\":\"Nfz-Branche\",\"item\":\"https:\\\/\\\/www.krafthand.de\\\/truck\\\/kategorie\\\/branche\\\/\"},{\"@type\":\"ListItem\",\"position\":3,\"name\":\"Unternehmen\",\"item\":\"https:\\\/\\\/www.krafthand.de\\\/truck\\\/kategorie\\\/branche\\\/unternehmen\\\/\"},{\"@type\":\"ListItem\",\"position\":4,\"name\":\"Mercedes-Benz Trucks: Geschichte und Zukunft \u2013 das CEC\"}]},{\"@type\":\"WebSite\",\"@id\":\"https:\\\/\\\/www.krafthand.de\\\/truck\\\/#website\",\"url\":\"https:\\\/\\\/www.krafthand.de\\\/truck\\\/\",\"name\":\"Krafthand-Truck\",\"description\":\"\",\"potentialAction\":[{\"@type\":\"SearchAction\",\"target\":{\"@type\":\"EntryPoint\",\"urlTemplate\":\"https:\\\/\\\/www.krafthand.de\\\/truck\\\/?s={search_term_string}\"},\"query-input\":{\"@type\":\"PropertyValueSpecification\",\"valueRequired\":true,\"valueName\":\"search_term_string\"}}],\"inLanguage\":\"de\"},{\"@type\":\"Person\",\"@id\":\"https:\\\/\\\/www.krafthand.de\\\/truck\\\/#\\\/schema\\\/person\\\/51fa80b1c57034c4bf63f9f988fc24ce\",\"name\":\"georg.blenk@krafthand-medien.de\",\"image\":{\"@type\":\"ImageObject\",\"inLanguage\":\"de\",\"@id\":\"https:\\\/\\\/secure.gravatar.com\\\/avatar\\\/93713c30affe0aa95d3a4130e499bb1abee2eb31adbdd9ce2aa1543538490215?s=96&d=mm&r=g\",\"url\":\"https:\\\/\\\/secure.gravatar.com\\\/avatar\\\/93713c30affe0aa95d3a4130e499bb1abee2eb31adbdd9ce2aa1543538490215?s=96&d=mm&r=g\",\"contentUrl\":\"https:\\\/\\\/secure.gravatar.com\\\/avatar\\\/93713c30affe0aa95d3a4130e499bb1abee2eb31adbdd9ce2aa1543538490215?s=96&d=mm&r=g\",\"caption\":\"georg.blenk@krafthand-medien.de\"}}]}<\/script>\n<!-- \/ Yoast SEO plugin. -->","yoast_head_json":{"title":"Mercedes-Benz Trucks: Geschichte und Zukunft \u2013 das CEC - Krafthand-Truck","description":"Mercedes-Benz Trucks hat sein Kunden-Center am Standort W\u00f6rth grundlegend erneuert und zum \u201aCustomer Experience Center\u2018 (CEC) umgestaltet.","robots":{"index":"index","follow":"follow","max-snippet":"max-snippet:-1","max-image-preview":"max-image-preview:large","max-video-preview":"max-video-preview:-1"},"canonical":"https:\/\/www.krafthand.de\/truck\/artikel\/mercedes-benz-trucks-geschichte-und-zukunft-das-cec-44394\/","og_locale":"de_DE","og_type":"article","og_title":"Mercedes-Benz Trucks: Geschichte und Zukunft \u2013 das CEC - Krafthand-Truck","og_description":"Mercedes-Benz Trucks hat sein Kunden-Center am Standort W\u00f6rth grundlegend erneuert und zum \u201aCustomer Experience Center\u2018 (CEC) umgestaltet.","og_url":"https:\/\/www.krafthand-truck.de\/artikel\/mercedes-benz-trucks-geschichte-und-zukunft-das-cec-44394\/","og_site_name":"Krafthand-Truck","article_published_time":"2025-11-04T10:13:37+00:00","article_modified_time":"2025-11-04T10:30:36+00:00","og_image":[{"width":1200,"height":617,"url":"https:\/\/static.krafthand-truck.de\/uploads\/2025\/11\/Mercedes_Benz_Trucks_CEC_Woerth_01.jpg","type":"image\/jpeg"}],"author":"georg.blenk@krafthand-medien.de","twitter_card":"summary_large_image","twitter_misc":{"Verfasst von":"georg.blenk@krafthand-medien.de","Gesch\u00e4tzte Lesezeit":"2\u00a0Minuten"},"schema":{"@context":"https:\/\/schema.org","@graph":[{"@type":"Article","@id":"https:\/\/www.krafthand.de\/truck\/artikel\/mercedes-benz-trucks-geschichte-und-zukunft-das-cec-44394\/#article","isPartOf":{"@id":"https:\/\/www.krafthand.de\/truck\/artikel\/mercedes-benz-trucks-geschichte-und-zukunft-das-cec-44394\/"},"author":{"name":"georg.blenk@krafthand-medien.de","@id":"https:\/\/www.krafthand.de\/truck\/#\/schema\/person\/51fa80b1c57034c4bf63f9f988fc24ce"},"headline":"Mercedes-Benz Trucks: Geschichte und Zukunft \u2013 das CEC","datePublished":"2025-11-04T10:13:37+00:00","dateModified":"2025-11-04T10:30:36+00:00","mainEntityOfPage":{"@id":"https:\/\/www.krafthand.de\/truck\/artikel\/mercedes-benz-trucks-geschichte-und-zukunft-das-cec-44394\/"},"wordCount":277,"image":{"@id":"https:\/\/www.krafthand.de\/truck\/artikel\/mercedes-benz-trucks-geschichte-und-zukunft-das-cec-44394\/#primaryimage"},"thumbnailUrl":"https:\/\/static.krafthand-truck.de\/uploads\/2025\/11\/Mercedes_Benz_Trucks_CEC_Woerth_01.jpg","keywords":["Customer Experience Center","Daimler Truck","eActros 600","Mercedes-Benz Trucks","W\u00f6rth"],"articleSection":["Neue Fahrzeuge","Unternehmen"],"inLanguage":"de"},{"@type":"WebPage","@id":"https:\/\/www.krafthand.de\/truck\/artikel\/mercedes-benz-trucks-geschichte-und-zukunft-das-cec-44394\/","url":"https:\/\/www.krafthand.de\/truck\/artikel\/mercedes-benz-trucks-geschichte-und-zukunft-das-cec-44394\/","name":"Mercedes-Benz Trucks: Geschichte und Zukunft \u2013 das CEC - Krafthand-Truck","isPartOf":{"@id":"https:\/\/www.krafthand.de\/truck\/#website"},"primaryImageOfPage":{"@id":"https:\/\/www.krafthand.de\/truck\/artikel\/mercedes-benz-trucks-geschichte-und-zukunft-das-cec-44394\/#primaryimage"},"image":{"@id":"https:\/\/www.krafthand.de\/truck\/artikel\/mercedes-benz-trucks-geschichte-und-zukunft-das-cec-44394\/#primaryimage"},"thumbnailUrl":"https:\/\/static.krafthand-truck.de\/uploads\/2025\/11\/Mercedes_Benz_Trucks_CEC_Woerth_01.jpg","datePublished":"2025-11-04T10:13:37+00:00","dateModified":"2025-11-04T10:30:36+00:00","author":{"@id":"https:\/\/www.krafthand.de\/truck\/#\/schema\/person\/51fa80b1c57034c4bf63f9f988fc24ce"},"description":"Mercedes-Benz Trucks hat sein Kunden-Center am Standort W\u00f6rth grundlegend erneuert und zum \u201aCustomer Experience Center\u2018 (CEC) umgestaltet.","breadcrumb":{"@id":"https:\/\/www.krafthand.de\/truck\/artikel\/mercedes-benz-trucks-geschichte-und-zukunft-das-cec-44394\/#breadcrumb"},"inLanguage":"de","potentialAction":[{"@type":"ReadAction","target":["https:\/\/www.krafthand.de\/truck\/artikel\/mercedes-benz-trucks-geschichte-und-zukunft-das-cec-44394\/"]}]},{"@type":"ImageObject","inLanguage":"de","@id":"https:\/\/www.krafthand.de\/truck\/artikel\/mercedes-benz-trucks-geschichte-und-zukunft-das-cec-44394\/#primaryimage","url":"https:\/\/static.krafthand-truck.de\/uploads\/2025\/11\/Mercedes_Benz_Trucks_CEC_Woerth_01.jpg","contentUrl":"https:\/\/static.krafthand-truck.de\/uploads\/2025\/11\/Mercedes_Benz_Trucks_CEC_Woerth_01.jpg","width":1200,"height":617},{"@type":"BreadcrumbList","@id":"https:\/\/www.krafthand.de\/truck\/artikel\/mercedes-benz-trucks-geschichte-und-zukunft-das-cec-44394\/#breadcrumb","itemListElement":[{"@type":"ListItem","position":1,"name":"Krafthand-Truck","item":"https:\/\/www.krafthand.de\/truck\/"},{"@type":"ListItem","position":2,"name":"Nfz-Branche","item":"https:\/\/www.krafthand.de\/truck\/kategorie\/branche\/"},{"@type":"ListItem","position":3,"name":"Unternehmen","item":"https:\/\/www.krafthand.de\/truck\/kategorie\/branche\/unternehmen\/"},{"@type":"ListItem","position":4,"name":"Mercedes-Benz Trucks: Geschichte und Zukunft \u2013 das CEC"}]},{"@type":"WebSite","@id":"https:\/\/www.krafthand.de\/truck\/#website","url":"https:\/\/www.krafthand.de\/truck\/","name":"Krafthand-Truck","description":"","potentialAction":[{"@type":"SearchAction","target":{"@type":"EntryPoint","urlTemplate":"https:\/\/www.krafthand.de\/truck\/?s={search_term_string}"},"query-input":{"@type":"PropertyValueSpecification","valueRequired":true,"valueName":"search_term_string"}}],"inLanguage":"de"},{"@type":"Person","@id":"https:\/\/www.krafthand.de\/truck\/#\/schema\/person\/51fa80b1c57034c4bf63f9f988fc24ce","name":"georg.blenk@krafthand-medien.de","image":{"@type":"ImageObject","inLanguage":"de","@id":"https:\/\/secure.gravatar.com\/avatar\/93713c30affe0aa95d3a4130e499bb1abee2eb31adbdd9ce2aa1543538490215?s=96&d=mm&r=g","url":"https:\/\/secure.gravatar.com\/avatar\/93713c30affe0aa95d3a4130e499bb1abee2eb31adbdd9ce2aa1543538490215?s=96&d=mm&r=g","contentUrl":"https:\/\/secure.gravatar.com\/avatar\/93713c30affe0aa95d3a4130e499bb1abee2eb31adbdd9ce2aa1543538490215?s=96&d=mm&r=g","caption":"georg.blenk@krafthand-medien.de"}}]}},"_links":{"self":[{"href":"https:\/\/www.krafthand.de\/truck\/wp-json\/wp\/v2\/posts\/44394","targetHints":{"allow":["GET"]}}],"collection":[{"href":"https:\/\/www.krafthand.de\/truck\/wp-json\/wp\/v2\/posts"}],"about":[{"href":"https:\/\/www.krafthand.de\/truck\/wp-json\/wp\/v2\/types\/post"}],"author":[{"embeddable":true,"href":"https:\/\/www.krafthand.de\/truck\/wp-json\/wp\/v2\/users\/9"}],"replies":[{"embeddable":true,"href":"https:\/\/www.krafthand.de\/truck\/wp-json\/wp\/v2\/comments?post=44394"}],"version-history":[{"count":10,"href":"https:\/\/www.krafthand.de\/truck\/wp-json\/wp\/v2\/posts\/44394\/revisions"}],"predecessor-version":[{"id":44411,"href":"https:\/\/www.krafthand.de\/truck\/wp-json\/wp\/v2\/posts\/44394\/revisions\/44411"}],"wp:featuredmedia":[{"embeddable":true,"href":"https:\/\/www.krafthand.de\/truck\/wp-json\/wp\/v2\/media\/44396"}],"wp:attachment":[{"href":"https:\/\/www.krafthand.de\/truck\/wp-json\/wp\/v2\/media?parent=44394"}],"wp:term":[{"taxonomy":"category","embeddable":true,"href":"https:\/\/www.krafthand.de\/truck\/wp-json\/wp\/v2\/categories?post=44394"},{"taxonomy":"post_tag","embeddable":true,"href":"https:\/\/www.krafthand.de\/truck\/wp-json\/wp\/v2\/tags?post=44394"},{"taxonomy":"settings","embeddable":true,"href":"https:\/\/www.krafthand.de\/truck\/wp-json\/wp\/v2\/settings?post=44394"}],"curies":[{"name":"wp","href":"https:\/\/api.w.org\/{rel}","templated":true}]}}