{"id":44286,"date":"2025-10-31T09:19:06","date_gmt":"2025-10-31T08:19:06","guid":{"rendered":"https:\/\/www.krafthand.de\/truck\/?p=44286"},"modified":"2025-10-31T09:25:06","modified_gmt":"2025-10-31T08:25:06","slug":"wir-setzen-auf-kundennaehe-und-die-zuegige-umsetzung-von-produktanforderungen","status":"publish","type":"post","link":"https:\/\/www.krafthand.de\/truck\/artikel\/wir-setzen-auf-kundennaehe-und-die-zuegige-umsetzung-von-produktanforderungen-44286\/","title":{"rendered":"\u201eWir setzen auf Kundenn\u00e4he und die z\u00fcgige Umsetzung von Produktanforderungen.\u201c"},"content":{"rendered":"<p>K\u00f6gel geh\u00f6rt zu den f\u00fchrenden Trailer-Herstellern in Europa. Dabei gilt der Unternehmensleitsatz \u201aBecause we care\u2019 als zentrales Kundenversprechen. Seit September 2024 ist Thore Bakker als Chief Sales Officer (CSO) Teil des F\u00fchrungsteams des \u00fcber 90-Jahre alten Traditionsunternehmens. Wir haben mit Bakker \u00fcber Herausforderungen, die der Markt mit sich bringt, die Verkaufs- und Produktstrategie sowie \u00fcber Pers\u00f6nliches gesprochen.<\/p>\n<p><strong>Sehr geehrter Herr Bakker, Sie sind vor rund einem Jahr als neuer CSO bei K\u00f6gel gestartet und wollten sofort \u201adie \u00c4rmel hochkrempeln\u2018. \u201aHands-on\u2018 statt stundenlange Strategie-Meetings?<\/strong><\/p>\n<p>Tats\u00e4chlich wurden die \u00c4rmel unmittelbar nach meinem Start hochgekrempelt &#8211; allerdings ohne dabei die strategische Ausrichtung des Unternehmens aus den Augen zu verlieren. Angesichts der herausfordernden Marktsituation standen und stehen Themen wie Digitalisierung, After-Sales und die Weiterentwicklung des Produktportfolios im Mittelpunkt. Ebenso wichtig sind f\u00fcr mich der direkte Austausch mit unseren Kunden und das Verst\u00e4ndnis f\u00fcr ihre Investitionsentscheidungen. Operatives Handeln und strategische Planung, gehen in meiner Rolle Hand in Hand.<\/p>\n<p>&nbsp;<\/p>\n<div class=\"infobox box-grey\"><\/p>\n<p><figure id=\"attachment_44291\" aria-describedby=\"caption-attachment-44291\" style=\"width: 190px\" class=\"wp-caption alignleft\"><a href=\"https:\/\/static.krafthand-truck.de\/uploads\/2025\/10\/Koegel_Thore_Bakker.jpg\" target=\"_blank\" rel=\"noopener\"><img decoding=\"async\" class=\"wp-image-44291\" src=\"https:\/\/static.krafthand-truck.de\/uploads\/2025\/10\/Koegel_Thore_Bakker-253x300.jpg\" alt=\"\" width=\"190\" height=\"225\" srcset=\"https:\/\/static.krafthand-truck.de\/uploads\/2025\/10\/Koegel_Thore_Bakker-253x300.jpg 253w, https:\/\/static.krafthand-truck.de\/uploads\/2025\/10\/Koegel_Thore_Bakker-768x910.jpg 768w, https:\/\/static.krafthand-truck.de\/uploads\/2025\/10\/Koegel_Thore_Bakker.jpg 800w\" sizes=\"(max-width: 190px) 100vw, 190px\" \/><\/a><figcaption id=\"caption-attachment-44291\" class=\"wp-caption-text\"><em>\u201eOperatives Handeln und strategische Planung gehen bei mir Hand in Hand\u201c<\/em>, so Thore Bakker. Bild: K\u00f6gel<\/figcaption><\/figure><\/p>\n<h3>Zur Person<\/h3>\n<p>Der studierte Diplom-Wirtschaftsingenieur Thore Bakker (48), begann seine berufliche Karriere bei der Daimler AG, wo er in unterschiedlichen Positionen im Lkw-Bereich t\u00e4tig war. 2013 wechselte er als Head of International Sales (North East &amp; LATAM) zur Daimler Fleetboard GmbH, einem Spezialisten f\u00fcr Telematik-Services. Sp\u00e4ter f\u00fchrte ihn sein Weg zur BPW Bergische Achsen KG, wo er zuletzt als General Manager t\u00e4tig war. Seit September 2024 ist Bakker bei der K\u00f6gel Trailer GmbH, mit Hauptsitz im bayerischen Burtenbach (ein Tochterunternehmen von Humbaur), als CSO (Chief Sales Officer) verantwortlich den Vertrieb von Sattelaufliegern, Lkw-Anh\u00e4ngern und Wechselaufbauten.<\/p>\n<p><\/div>\n<p>&nbsp;<\/p>\n<p><strong>Ihr Arbeitsplatz liegt im schw\u00e4bischen Burtenbach, eine l\u00e4ndliche Gegend. Gibt es Unterschiede, was die Unternehmenskultur zum vormaligen Arbeitgeber BPW im rheinischen Wiehl angeht?<\/strong><\/p>\n<p>Beide Unternehmen \u2013 sowohl BPW als auch K\u00f6gel \u2013 sind mittelst\u00e4ndisch gepr\u00e4gt und in l\u00e4ndlichen Regionen verwurzelt. Auch wenn Wiehl geografisch im Bergischen Land liegt, \u00e4hneln sich die Mentalit\u00e4ten der Menschen durchaus. BPW ist zwar in einigen Bereichen etwas breiter aufgestellt, doch in der Unternehmenskultur sehe ich mehr Gemeinsamkeiten als Unterschiede.<\/p>\n<p><strong>M\u00f6chten Sie kurz Ihren F\u00fchrungsstil beschreiben?<\/strong><\/p>\n<p>Ich f\u00fchre zielorientiert mit einem klaren Fokus auf Ergebnisse. Dabei lege ich gro\u00dfen Wert darauf, meine Mitarbeitenden zu f\u00f6rdern und gleichzeitig zu fordern. Diese Balance f\u00fchrt meiner Erfahrung nach zu schnellen und qualitativ hochwertigen Ergebnissen im Team.<\/p>\n<blockquote class=\"khm-quote\"><p>Ich lege Wert auf F\u00f6rdern und Fordern und kurze Entscheidungswege.<\/p><\/blockquote>\n<p><strong>Bis zum 30.9.2025 war Christian Renners CEO bei K\u00f6gel. Bis ein Nachfolger gefunden ist, haben Sie zus\u00e4tzlich die Verantwortung f\u00fcr die Bereiche Marketing und Produktmanagement \u00fcbernommen. Ganz sch\u00f6n viel Verantwortung?<\/strong><\/p>\n<p>Die zus\u00e4tzliche Verantwortung f\u00fcr Marketing und Produktmanagement empfinde ich nicht als Belastung, sondern als sinnvolle Erweiterung meines Aufgabenfelds. Beim Produktmanagement bringe ich umfangreiche Erfahrung aus meiner Zeit bei BPW mit. Der Marketingbereich erg\u00e4nzt diese Arbeit hervorragend, da er die Br\u00fccke zwischen Markt und Produkt schl\u00e4gt. Unsere Teams arbeiten hier sehr eng und effizient zusammen.<\/p>\n<p>&nbsp;<\/p>\n<figure id=\"attachment_44294\" aria-describedby=\"caption-attachment-44294\" style=\"width: 800px\" class=\"wp-caption aligncenter\"><img fetchpriority=\"high\" decoding=\"async\" class=\"wp-image-44294\" src=\"https:\/\/static.krafthand-truck.de\/uploads\/2025\/10\/Koegel_Cool_LiteShell_Kuehlkoffer-300x158.jpg\" alt=\"\" width=\"800\" height=\"420\" srcset=\"https:\/\/static.krafthand-truck.de\/uploads\/2025\/10\/Koegel_Cool_LiteShell_Kuehlkoffer-300x158.jpg 300w, https:\/\/static.krafthand-truck.de\/uploads\/2025\/10\/Koegel_Cool_LiteShell_Kuehlkoffer-1024x538.jpg 1024w, https:\/\/static.krafthand-truck.de\/uploads\/2025\/10\/Koegel_Cool_LiteShell_Kuehlkoffer-768x403.jpg 768w, https:\/\/static.krafthand-truck.de\/uploads\/2025\/10\/Koegel_Cool_LiteShell_Kuehlkoffer.jpg 1200w\" sizes=\"(max-width: 800px) 100vw, 800px\" \/><figcaption id=\"caption-attachment-44294\" class=\"wp-caption-text\">K\u00f6gel hat auf der IAA-Transportation 2024 in Hannover erstmals den K\u00fchlauflieger Cool LiteShell mit Leichtbau-Paneelen, Batteriepacks und Generator-\/Rekuperations-Achse pr\u00e4sentiert. Bild: Georg Blenk<\/figcaption><\/figure>\n<p>&nbsp;<\/p>\n<p><strong>Das Marktumfeld im Trailer-Bereich ist sehr anspruchsvoll. Wie positioniert sich K\u00f6gel, um sich vom hart umk\u00e4mpften Wettbewerb abzusetzen?<\/strong><\/p>\n<p>Unsere Differenzierung im hart umk\u00e4mpften Trailer-Markt basiert auf konsequenter Kundenn\u00e4he. Wir reagieren schnell auf Kundenanfragen und setzen individuelle Anforderungen z\u00fcgig um. Durch unsere hohe Entscheidungsgeschwindigkeit und unsere ausgepr\u00e4gte Serviceorientierung schaffen wir echten Mehrwert. Wir denken und handeln stets aus Kundensicht und entwickeln unser Portfolio gezielt weiter, um langfristig die besten L\u00f6sungen am Markt zu bieten.<\/p>\n<p><strong>Welche Produkte werden bei K\u00f6gel aktuell am st\u00e4rksten nachgefragt und in welche Zukunftstechnologien investieren Sie?<\/strong><\/p>\n<p>Derzeit verzeichnen wir die st\u00e4rkste Nachfrage im Segment der Planenfahrzeuge. Gleichzeitig w\u00e4chst das Interesse an Kipp- und Boxfahrzeugen sowie an Wechselsystemen. Wir erschlie\u00dfen zunehmend neue Branchen, insbesondere im Bauwesen. Ein Highlight ist der K\u00f6gel Cool LiteShell \u2013 ein innovatives K\u00fchlfahrzeug, das temperaturgef\u00fchrte Transporte auf ein neues Niveau hebt. Parallel investieren wir intensiv in digitale L\u00f6sungen, um die Transportbranche nachhaltiger und effizienter zu gestalten.<\/p>\n<p>&nbsp;<\/p>\n<figure id=\"attachment_44296\" aria-describedby=\"caption-attachment-44296\" style=\"width: 800px\" class=\"wp-caption aligncenter\"><img decoding=\"async\" class=\"wp-image-44296\" src=\"https:\/\/static.krafthand-truck.de\/uploads\/2025\/10\/Koegel_Produktion_Burtenback_Trailer-300x155.jpg\" alt=\"\" width=\"800\" height=\"413\" srcset=\"https:\/\/static.krafthand-truck.de\/uploads\/2025\/10\/Koegel_Produktion_Burtenback_Trailer-300x155.jpg 300w, https:\/\/static.krafthand-truck.de\/uploads\/2025\/10\/Koegel_Produktion_Burtenback_Trailer-1024x528.jpg 1024w, https:\/\/static.krafthand-truck.de\/uploads\/2025\/10\/Koegel_Produktion_Burtenback_Trailer-768x396.jpg 768w, https:\/\/static.krafthand-truck.de\/uploads\/2025\/10\/Koegel_Produktion_Burtenback_Trailer.jpg 1200w\" sizes=\"(max-width: 800px) 100vw, 800px\" \/><figcaption id=\"caption-attachment-44296\" class=\"wp-caption-text\">K\u00f6gel produziert in Burtenbach unter anderem Sattelauflieger. Das Gel\u00e4nde wird gerade erweitert. Bild: Georg Blenk<\/figcaption><\/figure>\n<p>&nbsp;<\/p>\n<p><strong>Erst k\u00fcrzlich hat K\u00f6gel den Spatenstich zur Erweiterung des Produktions- und Servicestandorts Burtenbach vollzogen. Sie setzen also gezielt auf Wachstum?<\/strong><\/p>\n<p>Ja, wir setzen klar auf Wachstum \u2013 sowohl durch die Erweiterung unseres Produktportfolios als auch durch die Erschlie\u00dfung neuer M\u00e4rkte. Kooperationen wie die mit TIP er\u00f6ffnen uns neue Gesch\u00e4ftsm\u00f6glichkeiten, die wir weiter konsequent ausbauen. Wir setzen auf klare Partnerschaften!<\/p>\n<blockquote class=\"khm-quote\"><p>Wir setzen klar auf Wachstum \u2013 sowohl durch die Erweiterung unseres Produktportfolios als auch durch die Erschlie\u00dfung neuer M\u00e4rkte.<\/p><\/blockquote>\n<figure id=\"attachment_44300\" aria-describedby=\"caption-attachment-44300\" style=\"width: 380px\" class=\"wp-caption alignleft\"><a href=\"https:\/\/static.krafthand-truck.de\/uploads\/2025\/10\/Koegel_Trailer_Wiederaufbereitung_Refurbishment.jpg\" target=\"_blank\" rel=\"noopener\"><img loading=\"lazy\" decoding=\"async\" class=\"wp-image-44300\" src=\"https:\/\/static.krafthand-truck.de\/uploads\/2025\/10\/Koegel_Trailer_Wiederaufbereitung_Refurbishment-300x184.jpg\" alt=\"\" width=\"380\" height=\"233\" srcset=\"https:\/\/static.krafthand-truck.de\/uploads\/2025\/10\/Koegel_Trailer_Wiederaufbereitung_Refurbishment-300x184.jpg 300w, https:\/\/static.krafthand-truck.de\/uploads\/2025\/10\/Koegel_Trailer_Wiederaufbereitung_Refurbishment-1024x628.jpg 1024w, https:\/\/static.krafthand-truck.de\/uploads\/2025\/10\/Koegel_Trailer_Wiederaufbereitung_Refurbishment-768x471.jpg 768w, https:\/\/static.krafthand-truck.de\/uploads\/2025\/10\/Koegel_Trailer_Wiederaufbereitung_Refurbishment.jpg 1200w\" sizes=\"(max-width: 380px) 100vw, 380px\" \/><\/a><figcaption id=\"caption-attachment-44300\" class=\"wp-caption-text\">K\u00f6gel bietet auch die Wiederaufbereitung (Refurbishment) von Trailern an und m\u00f6chte so einen Beitrag zur Kreislaufwirtschaft leisten. Bild: K\u00f6gel<\/figcaption><\/figure>\n<p><strong>Neben der eigentlichen Produktion, dem Service in der neuen Lkw-\/Trailer-Werkstatt, setzen Sie mit der Wiederaufbereitung von K\u00f6gel-Trailern auf ein neues Gesch\u00e4ftsfeld?<\/strong><\/p>\n<p>Wir beobachten, dass in wirtschaftlich unsicheren Zeiten weniger Neuinvestitionen get\u00e4tigt werden. Das f\u00fchrt dazu, dass Auflieger l\u00e4nger im Einsatz bleiben m\u00fcssen. Mit unserem \u201aBack-to-Check Refurbishment\u2018-Programm verl\u00e4ngern wir die Lebensdauer der Fahrzeuge unserer Kunden erheblich \u2013 ein Beitrag sowohl zur Wirtschaftlichkeit als auch zur Nachhaltigkeit. Auch hier best\u00e4tigen Kunden uns, richtig agiert zu haben. Wir freuen uns \u00fcber die hohe Nachfrage.<\/p>\n<p>&nbsp;<\/p>\n<p><strong>K\u00fcrzlich haben Sie eine Partnerschaft mit dem US-amerikanischen Bremszylinder-Hersteller TSE Brakes geschlossen. Sie bauen das Ersatzteilgesch\u00e4ft immer weiter aus?<\/strong><\/p>\n<p>Unser Ziel ist es, unseren Kunden im Aftermarket ein umfassendes Angebot zu bieten \u2013 ein echtes \u201aOne-Stop-Shop\u2018-Erlebnis. Daher \u00fcberpr\u00fcfen und erweitern wir kontinuierlich unser Produktportfolio. Gleichzeitig optimieren wir die Benutzerfreundlichkeit unseres Online-Shops, um Bestellungen noch einfacher und schneller zu gestalten. Zus\u00e4tzlichen richten wir aktuell unser europ\u00e4isches Servicenetzwerk neu aus. Hier werden wir 2026 weiter zulegen.<\/p>\n<p>&nbsp;<\/p>\n<figure id=\"attachment_44302\" aria-describedby=\"caption-attachment-44302\" style=\"width: 800px\" class=\"wp-caption aligncenter\"><img loading=\"lazy\" decoding=\"async\" class=\"wp-image-44302\" src=\"https:\/\/static.krafthand-truck.de\/uploads\/2025\/10\/Koegel_Werkstatt_Burtenbach-300x129.jpg\" alt=\"\" width=\"800\" height=\"345\" srcset=\"https:\/\/static.krafthand-truck.de\/uploads\/2025\/10\/Koegel_Werkstatt_Burtenbach-300x129.jpg 300w, https:\/\/static.krafthand-truck.de\/uploads\/2025\/10\/Koegel_Werkstatt_Burtenbach-1024x441.jpg 1024w, https:\/\/static.krafthand-truck.de\/uploads\/2025\/10\/Koegel_Werkstatt_Burtenbach-768x331.jpg 768w, https:\/\/static.krafthand-truck.de\/uploads\/2025\/10\/Koegel_Werkstatt_Burtenbach.jpg 1200w\" sizes=\"(max-width: 800px) 100vw, 800px\" \/><figcaption id=\"caption-attachment-44302\" class=\"wp-caption-text\">K\u00f6gel h\u00e4lt in Burtenbach eine hochmoderne Nutzfahrzeugwerkstatt, inklusive Waschhalle, vor. Bild: Georg Blenk<\/figcaption><\/figure>\n<p>&nbsp;<\/p>\n<p><strong>Die Vermietung von K\u00f6gel-Fahrzeuge haben Sie k\u00fcrzlich an die TIP Group \u00fcbergeben. Der Fokus liegt vermehrt auf dem Kerngesch\u00e4ft?<\/strong><\/p>\n<p>Die \u00dcbergabe unseres Vermietgesch\u00e4fts an die TIP Group erm\u00f6glicht es uns, uns st\u00e4rker auf unser Kerngesch\u00e4ft zu konzentrieren und trotzdem unseren Servicegedanken europaweit weiterzuentwickeln. Gemeinsam mit TIP schaffen wir neue Synergien, insbesondere im Bereich Full-Service-Wartungsvertr\u00e4ge, Refurbishment mit Kaufoptionen sowie bei der Verf\u00fcgbarkeit von Ersatzfahrzeugen und Werkst\u00e4tten.<\/p>\n<blockquote class=\"khm-quote\"><p>Ich \u00e4rgere mich \u00fcber die Dumping-Preise, mit denen einige unserer Marktbegleiter den Markt verzerren.<\/p><\/blockquote>\n<p><strong>Nach guter Tradition, zum Schluss noch eine pers\u00f6nliche Frage: \u00dcber was haben Sie sich k\u00fcrzlich am meisten ge\u00e4rgert, \u00fcber was am meisten gefreut?<\/strong><\/p>\n<p>Ge\u00e4rgert habe ich mich zuletzt \u00fcber die Dumping-Preise, mit denen einige unserer Marktbegleiter den Markt verzerren. Umso mehr habe ich mich \u00fcber den Erfolg unseres Ride &amp; Drive-Events gefreut, den wir gemeinsam mit MAN und Humbaur veranstaltet haben. Dort konnten unsere Kunden unsere Fahrzeuge praxisnah erleben uns sich selbst von deren Qualit\u00e4t \u00fcberzeugen.<\/p>\n<p><i>Den Beitrag finden Sie auch in der Print-Ausgabe 4-2025 der <a href=\"https:\/\/www.krafthand.de\/truck\/magazin\/\" title=\"Zum Magazin\">Krafthand-Truck<\/a>.<\/i><\/p>\r\n\t\t\t\t<div class=\"post-author\">\r\n\t\t\t\t\t<div class=\"khm-cp-author clearfix\">\r\n\t\t\t\t\t\t<div class=\"khm-cp-author__content\">\r\n\t\t\t\t\t\t\t\tKontakt zum Autor:<br \/>\r\n\t\t\t\t\t\t\t\t<strong>Georg Blenk<\/strong>, 08247 \/ 3007-45 |  <a href=\"mailto:georg.blenk@krafthand-medien.de\">georg.blenk@krafthand-medien.de<\/a>\r\n\t\t\t\t\t\t\t<div class=\"khm-cp-author__image\">\r\n\t\t\t\t\t\t<img src=\"https:\/\/static.krafthand-truck.de\/uploads\/2021\/01\/Blenk_6104-250x300-1-removebg-preview.png\" class=\"img-responsive\">\r\n\t\t\t\t\t<\/div>\r\n\t\t\t\t\t\t<\/div>\r\n\t\t\t\t\t<\/div>\r\n\t\t\t\t<\/div>\r\n\t\t\t\t","protected":false},"excerpt":{"rendered":"<p>K\u00f6gel geh\u00f6rt zu den f\u00fchrenden Trailer-Herstellern in Europa. Seit September 2024 ist Thore Bakker als Chief Sales Officer (CSO) Teil des F\u00fchrungsteams des Traditionsunternehmens. Wir haben mit Bakker \u00fcber Herausforderungen, die der Markt mit sich bringt, die Verkaufs- und Produktstrategie sowie \u00fcber Pers\u00f6nliches gesprochen. <span class=\"excerpt-more__dots\">&#8230;<\/span> <a class=\"excerpt-more__link\" href=\"https:\/\/www.krafthand.de\/truck\/artikel\/wir-setzen-auf-kundennaehe-und-die-zuegige-umsetzung-von-produktanforderungen-44286\/\" >weiter<\/a><\/p>\n","protected":false},"author":9,"featured_media":44289,"comment_status":"closed","ping_status":"closed","sticky":false,"template":"","format":"standard","meta":{"footnotes":""},"categories":[4238,4914],"tags":[5696,202,5668],"settings":[3524,4766,3523],"class_list":["post-44286","post","type-post","status-publish","format-standard","has-post-thumbnail","hentry","category-koepfe","category-trailer-aufbauten","tag-e-trailer","tag-koegel","tag-thore-bakker"],"yoast_head":"<!-- This site is optimized with the Yoast SEO plugin v27.3 - https:\/\/yoast.com\/product\/yoast-seo-wordpress\/ -->\n<title>\u201eWir setzen auf Kundenn\u00e4he und die z\u00fcgige Umsetzung von Produktanforderungen.\u201c - Krafthand-Truck<\/title>\n<meta name=\"description\" content=\"Im Gespr\u00e4ch mit Thore Bakker, CSO bei K\u00f6gel. \u201eIch \u00e4rgere mich \u00fcber die Dumping-Preise, mit denen einige unserer Marktbegleiter den Markt verzerren.\u201c\" \/>\n<meta name=\"robots\" content=\"index, follow, max-snippet:-1, max-image-preview:large, max-video-preview:-1\" \/>\n<link rel=\"canonical\" href=\"https:\/\/www.krafthand.de\/truck\/artikel\/wir-setzen-auf-kundennaehe-und-die-zuegige-umsetzung-von-produktanforderungen-44286\/\" \/>\n<meta property=\"og:locale\" content=\"de_DE\" \/>\n<meta property=\"og:type\" content=\"article\" \/>\n<meta property=\"og:title\" content=\"\u201eWir setzen auf Kundenn\u00e4he und die z\u00fcgige Umsetzung von Produktanforderungen.\u201c - Krafthand-Truck\" \/>\n<meta property=\"og:description\" content=\"Im Gespr\u00e4ch mit Thore Bakker, CSO bei K\u00f6gel. \u201eIch \u00e4rgere mich \u00fcber die Dumping-Preise, mit denen einige unserer Marktbegleiter den Markt verzerren.\u201c\" \/>\n<meta property=\"og:url\" content=\"https:\/\/www.krafthand-truck.de\/artikel\/wir-setzen-auf-kundennaehe-und-die-zuegige-umsetzung-von-produktanforderungen-44286\/\" \/>\n<meta property=\"og:site_name\" content=\"Krafthand-Truck\" \/>\n<meta property=\"article:published_time\" content=\"2025-10-31T08:19:06+00:00\" \/>\n<meta property=\"article:modified_time\" content=\"2025-10-31T08:25:06+00:00\" \/>\n<meta property=\"og:image\" content=\"https:\/\/static.krafthand-truck.de\/uploads\/2025\/10\/Koegel_Thore_Bakker_Interview.jpg\" \/>\n\t<meta property=\"og:image:width\" content=\"1200\" \/>\n\t<meta property=\"og:image:height\" content=\"539\" \/>\n\t<meta property=\"og:image:type\" content=\"image\/jpeg\" \/>\n<meta name=\"author\" content=\"georg.blenk@krafthand-medien.de\" \/>\n<meta name=\"twitter:card\" content=\"summary_large_image\" \/>\n<meta name=\"twitter:label1\" content=\"Verfasst von\" \/>\n\t<meta name=\"twitter:data1\" content=\"georg.blenk@krafthand-medien.de\" \/>\n\t<meta name=\"twitter:label2\" content=\"Gesch\u00e4tzte Lesezeit\" \/>\n\t<meta name=\"twitter:data2\" content=\"8\u00a0Minuten\" \/>\n<script type=\"application\/ld+json\" class=\"yoast-schema-graph\">{\"@context\":\"https:\\\/\\\/schema.org\",\"@graph\":[{\"@type\":\"Article\",\"@id\":\"https:\\\/\\\/www.krafthand.de\\\/truck\\\/artikel\\\/wir-setzen-auf-kundennaehe-und-die-zuegige-umsetzung-von-produktanforderungen-44286\\\/#article\",\"isPartOf\":{\"@id\":\"https:\\\/\\\/www.krafthand.de\\\/truck\\\/artikel\\\/wir-setzen-auf-kundennaehe-und-die-zuegige-umsetzung-von-produktanforderungen-44286\\\/\"},\"author\":{\"name\":\"georg.blenk@krafthand-medien.de\",\"@id\":\"https:\\\/\\\/www.krafthand.de\\\/truck\\\/#\\\/schema\\\/person\\\/51fa80b1c57034c4bf63f9f988fc24ce\"},\"headline\":\"\u201eWir setzen auf Kundenn\u00e4he und die z\u00fcgige Umsetzung von Produktanforderungen.\u201c\",\"datePublished\":\"2025-10-31T08:19:06+00:00\",\"dateModified\":\"2025-10-31T08:25:06+00:00\",\"mainEntityOfPage\":{\"@id\":\"https:\\\/\\\/www.krafthand.de\\\/truck\\\/artikel\\\/wir-setzen-auf-kundennaehe-und-die-zuegige-umsetzung-von-produktanforderungen-44286\\\/\"},\"wordCount\":1241,\"image\":{\"@id\":\"https:\\\/\\\/www.krafthand.de\\\/truck\\\/artikel\\\/wir-setzen-auf-kundennaehe-und-die-zuegige-umsetzung-von-produktanforderungen-44286\\\/#primaryimage\"},\"thumbnailUrl\":\"https:\\\/\\\/static.krafthand-truck.de\\\/uploads\\\/2025\\\/10\\\/Koegel_Thore_Bakker_Interview.jpg\",\"keywords\":[\"E-Trailer\",\"K\u00f6gel\",\"Thore Bakker\"],\"articleSection\":[\"K\u00f6pfe\\\/Personen\",\"Trailer\\\/Aufbauten\"],\"inLanguage\":\"de\"},{\"@type\":\"WebPage\",\"@id\":\"https:\\\/\\\/www.krafthand.de\\\/truck\\\/artikel\\\/wir-setzen-auf-kundennaehe-und-die-zuegige-umsetzung-von-produktanforderungen-44286\\\/\",\"url\":\"https:\\\/\\\/www.krafthand.de\\\/truck\\\/artikel\\\/wir-setzen-auf-kundennaehe-und-die-zuegige-umsetzung-von-produktanforderungen-44286\\\/\",\"name\":\"\u201eWir setzen auf Kundenn\u00e4he und die z\u00fcgige Umsetzung von Produktanforderungen.\u201c - Krafthand-Truck\",\"isPartOf\":{\"@id\":\"https:\\\/\\\/www.krafthand.de\\\/truck\\\/#website\"},\"primaryImageOfPage\":{\"@id\":\"https:\\\/\\\/www.krafthand.de\\\/truck\\\/artikel\\\/wir-setzen-auf-kundennaehe-und-die-zuegige-umsetzung-von-produktanforderungen-44286\\\/#primaryimage\"},\"image\":{\"@id\":\"https:\\\/\\\/www.krafthand.de\\\/truck\\\/artikel\\\/wir-setzen-auf-kundennaehe-und-die-zuegige-umsetzung-von-produktanforderungen-44286\\\/#primaryimage\"},\"thumbnailUrl\":\"https:\\\/\\\/static.krafthand-truck.de\\\/uploads\\\/2025\\\/10\\\/Koegel_Thore_Bakker_Interview.jpg\",\"datePublished\":\"2025-10-31T08:19:06+00:00\",\"dateModified\":\"2025-10-31T08:25:06+00:00\",\"author\":{\"@id\":\"https:\\\/\\\/www.krafthand.de\\\/truck\\\/#\\\/schema\\\/person\\\/51fa80b1c57034c4bf63f9f988fc24ce\"},\"description\":\"Im Gespr\u00e4ch mit Thore Bakker, CSO bei K\u00f6gel. \u201eIch \u00e4rgere mich \u00fcber die Dumping-Preise, mit denen einige unserer Marktbegleiter den Markt verzerren.\u201c\",\"breadcrumb\":{\"@id\":\"https:\\\/\\\/www.krafthand.de\\\/truck\\\/artikel\\\/wir-setzen-auf-kundennaehe-und-die-zuegige-umsetzung-von-produktanforderungen-44286\\\/#breadcrumb\"},\"inLanguage\":\"de\",\"potentialAction\":[{\"@type\":\"ReadAction\",\"target\":[\"https:\\\/\\\/www.krafthand.de\\\/truck\\\/artikel\\\/wir-setzen-auf-kundennaehe-und-die-zuegige-umsetzung-von-produktanforderungen-44286\\\/\"]}]},{\"@type\":\"ImageObject\",\"inLanguage\":\"de\",\"@id\":\"https:\\\/\\\/www.krafthand.de\\\/truck\\\/artikel\\\/wir-setzen-auf-kundennaehe-und-die-zuegige-umsetzung-von-produktanforderungen-44286\\\/#primaryimage\",\"url\":\"https:\\\/\\\/static.krafthand-truck.de\\\/uploads\\\/2025\\\/10\\\/Koegel_Thore_Bakker_Interview.jpg\",\"contentUrl\":\"https:\\\/\\\/static.krafthand-truck.de\\\/uploads\\\/2025\\\/10\\\/Koegel_Thore_Bakker_Interview.jpg\",\"width\":1200,\"height\":539},{\"@type\":\"BreadcrumbList\",\"@id\":\"https:\\\/\\\/www.krafthand.de\\\/truck\\\/artikel\\\/wir-setzen-auf-kundennaehe-und-die-zuegige-umsetzung-von-produktanforderungen-44286\\\/#breadcrumb\",\"itemListElement\":[{\"@type\":\"ListItem\",\"position\":1,\"name\":\"Krafthand-Truck\",\"item\":\"https:\\\/\\\/www.krafthand.de\\\/truck\\\/\"},{\"@type\":\"ListItem\",\"position\":2,\"name\":\"Nfz-Branche\",\"item\":\"https:\\\/\\\/www.krafthand.de\\\/truck\\\/kategorie\\\/branche\\\/\"},{\"@type\":\"ListItem\",\"position\":3,\"name\":\"K\u00f6pfe\\\/Personen\",\"item\":\"https:\\\/\\\/www.krafthand.de\\\/truck\\\/kategorie\\\/branche\\\/koepfe\\\/\"},{\"@type\":\"ListItem\",\"position\":4,\"name\":\"\u201eWir setzen auf Kundenn\u00e4he und die z\u00fcgige Umsetzung von Produktanforderungen.\u201c\"}]},{\"@type\":\"WebSite\",\"@id\":\"https:\\\/\\\/www.krafthand.de\\\/truck\\\/#website\",\"url\":\"https:\\\/\\\/www.krafthand.de\\\/truck\\\/\",\"name\":\"Krafthand-Truck\",\"description\":\"\",\"potentialAction\":[{\"@type\":\"SearchAction\",\"target\":{\"@type\":\"EntryPoint\",\"urlTemplate\":\"https:\\\/\\\/www.krafthand.de\\\/truck\\\/?s={search_term_string}\"},\"query-input\":{\"@type\":\"PropertyValueSpecification\",\"valueRequired\":true,\"valueName\":\"search_term_string\"}}],\"inLanguage\":\"de\"},{\"@type\":\"Person\",\"@id\":\"https:\\\/\\\/www.krafthand.de\\\/truck\\\/#\\\/schema\\\/person\\\/51fa80b1c57034c4bf63f9f988fc24ce\",\"name\":\"georg.blenk@krafthand-medien.de\",\"image\":{\"@type\":\"ImageObject\",\"inLanguage\":\"de\",\"@id\":\"https:\\\/\\\/secure.gravatar.com\\\/avatar\\\/93713c30affe0aa95d3a4130e499bb1abee2eb31adbdd9ce2aa1543538490215?s=96&d=mm&r=g\",\"url\":\"https:\\\/\\\/secure.gravatar.com\\\/avatar\\\/93713c30affe0aa95d3a4130e499bb1abee2eb31adbdd9ce2aa1543538490215?s=96&d=mm&r=g\",\"contentUrl\":\"https:\\\/\\\/secure.gravatar.com\\\/avatar\\\/93713c30affe0aa95d3a4130e499bb1abee2eb31adbdd9ce2aa1543538490215?s=96&d=mm&r=g\",\"caption\":\"georg.blenk@krafthand-medien.de\"}}]}<\/script>\n<!-- \/ Yoast SEO plugin. -->","yoast_head_json":{"title":"\u201eWir setzen auf Kundenn\u00e4he und die z\u00fcgige Umsetzung von Produktanforderungen.\u201c - Krafthand-Truck","description":"Im Gespr\u00e4ch mit Thore Bakker, CSO bei K\u00f6gel. \u201eIch \u00e4rgere mich \u00fcber die Dumping-Preise, mit denen einige unserer Marktbegleiter den Markt verzerren.\u201c","robots":{"index":"index","follow":"follow","max-snippet":"max-snippet:-1","max-image-preview":"max-image-preview:large","max-video-preview":"max-video-preview:-1"},"canonical":"https:\/\/www.krafthand.de\/truck\/artikel\/wir-setzen-auf-kundennaehe-und-die-zuegige-umsetzung-von-produktanforderungen-44286\/","og_locale":"de_DE","og_type":"article","og_title":"\u201eWir setzen auf Kundenn\u00e4he und die z\u00fcgige Umsetzung von Produktanforderungen.\u201c - Krafthand-Truck","og_description":"Im Gespr\u00e4ch mit Thore Bakker, CSO bei K\u00f6gel. \u201eIch \u00e4rgere mich \u00fcber die Dumping-Preise, mit denen einige unserer Marktbegleiter den Markt verzerren.\u201c","og_url":"https:\/\/www.krafthand-truck.de\/artikel\/wir-setzen-auf-kundennaehe-und-die-zuegige-umsetzung-von-produktanforderungen-44286\/","og_site_name":"Krafthand-Truck","article_published_time":"2025-10-31T08:19:06+00:00","article_modified_time":"2025-10-31T08:25:06+00:00","og_image":[{"width":1200,"height":539,"url":"https:\/\/static.krafthand-truck.de\/uploads\/2025\/10\/Koegel_Thore_Bakker_Interview.jpg","type":"image\/jpeg"}],"author":"georg.blenk@krafthand-medien.de","twitter_card":"summary_large_image","twitter_misc":{"Verfasst von":"georg.blenk@krafthand-medien.de","Gesch\u00e4tzte Lesezeit":"8\u00a0Minuten"},"schema":{"@context":"https:\/\/schema.org","@graph":[{"@type":"Article","@id":"https:\/\/www.krafthand.de\/truck\/artikel\/wir-setzen-auf-kundennaehe-und-die-zuegige-umsetzung-von-produktanforderungen-44286\/#article","isPartOf":{"@id":"https:\/\/www.krafthand.de\/truck\/artikel\/wir-setzen-auf-kundennaehe-und-die-zuegige-umsetzung-von-produktanforderungen-44286\/"},"author":{"name":"georg.blenk@krafthand-medien.de","@id":"https:\/\/www.krafthand.de\/truck\/#\/schema\/person\/51fa80b1c57034c4bf63f9f988fc24ce"},"headline":"\u201eWir setzen auf Kundenn\u00e4he und die z\u00fcgige Umsetzung von Produktanforderungen.\u201c","datePublished":"2025-10-31T08:19:06+00:00","dateModified":"2025-10-31T08:25:06+00:00","mainEntityOfPage":{"@id":"https:\/\/www.krafthand.de\/truck\/artikel\/wir-setzen-auf-kundennaehe-und-die-zuegige-umsetzung-von-produktanforderungen-44286\/"},"wordCount":1241,"image":{"@id":"https:\/\/www.krafthand.de\/truck\/artikel\/wir-setzen-auf-kundennaehe-und-die-zuegige-umsetzung-von-produktanforderungen-44286\/#primaryimage"},"thumbnailUrl":"https:\/\/static.krafthand-truck.de\/uploads\/2025\/10\/Koegel_Thore_Bakker_Interview.jpg","keywords":["E-Trailer","K\u00f6gel","Thore Bakker"],"articleSection":["K\u00f6pfe\/Personen","Trailer\/Aufbauten"],"inLanguage":"de"},{"@type":"WebPage","@id":"https:\/\/www.krafthand.de\/truck\/artikel\/wir-setzen-auf-kundennaehe-und-die-zuegige-umsetzung-von-produktanforderungen-44286\/","url":"https:\/\/www.krafthand.de\/truck\/artikel\/wir-setzen-auf-kundennaehe-und-die-zuegige-umsetzung-von-produktanforderungen-44286\/","name":"\u201eWir setzen auf Kundenn\u00e4he und die z\u00fcgige Umsetzung von Produktanforderungen.\u201c - Krafthand-Truck","isPartOf":{"@id":"https:\/\/www.krafthand.de\/truck\/#website"},"primaryImageOfPage":{"@id":"https:\/\/www.krafthand.de\/truck\/artikel\/wir-setzen-auf-kundennaehe-und-die-zuegige-umsetzung-von-produktanforderungen-44286\/#primaryimage"},"image":{"@id":"https:\/\/www.krafthand.de\/truck\/artikel\/wir-setzen-auf-kundennaehe-und-die-zuegige-umsetzung-von-produktanforderungen-44286\/#primaryimage"},"thumbnailUrl":"https:\/\/static.krafthand-truck.de\/uploads\/2025\/10\/Koegel_Thore_Bakker_Interview.jpg","datePublished":"2025-10-31T08:19:06+00:00","dateModified":"2025-10-31T08:25:06+00:00","author":{"@id":"https:\/\/www.krafthand.de\/truck\/#\/schema\/person\/51fa80b1c57034c4bf63f9f988fc24ce"},"description":"Im Gespr\u00e4ch mit Thore Bakker, CSO bei K\u00f6gel. \u201eIch \u00e4rgere mich \u00fcber die Dumping-Preise, mit denen einige unserer Marktbegleiter den Markt verzerren.\u201c","breadcrumb":{"@id":"https:\/\/www.krafthand.de\/truck\/artikel\/wir-setzen-auf-kundennaehe-und-die-zuegige-umsetzung-von-produktanforderungen-44286\/#breadcrumb"},"inLanguage":"de","potentialAction":[{"@type":"ReadAction","target":["https:\/\/www.krafthand.de\/truck\/artikel\/wir-setzen-auf-kundennaehe-und-die-zuegige-umsetzung-von-produktanforderungen-44286\/"]}]},{"@type":"ImageObject","inLanguage":"de","@id":"https:\/\/www.krafthand.de\/truck\/artikel\/wir-setzen-auf-kundennaehe-und-die-zuegige-umsetzung-von-produktanforderungen-44286\/#primaryimage","url":"https:\/\/static.krafthand-truck.de\/uploads\/2025\/10\/Koegel_Thore_Bakker_Interview.jpg","contentUrl":"https:\/\/static.krafthand-truck.de\/uploads\/2025\/10\/Koegel_Thore_Bakker_Interview.jpg","width":1200,"height":539},{"@type":"BreadcrumbList","@id":"https:\/\/www.krafthand.de\/truck\/artikel\/wir-setzen-auf-kundennaehe-und-die-zuegige-umsetzung-von-produktanforderungen-44286\/#breadcrumb","itemListElement":[{"@type":"ListItem","position":1,"name":"Krafthand-Truck","item":"https:\/\/www.krafthand.de\/truck\/"},{"@type":"ListItem","position":2,"name":"Nfz-Branche","item":"https:\/\/www.krafthand.de\/truck\/kategorie\/branche\/"},{"@type":"ListItem","position":3,"name":"K\u00f6pfe\/Personen","item":"https:\/\/www.krafthand.de\/truck\/kategorie\/branche\/koepfe\/"},{"@type":"ListItem","position":4,"name":"\u201eWir setzen auf Kundenn\u00e4he und die z\u00fcgige Umsetzung von Produktanforderungen.\u201c"}]},{"@type":"WebSite","@id":"https:\/\/www.krafthand.de\/truck\/#website","url":"https:\/\/www.krafthand.de\/truck\/","name":"Krafthand-Truck","description":"","potentialAction":[{"@type":"SearchAction","target":{"@type":"EntryPoint","urlTemplate":"https:\/\/www.krafthand.de\/truck\/?s={search_term_string}"},"query-input":{"@type":"PropertyValueSpecification","valueRequired":true,"valueName":"search_term_string"}}],"inLanguage":"de"},{"@type":"Person","@id":"https:\/\/www.krafthand.de\/truck\/#\/schema\/person\/51fa80b1c57034c4bf63f9f988fc24ce","name":"georg.blenk@krafthand-medien.de","image":{"@type":"ImageObject","inLanguage":"de","@id":"https:\/\/secure.gravatar.com\/avatar\/93713c30affe0aa95d3a4130e499bb1abee2eb31adbdd9ce2aa1543538490215?s=96&d=mm&r=g","url":"https:\/\/secure.gravatar.com\/avatar\/93713c30affe0aa95d3a4130e499bb1abee2eb31adbdd9ce2aa1543538490215?s=96&d=mm&r=g","contentUrl":"https:\/\/secure.gravatar.com\/avatar\/93713c30affe0aa95d3a4130e499bb1abee2eb31adbdd9ce2aa1543538490215?s=96&d=mm&r=g","caption":"georg.blenk@krafthand-medien.de"}}]}},"_links":{"self":[{"href":"https:\/\/www.krafthand.de\/truck\/wp-json\/wp\/v2\/posts\/44286","targetHints":{"allow":["GET"]}}],"collection":[{"href":"https:\/\/www.krafthand.de\/truck\/wp-json\/wp\/v2\/posts"}],"about":[{"href":"https:\/\/www.krafthand.de\/truck\/wp-json\/wp\/v2\/types\/post"}],"author":[{"embeddable":true,"href":"https:\/\/www.krafthand.de\/truck\/wp-json\/wp\/v2\/users\/9"}],"replies":[{"embeddable":true,"href":"https:\/\/www.krafthand.de\/truck\/wp-json\/wp\/v2\/comments?post=44286"}],"version-history":[{"count":22,"href":"https:\/\/www.krafthand.de\/truck\/wp-json\/wp\/v2\/posts\/44286\/revisions"}],"predecessor-version":[{"id":44314,"href":"https:\/\/www.krafthand.de\/truck\/wp-json\/wp\/v2\/posts\/44286\/revisions\/44314"}],"wp:featuredmedia":[{"embeddable":true,"href":"https:\/\/www.krafthand.de\/truck\/wp-json\/wp\/v2\/media\/44289"}],"wp:attachment":[{"href":"https:\/\/www.krafthand.de\/truck\/wp-json\/wp\/v2\/media?parent=44286"}],"wp:term":[{"taxonomy":"category","embeddable":true,"href":"https:\/\/www.krafthand.de\/truck\/wp-json\/wp\/v2\/categories?post=44286"},{"taxonomy":"post_tag","embeddable":true,"href":"https:\/\/www.krafthand.de\/truck\/wp-json\/wp\/v2\/tags?post=44286"},{"taxonomy":"settings","embeddable":true,"href":"https:\/\/www.krafthand.de\/truck\/wp-json\/wp\/v2\/settings?post=44286"}],"curies":[{"name":"wp","href":"https:\/\/api.w.org\/{rel}","templated":true}]}}