{"id":44266,"date":"2025-10-24T12:53:31","date_gmt":"2025-10-24T10:53:31","guid":{"rendered":"https:\/\/www.krafthand.de\/truck\/?p=44266"},"modified":"2025-10-24T12:54:15","modified_gmt":"2025-10-24T10:54:15","slug":"erster-lkw-der-welt-absolvierte-nach-restaurierung-offiziellen-einsatz","status":"publish","type":"post","link":"https:\/\/www.krafthand.de\/truck\/artikel\/erster-lkw-der-welt-absolvierte-nach-restaurierung-offiziellen-einsatz-44266\/","title":{"rendered":"Erster Lkw der Welt absolvierte nach Restaurierung offiziellen Einsatz."},"content":{"rendered":"<p>Beim 47. <a href=\"https:\/\/www.krautfest.org\" target=\"_blank\" rel=\"noopener\">Krautfest<\/a> in Leinfelden-Echterdingen wurde Geschichte lebendig: Der erste Lkw der Welt absolvierte nach einer aufw\u00e4ndigen Restaurierung seinen ersten offiziellen Einsatz. Gesteuert wurde das historische Fahrzeug von Wilhelm Supper, dem Beauftragten der Kfz-Innung Region Stuttgart f\u00fcr die Zusatzqualifikation Old- und Youngtimer-Technik, gemeinsam mit Otto Ruppaner, Oberb\u00fcrgermeister von Leinfelden-Echterdingen.<\/p>\n<p>Die fachgerechte Restaurierung des Lkw erfolgte im Rahmen der Zusatzqualifikation Old- und Youngtimer-Technik, die an den drei Schulstandorten Backnang, Ludwigsburg und N\u00fcrtingen im Bezirk der <a href=\"https:\/\/www.kfz-innung-stuttgart.de\/home.html\" target=\"_blank\" rel=\"noopener\">Kfz-Innung Region Stuttgart<\/a> angeboten wird. Durchgef\u00fchrt wurde die anspruchsvolle Instandsetzung von den Auszubildenden an der Philipp-Matth\u00e4us-Hahn-Schule N\u00fcrtingen unter Anleitung ihrer Ausbilder.<\/p>\n<figure id=\"attachment_44270\" aria-describedby=\"caption-attachment-44270\" style=\"width: 420px\" class=\"wp-caption alignleft\"><img fetchpriority=\"high\" decoding=\"async\" class=\"wp-image-44270\" src=\"https:\/\/static.krafthand-truck.de\/uploads\/2025\/10\/Innung_Stuttgart_Krautfest_Lkw_Restaurierung_Daimler2-300x206.jpg\" alt=\"\" width=\"420\" height=\"288\" srcset=\"https:\/\/static.krafthand-truck.de\/uploads\/2025\/10\/Innung_Stuttgart_Krautfest_Lkw_Restaurierung_Daimler2-300x206.jpg 300w, https:\/\/static.krafthand-truck.de\/uploads\/2025\/10\/Innung_Stuttgart_Krautfest_Lkw_Restaurierung_Daimler2-768x526.jpg 768w, https:\/\/static.krafthand-truck.de\/uploads\/2025\/10\/Innung_Stuttgart_Krautfest_Lkw_Restaurierung_Daimler2.jpg 800w\" sizes=\"(max-width: 420px) 100vw, 420px\" \/><figcaption id=\"caption-attachment-44270\" class=\"wp-caption-text\">Viele Stunden Handarbeit &#8211; das Ergebnis: Ein St\u00fcck Automobilgeschichte. Am Steuer: Wilhelm Supper (l.) und Otto Ruppaner. Bild: Kfz-Innung Region Stuttgart<\/figcaption><\/figure>\n<p>In vielen Stunden pr\u00e4ziser Handarbeit wurde das \u00fcber 130 Jahre alte Fahrzeug wieder fahrbereit gemacht \u2013 ein au\u00dfergew\u00f6hnliches Projekt, das technisches K\u00f6nnen, Begeisterung f\u00fcr historische Fahrzeuge und Teamarbeit verbindet.<\/p>\n<blockquote><p>\u201eMit diesem Projekt ist ein St\u00fcck Automobilgeschichte bewahrt und gezeigt worden, wie lebendig und praxisnah Ausbildung im Kfz-Gewerbe heute ist. Der Lkw steht sinnbildlich f\u00fcr das Zusammenspiel von Tradition, Technik und Leidenschaft, das unser Handwerk ausmacht&#8220;, so Torsten Treiber, Obermeister der Kfz-Innung Region Stuttgart.<\/p><\/blockquote>\n<p>Auch Christian Reher, der Gesch\u00e4ftsf\u00fchrer der Innung, w\u00fcrdigte die Leistung insbesondere der jungen Kfz-Profis:\u00a0<em>\u201eEin ganz herzlicher Dank geht an die Azubis der Philipp-Matth\u00e4us-Hahn-Schule N\u00fcrtingen und ihre Ausbilder. Sie haben mit gro\u00dfem Engagement und viel Herzblut gearbeitet \u2013 gr\u00f6\u00dftenteils ehrenamtlich. Das ist keine Selbstverst\u00e4ndlichkeit und verdient h\u00f6chsten Respekt.\u201c<\/em><\/p>\n<p>Mit der Fahrt beim Krautfest wurde das au\u00dfergew\u00f6hnliche Projekt einem breiten Publikum vorgestellt \u2013 ein starkes Zeichen f\u00fcr handwerkliches K\u00f6nnen, Nachwuchsf\u00f6rderung und die Bedeutung des Ehrenamts im Kfz-Gewerbe.<\/p>\n","protected":false},"excerpt":{"rendered":"<p>Beim 47. Krautfest in Leinfelden-Echterdingen wurde Geschichte lebendig: Der erste Lkw der Welt absolvierte nach einer aufw\u00e4ndigen Restaurierung seinen ersten offiziellen Einsatz. Gesteuert wurde das Fahrzeug von Wilhelm Supper, dem Beauftragten der Kfz-Innung Region Stuttgart f\u00fcr die Zusatzqualifikation Old- und Youngtimer-Technik, gemeinsam mit Otto Ruppaner, Oberb\u00fcrgermeister von Leinfelden-Echterdingen. <span class=\"excerpt-more__dots\">&#8230;<\/span> <a class=\"excerpt-more__link\" href=\"https:\/\/www.krafthand.de\/truck\/artikel\/erster-lkw-der-welt-absolvierte-nach-restaurierung-offiziellen-einsatz-44266\/\" >weiter<\/a><\/p>\n","protected":false},"author":9,"featured_media":44269,"comment_status":"closed","ping_status":"closed","sticky":false,"template":"","format":"standard","meta":{"footnotes":""},"categories":[4324,4245],"tags":[1014,6176,4393,6337,4294,3630],"settings":[4766,3523],"class_list":["post-44266","post","type-post","status-publish","format-standard","has-post-thumbnail","hentry","category-schulungen-bildung","category-verbaende","tag-ausbildung","tag-fachkraeftemangel","tag-fortbildung","tag-kfz-innung-region-stuttgart","tag-oldtimer","tag-weiterbildung"],"yoast_head":"<!-- This site is optimized with the Yoast SEO plugin v27.3 - https:\/\/yoast.com\/product\/yoast-seo-wordpress\/ -->\n<title>Erster Lkw der Welt absolvierte nach Restaurierung offiziellen Einsatz. - Krafthand-Truck<\/title>\n<meta name=\"description\" content=\"Der erste Lkw der Welt absolvierte nach einer aufw\u00e4ndigen Restaurierung in Leinfelden-Echterdingen seinen ersten offiziellen Einsatz.\" \/>\n<meta name=\"robots\" content=\"index, follow, max-snippet:-1, max-image-preview:large, max-video-preview:-1\" \/>\n<link rel=\"canonical\" href=\"https:\/\/www.krafthand.de\/truck\/artikel\/erster-lkw-der-welt-absolvierte-nach-restaurierung-offiziellen-einsatz-44266\/\" \/>\n<meta property=\"og:locale\" content=\"de_DE\" \/>\n<meta property=\"og:type\" content=\"article\" \/>\n<meta property=\"og:title\" content=\"Erster Lkw der Welt absolvierte nach Restaurierung offiziellen Einsatz. - Krafthand-Truck\" \/>\n<meta property=\"og:description\" content=\"Der erste Lkw der Welt absolvierte nach einer aufw\u00e4ndigen Restaurierung in Leinfelden-Echterdingen seinen ersten offiziellen Einsatz.\" \/>\n<meta property=\"og:url\" content=\"https:\/\/www.krafthand-truck.de\/artikel\/erster-lkw-der-welt-absolvierte-nach-restaurierung-offiziellen-einsatz-44266\/\" \/>\n<meta property=\"og:site_name\" content=\"Krafthand-Truck\" \/>\n<meta property=\"article:published_time\" content=\"2025-10-24T10:53:31+00:00\" \/>\n<meta property=\"article:modified_time\" content=\"2025-10-24T10:54:15+00:00\" \/>\n<meta property=\"og:image\" content=\"https:\/\/static.krafthand-truck.de\/uploads\/2025\/10\/Innung_Stuttgart_Krautfest_Lkw_Restaurierung_Daimler1.jpg\" \/>\n\t<meta property=\"og:image:width\" content=\"1200\" \/>\n\t<meta property=\"og:image:height\" content=\"827\" \/>\n\t<meta property=\"og:image:type\" content=\"image\/jpeg\" \/>\n<meta name=\"author\" content=\"georg.blenk@krafthand-medien.de\" \/>\n<meta name=\"twitter:card\" content=\"summary_large_image\" \/>\n<meta name=\"twitter:label1\" content=\"Verfasst von\" \/>\n\t<meta name=\"twitter:data1\" content=\"georg.blenk@krafthand-medien.de\" \/>\n\t<meta name=\"twitter:label2\" content=\"Gesch\u00e4tzte Lesezeit\" \/>\n\t<meta name=\"twitter:data2\" content=\"2\u00a0Minuten\" \/>\n<script type=\"application\/ld+json\" class=\"yoast-schema-graph\">{\"@context\":\"https:\\\/\\\/schema.org\",\"@graph\":[{\"@type\":\"Article\",\"@id\":\"https:\\\/\\\/www.krafthand.de\\\/truck\\\/artikel\\\/erster-lkw-der-welt-absolvierte-nach-restaurierung-offiziellen-einsatz-44266\\\/#article\",\"isPartOf\":{\"@id\":\"https:\\\/\\\/www.krafthand.de\\\/truck\\\/artikel\\\/erster-lkw-der-welt-absolvierte-nach-restaurierung-offiziellen-einsatz-44266\\\/\"},\"author\":{\"name\":\"georg.blenk@krafthand-medien.de\",\"@id\":\"https:\\\/\\\/www.krafthand.de\\\/truck\\\/#\\\/schema\\\/person\\\/51fa80b1c57034c4bf63f9f988fc24ce\"},\"headline\":\"Erster Lkw der Welt absolvierte nach Restaurierung offiziellen Einsatz.\",\"datePublished\":\"2025-10-24T10:53:31+00:00\",\"dateModified\":\"2025-10-24T10:54:15+00:00\",\"mainEntityOfPage\":{\"@id\":\"https:\\\/\\\/www.krafthand.de\\\/truck\\\/artikel\\\/erster-lkw-der-welt-absolvierte-nach-restaurierung-offiziellen-einsatz-44266\\\/\"},\"wordCount\":305,\"image\":{\"@id\":\"https:\\\/\\\/www.krafthand.de\\\/truck\\\/artikel\\\/erster-lkw-der-welt-absolvierte-nach-restaurierung-offiziellen-einsatz-44266\\\/#primaryimage\"},\"thumbnailUrl\":\"https:\\\/\\\/static.krafthand-truck.de\\\/uploads\\\/2025\\\/10\\\/Innung_Stuttgart_Krautfest_Lkw_Restaurierung_Daimler1.jpg\",\"keywords\":[\"Ausbildung\",\"Fachkr\u00e4ftemangel\",\"Fortbildung\",\"Kfz-Innung Region Stuttgart\",\"Oldtimer\",\"Weiterbildung\"],\"articleSection\":[\"Schulungen\\\/Bildung\",\"Verb\u00e4nde\\\/Politik\\\/Recht\"],\"inLanguage\":\"de\"},{\"@type\":\"WebPage\",\"@id\":\"https:\\\/\\\/www.krafthand.de\\\/truck\\\/artikel\\\/erster-lkw-der-welt-absolvierte-nach-restaurierung-offiziellen-einsatz-44266\\\/\",\"url\":\"https:\\\/\\\/www.krafthand.de\\\/truck\\\/artikel\\\/erster-lkw-der-welt-absolvierte-nach-restaurierung-offiziellen-einsatz-44266\\\/\",\"name\":\"Erster Lkw der Welt absolvierte nach Restaurierung offiziellen Einsatz. - Krafthand-Truck\",\"isPartOf\":{\"@id\":\"https:\\\/\\\/www.krafthand.de\\\/truck\\\/#website\"},\"primaryImageOfPage\":{\"@id\":\"https:\\\/\\\/www.krafthand.de\\\/truck\\\/artikel\\\/erster-lkw-der-welt-absolvierte-nach-restaurierung-offiziellen-einsatz-44266\\\/#primaryimage\"},\"image\":{\"@id\":\"https:\\\/\\\/www.krafthand.de\\\/truck\\\/artikel\\\/erster-lkw-der-welt-absolvierte-nach-restaurierung-offiziellen-einsatz-44266\\\/#primaryimage\"},\"thumbnailUrl\":\"https:\\\/\\\/static.krafthand-truck.de\\\/uploads\\\/2025\\\/10\\\/Innung_Stuttgart_Krautfest_Lkw_Restaurierung_Daimler1.jpg\",\"datePublished\":\"2025-10-24T10:53:31+00:00\",\"dateModified\":\"2025-10-24T10:54:15+00:00\",\"author\":{\"@id\":\"https:\\\/\\\/www.krafthand.de\\\/truck\\\/#\\\/schema\\\/person\\\/51fa80b1c57034c4bf63f9f988fc24ce\"},\"description\":\"Der erste Lkw der Welt absolvierte nach einer aufw\u00e4ndigen Restaurierung in Leinfelden-Echterdingen seinen ersten offiziellen Einsatz.\",\"breadcrumb\":{\"@id\":\"https:\\\/\\\/www.krafthand.de\\\/truck\\\/artikel\\\/erster-lkw-der-welt-absolvierte-nach-restaurierung-offiziellen-einsatz-44266\\\/#breadcrumb\"},\"inLanguage\":\"de\",\"potentialAction\":[{\"@type\":\"ReadAction\",\"target\":[\"https:\\\/\\\/www.krafthand.de\\\/truck\\\/artikel\\\/erster-lkw-der-welt-absolvierte-nach-restaurierung-offiziellen-einsatz-44266\\\/\"]}]},{\"@type\":\"ImageObject\",\"inLanguage\":\"de\",\"@id\":\"https:\\\/\\\/www.krafthand.de\\\/truck\\\/artikel\\\/erster-lkw-der-welt-absolvierte-nach-restaurierung-offiziellen-einsatz-44266\\\/#primaryimage\",\"url\":\"https:\\\/\\\/static.krafthand-truck.de\\\/uploads\\\/2025\\\/10\\\/Innung_Stuttgart_Krautfest_Lkw_Restaurierung_Daimler1.jpg\",\"contentUrl\":\"https:\\\/\\\/static.krafthand-truck.de\\\/uploads\\\/2025\\\/10\\\/Innung_Stuttgart_Krautfest_Lkw_Restaurierung_Daimler1.jpg\",\"width\":1200,\"height\":827},{\"@type\":\"BreadcrumbList\",\"@id\":\"https:\\\/\\\/www.krafthand.de\\\/truck\\\/artikel\\\/erster-lkw-der-welt-absolvierte-nach-restaurierung-offiziellen-einsatz-44266\\\/#breadcrumb\",\"itemListElement\":[{\"@type\":\"ListItem\",\"position\":1,\"name\":\"Krafthand-Truck\",\"item\":\"https:\\\/\\\/www.krafthand.de\\\/truck\\\/\"},{\"@type\":\"ListItem\",\"position\":2,\"name\":\"Nfz-Branche\",\"item\":\"https:\\\/\\\/www.krafthand.de\\\/truck\\\/kategorie\\\/branche\\\/\"},{\"@type\":\"ListItem\",\"position\":3,\"name\":\"Verb\u00e4nde\\\/Politik\\\/Recht\",\"item\":\"https:\\\/\\\/www.krafthand.de\\\/truck\\\/kategorie\\\/branche\\\/verbaende\\\/\"},{\"@type\":\"ListItem\",\"position\":4,\"name\":\"Erster Lkw der Welt absolvierte nach Restaurierung offiziellen Einsatz.\"}]},{\"@type\":\"WebSite\",\"@id\":\"https:\\\/\\\/www.krafthand.de\\\/truck\\\/#website\",\"url\":\"https:\\\/\\\/www.krafthand.de\\\/truck\\\/\",\"name\":\"Krafthand-Truck\",\"description\":\"\",\"potentialAction\":[{\"@type\":\"SearchAction\",\"target\":{\"@type\":\"EntryPoint\",\"urlTemplate\":\"https:\\\/\\\/www.krafthand.de\\\/truck\\\/?s={search_term_string}\"},\"query-input\":{\"@type\":\"PropertyValueSpecification\",\"valueRequired\":true,\"valueName\":\"search_term_string\"}}],\"inLanguage\":\"de\"},{\"@type\":\"Person\",\"@id\":\"https:\\\/\\\/www.krafthand.de\\\/truck\\\/#\\\/schema\\\/person\\\/51fa80b1c57034c4bf63f9f988fc24ce\",\"name\":\"georg.blenk@krafthand-medien.de\",\"image\":{\"@type\":\"ImageObject\",\"inLanguage\":\"de\",\"@id\":\"https:\\\/\\\/secure.gravatar.com\\\/avatar\\\/93713c30affe0aa95d3a4130e499bb1abee2eb31adbdd9ce2aa1543538490215?s=96&d=mm&r=g\",\"url\":\"https:\\\/\\\/secure.gravatar.com\\\/avatar\\\/93713c30affe0aa95d3a4130e499bb1abee2eb31adbdd9ce2aa1543538490215?s=96&d=mm&r=g\",\"contentUrl\":\"https:\\\/\\\/secure.gravatar.com\\\/avatar\\\/93713c30affe0aa95d3a4130e499bb1abee2eb31adbdd9ce2aa1543538490215?s=96&d=mm&r=g\",\"caption\":\"georg.blenk@krafthand-medien.de\"}}]}<\/script>\n<!-- \/ Yoast SEO plugin. -->","yoast_head_json":{"title":"Erster Lkw der Welt absolvierte nach Restaurierung offiziellen Einsatz. - Krafthand-Truck","description":"Der erste Lkw der Welt absolvierte nach einer aufw\u00e4ndigen Restaurierung in Leinfelden-Echterdingen seinen ersten offiziellen Einsatz.","robots":{"index":"index","follow":"follow","max-snippet":"max-snippet:-1","max-image-preview":"max-image-preview:large","max-video-preview":"max-video-preview:-1"},"canonical":"https:\/\/www.krafthand.de\/truck\/artikel\/erster-lkw-der-welt-absolvierte-nach-restaurierung-offiziellen-einsatz-44266\/","og_locale":"de_DE","og_type":"article","og_title":"Erster Lkw der Welt absolvierte nach Restaurierung offiziellen Einsatz. - Krafthand-Truck","og_description":"Der erste Lkw der Welt absolvierte nach einer aufw\u00e4ndigen Restaurierung in Leinfelden-Echterdingen seinen ersten offiziellen Einsatz.","og_url":"https:\/\/www.krafthand-truck.de\/artikel\/erster-lkw-der-welt-absolvierte-nach-restaurierung-offiziellen-einsatz-44266\/","og_site_name":"Krafthand-Truck","article_published_time":"2025-10-24T10:53:31+00:00","article_modified_time":"2025-10-24T10:54:15+00:00","og_image":[{"width":1200,"height":827,"url":"https:\/\/static.krafthand-truck.de\/uploads\/2025\/10\/Innung_Stuttgart_Krautfest_Lkw_Restaurierung_Daimler1.jpg","type":"image\/jpeg"}],"author":"georg.blenk@krafthand-medien.de","twitter_card":"summary_large_image","twitter_misc":{"Verfasst von":"georg.blenk@krafthand-medien.de","Gesch\u00e4tzte Lesezeit":"2\u00a0Minuten"},"schema":{"@context":"https:\/\/schema.org","@graph":[{"@type":"Article","@id":"https:\/\/www.krafthand.de\/truck\/artikel\/erster-lkw-der-welt-absolvierte-nach-restaurierung-offiziellen-einsatz-44266\/#article","isPartOf":{"@id":"https:\/\/www.krafthand.de\/truck\/artikel\/erster-lkw-der-welt-absolvierte-nach-restaurierung-offiziellen-einsatz-44266\/"},"author":{"name":"georg.blenk@krafthand-medien.de","@id":"https:\/\/www.krafthand.de\/truck\/#\/schema\/person\/51fa80b1c57034c4bf63f9f988fc24ce"},"headline":"Erster Lkw der Welt absolvierte nach Restaurierung offiziellen Einsatz.","datePublished":"2025-10-24T10:53:31+00:00","dateModified":"2025-10-24T10:54:15+00:00","mainEntityOfPage":{"@id":"https:\/\/www.krafthand.de\/truck\/artikel\/erster-lkw-der-welt-absolvierte-nach-restaurierung-offiziellen-einsatz-44266\/"},"wordCount":305,"image":{"@id":"https:\/\/www.krafthand.de\/truck\/artikel\/erster-lkw-der-welt-absolvierte-nach-restaurierung-offiziellen-einsatz-44266\/#primaryimage"},"thumbnailUrl":"https:\/\/static.krafthand-truck.de\/uploads\/2025\/10\/Innung_Stuttgart_Krautfest_Lkw_Restaurierung_Daimler1.jpg","keywords":["Ausbildung","Fachkr\u00e4ftemangel","Fortbildung","Kfz-Innung Region Stuttgart","Oldtimer","Weiterbildung"],"articleSection":["Schulungen\/Bildung","Verb\u00e4nde\/Politik\/Recht"],"inLanguage":"de"},{"@type":"WebPage","@id":"https:\/\/www.krafthand.de\/truck\/artikel\/erster-lkw-der-welt-absolvierte-nach-restaurierung-offiziellen-einsatz-44266\/","url":"https:\/\/www.krafthand.de\/truck\/artikel\/erster-lkw-der-welt-absolvierte-nach-restaurierung-offiziellen-einsatz-44266\/","name":"Erster Lkw der Welt absolvierte nach Restaurierung offiziellen Einsatz. - Krafthand-Truck","isPartOf":{"@id":"https:\/\/www.krafthand.de\/truck\/#website"},"primaryImageOfPage":{"@id":"https:\/\/www.krafthand.de\/truck\/artikel\/erster-lkw-der-welt-absolvierte-nach-restaurierung-offiziellen-einsatz-44266\/#primaryimage"},"image":{"@id":"https:\/\/www.krafthand.de\/truck\/artikel\/erster-lkw-der-welt-absolvierte-nach-restaurierung-offiziellen-einsatz-44266\/#primaryimage"},"thumbnailUrl":"https:\/\/static.krafthand-truck.de\/uploads\/2025\/10\/Innung_Stuttgart_Krautfest_Lkw_Restaurierung_Daimler1.jpg","datePublished":"2025-10-24T10:53:31+00:00","dateModified":"2025-10-24T10:54:15+00:00","author":{"@id":"https:\/\/www.krafthand.de\/truck\/#\/schema\/person\/51fa80b1c57034c4bf63f9f988fc24ce"},"description":"Der erste Lkw der Welt absolvierte nach einer aufw\u00e4ndigen Restaurierung in Leinfelden-Echterdingen seinen ersten offiziellen Einsatz.","breadcrumb":{"@id":"https:\/\/www.krafthand.de\/truck\/artikel\/erster-lkw-der-welt-absolvierte-nach-restaurierung-offiziellen-einsatz-44266\/#breadcrumb"},"inLanguage":"de","potentialAction":[{"@type":"ReadAction","target":["https:\/\/www.krafthand.de\/truck\/artikel\/erster-lkw-der-welt-absolvierte-nach-restaurierung-offiziellen-einsatz-44266\/"]}]},{"@type":"ImageObject","inLanguage":"de","@id":"https:\/\/www.krafthand.de\/truck\/artikel\/erster-lkw-der-welt-absolvierte-nach-restaurierung-offiziellen-einsatz-44266\/#primaryimage","url":"https:\/\/static.krafthand-truck.de\/uploads\/2025\/10\/Innung_Stuttgart_Krautfest_Lkw_Restaurierung_Daimler1.jpg","contentUrl":"https:\/\/static.krafthand-truck.de\/uploads\/2025\/10\/Innung_Stuttgart_Krautfest_Lkw_Restaurierung_Daimler1.jpg","width":1200,"height":827},{"@type":"BreadcrumbList","@id":"https:\/\/www.krafthand.de\/truck\/artikel\/erster-lkw-der-welt-absolvierte-nach-restaurierung-offiziellen-einsatz-44266\/#breadcrumb","itemListElement":[{"@type":"ListItem","position":1,"name":"Krafthand-Truck","item":"https:\/\/www.krafthand.de\/truck\/"},{"@type":"ListItem","position":2,"name":"Nfz-Branche","item":"https:\/\/www.krafthand.de\/truck\/kategorie\/branche\/"},{"@type":"ListItem","position":3,"name":"Verb\u00e4nde\/Politik\/Recht","item":"https:\/\/www.krafthand.de\/truck\/kategorie\/branche\/verbaende\/"},{"@type":"ListItem","position":4,"name":"Erster Lkw der Welt absolvierte nach Restaurierung offiziellen Einsatz."}]},{"@type":"WebSite","@id":"https:\/\/www.krafthand.de\/truck\/#website","url":"https:\/\/www.krafthand.de\/truck\/","name":"Krafthand-Truck","description":"","potentialAction":[{"@type":"SearchAction","target":{"@type":"EntryPoint","urlTemplate":"https:\/\/www.krafthand.de\/truck\/?s={search_term_string}"},"query-input":{"@type":"PropertyValueSpecification","valueRequired":true,"valueName":"search_term_string"}}],"inLanguage":"de"},{"@type":"Person","@id":"https:\/\/www.krafthand.de\/truck\/#\/schema\/person\/51fa80b1c57034c4bf63f9f988fc24ce","name":"georg.blenk@krafthand-medien.de","image":{"@type":"ImageObject","inLanguage":"de","@id":"https:\/\/secure.gravatar.com\/avatar\/93713c30affe0aa95d3a4130e499bb1abee2eb31adbdd9ce2aa1543538490215?s=96&d=mm&r=g","url":"https:\/\/secure.gravatar.com\/avatar\/93713c30affe0aa95d3a4130e499bb1abee2eb31adbdd9ce2aa1543538490215?s=96&d=mm&r=g","contentUrl":"https:\/\/secure.gravatar.com\/avatar\/93713c30affe0aa95d3a4130e499bb1abee2eb31adbdd9ce2aa1543538490215?s=96&d=mm&r=g","caption":"georg.blenk@krafthand-medien.de"}}]}},"_links":{"self":[{"href":"https:\/\/www.krafthand.de\/truck\/wp-json\/wp\/v2\/posts\/44266","targetHints":{"allow":["GET"]}}],"collection":[{"href":"https:\/\/www.krafthand.de\/truck\/wp-json\/wp\/v2\/posts"}],"about":[{"href":"https:\/\/www.krafthand.de\/truck\/wp-json\/wp\/v2\/types\/post"}],"author":[{"embeddable":true,"href":"https:\/\/www.krafthand.de\/truck\/wp-json\/wp\/v2\/users\/9"}],"replies":[{"embeddable":true,"href":"https:\/\/www.krafthand.de\/truck\/wp-json\/wp\/v2\/comments?post=44266"}],"version-history":[{"count":8,"href":"https:\/\/www.krafthand.de\/truck\/wp-json\/wp\/v2\/posts\/44266\/revisions"}],"predecessor-version":[{"id":44276,"href":"https:\/\/www.krafthand.de\/truck\/wp-json\/wp\/v2\/posts\/44266\/revisions\/44276"}],"wp:featuredmedia":[{"embeddable":true,"href":"https:\/\/www.krafthand.de\/truck\/wp-json\/wp\/v2\/media\/44269"}],"wp:attachment":[{"href":"https:\/\/www.krafthand.de\/truck\/wp-json\/wp\/v2\/media?parent=44266"}],"wp:term":[{"taxonomy":"category","embeddable":true,"href":"https:\/\/www.krafthand.de\/truck\/wp-json\/wp\/v2\/categories?post=44266"},{"taxonomy":"post_tag","embeddable":true,"href":"https:\/\/www.krafthand.de\/truck\/wp-json\/wp\/v2\/tags?post=44266"},{"taxonomy":"settings","embeddable":true,"href":"https:\/\/www.krafthand.de\/truck\/wp-json\/wp\/v2\/settings?post=44266"}],"curies":[{"name":"wp","href":"https:\/\/api.w.org\/{rel}","templated":true}]}}