{"id":44260,"date":"2025-10-22T15:31:36","date_gmt":"2025-10-22T13:31:36","guid":{"rendered":"https:\/\/www.krafthand.de\/truck\/?p=44260"},"modified":"2025-10-22T16:42:11","modified_gmt":"2025-10-22T14:42:11","slug":"gelenkwellen-fuer-transporter","status":"publish","type":"post","link":"https:\/\/www.krafthand.de\/truck\/artikel\/gelenkwellen-fuer-transporter-44260\/","title":{"rendered":"Gelenkwellen f\u00fcr Transporter"},"content":{"rendered":"<p>Sprinter, Crafter, Daily und Co. sind t\u00e4glich im Einsatz, erreichen hohe Laufleistungen und m\u00fcssen zuverl\u00e4ssig funktionieren. Entsprechend hoch ist auch der Bedarf an Ersatzteilen. Mit Expresslieferung und einem breiten Produktsortiment m\u00f6chte das Neu-Ulmer Unternehmen Welte daf\u00fcr sorgen, dass leichte Nutzfahrzeuge schnell wieder auf die Stra\u00dfe kommen.<\/p>\n<p>Der Kardanwellen-Spezialist deckt mit seiner Marke \u201aEDS \u2013 All Driveshaft\u2018 nahezu alle Bedarfe leichter Nutzfahrzeuge im Gelenkwellenbereich ab. So h\u00e4lt <a href=\"https:\/\/www.welte-group.com\" target=\"_blank\" rel=\"noopener\">Welte<\/a> beispielsweise ein Angebot an \u00fcber 200 verschiedenen Gelenkwellen und den zus\u00e4tzlichen Haupt-Verschlei\u00dfkomponenten, wie Mittelwellenlager oder Kreuzgelenken f\u00fcr Mercedes-Transporter vor. Auch f\u00fcr Fahrzeuge von Renault, Iveco und Volkswagen und MAN bietet das Unternehmen passende L\u00f6sungen.<\/p>\n<blockquote><p>\u201eTransporter sind das R\u00fcckgrat der Last-Mile-Logistik \u2013 sie halten Lieferketten am Laufen und sorgen daf\u00fcr, dass Waren p\u00fcnktlich beim Kunden ankommen. Stillstand bedeutet hier nicht nur Zeitverlust, sondern oft auch hohe Kosten. Damit Kundenfahrzeuge nach einer Reparatur schnell wieder auf die Stra\u00dfe kommen, bieten wir Gro\u00dfhandelspartnern eine effiziente Dropshipment-L\u00f6sung f\u00fcr den Neutralversand direkt an die Werkstatt an\u201c, so Ulf K\u00fcck, einer der Gesch\u00e4ftsf\u00fchrer der Welte Group.<\/p><\/blockquote>\n<h3>OE-Qualit\u00e4t und Alternativen<\/h3>\n<p>Als OES-Anbieter und offizieller Remanufacturing-Partner von Daimler Buses kenne Welte die Qualit\u00e4tsanforderungen an Gelenkwellen. Bei Schmiedeteilen, Kreuzgelenken oder Rohrabschnitten mache man keine Kompromisse. Um jedoch auch dem preissensiblen Markt gerecht zu werden, bietet Welte neben Teilen in OE-Qualit\u00e4t unter der Marke \u201aEDS PLUS\u2018 auch Produkte der Marke \u201aEDS\u2018 an.<\/p>\n<blockquote><p>Laut Robert Sanchez, Technischer Leiter der Welte Cardan-Service GmbH, sind bei den Transportern meistens die hinteren Kreuzgelenke vor dem Differential der Hinterachse von starkem Verschlei\u00df betroffen. \u201eDas hintere Kreuzgelenk muss einen gr\u00f6\u00dferen Winkelausgleich schaffen, gleichzeitig ist es vermehrt den Einsatzbedingungen wie Wasser, Staub oder Streusalz ausgesetzt, die im Laufe der Zeit die Dichtungen besch\u00e4digen k\u00f6nnen\u201c, so der Kardanwellen-Experte.<\/p><\/blockquote>\n","protected":false},"excerpt":{"rendered":"<p>Sprinter, Crafter, Daily und Co. sind t\u00e4glich im Einsatz, erreichen hohe Laufleistungen und m\u00fcssen zuverl\u00e4ssig funktionieren. Entsprechend hoch ist auch der Bedarf an Ersatzteilen. Mit Expresslieferung und einem breiten Produktsortiment an Gelenkwellen m\u00f6chte das Neu-Ulmer Unternehmen Welte daf\u00fcr sorgen, dass leichte Nutzfahrzeuge schnell wieder auf die Stra\u00dfe kommen. <span class=\"excerpt-more__dots\">&#8230;<\/span> <a class=\"excerpt-more__link\" href=\"https:\/\/www.krafthand.de\/truck\/artikel\/gelenkwellen-fuer-transporter-44260\/\" >weiter<\/a><\/p>\n","protected":false},"author":9,"featured_media":44261,"comment_status":"closed","ping_status":"closed","sticky":false,"template":"","format":"standard","meta":{"footnotes":""},"categories":[4912],"tags":[5109,5949],"settings":[3524,4766,3523],"class_list":["post-44260","post","type-post","status-publish","format-standard","has-post-thumbnail","hentry","category-ersatzteile-zubehoer","tag-kardanwelle","tag-welte"],"yoast_head":"<!-- This site is optimized with the Yoast SEO plugin v27.3 - https:\/\/yoast.com\/product\/yoast-seo-wordpress\/ -->\n<title>Gelenkwellen f\u00fcr Transporter - Krafthand-Truck<\/title>\n<meta name=\"description\" content=\"Welte Cardan-Service bietet eine breite Palette an Gelenkwellen f\u00fcr Transporter an, darunter f\u00fcr den Crafter, Sprinter und Daily.\" \/>\n<meta name=\"robots\" content=\"index, follow, max-snippet:-1, max-image-preview:large, max-video-preview:-1\" \/>\n<link rel=\"canonical\" href=\"https:\/\/www.krafthand.de\/truck\/artikel\/gelenkwellen-fuer-transporter-44260\/\" \/>\n<meta property=\"og:locale\" content=\"de_DE\" \/>\n<meta property=\"og:type\" content=\"article\" \/>\n<meta property=\"og:title\" content=\"Gelenkwellen f\u00fcr Transporter - Krafthand-Truck\" \/>\n<meta property=\"og:description\" content=\"Welte Cardan-Service bietet eine breite Palette an Gelenkwellen f\u00fcr Transporter an, darunter f\u00fcr den Crafter, Sprinter und Daily.\" \/>\n<meta property=\"og:url\" content=\"https:\/\/www.krafthand-truck.de\/artikel\/gelenkwellen-fuer-transporter-44260\/\" \/>\n<meta property=\"og:site_name\" content=\"Krafthand-Truck\" \/>\n<meta property=\"article:published_time\" content=\"2025-10-22T13:31:36+00:00\" \/>\n<meta property=\"article:modified_time\" content=\"2025-10-22T14:42:11+00:00\" \/>\n<meta property=\"og:image\" content=\"https:\/\/static.krafthand-truck.de\/uploads\/2025\/10\/Welte_Cardanservice_Kardanwelle_Transporter.jpg\" \/>\n\t<meta property=\"og:image:width\" content=\"1200\" \/>\n\t<meta property=\"og:image:height\" content=\"603\" \/>\n\t<meta property=\"og:image:type\" content=\"image\/jpeg\" \/>\n<meta name=\"author\" content=\"georg.blenk@krafthand-medien.de\" \/>\n<meta name=\"twitter:card\" content=\"summary_large_image\" \/>\n<meta name=\"twitter:label1\" content=\"Verfasst von\" \/>\n\t<meta name=\"twitter:data1\" content=\"georg.blenk@krafthand-medien.de\" \/>\n\t<meta name=\"twitter:label2\" content=\"Gesch\u00e4tzte Lesezeit\" \/>\n\t<meta name=\"twitter:data2\" content=\"2\u00a0Minuten\" \/>\n<script type=\"application\/ld+json\" class=\"yoast-schema-graph\">{\"@context\":\"https:\\\/\\\/schema.org\",\"@graph\":[{\"@type\":\"Article\",\"@id\":\"https:\\\/\\\/www.krafthand.de\\\/truck\\\/artikel\\\/gelenkwellen-fuer-transporter-44260\\\/#article\",\"isPartOf\":{\"@id\":\"https:\\\/\\\/www.krafthand.de\\\/truck\\\/artikel\\\/gelenkwellen-fuer-transporter-44260\\\/\"},\"author\":{\"name\":\"georg.blenk@krafthand-medien.de\",\"@id\":\"https:\\\/\\\/www.krafthand.de\\\/truck\\\/#\\\/schema\\\/person\\\/51fa80b1c57034c4bf63f9f988fc24ce\"},\"headline\":\"Gelenkwellen f\u00fcr Transporter\",\"datePublished\":\"2025-10-22T13:31:36+00:00\",\"dateModified\":\"2025-10-22T14:42:11+00:00\",\"mainEntityOfPage\":{\"@id\":\"https:\\\/\\\/www.krafthand.de\\\/truck\\\/artikel\\\/gelenkwellen-fuer-transporter-44260\\\/\"},\"wordCount\":306,\"image\":{\"@id\":\"https:\\\/\\\/www.krafthand.de\\\/truck\\\/artikel\\\/gelenkwellen-fuer-transporter-44260\\\/#primaryimage\"},\"thumbnailUrl\":\"https:\\\/\\\/static.krafthand-truck.de\\\/uploads\\\/2025\\\/10\\\/Welte_Cardanservice_Kardanwelle_Transporter.jpg\",\"keywords\":[\"Kardanwelle\",\"Welte\"],\"articleSection\":[\"Ersatzteile\\\/Zubeh\u00f6r\"],\"inLanguage\":\"de\"},{\"@type\":\"WebPage\",\"@id\":\"https:\\\/\\\/www.krafthand.de\\\/truck\\\/artikel\\\/gelenkwellen-fuer-transporter-44260\\\/\",\"url\":\"https:\\\/\\\/www.krafthand.de\\\/truck\\\/artikel\\\/gelenkwellen-fuer-transporter-44260\\\/\",\"name\":\"Gelenkwellen f\u00fcr Transporter - Krafthand-Truck\",\"isPartOf\":{\"@id\":\"https:\\\/\\\/www.krafthand.de\\\/truck\\\/#website\"},\"primaryImageOfPage\":{\"@id\":\"https:\\\/\\\/www.krafthand.de\\\/truck\\\/artikel\\\/gelenkwellen-fuer-transporter-44260\\\/#primaryimage\"},\"image\":{\"@id\":\"https:\\\/\\\/www.krafthand.de\\\/truck\\\/artikel\\\/gelenkwellen-fuer-transporter-44260\\\/#primaryimage\"},\"thumbnailUrl\":\"https:\\\/\\\/static.krafthand-truck.de\\\/uploads\\\/2025\\\/10\\\/Welte_Cardanservice_Kardanwelle_Transporter.jpg\",\"datePublished\":\"2025-10-22T13:31:36+00:00\",\"dateModified\":\"2025-10-22T14:42:11+00:00\",\"author\":{\"@id\":\"https:\\\/\\\/www.krafthand.de\\\/truck\\\/#\\\/schema\\\/person\\\/51fa80b1c57034c4bf63f9f988fc24ce\"},\"description\":\"Welte Cardan-Service bietet eine breite Palette an Gelenkwellen f\u00fcr Transporter an, darunter f\u00fcr den Crafter, Sprinter und Daily.\",\"breadcrumb\":{\"@id\":\"https:\\\/\\\/www.krafthand.de\\\/truck\\\/artikel\\\/gelenkwellen-fuer-transporter-44260\\\/#breadcrumb\"},\"inLanguage\":\"de\",\"potentialAction\":[{\"@type\":\"ReadAction\",\"target\":[\"https:\\\/\\\/www.krafthand.de\\\/truck\\\/artikel\\\/gelenkwellen-fuer-transporter-44260\\\/\"]}]},{\"@type\":\"ImageObject\",\"inLanguage\":\"de\",\"@id\":\"https:\\\/\\\/www.krafthand.de\\\/truck\\\/artikel\\\/gelenkwellen-fuer-transporter-44260\\\/#primaryimage\",\"url\":\"https:\\\/\\\/static.krafthand-truck.de\\\/uploads\\\/2025\\\/10\\\/Welte_Cardanservice_Kardanwelle_Transporter.jpg\",\"contentUrl\":\"https:\\\/\\\/static.krafthand-truck.de\\\/uploads\\\/2025\\\/10\\\/Welte_Cardanservice_Kardanwelle_Transporter.jpg\",\"width\":1200,\"height\":603},{\"@type\":\"BreadcrumbList\",\"@id\":\"https:\\\/\\\/www.krafthand.de\\\/truck\\\/artikel\\\/gelenkwellen-fuer-transporter-44260\\\/#breadcrumb\",\"itemListElement\":[{\"@type\":\"ListItem\",\"position\":1,\"name\":\"Krafthand-Truck\",\"item\":\"https:\\\/\\\/www.krafthand.de\\\/truck\\\/\"},{\"@type\":\"ListItem\",\"position\":2,\"name\":\"Nfz-Service\",\"item\":\"https:\\\/\\\/www.krafthand.de\\\/truck\\\/kategorie\\\/nfz-service\\\/\"},{\"@type\":\"ListItem\",\"position\":3,\"name\":\"Ersatzteile\\\/Zubeh\u00f6r\",\"item\":\"https:\\\/\\\/www.krafthand.de\\\/truck\\\/kategorie\\\/nfz-service\\\/ersatzteile-zubehoer\\\/\"},{\"@type\":\"ListItem\",\"position\":4,\"name\":\"Gelenkwellen f\u00fcr Transporter\"}]},{\"@type\":\"WebSite\",\"@id\":\"https:\\\/\\\/www.krafthand.de\\\/truck\\\/#website\",\"url\":\"https:\\\/\\\/www.krafthand.de\\\/truck\\\/\",\"name\":\"Krafthand-Truck\",\"description\":\"\",\"potentialAction\":[{\"@type\":\"SearchAction\",\"target\":{\"@type\":\"EntryPoint\",\"urlTemplate\":\"https:\\\/\\\/www.krafthand.de\\\/truck\\\/?s={search_term_string}\"},\"query-input\":{\"@type\":\"PropertyValueSpecification\",\"valueRequired\":true,\"valueName\":\"search_term_string\"}}],\"inLanguage\":\"de\"},{\"@type\":\"Person\",\"@id\":\"https:\\\/\\\/www.krafthand.de\\\/truck\\\/#\\\/schema\\\/person\\\/51fa80b1c57034c4bf63f9f988fc24ce\",\"name\":\"georg.blenk@krafthand-medien.de\",\"image\":{\"@type\":\"ImageObject\",\"inLanguage\":\"de\",\"@id\":\"https:\\\/\\\/secure.gravatar.com\\\/avatar\\\/93713c30affe0aa95d3a4130e499bb1abee2eb31adbdd9ce2aa1543538490215?s=96&d=mm&r=g\",\"url\":\"https:\\\/\\\/secure.gravatar.com\\\/avatar\\\/93713c30affe0aa95d3a4130e499bb1abee2eb31adbdd9ce2aa1543538490215?s=96&d=mm&r=g\",\"contentUrl\":\"https:\\\/\\\/secure.gravatar.com\\\/avatar\\\/93713c30affe0aa95d3a4130e499bb1abee2eb31adbdd9ce2aa1543538490215?s=96&d=mm&r=g\",\"caption\":\"georg.blenk@krafthand-medien.de\"}}]}<\/script>\n<!-- \/ Yoast SEO plugin. -->","yoast_head_json":{"title":"Gelenkwellen f\u00fcr Transporter - Krafthand-Truck","description":"Welte Cardan-Service bietet eine breite Palette an Gelenkwellen f\u00fcr Transporter an, darunter f\u00fcr den Crafter, Sprinter und Daily.","robots":{"index":"index","follow":"follow","max-snippet":"max-snippet:-1","max-image-preview":"max-image-preview:large","max-video-preview":"max-video-preview:-1"},"canonical":"https:\/\/www.krafthand.de\/truck\/artikel\/gelenkwellen-fuer-transporter-44260\/","og_locale":"de_DE","og_type":"article","og_title":"Gelenkwellen f\u00fcr Transporter - Krafthand-Truck","og_description":"Welte Cardan-Service bietet eine breite Palette an Gelenkwellen f\u00fcr Transporter an, darunter f\u00fcr den Crafter, Sprinter und Daily.","og_url":"https:\/\/www.krafthand-truck.de\/artikel\/gelenkwellen-fuer-transporter-44260\/","og_site_name":"Krafthand-Truck","article_published_time":"2025-10-22T13:31:36+00:00","article_modified_time":"2025-10-22T14:42:11+00:00","og_image":[{"width":1200,"height":603,"url":"https:\/\/static.krafthand-truck.de\/uploads\/2025\/10\/Welte_Cardanservice_Kardanwelle_Transporter.jpg","type":"image\/jpeg"}],"author":"georg.blenk@krafthand-medien.de","twitter_card":"summary_large_image","twitter_misc":{"Verfasst von":"georg.blenk@krafthand-medien.de","Gesch\u00e4tzte Lesezeit":"2\u00a0Minuten"},"schema":{"@context":"https:\/\/schema.org","@graph":[{"@type":"Article","@id":"https:\/\/www.krafthand.de\/truck\/artikel\/gelenkwellen-fuer-transporter-44260\/#article","isPartOf":{"@id":"https:\/\/www.krafthand.de\/truck\/artikel\/gelenkwellen-fuer-transporter-44260\/"},"author":{"name":"georg.blenk@krafthand-medien.de","@id":"https:\/\/www.krafthand.de\/truck\/#\/schema\/person\/51fa80b1c57034c4bf63f9f988fc24ce"},"headline":"Gelenkwellen f\u00fcr Transporter","datePublished":"2025-10-22T13:31:36+00:00","dateModified":"2025-10-22T14:42:11+00:00","mainEntityOfPage":{"@id":"https:\/\/www.krafthand.de\/truck\/artikel\/gelenkwellen-fuer-transporter-44260\/"},"wordCount":306,"image":{"@id":"https:\/\/www.krafthand.de\/truck\/artikel\/gelenkwellen-fuer-transporter-44260\/#primaryimage"},"thumbnailUrl":"https:\/\/static.krafthand-truck.de\/uploads\/2025\/10\/Welte_Cardanservice_Kardanwelle_Transporter.jpg","keywords":["Kardanwelle","Welte"],"articleSection":["Ersatzteile\/Zubeh\u00f6r"],"inLanguage":"de"},{"@type":"WebPage","@id":"https:\/\/www.krafthand.de\/truck\/artikel\/gelenkwellen-fuer-transporter-44260\/","url":"https:\/\/www.krafthand.de\/truck\/artikel\/gelenkwellen-fuer-transporter-44260\/","name":"Gelenkwellen f\u00fcr Transporter - Krafthand-Truck","isPartOf":{"@id":"https:\/\/www.krafthand.de\/truck\/#website"},"primaryImageOfPage":{"@id":"https:\/\/www.krafthand.de\/truck\/artikel\/gelenkwellen-fuer-transporter-44260\/#primaryimage"},"image":{"@id":"https:\/\/www.krafthand.de\/truck\/artikel\/gelenkwellen-fuer-transporter-44260\/#primaryimage"},"thumbnailUrl":"https:\/\/static.krafthand-truck.de\/uploads\/2025\/10\/Welte_Cardanservice_Kardanwelle_Transporter.jpg","datePublished":"2025-10-22T13:31:36+00:00","dateModified":"2025-10-22T14:42:11+00:00","author":{"@id":"https:\/\/www.krafthand.de\/truck\/#\/schema\/person\/51fa80b1c57034c4bf63f9f988fc24ce"},"description":"Welte Cardan-Service bietet eine breite Palette an Gelenkwellen f\u00fcr Transporter an, darunter f\u00fcr den Crafter, Sprinter und Daily.","breadcrumb":{"@id":"https:\/\/www.krafthand.de\/truck\/artikel\/gelenkwellen-fuer-transporter-44260\/#breadcrumb"},"inLanguage":"de","potentialAction":[{"@type":"ReadAction","target":["https:\/\/www.krafthand.de\/truck\/artikel\/gelenkwellen-fuer-transporter-44260\/"]}]},{"@type":"ImageObject","inLanguage":"de","@id":"https:\/\/www.krafthand.de\/truck\/artikel\/gelenkwellen-fuer-transporter-44260\/#primaryimage","url":"https:\/\/static.krafthand-truck.de\/uploads\/2025\/10\/Welte_Cardanservice_Kardanwelle_Transporter.jpg","contentUrl":"https:\/\/static.krafthand-truck.de\/uploads\/2025\/10\/Welte_Cardanservice_Kardanwelle_Transporter.jpg","width":1200,"height":603},{"@type":"BreadcrumbList","@id":"https:\/\/www.krafthand.de\/truck\/artikel\/gelenkwellen-fuer-transporter-44260\/#breadcrumb","itemListElement":[{"@type":"ListItem","position":1,"name":"Krafthand-Truck","item":"https:\/\/www.krafthand.de\/truck\/"},{"@type":"ListItem","position":2,"name":"Nfz-Service","item":"https:\/\/www.krafthand.de\/truck\/kategorie\/nfz-service\/"},{"@type":"ListItem","position":3,"name":"Ersatzteile\/Zubeh\u00f6r","item":"https:\/\/www.krafthand.de\/truck\/kategorie\/nfz-service\/ersatzteile-zubehoer\/"},{"@type":"ListItem","position":4,"name":"Gelenkwellen f\u00fcr Transporter"}]},{"@type":"WebSite","@id":"https:\/\/www.krafthand.de\/truck\/#website","url":"https:\/\/www.krafthand.de\/truck\/","name":"Krafthand-Truck","description":"","potentialAction":[{"@type":"SearchAction","target":{"@type":"EntryPoint","urlTemplate":"https:\/\/www.krafthand.de\/truck\/?s={search_term_string}"},"query-input":{"@type":"PropertyValueSpecification","valueRequired":true,"valueName":"search_term_string"}}],"inLanguage":"de"},{"@type":"Person","@id":"https:\/\/www.krafthand.de\/truck\/#\/schema\/person\/51fa80b1c57034c4bf63f9f988fc24ce","name":"georg.blenk@krafthand-medien.de","image":{"@type":"ImageObject","inLanguage":"de","@id":"https:\/\/secure.gravatar.com\/avatar\/93713c30affe0aa95d3a4130e499bb1abee2eb31adbdd9ce2aa1543538490215?s=96&d=mm&r=g","url":"https:\/\/secure.gravatar.com\/avatar\/93713c30affe0aa95d3a4130e499bb1abee2eb31adbdd9ce2aa1543538490215?s=96&d=mm&r=g","contentUrl":"https:\/\/secure.gravatar.com\/avatar\/93713c30affe0aa95d3a4130e499bb1abee2eb31adbdd9ce2aa1543538490215?s=96&d=mm&r=g","caption":"georg.blenk@krafthand-medien.de"}}]}},"_links":{"self":[{"href":"https:\/\/www.krafthand.de\/truck\/wp-json\/wp\/v2\/posts\/44260","targetHints":{"allow":["GET"]}}],"collection":[{"href":"https:\/\/www.krafthand.de\/truck\/wp-json\/wp\/v2\/posts"}],"about":[{"href":"https:\/\/www.krafthand.de\/truck\/wp-json\/wp\/v2\/types\/post"}],"author":[{"embeddable":true,"href":"https:\/\/www.krafthand.de\/truck\/wp-json\/wp\/v2\/users\/9"}],"replies":[{"embeddable":true,"href":"https:\/\/www.krafthand.de\/truck\/wp-json\/wp\/v2\/comments?post=44260"}],"version-history":[{"count":3,"href":"https:\/\/www.krafthand.de\/truck\/wp-json\/wp\/v2\/posts\/44260\/revisions"}],"predecessor-version":[{"id":44264,"href":"https:\/\/www.krafthand.de\/truck\/wp-json\/wp\/v2\/posts\/44260\/revisions\/44264"}],"wp:featuredmedia":[{"embeddable":true,"href":"https:\/\/www.krafthand.de\/truck\/wp-json\/wp\/v2\/media\/44261"}],"wp:attachment":[{"href":"https:\/\/www.krafthand.de\/truck\/wp-json\/wp\/v2\/media?parent=44260"}],"wp:term":[{"taxonomy":"category","embeddable":true,"href":"https:\/\/www.krafthand.de\/truck\/wp-json\/wp\/v2\/categories?post=44260"},{"taxonomy":"post_tag","embeddable":true,"href":"https:\/\/www.krafthand.de\/truck\/wp-json\/wp\/v2\/tags?post=44260"},{"taxonomy":"settings","embeddable":true,"href":"https:\/\/www.krafthand.de\/truck\/wp-json\/wp\/v2\/settings?post=44260"}],"curies":[{"name":"wp","href":"https:\/\/api.w.org\/{rel}","templated":true}]}}