{"id":44198,"date":"2025-10-15T12:47:57","date_gmt":"2025-10-15T10:47:57","guid":{"rendered":"https:\/\/www.krafthand.de\/truck\/?p=44198"},"modified":"2025-12-02T10:45:05","modified_gmt":"2025-12-02T09:45:05","slug":"44198","status":"publish","type":"post","link":"https:\/\/www.krafthand.de\/truck\/artikel\/44198-44198\/","title":{"rendered":"Lkw-Ladestationen: Renault-Trucks pr\u00e4sentiert interaktive Karte"},"content":{"rendered":"<p>Renault Trucks hat auf seiner Unternehmenswebsite eine interaktive Karte publiziert, die alle \u00f6ffentlichen Ladestationen f\u00fcr Elektro-Lkw in Europa zeigt. Das frei zug\u00e4ngliche Tool bietet einen aktuellen \u00dcberblick \u00fcber das bestehende und geplante Ladenetz.<\/p>\n<p>Ein fl\u00e4chendeckendes, leistungsstarkes und einfach zug\u00e4ngliches Ladenetz ist der Schl\u00fcssel zur Energiewende im G\u00fcterverkehr. Entlang der wichtigsten europ\u00e4ischen Transportkorridore entstehen immer mehr Ladepunkte f\u00fcr Elektro-Lkw. Dank dieser bestehenden und im Ausbau befindlichen Stationen k\u00f6nnen Transportunternehmen ihre Routen heute schon zuverl\u00e4ssig auch \u00fcber lange Strecken planen.<\/p>\n<p>Die von Renault Trucks regelm\u00e4\u00dfig aktualisierte Karte listet aktuell nahezu 500 \u00f6ffentliche Ladestationen in Europa auf (Stand: 30. September 2025):<\/p>\n<ul>\n<li>191 betriebsbereite Lkw-Ladestationen<\/li>\n<li>157 Lkw-kompatible Tankstellen mit Ladeinfrastruktur<\/li>\n<li>135 geplante Lkw-Ladestationen<\/li>\n<\/ul>\n<p>Die Standorte erm\u00f6glichen es Fahrerinnen und Fahrern, ihre vorgeschriebenen Pausen zum Aufladen zu nutzen \u2013 ohne Produktivit\u00e4tsverlust oder Verz\u00f6gerungen. Schon heute deckt das Netz die wichtigsten europ\u00e4ischen Transportkorridore ab:<\/p>\n<ul>\n<li>North Sea-Baltic-Korridor (Amsterdam \u2013 Warschau, 1.200 km): 13 Lkw-spezifische Ladestationen, davon sieben im Aufbau oder in Planung<\/li>\n<li>Rhine-Alpine-Korridor (Rotterdam \u2013 Genua, 1.240 km): 13 Stationen, darunter 3 im Aufbau<\/li>\n<\/ul>\n<figure id=\"attachment_44201\" aria-describedby=\"caption-attachment-44201\" style=\"width: 420px\" class=\"wp-caption alignleft\"><a href=\"https:\/\/static.krafthand-truck.de\/uploads\/2025\/10\/Renault-Trucks_Karte_Lkw_Ladestationen.jpg\" target=\"_blank\" rel=\"noopener\"><img fetchpriority=\"high\" decoding=\"async\" class=\"wp-image-44201\" src=\"https:\/\/static.krafthand-truck.de\/uploads\/2025\/10\/Renault-Trucks_Karte_Lkw_Ladestationen-300x200.jpg\" alt=\"\" width=\"420\" height=\"280\" srcset=\"https:\/\/static.krafthand-truck.de\/uploads\/2025\/10\/Renault-Trucks_Karte_Lkw_Ladestationen-300x200.jpg 300w, https:\/\/static.krafthand-truck.de\/uploads\/2025\/10\/Renault-Trucks_Karte_Lkw_Ladestationen-1024x684.jpg 1024w, https:\/\/static.krafthand-truck.de\/uploads\/2025\/10\/Renault-Trucks_Karte_Lkw_Ladestationen-768x513.jpg 768w, https:\/\/static.krafthand-truck.de\/uploads\/2025\/10\/Renault-Trucks_Karte_Lkw_Ladestationen.jpg 1180w\" sizes=\"(max-width: 420px) 100vw, 420px\" \/><\/a><figcaption id=\"caption-attachment-44201\" class=\"wp-caption-text\">Die Karte listet aktuell nahezu 500 \u00f6ffentliche Ladestationen in Europa auf. Bild: Renault-Trucks<\/figcaption><\/figure>\n<p>Dar\u00fcber hinaus sind laut Renault-Trucks zahlreiche Ladepunkte verf\u00fcgbar, die zwar nicht speziell f\u00fcr schwere Nutzfahrzeuge konzipiert, jedoch mit diesen kompatibel sind. In naher Zukunft werde zudem das MCS-Laden (Megawatt-Charging) ein nahezu vollst\u00e4ndiges Aufladen innerhalb weniger Minuten erm\u00f6glichen.<\/p>\n<h4>\u00d6ffentliche Ladeinfrastruktur als Schl\u00fcsselfaktor der Elektromobilit\u00e4t<\/h4>\n<p>Ein z\u00fcgiger Ausbau \u00f6ffentlicher Lkw-Ladestationen ist Voraussetzung f\u00fcr die breite Nutzung von Elektro-Lkw. Die Volvo Group \u2013 zu der auch Renault Trucks geh\u00f6rt \u2013 treibt diesen Fortschritt mit dem Joint Venture &#8218;<a href=\"https:\/\/milence.com\/de\/\" target=\"_blank\" rel=\"noopener\">Milence<\/a>&#8218; voran. Ziel ist der Aufbau eines europaweiten Netzes von Hochleistungsladestationen f\u00fcr Lkw und Busse.<\/p>\n<p>Mit der Ver\u00f6ffentlichung dieser Karte m\u00f6chte Renault Trucks einen Beitrag zur Transparenz und Planungssicherheit im elektrischen Stra\u00dfeng\u00fcterverkehr leisten. <a href=\"https:\/\/www.renault-trucks.com\/en\/trucks-charging-stations\" target=\"_blank\" rel=\"noopener\">Hier finden Sie die interaktive Karte<\/a>.<\/p>\n","protected":false},"excerpt":{"rendered":"<p>Renault Trucks hat auf seiner Unternehmenswebsite eine interaktive Karte publiziert, die alle \u00f6ffentlichen Ladestationen f\u00fcr Elektro-Lkw in Europa zeigt. Das frei zug\u00e4ngliche Tool bietet einen aktuellen \u00dcberblick \u00fcber das bestehende und geplante Ladenetz. <span class=\"excerpt-more__dots\">&#8230;<\/span> <a class=\"excerpt-more__link\" href=\"https:\/\/www.krafthand.de\/truck\/artikel\/44198-44198\/\" >weiter<\/a><\/p>\n","protected":false},"author":9,"featured_media":44204,"comment_status":"closed","ping_status":"closed","sticky":false,"template":"","format":"standard","meta":{"footnotes":""},"categories":[4224,6375,4235],"tags":[4248,6109,1343,241],"settings":[4766,3523],"class_list":["post-44198","post","type-post","status-publish","format-standard","has-post-thumbnail","hentry","category-e-antrieb","category-lade-tank-infrastruktur","category-unternehmen","tag-ladeinfrastruktur","tag-milence","tag-renault-trucks","tag-volvo-trucks"],"yoast_head":"<!-- This site is optimized with the Yoast SEO plugin v27.3 - https:\/\/yoast.com\/product\/yoast-seo-wordpress\/ -->\n<title>Lkw-Ladestationen: Renault-Trucks pr\u00e4sentiert interaktive Karte - Krafthand-Truck<\/title>\n<meta name=\"description\" content=\"Renault Trucks hat eine interaktive Karte publiziert, die alle \u00f6ffentlichen Ladestationen f\u00fcr Elektro-Lkw in Europa zeigt.\" \/>\n<meta name=\"robots\" content=\"index, follow, max-snippet:-1, max-image-preview:large, max-video-preview:-1\" \/>\n<link rel=\"canonical\" href=\"https:\/\/www.krafthand.de\/truck\/artikel\/44198-44198\/\" \/>\n<meta property=\"og:locale\" content=\"de_DE\" \/>\n<meta property=\"og:type\" content=\"article\" \/>\n<meta property=\"og:title\" content=\"Lkw-Ladestationen: Renault-Trucks pr\u00e4sentiert interaktive Karte - Krafthand-Truck\" \/>\n<meta property=\"og:description\" content=\"Renault Trucks hat eine interaktive Karte publiziert, die alle \u00f6ffentlichen Ladestationen f\u00fcr Elektro-Lkw in Europa zeigt.\" \/>\n<meta property=\"og:url\" content=\"https:\/\/www.krafthand-truck.de\/artikel\/44198-44198\/\" \/>\n<meta property=\"og:site_name\" content=\"Krafthand-Truck\" \/>\n<meta property=\"article:published_time\" content=\"2025-10-15T10:47:57+00:00\" \/>\n<meta property=\"article:modified_time\" content=\"2025-12-02T09:45:05+00:00\" \/>\n<meta property=\"og:image\" content=\"https:\/\/static.krafthand-truck.de\/uploads\/2025\/10\/Renault_Trucks_Interaktive_Karte_Lkw_Ladestationen.jpg\" \/>\n\t<meta property=\"og:image:width\" content=\"1200\" \/>\n\t<meta property=\"og:image:height\" content=\"672\" \/>\n\t<meta property=\"og:image:type\" content=\"image\/jpeg\" \/>\n<meta name=\"author\" content=\"georg.blenk@krafthand-medien.de\" \/>\n<meta name=\"twitter:card\" content=\"summary_large_image\" \/>\n<meta name=\"twitter:label1\" content=\"Verfasst von\" \/>\n\t<meta name=\"twitter:data1\" content=\"georg.blenk@krafthand-medien.de\" \/>\n\t<meta name=\"twitter:label2\" content=\"Gesch\u00e4tzte Lesezeit\" \/>\n\t<meta name=\"twitter:data2\" content=\"3\u00a0Minuten\" \/>\n<script type=\"application\/ld+json\" class=\"yoast-schema-graph\">{\"@context\":\"https:\\\/\\\/schema.org\",\"@graph\":[{\"@type\":\"Article\",\"@id\":\"https:\\\/\\\/www.krafthand.de\\\/truck\\\/artikel\\\/44198-44198\\\/#article\",\"isPartOf\":{\"@id\":\"https:\\\/\\\/www.krafthand.de\\\/truck\\\/artikel\\\/44198-44198\\\/\"},\"author\":{\"name\":\"georg.blenk@krafthand-medien.de\",\"@id\":\"https:\\\/\\\/www.krafthand.de\\\/truck\\\/#\\\/schema\\\/person\\\/51fa80b1c57034c4bf63f9f988fc24ce\"},\"headline\":\"Lkw-Ladestationen: Renault-Trucks pr\u00e4sentiert interaktive Karte\",\"datePublished\":\"2025-10-15T10:47:57+00:00\",\"dateModified\":\"2025-12-02T09:45:05+00:00\",\"mainEntityOfPage\":{\"@id\":\"https:\\\/\\\/www.krafthand.de\\\/truck\\\/artikel\\\/44198-44198\\\/\"},\"wordCount\":319,\"image\":{\"@id\":\"https:\\\/\\\/www.krafthand.de\\\/truck\\\/artikel\\\/44198-44198\\\/#primaryimage\"},\"thumbnailUrl\":\"https:\\\/\\\/static.krafthand-truck.de\\\/uploads\\\/2025\\\/10\\\/Renault_Trucks_Interaktive_Karte_Lkw_Ladestationen.jpg\",\"keywords\":[\"Ladeinfrastruktur\",\"Milence\",\"Renault Trucks\",\"Volvo Trucks\"],\"articleSection\":[\"E-Antrieb (BEV\\\/FCEV)\",\"Lade-\\\/Tank-Infrastruktur\",\"Unternehmen\"],\"inLanguage\":\"de\"},{\"@type\":\"WebPage\",\"@id\":\"https:\\\/\\\/www.krafthand.de\\\/truck\\\/artikel\\\/44198-44198\\\/\",\"url\":\"https:\\\/\\\/www.krafthand.de\\\/truck\\\/artikel\\\/44198-44198\\\/\",\"name\":\"Lkw-Ladestationen: Renault-Trucks pr\u00e4sentiert interaktive Karte - Krafthand-Truck\",\"isPartOf\":{\"@id\":\"https:\\\/\\\/www.krafthand.de\\\/truck\\\/#website\"},\"primaryImageOfPage\":{\"@id\":\"https:\\\/\\\/www.krafthand.de\\\/truck\\\/artikel\\\/44198-44198\\\/#primaryimage\"},\"image\":{\"@id\":\"https:\\\/\\\/www.krafthand.de\\\/truck\\\/artikel\\\/44198-44198\\\/#primaryimage\"},\"thumbnailUrl\":\"https:\\\/\\\/static.krafthand-truck.de\\\/uploads\\\/2025\\\/10\\\/Renault_Trucks_Interaktive_Karte_Lkw_Ladestationen.jpg\",\"datePublished\":\"2025-10-15T10:47:57+00:00\",\"dateModified\":\"2025-12-02T09:45:05+00:00\",\"author\":{\"@id\":\"https:\\\/\\\/www.krafthand.de\\\/truck\\\/#\\\/schema\\\/person\\\/51fa80b1c57034c4bf63f9f988fc24ce\"},\"description\":\"Renault Trucks hat eine interaktive Karte publiziert, die alle \u00f6ffentlichen Ladestationen f\u00fcr Elektro-Lkw in Europa zeigt.\",\"breadcrumb\":{\"@id\":\"https:\\\/\\\/www.krafthand.de\\\/truck\\\/artikel\\\/44198-44198\\\/#breadcrumb\"},\"inLanguage\":\"de\",\"potentialAction\":[{\"@type\":\"ReadAction\",\"target\":[\"https:\\\/\\\/www.krafthand.de\\\/truck\\\/artikel\\\/44198-44198\\\/\"]}]},{\"@type\":\"ImageObject\",\"inLanguage\":\"de\",\"@id\":\"https:\\\/\\\/www.krafthand.de\\\/truck\\\/artikel\\\/44198-44198\\\/#primaryimage\",\"url\":\"https:\\\/\\\/static.krafthand-truck.de\\\/uploads\\\/2025\\\/10\\\/Renault_Trucks_Interaktive_Karte_Lkw_Ladestationen.jpg\",\"contentUrl\":\"https:\\\/\\\/static.krafthand-truck.de\\\/uploads\\\/2025\\\/10\\\/Renault_Trucks_Interaktive_Karte_Lkw_Ladestationen.jpg\",\"width\":1200,\"height\":672},{\"@type\":\"BreadcrumbList\",\"@id\":\"https:\\\/\\\/www.krafthand.de\\\/truck\\\/artikel\\\/44198-44198\\\/#breadcrumb\",\"itemListElement\":[{\"@type\":\"ListItem\",\"position\":1,\"name\":\"Krafthand-Truck\",\"item\":\"https:\\\/\\\/www.krafthand.de\\\/truck\\\/\"},{\"@type\":\"ListItem\",\"position\":2,\"name\":\"Nfz-Technik\",\"item\":\"https:\\\/\\\/www.krafthand.de\\\/truck\\\/kategorie\\\/nfz-technik\\\/\"},{\"@type\":\"ListItem\",\"position\":3,\"name\":\"E-Antrieb (BEV\\\/FCEV)\",\"item\":\"https:\\\/\\\/www.krafthand.de\\\/truck\\\/kategorie\\\/nfz-technik\\\/e-antrieb\\\/\"},{\"@type\":\"ListItem\",\"position\":4,\"name\":\"Lkw-Ladestationen: Renault-Trucks pr\u00e4sentiert interaktive Karte\"}]},{\"@type\":\"WebSite\",\"@id\":\"https:\\\/\\\/www.krafthand.de\\\/truck\\\/#website\",\"url\":\"https:\\\/\\\/www.krafthand.de\\\/truck\\\/\",\"name\":\"Krafthand-Truck\",\"description\":\"\",\"potentialAction\":[{\"@type\":\"SearchAction\",\"target\":{\"@type\":\"EntryPoint\",\"urlTemplate\":\"https:\\\/\\\/www.krafthand.de\\\/truck\\\/?s={search_term_string}\"},\"query-input\":{\"@type\":\"PropertyValueSpecification\",\"valueRequired\":true,\"valueName\":\"search_term_string\"}}],\"inLanguage\":\"de\"},{\"@type\":\"Person\",\"@id\":\"https:\\\/\\\/www.krafthand.de\\\/truck\\\/#\\\/schema\\\/person\\\/51fa80b1c57034c4bf63f9f988fc24ce\",\"name\":\"georg.blenk@krafthand-medien.de\",\"image\":{\"@type\":\"ImageObject\",\"inLanguage\":\"de\",\"@id\":\"https:\\\/\\\/secure.gravatar.com\\\/avatar\\\/93713c30affe0aa95d3a4130e499bb1abee2eb31adbdd9ce2aa1543538490215?s=96&d=mm&r=g\",\"url\":\"https:\\\/\\\/secure.gravatar.com\\\/avatar\\\/93713c30affe0aa95d3a4130e499bb1abee2eb31adbdd9ce2aa1543538490215?s=96&d=mm&r=g\",\"contentUrl\":\"https:\\\/\\\/secure.gravatar.com\\\/avatar\\\/93713c30affe0aa95d3a4130e499bb1abee2eb31adbdd9ce2aa1543538490215?s=96&d=mm&r=g\",\"caption\":\"georg.blenk@krafthand-medien.de\"}}]}<\/script>\n<!-- \/ Yoast SEO plugin. -->","yoast_head_json":{"title":"Lkw-Ladestationen: Renault-Trucks pr\u00e4sentiert interaktive Karte - Krafthand-Truck","description":"Renault Trucks hat eine interaktive Karte publiziert, die alle \u00f6ffentlichen Ladestationen f\u00fcr Elektro-Lkw in Europa zeigt.","robots":{"index":"index","follow":"follow","max-snippet":"max-snippet:-1","max-image-preview":"max-image-preview:large","max-video-preview":"max-video-preview:-1"},"canonical":"https:\/\/www.krafthand.de\/truck\/artikel\/44198-44198\/","og_locale":"de_DE","og_type":"article","og_title":"Lkw-Ladestationen: Renault-Trucks pr\u00e4sentiert interaktive Karte - Krafthand-Truck","og_description":"Renault Trucks hat eine interaktive Karte publiziert, die alle \u00f6ffentlichen Ladestationen f\u00fcr Elektro-Lkw in Europa zeigt.","og_url":"https:\/\/www.krafthand-truck.de\/artikel\/44198-44198\/","og_site_name":"Krafthand-Truck","article_published_time":"2025-10-15T10:47:57+00:00","article_modified_time":"2025-12-02T09:45:05+00:00","og_image":[{"width":1200,"height":672,"url":"https:\/\/static.krafthand-truck.de\/uploads\/2025\/10\/Renault_Trucks_Interaktive_Karte_Lkw_Ladestationen.jpg","type":"image\/jpeg"}],"author":"georg.blenk@krafthand-medien.de","twitter_card":"summary_large_image","twitter_misc":{"Verfasst von":"georg.blenk@krafthand-medien.de","Gesch\u00e4tzte Lesezeit":"3\u00a0Minuten"},"schema":{"@context":"https:\/\/schema.org","@graph":[{"@type":"Article","@id":"https:\/\/www.krafthand.de\/truck\/artikel\/44198-44198\/#article","isPartOf":{"@id":"https:\/\/www.krafthand.de\/truck\/artikel\/44198-44198\/"},"author":{"name":"georg.blenk@krafthand-medien.de","@id":"https:\/\/www.krafthand.de\/truck\/#\/schema\/person\/51fa80b1c57034c4bf63f9f988fc24ce"},"headline":"Lkw-Ladestationen: Renault-Trucks pr\u00e4sentiert interaktive Karte","datePublished":"2025-10-15T10:47:57+00:00","dateModified":"2025-12-02T09:45:05+00:00","mainEntityOfPage":{"@id":"https:\/\/www.krafthand.de\/truck\/artikel\/44198-44198\/"},"wordCount":319,"image":{"@id":"https:\/\/www.krafthand.de\/truck\/artikel\/44198-44198\/#primaryimage"},"thumbnailUrl":"https:\/\/static.krafthand-truck.de\/uploads\/2025\/10\/Renault_Trucks_Interaktive_Karte_Lkw_Ladestationen.jpg","keywords":["Ladeinfrastruktur","Milence","Renault Trucks","Volvo Trucks"],"articleSection":["E-Antrieb (BEV\/FCEV)","Lade-\/Tank-Infrastruktur","Unternehmen"],"inLanguage":"de"},{"@type":"WebPage","@id":"https:\/\/www.krafthand.de\/truck\/artikel\/44198-44198\/","url":"https:\/\/www.krafthand.de\/truck\/artikel\/44198-44198\/","name":"Lkw-Ladestationen: Renault-Trucks pr\u00e4sentiert interaktive Karte - Krafthand-Truck","isPartOf":{"@id":"https:\/\/www.krafthand.de\/truck\/#website"},"primaryImageOfPage":{"@id":"https:\/\/www.krafthand.de\/truck\/artikel\/44198-44198\/#primaryimage"},"image":{"@id":"https:\/\/www.krafthand.de\/truck\/artikel\/44198-44198\/#primaryimage"},"thumbnailUrl":"https:\/\/static.krafthand-truck.de\/uploads\/2025\/10\/Renault_Trucks_Interaktive_Karte_Lkw_Ladestationen.jpg","datePublished":"2025-10-15T10:47:57+00:00","dateModified":"2025-12-02T09:45:05+00:00","author":{"@id":"https:\/\/www.krafthand.de\/truck\/#\/schema\/person\/51fa80b1c57034c4bf63f9f988fc24ce"},"description":"Renault Trucks hat eine interaktive Karte publiziert, die alle \u00f6ffentlichen Ladestationen f\u00fcr Elektro-Lkw in Europa zeigt.","breadcrumb":{"@id":"https:\/\/www.krafthand.de\/truck\/artikel\/44198-44198\/#breadcrumb"},"inLanguage":"de","potentialAction":[{"@type":"ReadAction","target":["https:\/\/www.krafthand.de\/truck\/artikel\/44198-44198\/"]}]},{"@type":"ImageObject","inLanguage":"de","@id":"https:\/\/www.krafthand.de\/truck\/artikel\/44198-44198\/#primaryimage","url":"https:\/\/static.krafthand-truck.de\/uploads\/2025\/10\/Renault_Trucks_Interaktive_Karte_Lkw_Ladestationen.jpg","contentUrl":"https:\/\/static.krafthand-truck.de\/uploads\/2025\/10\/Renault_Trucks_Interaktive_Karte_Lkw_Ladestationen.jpg","width":1200,"height":672},{"@type":"BreadcrumbList","@id":"https:\/\/www.krafthand.de\/truck\/artikel\/44198-44198\/#breadcrumb","itemListElement":[{"@type":"ListItem","position":1,"name":"Krafthand-Truck","item":"https:\/\/www.krafthand.de\/truck\/"},{"@type":"ListItem","position":2,"name":"Nfz-Technik","item":"https:\/\/www.krafthand.de\/truck\/kategorie\/nfz-technik\/"},{"@type":"ListItem","position":3,"name":"E-Antrieb (BEV\/FCEV)","item":"https:\/\/www.krafthand.de\/truck\/kategorie\/nfz-technik\/e-antrieb\/"},{"@type":"ListItem","position":4,"name":"Lkw-Ladestationen: Renault-Trucks pr\u00e4sentiert interaktive Karte"}]},{"@type":"WebSite","@id":"https:\/\/www.krafthand.de\/truck\/#website","url":"https:\/\/www.krafthand.de\/truck\/","name":"Krafthand-Truck","description":"","potentialAction":[{"@type":"SearchAction","target":{"@type":"EntryPoint","urlTemplate":"https:\/\/www.krafthand.de\/truck\/?s={search_term_string}"},"query-input":{"@type":"PropertyValueSpecification","valueRequired":true,"valueName":"search_term_string"}}],"inLanguage":"de"},{"@type":"Person","@id":"https:\/\/www.krafthand.de\/truck\/#\/schema\/person\/51fa80b1c57034c4bf63f9f988fc24ce","name":"georg.blenk@krafthand-medien.de","image":{"@type":"ImageObject","inLanguage":"de","@id":"https:\/\/secure.gravatar.com\/avatar\/93713c30affe0aa95d3a4130e499bb1abee2eb31adbdd9ce2aa1543538490215?s=96&d=mm&r=g","url":"https:\/\/secure.gravatar.com\/avatar\/93713c30affe0aa95d3a4130e499bb1abee2eb31adbdd9ce2aa1543538490215?s=96&d=mm&r=g","contentUrl":"https:\/\/secure.gravatar.com\/avatar\/93713c30affe0aa95d3a4130e499bb1abee2eb31adbdd9ce2aa1543538490215?s=96&d=mm&r=g","caption":"georg.blenk@krafthand-medien.de"}}]}},"_links":{"self":[{"href":"https:\/\/www.krafthand.de\/truck\/wp-json\/wp\/v2\/posts\/44198","targetHints":{"allow":["GET"]}}],"collection":[{"href":"https:\/\/www.krafthand.de\/truck\/wp-json\/wp\/v2\/posts"}],"about":[{"href":"https:\/\/www.krafthand.de\/truck\/wp-json\/wp\/v2\/types\/post"}],"author":[{"embeddable":true,"href":"https:\/\/www.krafthand.de\/truck\/wp-json\/wp\/v2\/users\/9"}],"replies":[{"embeddable":true,"href":"https:\/\/www.krafthand.de\/truck\/wp-json\/wp\/v2\/comments?post=44198"}],"version-history":[{"count":9,"href":"https:\/\/www.krafthand.de\/truck\/wp-json\/wp\/v2\/posts\/44198\/revisions"}],"predecessor-version":[{"id":44209,"href":"https:\/\/www.krafthand.de\/truck\/wp-json\/wp\/v2\/posts\/44198\/revisions\/44209"}],"wp:featuredmedia":[{"embeddable":true,"href":"https:\/\/www.krafthand.de\/truck\/wp-json\/wp\/v2\/media\/44204"}],"wp:attachment":[{"href":"https:\/\/www.krafthand.de\/truck\/wp-json\/wp\/v2\/media?parent=44198"}],"wp:term":[{"taxonomy":"category","embeddable":true,"href":"https:\/\/www.krafthand.de\/truck\/wp-json\/wp\/v2\/categories?post=44198"},{"taxonomy":"post_tag","embeddable":true,"href":"https:\/\/www.krafthand.de\/truck\/wp-json\/wp\/v2\/tags?post=44198"},{"taxonomy":"settings","embeddable":true,"href":"https:\/\/www.krafthand.de\/truck\/wp-json\/wp\/v2\/settings?post=44198"}],"curies":[{"name":"wp","href":"https:\/\/api.w.org\/{rel}","templated":true}]}}