{"id":44179,"date":"2025-10-14T14:39:41","date_gmt":"2025-10-14T12:39:41","guid":{"rendered":"https:\/\/www.krafthand.de\/truck\/?p=44179"},"modified":"2025-10-14T14:43:09","modified_gmt":"2025-10-14T12:43:09","slug":"werkstatt-neu-gedacht-die-carat-mobility-service-xpo25-in-hamburg","status":"publish","type":"post","link":"https:\/\/www.krafthand.de\/truck\/artikel\/werkstatt-neu-gedacht-die-carat-mobility-service-xpo25-in-hamburg-44179\/","title":{"rendered":"Werkstatt neu gedacht: Die CARAT Mobility Service Xpo`25 in Hamburg"},"content":{"rendered":"<p>Letzen Samstag ging das neue Branchenevent der Mannheimer Einkaufskooperation CARAT an den Start. Die Mobility Service Xpo\u201925 \u2013 kurz MSX\u201925 \u2013 im Congress Center Hamburg lockte Industriepartner, Teileh\u00e4ndler und Partnerwerkst\u00e4tten aus ganz Deutschland an. Unter dem Motto &#8218;Werkstatt neu gedacht&#8216; pr\u00e4sentierten sich zahlreiche Unternehmen mit innovativen Ideen, Fach-Know-how und interaktiven Aktionen.<\/p>\n<p>Besonders beliebt war dem Veranstalter zufolge die Men@Work Werkstatt-Area, moderiert vom Schrauberblog-Duo Marco ten Hagen und Christian Cloppenburg. Hier konnten Besucherinnen und Besucher nicht nur zuschauen, sondern selbst aktiv werden \u2013 etwa bei der Radwechsel-Challenge. Weit \u00fcber 100 Teilnehmende traten an, der Schnellste meisterte den Wechsel in nur 31 Sekunden.<\/p>\n<p>&nbsp;<\/p>\n<figure id=\"attachment_44191\" aria-describedby=\"caption-attachment-44191\" style=\"width: 800px\" class=\"wp-caption aligncenter\"><img fetchpriority=\"high\" decoding=\"async\" class=\"wp-image-44191\" src=\"https:\/\/static.krafthand-truck.de\/uploads\/2025\/10\/MSX-Bosch-Keynotestage-300x168.jpg\" alt=\"\" width=\"800\" height=\"447\" srcset=\"https:\/\/static.krafthand-truck.de\/uploads\/2025\/10\/MSX-Bosch-Keynotestage-300x168.jpg 300w, https:\/\/static.krafthand-truck.de\/uploads\/2025\/10\/MSX-Bosch-Keynotestage-1024x572.jpg 1024w, https:\/\/static.krafthand-truck.de\/uploads\/2025\/10\/MSX-Bosch-Keynotestage-768x429.jpg 768w, https:\/\/static.krafthand-truck.de\/uploads\/2025\/10\/MSX-Bosch-Keynotestage.jpg 1200w\" sizes=\"(max-width: 800px) 100vw, 800px\" \/><figcaption id=\"caption-attachment-44191\" class=\"wp-caption-text\">Die MSX-Bosch Keynote-Stage. Bild: CARAT<\/figcaption><\/figure>\n<p>Ein weiteres Highlight war die Bosch Keynote-Stage, auf der den ganzen Tag \u00fcber spannende Impulse und praxisnahe Vortr\u00e4ge geboten wurden. Gro\u00dfen Zuspruch fanden auch der morgendliche Werkstattstammtisch sowie die zwei Podiumsdiskussionen am Mittag.<\/p>\n<p>Unter dem Titel \u201eDigitale Anwendungen in der Werkstatt von morgen-Perspektiven aus der Branche\u201c diskutierten Expertinnen und Experten wie Prof. Dr. Benedikt Maier (Zukunftswerkstatt 4.0), Velten Perlberg (Heil &amp; Sohn), Daniel Pfeiffer (ZF Group), J\u00f6rg Marienfeld (Autocenter Kopke &amp; Bendel) und Krunoslav Bagaric (TOPMOTIVE) \u00fcber Trends, Chancen und Herausforderungen der Branche.<\/p>\n<figure id=\"attachment_44189\" aria-describedby=\"caption-attachment-44189\" style=\"width: 420px\" class=\"wp-caption alignleft\"><a href=\"https:\/\/static.krafthand-truck.de\/uploads\/2025\/10\/MSX-WerkstattXperte-Preisverleihung.jpg\" target=\"_blank\" rel=\"noopener\"><img decoding=\"async\" class=\"wp-image-44189\" src=\"https:\/\/static.krafthand-truck.de\/uploads\/2025\/10\/MSX-WerkstattXperte-Preisverleihung-300x211.jpg\" alt=\"\" width=\"420\" height=\"295\" srcset=\"https:\/\/static.krafthand-truck.de\/uploads\/2025\/10\/MSX-WerkstattXperte-Preisverleihung-300x211.jpg 300w, https:\/\/static.krafthand-truck.de\/uploads\/2025\/10\/MSX-WerkstattXperte-Preisverleihung-768x539.jpg 768w, https:\/\/static.krafthand-truck.de\/uploads\/2025\/10\/MSX-WerkstattXperte-Preisverleihung.jpg 1000w\" sizes=\"(max-width: 420px) 100vw, 420px\" \/><\/a><figcaption id=\"caption-attachment-44189\" class=\"wp-caption-text\">Die WerkstattXperten wurden f\u00fcr ihre innovativen Ideen ausgezeichnet. Bild: Carat<\/figcaption><\/figure>\n<p>Zum Abschluss der MSX\u201825 wurden auf der gro\u00dfen B\u00fchne vor rund 3.500 G\u00e4sten die WerkstattXperten und ihre besten Ideen ausgezeichnet. Den ersten Platz sicherte sich das Autohaus HAIGER GmbH St\u00f6cklein mit einer\u00a0 Montagestra\u00dfe, die ein r\u00fcckenfreundliches Montieren und Wuchten von Reifen erm\u00f6glicht. Platz zwei ging an das Karosserie- und Lackierzentrum Reiner Hauser mit dem Oil-Saver, dank dem kein \u00d6ltropfen mehr verloren geht. Den dritten Platz belegte Autosiastik, die eine KI-gest\u00fctzte App zur Fehlerdiagnose und -behebung in Werkst\u00e4tten entwickelt hat.<\/p>\n","protected":false},"excerpt":{"rendered":"<p>Letzen Samstag ging das neue Branchenevent der Mannheimer Einkaufskooperation CARAT an den Start. Die Mobility Service Xpo\u201925 \u2013 kurz MSX\u201925 \u2013 im Congress Center Hamburg lockte Industriepartner, Teileh\u00e4ndler und Partnerwerkst\u00e4tten aus ganz Deutschland an. <span class=\"excerpt-more__dots\">&#8230;<\/span> <a class=\"excerpt-more__link\" href=\"https:\/\/www.krafthand.de\/truck\/artikel\/werkstatt-neu-gedacht-die-carat-mobility-service-xpo25-in-hamburg-44179\/\" >weiter<\/a><\/p>\n","protected":false},"author":9,"featured_media":44188,"comment_status":"closed","ping_status":"closed","sticky":false,"template":"","format":"standard","meta":{"footnotes":""},"categories":[4236],"tags":[506,5557],"settings":[3524,3523],"class_list":["post-44179","post","type-post","status-publish","format-standard","has-post-thumbnail","hentry","category-veranstaltungen","tag-carat","tag-carat-gruppe"],"yoast_head":"<!-- This site is optimized with the Yoast SEO plugin v27.3 - https:\/\/yoast.com\/product\/yoast-seo-wordpress\/ -->\n<title>Werkstatt neu gedacht: Die CARAT Mobility Service Xpo`25 in Hamburg - Krafthand-Truck<\/title>\n<meta name=\"robots\" content=\"index, follow, max-snippet:-1, max-image-preview:large, max-video-preview:-1\" \/>\n<link rel=\"canonical\" href=\"https:\/\/www.krafthand.de\/truck\/artikel\/werkstatt-neu-gedacht-die-carat-mobility-service-xpo25-in-hamburg-44179\/\" \/>\n<meta property=\"og:locale\" content=\"de_DE\" \/>\n<meta property=\"og:type\" content=\"article\" \/>\n<meta property=\"og:title\" content=\"Werkstatt neu gedacht: Die CARAT Mobility Service Xpo`25 in Hamburg - Krafthand-Truck\" \/>\n<meta property=\"og:description\" content=\"Letzen Samstag ging das neue Branchenevent der Mannheimer Einkaufskooperation CARAT an den Start. Die Mobility Service Xpo\u201925 \u2013 kurz MSX\u201925 \u2013 im Congress Center Hamburg lockte Industriepartner, Teileh\u00e4ndler und Partnerwerkst\u00e4tten aus ganz Deutschland an. ... weiter\" \/>\n<meta property=\"og:url\" content=\"https:\/\/www.krafthand-truck.de\/artikel\/werkstatt-neu-gedacht-die-carat-mobility-service-xpo25-in-hamburg-44179\/\" \/>\n<meta property=\"og:site_name\" content=\"Krafthand-Truck\" \/>\n<meta property=\"article:published_time\" content=\"2025-10-14T12:39:41+00:00\" \/>\n<meta property=\"article:modified_time\" content=\"2025-10-14T12:43:09+00:00\" \/>\n<meta property=\"og:image\" content=\"https:\/\/static.krafthand-truck.de\/uploads\/2025\/10\/MSX-Eingang-CCH.jpg\" \/>\n\t<meta property=\"og:image:width\" content=\"1200\" \/>\n\t<meta property=\"og:image:height\" content=\"593\" \/>\n\t<meta property=\"og:image:type\" content=\"image\/jpeg\" \/>\n<meta name=\"author\" content=\"georg.blenk@krafthand-medien.de\" \/>\n<meta name=\"twitter:card\" content=\"summary_large_image\" \/>\n<meta name=\"twitter:label1\" content=\"Verfasst von\" \/>\n\t<meta name=\"twitter:data1\" content=\"georg.blenk@krafthand-medien.de\" \/>\n\t<meta name=\"twitter:label2\" content=\"Gesch\u00e4tzte Lesezeit\" \/>\n\t<meta name=\"twitter:data2\" content=\"3\u00a0Minuten\" \/>\n<script type=\"application\/ld+json\" class=\"yoast-schema-graph\">{\"@context\":\"https:\\\/\\\/schema.org\",\"@graph\":[{\"@type\":\"Article\",\"@id\":\"https:\\\/\\\/www.krafthand.de\\\/truck\\\/artikel\\\/werkstatt-neu-gedacht-die-carat-mobility-service-xpo25-in-hamburg-44179\\\/#article\",\"isPartOf\":{\"@id\":\"https:\\\/\\\/www.krafthand.de\\\/truck\\\/artikel\\\/werkstatt-neu-gedacht-die-carat-mobility-service-xpo25-in-hamburg-44179\\\/\"},\"author\":{\"name\":\"georg.blenk@krafthand-medien.de\",\"@id\":\"https:\\\/\\\/www.krafthand.de\\\/truck\\\/#\\\/schema\\\/person\\\/51fa80b1c57034c4bf63f9f988fc24ce\"},\"headline\":\"Werkstatt neu gedacht: Die CARAT Mobility Service Xpo`25 in Hamburg\",\"datePublished\":\"2025-10-14T12:39:41+00:00\",\"dateModified\":\"2025-10-14T12:43:09+00:00\",\"mainEntityOfPage\":{\"@id\":\"https:\\\/\\\/www.krafthand.de\\\/truck\\\/artikel\\\/werkstatt-neu-gedacht-die-carat-mobility-service-xpo25-in-hamburg-44179\\\/\"},\"wordCount\":313,\"image\":{\"@id\":\"https:\\\/\\\/www.krafthand.de\\\/truck\\\/artikel\\\/werkstatt-neu-gedacht-die-carat-mobility-service-xpo25-in-hamburg-44179\\\/#primaryimage\"},\"thumbnailUrl\":\"https:\\\/\\\/static.krafthand-truck.de\\\/uploads\\\/2025\\\/10\\\/MSX-Eingang-CCH.jpg\",\"keywords\":[\"Carat\",\"Carat-Gruppe\"],\"articleSection\":[\"Veranstaltungen\\\/Messen\"],\"inLanguage\":\"de\"},{\"@type\":\"WebPage\",\"@id\":\"https:\\\/\\\/www.krafthand.de\\\/truck\\\/artikel\\\/werkstatt-neu-gedacht-die-carat-mobility-service-xpo25-in-hamburg-44179\\\/\",\"url\":\"https:\\\/\\\/www.krafthand.de\\\/truck\\\/artikel\\\/werkstatt-neu-gedacht-die-carat-mobility-service-xpo25-in-hamburg-44179\\\/\",\"name\":\"Werkstatt neu gedacht: Die CARAT Mobility Service Xpo`25 in Hamburg - Krafthand-Truck\",\"isPartOf\":{\"@id\":\"https:\\\/\\\/www.krafthand.de\\\/truck\\\/#website\"},\"primaryImageOfPage\":{\"@id\":\"https:\\\/\\\/www.krafthand.de\\\/truck\\\/artikel\\\/werkstatt-neu-gedacht-die-carat-mobility-service-xpo25-in-hamburg-44179\\\/#primaryimage\"},\"image\":{\"@id\":\"https:\\\/\\\/www.krafthand.de\\\/truck\\\/artikel\\\/werkstatt-neu-gedacht-die-carat-mobility-service-xpo25-in-hamburg-44179\\\/#primaryimage\"},\"thumbnailUrl\":\"https:\\\/\\\/static.krafthand-truck.de\\\/uploads\\\/2025\\\/10\\\/MSX-Eingang-CCH.jpg\",\"datePublished\":\"2025-10-14T12:39:41+00:00\",\"dateModified\":\"2025-10-14T12:43:09+00:00\",\"author\":{\"@id\":\"https:\\\/\\\/www.krafthand.de\\\/truck\\\/#\\\/schema\\\/person\\\/51fa80b1c57034c4bf63f9f988fc24ce\"},\"breadcrumb\":{\"@id\":\"https:\\\/\\\/www.krafthand.de\\\/truck\\\/artikel\\\/werkstatt-neu-gedacht-die-carat-mobility-service-xpo25-in-hamburg-44179\\\/#breadcrumb\"},\"inLanguage\":\"de\",\"potentialAction\":[{\"@type\":\"ReadAction\",\"target\":[\"https:\\\/\\\/www.krafthand.de\\\/truck\\\/artikel\\\/werkstatt-neu-gedacht-die-carat-mobility-service-xpo25-in-hamburg-44179\\\/\"]}]},{\"@type\":\"ImageObject\",\"inLanguage\":\"de\",\"@id\":\"https:\\\/\\\/www.krafthand.de\\\/truck\\\/artikel\\\/werkstatt-neu-gedacht-die-carat-mobility-service-xpo25-in-hamburg-44179\\\/#primaryimage\",\"url\":\"https:\\\/\\\/static.krafthand-truck.de\\\/uploads\\\/2025\\\/10\\\/MSX-Eingang-CCH.jpg\",\"contentUrl\":\"https:\\\/\\\/static.krafthand-truck.de\\\/uploads\\\/2025\\\/10\\\/MSX-Eingang-CCH.jpg\",\"width\":1200,\"height\":593},{\"@type\":\"BreadcrumbList\",\"@id\":\"https:\\\/\\\/www.krafthand.de\\\/truck\\\/artikel\\\/werkstatt-neu-gedacht-die-carat-mobility-service-xpo25-in-hamburg-44179\\\/#breadcrumb\",\"itemListElement\":[{\"@type\":\"ListItem\",\"position\":1,\"name\":\"Krafthand-Truck\",\"item\":\"https:\\\/\\\/www.krafthand.de\\\/truck\\\/\"},{\"@type\":\"ListItem\",\"position\":2,\"name\":\"Nfz-Branche\",\"item\":\"https:\\\/\\\/www.krafthand.de\\\/truck\\\/kategorie\\\/branche\\\/\"},{\"@type\":\"ListItem\",\"position\":3,\"name\":\"Veranstaltungen\\\/Messen\",\"item\":\"https:\\\/\\\/www.krafthand.de\\\/truck\\\/kategorie\\\/branche\\\/veranstaltungen\\\/\"},{\"@type\":\"ListItem\",\"position\":4,\"name\":\"Werkstatt neu gedacht: Die CARAT Mobility Service Xpo`25 in Hamburg\"}]},{\"@type\":\"WebSite\",\"@id\":\"https:\\\/\\\/www.krafthand.de\\\/truck\\\/#website\",\"url\":\"https:\\\/\\\/www.krafthand.de\\\/truck\\\/\",\"name\":\"Krafthand-Truck\",\"description\":\"\",\"potentialAction\":[{\"@type\":\"SearchAction\",\"target\":{\"@type\":\"EntryPoint\",\"urlTemplate\":\"https:\\\/\\\/www.krafthand.de\\\/truck\\\/?s={search_term_string}\"},\"query-input\":{\"@type\":\"PropertyValueSpecification\",\"valueRequired\":true,\"valueName\":\"search_term_string\"}}],\"inLanguage\":\"de\"},{\"@type\":\"Person\",\"@id\":\"https:\\\/\\\/www.krafthand.de\\\/truck\\\/#\\\/schema\\\/person\\\/51fa80b1c57034c4bf63f9f988fc24ce\",\"name\":\"georg.blenk@krafthand-medien.de\",\"image\":{\"@type\":\"ImageObject\",\"inLanguage\":\"de\",\"@id\":\"https:\\\/\\\/secure.gravatar.com\\\/avatar\\\/93713c30affe0aa95d3a4130e499bb1abee2eb31adbdd9ce2aa1543538490215?s=96&d=mm&r=g\",\"url\":\"https:\\\/\\\/secure.gravatar.com\\\/avatar\\\/93713c30affe0aa95d3a4130e499bb1abee2eb31adbdd9ce2aa1543538490215?s=96&d=mm&r=g\",\"contentUrl\":\"https:\\\/\\\/secure.gravatar.com\\\/avatar\\\/93713c30affe0aa95d3a4130e499bb1abee2eb31adbdd9ce2aa1543538490215?s=96&d=mm&r=g\",\"caption\":\"georg.blenk@krafthand-medien.de\"}}]}<\/script>\n<!-- \/ Yoast SEO plugin. -->","yoast_head_json":{"title":"Werkstatt neu gedacht: Die CARAT Mobility Service Xpo`25 in Hamburg - Krafthand-Truck","robots":{"index":"index","follow":"follow","max-snippet":"max-snippet:-1","max-image-preview":"max-image-preview:large","max-video-preview":"max-video-preview:-1"},"canonical":"https:\/\/www.krafthand.de\/truck\/artikel\/werkstatt-neu-gedacht-die-carat-mobility-service-xpo25-in-hamburg-44179\/","og_locale":"de_DE","og_type":"article","og_title":"Werkstatt neu gedacht: Die CARAT Mobility Service Xpo`25 in Hamburg - Krafthand-Truck","og_description":"Letzen Samstag ging das neue Branchenevent der Mannheimer Einkaufskooperation CARAT an den Start. Die Mobility Service Xpo\u201925 \u2013 kurz MSX\u201925 \u2013 im Congress Center Hamburg lockte Industriepartner, Teileh\u00e4ndler und Partnerwerkst\u00e4tten aus ganz Deutschland an. ... weiter","og_url":"https:\/\/www.krafthand-truck.de\/artikel\/werkstatt-neu-gedacht-die-carat-mobility-service-xpo25-in-hamburg-44179\/","og_site_name":"Krafthand-Truck","article_published_time":"2025-10-14T12:39:41+00:00","article_modified_time":"2025-10-14T12:43:09+00:00","og_image":[{"width":1200,"height":593,"url":"https:\/\/static.krafthand-truck.de\/uploads\/2025\/10\/MSX-Eingang-CCH.jpg","type":"image\/jpeg"}],"author":"georg.blenk@krafthand-medien.de","twitter_card":"summary_large_image","twitter_misc":{"Verfasst von":"georg.blenk@krafthand-medien.de","Gesch\u00e4tzte Lesezeit":"3\u00a0Minuten"},"schema":{"@context":"https:\/\/schema.org","@graph":[{"@type":"Article","@id":"https:\/\/www.krafthand.de\/truck\/artikel\/werkstatt-neu-gedacht-die-carat-mobility-service-xpo25-in-hamburg-44179\/#article","isPartOf":{"@id":"https:\/\/www.krafthand.de\/truck\/artikel\/werkstatt-neu-gedacht-die-carat-mobility-service-xpo25-in-hamburg-44179\/"},"author":{"name":"georg.blenk@krafthand-medien.de","@id":"https:\/\/www.krafthand.de\/truck\/#\/schema\/person\/51fa80b1c57034c4bf63f9f988fc24ce"},"headline":"Werkstatt neu gedacht: Die CARAT Mobility Service Xpo`25 in Hamburg","datePublished":"2025-10-14T12:39:41+00:00","dateModified":"2025-10-14T12:43:09+00:00","mainEntityOfPage":{"@id":"https:\/\/www.krafthand.de\/truck\/artikel\/werkstatt-neu-gedacht-die-carat-mobility-service-xpo25-in-hamburg-44179\/"},"wordCount":313,"image":{"@id":"https:\/\/www.krafthand.de\/truck\/artikel\/werkstatt-neu-gedacht-die-carat-mobility-service-xpo25-in-hamburg-44179\/#primaryimage"},"thumbnailUrl":"https:\/\/static.krafthand-truck.de\/uploads\/2025\/10\/MSX-Eingang-CCH.jpg","keywords":["Carat","Carat-Gruppe"],"articleSection":["Veranstaltungen\/Messen"],"inLanguage":"de"},{"@type":"WebPage","@id":"https:\/\/www.krafthand.de\/truck\/artikel\/werkstatt-neu-gedacht-die-carat-mobility-service-xpo25-in-hamburg-44179\/","url":"https:\/\/www.krafthand.de\/truck\/artikel\/werkstatt-neu-gedacht-die-carat-mobility-service-xpo25-in-hamburg-44179\/","name":"Werkstatt neu gedacht: Die CARAT Mobility Service Xpo`25 in Hamburg - Krafthand-Truck","isPartOf":{"@id":"https:\/\/www.krafthand.de\/truck\/#website"},"primaryImageOfPage":{"@id":"https:\/\/www.krafthand.de\/truck\/artikel\/werkstatt-neu-gedacht-die-carat-mobility-service-xpo25-in-hamburg-44179\/#primaryimage"},"image":{"@id":"https:\/\/www.krafthand.de\/truck\/artikel\/werkstatt-neu-gedacht-die-carat-mobility-service-xpo25-in-hamburg-44179\/#primaryimage"},"thumbnailUrl":"https:\/\/static.krafthand-truck.de\/uploads\/2025\/10\/MSX-Eingang-CCH.jpg","datePublished":"2025-10-14T12:39:41+00:00","dateModified":"2025-10-14T12:43:09+00:00","author":{"@id":"https:\/\/www.krafthand.de\/truck\/#\/schema\/person\/51fa80b1c57034c4bf63f9f988fc24ce"},"breadcrumb":{"@id":"https:\/\/www.krafthand.de\/truck\/artikel\/werkstatt-neu-gedacht-die-carat-mobility-service-xpo25-in-hamburg-44179\/#breadcrumb"},"inLanguage":"de","potentialAction":[{"@type":"ReadAction","target":["https:\/\/www.krafthand.de\/truck\/artikel\/werkstatt-neu-gedacht-die-carat-mobility-service-xpo25-in-hamburg-44179\/"]}]},{"@type":"ImageObject","inLanguage":"de","@id":"https:\/\/www.krafthand.de\/truck\/artikel\/werkstatt-neu-gedacht-die-carat-mobility-service-xpo25-in-hamburg-44179\/#primaryimage","url":"https:\/\/static.krafthand-truck.de\/uploads\/2025\/10\/MSX-Eingang-CCH.jpg","contentUrl":"https:\/\/static.krafthand-truck.de\/uploads\/2025\/10\/MSX-Eingang-CCH.jpg","width":1200,"height":593},{"@type":"BreadcrumbList","@id":"https:\/\/www.krafthand.de\/truck\/artikel\/werkstatt-neu-gedacht-die-carat-mobility-service-xpo25-in-hamburg-44179\/#breadcrumb","itemListElement":[{"@type":"ListItem","position":1,"name":"Krafthand-Truck","item":"https:\/\/www.krafthand.de\/truck\/"},{"@type":"ListItem","position":2,"name":"Nfz-Branche","item":"https:\/\/www.krafthand.de\/truck\/kategorie\/branche\/"},{"@type":"ListItem","position":3,"name":"Veranstaltungen\/Messen","item":"https:\/\/www.krafthand.de\/truck\/kategorie\/branche\/veranstaltungen\/"},{"@type":"ListItem","position":4,"name":"Werkstatt neu gedacht: Die CARAT Mobility Service Xpo`25 in Hamburg"}]},{"@type":"WebSite","@id":"https:\/\/www.krafthand.de\/truck\/#website","url":"https:\/\/www.krafthand.de\/truck\/","name":"Krafthand-Truck","description":"","potentialAction":[{"@type":"SearchAction","target":{"@type":"EntryPoint","urlTemplate":"https:\/\/www.krafthand.de\/truck\/?s={search_term_string}"},"query-input":{"@type":"PropertyValueSpecification","valueRequired":true,"valueName":"search_term_string"}}],"inLanguage":"de"},{"@type":"Person","@id":"https:\/\/www.krafthand.de\/truck\/#\/schema\/person\/51fa80b1c57034c4bf63f9f988fc24ce","name":"georg.blenk@krafthand-medien.de","image":{"@type":"ImageObject","inLanguage":"de","@id":"https:\/\/secure.gravatar.com\/avatar\/93713c30affe0aa95d3a4130e499bb1abee2eb31adbdd9ce2aa1543538490215?s=96&d=mm&r=g","url":"https:\/\/secure.gravatar.com\/avatar\/93713c30affe0aa95d3a4130e499bb1abee2eb31adbdd9ce2aa1543538490215?s=96&d=mm&r=g","contentUrl":"https:\/\/secure.gravatar.com\/avatar\/93713c30affe0aa95d3a4130e499bb1abee2eb31adbdd9ce2aa1543538490215?s=96&d=mm&r=g","caption":"georg.blenk@krafthand-medien.de"}}]}},"_links":{"self":[{"href":"https:\/\/www.krafthand.de\/truck\/wp-json\/wp\/v2\/posts\/44179","targetHints":{"allow":["GET"]}}],"collection":[{"href":"https:\/\/www.krafthand.de\/truck\/wp-json\/wp\/v2\/posts"}],"about":[{"href":"https:\/\/www.krafthand.de\/truck\/wp-json\/wp\/v2\/types\/post"}],"author":[{"embeddable":true,"href":"https:\/\/www.krafthand.de\/truck\/wp-json\/wp\/v2\/users\/9"}],"replies":[{"embeddable":true,"href":"https:\/\/www.krafthand.de\/truck\/wp-json\/wp\/v2\/comments?post=44179"}],"version-history":[{"count":15,"href":"https:\/\/www.krafthand.de\/truck\/wp-json\/wp\/v2\/posts\/44179\/revisions"}],"predecessor-version":[{"id":44197,"href":"https:\/\/www.krafthand.de\/truck\/wp-json\/wp\/v2\/posts\/44179\/revisions\/44197"}],"wp:featuredmedia":[{"embeddable":true,"href":"https:\/\/www.krafthand.de\/truck\/wp-json\/wp\/v2\/media\/44188"}],"wp:attachment":[{"href":"https:\/\/www.krafthand.de\/truck\/wp-json\/wp\/v2\/media?parent=44179"}],"wp:term":[{"taxonomy":"category","embeddable":true,"href":"https:\/\/www.krafthand.de\/truck\/wp-json\/wp\/v2\/categories?post=44179"},{"taxonomy":"post_tag","embeddable":true,"href":"https:\/\/www.krafthand.de\/truck\/wp-json\/wp\/v2\/tags?post=44179"},{"taxonomy":"settings","embeddable":true,"href":"https:\/\/www.krafthand.de\/truck\/wp-json\/wp\/v2\/settings?post=44179"}],"curies":[{"name":"wp","href":"https:\/\/api.w.org\/{rel}","templated":true}]}}