{"id":44154,"date":"2025-10-09T14:49:11","date_gmt":"2025-10-09T12:49:11","guid":{"rendered":"https:\/\/www.krafthand.de\/truck\/?p=44154"},"modified":"2025-12-02T10:45:57","modified_gmt":"2025-12-02T09:45:57","slug":"acea-es-braucht-endlich-entschlossene-massnahmen-von-seiten-der-politik","status":"publish","type":"post","link":"https:\/\/www.krafthand.de\/truck\/artikel\/acea-es-braucht-endlich-entschlossene-massnahmen-von-seiten-der-politik-44154\/","title":{"rendered":"ACEA: &#8222;Es braucht endlich entschlossene Ma\u00dfnahmen von Seiten der Politik.&#8220;"},"content":{"rendered":"<p>Die europ\u00e4ischen Hersteller von Lkw und Bussen treiben allesamt die Dekarbonisierung des Schwerlastverkehrs voran. S\u00e4mtliche OEM halten mittlerweile eine breite und kontinuierlich wachsenden Produktpalette emissionsfreier Fahrzeuge vor. Dennoch vollzieht sich laut Branchenverband ACEA (Verband der europ\u00e4ischen Automobilhersteller) die Markteinf\u00fchrung\u00a0 derzeit zu langsam, zu konzentriert und zu fragmentiert und dies \u00fcber alle Mitgliedsstaaten hinweg. Letztendlich steht laut <a href=\"https:\/\/www.acea.auto\" target=\"_blank\" rel=\"noopener\">ACEA<\/a> das Ziel den Sektor fest auf Kurs zu bringen und die CO2-Reduktionsziele der EU f\u00fcr 2030 zu erreichen.<\/p>\n<blockquote class=\"khm-quote\"><p>Der j\u00fcngste Report des ACEA zeigt, dass die meisten Rahmenbedingungen, von Lkw-gerechter Infrastruktur \u00fcber den Zugang zum Stromnetz bis hin zur Kostenparit\u00e4t f\u00fcr emissionsfreie Fahrzeuge, weiterhin Engp\u00e4sse im Rennen um die Dekarbonisierung von HDVs darstellen. <\/p><\/blockquote>\n<p>Der aktuelle Bericht des ACEA zeigt, dass die meisten Bedingungen \u2013 von Lkw-geeigneter Infrastruktur und Netzzugang bis hin zur Kostenparit\u00e4t f\u00fcr ZEVs (Zero Emission Vehicles) \u2013 nach wie vor Engp\u00e4sse darstellen, wenn es um die Dekarbonisierung von Nutzfahrzeugen geht. In der ersten H\u00e4lfte des Jahres 2025 machten laut ACEA null-emissionsf\u00e4hige, mittelgro\u00dfe und schwere Lkw 3,6 Prozent der Neuzulassungen in der EU aus. Immerhin, 2024 waren es noch 2,1 Prozent. Fast vier von f\u00fcnf ZEV wurden in nur f\u00fcnf M\u00e4rkten zugelassen, n\u00e4mlich in Schweden, den Niederlanden, \u00d6sterreich, D\u00e4nemark und Frankreich. Bemerkenswerterweise schneiden zwei Nicht-EU-L\u00e4nder, die Schweiz und Norwegen, aufgrund g\u00fcnstigerer Rahmenbedingungen besser ab als ihre EU-Pendants.<\/p>\n<blockquote class=\"khm-quote\"><p> Um das CO2-Ziel f\u00fcr 2030 zu erreichen, werden in Europa bis Ende des Jahrzehnts laut ACEA etwa 400.000 emissionsfreie Lkw auf den Stra\u00dfen ben\u00f6tigt. Bis dahin muss also mindestens jeder dritte Lkw emissionsfrei sein. <\/p><\/blockquote>\n<h3>Ladeinfrastruktur<\/h3>\n<p>Laut Daten der ACEA, die durch zus\u00e4tzliche Bewertungen unterst\u00fctzt werden, sind in ganz Europa nur etwa 1.100 \u00f6ffentliche Ladestationen (mit 350 kW und mehr) f\u00fcr schwere Nutzfahrzeuge geeignet. Dies sei nur ein Bruchteil des tats\u00e4chlich ben\u00f6tigten Bedarfs. Um die erforderliche Flotte bis 2030 mit Strom zu versorgen, werden laut ACEA etwa 50.000 \u00f6ffentlich zug\u00e4ngliche Lkw-Ladestationen, einschlie\u00dflich 35.000 Megawatt-Ladestationen (MCS), und mindestens 700 Wasserstofftankstellen (mit einer Kapazit\u00e4t von sechs Tonnen pro Tag) ben\u00f6tigt. Obwohl die meisten Lkw-Ladevorg\u00e4nge heute an Depots stattfinden, sind \u00f6ffentliche und halb\u00f6ffentliche Ladestationen entscheidend, um eine schnelle Markteinf\u00fchrung von Fernverkehrs-Lkw zu erm\u00f6glichen.<\/p>\n<h3>Total Cost of Ownership<\/h3>\n<p>G\u00fcnstige Gesamtkosten (Total Cost of Ownership, TCO) f\u00fcr emissionsfreie Fahrzeuge (ZEVs) sind laut ACEA eine weitere entscheidende Herausforderung. Betreiber von Schwerlasttransporten arbeiten mit sehr geringen Margen, und ohne solide Gesch\u00e4ftsmodelle in allen Segmenten wird es f\u00fcr Flottenbetreiber schwierig sein, umzusteigen. Heute sind die TCO von null-Emissions-Lkw in viel zu vielen Einsatzbereichen und Mitgliedstaaten teurer als bei konventionellen Diesel-Lkw und h\u00e4ngen von unterst\u00fctzenden politischen Ma\u00dfnahmen ab. Zielgerichtete Politik wie CO2-differenzierte Stra\u00dfenmautgeb\u00fchren (Eurovignette), steuerliche Anreize und das kommende ETS2 werden helfen, die L\u00fccke zu schlie\u00dfen, diese Ma\u00dfnahmen sind jedoch noch nicht umgesetzt oder bleiben unzureichend, um die Nachfrage eindeutig zu steigern.<\/p>\n<blockquote class=\"khm-quote\"><p>Unzureichende Fortschritte was politische Entscheidungen angeht, insbesondere bei der Richtlinie \u00fcber Gewichte und Abmessungen, der Richtlinie \u00fcber Energiesteuern (etc.), begrenzen die Markteinf\u00fchrung von ZEVs.<\/p><\/blockquote>\n<h3>Fazit<\/h3>\n<p>Die Analyse von ACEA macht deutlich, dass die Erreichung der Klimaziele Europas f\u00fcr den schweren Stra\u00dfeng\u00fcterverkehr von gut abgestimmten, koh\u00e4renten und entschlossenen Ma\u00dfnahmen abh\u00e4ngt. Die Hersteller liefern die Fahrzeuge, aber politische Rahmenbedingungen, der Ausbau der Infrastruktur und Ma\u00dfnahmen zur Kosteneffizienz hinken hinterher. Wenn die fehlenden Voraussetzungen nicht dringend angegangen werden \u2013 von der Netzbereitstellung bis hin zu Mautanreizen (und vielen anderen Aspekten) \u2013 l\u00e4uft die EU Gefahr, ihre Ziele f\u00fcr 2030 zu verfehlen.<\/p>\n<p>Der aktuelle Bericht des ACEA kann <a href=\"https:\/\/static.krafthand-truck.de\/uploads\/2025\/10\/ACEA_Decarbonising-heavy-duty-road-transport_State-of-the-enabling-conditions.pdf\" target=\"_blank\" rel=\"noopener\">hier<\/a> heruntergeladen werden.<\/p>\n\r\n\t\t\t\t<div class=\"post-author\">\r\n\t\t\t\t\t<div class=\"khm-cp-author clearfix\">\r\n\t\t\t\t\t\t<div class=\"khm-cp-author__content\">\r\n\t\t\t\t\t\t\t\tKontakt zum Autor:<br \/>\r\n\t\t\t\t\t\t\t\t<strong>Georg Blenk<\/strong>, 08247 \/ 3007-45 |  <a href=\"mailto:georg.blenk@krafthand-medien.de\">georg.blenk@krafthand-medien.de<\/a>\r\n\t\t\t\t\t\t\t<div class=\"khm-cp-author__image\">\r\n\t\t\t\t\t\t<img src=\"https:\/\/static.krafthand-truck.de\/uploads\/2021\/01\/Blenk_6104-250x300-1-removebg-preview.png\" class=\"img-responsive\">\r\n\t\t\t\t\t<\/div>\r\n\t\t\t\t\t\t<\/div>\r\n\t\t\t\t\t<\/div>\r\n\t\t\t\t<\/div>\r\n\t\t\t\t","protected":false},"excerpt":{"rendered":"<p>Die europ\u00e4ischen Hersteller von Lkw und Bussen treiben allesamt die Dekarbonisierung des Schwerlastverkehrs voran. S\u00e4mtliche OEM halten mittlerweile eine breite und kontinuierlich wachsenden Produktpalette emissionsfreier Fahrzeuge vor. Doch es fehlt immer noch an den Rahmenbedingungen, so das Fazit eines aktuellen ACEA-Reports. <span class=\"excerpt-more__dots\">&#8230;<\/span> <a class=\"excerpt-more__link\" href=\"https:\/\/www.krafthand.de\/truck\/artikel\/acea-es-braucht-endlich-entschlossene-massnahmen-von-seiten-der-politik-44154\/\" >weiter<\/a><\/p>\n","protected":false},"author":9,"featured_media":44167,"comment_status":"closed","ping_status":"closed","sticky":false,"template":"","format":"standard","meta":{"footnotes":""},"categories":[4224,6375,4237],"tags":[4139,4177],"settings":[3524,4766,3523],"class_list":["post-44154","post","type-post","status-publish","format-standard","has-post-thumbnail","hentry","category-e-antrieb","category-lade-tank-infrastruktur","category-studien","tag-acea","tag-e-lkw"],"yoast_head":"<!-- This site is optimized with the Yoast SEO plugin v27.3 - https:\/\/yoast.com\/product\/yoast-seo-wordpress\/ -->\n<title>ACEA Report 2025 - Dekarbonisierung des Schwerlastverkehrs<\/title>\n<meta name=\"description\" content=\"Dekarbonisierung des Schwerlastverkehrs: Es fehlt immer noch an den Rahmenbedingungen, so das Fazit eines aktuellen ACEA-Reports.\" \/>\n<meta name=\"robots\" content=\"index, follow, max-snippet:-1, max-image-preview:large, max-video-preview:-1\" \/>\n<link rel=\"canonical\" href=\"https:\/\/www.krafthand.de\/truck\/artikel\/acea-es-braucht-endlich-entschlossene-massnahmen-von-seiten-der-politik-44154\/\" \/>\n<meta property=\"og:locale\" content=\"de_DE\" \/>\n<meta property=\"og:type\" content=\"article\" \/>\n<meta property=\"og:title\" content=\"ACEA Report 2025 - Dekarbonisierung des Schwerlastverkehrs\" \/>\n<meta property=\"og:description\" content=\"Dekarbonisierung des Schwerlastverkehrs: Es fehlt immer noch an den Rahmenbedingungen, so das Fazit eines aktuellen ACEA-Reports.\" \/>\n<meta property=\"og:url\" content=\"https:\/\/www.krafthand-truck.de\/artikel\/acea-es-braucht-endlich-entschlossene-massnahmen-von-seiten-der-politik-44154\/\" \/>\n<meta property=\"og:site_name\" content=\"Krafthand-Truck\" \/>\n<meta property=\"article:published_time\" content=\"2025-10-09T12:49:11+00:00\" \/>\n<meta property=\"article:modified_time\" content=\"2025-12-02T09:45:57+00:00\" \/>\n<meta property=\"og:image\" content=\"https:\/\/static.krafthand-truck.de\/uploads\/2025\/10\/ACEA_Truck_Report_E_Trucks_E_Lkw_BEV.jpg\" \/>\n\t<meta property=\"og:image:width\" content=\"1200\" \/>\n\t<meta property=\"og:image:height\" content=\"608\" \/>\n\t<meta property=\"og:image:type\" content=\"image\/jpeg\" \/>\n<meta name=\"author\" content=\"georg.blenk@krafthand-medien.de\" \/>\n<meta name=\"twitter:card\" content=\"summary_large_image\" \/>\n<meta name=\"twitter:label1\" content=\"Verfasst von\" \/>\n\t<meta name=\"twitter:data1\" content=\"georg.blenk@krafthand-medien.de\" \/>\n\t<meta name=\"twitter:label2\" content=\"Gesch\u00e4tzte Lesezeit\" \/>\n\t<meta name=\"twitter:data2\" content=\"4\u00a0Minuten\" \/>\n<script type=\"application\/ld+json\" class=\"yoast-schema-graph\">{\"@context\":\"https:\\\/\\\/schema.org\",\"@graph\":[{\"@type\":\"Article\",\"@id\":\"https:\\\/\\\/www.krafthand.de\\\/truck\\\/artikel\\\/acea-es-braucht-endlich-entschlossene-massnahmen-von-seiten-der-politik-44154\\\/#article\",\"isPartOf\":{\"@id\":\"https:\\\/\\\/www.krafthand.de\\\/truck\\\/artikel\\\/acea-es-braucht-endlich-entschlossene-massnahmen-von-seiten-der-politik-44154\\\/\"},\"author\":{\"name\":\"georg.blenk@krafthand-medien.de\",\"@id\":\"https:\\\/\\\/www.krafthand.de\\\/truck\\\/#\\\/schema\\\/person\\\/51fa80b1c57034c4bf63f9f988fc24ce\"},\"headline\":\"ACEA: &#8222;Es braucht endlich entschlossene Ma\u00dfnahmen von Seiten der Politik.&#8220;\",\"datePublished\":\"2025-10-09T12:49:11+00:00\",\"dateModified\":\"2025-12-02T09:45:57+00:00\",\"mainEntityOfPage\":{\"@id\":\"https:\\\/\\\/www.krafthand.de\\\/truck\\\/artikel\\\/acea-es-braucht-endlich-entschlossene-massnahmen-von-seiten-der-politik-44154\\\/\"},\"wordCount\":616,\"image\":{\"@id\":\"https:\\\/\\\/www.krafthand.de\\\/truck\\\/artikel\\\/acea-es-braucht-endlich-entschlossene-massnahmen-von-seiten-der-politik-44154\\\/#primaryimage\"},\"thumbnailUrl\":\"https:\\\/\\\/static.krafthand-truck.de\\\/uploads\\\/2025\\\/10\\\/ACEA_Truck_Report_E_Trucks_E_Lkw_BEV.jpg\",\"keywords\":[\"ACEA\",\"E-Lkw\"],\"articleSection\":[\"E-Antrieb (BEV\\\/FCEV)\",\"Lade-\\\/Tank-Infrastruktur\",\"Studien\\\/F+E\"],\"inLanguage\":\"de\"},{\"@type\":\"WebPage\",\"@id\":\"https:\\\/\\\/www.krafthand.de\\\/truck\\\/artikel\\\/acea-es-braucht-endlich-entschlossene-massnahmen-von-seiten-der-politik-44154\\\/\",\"url\":\"https:\\\/\\\/www.krafthand.de\\\/truck\\\/artikel\\\/acea-es-braucht-endlich-entschlossene-massnahmen-von-seiten-der-politik-44154\\\/\",\"name\":\"ACEA Report 2025 - Dekarbonisierung des Schwerlastverkehrs\",\"isPartOf\":{\"@id\":\"https:\\\/\\\/www.krafthand.de\\\/truck\\\/#website\"},\"primaryImageOfPage\":{\"@id\":\"https:\\\/\\\/www.krafthand.de\\\/truck\\\/artikel\\\/acea-es-braucht-endlich-entschlossene-massnahmen-von-seiten-der-politik-44154\\\/#primaryimage\"},\"image\":{\"@id\":\"https:\\\/\\\/www.krafthand.de\\\/truck\\\/artikel\\\/acea-es-braucht-endlich-entschlossene-massnahmen-von-seiten-der-politik-44154\\\/#primaryimage\"},\"thumbnailUrl\":\"https:\\\/\\\/static.krafthand-truck.de\\\/uploads\\\/2025\\\/10\\\/ACEA_Truck_Report_E_Trucks_E_Lkw_BEV.jpg\",\"datePublished\":\"2025-10-09T12:49:11+00:00\",\"dateModified\":\"2025-12-02T09:45:57+00:00\",\"author\":{\"@id\":\"https:\\\/\\\/www.krafthand.de\\\/truck\\\/#\\\/schema\\\/person\\\/51fa80b1c57034c4bf63f9f988fc24ce\"},\"description\":\"Dekarbonisierung des Schwerlastverkehrs: Es fehlt immer noch an den Rahmenbedingungen, so das Fazit eines aktuellen ACEA-Reports.\",\"breadcrumb\":{\"@id\":\"https:\\\/\\\/www.krafthand.de\\\/truck\\\/artikel\\\/acea-es-braucht-endlich-entschlossene-massnahmen-von-seiten-der-politik-44154\\\/#breadcrumb\"},\"inLanguage\":\"de\",\"potentialAction\":[{\"@type\":\"ReadAction\",\"target\":[\"https:\\\/\\\/www.krafthand.de\\\/truck\\\/artikel\\\/acea-es-braucht-endlich-entschlossene-massnahmen-von-seiten-der-politik-44154\\\/\"]}]},{\"@type\":\"ImageObject\",\"inLanguage\":\"de\",\"@id\":\"https:\\\/\\\/www.krafthand.de\\\/truck\\\/artikel\\\/acea-es-braucht-endlich-entschlossene-massnahmen-von-seiten-der-politik-44154\\\/#primaryimage\",\"url\":\"https:\\\/\\\/static.krafthand-truck.de\\\/uploads\\\/2025\\\/10\\\/ACEA_Truck_Report_E_Trucks_E_Lkw_BEV.jpg\",\"contentUrl\":\"https:\\\/\\\/static.krafthand-truck.de\\\/uploads\\\/2025\\\/10\\\/ACEA_Truck_Report_E_Trucks_E_Lkw_BEV.jpg\",\"width\":1200,\"height\":608},{\"@type\":\"BreadcrumbList\",\"@id\":\"https:\\\/\\\/www.krafthand.de\\\/truck\\\/artikel\\\/acea-es-braucht-endlich-entschlossene-massnahmen-von-seiten-der-politik-44154\\\/#breadcrumb\",\"itemListElement\":[{\"@type\":\"ListItem\",\"position\":1,\"name\":\"Krafthand-Truck\",\"item\":\"https:\\\/\\\/www.krafthand.de\\\/truck\\\/\"},{\"@type\":\"ListItem\",\"position\":2,\"name\":\"Nfz-Branche\",\"item\":\"https:\\\/\\\/www.krafthand.de\\\/truck\\\/kategorie\\\/branche\\\/\"},{\"@type\":\"ListItem\",\"position\":3,\"name\":\"Studien\\\/F+E\",\"item\":\"https:\\\/\\\/www.krafthand.de\\\/truck\\\/kategorie\\\/branche\\\/studien\\\/\"},{\"@type\":\"ListItem\",\"position\":4,\"name\":\"ACEA: &#8222;Es braucht endlich entschlossene Ma\u00dfnahmen von Seiten der Politik.&#8220;\"}]},{\"@type\":\"WebSite\",\"@id\":\"https:\\\/\\\/www.krafthand.de\\\/truck\\\/#website\",\"url\":\"https:\\\/\\\/www.krafthand.de\\\/truck\\\/\",\"name\":\"Krafthand-Truck\",\"description\":\"\",\"potentialAction\":[{\"@type\":\"SearchAction\",\"target\":{\"@type\":\"EntryPoint\",\"urlTemplate\":\"https:\\\/\\\/www.krafthand.de\\\/truck\\\/?s={search_term_string}\"},\"query-input\":{\"@type\":\"PropertyValueSpecification\",\"valueRequired\":true,\"valueName\":\"search_term_string\"}}],\"inLanguage\":\"de\"},{\"@type\":\"Person\",\"@id\":\"https:\\\/\\\/www.krafthand.de\\\/truck\\\/#\\\/schema\\\/person\\\/51fa80b1c57034c4bf63f9f988fc24ce\",\"name\":\"georg.blenk@krafthand-medien.de\",\"image\":{\"@type\":\"ImageObject\",\"inLanguage\":\"de\",\"@id\":\"https:\\\/\\\/secure.gravatar.com\\\/avatar\\\/93713c30affe0aa95d3a4130e499bb1abee2eb31adbdd9ce2aa1543538490215?s=96&d=mm&r=g\",\"url\":\"https:\\\/\\\/secure.gravatar.com\\\/avatar\\\/93713c30affe0aa95d3a4130e499bb1abee2eb31adbdd9ce2aa1543538490215?s=96&d=mm&r=g\",\"contentUrl\":\"https:\\\/\\\/secure.gravatar.com\\\/avatar\\\/93713c30affe0aa95d3a4130e499bb1abee2eb31adbdd9ce2aa1543538490215?s=96&d=mm&r=g\",\"caption\":\"georg.blenk@krafthand-medien.de\"}}]}<\/script>\n<!-- \/ Yoast SEO plugin. -->","yoast_head_json":{"title":"ACEA Report 2025 - Dekarbonisierung des Schwerlastverkehrs","description":"Dekarbonisierung des Schwerlastverkehrs: Es fehlt immer noch an den Rahmenbedingungen, so das Fazit eines aktuellen ACEA-Reports.","robots":{"index":"index","follow":"follow","max-snippet":"max-snippet:-1","max-image-preview":"max-image-preview:large","max-video-preview":"max-video-preview:-1"},"canonical":"https:\/\/www.krafthand.de\/truck\/artikel\/acea-es-braucht-endlich-entschlossene-massnahmen-von-seiten-der-politik-44154\/","og_locale":"de_DE","og_type":"article","og_title":"ACEA Report 2025 - Dekarbonisierung des Schwerlastverkehrs","og_description":"Dekarbonisierung des Schwerlastverkehrs: Es fehlt immer noch an den Rahmenbedingungen, so das Fazit eines aktuellen ACEA-Reports.","og_url":"https:\/\/www.krafthand-truck.de\/artikel\/acea-es-braucht-endlich-entschlossene-massnahmen-von-seiten-der-politik-44154\/","og_site_name":"Krafthand-Truck","article_published_time":"2025-10-09T12:49:11+00:00","article_modified_time":"2025-12-02T09:45:57+00:00","og_image":[{"width":1200,"height":608,"url":"https:\/\/static.krafthand-truck.de\/uploads\/2025\/10\/ACEA_Truck_Report_E_Trucks_E_Lkw_BEV.jpg","type":"image\/jpeg"}],"author":"georg.blenk@krafthand-medien.de","twitter_card":"summary_large_image","twitter_misc":{"Verfasst von":"georg.blenk@krafthand-medien.de","Gesch\u00e4tzte Lesezeit":"4\u00a0Minuten"},"schema":{"@context":"https:\/\/schema.org","@graph":[{"@type":"Article","@id":"https:\/\/www.krafthand.de\/truck\/artikel\/acea-es-braucht-endlich-entschlossene-massnahmen-von-seiten-der-politik-44154\/#article","isPartOf":{"@id":"https:\/\/www.krafthand.de\/truck\/artikel\/acea-es-braucht-endlich-entschlossene-massnahmen-von-seiten-der-politik-44154\/"},"author":{"name":"georg.blenk@krafthand-medien.de","@id":"https:\/\/www.krafthand.de\/truck\/#\/schema\/person\/51fa80b1c57034c4bf63f9f988fc24ce"},"headline":"ACEA: &#8222;Es braucht endlich entschlossene Ma\u00dfnahmen von Seiten der Politik.&#8220;","datePublished":"2025-10-09T12:49:11+00:00","dateModified":"2025-12-02T09:45:57+00:00","mainEntityOfPage":{"@id":"https:\/\/www.krafthand.de\/truck\/artikel\/acea-es-braucht-endlich-entschlossene-massnahmen-von-seiten-der-politik-44154\/"},"wordCount":616,"image":{"@id":"https:\/\/www.krafthand.de\/truck\/artikel\/acea-es-braucht-endlich-entschlossene-massnahmen-von-seiten-der-politik-44154\/#primaryimage"},"thumbnailUrl":"https:\/\/static.krafthand-truck.de\/uploads\/2025\/10\/ACEA_Truck_Report_E_Trucks_E_Lkw_BEV.jpg","keywords":["ACEA","E-Lkw"],"articleSection":["E-Antrieb (BEV\/FCEV)","Lade-\/Tank-Infrastruktur","Studien\/F+E"],"inLanguage":"de"},{"@type":"WebPage","@id":"https:\/\/www.krafthand.de\/truck\/artikel\/acea-es-braucht-endlich-entschlossene-massnahmen-von-seiten-der-politik-44154\/","url":"https:\/\/www.krafthand.de\/truck\/artikel\/acea-es-braucht-endlich-entschlossene-massnahmen-von-seiten-der-politik-44154\/","name":"ACEA Report 2025 - Dekarbonisierung des Schwerlastverkehrs","isPartOf":{"@id":"https:\/\/www.krafthand.de\/truck\/#website"},"primaryImageOfPage":{"@id":"https:\/\/www.krafthand.de\/truck\/artikel\/acea-es-braucht-endlich-entschlossene-massnahmen-von-seiten-der-politik-44154\/#primaryimage"},"image":{"@id":"https:\/\/www.krafthand.de\/truck\/artikel\/acea-es-braucht-endlich-entschlossene-massnahmen-von-seiten-der-politik-44154\/#primaryimage"},"thumbnailUrl":"https:\/\/static.krafthand-truck.de\/uploads\/2025\/10\/ACEA_Truck_Report_E_Trucks_E_Lkw_BEV.jpg","datePublished":"2025-10-09T12:49:11+00:00","dateModified":"2025-12-02T09:45:57+00:00","author":{"@id":"https:\/\/www.krafthand.de\/truck\/#\/schema\/person\/51fa80b1c57034c4bf63f9f988fc24ce"},"description":"Dekarbonisierung des Schwerlastverkehrs: Es fehlt immer noch an den Rahmenbedingungen, so das Fazit eines aktuellen ACEA-Reports.","breadcrumb":{"@id":"https:\/\/www.krafthand.de\/truck\/artikel\/acea-es-braucht-endlich-entschlossene-massnahmen-von-seiten-der-politik-44154\/#breadcrumb"},"inLanguage":"de","potentialAction":[{"@type":"ReadAction","target":["https:\/\/www.krafthand.de\/truck\/artikel\/acea-es-braucht-endlich-entschlossene-massnahmen-von-seiten-der-politik-44154\/"]}]},{"@type":"ImageObject","inLanguage":"de","@id":"https:\/\/www.krafthand.de\/truck\/artikel\/acea-es-braucht-endlich-entschlossene-massnahmen-von-seiten-der-politik-44154\/#primaryimage","url":"https:\/\/static.krafthand-truck.de\/uploads\/2025\/10\/ACEA_Truck_Report_E_Trucks_E_Lkw_BEV.jpg","contentUrl":"https:\/\/static.krafthand-truck.de\/uploads\/2025\/10\/ACEA_Truck_Report_E_Trucks_E_Lkw_BEV.jpg","width":1200,"height":608},{"@type":"BreadcrumbList","@id":"https:\/\/www.krafthand.de\/truck\/artikel\/acea-es-braucht-endlich-entschlossene-massnahmen-von-seiten-der-politik-44154\/#breadcrumb","itemListElement":[{"@type":"ListItem","position":1,"name":"Krafthand-Truck","item":"https:\/\/www.krafthand.de\/truck\/"},{"@type":"ListItem","position":2,"name":"Nfz-Branche","item":"https:\/\/www.krafthand.de\/truck\/kategorie\/branche\/"},{"@type":"ListItem","position":3,"name":"Studien\/F+E","item":"https:\/\/www.krafthand.de\/truck\/kategorie\/branche\/studien\/"},{"@type":"ListItem","position":4,"name":"ACEA: &#8222;Es braucht endlich entschlossene Ma\u00dfnahmen von Seiten der Politik.&#8220;"}]},{"@type":"WebSite","@id":"https:\/\/www.krafthand.de\/truck\/#website","url":"https:\/\/www.krafthand.de\/truck\/","name":"Krafthand-Truck","description":"","potentialAction":[{"@type":"SearchAction","target":{"@type":"EntryPoint","urlTemplate":"https:\/\/www.krafthand.de\/truck\/?s={search_term_string}"},"query-input":{"@type":"PropertyValueSpecification","valueRequired":true,"valueName":"search_term_string"}}],"inLanguage":"de"},{"@type":"Person","@id":"https:\/\/www.krafthand.de\/truck\/#\/schema\/person\/51fa80b1c57034c4bf63f9f988fc24ce","name":"georg.blenk@krafthand-medien.de","image":{"@type":"ImageObject","inLanguage":"de","@id":"https:\/\/secure.gravatar.com\/avatar\/93713c30affe0aa95d3a4130e499bb1abee2eb31adbdd9ce2aa1543538490215?s=96&d=mm&r=g","url":"https:\/\/secure.gravatar.com\/avatar\/93713c30affe0aa95d3a4130e499bb1abee2eb31adbdd9ce2aa1543538490215?s=96&d=mm&r=g","contentUrl":"https:\/\/secure.gravatar.com\/avatar\/93713c30affe0aa95d3a4130e499bb1abee2eb31adbdd9ce2aa1543538490215?s=96&d=mm&r=g","caption":"georg.blenk@krafthand-medien.de"}}]}},"_links":{"self":[{"href":"https:\/\/www.krafthand.de\/truck\/wp-json\/wp\/v2\/posts\/44154","targetHints":{"allow":["GET"]}}],"collection":[{"href":"https:\/\/www.krafthand.de\/truck\/wp-json\/wp\/v2\/posts"}],"about":[{"href":"https:\/\/www.krafthand.de\/truck\/wp-json\/wp\/v2\/types\/post"}],"author":[{"embeddable":true,"href":"https:\/\/www.krafthand.de\/truck\/wp-json\/wp\/v2\/users\/9"}],"replies":[{"embeddable":true,"href":"https:\/\/www.krafthand.de\/truck\/wp-json\/wp\/v2\/comments?post=44154"}],"version-history":[{"count":16,"href":"https:\/\/www.krafthand.de\/truck\/wp-json\/wp\/v2\/posts\/44154\/revisions"}],"predecessor-version":[{"id":44175,"href":"https:\/\/www.krafthand.de\/truck\/wp-json\/wp\/v2\/posts\/44154\/revisions\/44175"}],"wp:featuredmedia":[{"embeddable":true,"href":"https:\/\/www.krafthand.de\/truck\/wp-json\/wp\/v2\/media\/44167"}],"wp:attachment":[{"href":"https:\/\/www.krafthand.de\/truck\/wp-json\/wp\/v2\/media?parent=44154"}],"wp:term":[{"taxonomy":"category","embeddable":true,"href":"https:\/\/www.krafthand.de\/truck\/wp-json\/wp\/v2\/categories?post=44154"},{"taxonomy":"post_tag","embeddable":true,"href":"https:\/\/www.krafthand.de\/truck\/wp-json\/wp\/v2\/tags?post=44154"},{"taxonomy":"settings","embeddable":true,"href":"https:\/\/www.krafthand.de\/truck\/wp-json\/wp\/v2\/settings?post=44154"}],"curies":[{"name":"wp","href":"https:\/\/api.w.org\/{rel}","templated":true}]}}