{"id":44145,"date":"2025-10-09T10:08:30","date_gmt":"2025-10-09T08:08:30","guid":{"rendered":"https:\/\/www.krafthand.de\/truck\/?p=44145"},"modified":"2025-10-09T10:49:26","modified_gmt":"2025-10-09T08:49:26","slug":"die-summe-aller-teile-global-parts-center-nimmt-formen-an","status":"publish","type":"post","link":"https:\/\/www.krafthand.de\/truck\/artikel\/die-summe-aller-teile-global-parts-center-nimmt-formen-an-44145\/","title":{"rendered":"Die Summe aller Teile &#8211; Global Parts Center nimmt Formen an"},"content":{"rendered":"<p>Drei Monate nach der Er\u00f6ffnung des Daimler Truck Global Parts Centers (GPC) ziert nun auch das offizielle Unternehmenszeichen die Au\u00dfenw\u00e4nde des GPC.\u00a0Die Beschriftung in 35 Metern H\u00f6he wiegt rund 120 kg. In der Dunkelheit sind die jeweils drei Meter gro\u00dfen Buchstaben mit LEDs beleuchtet.<\/p>\n<p>Der neue Daimler Truck Logistik-Standort im Industriepark Ost von Halberstadt erstreckt sich \u00fcber rund 270.000 Quadratmeter. Mitte Mai 2025 hat man mit der Einlagerung der ersten Teile begonnen, im Juli feierte das <a href=\"https:\/\/www.daimlertruck.com\/halberstadt-daimler-truck-global-parts-center\" target=\"_blank\" rel=\"noopener\">GPC<\/a> seine Er\u00f6ffnung.<\/p>\n<p>Ab Anfang 2026 soll der neue Standort \u00fcber 20 regionale Logistikzentren und knapp 3.000 H\u00e4ndler weltweit mit Ersatzteilen bedienen. Zu den L\u00e4ndern die beliefert werden, geh\u00f6ren beispielsweise auch die T\u00fcrkei, die Vereinigten Arabischen Emirate, Brasilien oder Australien. Halberstadt wird damit zum Herzst\u00fcck f\u00fcr die weltweite Ersatzteilversorgung von Mercedes-Benz Trucks. Und ab jetzt k\u00f6nnen auch Au\u00dfenstehende erkennen, welches Unternehmen sich auf dem riesigen Gel\u00e4nde angesiedelt hat.<\/p>\n","protected":false},"excerpt":{"rendered":"<p>Drei Monate nach der Er\u00f6ffnung des Daimler Truck Global Parts Centers (GPC) ziert nun auch das offizielle Unternehmenszeichen die Au\u00dfenw\u00e4nde des GPC.\u00a0Die Beschriftung in 35 Metern H\u00f6he wiegt rund 120 kg. In der Dunkelheit sind die jeweils drei Meter gro\u00dfen Buchstaben mit LEDs beleuchtet. <span class=\"excerpt-more__dots\">&#8230;<\/span> <a class=\"excerpt-more__link\" href=\"https:\/\/www.krafthand.de\/truck\/artikel\/die-summe-aller-teile-global-parts-center-nimmt-formen-an-44145\/\" >weiter<\/a><\/p>\n","protected":false},"author":9,"featured_media":44151,"comment_status":"closed","ping_status":"closed","sticky":false,"template":"","format":"standard","meta":{"footnotes":""},"categories":[4912],"tags":[4492,510,5558],"settings":[4766,3523],"class_list":["post-44145","post","type-post","status-publish","format-standard","has-post-thumbnail","hentry","category-ersatzteile-zubehoer","tag-daimler-truck","tag-ersatzteile","tag-teilelager"],"yoast_head":"<!-- This site is optimized with the Yoast SEO plugin v27.3 - https:\/\/yoast.com\/product\/yoast-seo-wordpress\/ -->\n<title>Die Summe aller Teile - Global Parts Center nimmt Formen an - Krafthand-Truck<\/title>\n<meta name=\"description\" content=\"Drei Monate nach der Er\u00f6ffnung des Daimler Truck Global Parts Centers (GPC) ziert nun auch das Unternehmenszeichen die Au\u00dfenw\u00e4nde des GPC.\u00a0\" \/>\n<meta name=\"robots\" content=\"index, follow, max-snippet:-1, max-image-preview:large, max-video-preview:-1\" \/>\n<link rel=\"canonical\" href=\"https:\/\/www.krafthand.de\/truck\/artikel\/die-summe-aller-teile-global-parts-center-nimmt-formen-an-44145\/\" \/>\n<meta property=\"og:locale\" content=\"de_DE\" \/>\n<meta property=\"og:type\" content=\"article\" \/>\n<meta property=\"og:title\" content=\"Die Summe aller Teile - Global Parts Center nimmt Formen an - Krafthand-Truck\" \/>\n<meta property=\"og:description\" content=\"Drei Monate nach der Er\u00f6ffnung des Daimler Truck Global Parts Centers (GPC) ziert nun auch das Unternehmenszeichen die Au\u00dfenw\u00e4nde des GPC.\u00a0\" \/>\n<meta property=\"og:url\" content=\"https:\/\/www.krafthand-truck.de\/artikel\/die-summe-aller-teile-global-parts-center-nimmt-formen-an-44145\/\" \/>\n<meta property=\"og:site_name\" content=\"Krafthand-Truck\" \/>\n<meta property=\"article:published_time\" content=\"2025-10-09T08:08:30+00:00\" \/>\n<meta property=\"article:modified_time\" content=\"2025-10-09T08:49:26+00:00\" \/>\n<meta property=\"og:image\" content=\"https:\/\/static.krafthand-truck.de\/uploads\/2025\/10\/Daimler_Truck_Ersatzteillager_Halberstadt_DPC.jpg\" \/>\n\t<meta property=\"og:image:width\" content=\"1200\" \/>\n\t<meta property=\"og:image:height\" content=\"703\" \/>\n\t<meta property=\"og:image:type\" content=\"image\/jpeg\" \/>\n<meta name=\"author\" content=\"georg.blenk@krafthand-medien.de\" \/>\n<meta name=\"twitter:card\" content=\"summary_large_image\" \/>\n<meta name=\"twitter:label1\" content=\"Verfasst von\" \/>\n\t<meta name=\"twitter:data1\" content=\"georg.blenk@krafthand-medien.de\" \/>\n\t<meta name=\"twitter:label2\" content=\"Gesch\u00e4tzte Lesezeit\" \/>\n\t<meta name=\"twitter:data2\" content=\"2\u00a0Minuten\" \/>\n<script type=\"application\/ld+json\" class=\"yoast-schema-graph\">{\"@context\":\"https:\\\/\\\/schema.org\",\"@graph\":[{\"@type\":\"Article\",\"@id\":\"https:\\\/\\\/www.krafthand.de\\\/truck\\\/artikel\\\/die-summe-aller-teile-global-parts-center-nimmt-formen-an-44145\\\/#article\",\"isPartOf\":{\"@id\":\"https:\\\/\\\/www.krafthand.de\\\/truck\\\/artikel\\\/die-summe-aller-teile-global-parts-center-nimmt-formen-an-44145\\\/\"},\"author\":{\"name\":\"georg.blenk@krafthand-medien.de\",\"@id\":\"https:\\\/\\\/www.krafthand.de\\\/truck\\\/#\\\/schema\\\/person\\\/51fa80b1c57034c4bf63f9f988fc24ce\"},\"headline\":\"Die Summe aller Teile &#8211; Global Parts Center nimmt Formen an\",\"datePublished\":\"2025-10-09T08:08:30+00:00\",\"dateModified\":\"2025-10-09T08:49:26+00:00\",\"mainEntityOfPage\":{\"@id\":\"https:\\\/\\\/www.krafthand.de\\\/truck\\\/artikel\\\/die-summe-aller-teile-global-parts-center-nimmt-formen-an-44145\\\/\"},\"wordCount\":164,\"image\":{\"@id\":\"https:\\\/\\\/www.krafthand.de\\\/truck\\\/artikel\\\/die-summe-aller-teile-global-parts-center-nimmt-formen-an-44145\\\/#primaryimage\"},\"thumbnailUrl\":\"https:\\\/\\\/static.krafthand-truck.de\\\/uploads\\\/2025\\\/10\\\/Daimler_Truck_Ersatzteillager_Halberstadt_DPC.jpg\",\"keywords\":[\"Daimler Truck\",\"Ersatzteile\",\"Teilelager\"],\"articleSection\":[\"Ersatzteile\\\/Zubeh\u00f6r\"],\"inLanguage\":\"de\"},{\"@type\":\"WebPage\",\"@id\":\"https:\\\/\\\/www.krafthand.de\\\/truck\\\/artikel\\\/die-summe-aller-teile-global-parts-center-nimmt-formen-an-44145\\\/\",\"url\":\"https:\\\/\\\/www.krafthand.de\\\/truck\\\/artikel\\\/die-summe-aller-teile-global-parts-center-nimmt-formen-an-44145\\\/\",\"name\":\"Die Summe aller Teile - Global Parts Center nimmt Formen an - Krafthand-Truck\",\"isPartOf\":{\"@id\":\"https:\\\/\\\/www.krafthand.de\\\/truck\\\/#website\"},\"primaryImageOfPage\":{\"@id\":\"https:\\\/\\\/www.krafthand.de\\\/truck\\\/artikel\\\/die-summe-aller-teile-global-parts-center-nimmt-formen-an-44145\\\/#primaryimage\"},\"image\":{\"@id\":\"https:\\\/\\\/www.krafthand.de\\\/truck\\\/artikel\\\/die-summe-aller-teile-global-parts-center-nimmt-formen-an-44145\\\/#primaryimage\"},\"thumbnailUrl\":\"https:\\\/\\\/static.krafthand-truck.de\\\/uploads\\\/2025\\\/10\\\/Daimler_Truck_Ersatzteillager_Halberstadt_DPC.jpg\",\"datePublished\":\"2025-10-09T08:08:30+00:00\",\"dateModified\":\"2025-10-09T08:49:26+00:00\",\"author\":{\"@id\":\"https:\\\/\\\/www.krafthand.de\\\/truck\\\/#\\\/schema\\\/person\\\/51fa80b1c57034c4bf63f9f988fc24ce\"},\"description\":\"Drei Monate nach der Er\u00f6ffnung des Daimler Truck Global Parts Centers (GPC) ziert nun auch das Unternehmenszeichen die Au\u00dfenw\u00e4nde des GPC.\u00a0\",\"breadcrumb\":{\"@id\":\"https:\\\/\\\/www.krafthand.de\\\/truck\\\/artikel\\\/die-summe-aller-teile-global-parts-center-nimmt-formen-an-44145\\\/#breadcrumb\"},\"inLanguage\":\"de\",\"potentialAction\":[{\"@type\":\"ReadAction\",\"target\":[\"https:\\\/\\\/www.krafthand.de\\\/truck\\\/artikel\\\/die-summe-aller-teile-global-parts-center-nimmt-formen-an-44145\\\/\"]}]},{\"@type\":\"ImageObject\",\"inLanguage\":\"de\",\"@id\":\"https:\\\/\\\/www.krafthand.de\\\/truck\\\/artikel\\\/die-summe-aller-teile-global-parts-center-nimmt-formen-an-44145\\\/#primaryimage\",\"url\":\"https:\\\/\\\/static.krafthand-truck.de\\\/uploads\\\/2025\\\/10\\\/Daimler_Truck_Ersatzteillager_Halberstadt_DPC.jpg\",\"contentUrl\":\"https:\\\/\\\/static.krafthand-truck.de\\\/uploads\\\/2025\\\/10\\\/Daimler_Truck_Ersatzteillager_Halberstadt_DPC.jpg\",\"width\":1200,\"height\":703},{\"@type\":\"BreadcrumbList\",\"@id\":\"https:\\\/\\\/www.krafthand.de\\\/truck\\\/artikel\\\/die-summe-aller-teile-global-parts-center-nimmt-formen-an-44145\\\/#breadcrumb\",\"itemListElement\":[{\"@type\":\"ListItem\",\"position\":1,\"name\":\"Krafthand-Truck\",\"item\":\"https:\\\/\\\/www.krafthand.de\\\/truck\\\/\"},{\"@type\":\"ListItem\",\"position\":2,\"name\":\"Nfz-Service\",\"item\":\"https:\\\/\\\/www.krafthand.de\\\/truck\\\/kategorie\\\/nfz-service\\\/\"},{\"@type\":\"ListItem\",\"position\":3,\"name\":\"Ersatzteile\\\/Zubeh\u00f6r\",\"item\":\"https:\\\/\\\/www.krafthand.de\\\/truck\\\/kategorie\\\/nfz-service\\\/ersatzteile-zubehoer\\\/\"},{\"@type\":\"ListItem\",\"position\":4,\"name\":\"Die Summe aller Teile &#8211; Global Parts Center nimmt Formen an\"}]},{\"@type\":\"WebSite\",\"@id\":\"https:\\\/\\\/www.krafthand.de\\\/truck\\\/#website\",\"url\":\"https:\\\/\\\/www.krafthand.de\\\/truck\\\/\",\"name\":\"Krafthand-Truck\",\"description\":\"\",\"potentialAction\":[{\"@type\":\"SearchAction\",\"target\":{\"@type\":\"EntryPoint\",\"urlTemplate\":\"https:\\\/\\\/www.krafthand.de\\\/truck\\\/?s={search_term_string}\"},\"query-input\":{\"@type\":\"PropertyValueSpecification\",\"valueRequired\":true,\"valueName\":\"search_term_string\"}}],\"inLanguage\":\"de\"},{\"@type\":\"Person\",\"@id\":\"https:\\\/\\\/www.krafthand.de\\\/truck\\\/#\\\/schema\\\/person\\\/51fa80b1c57034c4bf63f9f988fc24ce\",\"name\":\"georg.blenk@krafthand-medien.de\",\"image\":{\"@type\":\"ImageObject\",\"inLanguage\":\"de\",\"@id\":\"https:\\\/\\\/secure.gravatar.com\\\/avatar\\\/93713c30affe0aa95d3a4130e499bb1abee2eb31adbdd9ce2aa1543538490215?s=96&d=mm&r=g\",\"url\":\"https:\\\/\\\/secure.gravatar.com\\\/avatar\\\/93713c30affe0aa95d3a4130e499bb1abee2eb31adbdd9ce2aa1543538490215?s=96&d=mm&r=g\",\"contentUrl\":\"https:\\\/\\\/secure.gravatar.com\\\/avatar\\\/93713c30affe0aa95d3a4130e499bb1abee2eb31adbdd9ce2aa1543538490215?s=96&d=mm&r=g\",\"caption\":\"georg.blenk@krafthand-medien.de\"}}]}<\/script>\n<!-- \/ Yoast SEO plugin. -->","yoast_head_json":{"title":"Die Summe aller Teile - Global Parts Center nimmt Formen an - Krafthand-Truck","description":"Drei Monate nach der Er\u00f6ffnung des Daimler Truck Global Parts Centers (GPC) ziert nun auch das Unternehmenszeichen die Au\u00dfenw\u00e4nde des GPC.\u00a0","robots":{"index":"index","follow":"follow","max-snippet":"max-snippet:-1","max-image-preview":"max-image-preview:large","max-video-preview":"max-video-preview:-1"},"canonical":"https:\/\/www.krafthand.de\/truck\/artikel\/die-summe-aller-teile-global-parts-center-nimmt-formen-an-44145\/","og_locale":"de_DE","og_type":"article","og_title":"Die Summe aller Teile - Global Parts Center nimmt Formen an - Krafthand-Truck","og_description":"Drei Monate nach der Er\u00f6ffnung des Daimler Truck Global Parts Centers (GPC) ziert nun auch das Unternehmenszeichen die Au\u00dfenw\u00e4nde des GPC.\u00a0","og_url":"https:\/\/www.krafthand-truck.de\/artikel\/die-summe-aller-teile-global-parts-center-nimmt-formen-an-44145\/","og_site_name":"Krafthand-Truck","article_published_time":"2025-10-09T08:08:30+00:00","article_modified_time":"2025-10-09T08:49:26+00:00","og_image":[{"width":1200,"height":703,"url":"https:\/\/static.krafthand-truck.de\/uploads\/2025\/10\/Daimler_Truck_Ersatzteillager_Halberstadt_DPC.jpg","type":"image\/jpeg"}],"author":"georg.blenk@krafthand-medien.de","twitter_card":"summary_large_image","twitter_misc":{"Verfasst von":"georg.blenk@krafthand-medien.de","Gesch\u00e4tzte Lesezeit":"2\u00a0Minuten"},"schema":{"@context":"https:\/\/schema.org","@graph":[{"@type":"Article","@id":"https:\/\/www.krafthand.de\/truck\/artikel\/die-summe-aller-teile-global-parts-center-nimmt-formen-an-44145\/#article","isPartOf":{"@id":"https:\/\/www.krafthand.de\/truck\/artikel\/die-summe-aller-teile-global-parts-center-nimmt-formen-an-44145\/"},"author":{"name":"georg.blenk@krafthand-medien.de","@id":"https:\/\/www.krafthand.de\/truck\/#\/schema\/person\/51fa80b1c57034c4bf63f9f988fc24ce"},"headline":"Die Summe aller Teile &#8211; Global Parts Center nimmt Formen an","datePublished":"2025-10-09T08:08:30+00:00","dateModified":"2025-10-09T08:49:26+00:00","mainEntityOfPage":{"@id":"https:\/\/www.krafthand.de\/truck\/artikel\/die-summe-aller-teile-global-parts-center-nimmt-formen-an-44145\/"},"wordCount":164,"image":{"@id":"https:\/\/www.krafthand.de\/truck\/artikel\/die-summe-aller-teile-global-parts-center-nimmt-formen-an-44145\/#primaryimage"},"thumbnailUrl":"https:\/\/static.krafthand-truck.de\/uploads\/2025\/10\/Daimler_Truck_Ersatzteillager_Halberstadt_DPC.jpg","keywords":["Daimler Truck","Ersatzteile","Teilelager"],"articleSection":["Ersatzteile\/Zubeh\u00f6r"],"inLanguage":"de"},{"@type":"WebPage","@id":"https:\/\/www.krafthand.de\/truck\/artikel\/die-summe-aller-teile-global-parts-center-nimmt-formen-an-44145\/","url":"https:\/\/www.krafthand.de\/truck\/artikel\/die-summe-aller-teile-global-parts-center-nimmt-formen-an-44145\/","name":"Die Summe aller Teile - Global Parts Center nimmt Formen an - Krafthand-Truck","isPartOf":{"@id":"https:\/\/www.krafthand.de\/truck\/#website"},"primaryImageOfPage":{"@id":"https:\/\/www.krafthand.de\/truck\/artikel\/die-summe-aller-teile-global-parts-center-nimmt-formen-an-44145\/#primaryimage"},"image":{"@id":"https:\/\/www.krafthand.de\/truck\/artikel\/die-summe-aller-teile-global-parts-center-nimmt-formen-an-44145\/#primaryimage"},"thumbnailUrl":"https:\/\/static.krafthand-truck.de\/uploads\/2025\/10\/Daimler_Truck_Ersatzteillager_Halberstadt_DPC.jpg","datePublished":"2025-10-09T08:08:30+00:00","dateModified":"2025-10-09T08:49:26+00:00","author":{"@id":"https:\/\/www.krafthand.de\/truck\/#\/schema\/person\/51fa80b1c57034c4bf63f9f988fc24ce"},"description":"Drei Monate nach der Er\u00f6ffnung des Daimler Truck Global Parts Centers (GPC) ziert nun auch das Unternehmenszeichen die Au\u00dfenw\u00e4nde des GPC.\u00a0","breadcrumb":{"@id":"https:\/\/www.krafthand.de\/truck\/artikel\/die-summe-aller-teile-global-parts-center-nimmt-formen-an-44145\/#breadcrumb"},"inLanguage":"de","potentialAction":[{"@type":"ReadAction","target":["https:\/\/www.krafthand.de\/truck\/artikel\/die-summe-aller-teile-global-parts-center-nimmt-formen-an-44145\/"]}]},{"@type":"ImageObject","inLanguage":"de","@id":"https:\/\/www.krafthand.de\/truck\/artikel\/die-summe-aller-teile-global-parts-center-nimmt-formen-an-44145\/#primaryimage","url":"https:\/\/static.krafthand-truck.de\/uploads\/2025\/10\/Daimler_Truck_Ersatzteillager_Halberstadt_DPC.jpg","contentUrl":"https:\/\/static.krafthand-truck.de\/uploads\/2025\/10\/Daimler_Truck_Ersatzteillager_Halberstadt_DPC.jpg","width":1200,"height":703},{"@type":"BreadcrumbList","@id":"https:\/\/www.krafthand.de\/truck\/artikel\/die-summe-aller-teile-global-parts-center-nimmt-formen-an-44145\/#breadcrumb","itemListElement":[{"@type":"ListItem","position":1,"name":"Krafthand-Truck","item":"https:\/\/www.krafthand.de\/truck\/"},{"@type":"ListItem","position":2,"name":"Nfz-Service","item":"https:\/\/www.krafthand.de\/truck\/kategorie\/nfz-service\/"},{"@type":"ListItem","position":3,"name":"Ersatzteile\/Zubeh\u00f6r","item":"https:\/\/www.krafthand.de\/truck\/kategorie\/nfz-service\/ersatzteile-zubehoer\/"},{"@type":"ListItem","position":4,"name":"Die Summe aller Teile &#8211; Global Parts Center nimmt Formen an"}]},{"@type":"WebSite","@id":"https:\/\/www.krafthand.de\/truck\/#website","url":"https:\/\/www.krafthand.de\/truck\/","name":"Krafthand-Truck","description":"","potentialAction":[{"@type":"SearchAction","target":{"@type":"EntryPoint","urlTemplate":"https:\/\/www.krafthand.de\/truck\/?s={search_term_string}"},"query-input":{"@type":"PropertyValueSpecification","valueRequired":true,"valueName":"search_term_string"}}],"inLanguage":"de"},{"@type":"Person","@id":"https:\/\/www.krafthand.de\/truck\/#\/schema\/person\/51fa80b1c57034c4bf63f9f988fc24ce","name":"georg.blenk@krafthand-medien.de","image":{"@type":"ImageObject","inLanguage":"de","@id":"https:\/\/secure.gravatar.com\/avatar\/93713c30affe0aa95d3a4130e499bb1abee2eb31adbdd9ce2aa1543538490215?s=96&d=mm&r=g","url":"https:\/\/secure.gravatar.com\/avatar\/93713c30affe0aa95d3a4130e499bb1abee2eb31adbdd9ce2aa1543538490215?s=96&d=mm&r=g","contentUrl":"https:\/\/secure.gravatar.com\/avatar\/93713c30affe0aa95d3a4130e499bb1abee2eb31adbdd9ce2aa1543538490215?s=96&d=mm&r=g","caption":"georg.blenk@krafthand-medien.de"}}]}},"_links":{"self":[{"href":"https:\/\/www.krafthand.de\/truck\/wp-json\/wp\/v2\/posts\/44145","targetHints":{"allow":["GET"]}}],"collection":[{"href":"https:\/\/www.krafthand.de\/truck\/wp-json\/wp\/v2\/posts"}],"about":[{"href":"https:\/\/www.krafthand.de\/truck\/wp-json\/wp\/v2\/types\/post"}],"author":[{"embeddable":true,"href":"https:\/\/www.krafthand.de\/truck\/wp-json\/wp\/v2\/users\/9"}],"replies":[{"embeddable":true,"href":"https:\/\/www.krafthand.de\/truck\/wp-json\/wp\/v2\/comments?post=44145"}],"version-history":[{"count":6,"href":"https:\/\/www.krafthand.de\/truck\/wp-json\/wp\/v2\/posts\/44145\/revisions"}],"predecessor-version":[{"id":44153,"href":"https:\/\/www.krafthand.de\/truck\/wp-json\/wp\/v2\/posts\/44145\/revisions\/44153"}],"wp:featuredmedia":[{"embeddable":true,"href":"https:\/\/www.krafthand.de\/truck\/wp-json\/wp\/v2\/media\/44151"}],"wp:attachment":[{"href":"https:\/\/www.krafthand.de\/truck\/wp-json\/wp\/v2\/media?parent=44145"}],"wp:term":[{"taxonomy":"category","embeddable":true,"href":"https:\/\/www.krafthand.de\/truck\/wp-json\/wp\/v2\/categories?post=44145"},{"taxonomy":"post_tag","embeddable":true,"href":"https:\/\/www.krafthand.de\/truck\/wp-json\/wp\/v2\/tags?post=44145"},{"taxonomy":"settings","embeddable":true,"href":"https:\/\/www.krafthand.de\/truck\/wp-json\/wp\/v2\/settings?post=44145"}],"curies":[{"name":"wp","href":"https:\/\/api.w.org\/{rel}","templated":true}]}}