{"id":44100,"date":"2025-10-06T08:40:47","date_gmt":"2025-10-06T06:40:47","guid":{"rendered":"https:\/\/www.krafthand.de\/truck\/?p=44100"},"modified":"2025-10-06T08:40:47","modified_gmt":"2025-10-06T06:40:47","slug":"neue-luftfedern-von-monroe-fuer-nutzfahrzeuge","status":"publish","type":"post","link":"https:\/\/www.krafthand.de\/truck\/artikel\/neue-luftfedern-von-monroe-fuer-nutzfahrzeuge-44100\/","title":{"rendered":"Neue Luftfedern von Monroe f\u00fcr Nutzfahrzeuge"},"content":{"rendered":"<p>Monroe (eine Marke des US-amerikanischen Zulieferers Tenneco) hat ein neues Sortiment an Luftfedern mit der Bezeichnung &#8218;Magnum&#8216; f\u00fcr Nutzfahrzeuge vorgestellt. Die Federn sollen sich durch eine Reihe technischer Verbesserungen auszeichnen. Die neuen Luftfedern sind f\u00fcr eine Vielzahl von Lkw, Bussen und anderen Fahrzeugtypen von Mercedes-Benz, IVECO, DAF, Renault Trucks, MAN, Volvo und weiteren Fahrzeugherstellern erh\u00e4ltlich.<\/p>\n<p>Durch die Erfahrungen in der Erstausr\u00fcstung konnten die Ingenieure von Monroe mehrere Verbesserungen beim Federdesign und der Konstruktion umsetzen. Dazu geh\u00f6rten die Verbesserung der Qualit\u00e4t der Faltenb\u00e4lge, ein neues Sto\u00dff\u00e4nger-Design sowie eine langlebige Kolbenkonstruktion. Die Magnum-Luftfedern von Monroe verf\u00fcgen entweder \u00fcber ultrahochfeste Stahl- oder leichte Kunststoffkolben.<\/p>\n<p>Die neue Magnum-Reihe von <a href=\"https:\/\/www.monroe.com\/de-de\" target=\"_blank\" rel=\"noopener\">Monroe<\/a> umfasst gewundene Luftfedern, die sich f\u00fcr die Achsliftfunktion in mehrachsigen Fahrzeugen sowie f\u00fcr die pneumatische Hebefunktion und Schwingungsisolierung in industriellen Umgebungen eignen. Rollover-Luftfedern sorgen f\u00fcr eine verbesserte Seitenstabilit\u00e4t sowie komplette Luftfeder-Baugruppen.\u00a0 Jede Luftfeder ist laut Monroe so konstruiert, dass sie die korrekte Fahrh\u00f6he und den Schwerpunkt des jeweiligen Fahrzeugs aufrechterh\u00e4lt und so dazu beitr\u00e4gt, dass die Ladung stabil bleibt.<\/p>\n<p><i>Den Beitrag finden Sie auch in der Print-Ausgabe 4-2025 der <a href=\"https:\/\/www.krafthand.de\/truck\/magazin\/\" title=\"Zum Magazin\">Krafthand-Truck<\/a>.<\/i><\/p>","protected":false},"excerpt":{"rendered":"<p>Monroe hat ein neues Sortiment an Luftfedern mit der Bezeichnung &#8218;Magnum&#8216; f\u00fcr Nutzfahrzeuge vorgestellt. Die Federn sollen sich durch eine Reihe technischer Verbesserungen auszeichnen. <span class=\"excerpt-more__dots\">&#8230;<\/span> <a class=\"excerpt-more__link\" href=\"https:\/\/www.krafthand.de\/truck\/artikel\/neue-luftfedern-von-monroe-fuer-nutzfahrzeuge-44100\/\" >weiter<\/a><\/p>\n","protected":false},"author":9,"featured_media":44109,"comment_status":"closed","ping_status":"closed","sticky":false,"template":"","format":"standard","meta":{"footnotes":""},"categories":[4912,4226],"tags":[5499,6331,1362,123],"settings":[4766,3523],"class_list":["post-44100","post","type-post","status-publish","format-standard","has-post-thumbnail","hentry","category-ersatzteile-zubehoer","category-fahrwerk","tag-luftfedern","tag-magnum","tag-monroe","tag-tenneco"],"yoast_head":"<!-- This site is optimized with the Yoast SEO plugin v27.3 - https:\/\/yoast.com\/product\/yoast-seo-wordpress\/ -->\n<title>Neue Luftfedern von Monroe f\u00fcr Nutzfahrzeuge - Krafthand-Truck<\/title>\n<meta name=\"description\" content=\"Monroe (Tenneco) hat ein neues Sortiment an Luftfedern mit der Bezeichnung &#039;Magnum&#039; f\u00fcr Nutzfahrzeuge vorgestellt.\" \/>\n<meta name=\"robots\" content=\"index, follow, max-snippet:-1, max-image-preview:large, max-video-preview:-1\" \/>\n<link rel=\"canonical\" href=\"https:\/\/www.krafthand.de\/truck\/artikel\/neue-luftfedern-von-monroe-fuer-nutzfahrzeuge-44100\/\" \/>\n<meta property=\"og:locale\" content=\"de_DE\" \/>\n<meta property=\"og:type\" content=\"article\" \/>\n<meta property=\"og:title\" content=\"Neue Luftfedern von Monroe f\u00fcr Nutzfahrzeuge - Krafthand-Truck\" \/>\n<meta property=\"og:description\" content=\"Monroe (Tenneco) hat ein neues Sortiment an Luftfedern mit der Bezeichnung &#039;Magnum&#039; f\u00fcr Nutzfahrzeuge vorgestellt.\" \/>\n<meta property=\"og:url\" content=\"https:\/\/www.krafthand-truck.de\/artikel\/neue-luftfedern-von-monroe-fuer-nutzfahrzeuge-44100\/\" \/>\n<meta property=\"og:site_name\" content=\"Krafthand-Truck\" \/>\n<meta property=\"article:published_time\" content=\"2025-10-06T06:40:47+00:00\" \/>\n<meta property=\"og:image\" content=\"https:\/\/static.krafthand-truck.de\/uploads\/2025\/10\/Monroe_Tenneco_Magnum_Lkw_Luftfedern.jpg\" \/>\n\t<meta property=\"og:image:width\" content=\"1200\" \/>\n\t<meta property=\"og:image:height\" content=\"707\" \/>\n\t<meta property=\"og:image:type\" content=\"image\/jpeg\" \/>\n<meta name=\"author\" content=\"georg.blenk@krafthand-medien.de\" \/>\n<meta name=\"twitter:card\" content=\"summary_large_image\" \/>\n<meta name=\"twitter:label1\" content=\"Verfasst von\" \/>\n\t<meta name=\"twitter:data1\" content=\"georg.blenk@krafthand-medien.de\" \/>\n\t<meta name=\"twitter:label2\" content=\"Gesch\u00e4tzte Lesezeit\" \/>\n\t<meta name=\"twitter:data2\" content=\"2\u00a0Minuten\" \/>\n<script type=\"application\/ld+json\" class=\"yoast-schema-graph\">{\"@context\":\"https:\\\/\\\/schema.org\",\"@graph\":[{\"@type\":\"Article\",\"@id\":\"https:\\\/\\\/www.krafthand.de\\\/truck\\\/artikel\\\/neue-luftfedern-von-monroe-fuer-nutzfahrzeuge-44100\\\/#article\",\"isPartOf\":{\"@id\":\"https:\\\/\\\/www.krafthand.de\\\/truck\\\/artikel\\\/neue-luftfedern-von-monroe-fuer-nutzfahrzeuge-44100\\\/\"},\"author\":{\"name\":\"georg.blenk@krafthand-medien.de\",\"@id\":\"https:\\\/\\\/www.krafthand.de\\\/truck\\\/#\\\/schema\\\/person\\\/51fa80b1c57034c4bf63f9f988fc24ce\"},\"headline\":\"Neue Luftfedern von Monroe f\u00fcr Nutzfahrzeuge\",\"datePublished\":\"2025-10-06T06:40:47+00:00\",\"mainEntityOfPage\":{\"@id\":\"https:\\\/\\\/www.krafthand.de\\\/truck\\\/artikel\\\/neue-luftfedern-von-monroe-fuer-nutzfahrzeuge-44100\\\/\"},\"wordCount\":189,\"image\":{\"@id\":\"https:\\\/\\\/www.krafthand.de\\\/truck\\\/artikel\\\/neue-luftfedern-von-monroe-fuer-nutzfahrzeuge-44100\\\/#primaryimage\"},\"thumbnailUrl\":\"https:\\\/\\\/static.krafthand-truck.de\\\/uploads\\\/2025\\\/10\\\/Monroe_Tenneco_Magnum_Lkw_Luftfedern.jpg\",\"keywords\":[\"Luftfedern\",\"Magnum\",\"Monroe\",\"Tenneco\"],\"articleSection\":[\"Ersatzteile\\\/Zubeh\u00f6r\",\"Fahrwerk\\\/D\u00e4mpfung\"],\"inLanguage\":\"de\"},{\"@type\":\"WebPage\",\"@id\":\"https:\\\/\\\/www.krafthand.de\\\/truck\\\/artikel\\\/neue-luftfedern-von-monroe-fuer-nutzfahrzeuge-44100\\\/\",\"url\":\"https:\\\/\\\/www.krafthand.de\\\/truck\\\/artikel\\\/neue-luftfedern-von-monroe-fuer-nutzfahrzeuge-44100\\\/\",\"name\":\"Neue Luftfedern von Monroe f\u00fcr Nutzfahrzeuge - Krafthand-Truck\",\"isPartOf\":{\"@id\":\"https:\\\/\\\/www.krafthand.de\\\/truck\\\/#website\"},\"primaryImageOfPage\":{\"@id\":\"https:\\\/\\\/www.krafthand.de\\\/truck\\\/artikel\\\/neue-luftfedern-von-monroe-fuer-nutzfahrzeuge-44100\\\/#primaryimage\"},\"image\":{\"@id\":\"https:\\\/\\\/www.krafthand.de\\\/truck\\\/artikel\\\/neue-luftfedern-von-monroe-fuer-nutzfahrzeuge-44100\\\/#primaryimage\"},\"thumbnailUrl\":\"https:\\\/\\\/static.krafthand-truck.de\\\/uploads\\\/2025\\\/10\\\/Monroe_Tenneco_Magnum_Lkw_Luftfedern.jpg\",\"datePublished\":\"2025-10-06T06:40:47+00:00\",\"author\":{\"@id\":\"https:\\\/\\\/www.krafthand.de\\\/truck\\\/#\\\/schema\\\/person\\\/51fa80b1c57034c4bf63f9f988fc24ce\"},\"description\":\"Monroe (Tenneco) hat ein neues Sortiment an Luftfedern mit der Bezeichnung 'Magnum' f\u00fcr Nutzfahrzeuge vorgestellt.\",\"breadcrumb\":{\"@id\":\"https:\\\/\\\/www.krafthand.de\\\/truck\\\/artikel\\\/neue-luftfedern-von-monroe-fuer-nutzfahrzeuge-44100\\\/#breadcrumb\"},\"inLanguage\":\"de\",\"potentialAction\":[{\"@type\":\"ReadAction\",\"target\":[\"https:\\\/\\\/www.krafthand.de\\\/truck\\\/artikel\\\/neue-luftfedern-von-monroe-fuer-nutzfahrzeuge-44100\\\/\"]}]},{\"@type\":\"ImageObject\",\"inLanguage\":\"de\",\"@id\":\"https:\\\/\\\/www.krafthand.de\\\/truck\\\/artikel\\\/neue-luftfedern-von-monroe-fuer-nutzfahrzeuge-44100\\\/#primaryimage\",\"url\":\"https:\\\/\\\/static.krafthand-truck.de\\\/uploads\\\/2025\\\/10\\\/Monroe_Tenneco_Magnum_Lkw_Luftfedern.jpg\",\"contentUrl\":\"https:\\\/\\\/static.krafthand-truck.de\\\/uploads\\\/2025\\\/10\\\/Monroe_Tenneco_Magnum_Lkw_Luftfedern.jpg\",\"width\":1200,\"height\":707},{\"@type\":\"BreadcrumbList\",\"@id\":\"https:\\\/\\\/www.krafthand.de\\\/truck\\\/artikel\\\/neue-luftfedern-von-monroe-fuer-nutzfahrzeuge-44100\\\/#breadcrumb\",\"itemListElement\":[{\"@type\":\"ListItem\",\"position\":1,\"name\":\"Krafthand-Truck\",\"item\":\"https:\\\/\\\/www.krafthand.de\\\/truck\\\/\"},{\"@type\":\"ListItem\",\"position\":2,\"name\":\"Nfz-Service\",\"item\":\"https:\\\/\\\/www.krafthand.de\\\/truck\\\/kategorie\\\/nfz-service\\\/\"},{\"@type\":\"ListItem\",\"position\":3,\"name\":\"Ersatzteile\\\/Zubeh\u00f6r\",\"item\":\"https:\\\/\\\/www.krafthand.de\\\/truck\\\/kategorie\\\/nfz-service\\\/ersatzteile-zubehoer\\\/\"},{\"@type\":\"ListItem\",\"position\":4,\"name\":\"Neue Luftfedern von Monroe f\u00fcr Nutzfahrzeuge\"}]},{\"@type\":\"WebSite\",\"@id\":\"https:\\\/\\\/www.krafthand.de\\\/truck\\\/#website\",\"url\":\"https:\\\/\\\/www.krafthand.de\\\/truck\\\/\",\"name\":\"Krafthand-Truck\",\"description\":\"\",\"potentialAction\":[{\"@type\":\"SearchAction\",\"target\":{\"@type\":\"EntryPoint\",\"urlTemplate\":\"https:\\\/\\\/www.krafthand.de\\\/truck\\\/?s={search_term_string}\"},\"query-input\":{\"@type\":\"PropertyValueSpecification\",\"valueRequired\":true,\"valueName\":\"search_term_string\"}}],\"inLanguage\":\"de\"},{\"@type\":\"Person\",\"@id\":\"https:\\\/\\\/www.krafthand.de\\\/truck\\\/#\\\/schema\\\/person\\\/51fa80b1c57034c4bf63f9f988fc24ce\",\"name\":\"georg.blenk@krafthand-medien.de\",\"image\":{\"@type\":\"ImageObject\",\"inLanguage\":\"de\",\"@id\":\"https:\\\/\\\/secure.gravatar.com\\\/avatar\\\/93713c30affe0aa95d3a4130e499bb1abee2eb31adbdd9ce2aa1543538490215?s=96&d=mm&r=g\",\"url\":\"https:\\\/\\\/secure.gravatar.com\\\/avatar\\\/93713c30affe0aa95d3a4130e499bb1abee2eb31adbdd9ce2aa1543538490215?s=96&d=mm&r=g\",\"contentUrl\":\"https:\\\/\\\/secure.gravatar.com\\\/avatar\\\/93713c30affe0aa95d3a4130e499bb1abee2eb31adbdd9ce2aa1543538490215?s=96&d=mm&r=g\",\"caption\":\"georg.blenk@krafthand-medien.de\"}}]}<\/script>\n<!-- \/ Yoast SEO plugin. -->","yoast_head_json":{"title":"Neue Luftfedern von Monroe f\u00fcr Nutzfahrzeuge - Krafthand-Truck","description":"Monroe (Tenneco) hat ein neues Sortiment an Luftfedern mit der Bezeichnung 'Magnum' f\u00fcr Nutzfahrzeuge vorgestellt.","robots":{"index":"index","follow":"follow","max-snippet":"max-snippet:-1","max-image-preview":"max-image-preview:large","max-video-preview":"max-video-preview:-1"},"canonical":"https:\/\/www.krafthand.de\/truck\/artikel\/neue-luftfedern-von-monroe-fuer-nutzfahrzeuge-44100\/","og_locale":"de_DE","og_type":"article","og_title":"Neue Luftfedern von Monroe f\u00fcr Nutzfahrzeuge - Krafthand-Truck","og_description":"Monroe (Tenneco) hat ein neues Sortiment an Luftfedern mit der Bezeichnung 'Magnum' f\u00fcr Nutzfahrzeuge vorgestellt.","og_url":"https:\/\/www.krafthand-truck.de\/artikel\/neue-luftfedern-von-monroe-fuer-nutzfahrzeuge-44100\/","og_site_name":"Krafthand-Truck","article_published_time":"2025-10-06T06:40:47+00:00","og_image":[{"width":1200,"height":707,"url":"https:\/\/static.krafthand-truck.de\/uploads\/2025\/10\/Monroe_Tenneco_Magnum_Lkw_Luftfedern.jpg","type":"image\/jpeg"}],"author":"georg.blenk@krafthand-medien.de","twitter_card":"summary_large_image","twitter_misc":{"Verfasst von":"georg.blenk@krafthand-medien.de","Gesch\u00e4tzte Lesezeit":"2\u00a0Minuten"},"schema":{"@context":"https:\/\/schema.org","@graph":[{"@type":"Article","@id":"https:\/\/www.krafthand.de\/truck\/artikel\/neue-luftfedern-von-monroe-fuer-nutzfahrzeuge-44100\/#article","isPartOf":{"@id":"https:\/\/www.krafthand.de\/truck\/artikel\/neue-luftfedern-von-monroe-fuer-nutzfahrzeuge-44100\/"},"author":{"name":"georg.blenk@krafthand-medien.de","@id":"https:\/\/www.krafthand.de\/truck\/#\/schema\/person\/51fa80b1c57034c4bf63f9f988fc24ce"},"headline":"Neue Luftfedern von Monroe f\u00fcr Nutzfahrzeuge","datePublished":"2025-10-06T06:40:47+00:00","mainEntityOfPage":{"@id":"https:\/\/www.krafthand.de\/truck\/artikel\/neue-luftfedern-von-monroe-fuer-nutzfahrzeuge-44100\/"},"wordCount":189,"image":{"@id":"https:\/\/www.krafthand.de\/truck\/artikel\/neue-luftfedern-von-monroe-fuer-nutzfahrzeuge-44100\/#primaryimage"},"thumbnailUrl":"https:\/\/static.krafthand-truck.de\/uploads\/2025\/10\/Monroe_Tenneco_Magnum_Lkw_Luftfedern.jpg","keywords":["Luftfedern","Magnum","Monroe","Tenneco"],"articleSection":["Ersatzteile\/Zubeh\u00f6r","Fahrwerk\/D\u00e4mpfung"],"inLanguage":"de"},{"@type":"WebPage","@id":"https:\/\/www.krafthand.de\/truck\/artikel\/neue-luftfedern-von-monroe-fuer-nutzfahrzeuge-44100\/","url":"https:\/\/www.krafthand.de\/truck\/artikel\/neue-luftfedern-von-monroe-fuer-nutzfahrzeuge-44100\/","name":"Neue Luftfedern von Monroe f\u00fcr Nutzfahrzeuge - Krafthand-Truck","isPartOf":{"@id":"https:\/\/www.krafthand.de\/truck\/#website"},"primaryImageOfPage":{"@id":"https:\/\/www.krafthand.de\/truck\/artikel\/neue-luftfedern-von-monroe-fuer-nutzfahrzeuge-44100\/#primaryimage"},"image":{"@id":"https:\/\/www.krafthand.de\/truck\/artikel\/neue-luftfedern-von-monroe-fuer-nutzfahrzeuge-44100\/#primaryimage"},"thumbnailUrl":"https:\/\/static.krafthand-truck.de\/uploads\/2025\/10\/Monroe_Tenneco_Magnum_Lkw_Luftfedern.jpg","datePublished":"2025-10-06T06:40:47+00:00","author":{"@id":"https:\/\/www.krafthand.de\/truck\/#\/schema\/person\/51fa80b1c57034c4bf63f9f988fc24ce"},"description":"Monroe (Tenneco) hat ein neues Sortiment an Luftfedern mit der Bezeichnung 'Magnum' f\u00fcr Nutzfahrzeuge vorgestellt.","breadcrumb":{"@id":"https:\/\/www.krafthand.de\/truck\/artikel\/neue-luftfedern-von-monroe-fuer-nutzfahrzeuge-44100\/#breadcrumb"},"inLanguage":"de","potentialAction":[{"@type":"ReadAction","target":["https:\/\/www.krafthand.de\/truck\/artikel\/neue-luftfedern-von-monroe-fuer-nutzfahrzeuge-44100\/"]}]},{"@type":"ImageObject","inLanguage":"de","@id":"https:\/\/www.krafthand.de\/truck\/artikel\/neue-luftfedern-von-monroe-fuer-nutzfahrzeuge-44100\/#primaryimage","url":"https:\/\/static.krafthand-truck.de\/uploads\/2025\/10\/Monroe_Tenneco_Magnum_Lkw_Luftfedern.jpg","contentUrl":"https:\/\/static.krafthand-truck.de\/uploads\/2025\/10\/Monroe_Tenneco_Magnum_Lkw_Luftfedern.jpg","width":1200,"height":707},{"@type":"BreadcrumbList","@id":"https:\/\/www.krafthand.de\/truck\/artikel\/neue-luftfedern-von-monroe-fuer-nutzfahrzeuge-44100\/#breadcrumb","itemListElement":[{"@type":"ListItem","position":1,"name":"Krafthand-Truck","item":"https:\/\/www.krafthand.de\/truck\/"},{"@type":"ListItem","position":2,"name":"Nfz-Service","item":"https:\/\/www.krafthand.de\/truck\/kategorie\/nfz-service\/"},{"@type":"ListItem","position":3,"name":"Ersatzteile\/Zubeh\u00f6r","item":"https:\/\/www.krafthand.de\/truck\/kategorie\/nfz-service\/ersatzteile-zubehoer\/"},{"@type":"ListItem","position":4,"name":"Neue Luftfedern von Monroe f\u00fcr Nutzfahrzeuge"}]},{"@type":"WebSite","@id":"https:\/\/www.krafthand.de\/truck\/#website","url":"https:\/\/www.krafthand.de\/truck\/","name":"Krafthand-Truck","description":"","potentialAction":[{"@type":"SearchAction","target":{"@type":"EntryPoint","urlTemplate":"https:\/\/www.krafthand.de\/truck\/?s={search_term_string}"},"query-input":{"@type":"PropertyValueSpecification","valueRequired":true,"valueName":"search_term_string"}}],"inLanguage":"de"},{"@type":"Person","@id":"https:\/\/www.krafthand.de\/truck\/#\/schema\/person\/51fa80b1c57034c4bf63f9f988fc24ce","name":"georg.blenk@krafthand-medien.de","image":{"@type":"ImageObject","inLanguage":"de","@id":"https:\/\/secure.gravatar.com\/avatar\/93713c30affe0aa95d3a4130e499bb1abee2eb31adbdd9ce2aa1543538490215?s=96&d=mm&r=g","url":"https:\/\/secure.gravatar.com\/avatar\/93713c30affe0aa95d3a4130e499bb1abee2eb31adbdd9ce2aa1543538490215?s=96&d=mm&r=g","contentUrl":"https:\/\/secure.gravatar.com\/avatar\/93713c30affe0aa95d3a4130e499bb1abee2eb31adbdd9ce2aa1543538490215?s=96&d=mm&r=g","caption":"georg.blenk@krafthand-medien.de"}}]}},"_links":{"self":[{"href":"https:\/\/www.krafthand.de\/truck\/wp-json\/wp\/v2\/posts\/44100","targetHints":{"allow":["GET"]}}],"collection":[{"href":"https:\/\/www.krafthand.de\/truck\/wp-json\/wp\/v2\/posts"}],"about":[{"href":"https:\/\/www.krafthand.de\/truck\/wp-json\/wp\/v2\/types\/post"}],"author":[{"embeddable":true,"href":"https:\/\/www.krafthand.de\/truck\/wp-json\/wp\/v2\/users\/9"}],"replies":[{"embeddable":true,"href":"https:\/\/www.krafthand.de\/truck\/wp-json\/wp\/v2\/comments?post=44100"}],"version-history":[{"count":9,"href":"https:\/\/www.krafthand.de\/truck\/wp-json\/wp\/v2\/posts\/44100\/revisions"}],"predecessor-version":[{"id":44110,"href":"https:\/\/www.krafthand.de\/truck\/wp-json\/wp\/v2\/posts\/44100\/revisions\/44110"}],"wp:featuredmedia":[{"embeddable":true,"href":"https:\/\/www.krafthand.de\/truck\/wp-json\/wp\/v2\/media\/44109"}],"wp:attachment":[{"href":"https:\/\/www.krafthand.de\/truck\/wp-json\/wp\/v2\/media?parent=44100"}],"wp:term":[{"taxonomy":"category","embeddable":true,"href":"https:\/\/www.krafthand.de\/truck\/wp-json\/wp\/v2\/categories?post=44100"},{"taxonomy":"post_tag","embeddable":true,"href":"https:\/\/www.krafthand.de\/truck\/wp-json\/wp\/v2\/tags?post=44100"},{"taxonomy":"settings","embeddable":true,"href":"https:\/\/www.krafthand.de\/truck\/wp-json\/wp\/v2\/settings?post=44100"}],"curies":[{"name":"wp","href":"https:\/\/api.w.org\/{rel}","templated":true}]}}