{"id":44074,"date":"2025-09-30T13:39:21","date_gmt":"2025-09-30T11:39:21","guid":{"rendered":"https:\/\/www.krafthand.de\/truck\/?p=44074"},"modified":"2025-09-30T13:57:25","modified_gmt":"2025-09-30T11:57:25","slug":"aftermarket-elring-klinger-mit-neuer-kunststoff-oelwanne-mercedes-benz-fahrzeuge","status":"publish","type":"post","link":"https:\/\/www.krafthand.de\/truck\/artikel\/aftermarket-elring-klinger-mit-neuer-kunststoff-oelwanne-mercedes-benz-fahrzeuge-44074\/","title":{"rendered":"Elring mit neuen Kunststoff-\u00d6lwannen f\u00fcr den Nfz-Aftermarket"},"content":{"rendered":"<p>Elring erg\u00e4nzt sein Produktportfolio f\u00fcr den Aftermarket um Kunststoff-\u00d6lwannen f\u00fcr Nutzfahrzeuge. Den Auftakt macht eine \u00d6lwanne f\u00fcr die Dieselmotorenfamilie &#8218;OM 471&#8216; von Mercedes-Benz. Das deutlich leichtere Bauteil aus Kunststoff ist ab sofort erh\u00e4ltlich. Die neue Kunststoff\u00f6lwanne ist mit zahlreichen Fahrzeugmodellen kompatibel und deckt damit eine Vielzahl von Nutzfahrzeugen und Reisebussen ab. Beispiele sind der Actros MP4 und MP5, der Antos, Arocs und Travego. Zwei weitere Anwendungen \u2013 passend f\u00fcr die Motorenbaureihen Iveco Cursor 11 und 13 \u2013 befinden sich in der Entwicklung und werden das Sortiment laut <a href=\"https:\/\/elringklinger.de\" target=\"_blank\" rel=\"noopener\">Elring<\/a> zeitnah erweitern.Die einbaufertigen \u00d6lwannen werden inklusive Dichtungs- und Befestigungsmaterial geliefert.<\/p>\n<h3>Leichtbau<\/h3>\n<p>Die Lkw-Kunststoff\u00f6lwanne wurde laut Elring speziell f\u00fcr die Anforderungen im Nutzfahrzeugsektor entwickelt. Sie ist darauf ausgelegt, dauerhaft hohen Betriebstemperaturen sowie extremen Temperaturschwankungen durch Kaltstarts standzuhalten. Die pr\u00e4zise Fertigung sorge f\u00fcr eine zuverl\u00e4ssige Abdichtung und reduziere zudem die Anzahl der ben\u00f6tigten Einzelteile, was den Montageprozess erheblich vereinfache. Dabei k\u00f6nne eine Gewichtseinsparung von bis zu 60\u202fProzenz gegen\u00fcber herk\u00f6mmlichen Metall\u00f6lwannen erzielt werden.<br \/>\nDer Einsatz von Thermoplasten erm\u00f6glicht laut Elring eine deutliche Gewichtsreduktion gegen\u00fcber herk\u00f6mmlichen Metall\u00f6lwannen. Das geringere Gewicht reduziert Kraftstoffverbrauch und die CO\u2082-Emissionen. Dar\u00fcber hinaus bietet Kunststoff eine geringere W\u00e4rmeleitf\u00e4higkeit, was die thermische Isolierung verbessert und die Effizienz des Motors unterst\u00fctzt. Zudem sorge die hohe Flexibilit\u00e4t des Materials daf\u00fcr, dass St\u00f6\u00dfe und Vibrationen besser absorbiert werden k\u00f6nnen, ohne dass es zu Br\u00fcchen oder Verformungen kommt. Thermoplaste sind korrosionsbest\u00e4ndig und besonders langlebig. Zus\u00e4tzlich k\u00f6nnten in der Regel rund 2\u202fdB L\u00e4rmemissionen eingespart werden, was zu einem leiseren Fahrzeugbetrieb beitr\u00e4gt.<\/p>\n<h3>Der fachgerechte Austausch der \u00d6lwanne<\/h3>\n<p>Der Austausch der \u00d6lwanne sollte stets von einem Nutzfahrzeugprofi durchgef\u00fchrt werden, um eine einwandfreie Funktion und Dichtigkeit zu gew\u00e4hrleisten. Hier eine kurze \u00dcbersicht der wichtigsten Schritte:<\/p>\n<ul>\n<li>Vorbereitung: Fahrzeug sichern, Motor abk\u00fchlen lassen und Alt\u00f6l ablassen.<\/li>\n<li>Demontage: Alte \u00d6lwanne entfernen und Dichtfl\u00e4chen reinigen.<\/li>\n<li>Montage: Neue \u00d6lwanne mit Hilfe der mitgelieferten Dirko-Dichtmasse befestigen und Schrauben mit dem empfohlenen Drehmoment anziehen.<\/li>\n<li>Bef\u00fcllung: Motor\u00f6l nach Herstellervorgaben einf\u00fcllen und \u00d6lstand pr\u00fcfen.<\/li>\n<li>Abschluss: Motor starten, Dichtheit pr\u00fcfen, Nachzug der Schrauben gem\u00e4\u00df Herstellvorgaben und anschlie\u00dfend Altteile umweltgerecht entsorgen.<\/li>\n<\/ul>\n","protected":false},"excerpt":{"rendered":"<p>Elring erg\u00e4nzt sein Produktportfolio f\u00fcr den Aftermarket um Kunststoff-\u00d6lwannen f\u00fcr Nutzfahrzeuge. Den Auftakt macht eine \u00d6lwanne f\u00fcr die Dieselmotorenfamilie &#8218;OM 471&#8216; von Mercedes-Benz. Das deutlich leichtere Bauteil aus Kunststoff ist ab sofort erh\u00e4ltlich. Zudem liefert Erling auch Tipps f\u00fcr den Austausch. <span class=\"excerpt-more__dots\">&#8230;<\/span> <a class=\"excerpt-more__link\" href=\"https:\/\/www.krafthand.de\/truck\/artikel\/aftermarket-elring-klinger-mit-neuer-kunststoff-oelwanne-mercedes-benz-fahrzeuge-44074\/\" >weiter<\/a><\/p>\n","protected":false},"author":9,"featured_media":44080,"comment_status":"closed","ping_status":"closed","sticky":false,"template":"","format":"standard","meta":{"footnotes":""},"categories":[4912,4218],"tags":[4122,2503,6327],"settings":[4766,3523],"class_list":["post-44074","post","type-post","status-publish","format-standard","has-post-thumbnail","hentry","category-ersatzteile-zubehoer","category-werkstattpraxis","tag-elring-klinger","tag-leichtbau","tag-oelwanne"],"yoast_head":"<!-- This site is optimized with the Yoast SEO plugin v27.3 - https:\/\/yoast.com\/product\/yoast-seo-wordpress\/ -->\n<title>Elring mit neuen Kunststoff-\u00d6lwannen f\u00fcr den Nfz-Aftermarket - Krafthand-Truck<\/title>\n<meta name=\"description\" content=\"Elring erg\u00e4nzt sein Produktportfolio um Kunststoff-\u00d6lwannen f\u00fcr Nfz. Den Auftakt macht eine \u00d6lwanne f\u00fcr die Motorenfamilie &#039;OM471&#039; von Mercedes-Benz.\" \/>\n<meta name=\"robots\" content=\"index, follow, max-snippet:-1, max-image-preview:large, max-video-preview:-1\" \/>\n<link rel=\"canonical\" href=\"https:\/\/www.krafthand.de\/truck\/artikel\/aftermarket-elring-klinger-mit-neuer-kunststoff-oelwanne-mercedes-benz-fahrzeuge-44074\/\" \/>\n<meta property=\"og:locale\" content=\"de_DE\" \/>\n<meta property=\"og:type\" content=\"article\" \/>\n<meta property=\"og:title\" content=\"Elring mit neuen Kunststoff-\u00d6lwannen f\u00fcr den Nfz-Aftermarket - Krafthand-Truck\" \/>\n<meta property=\"og:description\" content=\"Elring erg\u00e4nzt sein Produktportfolio um Kunststoff-\u00d6lwannen f\u00fcr Nfz. Den Auftakt macht eine \u00d6lwanne f\u00fcr die Motorenfamilie &#039;OM471&#039; von Mercedes-Benz.\" \/>\n<meta property=\"og:url\" content=\"https:\/\/www.krafthand-truck.de\/artikel\/aftermarket-elring-klinger-mit-neuer-kunststoff-oelwanne-mercedes-benz-fahrzeuge-44074\/\" \/>\n<meta property=\"og:site_name\" content=\"Krafthand-Truck\" \/>\n<meta property=\"article:published_time\" content=\"2025-09-30T11:39:21+00:00\" \/>\n<meta property=\"article:modified_time\" content=\"2025-09-30T11:57:25+00:00\" \/>\n<meta property=\"og:image\" content=\"https:\/\/static.krafthand-truck.de\/uploads\/2025\/09\/Elring_Kunststoffoelwanne__Mercedes_Benz_OM471.jpg\" \/>\n\t<meta property=\"og:image:width\" content=\"850\" \/>\n\t<meta property=\"og:image:height\" content=\"472\" \/>\n\t<meta property=\"og:image:type\" content=\"image\/jpeg\" \/>\n<meta name=\"author\" content=\"georg.blenk@krafthand-medien.de\" \/>\n<meta name=\"twitter:card\" content=\"summary_large_image\" \/>\n<meta name=\"twitter:label1\" content=\"Verfasst von\" \/>\n\t<meta name=\"twitter:data1\" content=\"georg.blenk@krafthand-medien.de\" \/>\n\t<meta name=\"twitter:label2\" content=\"Gesch\u00e4tzte Lesezeit\" \/>\n\t<meta name=\"twitter:data2\" content=\"3\u00a0Minuten\" \/>\n<script type=\"application\/ld+json\" class=\"yoast-schema-graph\">{\"@context\":\"https:\\\/\\\/schema.org\",\"@graph\":[{\"@type\":\"Article\",\"@id\":\"https:\\\/\\\/www.krafthand.de\\\/truck\\\/artikel\\\/aftermarket-elring-klinger-mit-neuer-kunststoff-oelwanne-mercedes-benz-fahrzeuge-44074\\\/#article\",\"isPartOf\":{\"@id\":\"https:\\\/\\\/www.krafthand.de\\\/truck\\\/artikel\\\/aftermarket-elring-klinger-mit-neuer-kunststoff-oelwanne-mercedes-benz-fahrzeuge-44074\\\/\"},\"author\":{\"name\":\"georg.blenk@krafthand-medien.de\",\"@id\":\"https:\\\/\\\/www.krafthand.de\\\/truck\\\/#\\\/schema\\\/person\\\/51fa80b1c57034c4bf63f9f988fc24ce\"},\"headline\":\"Elring mit neuen Kunststoff-\u00d6lwannen f\u00fcr den Nfz-Aftermarket\",\"datePublished\":\"2025-09-30T11:39:21+00:00\",\"dateModified\":\"2025-09-30T11:57:25+00:00\",\"mainEntityOfPage\":{\"@id\":\"https:\\\/\\\/www.krafthand.de\\\/truck\\\/artikel\\\/aftermarket-elring-klinger-mit-neuer-kunststoff-oelwanne-mercedes-benz-fahrzeuge-44074\\\/\"},\"wordCount\":382,\"image\":{\"@id\":\"https:\\\/\\\/www.krafthand.de\\\/truck\\\/artikel\\\/aftermarket-elring-klinger-mit-neuer-kunststoff-oelwanne-mercedes-benz-fahrzeuge-44074\\\/#primaryimage\"},\"thumbnailUrl\":\"https:\\\/\\\/static.krafthand-truck.de\\\/uploads\\\/2025\\\/09\\\/Elring_Kunststoffoelwanne__Mercedes_Benz_OM471.jpg\",\"keywords\":[\"Elring Klinger\",\"Leichtbau\",\"\u00d6lwanne\"],\"articleSection\":[\"Ersatzteile\\\/Zubeh\u00f6r\",\"Werkstattpraxis\"],\"inLanguage\":\"de\"},{\"@type\":\"WebPage\",\"@id\":\"https:\\\/\\\/www.krafthand.de\\\/truck\\\/artikel\\\/aftermarket-elring-klinger-mit-neuer-kunststoff-oelwanne-mercedes-benz-fahrzeuge-44074\\\/\",\"url\":\"https:\\\/\\\/www.krafthand.de\\\/truck\\\/artikel\\\/aftermarket-elring-klinger-mit-neuer-kunststoff-oelwanne-mercedes-benz-fahrzeuge-44074\\\/\",\"name\":\"Elring mit neuen Kunststoff-\u00d6lwannen f\u00fcr den Nfz-Aftermarket - Krafthand-Truck\",\"isPartOf\":{\"@id\":\"https:\\\/\\\/www.krafthand.de\\\/truck\\\/#website\"},\"primaryImageOfPage\":{\"@id\":\"https:\\\/\\\/www.krafthand.de\\\/truck\\\/artikel\\\/aftermarket-elring-klinger-mit-neuer-kunststoff-oelwanne-mercedes-benz-fahrzeuge-44074\\\/#primaryimage\"},\"image\":{\"@id\":\"https:\\\/\\\/www.krafthand.de\\\/truck\\\/artikel\\\/aftermarket-elring-klinger-mit-neuer-kunststoff-oelwanne-mercedes-benz-fahrzeuge-44074\\\/#primaryimage\"},\"thumbnailUrl\":\"https:\\\/\\\/static.krafthand-truck.de\\\/uploads\\\/2025\\\/09\\\/Elring_Kunststoffoelwanne__Mercedes_Benz_OM471.jpg\",\"datePublished\":\"2025-09-30T11:39:21+00:00\",\"dateModified\":\"2025-09-30T11:57:25+00:00\",\"author\":{\"@id\":\"https:\\\/\\\/www.krafthand.de\\\/truck\\\/#\\\/schema\\\/person\\\/51fa80b1c57034c4bf63f9f988fc24ce\"},\"description\":\"Elring erg\u00e4nzt sein Produktportfolio um Kunststoff-\u00d6lwannen f\u00fcr Nfz. Den Auftakt macht eine \u00d6lwanne f\u00fcr die Motorenfamilie 'OM471' von Mercedes-Benz.\",\"breadcrumb\":{\"@id\":\"https:\\\/\\\/www.krafthand.de\\\/truck\\\/artikel\\\/aftermarket-elring-klinger-mit-neuer-kunststoff-oelwanne-mercedes-benz-fahrzeuge-44074\\\/#breadcrumb\"},\"inLanguage\":\"de\",\"potentialAction\":[{\"@type\":\"ReadAction\",\"target\":[\"https:\\\/\\\/www.krafthand.de\\\/truck\\\/artikel\\\/aftermarket-elring-klinger-mit-neuer-kunststoff-oelwanne-mercedes-benz-fahrzeuge-44074\\\/\"]}]},{\"@type\":\"ImageObject\",\"inLanguage\":\"de\",\"@id\":\"https:\\\/\\\/www.krafthand.de\\\/truck\\\/artikel\\\/aftermarket-elring-klinger-mit-neuer-kunststoff-oelwanne-mercedes-benz-fahrzeuge-44074\\\/#primaryimage\",\"url\":\"https:\\\/\\\/static.krafthand-truck.de\\\/uploads\\\/2025\\\/09\\\/Elring_Kunststoffoelwanne__Mercedes_Benz_OM471.jpg\",\"contentUrl\":\"https:\\\/\\\/static.krafthand-truck.de\\\/uploads\\\/2025\\\/09\\\/Elring_Kunststoffoelwanne__Mercedes_Benz_OM471.jpg\",\"width\":850,\"height\":472},{\"@type\":\"BreadcrumbList\",\"@id\":\"https:\\\/\\\/www.krafthand.de\\\/truck\\\/artikel\\\/aftermarket-elring-klinger-mit-neuer-kunststoff-oelwanne-mercedes-benz-fahrzeuge-44074\\\/#breadcrumb\",\"itemListElement\":[{\"@type\":\"ListItem\",\"position\":1,\"name\":\"Krafthand-Truck\",\"item\":\"https:\\\/\\\/www.krafthand.de\\\/truck\\\/\"},{\"@type\":\"ListItem\",\"position\":2,\"name\":\"Nfz-Service\",\"item\":\"https:\\\/\\\/www.krafthand.de\\\/truck\\\/kategorie\\\/nfz-service\\\/\"},{\"@type\":\"ListItem\",\"position\":3,\"name\":\"Ersatzteile\\\/Zubeh\u00f6r\",\"item\":\"https:\\\/\\\/www.krafthand.de\\\/truck\\\/kategorie\\\/nfz-service\\\/ersatzteile-zubehoer\\\/\"},{\"@type\":\"ListItem\",\"position\":4,\"name\":\"Elring mit neuen Kunststoff-\u00d6lwannen f\u00fcr den Nfz-Aftermarket\"}]},{\"@type\":\"WebSite\",\"@id\":\"https:\\\/\\\/www.krafthand.de\\\/truck\\\/#website\",\"url\":\"https:\\\/\\\/www.krafthand.de\\\/truck\\\/\",\"name\":\"Krafthand-Truck\",\"description\":\"\",\"potentialAction\":[{\"@type\":\"SearchAction\",\"target\":{\"@type\":\"EntryPoint\",\"urlTemplate\":\"https:\\\/\\\/www.krafthand.de\\\/truck\\\/?s={search_term_string}\"},\"query-input\":{\"@type\":\"PropertyValueSpecification\",\"valueRequired\":true,\"valueName\":\"search_term_string\"}}],\"inLanguage\":\"de\"},{\"@type\":\"Person\",\"@id\":\"https:\\\/\\\/www.krafthand.de\\\/truck\\\/#\\\/schema\\\/person\\\/51fa80b1c57034c4bf63f9f988fc24ce\",\"name\":\"georg.blenk@krafthand-medien.de\",\"image\":{\"@type\":\"ImageObject\",\"inLanguage\":\"de\",\"@id\":\"https:\\\/\\\/secure.gravatar.com\\\/avatar\\\/93713c30affe0aa95d3a4130e499bb1abee2eb31adbdd9ce2aa1543538490215?s=96&d=mm&r=g\",\"url\":\"https:\\\/\\\/secure.gravatar.com\\\/avatar\\\/93713c30affe0aa95d3a4130e499bb1abee2eb31adbdd9ce2aa1543538490215?s=96&d=mm&r=g\",\"contentUrl\":\"https:\\\/\\\/secure.gravatar.com\\\/avatar\\\/93713c30affe0aa95d3a4130e499bb1abee2eb31adbdd9ce2aa1543538490215?s=96&d=mm&r=g\",\"caption\":\"georg.blenk@krafthand-medien.de\"}}]}<\/script>\n<!-- \/ Yoast SEO plugin. -->","yoast_head_json":{"title":"Elring mit neuen Kunststoff-\u00d6lwannen f\u00fcr den Nfz-Aftermarket - Krafthand-Truck","description":"Elring erg\u00e4nzt sein Produktportfolio um Kunststoff-\u00d6lwannen f\u00fcr Nfz. Den Auftakt macht eine \u00d6lwanne f\u00fcr die Motorenfamilie 'OM471' von Mercedes-Benz.","robots":{"index":"index","follow":"follow","max-snippet":"max-snippet:-1","max-image-preview":"max-image-preview:large","max-video-preview":"max-video-preview:-1"},"canonical":"https:\/\/www.krafthand.de\/truck\/artikel\/aftermarket-elring-klinger-mit-neuer-kunststoff-oelwanne-mercedes-benz-fahrzeuge-44074\/","og_locale":"de_DE","og_type":"article","og_title":"Elring mit neuen Kunststoff-\u00d6lwannen f\u00fcr den Nfz-Aftermarket - Krafthand-Truck","og_description":"Elring erg\u00e4nzt sein Produktportfolio um Kunststoff-\u00d6lwannen f\u00fcr Nfz. Den Auftakt macht eine \u00d6lwanne f\u00fcr die Motorenfamilie 'OM471' von Mercedes-Benz.","og_url":"https:\/\/www.krafthand-truck.de\/artikel\/aftermarket-elring-klinger-mit-neuer-kunststoff-oelwanne-mercedes-benz-fahrzeuge-44074\/","og_site_name":"Krafthand-Truck","article_published_time":"2025-09-30T11:39:21+00:00","article_modified_time":"2025-09-30T11:57:25+00:00","og_image":[{"width":850,"height":472,"url":"https:\/\/static.krafthand-truck.de\/uploads\/2025\/09\/Elring_Kunststoffoelwanne__Mercedes_Benz_OM471.jpg","type":"image\/jpeg"}],"author":"georg.blenk@krafthand-medien.de","twitter_card":"summary_large_image","twitter_misc":{"Verfasst von":"georg.blenk@krafthand-medien.de","Gesch\u00e4tzte Lesezeit":"3\u00a0Minuten"},"schema":{"@context":"https:\/\/schema.org","@graph":[{"@type":"Article","@id":"https:\/\/www.krafthand.de\/truck\/artikel\/aftermarket-elring-klinger-mit-neuer-kunststoff-oelwanne-mercedes-benz-fahrzeuge-44074\/#article","isPartOf":{"@id":"https:\/\/www.krafthand.de\/truck\/artikel\/aftermarket-elring-klinger-mit-neuer-kunststoff-oelwanne-mercedes-benz-fahrzeuge-44074\/"},"author":{"name":"georg.blenk@krafthand-medien.de","@id":"https:\/\/www.krafthand.de\/truck\/#\/schema\/person\/51fa80b1c57034c4bf63f9f988fc24ce"},"headline":"Elring mit neuen Kunststoff-\u00d6lwannen f\u00fcr den Nfz-Aftermarket","datePublished":"2025-09-30T11:39:21+00:00","dateModified":"2025-09-30T11:57:25+00:00","mainEntityOfPage":{"@id":"https:\/\/www.krafthand.de\/truck\/artikel\/aftermarket-elring-klinger-mit-neuer-kunststoff-oelwanne-mercedes-benz-fahrzeuge-44074\/"},"wordCount":382,"image":{"@id":"https:\/\/www.krafthand.de\/truck\/artikel\/aftermarket-elring-klinger-mit-neuer-kunststoff-oelwanne-mercedes-benz-fahrzeuge-44074\/#primaryimage"},"thumbnailUrl":"https:\/\/static.krafthand-truck.de\/uploads\/2025\/09\/Elring_Kunststoffoelwanne__Mercedes_Benz_OM471.jpg","keywords":["Elring Klinger","Leichtbau","\u00d6lwanne"],"articleSection":["Ersatzteile\/Zubeh\u00f6r","Werkstattpraxis"],"inLanguage":"de"},{"@type":"WebPage","@id":"https:\/\/www.krafthand.de\/truck\/artikel\/aftermarket-elring-klinger-mit-neuer-kunststoff-oelwanne-mercedes-benz-fahrzeuge-44074\/","url":"https:\/\/www.krafthand.de\/truck\/artikel\/aftermarket-elring-klinger-mit-neuer-kunststoff-oelwanne-mercedes-benz-fahrzeuge-44074\/","name":"Elring mit neuen Kunststoff-\u00d6lwannen f\u00fcr den Nfz-Aftermarket - Krafthand-Truck","isPartOf":{"@id":"https:\/\/www.krafthand.de\/truck\/#website"},"primaryImageOfPage":{"@id":"https:\/\/www.krafthand.de\/truck\/artikel\/aftermarket-elring-klinger-mit-neuer-kunststoff-oelwanne-mercedes-benz-fahrzeuge-44074\/#primaryimage"},"image":{"@id":"https:\/\/www.krafthand.de\/truck\/artikel\/aftermarket-elring-klinger-mit-neuer-kunststoff-oelwanne-mercedes-benz-fahrzeuge-44074\/#primaryimage"},"thumbnailUrl":"https:\/\/static.krafthand-truck.de\/uploads\/2025\/09\/Elring_Kunststoffoelwanne__Mercedes_Benz_OM471.jpg","datePublished":"2025-09-30T11:39:21+00:00","dateModified":"2025-09-30T11:57:25+00:00","author":{"@id":"https:\/\/www.krafthand.de\/truck\/#\/schema\/person\/51fa80b1c57034c4bf63f9f988fc24ce"},"description":"Elring erg\u00e4nzt sein Produktportfolio um Kunststoff-\u00d6lwannen f\u00fcr Nfz. Den Auftakt macht eine \u00d6lwanne f\u00fcr die Motorenfamilie 'OM471' von Mercedes-Benz.","breadcrumb":{"@id":"https:\/\/www.krafthand.de\/truck\/artikel\/aftermarket-elring-klinger-mit-neuer-kunststoff-oelwanne-mercedes-benz-fahrzeuge-44074\/#breadcrumb"},"inLanguage":"de","potentialAction":[{"@type":"ReadAction","target":["https:\/\/www.krafthand.de\/truck\/artikel\/aftermarket-elring-klinger-mit-neuer-kunststoff-oelwanne-mercedes-benz-fahrzeuge-44074\/"]}]},{"@type":"ImageObject","inLanguage":"de","@id":"https:\/\/www.krafthand.de\/truck\/artikel\/aftermarket-elring-klinger-mit-neuer-kunststoff-oelwanne-mercedes-benz-fahrzeuge-44074\/#primaryimage","url":"https:\/\/static.krafthand-truck.de\/uploads\/2025\/09\/Elring_Kunststoffoelwanne__Mercedes_Benz_OM471.jpg","contentUrl":"https:\/\/static.krafthand-truck.de\/uploads\/2025\/09\/Elring_Kunststoffoelwanne__Mercedes_Benz_OM471.jpg","width":850,"height":472},{"@type":"BreadcrumbList","@id":"https:\/\/www.krafthand.de\/truck\/artikel\/aftermarket-elring-klinger-mit-neuer-kunststoff-oelwanne-mercedes-benz-fahrzeuge-44074\/#breadcrumb","itemListElement":[{"@type":"ListItem","position":1,"name":"Krafthand-Truck","item":"https:\/\/www.krafthand.de\/truck\/"},{"@type":"ListItem","position":2,"name":"Nfz-Service","item":"https:\/\/www.krafthand.de\/truck\/kategorie\/nfz-service\/"},{"@type":"ListItem","position":3,"name":"Ersatzteile\/Zubeh\u00f6r","item":"https:\/\/www.krafthand.de\/truck\/kategorie\/nfz-service\/ersatzteile-zubehoer\/"},{"@type":"ListItem","position":4,"name":"Elring mit neuen Kunststoff-\u00d6lwannen f\u00fcr den Nfz-Aftermarket"}]},{"@type":"WebSite","@id":"https:\/\/www.krafthand.de\/truck\/#website","url":"https:\/\/www.krafthand.de\/truck\/","name":"Krafthand-Truck","description":"","potentialAction":[{"@type":"SearchAction","target":{"@type":"EntryPoint","urlTemplate":"https:\/\/www.krafthand.de\/truck\/?s={search_term_string}"},"query-input":{"@type":"PropertyValueSpecification","valueRequired":true,"valueName":"search_term_string"}}],"inLanguage":"de"},{"@type":"Person","@id":"https:\/\/www.krafthand.de\/truck\/#\/schema\/person\/51fa80b1c57034c4bf63f9f988fc24ce","name":"georg.blenk@krafthand-medien.de","image":{"@type":"ImageObject","inLanguage":"de","@id":"https:\/\/secure.gravatar.com\/avatar\/93713c30affe0aa95d3a4130e499bb1abee2eb31adbdd9ce2aa1543538490215?s=96&d=mm&r=g","url":"https:\/\/secure.gravatar.com\/avatar\/93713c30affe0aa95d3a4130e499bb1abee2eb31adbdd9ce2aa1543538490215?s=96&d=mm&r=g","contentUrl":"https:\/\/secure.gravatar.com\/avatar\/93713c30affe0aa95d3a4130e499bb1abee2eb31adbdd9ce2aa1543538490215?s=96&d=mm&r=g","caption":"georg.blenk@krafthand-medien.de"}}]}},"_links":{"self":[{"href":"https:\/\/www.krafthand.de\/truck\/wp-json\/wp\/v2\/posts\/44074","targetHints":{"allow":["GET"]}}],"collection":[{"href":"https:\/\/www.krafthand.de\/truck\/wp-json\/wp\/v2\/posts"}],"about":[{"href":"https:\/\/www.krafthand.de\/truck\/wp-json\/wp\/v2\/types\/post"}],"author":[{"embeddable":true,"href":"https:\/\/www.krafthand.de\/truck\/wp-json\/wp\/v2\/users\/9"}],"replies":[{"embeddable":true,"href":"https:\/\/www.krafthand.de\/truck\/wp-json\/wp\/v2\/comments?post=44074"}],"version-history":[{"count":14,"href":"https:\/\/www.krafthand.de\/truck\/wp-json\/wp\/v2\/posts\/44074\/revisions"}],"predecessor-version":[{"id":44089,"href":"https:\/\/www.krafthand.de\/truck\/wp-json\/wp\/v2\/posts\/44074\/revisions\/44089"}],"wp:featuredmedia":[{"embeddable":true,"href":"https:\/\/www.krafthand.de\/truck\/wp-json\/wp\/v2\/media\/44080"}],"wp:attachment":[{"href":"https:\/\/www.krafthand.de\/truck\/wp-json\/wp\/v2\/media?parent=44074"}],"wp:term":[{"taxonomy":"category","embeddable":true,"href":"https:\/\/www.krafthand.de\/truck\/wp-json\/wp\/v2\/categories?post=44074"},{"taxonomy":"post_tag","embeddable":true,"href":"https:\/\/www.krafthand.de\/truck\/wp-json\/wp\/v2\/tags?post=44074"},{"taxonomy":"settings","embeddable":true,"href":"https:\/\/www.krafthand.de\/truck\/wp-json\/wp\/v2\/settings?post=44074"}],"curies":[{"name":"wp","href":"https:\/\/api.w.org\/{rel}","templated":true}]}}