{"id":44062,"date":"2025-09-30T13:04:48","date_gmt":"2025-09-30T11:04:48","guid":{"rendered":"https:\/\/www.krafthand.de\/truck\/?p=44062"},"modified":"2025-09-30T13:13:52","modified_gmt":"2025-09-30T11:13:52","slug":"saf-holland-mit-neuer-intra-smart-steering-achse-auf-der-nufam","status":"publish","type":"post","link":"https:\/\/www.krafthand.de\/truck\/artikel\/saf-holland-mit-neuer-intra-smart-steering-achse-auf-der-nufam-44062\/","title":{"rendered":"SAF-Holland mit neuer INTRA Smart Steering Lenkachse auf der NUFAM"},"content":{"rendered":"<p>SAF-Holland pr\u00e4sentierte auf der NUFAM in Karlsruhe erstmal die neue SAF INTRA Smart Steering Lenkachse. Sie verf\u00fcgt \u00fcber ein integriertes VSE-Lenksystem, einen Lenkwinkelsensor sowie entsprechende Zylinder und D\u00e4mpfer. Die neue Achse bietet laut SAF eine sp\u00fcrbar h\u00f6here Man\u00f6vrierf\u00e4higkeit im Stadt- und Verteilerverkehr und erleichtert zudem enge Rangierman\u00f6ver. Sie l\u00e4sst sich laut Angaben reibungslosen in bestehende Fahrzeugkonzepte integrieren und soll zudem den Reifenverschlei\u00df minimieren und Kraftstoffverbrauch reduzieren.<\/p>\n<p>Ein weiterer Schwerpunkt am Stand von <a href=\"https:\/\/safholland.com\/de\/de\/\" target=\"_blank\" rel=\"noopener\">SAF-Holland<\/a> war die neueste Version des digitalen I.Q. Portals. Die \u00fcberarbeitete Online-Plattform vereint Service, Wissen und Ersatzteilmanagement an einem zentralen Ort. Herzst\u00fcck ist der neu gestaltete Online-Service-Report, der mit intelligenten Eingabehilfen, automatischer Daten\u00fcbernahme und der M\u00f6glichkeit, Fotos oder Videos hochzuladen, Servicef\u00e4lle deutlich schneller und transparenter macht. Flottenbetreiber und Nfz-Werkst\u00e4tten profitierten zudem von dem integrierten Ersatzteilkatalog Parts on Demand (I.Q. POD), einer zentralen Wissensdatenbank und praxisnahen E-Learning-Angeboten.<\/p>\n\r\n\t\t\t\t<div class=\"post-author\">\r\n\t\t\t\t\t<div class=\"khm-cp-author clearfix\">\r\n\t\t\t\t\t\t<div class=\"khm-cp-author__content\">\r\n\t\t\t\t\t\t\t\tKontakt zum Autor:<br \/>\r\n\t\t\t\t\t\t\t\t<strong>Georg Blenk<\/strong>, 08247 \/ 3007-45 |  <a href=\"mailto:georg.blenk@krafthand-medien.de\">georg.blenk@krafthand-medien.de<\/a>\r\n\t\t\t\t\t\t\t<div class=\"khm-cp-author__image\">\r\n\t\t\t\t\t\t<img src=\"https:\/\/static.krafthand-truck.de\/uploads\/2021\/01\/Blenk_6104-250x300-1-removebg-preview.png\" class=\"img-responsive\">\r\n\t\t\t\t\t<\/div>\r\n\t\t\t\t\t\t<\/div>\r\n\t\t\t\t\t<\/div>\r\n\t\t\t\t<\/div>\r\n\t\t\t\t","protected":false},"excerpt":{"rendered":"<p>SAF-Holland pr\u00e4sentierte auf der NUFAM in Karlsruhe erstmal die neue SAF INTRA Smart Steering Lenkachse. Sie verf\u00fcgt \u00fcber ein integriertes VSE-Lenksystem, einen Lenkwinkelsensor sowie entsprechende Zylinder und D\u00e4mpfer. Auch das Online-Portal I.Q. f\u00fcr Flottenbetreiber und Nfz-Werkst\u00e4tten wurde \u00fcberarbeitet. <span class=\"excerpt-more__dots\">&#8230;<\/span> <a class=\"excerpt-more__link\" href=\"https:\/\/www.krafthand.de\/truck\/artikel\/saf-holland-mit-neuer-intra-smart-steering-achse-auf-der-nufam-44062\/\" >weiter<\/a><\/p>\n","protected":false},"author":9,"featured_media":44065,"comment_status":"closed","ping_status":"closed","sticky":false,"template":"","format":"standard","meta":{"footnotes":""},"categories":[4226,4236],"tags":[3311,1111,4758],"settings":[3524,4766,3523],"class_list":["post-44062","post","type-post","status-publish","format-standard","has-post-thumbnail","hentry","category-fahrwerk","category-veranstaltungen","tag-intra-baureihe","tag-saf-holland","tag-vse-lenkachse"],"yoast_head":"<!-- This site is optimized with the Yoast SEO plugin v27.3 - https:\/\/yoast.com\/product\/yoast-seo-wordpress\/ -->\n<title>SAF-Holland mit neuer INTRA Smart Steering Lenkachse auf der NUFAM - Krafthand-Truck<\/title>\n<meta name=\"description\" content=\"SAF-Holland pr\u00e4sentierte auf der NUFAM 2025 in Karlsruhe erstmal die neue SAF INTRA Smart Steering Lenkachse.\" \/>\n<meta name=\"robots\" content=\"index, follow, max-snippet:-1, max-image-preview:large, max-video-preview:-1\" \/>\n<link rel=\"canonical\" href=\"https:\/\/www.krafthand.de\/truck\/artikel\/saf-holland-mit-neuer-intra-smart-steering-achse-auf-der-nufam-44062\/\" \/>\n<meta property=\"og:locale\" content=\"de_DE\" \/>\n<meta property=\"og:type\" content=\"article\" \/>\n<meta property=\"og:title\" content=\"SAF-Holland mit neuer INTRA Smart Steering Lenkachse auf der NUFAM - Krafthand-Truck\" \/>\n<meta property=\"og:description\" content=\"SAF-Holland pr\u00e4sentierte auf der NUFAM 2025 in Karlsruhe erstmal die neue SAF INTRA Smart Steering Lenkachse.\" \/>\n<meta property=\"og:url\" content=\"https:\/\/www.krafthand-truck.de\/artikel\/saf-holland-mit-neuer-intra-smart-steering-achse-auf-der-nufam-44062\/\" \/>\n<meta property=\"og:site_name\" content=\"Krafthand-Truck\" \/>\n<meta property=\"article:published_time\" content=\"2025-09-30T11:04:48+00:00\" \/>\n<meta property=\"article:modified_time\" content=\"2025-09-30T11:13:52+00:00\" \/>\n<meta property=\"og:image\" content=\"https:\/\/static.krafthand-truck.de\/uploads\/2025\/09\/SAF_Intra_Smart_Steering-scaled.jpg\" \/>\n\t<meta property=\"og:image:width\" content=\"2560\" \/>\n\t<meta property=\"og:image:height\" content=\"1440\" \/>\n\t<meta property=\"og:image:type\" content=\"image\/jpeg\" \/>\n<meta name=\"author\" content=\"georg.blenk@krafthand-medien.de\" \/>\n<meta name=\"twitter:card\" content=\"summary_large_image\" \/>\n<meta name=\"twitter:label1\" content=\"Verfasst von\" \/>\n\t<meta name=\"twitter:data1\" content=\"georg.blenk@krafthand-medien.de\" \/>\n\t<meta name=\"twitter:label2\" content=\"Gesch\u00e4tzte Lesezeit\" \/>\n\t<meta name=\"twitter:data2\" content=\"1\u00a0Minute\" \/>\n<script type=\"application\/ld+json\" class=\"yoast-schema-graph\">{\"@context\":\"https:\\\/\\\/schema.org\",\"@graph\":[{\"@type\":\"Article\",\"@id\":\"https:\\\/\\\/www.krafthand.de\\\/truck\\\/artikel\\\/saf-holland-mit-neuer-intra-smart-steering-achse-auf-der-nufam-44062\\\/#article\",\"isPartOf\":{\"@id\":\"https:\\\/\\\/www.krafthand.de\\\/truck\\\/artikel\\\/saf-holland-mit-neuer-intra-smart-steering-achse-auf-der-nufam-44062\\\/\"},\"author\":{\"name\":\"georg.blenk@krafthand-medien.de\",\"@id\":\"https:\\\/\\\/www.krafthand.de\\\/truck\\\/#\\\/schema\\\/person\\\/51fa80b1c57034c4bf63f9f988fc24ce\"},\"headline\":\"SAF-Holland mit neuer INTRA Smart Steering Lenkachse auf der NUFAM\",\"datePublished\":\"2025-09-30T11:04:48+00:00\",\"dateModified\":\"2025-09-30T11:13:52+00:00\",\"mainEntityOfPage\":{\"@id\":\"https:\\\/\\\/www.krafthand.de\\\/truck\\\/artikel\\\/saf-holland-mit-neuer-intra-smart-steering-achse-auf-der-nufam-44062\\\/\"},\"wordCount\":164,\"image\":{\"@id\":\"https:\\\/\\\/www.krafthand.de\\\/truck\\\/artikel\\\/saf-holland-mit-neuer-intra-smart-steering-achse-auf-der-nufam-44062\\\/#primaryimage\"},\"thumbnailUrl\":\"https:\\\/\\\/static.krafthand-truck.de\\\/uploads\\\/2025\\\/09\\\/SAF_Intra_Smart_Steering-scaled.jpg\",\"keywords\":[\"Intra-Baureihe\",\"SAF-HOLLAND\",\"VSE-Lenkachse\"],\"articleSection\":[\"Fahrwerk\\\/D\u00e4mpfung\",\"Veranstaltungen\\\/Messen\"],\"inLanguage\":\"de\"},{\"@type\":\"WebPage\",\"@id\":\"https:\\\/\\\/www.krafthand.de\\\/truck\\\/artikel\\\/saf-holland-mit-neuer-intra-smart-steering-achse-auf-der-nufam-44062\\\/\",\"url\":\"https:\\\/\\\/www.krafthand.de\\\/truck\\\/artikel\\\/saf-holland-mit-neuer-intra-smart-steering-achse-auf-der-nufam-44062\\\/\",\"name\":\"SAF-Holland mit neuer INTRA Smart Steering Lenkachse auf der NUFAM - Krafthand-Truck\",\"isPartOf\":{\"@id\":\"https:\\\/\\\/www.krafthand.de\\\/truck\\\/#website\"},\"primaryImageOfPage\":{\"@id\":\"https:\\\/\\\/www.krafthand.de\\\/truck\\\/artikel\\\/saf-holland-mit-neuer-intra-smart-steering-achse-auf-der-nufam-44062\\\/#primaryimage\"},\"image\":{\"@id\":\"https:\\\/\\\/www.krafthand.de\\\/truck\\\/artikel\\\/saf-holland-mit-neuer-intra-smart-steering-achse-auf-der-nufam-44062\\\/#primaryimage\"},\"thumbnailUrl\":\"https:\\\/\\\/static.krafthand-truck.de\\\/uploads\\\/2025\\\/09\\\/SAF_Intra_Smart_Steering-scaled.jpg\",\"datePublished\":\"2025-09-30T11:04:48+00:00\",\"dateModified\":\"2025-09-30T11:13:52+00:00\",\"author\":{\"@id\":\"https:\\\/\\\/www.krafthand.de\\\/truck\\\/#\\\/schema\\\/person\\\/51fa80b1c57034c4bf63f9f988fc24ce\"},\"description\":\"SAF-Holland pr\u00e4sentierte auf der NUFAM 2025 in Karlsruhe erstmal die neue SAF INTRA Smart Steering Lenkachse.\",\"breadcrumb\":{\"@id\":\"https:\\\/\\\/www.krafthand.de\\\/truck\\\/artikel\\\/saf-holland-mit-neuer-intra-smart-steering-achse-auf-der-nufam-44062\\\/#breadcrumb\"},\"inLanguage\":\"de\",\"potentialAction\":[{\"@type\":\"ReadAction\",\"target\":[\"https:\\\/\\\/www.krafthand.de\\\/truck\\\/artikel\\\/saf-holland-mit-neuer-intra-smart-steering-achse-auf-der-nufam-44062\\\/\"]}]},{\"@type\":\"ImageObject\",\"inLanguage\":\"de\",\"@id\":\"https:\\\/\\\/www.krafthand.de\\\/truck\\\/artikel\\\/saf-holland-mit-neuer-intra-smart-steering-achse-auf-der-nufam-44062\\\/#primaryimage\",\"url\":\"https:\\\/\\\/static.krafthand-truck.de\\\/uploads\\\/2025\\\/09\\\/SAF_Intra_Smart_Steering-scaled.jpg\",\"contentUrl\":\"https:\\\/\\\/static.krafthand-truck.de\\\/uploads\\\/2025\\\/09\\\/SAF_Intra_Smart_Steering-scaled.jpg\",\"width\":2560,\"height\":1440},{\"@type\":\"BreadcrumbList\",\"@id\":\"https:\\\/\\\/www.krafthand.de\\\/truck\\\/artikel\\\/saf-holland-mit-neuer-intra-smart-steering-achse-auf-der-nufam-44062\\\/#breadcrumb\",\"itemListElement\":[{\"@type\":\"ListItem\",\"position\":1,\"name\":\"Krafthand-Truck\",\"item\":\"https:\\\/\\\/www.krafthand.de\\\/truck\\\/\"},{\"@type\":\"ListItem\",\"position\":2,\"name\":\"Nfz-Technik\",\"item\":\"https:\\\/\\\/www.krafthand.de\\\/truck\\\/kategorie\\\/nfz-technik\\\/\"},{\"@type\":\"ListItem\",\"position\":3,\"name\":\"Fahrwerk\\\/D\u00e4mpfung\",\"item\":\"https:\\\/\\\/www.krafthand.de\\\/truck\\\/kategorie\\\/nfz-technik\\\/fahrwerk\\\/\"},{\"@type\":\"ListItem\",\"position\":4,\"name\":\"SAF-Holland mit neuer INTRA Smart Steering Lenkachse auf der NUFAM\"}]},{\"@type\":\"WebSite\",\"@id\":\"https:\\\/\\\/www.krafthand.de\\\/truck\\\/#website\",\"url\":\"https:\\\/\\\/www.krafthand.de\\\/truck\\\/\",\"name\":\"Krafthand-Truck\",\"description\":\"\",\"potentialAction\":[{\"@type\":\"SearchAction\",\"target\":{\"@type\":\"EntryPoint\",\"urlTemplate\":\"https:\\\/\\\/www.krafthand.de\\\/truck\\\/?s={search_term_string}\"},\"query-input\":{\"@type\":\"PropertyValueSpecification\",\"valueRequired\":true,\"valueName\":\"search_term_string\"}}],\"inLanguage\":\"de\"},{\"@type\":\"Person\",\"@id\":\"https:\\\/\\\/www.krafthand.de\\\/truck\\\/#\\\/schema\\\/person\\\/51fa80b1c57034c4bf63f9f988fc24ce\",\"name\":\"georg.blenk@krafthand-medien.de\",\"image\":{\"@type\":\"ImageObject\",\"inLanguage\":\"de\",\"@id\":\"https:\\\/\\\/secure.gravatar.com\\\/avatar\\\/93713c30affe0aa95d3a4130e499bb1abee2eb31adbdd9ce2aa1543538490215?s=96&d=mm&r=g\",\"url\":\"https:\\\/\\\/secure.gravatar.com\\\/avatar\\\/93713c30affe0aa95d3a4130e499bb1abee2eb31adbdd9ce2aa1543538490215?s=96&d=mm&r=g\",\"contentUrl\":\"https:\\\/\\\/secure.gravatar.com\\\/avatar\\\/93713c30affe0aa95d3a4130e499bb1abee2eb31adbdd9ce2aa1543538490215?s=96&d=mm&r=g\",\"caption\":\"georg.blenk@krafthand-medien.de\"}}]}<\/script>\n<!-- \/ Yoast SEO plugin. -->","yoast_head_json":{"title":"SAF-Holland mit neuer INTRA Smart Steering Lenkachse auf der NUFAM - Krafthand-Truck","description":"SAF-Holland pr\u00e4sentierte auf der NUFAM 2025 in Karlsruhe erstmal die neue SAF INTRA Smart Steering Lenkachse.","robots":{"index":"index","follow":"follow","max-snippet":"max-snippet:-1","max-image-preview":"max-image-preview:large","max-video-preview":"max-video-preview:-1"},"canonical":"https:\/\/www.krafthand.de\/truck\/artikel\/saf-holland-mit-neuer-intra-smart-steering-achse-auf-der-nufam-44062\/","og_locale":"de_DE","og_type":"article","og_title":"SAF-Holland mit neuer INTRA Smart Steering Lenkachse auf der NUFAM - Krafthand-Truck","og_description":"SAF-Holland pr\u00e4sentierte auf der NUFAM 2025 in Karlsruhe erstmal die neue SAF INTRA Smart Steering Lenkachse.","og_url":"https:\/\/www.krafthand-truck.de\/artikel\/saf-holland-mit-neuer-intra-smart-steering-achse-auf-der-nufam-44062\/","og_site_name":"Krafthand-Truck","article_published_time":"2025-09-30T11:04:48+00:00","article_modified_time":"2025-09-30T11:13:52+00:00","og_image":[{"width":2560,"height":1440,"url":"https:\/\/static.krafthand-truck.de\/uploads\/2025\/09\/SAF_Intra_Smart_Steering-scaled.jpg","type":"image\/jpeg"}],"author":"georg.blenk@krafthand-medien.de","twitter_card":"summary_large_image","twitter_misc":{"Verfasst von":"georg.blenk@krafthand-medien.de","Gesch\u00e4tzte Lesezeit":"1\u00a0Minute"},"schema":{"@context":"https:\/\/schema.org","@graph":[{"@type":"Article","@id":"https:\/\/www.krafthand.de\/truck\/artikel\/saf-holland-mit-neuer-intra-smart-steering-achse-auf-der-nufam-44062\/#article","isPartOf":{"@id":"https:\/\/www.krafthand.de\/truck\/artikel\/saf-holland-mit-neuer-intra-smart-steering-achse-auf-der-nufam-44062\/"},"author":{"name":"georg.blenk@krafthand-medien.de","@id":"https:\/\/www.krafthand.de\/truck\/#\/schema\/person\/51fa80b1c57034c4bf63f9f988fc24ce"},"headline":"SAF-Holland mit neuer INTRA Smart Steering Lenkachse auf der NUFAM","datePublished":"2025-09-30T11:04:48+00:00","dateModified":"2025-09-30T11:13:52+00:00","mainEntityOfPage":{"@id":"https:\/\/www.krafthand.de\/truck\/artikel\/saf-holland-mit-neuer-intra-smart-steering-achse-auf-der-nufam-44062\/"},"wordCount":164,"image":{"@id":"https:\/\/www.krafthand.de\/truck\/artikel\/saf-holland-mit-neuer-intra-smart-steering-achse-auf-der-nufam-44062\/#primaryimage"},"thumbnailUrl":"https:\/\/static.krafthand-truck.de\/uploads\/2025\/09\/SAF_Intra_Smart_Steering-scaled.jpg","keywords":["Intra-Baureihe","SAF-HOLLAND","VSE-Lenkachse"],"articleSection":["Fahrwerk\/D\u00e4mpfung","Veranstaltungen\/Messen"],"inLanguage":"de"},{"@type":"WebPage","@id":"https:\/\/www.krafthand.de\/truck\/artikel\/saf-holland-mit-neuer-intra-smart-steering-achse-auf-der-nufam-44062\/","url":"https:\/\/www.krafthand.de\/truck\/artikel\/saf-holland-mit-neuer-intra-smart-steering-achse-auf-der-nufam-44062\/","name":"SAF-Holland mit neuer INTRA Smart Steering Lenkachse auf der NUFAM - Krafthand-Truck","isPartOf":{"@id":"https:\/\/www.krafthand.de\/truck\/#website"},"primaryImageOfPage":{"@id":"https:\/\/www.krafthand.de\/truck\/artikel\/saf-holland-mit-neuer-intra-smart-steering-achse-auf-der-nufam-44062\/#primaryimage"},"image":{"@id":"https:\/\/www.krafthand.de\/truck\/artikel\/saf-holland-mit-neuer-intra-smart-steering-achse-auf-der-nufam-44062\/#primaryimage"},"thumbnailUrl":"https:\/\/static.krafthand-truck.de\/uploads\/2025\/09\/SAF_Intra_Smart_Steering-scaled.jpg","datePublished":"2025-09-30T11:04:48+00:00","dateModified":"2025-09-30T11:13:52+00:00","author":{"@id":"https:\/\/www.krafthand.de\/truck\/#\/schema\/person\/51fa80b1c57034c4bf63f9f988fc24ce"},"description":"SAF-Holland pr\u00e4sentierte auf der NUFAM 2025 in Karlsruhe erstmal die neue SAF INTRA Smart Steering Lenkachse.","breadcrumb":{"@id":"https:\/\/www.krafthand.de\/truck\/artikel\/saf-holland-mit-neuer-intra-smart-steering-achse-auf-der-nufam-44062\/#breadcrumb"},"inLanguage":"de","potentialAction":[{"@type":"ReadAction","target":["https:\/\/www.krafthand.de\/truck\/artikel\/saf-holland-mit-neuer-intra-smart-steering-achse-auf-der-nufam-44062\/"]}]},{"@type":"ImageObject","inLanguage":"de","@id":"https:\/\/www.krafthand.de\/truck\/artikel\/saf-holland-mit-neuer-intra-smart-steering-achse-auf-der-nufam-44062\/#primaryimage","url":"https:\/\/static.krafthand-truck.de\/uploads\/2025\/09\/SAF_Intra_Smart_Steering-scaled.jpg","contentUrl":"https:\/\/static.krafthand-truck.de\/uploads\/2025\/09\/SAF_Intra_Smart_Steering-scaled.jpg","width":2560,"height":1440},{"@type":"BreadcrumbList","@id":"https:\/\/www.krafthand.de\/truck\/artikel\/saf-holland-mit-neuer-intra-smart-steering-achse-auf-der-nufam-44062\/#breadcrumb","itemListElement":[{"@type":"ListItem","position":1,"name":"Krafthand-Truck","item":"https:\/\/www.krafthand.de\/truck\/"},{"@type":"ListItem","position":2,"name":"Nfz-Technik","item":"https:\/\/www.krafthand.de\/truck\/kategorie\/nfz-technik\/"},{"@type":"ListItem","position":3,"name":"Fahrwerk\/D\u00e4mpfung","item":"https:\/\/www.krafthand.de\/truck\/kategorie\/nfz-technik\/fahrwerk\/"},{"@type":"ListItem","position":4,"name":"SAF-Holland mit neuer INTRA Smart Steering Lenkachse auf der NUFAM"}]},{"@type":"WebSite","@id":"https:\/\/www.krafthand.de\/truck\/#website","url":"https:\/\/www.krafthand.de\/truck\/","name":"Krafthand-Truck","description":"","potentialAction":[{"@type":"SearchAction","target":{"@type":"EntryPoint","urlTemplate":"https:\/\/www.krafthand.de\/truck\/?s={search_term_string}"},"query-input":{"@type":"PropertyValueSpecification","valueRequired":true,"valueName":"search_term_string"}}],"inLanguage":"de"},{"@type":"Person","@id":"https:\/\/www.krafthand.de\/truck\/#\/schema\/person\/51fa80b1c57034c4bf63f9f988fc24ce","name":"georg.blenk@krafthand-medien.de","image":{"@type":"ImageObject","inLanguage":"de","@id":"https:\/\/secure.gravatar.com\/avatar\/93713c30affe0aa95d3a4130e499bb1abee2eb31adbdd9ce2aa1543538490215?s=96&d=mm&r=g","url":"https:\/\/secure.gravatar.com\/avatar\/93713c30affe0aa95d3a4130e499bb1abee2eb31adbdd9ce2aa1543538490215?s=96&d=mm&r=g","contentUrl":"https:\/\/secure.gravatar.com\/avatar\/93713c30affe0aa95d3a4130e499bb1abee2eb31adbdd9ce2aa1543538490215?s=96&d=mm&r=g","caption":"georg.blenk@krafthand-medien.de"}}]}},"_links":{"self":[{"href":"https:\/\/www.krafthand.de\/truck\/wp-json\/wp\/v2\/posts\/44062","targetHints":{"allow":["GET"]}}],"collection":[{"href":"https:\/\/www.krafthand.de\/truck\/wp-json\/wp\/v2\/posts"}],"about":[{"href":"https:\/\/www.krafthand.de\/truck\/wp-json\/wp\/v2\/types\/post"}],"author":[{"embeddable":true,"href":"https:\/\/www.krafthand.de\/truck\/wp-json\/wp\/v2\/users\/9"}],"replies":[{"embeddable":true,"href":"https:\/\/www.krafthand.de\/truck\/wp-json\/wp\/v2\/comments?post=44062"}],"version-history":[{"count":10,"href":"https:\/\/www.krafthand.de\/truck\/wp-json\/wp\/v2\/posts\/44062\/revisions"}],"predecessor-version":[{"id":44073,"href":"https:\/\/www.krafthand.de\/truck\/wp-json\/wp\/v2\/posts\/44062\/revisions\/44073"}],"wp:featuredmedia":[{"embeddable":true,"href":"https:\/\/www.krafthand.de\/truck\/wp-json\/wp\/v2\/media\/44065"}],"wp:attachment":[{"href":"https:\/\/www.krafthand.de\/truck\/wp-json\/wp\/v2\/media?parent=44062"}],"wp:term":[{"taxonomy":"category","embeddable":true,"href":"https:\/\/www.krafthand.de\/truck\/wp-json\/wp\/v2\/categories?post=44062"},{"taxonomy":"post_tag","embeddable":true,"href":"https:\/\/www.krafthand.de\/truck\/wp-json\/wp\/v2\/tags?post=44062"},{"taxonomy":"settings","embeddable":true,"href":"https:\/\/www.krafthand.de\/truck\/wp-json\/wp\/v2\/settings?post=44062"}],"curies":[{"name":"wp","href":"https:\/\/api.w.org\/{rel}","templated":true}]}}