{"id":44053,"date":"2025-09-29T17:04:54","date_gmt":"2025-09-29T15:04:54","guid":{"rendered":"https:\/\/www.krafthand.de\/truck\/?p=44053"},"modified":"2025-09-29T17:06:08","modified_gmt":"2025-09-29T15:06:08","slug":"ultrashield-speedline-truck-praesentiert-auf-der-nufam-neue-rad-oberflaeche","status":"publish","type":"post","link":"https:\/\/www.krafthand.de\/truck\/artikel\/ultrashield-speedline-truck-praesentiert-auf-der-nufam-neue-rad-oberflaeche-44053\/","title":{"rendered":"UltraShield: Speedline-Truck pr\u00e4sentierte auf der NUFAM neue Rad-Oberfl\u00e4che\u00a0"},"content":{"rendered":"<p><a href=\"https:\/\/www.speedline-truck.com\/de\" target=\"_blank\" rel=\"noopener\">Speedline-Truck<\/a> (eine Marke der Ronal-Gruppe), hat mit &#8218;UltraShield&#8216; eine neue widerstandsf\u00e4hige Oberfl\u00e4che f\u00fcr Lkw-R\u00e4der entwickelt und auf der NUFAM in Karlsruhe erstmals vorgestellt. Die Beschichtung soll den Wartungsaufwand reduzieren und einen erh\u00f6hten Langzeitschutz bieten. Zudem erleichtert die Beschichtung laut Angabe die Pflege der Felgen.<\/p>\n<p>Durch die Kombination aus mechanischer Bearbeitung und einer entsprechenden Versiegelung entsteht eine spiegelglatte Metalloberfl\u00e4che. Dank schmutzabweisender Eigenschaften sollen Verunreinigungen wie Bremsstaub und Salz weniger anhaften. So l\u00e4sst sich die UltraShield-Oberfl\u00e4che auch leicht reinigen und ist im Unterhalt ohne zu polieren besonders pflegeleicht. Zudem verf\u00fcgt die neue Oberfl\u00e4che \u00fcber eine hohe Best\u00e4ndigkeit gegen UV-Strahlung, Salz und chemische Korrosion.<\/p>\n","protected":false},"excerpt":{"rendered":"<p>Speedline-Truck (eine Marke der Ronal-Gruppe), hat mit &#8218;UltraShield&#8216; eine neue widerstandsf\u00e4hige Oberfl\u00e4che f\u00fcr Lkw-R\u00e4der entwickelt. Die Beschichtung soll den Wartungsaufwand reduzieren und einen erh\u00f6hten Langzeitschutz bieten. Zudem erleichtert die Beschichtung laut Angabe die Pflege der Felgen. <span class=\"excerpt-more__dots\">&#8230;<\/span> <a class=\"excerpt-more__link\" href=\"https:\/\/www.krafthand.de\/truck\/artikel\/ultrashield-speedline-truck-praesentiert-auf-der-nufam-neue-rad-oberflaeche-44053\/\" >weiter<\/a><\/p>\n","protected":false},"author":9,"featured_media":44056,"comment_status":"closed","ping_status":"closed","sticky":false,"template":"","format":"standard","meta":{"footnotes":""},"categories":[4227],"tags":[5464,299,3342,5331,4418],"settings":[4766],"class_list":["post-44053","post","type-post","status-publish","format-standard","has-post-thumbnail","hentry","category-rad-reifen-bremse","tag-felge","tag-lkw-reifen","tag-raeder","tag-ronal","tag-speedline-truck"],"yoast_head":"<!-- This site is optimized with the Yoast SEO plugin v27.3 - https:\/\/yoast.com\/product\/yoast-seo-wordpress\/ -->\n<title>UltraShield: Speedline-Truck pr\u00e4sentierte auf der NUFAM neue Rad-Oberfl\u00e4che\u00a0 - Krafthand-Truck<\/title>\n<meta name=\"robots\" content=\"index, follow, max-snippet:-1, max-image-preview:large, max-video-preview:-1\" \/>\n<link rel=\"canonical\" href=\"https:\/\/www.krafthand.de\/truck\/artikel\/ultrashield-speedline-truck-praesentiert-auf-der-nufam-neue-rad-oberflaeche-44053\/\" \/>\n<meta property=\"og:locale\" content=\"de_DE\" \/>\n<meta property=\"og:type\" content=\"article\" \/>\n<meta property=\"og:title\" content=\"UltraShield: Speedline-Truck pr\u00e4sentierte auf der NUFAM neue Rad-Oberfl\u00e4che\u00a0 - Krafthand-Truck\" \/>\n<meta property=\"og:description\" content=\"Speedline-Truck (eine Marke der Ronal-Gruppe), hat mit &#039;UltraShield&#039; eine neue widerstandsf\u00e4hige Oberfl\u00e4che f\u00fcr Lkw-R\u00e4der entwickelt. Die Beschichtung soll den Wartungsaufwand reduzieren und einen erh\u00f6hten Langzeitschutz bieten. Zudem erleichtert die Beschichtung laut Angabe die Pflege der Felgen. ... weiter\" \/>\n<meta property=\"og:url\" content=\"https:\/\/www.krafthand-truck.de\/artikel\/ultrashield-speedline-truck-praesentiert-auf-der-nufam-neue-rad-oberflaeche-44053\/\" \/>\n<meta property=\"og:site_name\" content=\"Krafthand-Truck\" \/>\n<meta property=\"article:published_time\" content=\"2025-09-29T15:04:54+00:00\" \/>\n<meta property=\"article:modified_time\" content=\"2025-09-29T15:06:08+00:00\" \/>\n<meta property=\"og:image\" content=\"https:\/\/static.krafthand-truck.de\/uploads\/2025\/09\/Speedline_Ronal_Felgenbeschichtung_Lkw.jpg\" \/>\n\t<meta property=\"og:image:width\" content=\"1200\" \/>\n\t<meta property=\"og:image:height\" content=\"786\" \/>\n\t<meta property=\"og:image:type\" content=\"image\/jpeg\" \/>\n<meta name=\"author\" content=\"georg.blenk@krafthand-medien.de\" \/>\n<meta name=\"twitter:card\" content=\"summary_large_image\" \/>\n<meta name=\"twitter:label1\" content=\"Verfasst von\" \/>\n\t<meta name=\"twitter:data1\" content=\"georg.blenk@krafthand-medien.de\" \/>\n\t<meta name=\"twitter:label2\" content=\"Gesch\u00e4tzte Lesezeit\" \/>\n\t<meta name=\"twitter:data2\" content=\"1\u00a0Minute\" \/>\n<script type=\"application\/ld+json\" class=\"yoast-schema-graph\">{\"@context\":\"https:\\\/\\\/schema.org\",\"@graph\":[{\"@type\":\"Article\",\"@id\":\"https:\\\/\\\/www.krafthand.de\\\/truck\\\/artikel\\\/ultrashield-speedline-truck-praesentiert-auf-der-nufam-neue-rad-oberflaeche-44053\\\/#article\",\"isPartOf\":{\"@id\":\"https:\\\/\\\/www.krafthand.de\\\/truck\\\/artikel\\\/ultrashield-speedline-truck-praesentiert-auf-der-nufam-neue-rad-oberflaeche-44053\\\/\"},\"author\":{\"name\":\"georg.blenk@krafthand-medien.de\",\"@id\":\"https:\\\/\\\/www.krafthand.de\\\/truck\\\/#\\\/schema\\\/person\\\/51fa80b1c57034c4bf63f9f988fc24ce\"},\"headline\":\"UltraShield: Speedline-Truck pr\u00e4sentierte auf der NUFAM neue Rad-Oberfl\u00e4che\u00a0\",\"datePublished\":\"2025-09-29T15:04:54+00:00\",\"dateModified\":\"2025-09-29T15:06:08+00:00\",\"mainEntityOfPage\":{\"@id\":\"https:\\\/\\\/www.krafthand.de\\\/truck\\\/artikel\\\/ultrashield-speedline-truck-praesentiert-auf-der-nufam-neue-rad-oberflaeche-44053\\\/\"},\"wordCount\":122,\"image\":{\"@id\":\"https:\\\/\\\/www.krafthand.de\\\/truck\\\/artikel\\\/ultrashield-speedline-truck-praesentiert-auf-der-nufam-neue-rad-oberflaeche-44053\\\/#primaryimage\"},\"thumbnailUrl\":\"https:\\\/\\\/static.krafthand-truck.de\\\/uploads\\\/2025\\\/09\\\/Speedline_Ronal_Felgenbeschichtung_Lkw.jpg\",\"keywords\":[\"Felge\",\"Lkw-Reifen\",\"R\u00e4der\",\"Ronal\",\"Speedline Truck\"],\"articleSection\":[\"Rad\\\/Reifen\\\/Bremse\"],\"inLanguage\":\"de\"},{\"@type\":\"WebPage\",\"@id\":\"https:\\\/\\\/www.krafthand.de\\\/truck\\\/artikel\\\/ultrashield-speedline-truck-praesentiert-auf-der-nufam-neue-rad-oberflaeche-44053\\\/\",\"url\":\"https:\\\/\\\/www.krafthand.de\\\/truck\\\/artikel\\\/ultrashield-speedline-truck-praesentiert-auf-der-nufam-neue-rad-oberflaeche-44053\\\/\",\"name\":\"UltraShield: Speedline-Truck pr\u00e4sentierte auf der NUFAM neue Rad-Oberfl\u00e4che\u00a0 - Krafthand-Truck\",\"isPartOf\":{\"@id\":\"https:\\\/\\\/www.krafthand.de\\\/truck\\\/#website\"},\"primaryImageOfPage\":{\"@id\":\"https:\\\/\\\/www.krafthand.de\\\/truck\\\/artikel\\\/ultrashield-speedline-truck-praesentiert-auf-der-nufam-neue-rad-oberflaeche-44053\\\/#primaryimage\"},\"image\":{\"@id\":\"https:\\\/\\\/www.krafthand.de\\\/truck\\\/artikel\\\/ultrashield-speedline-truck-praesentiert-auf-der-nufam-neue-rad-oberflaeche-44053\\\/#primaryimage\"},\"thumbnailUrl\":\"https:\\\/\\\/static.krafthand-truck.de\\\/uploads\\\/2025\\\/09\\\/Speedline_Ronal_Felgenbeschichtung_Lkw.jpg\",\"datePublished\":\"2025-09-29T15:04:54+00:00\",\"dateModified\":\"2025-09-29T15:06:08+00:00\",\"author\":{\"@id\":\"https:\\\/\\\/www.krafthand.de\\\/truck\\\/#\\\/schema\\\/person\\\/51fa80b1c57034c4bf63f9f988fc24ce\"},\"breadcrumb\":{\"@id\":\"https:\\\/\\\/www.krafthand.de\\\/truck\\\/artikel\\\/ultrashield-speedline-truck-praesentiert-auf-der-nufam-neue-rad-oberflaeche-44053\\\/#breadcrumb\"},\"inLanguage\":\"de\",\"potentialAction\":[{\"@type\":\"ReadAction\",\"target\":[\"https:\\\/\\\/www.krafthand.de\\\/truck\\\/artikel\\\/ultrashield-speedline-truck-praesentiert-auf-der-nufam-neue-rad-oberflaeche-44053\\\/\"]}]},{\"@type\":\"ImageObject\",\"inLanguage\":\"de\",\"@id\":\"https:\\\/\\\/www.krafthand.de\\\/truck\\\/artikel\\\/ultrashield-speedline-truck-praesentiert-auf-der-nufam-neue-rad-oberflaeche-44053\\\/#primaryimage\",\"url\":\"https:\\\/\\\/static.krafthand-truck.de\\\/uploads\\\/2025\\\/09\\\/Speedline_Ronal_Felgenbeschichtung_Lkw.jpg\",\"contentUrl\":\"https:\\\/\\\/static.krafthand-truck.de\\\/uploads\\\/2025\\\/09\\\/Speedline_Ronal_Felgenbeschichtung_Lkw.jpg\",\"width\":1200,\"height\":786},{\"@type\":\"BreadcrumbList\",\"@id\":\"https:\\\/\\\/www.krafthand.de\\\/truck\\\/artikel\\\/ultrashield-speedline-truck-praesentiert-auf-der-nufam-neue-rad-oberflaeche-44053\\\/#breadcrumb\",\"itemListElement\":[{\"@type\":\"ListItem\",\"position\":1,\"name\":\"Krafthand-Truck\",\"item\":\"https:\\\/\\\/www.krafthand.de\\\/truck\\\/\"},{\"@type\":\"ListItem\",\"position\":2,\"name\":\"Nfz-Technik\",\"item\":\"https:\\\/\\\/www.krafthand.de\\\/truck\\\/kategorie\\\/nfz-technik\\\/\"},{\"@type\":\"ListItem\",\"position\":3,\"name\":\"Rad\\\/Reifen\\\/Bremse\",\"item\":\"https:\\\/\\\/www.krafthand.de\\\/truck\\\/kategorie\\\/nfz-technik\\\/rad-reifen-bremse\\\/\"},{\"@type\":\"ListItem\",\"position\":4,\"name\":\"UltraShield: Speedline-Truck pr\u00e4sentierte auf der NUFAM neue Rad-Oberfl\u00e4che\u00a0\"}]},{\"@type\":\"WebSite\",\"@id\":\"https:\\\/\\\/www.krafthand.de\\\/truck\\\/#website\",\"url\":\"https:\\\/\\\/www.krafthand.de\\\/truck\\\/\",\"name\":\"Krafthand-Truck\",\"description\":\"\",\"potentialAction\":[{\"@type\":\"SearchAction\",\"target\":{\"@type\":\"EntryPoint\",\"urlTemplate\":\"https:\\\/\\\/www.krafthand.de\\\/truck\\\/?s={search_term_string}\"},\"query-input\":{\"@type\":\"PropertyValueSpecification\",\"valueRequired\":true,\"valueName\":\"search_term_string\"}}],\"inLanguage\":\"de\"},{\"@type\":\"Person\",\"@id\":\"https:\\\/\\\/www.krafthand.de\\\/truck\\\/#\\\/schema\\\/person\\\/51fa80b1c57034c4bf63f9f988fc24ce\",\"name\":\"georg.blenk@krafthand-medien.de\",\"image\":{\"@type\":\"ImageObject\",\"inLanguage\":\"de\",\"@id\":\"https:\\\/\\\/secure.gravatar.com\\\/avatar\\\/93713c30affe0aa95d3a4130e499bb1abee2eb31adbdd9ce2aa1543538490215?s=96&d=mm&r=g\",\"url\":\"https:\\\/\\\/secure.gravatar.com\\\/avatar\\\/93713c30affe0aa95d3a4130e499bb1abee2eb31adbdd9ce2aa1543538490215?s=96&d=mm&r=g\",\"contentUrl\":\"https:\\\/\\\/secure.gravatar.com\\\/avatar\\\/93713c30affe0aa95d3a4130e499bb1abee2eb31adbdd9ce2aa1543538490215?s=96&d=mm&r=g\",\"caption\":\"georg.blenk@krafthand-medien.de\"}}]}<\/script>\n<!-- \/ Yoast SEO plugin. -->","yoast_head_json":{"title":"UltraShield: Speedline-Truck pr\u00e4sentierte auf der NUFAM neue Rad-Oberfl\u00e4che\u00a0 - Krafthand-Truck","robots":{"index":"index","follow":"follow","max-snippet":"max-snippet:-1","max-image-preview":"max-image-preview:large","max-video-preview":"max-video-preview:-1"},"canonical":"https:\/\/www.krafthand.de\/truck\/artikel\/ultrashield-speedline-truck-praesentiert-auf-der-nufam-neue-rad-oberflaeche-44053\/","og_locale":"de_DE","og_type":"article","og_title":"UltraShield: Speedline-Truck pr\u00e4sentierte auf der NUFAM neue Rad-Oberfl\u00e4che\u00a0 - Krafthand-Truck","og_description":"Speedline-Truck (eine Marke der Ronal-Gruppe), hat mit 'UltraShield' eine neue widerstandsf\u00e4hige Oberfl\u00e4che f\u00fcr Lkw-R\u00e4der entwickelt. Die Beschichtung soll den Wartungsaufwand reduzieren und einen erh\u00f6hten Langzeitschutz bieten. Zudem erleichtert die Beschichtung laut Angabe die Pflege der Felgen. ... weiter","og_url":"https:\/\/www.krafthand-truck.de\/artikel\/ultrashield-speedline-truck-praesentiert-auf-der-nufam-neue-rad-oberflaeche-44053\/","og_site_name":"Krafthand-Truck","article_published_time":"2025-09-29T15:04:54+00:00","article_modified_time":"2025-09-29T15:06:08+00:00","og_image":[{"width":1200,"height":786,"url":"https:\/\/static.krafthand-truck.de\/uploads\/2025\/09\/Speedline_Ronal_Felgenbeschichtung_Lkw.jpg","type":"image\/jpeg"}],"author":"georg.blenk@krafthand-medien.de","twitter_card":"summary_large_image","twitter_misc":{"Verfasst von":"georg.blenk@krafthand-medien.de","Gesch\u00e4tzte Lesezeit":"1\u00a0Minute"},"schema":{"@context":"https:\/\/schema.org","@graph":[{"@type":"Article","@id":"https:\/\/www.krafthand.de\/truck\/artikel\/ultrashield-speedline-truck-praesentiert-auf-der-nufam-neue-rad-oberflaeche-44053\/#article","isPartOf":{"@id":"https:\/\/www.krafthand.de\/truck\/artikel\/ultrashield-speedline-truck-praesentiert-auf-der-nufam-neue-rad-oberflaeche-44053\/"},"author":{"name":"georg.blenk@krafthand-medien.de","@id":"https:\/\/www.krafthand.de\/truck\/#\/schema\/person\/51fa80b1c57034c4bf63f9f988fc24ce"},"headline":"UltraShield: Speedline-Truck pr\u00e4sentierte auf der NUFAM neue Rad-Oberfl\u00e4che\u00a0","datePublished":"2025-09-29T15:04:54+00:00","dateModified":"2025-09-29T15:06:08+00:00","mainEntityOfPage":{"@id":"https:\/\/www.krafthand.de\/truck\/artikel\/ultrashield-speedline-truck-praesentiert-auf-der-nufam-neue-rad-oberflaeche-44053\/"},"wordCount":122,"image":{"@id":"https:\/\/www.krafthand.de\/truck\/artikel\/ultrashield-speedline-truck-praesentiert-auf-der-nufam-neue-rad-oberflaeche-44053\/#primaryimage"},"thumbnailUrl":"https:\/\/static.krafthand-truck.de\/uploads\/2025\/09\/Speedline_Ronal_Felgenbeschichtung_Lkw.jpg","keywords":["Felge","Lkw-Reifen","R\u00e4der","Ronal","Speedline Truck"],"articleSection":["Rad\/Reifen\/Bremse"],"inLanguage":"de"},{"@type":"WebPage","@id":"https:\/\/www.krafthand.de\/truck\/artikel\/ultrashield-speedline-truck-praesentiert-auf-der-nufam-neue-rad-oberflaeche-44053\/","url":"https:\/\/www.krafthand.de\/truck\/artikel\/ultrashield-speedline-truck-praesentiert-auf-der-nufam-neue-rad-oberflaeche-44053\/","name":"UltraShield: Speedline-Truck pr\u00e4sentierte auf der NUFAM neue Rad-Oberfl\u00e4che\u00a0 - Krafthand-Truck","isPartOf":{"@id":"https:\/\/www.krafthand.de\/truck\/#website"},"primaryImageOfPage":{"@id":"https:\/\/www.krafthand.de\/truck\/artikel\/ultrashield-speedline-truck-praesentiert-auf-der-nufam-neue-rad-oberflaeche-44053\/#primaryimage"},"image":{"@id":"https:\/\/www.krafthand.de\/truck\/artikel\/ultrashield-speedline-truck-praesentiert-auf-der-nufam-neue-rad-oberflaeche-44053\/#primaryimage"},"thumbnailUrl":"https:\/\/static.krafthand-truck.de\/uploads\/2025\/09\/Speedline_Ronal_Felgenbeschichtung_Lkw.jpg","datePublished":"2025-09-29T15:04:54+00:00","dateModified":"2025-09-29T15:06:08+00:00","author":{"@id":"https:\/\/www.krafthand.de\/truck\/#\/schema\/person\/51fa80b1c57034c4bf63f9f988fc24ce"},"breadcrumb":{"@id":"https:\/\/www.krafthand.de\/truck\/artikel\/ultrashield-speedline-truck-praesentiert-auf-der-nufam-neue-rad-oberflaeche-44053\/#breadcrumb"},"inLanguage":"de","potentialAction":[{"@type":"ReadAction","target":["https:\/\/www.krafthand.de\/truck\/artikel\/ultrashield-speedline-truck-praesentiert-auf-der-nufam-neue-rad-oberflaeche-44053\/"]}]},{"@type":"ImageObject","inLanguage":"de","@id":"https:\/\/www.krafthand.de\/truck\/artikel\/ultrashield-speedline-truck-praesentiert-auf-der-nufam-neue-rad-oberflaeche-44053\/#primaryimage","url":"https:\/\/static.krafthand-truck.de\/uploads\/2025\/09\/Speedline_Ronal_Felgenbeschichtung_Lkw.jpg","contentUrl":"https:\/\/static.krafthand-truck.de\/uploads\/2025\/09\/Speedline_Ronal_Felgenbeschichtung_Lkw.jpg","width":1200,"height":786},{"@type":"BreadcrumbList","@id":"https:\/\/www.krafthand.de\/truck\/artikel\/ultrashield-speedline-truck-praesentiert-auf-der-nufam-neue-rad-oberflaeche-44053\/#breadcrumb","itemListElement":[{"@type":"ListItem","position":1,"name":"Krafthand-Truck","item":"https:\/\/www.krafthand.de\/truck\/"},{"@type":"ListItem","position":2,"name":"Nfz-Technik","item":"https:\/\/www.krafthand.de\/truck\/kategorie\/nfz-technik\/"},{"@type":"ListItem","position":3,"name":"Rad\/Reifen\/Bremse","item":"https:\/\/www.krafthand.de\/truck\/kategorie\/nfz-technik\/rad-reifen-bremse\/"},{"@type":"ListItem","position":4,"name":"UltraShield: Speedline-Truck pr\u00e4sentierte auf der NUFAM neue Rad-Oberfl\u00e4che\u00a0"}]},{"@type":"WebSite","@id":"https:\/\/www.krafthand.de\/truck\/#website","url":"https:\/\/www.krafthand.de\/truck\/","name":"Krafthand-Truck","description":"","potentialAction":[{"@type":"SearchAction","target":{"@type":"EntryPoint","urlTemplate":"https:\/\/www.krafthand.de\/truck\/?s={search_term_string}"},"query-input":{"@type":"PropertyValueSpecification","valueRequired":true,"valueName":"search_term_string"}}],"inLanguage":"de"},{"@type":"Person","@id":"https:\/\/www.krafthand.de\/truck\/#\/schema\/person\/51fa80b1c57034c4bf63f9f988fc24ce","name":"georg.blenk@krafthand-medien.de","image":{"@type":"ImageObject","inLanguage":"de","@id":"https:\/\/secure.gravatar.com\/avatar\/93713c30affe0aa95d3a4130e499bb1abee2eb31adbdd9ce2aa1543538490215?s=96&d=mm&r=g","url":"https:\/\/secure.gravatar.com\/avatar\/93713c30affe0aa95d3a4130e499bb1abee2eb31adbdd9ce2aa1543538490215?s=96&d=mm&r=g","contentUrl":"https:\/\/secure.gravatar.com\/avatar\/93713c30affe0aa95d3a4130e499bb1abee2eb31adbdd9ce2aa1543538490215?s=96&d=mm&r=g","caption":"georg.blenk@krafthand-medien.de"}}]}},"_links":{"self":[{"href":"https:\/\/www.krafthand.de\/truck\/wp-json\/wp\/v2\/posts\/44053","targetHints":{"allow":["GET"]}}],"collection":[{"href":"https:\/\/www.krafthand.de\/truck\/wp-json\/wp\/v2\/posts"}],"about":[{"href":"https:\/\/www.krafthand.de\/truck\/wp-json\/wp\/v2\/types\/post"}],"author":[{"embeddable":true,"href":"https:\/\/www.krafthand.de\/truck\/wp-json\/wp\/v2\/users\/9"}],"replies":[{"embeddable":true,"href":"https:\/\/www.krafthand.de\/truck\/wp-json\/wp\/v2\/comments?post=44053"}],"version-history":[{"count":4,"href":"https:\/\/www.krafthand.de\/truck\/wp-json\/wp\/v2\/posts\/44053\/revisions"}],"predecessor-version":[{"id":44058,"href":"https:\/\/www.krafthand.de\/truck\/wp-json\/wp\/v2\/posts\/44053\/revisions\/44058"}],"wp:featuredmedia":[{"embeddable":true,"href":"https:\/\/www.krafthand.de\/truck\/wp-json\/wp\/v2\/media\/44056"}],"wp:attachment":[{"href":"https:\/\/www.krafthand.de\/truck\/wp-json\/wp\/v2\/media?parent=44053"}],"wp:term":[{"taxonomy":"category","embeddable":true,"href":"https:\/\/www.krafthand.de\/truck\/wp-json\/wp\/v2\/categories?post=44053"},{"taxonomy":"post_tag","embeddable":true,"href":"https:\/\/www.krafthand.de\/truck\/wp-json\/wp\/v2\/tags?post=44053"},{"taxonomy":"settings","embeddable":true,"href":"https:\/\/www.krafthand.de\/truck\/wp-json\/wp\/v2\/settings?post=44053"}],"curies":[{"name":"wp","href":"https:\/\/api.w.org\/{rel}","templated":true}]}}