{"id":44024,"date":"2025-10-06T08:45:59","date_gmt":"2025-10-06T06:45:59","guid":{"rendered":"https:\/\/www.krafthand.de\/truck\/?p=44024"},"modified":"2025-10-06T12:16:00","modified_gmt":"2025-10-06T10:16:00","slug":"heisses-eisen-brandgefahr-bei-man-lkw-wir-haben-in-muenchen-nachgefragt","status":"publish","type":"post","link":"https:\/\/www.krafthand.de\/truck\/artikel\/heisses-eisen-brandgefahr-bei-man-lkw-wir-haben-in-muenchen-nachgefragt-44024\/","title":{"rendered":"Hei\u00dfes Eisen: Brandgefahr bei MAN-Lkw (TGX\/TGS 2016-2019)? Wir haben in M\u00fcnchen den aktuellen Stand erfragt&#8230;"},"content":{"rendered":"<p>Mehre Medien berichteten k\u00fcrzlich von erneut aufgetretenen Br\u00e4nden bei Lkw der Marke MAN. Es handelte sich um die Modelle TGX und TGS des Produktionszeitraums 1.10.2016 bis 30.9.2019. Bereits am 30.10.2024 gab es einen offiziellen R\u00fcckruf des KBA (R\u00fcckrufcode MAN: 7979TW, 8062TW). Betroffen waren weltweit 37.565 und deutschlandweit 12.693 Fahrzeuge. Der offizielle Grund war die \u00dcberalterung und Verunreinigung des Motor\u00f6ls. Es k\u00f6nne zum Motorausfall oder gar zum Brand des Fahrzeugs kommen. Als Ma\u00dfnahme werden der Austausch der gesch\u00e4digten \u00d6lfilterbauteile\/der Austausch des \u00d6lfilters, des \u00d6ldeckels sowie die Verk\u00fcrzung der \u00d6lwechselintervalle empfohlen.<\/p>\n<p>Nun hat am 15.9.2025 das NDR-Verbrauchermagazin \u201aMarkt\u2018 in einem Beitrag das Thema Brandgefahr bei den besagten Fahrzeugen nochmal aufgegriffen. Auch Sch\u00e4den an Pleueln wurde genannt. Handelt es sich tats\u00e4chlich um mangelnde Wartung und zu altem \u00d6l? Wir haben bei MAN in M\u00fcnchen nochmal nachgefragt. Die Antworten geben wir im ungek\u00fcrzten Original wieder.<\/p>\n<h3>Laut R\u00fcckruf des KBA vom 24.10.204 handelt es sich bei den Fahrzeugen (TGX\/TGS) um mangelnde Wartung und zu altes und verunreinigten Motor\u00f6l. Sind die \u00d6lwechselintervalle zu lang bemessen?<\/h3>\n<p>MAN ruft bereits seit Ende 2022 Halter bestimmter Lkw und Busse mit D26 Euro 6c-Motoren (D2676LF51\u201353, D2676LOH35\u201337) der Baujahre 11\/2016 bis 08\/2019 zur Werkstattpr\u00fcfung auf. Bei diesen kann aufgrund nicht fristgerecht oder nicht fachgerecht durchgef\u00fchrter Wartung \u00fcberm\u00e4\u00dfig gealtertes und verschmutztes Motor\u00f6l zu Sch\u00e4den an \u00d6lfilterbauteilen und ebenso am Motor selbst f\u00fchren. Daraus k\u00f6nnen in seltenen F\u00e4llen auch Brandereignisse resultieren. Die betroffenen Fahrzeughalter wurden seit Ende 2022 bereits mehrfach angeschrieben und in die Werkst\u00e4tten gerufen. Von den definierten Einzelma\u00dfnahmen wurden dort zum gr\u00f6\u00dften Teil bereits \u00fcber 90 Prozent abgearbeitet.<br \/>\n2024 wurde die aktive Kundenansprache nochmals intensiviert und durch eine Pressemitteilung \u00f6ffentlich begleitet. Zudem wurden Beh\u00f6rden umfassend informiert, unter anderem per Business Alert sowie auf EU-Ebene. Unter anderem mit dem Kraftfahrtbundesamt (KBA) als zust\u00e4ndiger \u00dcberwachungsbeh\u00f6rde wurde eine regelm\u00e4\u00dfige Abstimmung zu Fortschritt und Wirksamkeit der eingeleiteten Ma\u00dfnahmen vereinbart.<\/p>\n<h3>Haben die Ma\u00dfnahmen wie ein \u00d6l-, ein \u00d6ldeckel- und ein Filterwechsel das Problem behoben?<\/h3>\n<p>Die Wirksamkeit der sehr umfangreichen und transparent kommunizierten freiwilligen Ma\u00dfnahmen zeigt sich klar. Zwar sind weiter Motorsch\u00e4den bei Lkw aufgetreten. Insgesamt aber ist keine signifikante Zunahme der Schadensereignisse erfolgt, wie sie bei zunehmender Laufleistung und steigendem Fahrzeugalter, ohne die bereits seit Ende 2022 eingeleiteten Ma\u00dfnahmen zu erwarten gewesen w\u00e4re.<\/p>\n<h3>Haben Sie die \u00d6lwechselintervalle verk\u00fcrzt?<\/h3>\n<p>Bei den Fahrzeugen, die bisher im Rahmen der seit Ende 2022 laufenden Aktionen in der Werkstatt waren, wurde in jedem Fall der \u00d6lfilterdeckel getauscht, weil es an diesen durch \u00fcberm\u00e4\u00dfig gealtertes \u00d6l zu Besch\u00e4digungen kommen kann. Dar\u00fcber hinaus wurde gegebenenfalls das Wartungsintervall je nach Einsatzschwere angepasst und, wo aufgrund unserer Analysen angezeigt, in einigen F\u00e4llen auch weitergehende Ma\u00dfnahmen ergriffen.<\/p>\n<h3>Kann man konstruktive M\u00e4ngel oder Materialm\u00e4ngel an Motorenkomponenten (Pleuel) ausschlie\u00dfen?<\/h3>\n<p>Die genannten Fahrzeugtypen der Baujahre 11\/2016 bis 08\/2019 wurden aufgrund regulatorischer Vorgaben mit <strong>bleifreien Lagern<\/strong> ausger\u00fcstet. Diese sind empfindlicher gegen Verunreinigungen und \u00d6lalterung. Bei Nichteinhaltung der Wartungstermine und der vorgesehenen Werkstattaktionen kann es nach einer l\u00e4ngeren Laufleistung (in der Regel zwischen 400.000 und 500.000 Kilometer) zu Motorsch\u00e4den kommen. Schadensf\u00e4lle k\u00f6nnen insbesondere dort auftreten, wo es zu einer \u00fcberm\u00e4\u00dfigen Alterung und Verschmutzung des Motor\u00f6ls und dadurch zu gesch\u00e4digten \u00d6lfilterbauteilen kommt \u2013 etwa durch Nicht-Einhaltung von Wartungsintervallen beziehungsweise nicht fachgerecht ausgef\u00fchrten Wartungsarbeiten.<\/p>\n<p>Weitere Gr\u00fcnde f\u00fcr solche Schadensf\u00e4lle k\u00f6nnen sein: besondere Betriebsbedingungen und hier insbesondere eine \u00dcberdrehzahl, Eindringen von (K\u00fchl-)Wasser ins Motor\u00f6l, Motortuning, Verwendung nicht freigegebener Motor\u00f6le sowie deren Vermischung und die Verwendung von Wartungsteilen wie Motor\u00f6lfilter, Luft- und Dieselfilter, die nicht den Herstellervorgaben entsprechen. Werden alle f\u00fcr diese Motorentypen vorgesehenen Service- und \u00d6lwechsel-Termine fristgerecht eingehalten, sieht MAN keine auff\u00e4lligen H\u00e4ufungen von Motorsch\u00e4den, sondern eine sehr hohe Robustheit \u00fcber alle Motorbaureihen mit Laufleistungen von teilweise weit \u00fcber einer Million Kilometern.<\/p>\n<h3>Welche weiteren Ma\u00dfnahmen stehen zus\u00e4tzlich im Raum? Was raten sie den Speditionen und den Nfz-Werkst\u00e4tten, die die entsprechenden Fahrzeuge bewegen?<\/h3>\n<p>Wir setzen weiter darauf, die Kunden, die sich noch nicht an den f\u00fcr Ihre Fahrzeuge vorgesehenen Ma\u00dfnahmen beteiligt haben, proaktiv anzuschreiben und dar\u00fcber hinaus alle Kunden wiederholt und deutlich durch weitere Anschreiben \u00fcber die Wichtigkeit der Einhaltung von Wartungs- und \u00d6lwechselintervallen zu informieren und daf\u00fcr zu sensibilisieren, fahrzeugseitigen Wartungs- und Warnhinweisen unbedingt Folge zu leisten. Ebenso raten wir dazu, von unserem kostenlosen Angebot MAN ServiceCare zur proaktiven Wartungsplanung Gebrauch zu machen.<\/p>\n<h3>Zeigt sich MAN bei entsprechenden Sch\u00e4den am Pleuel \/ gar Brand kulant? Wie sieht die Kulanz aus?<\/h3>\n<p>Motorschadensereignisse dieser Art werden auf Grundlage der uns vorliegenden Informationen gemeinsam mit Sachverst\u00e4ndigen und in engem Austausch mit den Kunden analysiert. Bitte haben Sie Verst\u00e4ndnis daf\u00fcr, dass jeder Fall individuell zu beurteilen ist und wir deshalb keine pauschalg\u00fcltigen Aussagen zu gegebenenfalls erfolgenden Kulanzregelungen machen.<\/p>\n<h3>Fazit<\/h3>\n<p>Letztendlich darf man gespannt sein, wie sich die Thematik bei MAN weiterentwickelt. Bleifreie Lager (so auch Gleitlager f\u00fcr die Lagerung der Pleuel), sind bereits seit Juli 2005 EU-weit Plicht. Entsprechende Erfahrungswerte sollten also vorhanden sein. Tats\u00e4chlich wiesen Lager mit Bleianteil bessere Notlaufeigenschaften auf, moderne Motoren\u00f6le k\u00f6nnen dies aber aufgrund ihrer Additiv-Formulierung ein st\u00fcckweit kompensieren. Nat\u00fcrlich muss man generell auf die Einhaltung von Service-Intervallen achten und darf nur vom Hersteller freigegebenes Motor\u00f6l verwenden.<\/p>\n<p>Letztendlich bleibt zu hoffen, das es nicht zu weiteren Motorsch\u00e4den oder gar Br\u00e4nden der betroffenen Fahrzeuge kommt und die Bem\u00fchungen von MAN Fr\u00fcchte tragen.<\/p>\n\r\n\t\t\t\t<div class=\"post-author\">\r\n\t\t\t\t\t<div class=\"khm-cp-author clearfix\">\r\n\t\t\t\t\t\t<div class=\"khm-cp-author__content\">\r\n\t\t\t\t\t\t\t\tKontakt zum Autor:<br \/>\r\n\t\t\t\t\t\t\t\t<strong>Georg Blenk<\/strong>, 08247 \/ 3007-45 |  <a href=\"mailto:georg.blenk@krafthand-medien.de\">georg.blenk@krafthand-medien.de<\/a>\r\n\t\t\t\t\t\t\t<div class=\"khm-cp-author__image\">\r\n\t\t\t\t\t\t<img src=\"https:\/\/static.krafthand-truck.de\/uploads\/2021\/01\/Blenk_6104-250x300-1-removebg-preview.png\" class=\"img-responsive\">\r\n\t\t\t\t\t<\/div>\r\n\t\t\t\t\t\t<\/div>\r\n\t\t\t\t\t<\/div>\r\n\t\t\t\t<\/div>\r\n\t\t\t\t","protected":false},"excerpt":{"rendered":"<p>Mehre Medien berichteten k\u00fcrzlich von erneut aufgetretenen Br\u00e4nden bei Lkw der Marke MAN. Es handelte sich um die Modelle TGX und TGS des Produktionszeitraums 1.10.2016 bis 30.9.2019. Bereits am 30.10.2024 gab es einen offiziellen R\u00fcckruf des KBA (R\u00fcckrufcode MAN: 7979TW, 8062TW). Betroffen waren weltweit 37.565 und deutschlandweit 12.693 Fahrzeuge. Wir haben bei MAN nach den Gr\u00fcnden gefragt. <span class=\"excerpt-more__dots\">&#8230;<\/span> <a class=\"excerpt-more__link\" href=\"https:\/\/www.krafthand.de\/truck\/artikel\/heisses-eisen-brandgefahr-bei-man-lkw-wir-haben-in-muenchen-nachgefragt-44024\/\" >weiter<\/a><\/p>\n","protected":false},"author":9,"featured_media":44116,"comment_status":"closed","ping_status":"closed","sticky":false,"template":"","format":"standard","meta":{"footnotes":""},"categories":[4223,4256,4235],"tags":[6329,5985,4994,6283,4698,700,6330,5983],"settings":[3524,4766,3523],"class_list":["post-44024","post","type-post","status-publish","format-standard","has-post-thumbnail","hentry","category-antrieb","category-sicherheit-arbeitsschutz","category-unternehmen","tag-brandgefahr","tag-fahrzeugbrand","tag-kba","tag-man-truckbus","tag-motorschaden","tag-oelfilter","tag-pleuel","tag-rueckruf"],"yoast_head":"<!-- This site is optimized with the Yoast SEO plugin v27.3 - https:\/\/yoast.com\/product\/yoast-seo-wordpress\/ -->\n<title>Hei\u00dfes Eisen: Brandgefahr bei MAN-Lkw (TGX\/TGS 2016-2019)? Wir haben in M\u00fcnchen den aktuellen Stand erfragt... - Krafthand-Truck<\/title>\n<meta name=\"description\" content=\"Vereinzelt kommt es zu Br\u00e4nden bei MAN Lkw der Baureihen TGX und TGS (Baujahr 2016-2019). Wir haben bei MAN nachgefragt.\" \/>\n<meta name=\"robots\" content=\"index, follow, max-snippet:-1, max-image-preview:large, max-video-preview:-1\" \/>\n<link rel=\"canonical\" href=\"https:\/\/www.krafthand.de\/truck\/artikel\/heisses-eisen-brandgefahr-bei-man-lkw-wir-haben-in-muenchen-nachgefragt-44024\/\" \/>\n<meta property=\"og:locale\" content=\"de_DE\" \/>\n<meta property=\"og:type\" content=\"article\" \/>\n<meta property=\"og:title\" content=\"Hei\u00dfes Eisen: Brandgefahr bei MAN-Lkw (TGX\/TGS 2016-2019)? Wir haben in M\u00fcnchen den aktuellen Stand erfragt... - Krafthand-Truck\" \/>\n<meta property=\"og:description\" content=\"Vereinzelt kommt es zu Br\u00e4nden bei MAN Lkw der Baureihen TGX und TGS (Baujahr 2016-2019). Wir haben bei MAN nachgefragt.\" \/>\n<meta property=\"og:url\" content=\"https:\/\/www.krafthand-truck.de\/artikel\/heisses-eisen-brandgefahr-bei-man-lkw-wir-haben-in-muenchen-nachgefragt-44024\/\" \/>\n<meta property=\"og:site_name\" content=\"Krafthand-Truck\" \/>\n<meta property=\"article:published_time\" content=\"2025-10-06T06:45:59+00:00\" \/>\n<meta property=\"article:modified_time\" content=\"2025-10-06T10:16:00+00:00\" \/>\n<meta property=\"og:image\" content=\"https:\/\/static.krafthand-truck.de\/uploads\/2025\/09\/MAN_Fahrzeugbrand_Motoroel_Pleuel_TGX_TGS_Illu.jpg\" \/>\n\t<meta property=\"og:image:width\" content=\"1200\" \/>\n\t<meta property=\"og:image:height\" content=\"577\" \/>\n\t<meta property=\"og:image:type\" content=\"image\/jpeg\" \/>\n<meta name=\"author\" content=\"georg.blenk@krafthand-medien.de\" \/>\n<meta name=\"twitter:card\" content=\"summary_large_image\" \/>\n<meta name=\"twitter:label1\" content=\"Verfasst von\" \/>\n\t<meta name=\"twitter:data1\" content=\"georg.blenk@krafthand-medien.de\" \/>\n\t<meta name=\"twitter:label2\" content=\"Gesch\u00e4tzte Lesezeit\" \/>\n\t<meta name=\"twitter:data2\" content=\"5\u00a0Minuten\" \/>\n<script type=\"application\/ld+json\" class=\"yoast-schema-graph\">{\"@context\":\"https:\\\/\\\/schema.org\",\"@graph\":[{\"@type\":\"Article\",\"@id\":\"https:\\\/\\\/www.krafthand.de\\\/truck\\\/artikel\\\/heisses-eisen-brandgefahr-bei-man-lkw-wir-haben-in-muenchen-nachgefragt-44024\\\/#article\",\"isPartOf\":{\"@id\":\"https:\\\/\\\/www.krafthand.de\\\/truck\\\/artikel\\\/heisses-eisen-brandgefahr-bei-man-lkw-wir-haben-in-muenchen-nachgefragt-44024\\\/\"},\"author\":{\"name\":\"georg.blenk@krafthand-medien.de\",\"@id\":\"https:\\\/\\\/www.krafthand.de\\\/truck\\\/#\\\/schema\\\/person\\\/51fa80b1c57034c4bf63f9f988fc24ce\"},\"headline\":\"Hei\u00dfes Eisen: Brandgefahr bei MAN-Lkw (TGX\\\/TGS 2016-2019)? Wir haben in M\u00fcnchen den aktuellen Stand erfragt&#8230;\",\"datePublished\":\"2025-10-06T06:45:59+00:00\",\"dateModified\":\"2025-10-06T10:16:00+00:00\",\"mainEntityOfPage\":{\"@id\":\"https:\\\/\\\/www.krafthand.de\\\/truck\\\/artikel\\\/heisses-eisen-brandgefahr-bei-man-lkw-wir-haben-in-muenchen-nachgefragt-44024\\\/\"},\"wordCount\":937,\"image\":{\"@id\":\"https:\\\/\\\/www.krafthand.de\\\/truck\\\/artikel\\\/heisses-eisen-brandgefahr-bei-man-lkw-wir-haben-in-muenchen-nachgefragt-44024\\\/#primaryimage\"},\"thumbnailUrl\":\"https:\\\/\\\/static.krafthand-truck.de\\\/uploads\\\/2025\\\/09\\\/MAN_Fahrzeugbrand_Motoroel_Pleuel_TGX_TGS_Illu.jpg\",\"keywords\":[\"Brandgefahr\",\"Fahrzeugbrand\",\"KBA\",\"MAN Truck+Bus\",\"Motorschaden\",\"\u00d6lfilter\",\"Pleuel\",\"R\u00fcckruf\"],\"articleSection\":[\"Antrieb (Motor\\\/Getriebe)\",\"Sicherheit\\\/Arbeitsschutz\",\"Unternehmen\"],\"inLanguage\":\"de\"},{\"@type\":\"WebPage\",\"@id\":\"https:\\\/\\\/www.krafthand.de\\\/truck\\\/artikel\\\/heisses-eisen-brandgefahr-bei-man-lkw-wir-haben-in-muenchen-nachgefragt-44024\\\/\",\"url\":\"https:\\\/\\\/www.krafthand.de\\\/truck\\\/artikel\\\/heisses-eisen-brandgefahr-bei-man-lkw-wir-haben-in-muenchen-nachgefragt-44024\\\/\",\"name\":\"Hei\u00dfes Eisen: Brandgefahr bei MAN-Lkw (TGX\\\/TGS 2016-2019)? Wir haben in M\u00fcnchen den aktuellen Stand erfragt... - Krafthand-Truck\",\"isPartOf\":{\"@id\":\"https:\\\/\\\/www.krafthand.de\\\/truck\\\/#website\"},\"primaryImageOfPage\":{\"@id\":\"https:\\\/\\\/www.krafthand.de\\\/truck\\\/artikel\\\/heisses-eisen-brandgefahr-bei-man-lkw-wir-haben-in-muenchen-nachgefragt-44024\\\/#primaryimage\"},\"image\":{\"@id\":\"https:\\\/\\\/www.krafthand.de\\\/truck\\\/artikel\\\/heisses-eisen-brandgefahr-bei-man-lkw-wir-haben-in-muenchen-nachgefragt-44024\\\/#primaryimage\"},\"thumbnailUrl\":\"https:\\\/\\\/static.krafthand-truck.de\\\/uploads\\\/2025\\\/09\\\/MAN_Fahrzeugbrand_Motoroel_Pleuel_TGX_TGS_Illu.jpg\",\"datePublished\":\"2025-10-06T06:45:59+00:00\",\"dateModified\":\"2025-10-06T10:16:00+00:00\",\"author\":{\"@id\":\"https:\\\/\\\/www.krafthand.de\\\/truck\\\/#\\\/schema\\\/person\\\/51fa80b1c57034c4bf63f9f988fc24ce\"},\"description\":\"Vereinzelt kommt es zu Br\u00e4nden bei MAN Lkw der Baureihen TGX und TGS (Baujahr 2016-2019). Wir haben bei MAN nachgefragt.\",\"breadcrumb\":{\"@id\":\"https:\\\/\\\/www.krafthand.de\\\/truck\\\/artikel\\\/heisses-eisen-brandgefahr-bei-man-lkw-wir-haben-in-muenchen-nachgefragt-44024\\\/#breadcrumb\"},\"inLanguage\":\"de\",\"potentialAction\":[{\"@type\":\"ReadAction\",\"target\":[\"https:\\\/\\\/www.krafthand.de\\\/truck\\\/artikel\\\/heisses-eisen-brandgefahr-bei-man-lkw-wir-haben-in-muenchen-nachgefragt-44024\\\/\"]}]},{\"@type\":\"ImageObject\",\"inLanguage\":\"de\",\"@id\":\"https:\\\/\\\/www.krafthand.de\\\/truck\\\/artikel\\\/heisses-eisen-brandgefahr-bei-man-lkw-wir-haben-in-muenchen-nachgefragt-44024\\\/#primaryimage\",\"url\":\"https:\\\/\\\/static.krafthand-truck.de\\\/uploads\\\/2025\\\/09\\\/MAN_Fahrzeugbrand_Motoroel_Pleuel_TGX_TGS_Illu.jpg\",\"contentUrl\":\"https:\\\/\\\/static.krafthand-truck.de\\\/uploads\\\/2025\\\/09\\\/MAN_Fahrzeugbrand_Motoroel_Pleuel_TGX_TGS_Illu.jpg\",\"width\":1200,\"height\":577},{\"@type\":\"BreadcrumbList\",\"@id\":\"https:\\\/\\\/www.krafthand.de\\\/truck\\\/artikel\\\/heisses-eisen-brandgefahr-bei-man-lkw-wir-haben-in-muenchen-nachgefragt-44024\\\/#breadcrumb\",\"itemListElement\":[{\"@type\":\"ListItem\",\"position\":1,\"name\":\"Krafthand-Truck\",\"item\":\"https:\\\/\\\/www.krafthand.de\\\/truck\\\/\"},{\"@type\":\"ListItem\",\"position\":2,\"name\":\"Nfz-Branche\",\"item\":\"https:\\\/\\\/www.krafthand.de\\\/truck\\\/kategorie\\\/branche\\\/\"},{\"@type\":\"ListItem\",\"position\":3,\"name\":\"Unternehmen\",\"item\":\"https:\\\/\\\/www.krafthand.de\\\/truck\\\/kategorie\\\/branche\\\/unternehmen\\\/\"},{\"@type\":\"ListItem\",\"position\":4,\"name\":\"Hei\u00dfes Eisen: Brandgefahr bei MAN-Lkw (TGX\\\/TGS 2016-2019)? Wir haben in M\u00fcnchen den aktuellen Stand erfragt&#8230;\"}]},{\"@type\":\"WebSite\",\"@id\":\"https:\\\/\\\/www.krafthand.de\\\/truck\\\/#website\",\"url\":\"https:\\\/\\\/www.krafthand.de\\\/truck\\\/\",\"name\":\"Krafthand-Truck\",\"description\":\"\",\"potentialAction\":[{\"@type\":\"SearchAction\",\"target\":{\"@type\":\"EntryPoint\",\"urlTemplate\":\"https:\\\/\\\/www.krafthand.de\\\/truck\\\/?s={search_term_string}\"},\"query-input\":{\"@type\":\"PropertyValueSpecification\",\"valueRequired\":true,\"valueName\":\"search_term_string\"}}],\"inLanguage\":\"de\"},{\"@type\":\"Person\",\"@id\":\"https:\\\/\\\/www.krafthand.de\\\/truck\\\/#\\\/schema\\\/person\\\/51fa80b1c57034c4bf63f9f988fc24ce\",\"name\":\"georg.blenk@krafthand-medien.de\",\"image\":{\"@type\":\"ImageObject\",\"inLanguage\":\"de\",\"@id\":\"https:\\\/\\\/secure.gravatar.com\\\/avatar\\\/93713c30affe0aa95d3a4130e499bb1abee2eb31adbdd9ce2aa1543538490215?s=96&d=mm&r=g\",\"url\":\"https:\\\/\\\/secure.gravatar.com\\\/avatar\\\/93713c30affe0aa95d3a4130e499bb1abee2eb31adbdd9ce2aa1543538490215?s=96&d=mm&r=g\",\"contentUrl\":\"https:\\\/\\\/secure.gravatar.com\\\/avatar\\\/93713c30affe0aa95d3a4130e499bb1abee2eb31adbdd9ce2aa1543538490215?s=96&d=mm&r=g\",\"caption\":\"georg.blenk@krafthand-medien.de\"}}]}<\/script>\n<!-- \/ Yoast SEO plugin. -->","yoast_head_json":{"title":"Hei\u00dfes Eisen: Brandgefahr bei MAN-Lkw (TGX\/TGS 2016-2019)? Wir haben in M\u00fcnchen den aktuellen Stand erfragt... - Krafthand-Truck","description":"Vereinzelt kommt es zu Br\u00e4nden bei MAN Lkw der Baureihen TGX und TGS (Baujahr 2016-2019). Wir haben bei MAN nachgefragt.","robots":{"index":"index","follow":"follow","max-snippet":"max-snippet:-1","max-image-preview":"max-image-preview:large","max-video-preview":"max-video-preview:-1"},"canonical":"https:\/\/www.krafthand.de\/truck\/artikel\/heisses-eisen-brandgefahr-bei-man-lkw-wir-haben-in-muenchen-nachgefragt-44024\/","og_locale":"de_DE","og_type":"article","og_title":"Hei\u00dfes Eisen: Brandgefahr bei MAN-Lkw (TGX\/TGS 2016-2019)? Wir haben in M\u00fcnchen den aktuellen Stand erfragt... - Krafthand-Truck","og_description":"Vereinzelt kommt es zu Br\u00e4nden bei MAN Lkw der Baureihen TGX und TGS (Baujahr 2016-2019). Wir haben bei MAN nachgefragt.","og_url":"https:\/\/www.krafthand-truck.de\/artikel\/heisses-eisen-brandgefahr-bei-man-lkw-wir-haben-in-muenchen-nachgefragt-44024\/","og_site_name":"Krafthand-Truck","article_published_time":"2025-10-06T06:45:59+00:00","article_modified_time":"2025-10-06T10:16:00+00:00","og_image":[{"width":1200,"height":577,"url":"https:\/\/static.krafthand-truck.de\/uploads\/2025\/09\/MAN_Fahrzeugbrand_Motoroel_Pleuel_TGX_TGS_Illu.jpg","type":"image\/jpeg"}],"author":"georg.blenk@krafthand-medien.de","twitter_card":"summary_large_image","twitter_misc":{"Verfasst von":"georg.blenk@krafthand-medien.de","Gesch\u00e4tzte Lesezeit":"5\u00a0Minuten"},"schema":{"@context":"https:\/\/schema.org","@graph":[{"@type":"Article","@id":"https:\/\/www.krafthand.de\/truck\/artikel\/heisses-eisen-brandgefahr-bei-man-lkw-wir-haben-in-muenchen-nachgefragt-44024\/#article","isPartOf":{"@id":"https:\/\/www.krafthand.de\/truck\/artikel\/heisses-eisen-brandgefahr-bei-man-lkw-wir-haben-in-muenchen-nachgefragt-44024\/"},"author":{"name":"georg.blenk@krafthand-medien.de","@id":"https:\/\/www.krafthand.de\/truck\/#\/schema\/person\/51fa80b1c57034c4bf63f9f988fc24ce"},"headline":"Hei\u00dfes Eisen: Brandgefahr bei MAN-Lkw (TGX\/TGS 2016-2019)? Wir haben in M\u00fcnchen den aktuellen Stand erfragt&#8230;","datePublished":"2025-10-06T06:45:59+00:00","dateModified":"2025-10-06T10:16:00+00:00","mainEntityOfPage":{"@id":"https:\/\/www.krafthand.de\/truck\/artikel\/heisses-eisen-brandgefahr-bei-man-lkw-wir-haben-in-muenchen-nachgefragt-44024\/"},"wordCount":937,"image":{"@id":"https:\/\/www.krafthand.de\/truck\/artikel\/heisses-eisen-brandgefahr-bei-man-lkw-wir-haben-in-muenchen-nachgefragt-44024\/#primaryimage"},"thumbnailUrl":"https:\/\/static.krafthand-truck.de\/uploads\/2025\/09\/MAN_Fahrzeugbrand_Motoroel_Pleuel_TGX_TGS_Illu.jpg","keywords":["Brandgefahr","Fahrzeugbrand","KBA","MAN Truck+Bus","Motorschaden","\u00d6lfilter","Pleuel","R\u00fcckruf"],"articleSection":["Antrieb (Motor\/Getriebe)","Sicherheit\/Arbeitsschutz","Unternehmen"],"inLanguage":"de"},{"@type":"WebPage","@id":"https:\/\/www.krafthand.de\/truck\/artikel\/heisses-eisen-brandgefahr-bei-man-lkw-wir-haben-in-muenchen-nachgefragt-44024\/","url":"https:\/\/www.krafthand.de\/truck\/artikel\/heisses-eisen-brandgefahr-bei-man-lkw-wir-haben-in-muenchen-nachgefragt-44024\/","name":"Hei\u00dfes Eisen: Brandgefahr bei MAN-Lkw (TGX\/TGS 2016-2019)? Wir haben in M\u00fcnchen den aktuellen Stand erfragt... - Krafthand-Truck","isPartOf":{"@id":"https:\/\/www.krafthand.de\/truck\/#website"},"primaryImageOfPage":{"@id":"https:\/\/www.krafthand.de\/truck\/artikel\/heisses-eisen-brandgefahr-bei-man-lkw-wir-haben-in-muenchen-nachgefragt-44024\/#primaryimage"},"image":{"@id":"https:\/\/www.krafthand.de\/truck\/artikel\/heisses-eisen-brandgefahr-bei-man-lkw-wir-haben-in-muenchen-nachgefragt-44024\/#primaryimage"},"thumbnailUrl":"https:\/\/static.krafthand-truck.de\/uploads\/2025\/09\/MAN_Fahrzeugbrand_Motoroel_Pleuel_TGX_TGS_Illu.jpg","datePublished":"2025-10-06T06:45:59+00:00","dateModified":"2025-10-06T10:16:00+00:00","author":{"@id":"https:\/\/www.krafthand.de\/truck\/#\/schema\/person\/51fa80b1c57034c4bf63f9f988fc24ce"},"description":"Vereinzelt kommt es zu Br\u00e4nden bei MAN Lkw der Baureihen TGX und TGS (Baujahr 2016-2019). Wir haben bei MAN nachgefragt.","breadcrumb":{"@id":"https:\/\/www.krafthand.de\/truck\/artikel\/heisses-eisen-brandgefahr-bei-man-lkw-wir-haben-in-muenchen-nachgefragt-44024\/#breadcrumb"},"inLanguage":"de","potentialAction":[{"@type":"ReadAction","target":["https:\/\/www.krafthand.de\/truck\/artikel\/heisses-eisen-brandgefahr-bei-man-lkw-wir-haben-in-muenchen-nachgefragt-44024\/"]}]},{"@type":"ImageObject","inLanguage":"de","@id":"https:\/\/www.krafthand.de\/truck\/artikel\/heisses-eisen-brandgefahr-bei-man-lkw-wir-haben-in-muenchen-nachgefragt-44024\/#primaryimage","url":"https:\/\/static.krafthand-truck.de\/uploads\/2025\/09\/MAN_Fahrzeugbrand_Motoroel_Pleuel_TGX_TGS_Illu.jpg","contentUrl":"https:\/\/static.krafthand-truck.de\/uploads\/2025\/09\/MAN_Fahrzeugbrand_Motoroel_Pleuel_TGX_TGS_Illu.jpg","width":1200,"height":577},{"@type":"BreadcrumbList","@id":"https:\/\/www.krafthand.de\/truck\/artikel\/heisses-eisen-brandgefahr-bei-man-lkw-wir-haben-in-muenchen-nachgefragt-44024\/#breadcrumb","itemListElement":[{"@type":"ListItem","position":1,"name":"Krafthand-Truck","item":"https:\/\/www.krafthand.de\/truck\/"},{"@type":"ListItem","position":2,"name":"Nfz-Branche","item":"https:\/\/www.krafthand.de\/truck\/kategorie\/branche\/"},{"@type":"ListItem","position":3,"name":"Unternehmen","item":"https:\/\/www.krafthand.de\/truck\/kategorie\/branche\/unternehmen\/"},{"@type":"ListItem","position":4,"name":"Hei\u00dfes Eisen: Brandgefahr bei MAN-Lkw (TGX\/TGS 2016-2019)? Wir haben in M\u00fcnchen den aktuellen Stand erfragt&#8230;"}]},{"@type":"WebSite","@id":"https:\/\/www.krafthand.de\/truck\/#website","url":"https:\/\/www.krafthand.de\/truck\/","name":"Krafthand-Truck","description":"","potentialAction":[{"@type":"SearchAction","target":{"@type":"EntryPoint","urlTemplate":"https:\/\/www.krafthand.de\/truck\/?s={search_term_string}"},"query-input":{"@type":"PropertyValueSpecification","valueRequired":true,"valueName":"search_term_string"}}],"inLanguage":"de"},{"@type":"Person","@id":"https:\/\/www.krafthand.de\/truck\/#\/schema\/person\/51fa80b1c57034c4bf63f9f988fc24ce","name":"georg.blenk@krafthand-medien.de","image":{"@type":"ImageObject","inLanguage":"de","@id":"https:\/\/secure.gravatar.com\/avatar\/93713c30affe0aa95d3a4130e499bb1abee2eb31adbdd9ce2aa1543538490215?s=96&d=mm&r=g","url":"https:\/\/secure.gravatar.com\/avatar\/93713c30affe0aa95d3a4130e499bb1abee2eb31adbdd9ce2aa1543538490215?s=96&d=mm&r=g","contentUrl":"https:\/\/secure.gravatar.com\/avatar\/93713c30affe0aa95d3a4130e499bb1abee2eb31adbdd9ce2aa1543538490215?s=96&d=mm&r=g","caption":"georg.blenk@krafthand-medien.de"}}]}},"_links":{"self":[{"href":"https:\/\/www.krafthand.de\/truck\/wp-json\/wp\/v2\/posts\/44024","targetHints":{"allow":["GET"]}}],"collection":[{"href":"https:\/\/www.krafthand.de\/truck\/wp-json\/wp\/v2\/posts"}],"about":[{"href":"https:\/\/www.krafthand.de\/truck\/wp-json\/wp\/v2\/types\/post"}],"author":[{"embeddable":true,"href":"https:\/\/www.krafthand.de\/truck\/wp-json\/wp\/v2\/users\/9"}],"replies":[{"embeddable":true,"href":"https:\/\/www.krafthand.de\/truck\/wp-json\/wp\/v2\/comments?post=44024"}],"version-history":[{"count":36,"href":"https:\/\/www.krafthand.de\/truck\/wp-json\/wp\/v2\/posts\/44024\/revisions"}],"predecessor-version":[{"id":44121,"href":"https:\/\/www.krafthand.de\/truck\/wp-json\/wp\/v2\/posts\/44024\/revisions\/44121"}],"wp:featuredmedia":[{"embeddable":true,"href":"https:\/\/www.krafthand.de\/truck\/wp-json\/wp\/v2\/media\/44116"}],"wp:attachment":[{"href":"https:\/\/www.krafthand.de\/truck\/wp-json\/wp\/v2\/media?parent=44024"}],"wp:term":[{"taxonomy":"category","embeddable":true,"href":"https:\/\/www.krafthand.de\/truck\/wp-json\/wp\/v2\/categories?post=44024"},{"taxonomy":"post_tag","embeddable":true,"href":"https:\/\/www.krafthand.de\/truck\/wp-json\/wp\/v2\/tags?post=44024"},{"taxonomy":"settings","embeddable":true,"href":"https:\/\/www.krafthand.de\/truck\/wp-json\/wp\/v2\/settings?post=44024"}],"curies":[{"name":"wp","href":"https:\/\/api.w.org\/{rel}","templated":true}]}}