{"id":44017,"date":"2025-09-25T10:50:21","date_gmt":"2025-09-25T08:50:21","guid":{"rendered":"https:\/\/www.krafthand.de\/truck\/?p=44017"},"modified":"2025-10-06T08:03:43","modified_gmt":"2025-10-06T06:03:43","slug":"niso-tech-mit-neuem-produktkatalog-auf-der-nufam","status":"publish","type":"post","link":"https:\/\/www.krafthand.de\/truck\/artikel\/niso-tech-mit-neuem-produktkatalog-auf-der-nufam-44017\/","title":{"rendered":"NISO Tech mit neuem Produktkatalog auf der NUFAM"},"content":{"rendered":"<p>Der Spezialist f\u00fcr Reifenmontage, Reparatur und Zubeh\u00f6r <a href=\"https:\/\/nisotech.de\" target=\"_blank\" rel=\"noopener\">NISO TECH<\/a>, stellte auf der NUFAM 2025 neben seinem Portfolio auch den neuen Produktkatlog 2025 vor.<\/p>\n<p>Der Katalog zeigt auf 60 Seiten \u00fcbersichtlich das Portfolio des Unternehmens. Neben der &#8217;safety seal&#8216; Reifenreparatur, dem Easy Balance Reifenwuchtpulver und den Radmuttersicherungen, beinhaltet der Katalog alles rund um Rad und Reifen f\u00fcr Lkw, EM und AGRAR. Unter anderem auch neue Haken f\u00fcr den Zughammer und viele weitere Spezialwerkzeuge, die im t\u00e4glichen Einsatz bei der Reifenmontage ben\u00f6tigt werden.<\/p>\n<p>Den neuen NISO TECH-Katalog finden sie auch <a href=\"https:\/\/www.nisotech.de\/LKW-RH\" target=\"_blank\" rel=\"noopener\">hier<\/a>.<\/p>\n","protected":false},"excerpt":{"rendered":"<p>Der Spezialist f\u00fcr Reifenmontage, Reparatur und Zubeh\u00f6r NISO TECH, stellt auf der NUFAM 2025 neben seinem Portfolio auch den neuen Produktkatlog 2025 vor. Auf der Messe ist das Unternehmen mit Sitz in Essen in der dm-arena, Stand E404 zu finden. <span class=\"excerpt-more__dots\">&#8230;<\/span> <a class=\"excerpt-more__link\" href=\"https:\/\/www.krafthand.de\/truck\/artikel\/niso-tech-mit-neuem-produktkatalog-auf-der-nufam-44017\/\" >weiter<\/a><\/p>\n","protected":false},"author":9,"featured_media":44019,"comment_status":"closed","ping_status":"closed","sticky":false,"template":"","format":"standard","meta":{"footnotes":""},"categories":[4227,4220],"tags":[5809,4429,5103],"settings":[4766,3523],"class_list":["post-44017","post","type-post","status-publish","format-standard","has-post-thumbnail","hentry","category-rad-reifen-bremse","category-werkstattausruestung","tag-niso-tech","tag-reifenmontage","tag-reifenreparatur"],"yoast_head":"<!-- This site is optimized with the Yoast SEO plugin v27.3 - https:\/\/yoast.com\/product\/yoast-seo-wordpress\/ -->\n<title>NISO Tech mit neuem Produktkatalog auf der NUFAM - Krafthand-Truck<\/title>\n<meta name=\"description\" content=\"NISO TECH stellt auf der NUFAM 2025 neben seinem Portfolio auch den neuen Produktkatlog 2025 vor.\" \/>\n<meta name=\"robots\" content=\"index, follow, max-snippet:-1, max-image-preview:large, max-video-preview:-1\" \/>\n<link rel=\"canonical\" href=\"https:\/\/www.krafthand.de\/truck\/artikel\/niso-tech-mit-neuem-produktkatalog-auf-der-nufam-44017\/\" \/>\n<meta property=\"og:locale\" content=\"de_DE\" \/>\n<meta property=\"og:type\" content=\"article\" \/>\n<meta property=\"og:title\" content=\"NISO Tech mit neuem Produktkatalog auf der NUFAM - Krafthand-Truck\" \/>\n<meta property=\"og:description\" content=\"NISO TECH stellt auf der NUFAM 2025 neben seinem Portfolio auch den neuen Produktkatlog 2025 vor.\" \/>\n<meta property=\"og:url\" content=\"https:\/\/www.krafthand-truck.de\/artikel\/niso-tech-mit-neuem-produktkatalog-auf-der-nufam-44017\/\" \/>\n<meta property=\"og:site_name\" content=\"Krafthand-Truck\" \/>\n<meta property=\"article:published_time\" content=\"2025-09-25T08:50:21+00:00\" \/>\n<meta property=\"article:modified_time\" content=\"2025-10-06T06:03:43+00:00\" \/>\n<meta property=\"og:image\" content=\"https:\/\/static.krafthand-truck.de\/uploads\/2025\/09\/Nisotech_Lkw_Katalog_2025_Reifendienst.jpg\" \/>\n\t<meta property=\"og:image:width\" content=\"674\" \/>\n\t<meta property=\"og:image:height\" content=\"454\" \/>\n\t<meta property=\"og:image:type\" content=\"image\/jpeg\" \/>\n<meta name=\"author\" content=\"georg.blenk@krafthand-medien.de\" \/>\n<meta name=\"twitter:card\" content=\"summary_large_image\" \/>\n<meta name=\"twitter:label1\" content=\"Verfasst von\" \/>\n\t<meta name=\"twitter:data1\" content=\"georg.blenk@krafthand-medien.de\" \/>\n\t<meta name=\"twitter:label2\" content=\"Gesch\u00e4tzte Lesezeit\" \/>\n\t<meta name=\"twitter:data2\" content=\"1\u00a0Minute\" \/>\n<script type=\"application\/ld+json\" class=\"yoast-schema-graph\">{\"@context\":\"https:\\\/\\\/schema.org\",\"@graph\":[{\"@type\":\"Article\",\"@id\":\"https:\\\/\\\/www.krafthand.de\\\/truck\\\/artikel\\\/niso-tech-mit-neuem-produktkatalog-auf-der-nufam-44017\\\/#article\",\"isPartOf\":{\"@id\":\"https:\\\/\\\/www.krafthand.de\\\/truck\\\/artikel\\\/niso-tech-mit-neuem-produktkatalog-auf-der-nufam-44017\\\/\"},\"author\":{\"name\":\"georg.blenk@krafthand-medien.de\",\"@id\":\"https:\\\/\\\/www.krafthand.de\\\/truck\\\/#\\\/schema\\\/person\\\/51fa80b1c57034c4bf63f9f988fc24ce\"},\"headline\":\"NISO Tech mit neuem Produktkatalog auf der NUFAM\",\"datePublished\":\"2025-09-25T08:50:21+00:00\",\"dateModified\":\"2025-10-06T06:03:43+00:00\",\"mainEntityOfPage\":{\"@id\":\"https:\\\/\\\/www.krafthand.de\\\/truck\\\/artikel\\\/niso-tech-mit-neuem-produktkatalog-auf-der-nufam-44017\\\/\"},\"wordCount\":100,\"image\":{\"@id\":\"https:\\\/\\\/www.krafthand.de\\\/truck\\\/artikel\\\/niso-tech-mit-neuem-produktkatalog-auf-der-nufam-44017\\\/#primaryimage\"},\"thumbnailUrl\":\"https:\\\/\\\/static.krafthand-truck.de\\\/uploads\\\/2025\\\/09\\\/Nisotech_Lkw_Katalog_2025_Reifendienst.jpg\",\"keywords\":[\"Niso-Tech\",\"Reifenmontage\",\"Reifenreparatur\"],\"articleSection\":[\"Rad\\\/Reifen\\\/Bremse\",\"Werkstattausr\u00fcstung\"],\"inLanguage\":\"de\"},{\"@type\":\"WebPage\",\"@id\":\"https:\\\/\\\/www.krafthand.de\\\/truck\\\/artikel\\\/niso-tech-mit-neuem-produktkatalog-auf-der-nufam-44017\\\/\",\"url\":\"https:\\\/\\\/www.krafthand.de\\\/truck\\\/artikel\\\/niso-tech-mit-neuem-produktkatalog-auf-der-nufam-44017\\\/\",\"name\":\"NISO Tech mit neuem Produktkatalog auf der NUFAM - Krafthand-Truck\",\"isPartOf\":{\"@id\":\"https:\\\/\\\/www.krafthand.de\\\/truck\\\/#website\"},\"primaryImageOfPage\":{\"@id\":\"https:\\\/\\\/www.krafthand.de\\\/truck\\\/artikel\\\/niso-tech-mit-neuem-produktkatalog-auf-der-nufam-44017\\\/#primaryimage\"},\"image\":{\"@id\":\"https:\\\/\\\/www.krafthand.de\\\/truck\\\/artikel\\\/niso-tech-mit-neuem-produktkatalog-auf-der-nufam-44017\\\/#primaryimage\"},\"thumbnailUrl\":\"https:\\\/\\\/static.krafthand-truck.de\\\/uploads\\\/2025\\\/09\\\/Nisotech_Lkw_Katalog_2025_Reifendienst.jpg\",\"datePublished\":\"2025-09-25T08:50:21+00:00\",\"dateModified\":\"2025-10-06T06:03:43+00:00\",\"author\":{\"@id\":\"https:\\\/\\\/www.krafthand.de\\\/truck\\\/#\\\/schema\\\/person\\\/51fa80b1c57034c4bf63f9f988fc24ce\"},\"description\":\"NISO TECH stellt auf der NUFAM 2025 neben seinem Portfolio auch den neuen Produktkatlog 2025 vor.\",\"breadcrumb\":{\"@id\":\"https:\\\/\\\/www.krafthand.de\\\/truck\\\/artikel\\\/niso-tech-mit-neuem-produktkatalog-auf-der-nufam-44017\\\/#breadcrumb\"},\"inLanguage\":\"de\",\"potentialAction\":[{\"@type\":\"ReadAction\",\"target\":[\"https:\\\/\\\/www.krafthand.de\\\/truck\\\/artikel\\\/niso-tech-mit-neuem-produktkatalog-auf-der-nufam-44017\\\/\"]}]},{\"@type\":\"ImageObject\",\"inLanguage\":\"de\",\"@id\":\"https:\\\/\\\/www.krafthand.de\\\/truck\\\/artikel\\\/niso-tech-mit-neuem-produktkatalog-auf-der-nufam-44017\\\/#primaryimage\",\"url\":\"https:\\\/\\\/static.krafthand-truck.de\\\/uploads\\\/2025\\\/09\\\/Nisotech_Lkw_Katalog_2025_Reifendienst.jpg\",\"contentUrl\":\"https:\\\/\\\/static.krafthand-truck.de\\\/uploads\\\/2025\\\/09\\\/Nisotech_Lkw_Katalog_2025_Reifendienst.jpg\",\"width\":674,\"height\":454},{\"@type\":\"BreadcrumbList\",\"@id\":\"https:\\\/\\\/www.krafthand.de\\\/truck\\\/artikel\\\/niso-tech-mit-neuem-produktkatalog-auf-der-nufam-44017\\\/#breadcrumb\",\"itemListElement\":[{\"@type\":\"ListItem\",\"position\":1,\"name\":\"Krafthand-Truck\",\"item\":\"https:\\\/\\\/www.krafthand.de\\\/truck\\\/\"},{\"@type\":\"ListItem\",\"position\":2,\"name\":\"Nfz-Service\",\"item\":\"https:\\\/\\\/www.krafthand.de\\\/truck\\\/kategorie\\\/nfz-service\\\/\"},{\"@type\":\"ListItem\",\"position\":3,\"name\":\"Werkstattausr\u00fcstung\",\"item\":\"https:\\\/\\\/www.krafthand.de\\\/truck\\\/kategorie\\\/nfz-service\\\/werkstattausruestung\\\/\"},{\"@type\":\"ListItem\",\"position\":4,\"name\":\"NISO Tech mit neuem Produktkatalog auf der NUFAM\"}]},{\"@type\":\"WebSite\",\"@id\":\"https:\\\/\\\/www.krafthand.de\\\/truck\\\/#website\",\"url\":\"https:\\\/\\\/www.krafthand.de\\\/truck\\\/\",\"name\":\"Krafthand-Truck\",\"description\":\"\",\"potentialAction\":[{\"@type\":\"SearchAction\",\"target\":{\"@type\":\"EntryPoint\",\"urlTemplate\":\"https:\\\/\\\/www.krafthand.de\\\/truck\\\/?s={search_term_string}\"},\"query-input\":{\"@type\":\"PropertyValueSpecification\",\"valueRequired\":true,\"valueName\":\"search_term_string\"}}],\"inLanguage\":\"de\"},{\"@type\":\"Person\",\"@id\":\"https:\\\/\\\/www.krafthand.de\\\/truck\\\/#\\\/schema\\\/person\\\/51fa80b1c57034c4bf63f9f988fc24ce\",\"name\":\"georg.blenk@krafthand-medien.de\",\"image\":{\"@type\":\"ImageObject\",\"inLanguage\":\"de\",\"@id\":\"https:\\\/\\\/secure.gravatar.com\\\/avatar\\\/93713c30affe0aa95d3a4130e499bb1abee2eb31adbdd9ce2aa1543538490215?s=96&d=mm&r=g\",\"url\":\"https:\\\/\\\/secure.gravatar.com\\\/avatar\\\/93713c30affe0aa95d3a4130e499bb1abee2eb31adbdd9ce2aa1543538490215?s=96&d=mm&r=g\",\"contentUrl\":\"https:\\\/\\\/secure.gravatar.com\\\/avatar\\\/93713c30affe0aa95d3a4130e499bb1abee2eb31adbdd9ce2aa1543538490215?s=96&d=mm&r=g\",\"caption\":\"georg.blenk@krafthand-medien.de\"}}]}<\/script>\n<!-- \/ Yoast SEO plugin. -->","yoast_head_json":{"title":"NISO Tech mit neuem Produktkatalog auf der NUFAM - Krafthand-Truck","description":"NISO TECH stellt auf der NUFAM 2025 neben seinem Portfolio auch den neuen Produktkatlog 2025 vor.","robots":{"index":"index","follow":"follow","max-snippet":"max-snippet:-1","max-image-preview":"max-image-preview:large","max-video-preview":"max-video-preview:-1"},"canonical":"https:\/\/www.krafthand.de\/truck\/artikel\/niso-tech-mit-neuem-produktkatalog-auf-der-nufam-44017\/","og_locale":"de_DE","og_type":"article","og_title":"NISO Tech mit neuem Produktkatalog auf der NUFAM - Krafthand-Truck","og_description":"NISO TECH stellt auf der NUFAM 2025 neben seinem Portfolio auch den neuen Produktkatlog 2025 vor.","og_url":"https:\/\/www.krafthand-truck.de\/artikel\/niso-tech-mit-neuem-produktkatalog-auf-der-nufam-44017\/","og_site_name":"Krafthand-Truck","article_published_time":"2025-09-25T08:50:21+00:00","article_modified_time":"2025-10-06T06:03:43+00:00","og_image":[{"width":674,"height":454,"url":"https:\/\/static.krafthand-truck.de\/uploads\/2025\/09\/Nisotech_Lkw_Katalog_2025_Reifendienst.jpg","type":"image\/jpeg"}],"author":"georg.blenk@krafthand-medien.de","twitter_card":"summary_large_image","twitter_misc":{"Verfasst von":"georg.blenk@krafthand-medien.de","Gesch\u00e4tzte Lesezeit":"1\u00a0Minute"},"schema":{"@context":"https:\/\/schema.org","@graph":[{"@type":"Article","@id":"https:\/\/www.krafthand.de\/truck\/artikel\/niso-tech-mit-neuem-produktkatalog-auf-der-nufam-44017\/#article","isPartOf":{"@id":"https:\/\/www.krafthand.de\/truck\/artikel\/niso-tech-mit-neuem-produktkatalog-auf-der-nufam-44017\/"},"author":{"name":"georg.blenk@krafthand-medien.de","@id":"https:\/\/www.krafthand.de\/truck\/#\/schema\/person\/51fa80b1c57034c4bf63f9f988fc24ce"},"headline":"NISO Tech mit neuem Produktkatalog auf der NUFAM","datePublished":"2025-09-25T08:50:21+00:00","dateModified":"2025-10-06T06:03:43+00:00","mainEntityOfPage":{"@id":"https:\/\/www.krafthand.de\/truck\/artikel\/niso-tech-mit-neuem-produktkatalog-auf-der-nufam-44017\/"},"wordCount":100,"image":{"@id":"https:\/\/www.krafthand.de\/truck\/artikel\/niso-tech-mit-neuem-produktkatalog-auf-der-nufam-44017\/#primaryimage"},"thumbnailUrl":"https:\/\/static.krafthand-truck.de\/uploads\/2025\/09\/Nisotech_Lkw_Katalog_2025_Reifendienst.jpg","keywords":["Niso-Tech","Reifenmontage","Reifenreparatur"],"articleSection":["Rad\/Reifen\/Bremse","Werkstattausr\u00fcstung"],"inLanguage":"de"},{"@type":"WebPage","@id":"https:\/\/www.krafthand.de\/truck\/artikel\/niso-tech-mit-neuem-produktkatalog-auf-der-nufam-44017\/","url":"https:\/\/www.krafthand.de\/truck\/artikel\/niso-tech-mit-neuem-produktkatalog-auf-der-nufam-44017\/","name":"NISO Tech mit neuem Produktkatalog auf der NUFAM - Krafthand-Truck","isPartOf":{"@id":"https:\/\/www.krafthand.de\/truck\/#website"},"primaryImageOfPage":{"@id":"https:\/\/www.krafthand.de\/truck\/artikel\/niso-tech-mit-neuem-produktkatalog-auf-der-nufam-44017\/#primaryimage"},"image":{"@id":"https:\/\/www.krafthand.de\/truck\/artikel\/niso-tech-mit-neuem-produktkatalog-auf-der-nufam-44017\/#primaryimage"},"thumbnailUrl":"https:\/\/static.krafthand-truck.de\/uploads\/2025\/09\/Nisotech_Lkw_Katalog_2025_Reifendienst.jpg","datePublished":"2025-09-25T08:50:21+00:00","dateModified":"2025-10-06T06:03:43+00:00","author":{"@id":"https:\/\/www.krafthand.de\/truck\/#\/schema\/person\/51fa80b1c57034c4bf63f9f988fc24ce"},"description":"NISO TECH stellt auf der NUFAM 2025 neben seinem Portfolio auch den neuen Produktkatlog 2025 vor.","breadcrumb":{"@id":"https:\/\/www.krafthand.de\/truck\/artikel\/niso-tech-mit-neuem-produktkatalog-auf-der-nufam-44017\/#breadcrumb"},"inLanguage":"de","potentialAction":[{"@type":"ReadAction","target":["https:\/\/www.krafthand.de\/truck\/artikel\/niso-tech-mit-neuem-produktkatalog-auf-der-nufam-44017\/"]}]},{"@type":"ImageObject","inLanguage":"de","@id":"https:\/\/www.krafthand.de\/truck\/artikel\/niso-tech-mit-neuem-produktkatalog-auf-der-nufam-44017\/#primaryimage","url":"https:\/\/static.krafthand-truck.de\/uploads\/2025\/09\/Nisotech_Lkw_Katalog_2025_Reifendienst.jpg","contentUrl":"https:\/\/static.krafthand-truck.de\/uploads\/2025\/09\/Nisotech_Lkw_Katalog_2025_Reifendienst.jpg","width":674,"height":454},{"@type":"BreadcrumbList","@id":"https:\/\/www.krafthand.de\/truck\/artikel\/niso-tech-mit-neuem-produktkatalog-auf-der-nufam-44017\/#breadcrumb","itemListElement":[{"@type":"ListItem","position":1,"name":"Krafthand-Truck","item":"https:\/\/www.krafthand.de\/truck\/"},{"@type":"ListItem","position":2,"name":"Nfz-Service","item":"https:\/\/www.krafthand.de\/truck\/kategorie\/nfz-service\/"},{"@type":"ListItem","position":3,"name":"Werkstattausr\u00fcstung","item":"https:\/\/www.krafthand.de\/truck\/kategorie\/nfz-service\/werkstattausruestung\/"},{"@type":"ListItem","position":4,"name":"NISO Tech mit neuem Produktkatalog auf der NUFAM"}]},{"@type":"WebSite","@id":"https:\/\/www.krafthand.de\/truck\/#website","url":"https:\/\/www.krafthand.de\/truck\/","name":"Krafthand-Truck","description":"","potentialAction":[{"@type":"SearchAction","target":{"@type":"EntryPoint","urlTemplate":"https:\/\/www.krafthand.de\/truck\/?s={search_term_string}"},"query-input":{"@type":"PropertyValueSpecification","valueRequired":true,"valueName":"search_term_string"}}],"inLanguage":"de"},{"@type":"Person","@id":"https:\/\/www.krafthand.de\/truck\/#\/schema\/person\/51fa80b1c57034c4bf63f9f988fc24ce","name":"georg.blenk@krafthand-medien.de","image":{"@type":"ImageObject","inLanguage":"de","@id":"https:\/\/secure.gravatar.com\/avatar\/93713c30affe0aa95d3a4130e499bb1abee2eb31adbdd9ce2aa1543538490215?s=96&d=mm&r=g","url":"https:\/\/secure.gravatar.com\/avatar\/93713c30affe0aa95d3a4130e499bb1abee2eb31adbdd9ce2aa1543538490215?s=96&d=mm&r=g","contentUrl":"https:\/\/secure.gravatar.com\/avatar\/93713c30affe0aa95d3a4130e499bb1abee2eb31adbdd9ce2aa1543538490215?s=96&d=mm&r=g","caption":"georg.blenk@krafthand-medien.de"}}]}},"_links":{"self":[{"href":"https:\/\/www.krafthand.de\/truck\/wp-json\/wp\/v2\/posts\/44017","targetHints":{"allow":["GET"]}}],"collection":[{"href":"https:\/\/www.krafthand.de\/truck\/wp-json\/wp\/v2\/posts"}],"about":[{"href":"https:\/\/www.krafthand.de\/truck\/wp-json\/wp\/v2\/types\/post"}],"author":[{"embeddable":true,"href":"https:\/\/www.krafthand.de\/truck\/wp-json\/wp\/v2\/users\/9"}],"replies":[{"embeddable":true,"href":"https:\/\/www.krafthand.de\/truck\/wp-json\/wp\/v2\/comments?post=44017"}],"version-history":[{"count":4,"href":"https:\/\/www.krafthand.de\/truck\/wp-json\/wp\/v2\/posts\/44017\/revisions"}],"predecessor-version":[{"id":44099,"href":"https:\/\/www.krafthand.de\/truck\/wp-json\/wp\/v2\/posts\/44017\/revisions\/44099"}],"wp:featuredmedia":[{"embeddable":true,"href":"https:\/\/www.krafthand.de\/truck\/wp-json\/wp\/v2\/media\/44019"}],"wp:attachment":[{"href":"https:\/\/www.krafthand.de\/truck\/wp-json\/wp\/v2\/media?parent=44017"}],"wp:term":[{"taxonomy":"category","embeddable":true,"href":"https:\/\/www.krafthand.de\/truck\/wp-json\/wp\/v2\/categories?post=44017"},{"taxonomy":"post_tag","embeddable":true,"href":"https:\/\/www.krafthand.de\/truck\/wp-json\/wp\/v2\/tags?post=44017"},{"taxonomy":"settings","embeddable":true,"href":"https:\/\/www.krafthand.de\/truck\/wp-json\/wp\/v2\/settings?post=44017"}],"curies":[{"name":"wp","href":"https:\/\/api.w.org\/{rel}","templated":true}]}}