{"id":44010,"date":"2025-09-22T13:32:48","date_gmt":"2025-09-22T11:32:48","guid":{"rendered":"https:\/\/www.krafthand.de\/truck\/?p=44010"},"modified":"2025-10-06T07:59:45","modified_gmt":"2025-10-06T05:59:45","slug":"auch-man-ist-auf-der-nufam-am-start","status":"publish","type":"post","link":"https:\/\/www.krafthand.de\/truck\/artikel\/auch-man-ist-auf-der-nufam-am-start-44010\/","title":{"rendered":"Auch MAN war auf der NUFAM am Start"},"content":{"rendered":"<p>MAN Truck &amp; Bus Deutschland pr\u00e4sentierte auf der NUFAM 2025 zahlreiche Fahrzeuge. Highlights in Halle 3, Stand A334, war der D30-Power Lion, der MAN eTruck sowie ein TGE von MAN Individual. Weitere Fahrzeuge mit Schwerpunkt auf Traction, Bau und Handwerk erg\u00e4nzten den Auftritt. Auf der &#8218;Kommunalmeile&#8216; zeigten die M\u00fcnchner zudem zwei MAN TGS, zwei MAN TGM und einen MAN TGE.<\/p>\n<p>Neben den ausgestellten Fahrzeugen konnten sich die Besucherinnen und Besucher auf dem MAN Messestand auch \u00fcber Servicedienstleistungen von MAN DigitalServices sowie \u00fcber Finanzdienstleistungen und Versicherungsl\u00f6sungen von MAN FinancialServices informieren.<\/p>\n<h4>Die Fahrzeuge am Stand von MAN (Auswahl):<\/h4>\n<ul>\n<li>MAN eTGX 20.449: Volumentransporter mit Elektroantrieb, 449 PS, 480 kWh Batteriekapazit\u00e4t<\/li>\n<li>MAN TGX 18.520: Fernverkehrs-Lkw mit 520 PS und effizientem D30-Motor<\/li>\n<li>MAN TGS 35.520: Baustellenfahrzeug mit 520 PS und Meiller Kippaufbau<\/li>\n<li>MAN TGE Kombi Shuttle: Vielseitiger Transporter mit 202 PS, Allrad und flexiblem Innenraum<\/li>\n<li>MAN TGE Doppelkabine: Offroad-Kipper mit Performance Kit und Vollluftfederung<\/li>\n<li>MAN TGS und TGM (Kommunalmeile): Fahrzeuge f\u00fcr kommunale Aufgaben mit modernen Euro 6e-Motoren und praxisgerechter Ausstattung<\/li>\n<\/ul>\n","protected":false},"excerpt":{"rendered":"<p>MAN Truck &#038; Bus Deutschland pr\u00e4sentiert auf der NUFAM 2025 (25. bis 28. September) zahlreiche Fahrzeuge. Highlights in Halle 3, Stand A334, sind der D30-Power Lion, der MAN eTruck sowie ein TGE von MAN Individual. <span class=\"excerpt-more__dots\">&#8230;<\/span> <a class=\"excerpt-more__link\" href=\"https:\/\/www.krafthand.de\/truck\/artikel\/auch-man-ist-auf-der-nufam-am-start-44010\/\" >weiter<\/a><\/p>\n","protected":false},"author":9,"featured_media":44014,"comment_status":"closed","ping_status":"closed","sticky":false,"template":"","format":"standard","meta":{"footnotes":""},"categories":[4915,4236],"tags":[],"settings":[3524,4766,3523],"class_list":["post-44010","post","type-post","status-publish","format-standard","has-post-thumbnail","hentry","category-neue-fahrzeuge","category-veranstaltungen"],"yoast_head":"<!-- This site is optimized with the Yoast SEO plugin v27.3 - https:\/\/yoast.com\/product\/yoast-seo-wordpress\/ -->\n<title>Auch MAN war auf der NUFAM am Start - Krafthand-Truck<\/title>\n<meta name=\"description\" content=\"MAN Truck &amp; Bus Deutschland pr\u00e4sentiert auf der NUFAM 2025 in Karlsruhe (25. bis 28. September) zahlreiche Fahrzeuge.\" \/>\n<meta name=\"robots\" content=\"index, follow, max-snippet:-1, max-image-preview:large, max-video-preview:-1\" \/>\n<link rel=\"canonical\" href=\"https:\/\/www.krafthand.de\/truck\/artikel\/auch-man-ist-auf-der-nufam-am-start-44010\/\" \/>\n<meta property=\"og:locale\" content=\"de_DE\" \/>\n<meta property=\"og:type\" content=\"article\" \/>\n<meta property=\"og:title\" content=\"Auch MAN war auf der NUFAM am Start - Krafthand-Truck\" \/>\n<meta property=\"og:description\" content=\"MAN Truck &amp; Bus Deutschland pr\u00e4sentiert auf der NUFAM 2025 in Karlsruhe (25. bis 28. September) zahlreiche Fahrzeuge.\" \/>\n<meta property=\"og:url\" content=\"https:\/\/www.krafthand-truck.de\/artikel\/auch-man-ist-auf-der-nufam-am-start-44010\/\" \/>\n<meta property=\"og:site_name\" content=\"Krafthand-Truck\" \/>\n<meta property=\"article:published_time\" content=\"2025-09-22T11:32:48+00:00\" \/>\n<meta property=\"article:modified_time\" content=\"2025-10-06T05:59:45+00:00\" \/>\n<meta property=\"og:image\" content=\"https:\/\/static.krafthand-truck.de\/uploads\/2025\/09\/man_tgx_d30_powerlion.jpg\" \/>\n\t<meta property=\"og:image:width\" content=\"1200\" \/>\n\t<meta property=\"og:image:height\" content=\"575\" \/>\n\t<meta property=\"og:image:type\" content=\"image\/jpeg\" \/>\n<meta name=\"author\" content=\"georg.blenk@krafthand-medien.de\" \/>\n<meta name=\"twitter:card\" content=\"summary_large_image\" \/>\n<meta name=\"twitter:label1\" content=\"Verfasst von\" \/>\n\t<meta name=\"twitter:data1\" content=\"georg.blenk@krafthand-medien.de\" \/>\n\t<meta name=\"twitter:label2\" content=\"Gesch\u00e4tzte Lesezeit\" \/>\n\t<meta name=\"twitter:data2\" content=\"2\u00a0Minuten\" \/>\n<script type=\"application\/ld+json\" class=\"yoast-schema-graph\">{\"@context\":\"https:\\\/\\\/schema.org\",\"@graph\":[{\"@type\":\"Article\",\"@id\":\"https:\\\/\\\/www.krafthand.de\\\/truck\\\/artikel\\\/auch-man-ist-auf-der-nufam-am-start-44010\\\/#article\",\"isPartOf\":{\"@id\":\"https:\\\/\\\/www.krafthand.de\\\/truck\\\/artikel\\\/auch-man-ist-auf-der-nufam-am-start-44010\\\/\"},\"author\":{\"name\":\"georg.blenk@krafthand-medien.de\",\"@id\":\"https:\\\/\\\/www.krafthand.de\\\/truck\\\/#\\\/schema\\\/person\\\/51fa80b1c57034c4bf63f9f988fc24ce\"},\"headline\":\"Auch MAN war auf der NUFAM am Start\",\"datePublished\":\"2025-09-22T11:32:48+00:00\",\"dateModified\":\"2025-10-06T05:59:45+00:00\",\"mainEntityOfPage\":{\"@id\":\"https:\\\/\\\/www.krafthand.de\\\/truck\\\/artikel\\\/auch-man-ist-auf-der-nufam-am-start-44010\\\/\"},\"wordCount\":171,\"image\":{\"@id\":\"https:\\\/\\\/www.krafthand.de\\\/truck\\\/artikel\\\/auch-man-ist-auf-der-nufam-am-start-44010\\\/#primaryimage\"},\"thumbnailUrl\":\"https:\\\/\\\/static.krafthand-truck.de\\\/uploads\\\/2025\\\/09\\\/man_tgx_d30_powerlion.jpg\",\"articleSection\":[\"Neue Fahrzeuge\",\"Veranstaltungen\\\/Messen\"],\"inLanguage\":\"de\"},{\"@type\":\"WebPage\",\"@id\":\"https:\\\/\\\/www.krafthand.de\\\/truck\\\/artikel\\\/auch-man-ist-auf-der-nufam-am-start-44010\\\/\",\"url\":\"https:\\\/\\\/www.krafthand.de\\\/truck\\\/artikel\\\/auch-man-ist-auf-der-nufam-am-start-44010\\\/\",\"name\":\"Auch MAN war auf der NUFAM am Start - Krafthand-Truck\",\"isPartOf\":{\"@id\":\"https:\\\/\\\/www.krafthand.de\\\/truck\\\/#website\"},\"primaryImageOfPage\":{\"@id\":\"https:\\\/\\\/www.krafthand.de\\\/truck\\\/artikel\\\/auch-man-ist-auf-der-nufam-am-start-44010\\\/#primaryimage\"},\"image\":{\"@id\":\"https:\\\/\\\/www.krafthand.de\\\/truck\\\/artikel\\\/auch-man-ist-auf-der-nufam-am-start-44010\\\/#primaryimage\"},\"thumbnailUrl\":\"https:\\\/\\\/static.krafthand-truck.de\\\/uploads\\\/2025\\\/09\\\/man_tgx_d30_powerlion.jpg\",\"datePublished\":\"2025-09-22T11:32:48+00:00\",\"dateModified\":\"2025-10-06T05:59:45+00:00\",\"author\":{\"@id\":\"https:\\\/\\\/www.krafthand.de\\\/truck\\\/#\\\/schema\\\/person\\\/51fa80b1c57034c4bf63f9f988fc24ce\"},\"description\":\"MAN Truck & Bus Deutschland pr\u00e4sentiert auf der NUFAM 2025 in Karlsruhe (25. bis 28. September) zahlreiche Fahrzeuge.\",\"breadcrumb\":{\"@id\":\"https:\\\/\\\/www.krafthand.de\\\/truck\\\/artikel\\\/auch-man-ist-auf-der-nufam-am-start-44010\\\/#breadcrumb\"},\"inLanguage\":\"de\",\"potentialAction\":[{\"@type\":\"ReadAction\",\"target\":[\"https:\\\/\\\/www.krafthand.de\\\/truck\\\/artikel\\\/auch-man-ist-auf-der-nufam-am-start-44010\\\/\"]}]},{\"@type\":\"ImageObject\",\"inLanguage\":\"de\",\"@id\":\"https:\\\/\\\/www.krafthand.de\\\/truck\\\/artikel\\\/auch-man-ist-auf-der-nufam-am-start-44010\\\/#primaryimage\",\"url\":\"https:\\\/\\\/static.krafthand-truck.de\\\/uploads\\\/2025\\\/09\\\/man_tgx_d30_powerlion.jpg\",\"contentUrl\":\"https:\\\/\\\/static.krafthand-truck.de\\\/uploads\\\/2025\\\/09\\\/man_tgx_d30_powerlion.jpg\",\"width\":1200,\"height\":575},{\"@type\":\"BreadcrumbList\",\"@id\":\"https:\\\/\\\/www.krafthand.de\\\/truck\\\/artikel\\\/auch-man-ist-auf-der-nufam-am-start-44010\\\/#breadcrumb\",\"itemListElement\":[{\"@type\":\"ListItem\",\"position\":1,\"name\":\"Krafthand-Truck\",\"item\":\"https:\\\/\\\/www.krafthand.de\\\/truck\\\/\"},{\"@type\":\"ListItem\",\"position\":2,\"name\":\"IT+Fuhrpark\",\"item\":\"https:\\\/\\\/www.krafthand.de\\\/truck\\\/kategorie\\\/fuhrpark\\\/\"},{\"@type\":\"ListItem\",\"position\":3,\"name\":\"Neue Fahrzeuge\",\"item\":\"https:\\\/\\\/www.krafthand.de\\\/truck\\\/kategorie\\\/fuhrpark\\\/neue-fahrzeuge\\\/\"},{\"@type\":\"ListItem\",\"position\":4,\"name\":\"Auch MAN war auf der NUFAM am Start\"}]},{\"@type\":\"WebSite\",\"@id\":\"https:\\\/\\\/www.krafthand.de\\\/truck\\\/#website\",\"url\":\"https:\\\/\\\/www.krafthand.de\\\/truck\\\/\",\"name\":\"Krafthand-Truck\",\"description\":\"\",\"potentialAction\":[{\"@type\":\"SearchAction\",\"target\":{\"@type\":\"EntryPoint\",\"urlTemplate\":\"https:\\\/\\\/www.krafthand.de\\\/truck\\\/?s={search_term_string}\"},\"query-input\":{\"@type\":\"PropertyValueSpecification\",\"valueRequired\":true,\"valueName\":\"search_term_string\"}}],\"inLanguage\":\"de\"},{\"@type\":\"Person\",\"@id\":\"https:\\\/\\\/www.krafthand.de\\\/truck\\\/#\\\/schema\\\/person\\\/51fa80b1c57034c4bf63f9f988fc24ce\",\"name\":\"georg.blenk@krafthand-medien.de\",\"image\":{\"@type\":\"ImageObject\",\"inLanguage\":\"de\",\"@id\":\"https:\\\/\\\/secure.gravatar.com\\\/avatar\\\/93713c30affe0aa95d3a4130e499bb1abee2eb31adbdd9ce2aa1543538490215?s=96&d=mm&r=g\",\"url\":\"https:\\\/\\\/secure.gravatar.com\\\/avatar\\\/93713c30affe0aa95d3a4130e499bb1abee2eb31adbdd9ce2aa1543538490215?s=96&d=mm&r=g\",\"contentUrl\":\"https:\\\/\\\/secure.gravatar.com\\\/avatar\\\/93713c30affe0aa95d3a4130e499bb1abee2eb31adbdd9ce2aa1543538490215?s=96&d=mm&r=g\",\"caption\":\"georg.blenk@krafthand-medien.de\"}}]}<\/script>\n<!-- \/ Yoast SEO plugin. -->","yoast_head_json":{"title":"Auch MAN war auf der NUFAM am Start - Krafthand-Truck","description":"MAN Truck & Bus Deutschland pr\u00e4sentiert auf der NUFAM 2025 in Karlsruhe (25. bis 28. September) zahlreiche Fahrzeuge.","robots":{"index":"index","follow":"follow","max-snippet":"max-snippet:-1","max-image-preview":"max-image-preview:large","max-video-preview":"max-video-preview:-1"},"canonical":"https:\/\/www.krafthand.de\/truck\/artikel\/auch-man-ist-auf-der-nufam-am-start-44010\/","og_locale":"de_DE","og_type":"article","og_title":"Auch MAN war auf der NUFAM am Start - Krafthand-Truck","og_description":"MAN Truck & Bus Deutschland pr\u00e4sentiert auf der NUFAM 2025 in Karlsruhe (25. bis 28. September) zahlreiche Fahrzeuge.","og_url":"https:\/\/www.krafthand-truck.de\/artikel\/auch-man-ist-auf-der-nufam-am-start-44010\/","og_site_name":"Krafthand-Truck","article_published_time":"2025-09-22T11:32:48+00:00","article_modified_time":"2025-10-06T05:59:45+00:00","og_image":[{"width":1200,"height":575,"url":"https:\/\/static.krafthand-truck.de\/uploads\/2025\/09\/man_tgx_d30_powerlion.jpg","type":"image\/jpeg"}],"author":"georg.blenk@krafthand-medien.de","twitter_card":"summary_large_image","twitter_misc":{"Verfasst von":"georg.blenk@krafthand-medien.de","Gesch\u00e4tzte Lesezeit":"2\u00a0Minuten"},"schema":{"@context":"https:\/\/schema.org","@graph":[{"@type":"Article","@id":"https:\/\/www.krafthand.de\/truck\/artikel\/auch-man-ist-auf-der-nufam-am-start-44010\/#article","isPartOf":{"@id":"https:\/\/www.krafthand.de\/truck\/artikel\/auch-man-ist-auf-der-nufam-am-start-44010\/"},"author":{"name":"georg.blenk@krafthand-medien.de","@id":"https:\/\/www.krafthand.de\/truck\/#\/schema\/person\/51fa80b1c57034c4bf63f9f988fc24ce"},"headline":"Auch MAN war auf der NUFAM am Start","datePublished":"2025-09-22T11:32:48+00:00","dateModified":"2025-10-06T05:59:45+00:00","mainEntityOfPage":{"@id":"https:\/\/www.krafthand.de\/truck\/artikel\/auch-man-ist-auf-der-nufam-am-start-44010\/"},"wordCount":171,"image":{"@id":"https:\/\/www.krafthand.de\/truck\/artikel\/auch-man-ist-auf-der-nufam-am-start-44010\/#primaryimage"},"thumbnailUrl":"https:\/\/static.krafthand-truck.de\/uploads\/2025\/09\/man_tgx_d30_powerlion.jpg","articleSection":["Neue Fahrzeuge","Veranstaltungen\/Messen"],"inLanguage":"de"},{"@type":"WebPage","@id":"https:\/\/www.krafthand.de\/truck\/artikel\/auch-man-ist-auf-der-nufam-am-start-44010\/","url":"https:\/\/www.krafthand.de\/truck\/artikel\/auch-man-ist-auf-der-nufam-am-start-44010\/","name":"Auch MAN war auf der NUFAM am Start - Krafthand-Truck","isPartOf":{"@id":"https:\/\/www.krafthand.de\/truck\/#website"},"primaryImageOfPage":{"@id":"https:\/\/www.krafthand.de\/truck\/artikel\/auch-man-ist-auf-der-nufam-am-start-44010\/#primaryimage"},"image":{"@id":"https:\/\/www.krafthand.de\/truck\/artikel\/auch-man-ist-auf-der-nufam-am-start-44010\/#primaryimage"},"thumbnailUrl":"https:\/\/static.krafthand-truck.de\/uploads\/2025\/09\/man_tgx_d30_powerlion.jpg","datePublished":"2025-09-22T11:32:48+00:00","dateModified":"2025-10-06T05:59:45+00:00","author":{"@id":"https:\/\/www.krafthand.de\/truck\/#\/schema\/person\/51fa80b1c57034c4bf63f9f988fc24ce"},"description":"MAN Truck & Bus Deutschland pr\u00e4sentiert auf der NUFAM 2025 in Karlsruhe (25. bis 28. September) zahlreiche Fahrzeuge.","breadcrumb":{"@id":"https:\/\/www.krafthand.de\/truck\/artikel\/auch-man-ist-auf-der-nufam-am-start-44010\/#breadcrumb"},"inLanguage":"de","potentialAction":[{"@type":"ReadAction","target":["https:\/\/www.krafthand.de\/truck\/artikel\/auch-man-ist-auf-der-nufam-am-start-44010\/"]}]},{"@type":"ImageObject","inLanguage":"de","@id":"https:\/\/www.krafthand.de\/truck\/artikel\/auch-man-ist-auf-der-nufam-am-start-44010\/#primaryimage","url":"https:\/\/static.krafthand-truck.de\/uploads\/2025\/09\/man_tgx_d30_powerlion.jpg","contentUrl":"https:\/\/static.krafthand-truck.de\/uploads\/2025\/09\/man_tgx_d30_powerlion.jpg","width":1200,"height":575},{"@type":"BreadcrumbList","@id":"https:\/\/www.krafthand.de\/truck\/artikel\/auch-man-ist-auf-der-nufam-am-start-44010\/#breadcrumb","itemListElement":[{"@type":"ListItem","position":1,"name":"Krafthand-Truck","item":"https:\/\/www.krafthand.de\/truck\/"},{"@type":"ListItem","position":2,"name":"IT+Fuhrpark","item":"https:\/\/www.krafthand.de\/truck\/kategorie\/fuhrpark\/"},{"@type":"ListItem","position":3,"name":"Neue Fahrzeuge","item":"https:\/\/www.krafthand.de\/truck\/kategorie\/fuhrpark\/neue-fahrzeuge\/"},{"@type":"ListItem","position":4,"name":"Auch MAN war auf der NUFAM am Start"}]},{"@type":"WebSite","@id":"https:\/\/www.krafthand.de\/truck\/#website","url":"https:\/\/www.krafthand.de\/truck\/","name":"Krafthand-Truck","description":"","potentialAction":[{"@type":"SearchAction","target":{"@type":"EntryPoint","urlTemplate":"https:\/\/www.krafthand.de\/truck\/?s={search_term_string}"},"query-input":{"@type":"PropertyValueSpecification","valueRequired":true,"valueName":"search_term_string"}}],"inLanguage":"de"},{"@type":"Person","@id":"https:\/\/www.krafthand.de\/truck\/#\/schema\/person\/51fa80b1c57034c4bf63f9f988fc24ce","name":"georg.blenk@krafthand-medien.de","image":{"@type":"ImageObject","inLanguage":"de","@id":"https:\/\/secure.gravatar.com\/avatar\/93713c30affe0aa95d3a4130e499bb1abee2eb31adbdd9ce2aa1543538490215?s=96&d=mm&r=g","url":"https:\/\/secure.gravatar.com\/avatar\/93713c30affe0aa95d3a4130e499bb1abee2eb31adbdd9ce2aa1543538490215?s=96&d=mm&r=g","contentUrl":"https:\/\/secure.gravatar.com\/avatar\/93713c30affe0aa95d3a4130e499bb1abee2eb31adbdd9ce2aa1543538490215?s=96&d=mm&r=g","caption":"georg.blenk@krafthand-medien.de"}}]}},"_links":{"self":[{"href":"https:\/\/www.krafthand.de\/truck\/wp-json\/wp\/v2\/posts\/44010","targetHints":{"allow":["GET"]}}],"collection":[{"href":"https:\/\/www.krafthand.de\/truck\/wp-json\/wp\/v2\/posts"}],"about":[{"href":"https:\/\/www.krafthand.de\/truck\/wp-json\/wp\/v2\/types\/post"}],"author":[{"embeddable":true,"href":"https:\/\/www.krafthand.de\/truck\/wp-json\/wp\/v2\/users\/9"}],"replies":[{"embeddable":true,"href":"https:\/\/www.krafthand.de\/truck\/wp-json\/wp\/v2\/comments?post=44010"}],"version-history":[{"count":5,"href":"https:\/\/www.krafthand.de\/truck\/wp-json\/wp\/v2\/posts\/44010\/revisions"}],"predecessor-version":[{"id":44095,"href":"https:\/\/www.krafthand.de\/truck\/wp-json\/wp\/v2\/posts\/44010\/revisions\/44095"}],"wp:featuredmedia":[{"embeddable":true,"href":"https:\/\/www.krafthand.de\/truck\/wp-json\/wp\/v2\/media\/44014"}],"wp:attachment":[{"href":"https:\/\/www.krafthand.de\/truck\/wp-json\/wp\/v2\/media?parent=44010"}],"wp:term":[{"taxonomy":"category","embeddable":true,"href":"https:\/\/www.krafthand.de\/truck\/wp-json\/wp\/v2\/categories?post=44010"},{"taxonomy":"post_tag","embeddable":true,"href":"https:\/\/www.krafthand.de\/truck\/wp-json\/wp\/v2\/tags?post=44010"},{"taxonomy":"settings","embeddable":true,"href":"https:\/\/www.krafthand.de\/truck\/wp-json\/wp\/v2\/settings?post=44010"}],"curies":[{"name":"wp","href":"https:\/\/api.w.org\/{rel}","templated":true}]}}