{"id":44001,"date":"2025-09-22T13:02:38","date_gmt":"2025-09-22T11:02:38","guid":{"rendered":"https:\/\/www.krafthand.de\/truck\/?p=44001"},"modified":"2025-09-22T13:04:32","modified_gmt":"2025-09-22T11:04:32","slug":"mercedes-benz-trucks-partner-zeigen-auf-der-nufam-zahlreiche-fahrzeuge","status":"publish","type":"post","link":"https:\/\/www.krafthand.de\/truck\/artikel\/mercedes-benz-trucks-partner-zeigen-auf-der-nufam-zahlreiche-fahrzeuge-44001\/","title":{"rendered":"NUFAM 2025: Mercedes-Benz Trucks-Partner pr\u00e4sentieren zahlreiche Fahrzeuge"},"content":{"rendered":"<p>F\u00fcnf Partner von Mercedes-Benz Trucks stellen auf der NUFAM zahlreiche Fahrzeuge des Lkw-Herstellers aus. Auf einem Gemeinschaftsstand mit 3.600 m\u00b2 sowie auf der 400 m\u00b2 gro\u00dfen Au\u00dfenfl\u00e4che, zeigen die S&amp;G Automobil AG, die Kestenholz GmbH, die S\u00fcdstern &#8211; B\u00f6lle AG + Co KG, die Wackenhut GmbH &amp; Co. KG sowie die TruckCenter Rems-Neckar GmbH &amp; Co. KG die gesamte Mercedes-Benz Trucks Produktpalette.\u00a0 Sie reicht vom Atego, dem neuen Actros L mit ProCabin bis hin zum Arocs SLT f\u00fcr Schwerlasttransporte von bis zu 500 Tonnen.<\/p>\n<p>Neben den Exponaten mit konventionellem Diesel-Antrieb legen die Partner von Mercedes-Benz Trucks den Schwerpunkt auf batterieelektrische Lkw-Modelle. So sind mit dem eActros 600, dem eEconic und dem FUSO eCanter, drei vollelektrische Fahrzeuge mit verschiedenen Aufbaul\u00f6sungen zu sehen.<\/p>\n<p>Neben dem Produktportfolio werden in Karlsruhe auch Dienstleistungsthemen wie Ladeinfrastruktur sowie die Fahrzeugmiete \u00fcber Mercedes-Benz CharterWay vorgestellt. Auf der &#8218;Kommunalmeile&#8216; im Au\u00dfenbereich, sind neben dem eEconic auch die klassischen Winterdienst- und Feuerwehr- sowie Rettungsfahrzeuge zu sehen.<\/p>\n<p>&nbsp;<\/p>\n<p>Der Stand der Mercedes-Benz Trucks-Partner findet sich auf der <a href=\"https:\/\/www.nufam.de\/de\/\" target=\"_blank\" rel=\"noopener\">NUFAM<\/a> in der <strong>dm-arena, Stand A411.<\/strong><\/p>\n","protected":false},"excerpt":{"rendered":"<p>F\u00fcnf Partner von Mercedes-Benz Trucks stellen auf der NUFAM zahlreiche Fahrzeuge des Lkw-Herstellers aus. Auf einem Gemeinschaftsstand mit 3.600 m\u00b2 sowie auf der 400 m\u00b2 gro\u00dfen Au\u00dfenfl\u00e4che, zeigen die S&#038;G Automobil AG, die Kestenholz GmbH, die S\u00fcdstern &#8211; B\u00f6lle AG + Co KG, die Wackenhut GmbH &#038; Co. KG sowie die TruckCenter Rems-Neckar GmbH &#038; Co. KG die gesamte Mercedes-Benz Trucks Produktpalette.\u00a0 <span class=\"excerpt-more__dots\">&#8230;<\/span> <a class=\"excerpt-more__link\" href=\"https:\/\/www.krafthand.de\/truck\/artikel\/mercedes-benz-trucks-partner-zeigen-auf-der-nufam-zahlreiche-fahrzeuge-44001\/\" >weiter<\/a><\/p>\n","protected":false},"author":9,"featured_media":44005,"comment_status":"closed","ping_status":"closed","sticky":false,"template":"","format":"standard","meta":{"footnotes":""},"categories":[4915,4236],"tags":[5730,479,6311],"settings":[3524,3523],"class_list":["post-44001","post","type-post","status-publish","format-standard","has-post-thumbnail","hentry","category-neue-fahrzeuge","category-veranstaltungen","tag-eactros-600","tag-mercedes-benz","tag-nufam-2025"],"yoast_head":"<!-- This site is optimized with the Yoast SEO plugin v27.3 - https:\/\/yoast.com\/product\/yoast-seo-wordpress\/ -->\n<title>NUFAM 2025: Mercedes-Benz Trucks-Partner pr\u00e4sentieren zahlreiche Fahrzeuge - Krafthand-Truck<\/title>\n<meta name=\"robots\" content=\"index, follow, max-snippet:-1, max-image-preview:large, max-video-preview:-1\" \/>\n<link rel=\"canonical\" href=\"https:\/\/www.krafthand.de\/truck\/artikel\/mercedes-benz-trucks-partner-zeigen-auf-der-nufam-zahlreiche-fahrzeuge-44001\/\" \/>\n<meta property=\"og:locale\" content=\"de_DE\" \/>\n<meta property=\"og:type\" content=\"article\" \/>\n<meta property=\"og:title\" content=\"NUFAM 2025: Mercedes-Benz Trucks-Partner pr\u00e4sentieren zahlreiche Fahrzeuge - Krafthand-Truck\" \/>\n<meta property=\"og:description\" content=\"F\u00fcnf Partner von Mercedes-Benz Trucks stellen auf der NUFAM zahlreiche Fahrzeuge des Lkw-Herstellers aus. Auf einem Gemeinschaftsstand mit 3.600 m\u00b2 sowie auf der 400 m\u00b2 gro\u00dfen Au\u00dfenfl\u00e4che, zeigen die S&amp;G Automobil AG, die Kestenholz GmbH, die S\u00fcdstern - B\u00f6lle AG + Co KG, die Wackenhut GmbH &amp; Co. KG sowie die TruckCenter Rems-Neckar GmbH &amp; Co. KG die gesamte Mercedes-Benz Trucks Produktpalette.\u00a0 ... weiter\" \/>\n<meta property=\"og:url\" content=\"https:\/\/www.krafthand-truck.de\/artikel\/mercedes-benz-trucks-partner-zeigen-auf-der-nufam-zahlreiche-fahrzeuge-44001\/\" \/>\n<meta property=\"og:site_name\" content=\"Krafthand-Truck\" \/>\n<meta property=\"article:published_time\" content=\"2025-09-22T11:02:38+00:00\" \/>\n<meta property=\"article:modified_time\" content=\"2025-09-22T11:04:32+00:00\" \/>\n<meta property=\"og:image\" content=\"https:\/\/static.krafthand-truck.de\/uploads\/2025\/09\/Mercedes_Benz_Trucks_eActros600_NUFAM_2025.jpg\" \/>\n\t<meta property=\"og:image:width\" content=\"1200\" \/>\n\t<meta property=\"og:image:height\" content=\"634\" \/>\n\t<meta property=\"og:image:type\" content=\"image\/jpeg\" \/>\n<meta name=\"author\" content=\"georg.blenk@krafthand-medien.de\" \/>\n<meta name=\"twitter:card\" content=\"summary_large_image\" \/>\n<meta name=\"twitter:label1\" content=\"Verfasst von\" \/>\n\t<meta name=\"twitter:data1\" content=\"georg.blenk@krafthand-medien.de\" \/>\n\t<meta name=\"twitter:label2\" content=\"Gesch\u00e4tzte Lesezeit\" \/>\n\t<meta name=\"twitter:data2\" content=\"2\u00a0Minuten\" \/>\n<script type=\"application\/ld+json\" class=\"yoast-schema-graph\">{\"@context\":\"https:\\\/\\\/schema.org\",\"@graph\":[{\"@type\":\"Article\",\"@id\":\"https:\\\/\\\/www.krafthand.de\\\/truck\\\/artikel\\\/mercedes-benz-trucks-partner-zeigen-auf-der-nufam-zahlreiche-fahrzeuge-44001\\\/#article\",\"isPartOf\":{\"@id\":\"https:\\\/\\\/www.krafthand.de\\\/truck\\\/artikel\\\/mercedes-benz-trucks-partner-zeigen-auf-der-nufam-zahlreiche-fahrzeuge-44001\\\/\"},\"author\":{\"name\":\"georg.blenk@krafthand-medien.de\",\"@id\":\"https:\\\/\\\/www.krafthand.de\\\/truck\\\/#\\\/schema\\\/person\\\/51fa80b1c57034c4bf63f9f988fc24ce\"},\"headline\":\"NUFAM 2025: Mercedes-Benz Trucks-Partner pr\u00e4sentieren zahlreiche Fahrzeuge\",\"datePublished\":\"2025-09-22T11:02:38+00:00\",\"dateModified\":\"2025-09-22T11:04:32+00:00\",\"mainEntityOfPage\":{\"@id\":\"https:\\\/\\\/www.krafthand.de\\\/truck\\\/artikel\\\/mercedes-benz-trucks-partner-zeigen-auf-der-nufam-zahlreiche-fahrzeuge-44001\\\/\"},\"wordCount\":186,\"image\":{\"@id\":\"https:\\\/\\\/www.krafthand.de\\\/truck\\\/artikel\\\/mercedes-benz-trucks-partner-zeigen-auf-der-nufam-zahlreiche-fahrzeuge-44001\\\/#primaryimage\"},\"thumbnailUrl\":\"https:\\\/\\\/static.krafthand-truck.de\\\/uploads\\\/2025\\\/09\\\/Mercedes_Benz_Trucks_eActros600_NUFAM_2025.jpg\",\"keywords\":[\"eActros 600\",\"Mercedes-Benz\",\"Nufam 2025\"],\"articleSection\":[\"Neue Fahrzeuge\",\"Veranstaltungen\\\/Messen\"],\"inLanguage\":\"de\"},{\"@type\":\"WebPage\",\"@id\":\"https:\\\/\\\/www.krafthand.de\\\/truck\\\/artikel\\\/mercedes-benz-trucks-partner-zeigen-auf-der-nufam-zahlreiche-fahrzeuge-44001\\\/\",\"url\":\"https:\\\/\\\/www.krafthand.de\\\/truck\\\/artikel\\\/mercedes-benz-trucks-partner-zeigen-auf-der-nufam-zahlreiche-fahrzeuge-44001\\\/\",\"name\":\"NUFAM 2025: Mercedes-Benz Trucks-Partner pr\u00e4sentieren zahlreiche Fahrzeuge - Krafthand-Truck\",\"isPartOf\":{\"@id\":\"https:\\\/\\\/www.krafthand.de\\\/truck\\\/#website\"},\"primaryImageOfPage\":{\"@id\":\"https:\\\/\\\/www.krafthand.de\\\/truck\\\/artikel\\\/mercedes-benz-trucks-partner-zeigen-auf-der-nufam-zahlreiche-fahrzeuge-44001\\\/#primaryimage\"},\"image\":{\"@id\":\"https:\\\/\\\/www.krafthand.de\\\/truck\\\/artikel\\\/mercedes-benz-trucks-partner-zeigen-auf-der-nufam-zahlreiche-fahrzeuge-44001\\\/#primaryimage\"},\"thumbnailUrl\":\"https:\\\/\\\/static.krafthand-truck.de\\\/uploads\\\/2025\\\/09\\\/Mercedes_Benz_Trucks_eActros600_NUFAM_2025.jpg\",\"datePublished\":\"2025-09-22T11:02:38+00:00\",\"dateModified\":\"2025-09-22T11:04:32+00:00\",\"author\":{\"@id\":\"https:\\\/\\\/www.krafthand.de\\\/truck\\\/#\\\/schema\\\/person\\\/51fa80b1c57034c4bf63f9f988fc24ce\"},\"breadcrumb\":{\"@id\":\"https:\\\/\\\/www.krafthand.de\\\/truck\\\/artikel\\\/mercedes-benz-trucks-partner-zeigen-auf-der-nufam-zahlreiche-fahrzeuge-44001\\\/#breadcrumb\"},\"inLanguage\":\"de\",\"potentialAction\":[{\"@type\":\"ReadAction\",\"target\":[\"https:\\\/\\\/www.krafthand.de\\\/truck\\\/artikel\\\/mercedes-benz-trucks-partner-zeigen-auf-der-nufam-zahlreiche-fahrzeuge-44001\\\/\"]}]},{\"@type\":\"ImageObject\",\"inLanguage\":\"de\",\"@id\":\"https:\\\/\\\/www.krafthand.de\\\/truck\\\/artikel\\\/mercedes-benz-trucks-partner-zeigen-auf-der-nufam-zahlreiche-fahrzeuge-44001\\\/#primaryimage\",\"url\":\"https:\\\/\\\/static.krafthand-truck.de\\\/uploads\\\/2025\\\/09\\\/Mercedes_Benz_Trucks_eActros600_NUFAM_2025.jpg\",\"contentUrl\":\"https:\\\/\\\/static.krafthand-truck.de\\\/uploads\\\/2025\\\/09\\\/Mercedes_Benz_Trucks_eActros600_NUFAM_2025.jpg\",\"width\":1200,\"height\":634},{\"@type\":\"BreadcrumbList\",\"@id\":\"https:\\\/\\\/www.krafthand.de\\\/truck\\\/artikel\\\/mercedes-benz-trucks-partner-zeigen-auf-der-nufam-zahlreiche-fahrzeuge-44001\\\/#breadcrumb\",\"itemListElement\":[{\"@type\":\"ListItem\",\"position\":1,\"name\":\"Krafthand-Truck\",\"item\":\"https:\\\/\\\/www.krafthand.de\\\/truck\\\/\"},{\"@type\":\"ListItem\",\"position\":2,\"name\":\"IT+Fuhrpark\",\"item\":\"https:\\\/\\\/www.krafthand.de\\\/truck\\\/kategorie\\\/fuhrpark\\\/\"},{\"@type\":\"ListItem\",\"position\":3,\"name\":\"Neue Fahrzeuge\",\"item\":\"https:\\\/\\\/www.krafthand.de\\\/truck\\\/kategorie\\\/fuhrpark\\\/neue-fahrzeuge\\\/\"},{\"@type\":\"ListItem\",\"position\":4,\"name\":\"NUFAM 2025: Mercedes-Benz Trucks-Partner pr\u00e4sentieren zahlreiche Fahrzeuge\"}]},{\"@type\":\"WebSite\",\"@id\":\"https:\\\/\\\/www.krafthand.de\\\/truck\\\/#website\",\"url\":\"https:\\\/\\\/www.krafthand.de\\\/truck\\\/\",\"name\":\"Krafthand-Truck\",\"description\":\"\",\"potentialAction\":[{\"@type\":\"SearchAction\",\"target\":{\"@type\":\"EntryPoint\",\"urlTemplate\":\"https:\\\/\\\/www.krafthand.de\\\/truck\\\/?s={search_term_string}\"},\"query-input\":{\"@type\":\"PropertyValueSpecification\",\"valueRequired\":true,\"valueName\":\"search_term_string\"}}],\"inLanguage\":\"de\"},{\"@type\":\"Person\",\"@id\":\"https:\\\/\\\/www.krafthand.de\\\/truck\\\/#\\\/schema\\\/person\\\/51fa80b1c57034c4bf63f9f988fc24ce\",\"name\":\"georg.blenk@krafthand-medien.de\",\"image\":{\"@type\":\"ImageObject\",\"inLanguage\":\"de\",\"@id\":\"https:\\\/\\\/secure.gravatar.com\\\/avatar\\\/93713c30affe0aa95d3a4130e499bb1abee2eb31adbdd9ce2aa1543538490215?s=96&d=mm&r=g\",\"url\":\"https:\\\/\\\/secure.gravatar.com\\\/avatar\\\/93713c30affe0aa95d3a4130e499bb1abee2eb31adbdd9ce2aa1543538490215?s=96&d=mm&r=g\",\"contentUrl\":\"https:\\\/\\\/secure.gravatar.com\\\/avatar\\\/93713c30affe0aa95d3a4130e499bb1abee2eb31adbdd9ce2aa1543538490215?s=96&d=mm&r=g\",\"caption\":\"georg.blenk@krafthand-medien.de\"}}]}<\/script>\n<!-- \/ Yoast SEO plugin. -->","yoast_head_json":{"title":"NUFAM 2025: Mercedes-Benz Trucks-Partner pr\u00e4sentieren zahlreiche Fahrzeuge - Krafthand-Truck","robots":{"index":"index","follow":"follow","max-snippet":"max-snippet:-1","max-image-preview":"max-image-preview:large","max-video-preview":"max-video-preview:-1"},"canonical":"https:\/\/www.krafthand.de\/truck\/artikel\/mercedes-benz-trucks-partner-zeigen-auf-der-nufam-zahlreiche-fahrzeuge-44001\/","og_locale":"de_DE","og_type":"article","og_title":"NUFAM 2025: Mercedes-Benz Trucks-Partner pr\u00e4sentieren zahlreiche Fahrzeuge - Krafthand-Truck","og_description":"F\u00fcnf Partner von Mercedes-Benz Trucks stellen auf der NUFAM zahlreiche Fahrzeuge des Lkw-Herstellers aus. Auf einem Gemeinschaftsstand mit 3.600 m\u00b2 sowie auf der 400 m\u00b2 gro\u00dfen Au\u00dfenfl\u00e4che, zeigen die S&G Automobil AG, die Kestenholz GmbH, die S\u00fcdstern - B\u00f6lle AG + Co KG, die Wackenhut GmbH & Co. KG sowie die TruckCenter Rems-Neckar GmbH & Co. KG die gesamte Mercedes-Benz Trucks Produktpalette.\u00a0 ... weiter","og_url":"https:\/\/www.krafthand-truck.de\/artikel\/mercedes-benz-trucks-partner-zeigen-auf-der-nufam-zahlreiche-fahrzeuge-44001\/","og_site_name":"Krafthand-Truck","article_published_time":"2025-09-22T11:02:38+00:00","article_modified_time":"2025-09-22T11:04:32+00:00","og_image":[{"width":1200,"height":634,"url":"https:\/\/static.krafthand-truck.de\/uploads\/2025\/09\/Mercedes_Benz_Trucks_eActros600_NUFAM_2025.jpg","type":"image\/jpeg"}],"author":"georg.blenk@krafthand-medien.de","twitter_card":"summary_large_image","twitter_misc":{"Verfasst von":"georg.blenk@krafthand-medien.de","Gesch\u00e4tzte Lesezeit":"2\u00a0Minuten"},"schema":{"@context":"https:\/\/schema.org","@graph":[{"@type":"Article","@id":"https:\/\/www.krafthand.de\/truck\/artikel\/mercedes-benz-trucks-partner-zeigen-auf-der-nufam-zahlreiche-fahrzeuge-44001\/#article","isPartOf":{"@id":"https:\/\/www.krafthand.de\/truck\/artikel\/mercedes-benz-trucks-partner-zeigen-auf-der-nufam-zahlreiche-fahrzeuge-44001\/"},"author":{"name":"georg.blenk@krafthand-medien.de","@id":"https:\/\/www.krafthand.de\/truck\/#\/schema\/person\/51fa80b1c57034c4bf63f9f988fc24ce"},"headline":"NUFAM 2025: Mercedes-Benz Trucks-Partner pr\u00e4sentieren zahlreiche Fahrzeuge","datePublished":"2025-09-22T11:02:38+00:00","dateModified":"2025-09-22T11:04:32+00:00","mainEntityOfPage":{"@id":"https:\/\/www.krafthand.de\/truck\/artikel\/mercedes-benz-trucks-partner-zeigen-auf-der-nufam-zahlreiche-fahrzeuge-44001\/"},"wordCount":186,"image":{"@id":"https:\/\/www.krafthand.de\/truck\/artikel\/mercedes-benz-trucks-partner-zeigen-auf-der-nufam-zahlreiche-fahrzeuge-44001\/#primaryimage"},"thumbnailUrl":"https:\/\/static.krafthand-truck.de\/uploads\/2025\/09\/Mercedes_Benz_Trucks_eActros600_NUFAM_2025.jpg","keywords":["eActros 600","Mercedes-Benz","Nufam 2025"],"articleSection":["Neue Fahrzeuge","Veranstaltungen\/Messen"],"inLanguage":"de"},{"@type":"WebPage","@id":"https:\/\/www.krafthand.de\/truck\/artikel\/mercedes-benz-trucks-partner-zeigen-auf-der-nufam-zahlreiche-fahrzeuge-44001\/","url":"https:\/\/www.krafthand.de\/truck\/artikel\/mercedes-benz-trucks-partner-zeigen-auf-der-nufam-zahlreiche-fahrzeuge-44001\/","name":"NUFAM 2025: Mercedes-Benz Trucks-Partner pr\u00e4sentieren zahlreiche Fahrzeuge - Krafthand-Truck","isPartOf":{"@id":"https:\/\/www.krafthand.de\/truck\/#website"},"primaryImageOfPage":{"@id":"https:\/\/www.krafthand.de\/truck\/artikel\/mercedes-benz-trucks-partner-zeigen-auf-der-nufam-zahlreiche-fahrzeuge-44001\/#primaryimage"},"image":{"@id":"https:\/\/www.krafthand.de\/truck\/artikel\/mercedes-benz-trucks-partner-zeigen-auf-der-nufam-zahlreiche-fahrzeuge-44001\/#primaryimage"},"thumbnailUrl":"https:\/\/static.krafthand-truck.de\/uploads\/2025\/09\/Mercedes_Benz_Trucks_eActros600_NUFAM_2025.jpg","datePublished":"2025-09-22T11:02:38+00:00","dateModified":"2025-09-22T11:04:32+00:00","author":{"@id":"https:\/\/www.krafthand.de\/truck\/#\/schema\/person\/51fa80b1c57034c4bf63f9f988fc24ce"},"breadcrumb":{"@id":"https:\/\/www.krafthand.de\/truck\/artikel\/mercedes-benz-trucks-partner-zeigen-auf-der-nufam-zahlreiche-fahrzeuge-44001\/#breadcrumb"},"inLanguage":"de","potentialAction":[{"@type":"ReadAction","target":["https:\/\/www.krafthand.de\/truck\/artikel\/mercedes-benz-trucks-partner-zeigen-auf-der-nufam-zahlreiche-fahrzeuge-44001\/"]}]},{"@type":"ImageObject","inLanguage":"de","@id":"https:\/\/www.krafthand.de\/truck\/artikel\/mercedes-benz-trucks-partner-zeigen-auf-der-nufam-zahlreiche-fahrzeuge-44001\/#primaryimage","url":"https:\/\/static.krafthand-truck.de\/uploads\/2025\/09\/Mercedes_Benz_Trucks_eActros600_NUFAM_2025.jpg","contentUrl":"https:\/\/static.krafthand-truck.de\/uploads\/2025\/09\/Mercedes_Benz_Trucks_eActros600_NUFAM_2025.jpg","width":1200,"height":634},{"@type":"BreadcrumbList","@id":"https:\/\/www.krafthand.de\/truck\/artikel\/mercedes-benz-trucks-partner-zeigen-auf-der-nufam-zahlreiche-fahrzeuge-44001\/#breadcrumb","itemListElement":[{"@type":"ListItem","position":1,"name":"Krafthand-Truck","item":"https:\/\/www.krafthand.de\/truck\/"},{"@type":"ListItem","position":2,"name":"IT+Fuhrpark","item":"https:\/\/www.krafthand.de\/truck\/kategorie\/fuhrpark\/"},{"@type":"ListItem","position":3,"name":"Neue Fahrzeuge","item":"https:\/\/www.krafthand.de\/truck\/kategorie\/fuhrpark\/neue-fahrzeuge\/"},{"@type":"ListItem","position":4,"name":"NUFAM 2025: Mercedes-Benz Trucks-Partner pr\u00e4sentieren zahlreiche Fahrzeuge"}]},{"@type":"WebSite","@id":"https:\/\/www.krafthand.de\/truck\/#website","url":"https:\/\/www.krafthand.de\/truck\/","name":"Krafthand-Truck","description":"","potentialAction":[{"@type":"SearchAction","target":{"@type":"EntryPoint","urlTemplate":"https:\/\/www.krafthand.de\/truck\/?s={search_term_string}"},"query-input":{"@type":"PropertyValueSpecification","valueRequired":true,"valueName":"search_term_string"}}],"inLanguage":"de"},{"@type":"Person","@id":"https:\/\/www.krafthand.de\/truck\/#\/schema\/person\/51fa80b1c57034c4bf63f9f988fc24ce","name":"georg.blenk@krafthand-medien.de","image":{"@type":"ImageObject","inLanguage":"de","@id":"https:\/\/secure.gravatar.com\/avatar\/93713c30affe0aa95d3a4130e499bb1abee2eb31adbdd9ce2aa1543538490215?s=96&d=mm&r=g","url":"https:\/\/secure.gravatar.com\/avatar\/93713c30affe0aa95d3a4130e499bb1abee2eb31adbdd9ce2aa1543538490215?s=96&d=mm&r=g","contentUrl":"https:\/\/secure.gravatar.com\/avatar\/93713c30affe0aa95d3a4130e499bb1abee2eb31adbdd9ce2aa1543538490215?s=96&d=mm&r=g","caption":"georg.blenk@krafthand-medien.de"}}]}},"_links":{"self":[{"href":"https:\/\/www.krafthand.de\/truck\/wp-json\/wp\/v2\/posts\/44001","targetHints":{"allow":["GET"]}}],"collection":[{"href":"https:\/\/www.krafthand.de\/truck\/wp-json\/wp\/v2\/posts"}],"about":[{"href":"https:\/\/www.krafthand.de\/truck\/wp-json\/wp\/v2\/types\/post"}],"author":[{"embeddable":true,"href":"https:\/\/www.krafthand.de\/truck\/wp-json\/wp\/v2\/users\/9"}],"replies":[{"embeddable":true,"href":"https:\/\/www.krafthand.de\/truck\/wp-json\/wp\/v2\/comments?post=44001"}],"version-history":[{"count":7,"href":"https:\/\/www.krafthand.de\/truck\/wp-json\/wp\/v2\/posts\/44001\/revisions"}],"predecessor-version":[{"id":44009,"href":"https:\/\/www.krafthand.de\/truck\/wp-json\/wp\/v2\/posts\/44001\/revisions\/44009"}],"wp:featuredmedia":[{"embeddable":true,"href":"https:\/\/www.krafthand.de\/truck\/wp-json\/wp\/v2\/media\/44005"}],"wp:attachment":[{"href":"https:\/\/www.krafthand.de\/truck\/wp-json\/wp\/v2\/media?parent=44001"}],"wp:term":[{"taxonomy":"category","embeddable":true,"href":"https:\/\/www.krafthand.de\/truck\/wp-json\/wp\/v2\/categories?post=44001"},{"taxonomy":"post_tag","embeddable":true,"href":"https:\/\/www.krafthand.de\/truck\/wp-json\/wp\/v2\/tags?post=44001"},{"taxonomy":"settings","embeddable":true,"href":"https:\/\/www.krafthand.de\/truck\/wp-json\/wp\/v2\/settings?post=44001"}],"curies":[{"name":"wp","href":"https:\/\/api.w.org\/{rel}","templated":true}]}}