{"id":43958,"date":"2025-09-19T14:11:32","date_gmt":"2025-09-19T12:11:32","guid":{"rendered":"https:\/\/www.krafthand.de\/truck\/?p=43958"},"modified":"2025-09-19T14:19:20","modified_gmt":"2025-09-19T12:19:20","slug":"best-of-truck-montagewissen-jetzt-auch-fuer-nutzfahrzeugprofis","status":"publish","type":"post","link":"https:\/\/www.krafthand.de\/truck\/artikel\/best-of-truck-montagewissen-jetzt-auch-fuer-nutzfahrzeugprofis-43958\/","title":{"rendered":"&#8218;Best of Truck&#8216;: Montagewissen f\u00fcr Nutzfahrzeugprofis"},"content":{"rendered":"<p>Nach dem Start der &#8218;Best of Car&#8216;-Videos hat der Spezialist f\u00fcr Dichtstoffe Victor Renz jetzt mit &#8218;Best of Truck&#8216; eine neue Video-\u00dcbersicht f\u00fcr den Nutzfahrzeugbereich pr\u00e4sentiert. Die &#8218;Best of&#8216;-Ausgabe, fasst die wichtigsten Arbeitsschritte und Tipps aus mehreren Video-Tutorials mit Victoria f\u00fcr Lkw-Bauteile zusammen. Die Schritt-f\u00fcr-Schritt-Videos zeigen, wie defekte Teile sicher ausgebaut und Original-Ersatzteile von Victor Reinz fachgerecht eingebaut werden.<\/p>\n<p><strong>Die neuen Videos zeigen die Demontage und Montage von:<\/strong><\/p>\n<ul>\n<li>Zylinderkopfdichtungen<\/li>\n<li>Auspuffkr\u00fcmmerdichtungen<\/li>\n<li>Ansaugkr\u00fcmmerdichtungen<\/li>\n<li>\u00d6lwannen \u2013 Dichtungsentfernung mit RE-MOVE<\/li>\n<li>\u00d6lwannen \u2013 Abdichtung mit REINZOSIL<\/li>\n<li>Wellendichtringen<\/li>\n<li>Ventildeckeldichtungen und Ventilschaftdichtungen<\/li>\n<\/ul>\n<p>Die neue Video-Reihe &#8218;Best of Truck&#8216; und alle weiteren Victoria Videos der Truck Edition ist kostenlos \u00fcber den <a href=\"https:\/\/www.victorreinz.com\/DE\/Service-Downloads\/Victoria%E2%80%99s-Praxistipps.aspx\" target=\"_blank\" rel=\"noopener\">Victor Reinz YouTube-Kanal<\/a> abrufbar.<\/p>\n<p>Zudem gibt es f\u00fcr Nutzfahrzeugbegeisterte auch die &#8218;<a href=\"https:\/\/spicerparts.com\/en-emea\/videos\" target=\"_blank\" rel=\"noopener\">Spicer-Video-Edition<\/a>&#8218;, ebenfalls mit n\u00fctzlichen Montage Tipps zu den Themen Universalgelenke, Achsen und Gelenk- und Antriebswellen.<\/p>\n","protected":false},"excerpt":{"rendered":"<p>Nach dem Start der &#8218;Best of Car&#8216;-Videos hat der Spezialist f\u00fcr Dichtstoffe Victor Renz jetzt mit &#8218;Best of Truck&#8216; eine neue Video-\u00dcbersicht f\u00fcr den Nutzfahrzeugbereich pr\u00e4sentiert. Die &#8218;Best of&#8216;-Ausgabe, fasst die wichtigsten Arbeitsschritte und Tipps aus mehreren Video-Tutorials mit Victoria f\u00fcr Lkw-Bauteile zusammen. <span class=\"excerpt-more__dots\">&#8230;<\/span> <a class=\"excerpt-more__link\" href=\"https:\/\/www.krafthand.de\/truck\/artikel\/best-of-truck-montagewissen-jetzt-auch-fuer-nutzfahrzeugprofis-43958\/\" >weiter<\/a><\/p>\n","protected":false},"author":9,"featured_media":43962,"comment_status":"closed","ping_status":"closed","sticky":false,"template":"","format":"standard","meta":{"footnotes":""},"categories":[4912,4324],"tags":[3701,6327,3901,3687],"settings":[4766,3523],"class_list":["post-43958","post","type-post","status-publish","format-standard","has-post-thumbnail","hentry","category-ersatzteile-zubehoer","category-schulungen-bildung","tag-dana","tag-oelwanne","tag-victor-reinz","tag-zylinderkopfdichtung"],"yoast_head":"<!-- This site is optimized with the Yoast SEO plugin v27.3 - https:\/\/yoast.com\/product\/yoast-seo-wordpress\/ -->\n<title>&#039;Best of Truck&#039;: Montagewissen f\u00fcr Nutzfahrzeugprofis - Krafthand-Truck<\/title>\n<meta name=\"description\" content=\"Nach dem Start der &#039;Best of Car&#039; -Videos hat der Spezialist f\u00fcr Dichtstoffe Victor Renz jetzt mit &#039;Best of Truck&#039; eine neue Video-\u00dcbersicht f\u00fcr den Nutzfahrzeugbereich pr\u00e4sentiert.\" \/>\n<meta name=\"robots\" content=\"index, follow, max-snippet:-1, max-image-preview:large, max-video-preview:-1\" \/>\n<link rel=\"canonical\" href=\"https:\/\/www.krafthand.de\/truck\/artikel\/best-of-truck-montagewissen-jetzt-auch-fuer-nutzfahrzeugprofis-43958\/\" \/>\n<meta property=\"og:locale\" content=\"de_DE\" \/>\n<meta property=\"og:type\" content=\"article\" \/>\n<meta property=\"og:title\" content=\"&#039;Best of Truck&#039;: Montagewissen f\u00fcr Nutzfahrzeugprofis - Krafthand-Truck\" \/>\n<meta property=\"og:description\" content=\"Nach dem Start der &#039;Best of Car&#039; -Videos hat der Spezialist f\u00fcr Dichtstoffe Victor Renz jetzt mit &#039;Best of Truck&#039; eine neue Video-\u00dcbersicht f\u00fcr den Nutzfahrzeugbereich pr\u00e4sentiert.\" \/>\n<meta property=\"og:url\" content=\"https:\/\/www.krafthand-truck.de\/artikel\/best-of-truck-montagewissen-jetzt-auch-fuer-nutzfahrzeugprofis-43958\/\" \/>\n<meta property=\"og:site_name\" content=\"Krafthand-Truck\" \/>\n<meta property=\"article:published_time\" content=\"2025-09-19T12:11:32+00:00\" \/>\n<meta property=\"article:modified_time\" content=\"2025-09-19T12:19:20+00:00\" \/>\n<meta property=\"og:image\" content=\"https:\/\/static.krafthand-truck.de\/uploads\/2025\/09\/DANA_Victor_Reinz_Montagevideos_Nutzfahrzeuge_Victoria.jpg\" \/>\n\t<meta property=\"og:image:width\" content=\"1200\" \/>\n\t<meta property=\"og:image:height\" content=\"709\" \/>\n\t<meta property=\"og:image:type\" content=\"image\/jpeg\" \/>\n<meta name=\"author\" content=\"georg.blenk@krafthand-medien.de\" \/>\n<meta name=\"twitter:card\" content=\"summary_large_image\" \/>\n<meta name=\"twitter:label1\" content=\"Verfasst von\" \/>\n\t<meta name=\"twitter:data1\" content=\"georg.blenk@krafthand-medien.de\" \/>\n\t<meta name=\"twitter:label2\" content=\"Gesch\u00e4tzte Lesezeit\" \/>\n\t<meta name=\"twitter:data2\" content=\"1\u00a0Minute\" \/>\n<script type=\"application\/ld+json\" class=\"yoast-schema-graph\">{\"@context\":\"https:\\\/\\\/schema.org\",\"@graph\":[{\"@type\":\"Article\",\"@id\":\"https:\\\/\\\/www.krafthand.de\\\/truck\\\/artikel\\\/best-of-truck-montagewissen-jetzt-auch-fuer-nutzfahrzeugprofis-43958\\\/#article\",\"isPartOf\":{\"@id\":\"https:\\\/\\\/www.krafthand.de\\\/truck\\\/artikel\\\/best-of-truck-montagewissen-jetzt-auch-fuer-nutzfahrzeugprofis-43958\\\/\"},\"author\":{\"name\":\"georg.blenk@krafthand-medien.de\",\"@id\":\"https:\\\/\\\/www.krafthand.de\\\/truck\\\/#\\\/schema\\\/person\\\/51fa80b1c57034c4bf63f9f988fc24ce\"},\"headline\":\"&#8218;Best of Truck&#8216;: Montagewissen f\u00fcr Nutzfahrzeugprofis\",\"datePublished\":\"2025-09-19T12:11:32+00:00\",\"dateModified\":\"2025-09-19T12:19:20+00:00\",\"mainEntityOfPage\":{\"@id\":\"https:\\\/\\\/www.krafthand.de\\\/truck\\\/artikel\\\/best-of-truck-montagewissen-jetzt-auch-fuer-nutzfahrzeugprofis-43958\\\/\"},\"wordCount\":146,\"image\":{\"@id\":\"https:\\\/\\\/www.krafthand.de\\\/truck\\\/artikel\\\/best-of-truck-montagewissen-jetzt-auch-fuer-nutzfahrzeugprofis-43958\\\/#primaryimage\"},\"thumbnailUrl\":\"https:\\\/\\\/static.krafthand-truck.de\\\/uploads\\\/2025\\\/09\\\/DANA_Victor_Reinz_Montagevideos_Nutzfahrzeuge_Victoria.jpg\",\"keywords\":[\"Dana\",\"\u00d6lwanne\",\"Victor Reinz\",\"Zylinderkopfdichtung\"],\"articleSection\":[\"Ersatzteile\\\/Zubeh\u00f6r\",\"Schulungen\\\/Bildung\"],\"inLanguage\":\"de\"},{\"@type\":\"WebPage\",\"@id\":\"https:\\\/\\\/www.krafthand.de\\\/truck\\\/artikel\\\/best-of-truck-montagewissen-jetzt-auch-fuer-nutzfahrzeugprofis-43958\\\/\",\"url\":\"https:\\\/\\\/www.krafthand.de\\\/truck\\\/artikel\\\/best-of-truck-montagewissen-jetzt-auch-fuer-nutzfahrzeugprofis-43958\\\/\",\"name\":\"'Best of Truck': Montagewissen f\u00fcr Nutzfahrzeugprofis - Krafthand-Truck\",\"isPartOf\":{\"@id\":\"https:\\\/\\\/www.krafthand.de\\\/truck\\\/#website\"},\"primaryImageOfPage\":{\"@id\":\"https:\\\/\\\/www.krafthand.de\\\/truck\\\/artikel\\\/best-of-truck-montagewissen-jetzt-auch-fuer-nutzfahrzeugprofis-43958\\\/#primaryimage\"},\"image\":{\"@id\":\"https:\\\/\\\/www.krafthand.de\\\/truck\\\/artikel\\\/best-of-truck-montagewissen-jetzt-auch-fuer-nutzfahrzeugprofis-43958\\\/#primaryimage\"},\"thumbnailUrl\":\"https:\\\/\\\/static.krafthand-truck.de\\\/uploads\\\/2025\\\/09\\\/DANA_Victor_Reinz_Montagevideos_Nutzfahrzeuge_Victoria.jpg\",\"datePublished\":\"2025-09-19T12:11:32+00:00\",\"dateModified\":\"2025-09-19T12:19:20+00:00\",\"author\":{\"@id\":\"https:\\\/\\\/www.krafthand.de\\\/truck\\\/#\\\/schema\\\/person\\\/51fa80b1c57034c4bf63f9f988fc24ce\"},\"description\":\"Nach dem Start der 'Best of Car' -Videos hat der Spezialist f\u00fcr Dichtstoffe Victor Renz jetzt mit 'Best of Truck' eine neue Video-\u00dcbersicht f\u00fcr den Nutzfahrzeugbereich pr\u00e4sentiert.\",\"breadcrumb\":{\"@id\":\"https:\\\/\\\/www.krafthand.de\\\/truck\\\/artikel\\\/best-of-truck-montagewissen-jetzt-auch-fuer-nutzfahrzeugprofis-43958\\\/#breadcrumb\"},\"inLanguage\":\"de\",\"potentialAction\":[{\"@type\":\"ReadAction\",\"target\":[\"https:\\\/\\\/www.krafthand.de\\\/truck\\\/artikel\\\/best-of-truck-montagewissen-jetzt-auch-fuer-nutzfahrzeugprofis-43958\\\/\"]}]},{\"@type\":\"ImageObject\",\"inLanguage\":\"de\",\"@id\":\"https:\\\/\\\/www.krafthand.de\\\/truck\\\/artikel\\\/best-of-truck-montagewissen-jetzt-auch-fuer-nutzfahrzeugprofis-43958\\\/#primaryimage\",\"url\":\"https:\\\/\\\/static.krafthand-truck.de\\\/uploads\\\/2025\\\/09\\\/DANA_Victor_Reinz_Montagevideos_Nutzfahrzeuge_Victoria.jpg\",\"contentUrl\":\"https:\\\/\\\/static.krafthand-truck.de\\\/uploads\\\/2025\\\/09\\\/DANA_Victor_Reinz_Montagevideos_Nutzfahrzeuge_Victoria.jpg\",\"width\":1200,\"height\":709},{\"@type\":\"BreadcrumbList\",\"@id\":\"https:\\\/\\\/www.krafthand.de\\\/truck\\\/artikel\\\/best-of-truck-montagewissen-jetzt-auch-fuer-nutzfahrzeugprofis-43958\\\/#breadcrumb\",\"itemListElement\":[{\"@type\":\"ListItem\",\"position\":1,\"name\":\"Krafthand-Truck\",\"item\":\"https:\\\/\\\/www.krafthand.de\\\/truck\\\/\"},{\"@type\":\"ListItem\",\"position\":2,\"name\":\"Nfz-Branche\",\"item\":\"https:\\\/\\\/www.krafthand.de\\\/truck\\\/kategorie\\\/branche\\\/\"},{\"@type\":\"ListItem\",\"position\":3,\"name\":\"Schulungen\\\/Bildung\",\"item\":\"https:\\\/\\\/www.krafthand.de\\\/truck\\\/kategorie\\\/branche\\\/schulungen-bildung\\\/\"},{\"@type\":\"ListItem\",\"position\":4,\"name\":\"&#8218;Best of Truck&#8216;: Montagewissen f\u00fcr Nutzfahrzeugprofis\"}]},{\"@type\":\"WebSite\",\"@id\":\"https:\\\/\\\/www.krafthand.de\\\/truck\\\/#website\",\"url\":\"https:\\\/\\\/www.krafthand.de\\\/truck\\\/\",\"name\":\"Krafthand-Truck\",\"description\":\"\",\"potentialAction\":[{\"@type\":\"SearchAction\",\"target\":{\"@type\":\"EntryPoint\",\"urlTemplate\":\"https:\\\/\\\/www.krafthand.de\\\/truck\\\/?s={search_term_string}\"},\"query-input\":{\"@type\":\"PropertyValueSpecification\",\"valueRequired\":true,\"valueName\":\"search_term_string\"}}],\"inLanguage\":\"de\"},{\"@type\":\"Person\",\"@id\":\"https:\\\/\\\/www.krafthand.de\\\/truck\\\/#\\\/schema\\\/person\\\/51fa80b1c57034c4bf63f9f988fc24ce\",\"name\":\"georg.blenk@krafthand-medien.de\",\"image\":{\"@type\":\"ImageObject\",\"inLanguage\":\"de\",\"@id\":\"https:\\\/\\\/secure.gravatar.com\\\/avatar\\\/93713c30affe0aa95d3a4130e499bb1abee2eb31adbdd9ce2aa1543538490215?s=96&d=mm&r=g\",\"url\":\"https:\\\/\\\/secure.gravatar.com\\\/avatar\\\/93713c30affe0aa95d3a4130e499bb1abee2eb31adbdd9ce2aa1543538490215?s=96&d=mm&r=g\",\"contentUrl\":\"https:\\\/\\\/secure.gravatar.com\\\/avatar\\\/93713c30affe0aa95d3a4130e499bb1abee2eb31adbdd9ce2aa1543538490215?s=96&d=mm&r=g\",\"caption\":\"georg.blenk@krafthand-medien.de\"}}]}<\/script>\n<!-- \/ Yoast SEO plugin. -->","yoast_head_json":{"title":"'Best of Truck': Montagewissen f\u00fcr Nutzfahrzeugprofis - Krafthand-Truck","description":"Nach dem Start der 'Best of Car' -Videos hat der Spezialist f\u00fcr Dichtstoffe Victor Renz jetzt mit 'Best of Truck' eine neue Video-\u00dcbersicht f\u00fcr den Nutzfahrzeugbereich pr\u00e4sentiert.","robots":{"index":"index","follow":"follow","max-snippet":"max-snippet:-1","max-image-preview":"max-image-preview:large","max-video-preview":"max-video-preview:-1"},"canonical":"https:\/\/www.krafthand.de\/truck\/artikel\/best-of-truck-montagewissen-jetzt-auch-fuer-nutzfahrzeugprofis-43958\/","og_locale":"de_DE","og_type":"article","og_title":"'Best of Truck': Montagewissen f\u00fcr Nutzfahrzeugprofis - Krafthand-Truck","og_description":"Nach dem Start der 'Best of Car' -Videos hat der Spezialist f\u00fcr Dichtstoffe Victor Renz jetzt mit 'Best of Truck' eine neue Video-\u00dcbersicht f\u00fcr den Nutzfahrzeugbereich pr\u00e4sentiert.","og_url":"https:\/\/www.krafthand-truck.de\/artikel\/best-of-truck-montagewissen-jetzt-auch-fuer-nutzfahrzeugprofis-43958\/","og_site_name":"Krafthand-Truck","article_published_time":"2025-09-19T12:11:32+00:00","article_modified_time":"2025-09-19T12:19:20+00:00","og_image":[{"width":1200,"height":709,"url":"https:\/\/static.krafthand-truck.de\/uploads\/2025\/09\/DANA_Victor_Reinz_Montagevideos_Nutzfahrzeuge_Victoria.jpg","type":"image\/jpeg"}],"author":"georg.blenk@krafthand-medien.de","twitter_card":"summary_large_image","twitter_misc":{"Verfasst von":"georg.blenk@krafthand-medien.de","Gesch\u00e4tzte Lesezeit":"1\u00a0Minute"},"schema":{"@context":"https:\/\/schema.org","@graph":[{"@type":"Article","@id":"https:\/\/www.krafthand.de\/truck\/artikel\/best-of-truck-montagewissen-jetzt-auch-fuer-nutzfahrzeugprofis-43958\/#article","isPartOf":{"@id":"https:\/\/www.krafthand.de\/truck\/artikel\/best-of-truck-montagewissen-jetzt-auch-fuer-nutzfahrzeugprofis-43958\/"},"author":{"name":"georg.blenk@krafthand-medien.de","@id":"https:\/\/www.krafthand.de\/truck\/#\/schema\/person\/51fa80b1c57034c4bf63f9f988fc24ce"},"headline":"&#8218;Best of Truck&#8216;: Montagewissen f\u00fcr Nutzfahrzeugprofis","datePublished":"2025-09-19T12:11:32+00:00","dateModified":"2025-09-19T12:19:20+00:00","mainEntityOfPage":{"@id":"https:\/\/www.krafthand.de\/truck\/artikel\/best-of-truck-montagewissen-jetzt-auch-fuer-nutzfahrzeugprofis-43958\/"},"wordCount":146,"image":{"@id":"https:\/\/www.krafthand.de\/truck\/artikel\/best-of-truck-montagewissen-jetzt-auch-fuer-nutzfahrzeugprofis-43958\/#primaryimage"},"thumbnailUrl":"https:\/\/static.krafthand-truck.de\/uploads\/2025\/09\/DANA_Victor_Reinz_Montagevideos_Nutzfahrzeuge_Victoria.jpg","keywords":["Dana","\u00d6lwanne","Victor Reinz","Zylinderkopfdichtung"],"articleSection":["Ersatzteile\/Zubeh\u00f6r","Schulungen\/Bildung"],"inLanguage":"de"},{"@type":"WebPage","@id":"https:\/\/www.krafthand.de\/truck\/artikel\/best-of-truck-montagewissen-jetzt-auch-fuer-nutzfahrzeugprofis-43958\/","url":"https:\/\/www.krafthand.de\/truck\/artikel\/best-of-truck-montagewissen-jetzt-auch-fuer-nutzfahrzeugprofis-43958\/","name":"'Best of Truck': Montagewissen f\u00fcr Nutzfahrzeugprofis - Krafthand-Truck","isPartOf":{"@id":"https:\/\/www.krafthand.de\/truck\/#website"},"primaryImageOfPage":{"@id":"https:\/\/www.krafthand.de\/truck\/artikel\/best-of-truck-montagewissen-jetzt-auch-fuer-nutzfahrzeugprofis-43958\/#primaryimage"},"image":{"@id":"https:\/\/www.krafthand.de\/truck\/artikel\/best-of-truck-montagewissen-jetzt-auch-fuer-nutzfahrzeugprofis-43958\/#primaryimage"},"thumbnailUrl":"https:\/\/static.krafthand-truck.de\/uploads\/2025\/09\/DANA_Victor_Reinz_Montagevideos_Nutzfahrzeuge_Victoria.jpg","datePublished":"2025-09-19T12:11:32+00:00","dateModified":"2025-09-19T12:19:20+00:00","author":{"@id":"https:\/\/www.krafthand.de\/truck\/#\/schema\/person\/51fa80b1c57034c4bf63f9f988fc24ce"},"description":"Nach dem Start der 'Best of Car' -Videos hat der Spezialist f\u00fcr Dichtstoffe Victor Renz jetzt mit 'Best of Truck' eine neue Video-\u00dcbersicht f\u00fcr den Nutzfahrzeugbereich pr\u00e4sentiert.","breadcrumb":{"@id":"https:\/\/www.krafthand.de\/truck\/artikel\/best-of-truck-montagewissen-jetzt-auch-fuer-nutzfahrzeugprofis-43958\/#breadcrumb"},"inLanguage":"de","potentialAction":[{"@type":"ReadAction","target":["https:\/\/www.krafthand.de\/truck\/artikel\/best-of-truck-montagewissen-jetzt-auch-fuer-nutzfahrzeugprofis-43958\/"]}]},{"@type":"ImageObject","inLanguage":"de","@id":"https:\/\/www.krafthand.de\/truck\/artikel\/best-of-truck-montagewissen-jetzt-auch-fuer-nutzfahrzeugprofis-43958\/#primaryimage","url":"https:\/\/static.krafthand-truck.de\/uploads\/2025\/09\/DANA_Victor_Reinz_Montagevideos_Nutzfahrzeuge_Victoria.jpg","contentUrl":"https:\/\/static.krafthand-truck.de\/uploads\/2025\/09\/DANA_Victor_Reinz_Montagevideos_Nutzfahrzeuge_Victoria.jpg","width":1200,"height":709},{"@type":"BreadcrumbList","@id":"https:\/\/www.krafthand.de\/truck\/artikel\/best-of-truck-montagewissen-jetzt-auch-fuer-nutzfahrzeugprofis-43958\/#breadcrumb","itemListElement":[{"@type":"ListItem","position":1,"name":"Krafthand-Truck","item":"https:\/\/www.krafthand.de\/truck\/"},{"@type":"ListItem","position":2,"name":"Nfz-Branche","item":"https:\/\/www.krafthand.de\/truck\/kategorie\/branche\/"},{"@type":"ListItem","position":3,"name":"Schulungen\/Bildung","item":"https:\/\/www.krafthand.de\/truck\/kategorie\/branche\/schulungen-bildung\/"},{"@type":"ListItem","position":4,"name":"&#8218;Best of Truck&#8216;: Montagewissen f\u00fcr Nutzfahrzeugprofis"}]},{"@type":"WebSite","@id":"https:\/\/www.krafthand.de\/truck\/#website","url":"https:\/\/www.krafthand.de\/truck\/","name":"Krafthand-Truck","description":"","potentialAction":[{"@type":"SearchAction","target":{"@type":"EntryPoint","urlTemplate":"https:\/\/www.krafthand.de\/truck\/?s={search_term_string}"},"query-input":{"@type":"PropertyValueSpecification","valueRequired":true,"valueName":"search_term_string"}}],"inLanguage":"de"},{"@type":"Person","@id":"https:\/\/www.krafthand.de\/truck\/#\/schema\/person\/51fa80b1c57034c4bf63f9f988fc24ce","name":"georg.blenk@krafthand-medien.de","image":{"@type":"ImageObject","inLanguage":"de","@id":"https:\/\/secure.gravatar.com\/avatar\/93713c30affe0aa95d3a4130e499bb1abee2eb31adbdd9ce2aa1543538490215?s=96&d=mm&r=g","url":"https:\/\/secure.gravatar.com\/avatar\/93713c30affe0aa95d3a4130e499bb1abee2eb31adbdd9ce2aa1543538490215?s=96&d=mm&r=g","contentUrl":"https:\/\/secure.gravatar.com\/avatar\/93713c30affe0aa95d3a4130e499bb1abee2eb31adbdd9ce2aa1543538490215?s=96&d=mm&r=g","caption":"georg.blenk@krafthand-medien.de"}}]}},"_links":{"self":[{"href":"https:\/\/www.krafthand.de\/truck\/wp-json\/wp\/v2\/posts\/43958","targetHints":{"allow":["GET"]}}],"collection":[{"href":"https:\/\/www.krafthand.de\/truck\/wp-json\/wp\/v2\/posts"}],"about":[{"href":"https:\/\/www.krafthand.de\/truck\/wp-json\/wp\/v2\/types\/post"}],"author":[{"embeddable":true,"href":"https:\/\/www.krafthand.de\/truck\/wp-json\/wp\/v2\/users\/9"}],"replies":[{"embeddable":true,"href":"https:\/\/www.krafthand.de\/truck\/wp-json\/wp\/v2\/comments?post=43958"}],"version-history":[{"count":11,"href":"https:\/\/www.krafthand.de\/truck\/wp-json\/wp\/v2\/posts\/43958\/revisions"}],"predecessor-version":[{"id":43970,"href":"https:\/\/www.krafthand.de\/truck\/wp-json\/wp\/v2\/posts\/43958\/revisions\/43970"}],"wp:featuredmedia":[{"embeddable":true,"href":"https:\/\/www.krafthand.de\/truck\/wp-json\/wp\/v2\/media\/43962"}],"wp:attachment":[{"href":"https:\/\/www.krafthand.de\/truck\/wp-json\/wp\/v2\/media?parent=43958"}],"wp:term":[{"taxonomy":"category","embeddable":true,"href":"https:\/\/www.krafthand.de\/truck\/wp-json\/wp\/v2\/categories?post=43958"},{"taxonomy":"post_tag","embeddable":true,"href":"https:\/\/www.krafthand.de\/truck\/wp-json\/wp\/v2\/tags?post=43958"},{"taxonomy":"settings","embeddable":true,"href":"https:\/\/www.krafthand.de\/truck\/wp-json\/wp\/v2\/settings?post=43958"}],"curies":[{"name":"wp","href":"https:\/\/api.w.org\/{rel}","templated":true}]}}