{"id":43948,"date":"2025-09-19T13:04:14","date_gmt":"2025-09-19T11:04:14","guid":{"rendered":"https:\/\/www.krafthand.de\/truck\/?p=43948"},"modified":"2025-10-06T07:57:37","modified_gmt":"2025-10-06T05:57:37","slug":"abc-aeroline-zeigt-auf-der-nufam-zwei-weltneuheiten","status":"publish","type":"post","link":"https:\/\/www.krafthand.de\/truck\/artikel\/abc-aeroline-zeigt-auf-der-nufam-zwei-weltneuheiten-43948\/","title":{"rendered":"ABC AeroLine zeigte auf der NUFAM zwei Weltneuheiten"},"content":{"rendered":"<p>Der Spezialist f\u00fcr Windleitsysteme, Dachschlafkabinen sowie LED- und Solartechnik, ABC AeroLine, pr\u00e4sentierte sein Portfolio auf der NUFAM in Karlsruhe. Dabei zeigte das Unternehmen mit Sitz in N\u00fcmbrecht (50 Kilometer nord\u00f6stlich von Bonn) zwei Weltneuheiten. Bekannt ist ABC AeroLine aufgrund seiner Schlafkabinen und DeepSleeper-Systeme. Sie verbinden Komfort mit Aerodynamik. Durch die Aufbauten lie\u00dfen sich in bestimmten Einsatzbereichen Kraftstoffeinsparungen von bis zu 25 Prozent erzielen, so ein Unternehmenssprecher.<\/p>\n<blockquote><p>\u201eWir freuten uns, auf der NUFAM zwei Weltpremieren vorzustellen, die f\u00fcr unsere Branche wegweisend sein werden. Besucher konnten sich \u00fcber L\u00f6sungen freuen, die sowohl Fahrern als auch Flottenbetreibern nachhaltige Vorteile bringen\u201c, erkl\u00e4rt Roland Menn, Gesch\u00e4ftsf\u00fchrer der ABC AeroLine GmbH &amp; Co. KG.<\/p><\/blockquote>\n<p>&nbsp;<\/p>\n","protected":false},"excerpt":{"rendered":"<p>Der Spezialist f\u00fcr Windleitsysteme, Dachschlafkabinen sowie LED- und Solartechnik, ABC AeroLine, pr\u00e4sentiert sein Portfolio auf der NUFAM in Karlsruhe. Dabei zeigt das Unternehmen mit Sitz in N\u00fcmbrecht-Elsenroth (50 Kilometer nord\u00f6stlich von Bonn) zwei Weltneuheiten. <span class=\"excerpt-more__dots\">&#8230;<\/span> <a class=\"excerpt-more__link\" href=\"https:\/\/www.krafthand.de\/truck\/artikel\/abc-aeroline-zeigt-auf-der-nufam-zwei-weltneuheiten-43948\/\" >weiter<\/a><\/p>\n","protected":false},"author":9,"featured_media":43954,"comment_status":"closed","ping_status":"closed","sticky":false,"template":"","format":"standard","meta":{"footnotes":""},"categories":[4229,4236],"tags":[6324,117,6325,2673,6326],"settings":[4766,3523],"class_list":["post-43948","post","type-post","status-publish","format-standard","has-post-thumbnail","hentry","category-nfz-teile-systeme","category-veranstaltungen","tag-abc-aeroline","tag-aerodynamik","tag-dachschlafkabine","tag-led-arbeitsscheinwerfer","tag-schlafkabine"],"yoast_head":"<!-- This site is optimized with the Yoast SEO plugin v27.3 - https:\/\/yoast.com\/product\/yoast-seo-wordpress\/ -->\n<title>ABC AeroLine zeigte auf der NUFAM zwei Weltneuheiten - Krafthand-Truck<\/title>\n<meta name=\"description\" content=\"Der Spezialist f\u00fcr Windleitsysteme, Dachschlafkabinen, LED- und Solartechnik, ABC AeroLine, pr\u00e4sentiert sich auf der NUFAM in Karlsruhe.\" \/>\n<meta name=\"robots\" content=\"index, follow, max-snippet:-1, max-image-preview:large, max-video-preview:-1\" \/>\n<link rel=\"canonical\" href=\"https:\/\/www.krafthand.de\/truck\/artikel\/abc-aeroline-zeigt-auf-der-nufam-zwei-weltneuheiten-43948\/\" \/>\n<meta property=\"og:locale\" content=\"de_DE\" \/>\n<meta property=\"og:type\" content=\"article\" \/>\n<meta property=\"og:title\" content=\"ABC AeroLine zeigte auf der NUFAM zwei Weltneuheiten - Krafthand-Truck\" \/>\n<meta property=\"og:description\" content=\"Der Spezialist f\u00fcr Windleitsysteme, Dachschlafkabinen, LED- und Solartechnik, ABC AeroLine, pr\u00e4sentiert sich auf der NUFAM in Karlsruhe.\" \/>\n<meta property=\"og:url\" content=\"https:\/\/www.krafthand-truck.de\/artikel\/abc-aeroline-zeigt-auf-der-nufam-zwei-weltneuheiten-43948\/\" \/>\n<meta property=\"og:site_name\" content=\"Krafthand-Truck\" \/>\n<meta property=\"article:published_time\" content=\"2025-09-19T11:04:14+00:00\" \/>\n<meta property=\"article:modified_time\" content=\"2025-10-06T05:57:37+00:00\" \/>\n<meta property=\"og:image\" content=\"https:\/\/static.krafthand-truck.de\/uploads\/2025\/09\/ABC_Aeroline_Schlafkabine_DeepSleeper_Iveco_Daily.jpg\" \/>\n\t<meta property=\"og:image:width\" content=\"1200\" \/>\n\t<meta property=\"og:image:height\" content=\"727\" \/>\n\t<meta property=\"og:image:type\" content=\"image\/jpeg\" \/>\n<meta name=\"author\" content=\"georg.blenk@krafthand-medien.de\" \/>\n<meta name=\"twitter:card\" content=\"summary_large_image\" \/>\n<meta name=\"twitter:label1\" content=\"Verfasst von\" \/>\n\t<meta name=\"twitter:data1\" content=\"georg.blenk@krafthand-medien.de\" \/>\n\t<meta name=\"twitter:label2\" content=\"Gesch\u00e4tzte Lesezeit\" \/>\n\t<meta name=\"twitter:data2\" content=\"1\u00a0Minute\" \/>\n<script type=\"application\/ld+json\" class=\"yoast-schema-graph\">{\"@context\":\"https:\\\/\\\/schema.org\",\"@graph\":[{\"@type\":\"Article\",\"@id\":\"https:\\\/\\\/www.krafthand.de\\\/truck\\\/artikel\\\/abc-aeroline-zeigt-auf-der-nufam-zwei-weltneuheiten-43948\\\/#article\",\"isPartOf\":{\"@id\":\"https:\\\/\\\/www.krafthand.de\\\/truck\\\/artikel\\\/abc-aeroline-zeigt-auf-der-nufam-zwei-weltneuheiten-43948\\\/\"},\"author\":{\"name\":\"georg.blenk@krafthand-medien.de\",\"@id\":\"https:\\\/\\\/www.krafthand.de\\\/truck\\\/#\\\/schema\\\/person\\\/51fa80b1c57034c4bf63f9f988fc24ce\"},\"headline\":\"ABC AeroLine zeigte auf der NUFAM zwei Weltneuheiten\",\"datePublished\":\"2025-09-19T11:04:14+00:00\",\"dateModified\":\"2025-10-06T05:57:37+00:00\",\"mainEntityOfPage\":{\"@id\":\"https:\\\/\\\/www.krafthand.de\\\/truck\\\/artikel\\\/abc-aeroline-zeigt-auf-der-nufam-zwei-weltneuheiten-43948\\\/\"},\"wordCount\":125,\"image\":{\"@id\":\"https:\\\/\\\/www.krafthand.de\\\/truck\\\/artikel\\\/abc-aeroline-zeigt-auf-der-nufam-zwei-weltneuheiten-43948\\\/#primaryimage\"},\"thumbnailUrl\":\"https:\\\/\\\/static.krafthand-truck.de\\\/uploads\\\/2025\\\/09\\\/ABC_Aeroline_Schlafkabine_DeepSleeper_Iveco_Daily.jpg\",\"keywords\":[\"ABC AeroLine\",\"Aerodynamik\",\"Dachschlafkabine\",\"LED-Arbeitsscheinwerfer\",\"Schlafkabine\"],\"articleSection\":[\"Nfz-Teile\\\/Systeme\",\"Veranstaltungen\\\/Messen\"],\"inLanguage\":\"de\"},{\"@type\":\"WebPage\",\"@id\":\"https:\\\/\\\/www.krafthand.de\\\/truck\\\/artikel\\\/abc-aeroline-zeigt-auf-der-nufam-zwei-weltneuheiten-43948\\\/\",\"url\":\"https:\\\/\\\/www.krafthand.de\\\/truck\\\/artikel\\\/abc-aeroline-zeigt-auf-der-nufam-zwei-weltneuheiten-43948\\\/\",\"name\":\"ABC AeroLine zeigte auf der NUFAM zwei Weltneuheiten - Krafthand-Truck\",\"isPartOf\":{\"@id\":\"https:\\\/\\\/www.krafthand.de\\\/truck\\\/#website\"},\"primaryImageOfPage\":{\"@id\":\"https:\\\/\\\/www.krafthand.de\\\/truck\\\/artikel\\\/abc-aeroline-zeigt-auf-der-nufam-zwei-weltneuheiten-43948\\\/#primaryimage\"},\"image\":{\"@id\":\"https:\\\/\\\/www.krafthand.de\\\/truck\\\/artikel\\\/abc-aeroline-zeigt-auf-der-nufam-zwei-weltneuheiten-43948\\\/#primaryimage\"},\"thumbnailUrl\":\"https:\\\/\\\/static.krafthand-truck.de\\\/uploads\\\/2025\\\/09\\\/ABC_Aeroline_Schlafkabine_DeepSleeper_Iveco_Daily.jpg\",\"datePublished\":\"2025-09-19T11:04:14+00:00\",\"dateModified\":\"2025-10-06T05:57:37+00:00\",\"author\":{\"@id\":\"https:\\\/\\\/www.krafthand.de\\\/truck\\\/#\\\/schema\\\/person\\\/51fa80b1c57034c4bf63f9f988fc24ce\"},\"description\":\"Der Spezialist f\u00fcr Windleitsysteme, Dachschlafkabinen, LED- und Solartechnik, ABC AeroLine, pr\u00e4sentiert sich auf der NUFAM in Karlsruhe.\",\"breadcrumb\":{\"@id\":\"https:\\\/\\\/www.krafthand.de\\\/truck\\\/artikel\\\/abc-aeroline-zeigt-auf-der-nufam-zwei-weltneuheiten-43948\\\/#breadcrumb\"},\"inLanguage\":\"de\",\"potentialAction\":[{\"@type\":\"ReadAction\",\"target\":[\"https:\\\/\\\/www.krafthand.de\\\/truck\\\/artikel\\\/abc-aeroline-zeigt-auf-der-nufam-zwei-weltneuheiten-43948\\\/\"]}]},{\"@type\":\"ImageObject\",\"inLanguage\":\"de\",\"@id\":\"https:\\\/\\\/www.krafthand.de\\\/truck\\\/artikel\\\/abc-aeroline-zeigt-auf-der-nufam-zwei-weltneuheiten-43948\\\/#primaryimage\",\"url\":\"https:\\\/\\\/static.krafthand-truck.de\\\/uploads\\\/2025\\\/09\\\/ABC_Aeroline_Schlafkabine_DeepSleeper_Iveco_Daily.jpg\",\"contentUrl\":\"https:\\\/\\\/static.krafthand-truck.de\\\/uploads\\\/2025\\\/09\\\/ABC_Aeroline_Schlafkabine_DeepSleeper_Iveco_Daily.jpg\",\"width\":1200,\"height\":727},{\"@type\":\"BreadcrumbList\",\"@id\":\"https:\\\/\\\/www.krafthand.de\\\/truck\\\/artikel\\\/abc-aeroline-zeigt-auf-der-nufam-zwei-weltneuheiten-43948\\\/#breadcrumb\",\"itemListElement\":[{\"@type\":\"ListItem\",\"position\":1,\"name\":\"Krafthand-Truck\",\"item\":\"https:\\\/\\\/www.krafthand.de\\\/truck\\\/\"},{\"@type\":\"ListItem\",\"position\":2,\"name\":\"Nfz-Branche\",\"item\":\"https:\\\/\\\/www.krafthand.de\\\/truck\\\/kategorie\\\/branche\\\/\"},{\"@type\":\"ListItem\",\"position\":3,\"name\":\"Veranstaltungen\\\/Messen\",\"item\":\"https:\\\/\\\/www.krafthand.de\\\/truck\\\/kategorie\\\/branche\\\/veranstaltungen\\\/\"},{\"@type\":\"ListItem\",\"position\":4,\"name\":\"ABC AeroLine zeigte auf der NUFAM zwei Weltneuheiten\"}]},{\"@type\":\"WebSite\",\"@id\":\"https:\\\/\\\/www.krafthand.de\\\/truck\\\/#website\",\"url\":\"https:\\\/\\\/www.krafthand.de\\\/truck\\\/\",\"name\":\"Krafthand-Truck\",\"description\":\"\",\"potentialAction\":[{\"@type\":\"SearchAction\",\"target\":{\"@type\":\"EntryPoint\",\"urlTemplate\":\"https:\\\/\\\/www.krafthand.de\\\/truck\\\/?s={search_term_string}\"},\"query-input\":{\"@type\":\"PropertyValueSpecification\",\"valueRequired\":true,\"valueName\":\"search_term_string\"}}],\"inLanguage\":\"de\"},{\"@type\":\"Person\",\"@id\":\"https:\\\/\\\/www.krafthand.de\\\/truck\\\/#\\\/schema\\\/person\\\/51fa80b1c57034c4bf63f9f988fc24ce\",\"name\":\"georg.blenk@krafthand-medien.de\",\"image\":{\"@type\":\"ImageObject\",\"inLanguage\":\"de\",\"@id\":\"https:\\\/\\\/secure.gravatar.com\\\/avatar\\\/93713c30affe0aa95d3a4130e499bb1abee2eb31adbdd9ce2aa1543538490215?s=96&d=mm&r=g\",\"url\":\"https:\\\/\\\/secure.gravatar.com\\\/avatar\\\/93713c30affe0aa95d3a4130e499bb1abee2eb31adbdd9ce2aa1543538490215?s=96&d=mm&r=g\",\"contentUrl\":\"https:\\\/\\\/secure.gravatar.com\\\/avatar\\\/93713c30affe0aa95d3a4130e499bb1abee2eb31adbdd9ce2aa1543538490215?s=96&d=mm&r=g\",\"caption\":\"georg.blenk@krafthand-medien.de\"}}]}<\/script>\n<!-- \/ Yoast SEO plugin. -->","yoast_head_json":{"title":"ABC AeroLine zeigte auf der NUFAM zwei Weltneuheiten - Krafthand-Truck","description":"Der Spezialist f\u00fcr Windleitsysteme, Dachschlafkabinen, LED- und Solartechnik, ABC AeroLine, pr\u00e4sentiert sich auf der NUFAM in Karlsruhe.","robots":{"index":"index","follow":"follow","max-snippet":"max-snippet:-1","max-image-preview":"max-image-preview:large","max-video-preview":"max-video-preview:-1"},"canonical":"https:\/\/www.krafthand.de\/truck\/artikel\/abc-aeroline-zeigt-auf-der-nufam-zwei-weltneuheiten-43948\/","og_locale":"de_DE","og_type":"article","og_title":"ABC AeroLine zeigte auf der NUFAM zwei Weltneuheiten - Krafthand-Truck","og_description":"Der Spezialist f\u00fcr Windleitsysteme, Dachschlafkabinen, LED- und Solartechnik, ABC AeroLine, pr\u00e4sentiert sich auf der NUFAM in Karlsruhe.","og_url":"https:\/\/www.krafthand-truck.de\/artikel\/abc-aeroline-zeigt-auf-der-nufam-zwei-weltneuheiten-43948\/","og_site_name":"Krafthand-Truck","article_published_time":"2025-09-19T11:04:14+00:00","article_modified_time":"2025-10-06T05:57:37+00:00","og_image":[{"width":1200,"height":727,"url":"https:\/\/static.krafthand-truck.de\/uploads\/2025\/09\/ABC_Aeroline_Schlafkabine_DeepSleeper_Iveco_Daily.jpg","type":"image\/jpeg"}],"author":"georg.blenk@krafthand-medien.de","twitter_card":"summary_large_image","twitter_misc":{"Verfasst von":"georg.blenk@krafthand-medien.de","Gesch\u00e4tzte Lesezeit":"1\u00a0Minute"},"schema":{"@context":"https:\/\/schema.org","@graph":[{"@type":"Article","@id":"https:\/\/www.krafthand.de\/truck\/artikel\/abc-aeroline-zeigt-auf-der-nufam-zwei-weltneuheiten-43948\/#article","isPartOf":{"@id":"https:\/\/www.krafthand.de\/truck\/artikel\/abc-aeroline-zeigt-auf-der-nufam-zwei-weltneuheiten-43948\/"},"author":{"name":"georg.blenk@krafthand-medien.de","@id":"https:\/\/www.krafthand.de\/truck\/#\/schema\/person\/51fa80b1c57034c4bf63f9f988fc24ce"},"headline":"ABC AeroLine zeigte auf der NUFAM zwei Weltneuheiten","datePublished":"2025-09-19T11:04:14+00:00","dateModified":"2025-10-06T05:57:37+00:00","mainEntityOfPage":{"@id":"https:\/\/www.krafthand.de\/truck\/artikel\/abc-aeroline-zeigt-auf-der-nufam-zwei-weltneuheiten-43948\/"},"wordCount":125,"image":{"@id":"https:\/\/www.krafthand.de\/truck\/artikel\/abc-aeroline-zeigt-auf-der-nufam-zwei-weltneuheiten-43948\/#primaryimage"},"thumbnailUrl":"https:\/\/static.krafthand-truck.de\/uploads\/2025\/09\/ABC_Aeroline_Schlafkabine_DeepSleeper_Iveco_Daily.jpg","keywords":["ABC AeroLine","Aerodynamik","Dachschlafkabine","LED-Arbeitsscheinwerfer","Schlafkabine"],"articleSection":["Nfz-Teile\/Systeme","Veranstaltungen\/Messen"],"inLanguage":"de"},{"@type":"WebPage","@id":"https:\/\/www.krafthand.de\/truck\/artikel\/abc-aeroline-zeigt-auf-der-nufam-zwei-weltneuheiten-43948\/","url":"https:\/\/www.krafthand.de\/truck\/artikel\/abc-aeroline-zeigt-auf-der-nufam-zwei-weltneuheiten-43948\/","name":"ABC AeroLine zeigte auf der NUFAM zwei Weltneuheiten - Krafthand-Truck","isPartOf":{"@id":"https:\/\/www.krafthand.de\/truck\/#website"},"primaryImageOfPage":{"@id":"https:\/\/www.krafthand.de\/truck\/artikel\/abc-aeroline-zeigt-auf-der-nufam-zwei-weltneuheiten-43948\/#primaryimage"},"image":{"@id":"https:\/\/www.krafthand.de\/truck\/artikel\/abc-aeroline-zeigt-auf-der-nufam-zwei-weltneuheiten-43948\/#primaryimage"},"thumbnailUrl":"https:\/\/static.krafthand-truck.de\/uploads\/2025\/09\/ABC_Aeroline_Schlafkabine_DeepSleeper_Iveco_Daily.jpg","datePublished":"2025-09-19T11:04:14+00:00","dateModified":"2025-10-06T05:57:37+00:00","author":{"@id":"https:\/\/www.krafthand.de\/truck\/#\/schema\/person\/51fa80b1c57034c4bf63f9f988fc24ce"},"description":"Der Spezialist f\u00fcr Windleitsysteme, Dachschlafkabinen, LED- und Solartechnik, ABC AeroLine, pr\u00e4sentiert sich auf der NUFAM in Karlsruhe.","breadcrumb":{"@id":"https:\/\/www.krafthand.de\/truck\/artikel\/abc-aeroline-zeigt-auf-der-nufam-zwei-weltneuheiten-43948\/#breadcrumb"},"inLanguage":"de","potentialAction":[{"@type":"ReadAction","target":["https:\/\/www.krafthand.de\/truck\/artikel\/abc-aeroline-zeigt-auf-der-nufam-zwei-weltneuheiten-43948\/"]}]},{"@type":"ImageObject","inLanguage":"de","@id":"https:\/\/www.krafthand.de\/truck\/artikel\/abc-aeroline-zeigt-auf-der-nufam-zwei-weltneuheiten-43948\/#primaryimage","url":"https:\/\/static.krafthand-truck.de\/uploads\/2025\/09\/ABC_Aeroline_Schlafkabine_DeepSleeper_Iveco_Daily.jpg","contentUrl":"https:\/\/static.krafthand-truck.de\/uploads\/2025\/09\/ABC_Aeroline_Schlafkabine_DeepSleeper_Iveco_Daily.jpg","width":1200,"height":727},{"@type":"BreadcrumbList","@id":"https:\/\/www.krafthand.de\/truck\/artikel\/abc-aeroline-zeigt-auf-der-nufam-zwei-weltneuheiten-43948\/#breadcrumb","itemListElement":[{"@type":"ListItem","position":1,"name":"Krafthand-Truck","item":"https:\/\/www.krafthand.de\/truck\/"},{"@type":"ListItem","position":2,"name":"Nfz-Branche","item":"https:\/\/www.krafthand.de\/truck\/kategorie\/branche\/"},{"@type":"ListItem","position":3,"name":"Veranstaltungen\/Messen","item":"https:\/\/www.krafthand.de\/truck\/kategorie\/branche\/veranstaltungen\/"},{"@type":"ListItem","position":4,"name":"ABC AeroLine zeigte auf der NUFAM zwei Weltneuheiten"}]},{"@type":"WebSite","@id":"https:\/\/www.krafthand.de\/truck\/#website","url":"https:\/\/www.krafthand.de\/truck\/","name":"Krafthand-Truck","description":"","potentialAction":[{"@type":"SearchAction","target":{"@type":"EntryPoint","urlTemplate":"https:\/\/www.krafthand.de\/truck\/?s={search_term_string}"},"query-input":{"@type":"PropertyValueSpecification","valueRequired":true,"valueName":"search_term_string"}}],"inLanguage":"de"},{"@type":"Person","@id":"https:\/\/www.krafthand.de\/truck\/#\/schema\/person\/51fa80b1c57034c4bf63f9f988fc24ce","name":"georg.blenk@krafthand-medien.de","image":{"@type":"ImageObject","inLanguage":"de","@id":"https:\/\/secure.gravatar.com\/avatar\/93713c30affe0aa95d3a4130e499bb1abee2eb31adbdd9ce2aa1543538490215?s=96&d=mm&r=g","url":"https:\/\/secure.gravatar.com\/avatar\/93713c30affe0aa95d3a4130e499bb1abee2eb31adbdd9ce2aa1543538490215?s=96&d=mm&r=g","contentUrl":"https:\/\/secure.gravatar.com\/avatar\/93713c30affe0aa95d3a4130e499bb1abee2eb31adbdd9ce2aa1543538490215?s=96&d=mm&r=g","caption":"georg.blenk@krafthand-medien.de"}}]}},"_links":{"self":[{"href":"https:\/\/www.krafthand.de\/truck\/wp-json\/wp\/v2\/posts\/43948","targetHints":{"allow":["GET"]}}],"collection":[{"href":"https:\/\/www.krafthand.de\/truck\/wp-json\/wp\/v2\/posts"}],"about":[{"href":"https:\/\/www.krafthand.de\/truck\/wp-json\/wp\/v2\/types\/post"}],"author":[{"embeddable":true,"href":"https:\/\/www.krafthand.de\/truck\/wp-json\/wp\/v2\/users\/9"}],"replies":[{"embeddable":true,"href":"https:\/\/www.krafthand.de\/truck\/wp-json\/wp\/v2\/comments?post=43948"}],"version-history":[{"count":10,"href":"https:\/\/www.krafthand.de\/truck\/wp-json\/wp\/v2\/posts\/43948\/revisions"}],"predecessor-version":[{"id":44094,"href":"https:\/\/www.krafthand.de\/truck\/wp-json\/wp\/v2\/posts\/43948\/revisions\/44094"}],"wp:featuredmedia":[{"embeddable":true,"href":"https:\/\/www.krafthand.de\/truck\/wp-json\/wp\/v2\/media\/43954"}],"wp:attachment":[{"href":"https:\/\/www.krafthand.de\/truck\/wp-json\/wp\/v2\/media?parent=43948"}],"wp:term":[{"taxonomy":"category","embeddable":true,"href":"https:\/\/www.krafthand.de\/truck\/wp-json\/wp\/v2\/categories?post=43948"},{"taxonomy":"post_tag","embeddable":true,"href":"https:\/\/www.krafthand.de\/truck\/wp-json\/wp\/v2\/tags?post=43948"},{"taxonomy":"settings","embeddable":true,"href":"https:\/\/www.krafthand.de\/truck\/wp-json\/wp\/v2\/settings?post=43948"}],"curies":[{"name":"wp","href":"https:\/\/api.w.org\/{rel}","templated":true}]}}