{"id":43918,"date":"2025-09-17T12:45:21","date_gmt":"2025-09-17T10:45:21","guid":{"rendered":"https:\/\/www.krafthand.de\/truck\/?p=43918"},"modified":"2025-09-17T13:00:05","modified_gmt":"2025-09-17T11:00:05","slug":"multi-energy-strategie-iveco-zeigt-in-karlsruhe-neuste-innovationen","status":"publish","type":"post","link":"https:\/\/www.krafthand.de\/truck\/artikel\/multi-energy-strategie-iveco-zeigt-in-karlsruhe-neuste-innovationen-43918\/","title":{"rendered":"Multi-Energy-Strategie: IVECO zeigt in Karlsruhe neuste Innovationen"},"content":{"rendered":"<p>Die IVECO S\u00fcd-West Nutzfahrzeuge GmbH pr\u00e4sentiert auf der NUFAM 2025\u00a0 in Karlsruhe das aktuelle Produktportfolio, basierend auf der sogenannten Multi-Energy-Strategie. Dazu geh\u00f6ren auch entsprechende E-Fahrzeuge.\u00a0 Vom 25. bis 28. September zeigt IVECO den S-eWay, den eDaily sowie den eMoovy, dar\u00fcber hinaus die Verbrenner-Varianten den Daily, den S-Way und X-Way. Die Fahrzeuge verf\u00fcgen \u00fcber unterschiedlichste Aufbauten. Neun Nutzfahrzeuge sind dabei auf dem \u00fcber 800 Quadratmeter gro\u00dfen IVECO Messestand <strong>C130 in Halle 1<\/strong> zu sehen. Weitere stehen auf den Messest\u00e4nden von Aufbaupartnern. Am Haupteingang der Messe Karlsruhe begr\u00fc\u00dft eine IVECO S-Way Sattelzugmaschine die Messebesucherinnen und -besucher.<\/p>\n<h3>Preview: Die neue S-eWay Sattelzugmaschine<\/h3>\n<p>Unter anderem kann man auf der <a href=\"https:\/\/www.nufam.de\/de\/\" target=\"_blank\" rel=\"noopener\">NUFAM<\/a> die neue neue IVECO S-eWay Sattelzugmaschine bestaunen. Im Mittelpunkt steht das LFP-Batteriesystem von CATL, mit einer Gesamtenergiekapazit\u00e4t von 603\u202fkWh, wobei 97\u202fProzent nutzbar sind. IVECO gew\u00e4hrt auf die Batterien eine Garantie von bis zu 10 Jahren oder 1,2\u202fMillionen Kilometern. Die IVECO S-eWay Sattelzugmaschine bietet laut IVECO eine Reichweite von bis zu 600\u202fKilometern pro Ladung. Dank der 350-kW-DC-Schnellladung l\u00e4sst sich der Ladezustand (SoC) von 20\u202fauf 80\u202fProzent in nur 60 Minuten realisieren.<br \/>\nDie eAchse wurde von <a href=\"https:\/\/www.fptindustrial.com\/de\" target=\"_blank\" rel=\"noopener\">FPT Industrial<\/a>, eine Schwestermarke von <a href=\"https:\/\/www.iveco.com\/Germany\/\" target=\"_blank\" rel=\"noopener\">IVECO<\/a>, entwickelt. Sie liefert eine kontinuierliche Leistung von 480 kW, die direkt auf die R\u00e4der \u00fcbertragen wird.<\/p>\n<p>Die neue IVECO S-eWay 4&#215;2 Sattelzugmaschine kommt mit einer voll pneumatischen Federung daher. Dank der vielseitigen elektrischen Fahrzeugarchitektur sind ePTO (electric-power-take-off, elektrische Nebenabtriebe) m\u00f6glich. Die S-eWay Sattelzugmaschine verf\u00fcgt zudem \u00fcber eine verl\u00e4ngerte Aero-Cab, die auf optimale aerodynamische Fahrerhauseffizienz ausgelegt ist und gleichzeitig mit bestehenden Aufliegern sowie dem erforderlichen Wendekreis kompatibel bleibt. Die 9-Tonnen-Vollluftfederung an der Vorderachse und der Radstand von 3.932 mm bieten laut IVECO Flexibilit\u00e4t bei der Aufbaukonfiguration und Lastverteilung.<\/p>\n<h3>IVECO eDaily-Fahrgestell mit Kofferaufbau<\/h3>\n<p>Ein weiteres lokal emissionsfreies Messeobjekt ist ein eDaily-Fahrgestell mit Kofferaufbau. Das eDaily-72C-Fahrgestell verf\u00fcgt \u00fcber Zwillingsbereifung und einen Randstand von 5.100 mm und ist laut IVECO das derzeit einzige batterieelektrische Nutzfahrzeug mit vier Batteriepaketen mit je 37 kWh auf dem Markt. Auf die Batterien gibt IVECO acht Jahre beziehungsweise bis zu 250.000 Kilometer Garantie, einschlie\u00dflich Austausch bei Absinken der Kapazit\u00e4t auf unter 80 Prozent. Mit einem Verh\u00e4ltnis von bis zu 95 Prozent zwischen installierter und nutzbarer Energie und einer hohen Energiedichte (265 Wh\/kg auf Zellebene) bieten die Batterien laut Angaben die beste Leistung ihrer Klasse. Damit ist mit dem eDAILY-72C-Fahrgestell eine Reichweite nach WLTP von bis 240 Kilometern m\u00f6glich.<\/p>\n<h3>eMoovy-Fahrgestell mit Kofferaufbau<\/h3>\n<p>Das kleinste batterieelektrische IVECO Messeexponat ist ein eMoovy-3,5t-Fahrgestell mit einem Kofferaufbau. Die von Hyundai gebaute eLCV-Plattform verf\u00fcgt \u00fcber einige der fortschrittlichsten E-Mobilit\u00e4tstechnologien, darunter das elektrische Antriebssystem und ein sicheres, intelligentes Batteriemanagementsystem sowie ein einzigartiges, auf Agilit\u00e4t und Komfort ausgelegtes Federungssystem. Mit bis zu 10 m3 Ladevolumen und einer Nutzlast von bis zu 1,5 t eignet sich der eMoovy f\u00fcr Tagestouren in st\u00e4dtischen Ballungsr\u00e4umen. Fahrerassistenzsysteme der GSR-Stufe C geh\u00f6ren zur Serienausstattung. Der 160 kW (215 PS) starke Elektromotor liefert ein maximales Drehmoment von 350 Nm. Mit der 76-kWh-Batterie hat der eMoovy Laut IVECO eine Reichweite von bis zu 320 Kilometern im WLTP-Zyklus<\/p>\n","protected":false},"excerpt":{"rendered":"<p>Die IVECO S\u00fcd-West Nutzfahrzeuge GmbH pr\u00e4sentiert auf der NUFAM 2025\u00a0 in Karlsruhe das aktuelle Produktportfolio, basierend auf der sogenannten Multi-Energy-Strategie. Dazu geh\u00f6ren auch entsprechende E-Fahrzeuge.\u00a0 Vom 25. bis 28. September zeigt IVECO den S-eWay, den eDaily sowie den eMoovy, dar\u00fcber hinaus den Daily, den S-Way und X-Way. <span class=\"excerpt-more__dots\">&#8230;<\/span> <a class=\"excerpt-more__link\" href=\"https:\/\/www.krafthand.de\/truck\/artikel\/multi-energy-strategie-iveco-zeigt-in-karlsruhe-neuste-innovationen-43918\/\" >weiter<\/a><\/p>\n","protected":false},"author":9,"featured_media":43922,"comment_status":"closed","ping_status":"closed","sticky":false,"template":"","format":"standard","meta":{"footnotes":""},"categories":[4915,4236],"tags":[29,6311],"settings":[3524,3523],"class_list":["post-43918","post","type-post","status-publish","format-standard","has-post-thumbnail","hentry","category-neue-fahrzeuge","category-veranstaltungen","tag-iveco","tag-nufam-2025"],"yoast_head":"<!-- This site is optimized with the Yoast SEO plugin v27.3 - https:\/\/yoast.com\/product\/yoast-seo-wordpress\/ -->\n<title>Multi-Energy-Strategie: IVECO zeigt in Karlsruhe neuste Innovationen - Krafthand-Truck<\/title>\n<meta name=\"description\" content=\"IVECO pr\u00e4sentiert auf der NUFAM 2025\u00a0in Karlsruhe das aktuelle Produktportfolio, basierend auf der sogenannten Multi-Fuel-Strategie.\" \/>\n<meta name=\"robots\" content=\"index, follow, max-snippet:-1, max-image-preview:large, max-video-preview:-1\" \/>\n<link rel=\"canonical\" href=\"https:\/\/www.krafthand.de\/truck\/artikel\/multi-energy-strategie-iveco-zeigt-in-karlsruhe-neuste-innovationen-43918\/\" \/>\n<meta property=\"og:locale\" content=\"de_DE\" \/>\n<meta property=\"og:type\" content=\"article\" \/>\n<meta property=\"og:title\" content=\"Multi-Energy-Strategie: IVECO zeigt in Karlsruhe neuste Innovationen - Krafthand-Truck\" \/>\n<meta property=\"og:description\" content=\"IVECO pr\u00e4sentiert auf der NUFAM 2025\u00a0in Karlsruhe das aktuelle Produktportfolio, basierend auf der sogenannten Multi-Fuel-Strategie.\" \/>\n<meta property=\"og:url\" content=\"https:\/\/www.krafthand-truck.de\/artikel\/multi-energy-strategie-iveco-zeigt-in-karlsruhe-neuste-innovationen-43918\/\" \/>\n<meta property=\"og:site_name\" content=\"Krafthand-Truck\" \/>\n<meta property=\"article:published_time\" content=\"2025-09-17T10:45:21+00:00\" \/>\n<meta property=\"article:modified_time\" content=\"2025-09-17T11:00:05+00:00\" \/>\n<meta property=\"og:image\" content=\"https:\/\/static.krafthand-truck.de\/uploads\/2025\/09\/IVECO_NUFAM_2025_Highlights.jpg\" \/>\n\t<meta property=\"og:image:width\" content=\"1200\" \/>\n\t<meta property=\"og:image:height\" content=\"520\" \/>\n\t<meta property=\"og:image:type\" content=\"image\/jpeg\" \/>\n<meta name=\"author\" content=\"georg.blenk@krafthand-medien.de\" \/>\n<meta name=\"twitter:card\" content=\"summary_large_image\" \/>\n<meta name=\"twitter:label1\" content=\"Verfasst von\" \/>\n\t<meta name=\"twitter:data1\" content=\"georg.blenk@krafthand-medien.de\" \/>\n\t<meta name=\"twitter:label2\" content=\"Gesch\u00e4tzte Lesezeit\" \/>\n\t<meta name=\"twitter:data2\" content=\"3\u00a0Minuten\" \/>\n<script type=\"application\/ld+json\" class=\"yoast-schema-graph\">{\"@context\":\"https:\\\/\\\/schema.org\",\"@graph\":[{\"@type\":\"Article\",\"@id\":\"https:\\\/\\\/www.krafthand.de\\\/truck\\\/artikel\\\/multi-energy-strategie-iveco-zeigt-in-karlsruhe-neuste-innovationen-43918\\\/#article\",\"isPartOf\":{\"@id\":\"https:\\\/\\\/www.krafthand.de\\\/truck\\\/artikel\\\/multi-energy-strategie-iveco-zeigt-in-karlsruhe-neuste-innovationen-43918\\\/\"},\"author\":{\"name\":\"georg.blenk@krafthand-medien.de\",\"@id\":\"https:\\\/\\\/www.krafthand.de\\\/truck\\\/#\\\/schema\\\/person\\\/51fa80b1c57034c4bf63f9f988fc24ce\"},\"headline\":\"Multi-Energy-Strategie: IVECO zeigt in Karlsruhe neuste Innovationen\",\"datePublished\":\"2025-09-17T10:45:21+00:00\",\"dateModified\":\"2025-09-17T11:00:05+00:00\",\"mainEntityOfPage\":{\"@id\":\"https:\\\/\\\/www.krafthand.de\\\/truck\\\/artikel\\\/multi-energy-strategie-iveco-zeigt-in-karlsruhe-neuste-innovationen-43918\\\/\"},\"wordCount\":505,\"image\":{\"@id\":\"https:\\\/\\\/www.krafthand.de\\\/truck\\\/artikel\\\/multi-energy-strategie-iveco-zeigt-in-karlsruhe-neuste-innovationen-43918\\\/#primaryimage\"},\"thumbnailUrl\":\"https:\\\/\\\/static.krafthand-truck.de\\\/uploads\\\/2025\\\/09\\\/IVECO_NUFAM_2025_Highlights.jpg\",\"keywords\":[\"Iveco\",\"Nufam 2025\"],\"articleSection\":[\"Neue Fahrzeuge\",\"Veranstaltungen\\\/Messen\"],\"inLanguage\":\"de\"},{\"@type\":\"WebPage\",\"@id\":\"https:\\\/\\\/www.krafthand.de\\\/truck\\\/artikel\\\/multi-energy-strategie-iveco-zeigt-in-karlsruhe-neuste-innovationen-43918\\\/\",\"url\":\"https:\\\/\\\/www.krafthand.de\\\/truck\\\/artikel\\\/multi-energy-strategie-iveco-zeigt-in-karlsruhe-neuste-innovationen-43918\\\/\",\"name\":\"Multi-Energy-Strategie: IVECO zeigt in Karlsruhe neuste Innovationen - Krafthand-Truck\",\"isPartOf\":{\"@id\":\"https:\\\/\\\/www.krafthand.de\\\/truck\\\/#website\"},\"primaryImageOfPage\":{\"@id\":\"https:\\\/\\\/www.krafthand.de\\\/truck\\\/artikel\\\/multi-energy-strategie-iveco-zeigt-in-karlsruhe-neuste-innovationen-43918\\\/#primaryimage\"},\"image\":{\"@id\":\"https:\\\/\\\/www.krafthand.de\\\/truck\\\/artikel\\\/multi-energy-strategie-iveco-zeigt-in-karlsruhe-neuste-innovationen-43918\\\/#primaryimage\"},\"thumbnailUrl\":\"https:\\\/\\\/static.krafthand-truck.de\\\/uploads\\\/2025\\\/09\\\/IVECO_NUFAM_2025_Highlights.jpg\",\"datePublished\":\"2025-09-17T10:45:21+00:00\",\"dateModified\":\"2025-09-17T11:00:05+00:00\",\"author\":{\"@id\":\"https:\\\/\\\/www.krafthand.de\\\/truck\\\/#\\\/schema\\\/person\\\/51fa80b1c57034c4bf63f9f988fc24ce\"},\"description\":\"IVECO pr\u00e4sentiert auf der NUFAM 2025\u00a0in Karlsruhe das aktuelle Produktportfolio, basierend auf der sogenannten Multi-Fuel-Strategie.\",\"breadcrumb\":{\"@id\":\"https:\\\/\\\/www.krafthand.de\\\/truck\\\/artikel\\\/multi-energy-strategie-iveco-zeigt-in-karlsruhe-neuste-innovationen-43918\\\/#breadcrumb\"},\"inLanguage\":\"de\",\"potentialAction\":[{\"@type\":\"ReadAction\",\"target\":[\"https:\\\/\\\/www.krafthand.de\\\/truck\\\/artikel\\\/multi-energy-strategie-iveco-zeigt-in-karlsruhe-neuste-innovationen-43918\\\/\"]}]},{\"@type\":\"ImageObject\",\"inLanguage\":\"de\",\"@id\":\"https:\\\/\\\/www.krafthand.de\\\/truck\\\/artikel\\\/multi-energy-strategie-iveco-zeigt-in-karlsruhe-neuste-innovationen-43918\\\/#primaryimage\",\"url\":\"https:\\\/\\\/static.krafthand-truck.de\\\/uploads\\\/2025\\\/09\\\/IVECO_NUFAM_2025_Highlights.jpg\",\"contentUrl\":\"https:\\\/\\\/static.krafthand-truck.de\\\/uploads\\\/2025\\\/09\\\/IVECO_NUFAM_2025_Highlights.jpg\",\"width\":1200,\"height\":520},{\"@type\":\"BreadcrumbList\",\"@id\":\"https:\\\/\\\/www.krafthand.de\\\/truck\\\/artikel\\\/multi-energy-strategie-iveco-zeigt-in-karlsruhe-neuste-innovationen-43918\\\/#breadcrumb\",\"itemListElement\":[{\"@type\":\"ListItem\",\"position\":1,\"name\":\"Krafthand-Truck\",\"item\":\"https:\\\/\\\/www.krafthand.de\\\/truck\\\/\"},{\"@type\":\"ListItem\",\"position\":2,\"name\":\"IT+Fuhrpark\",\"item\":\"https:\\\/\\\/www.krafthand.de\\\/truck\\\/kategorie\\\/fuhrpark\\\/\"},{\"@type\":\"ListItem\",\"position\":3,\"name\":\"Neue Fahrzeuge\",\"item\":\"https:\\\/\\\/www.krafthand.de\\\/truck\\\/kategorie\\\/fuhrpark\\\/neue-fahrzeuge\\\/\"},{\"@type\":\"ListItem\",\"position\":4,\"name\":\"Multi-Energy-Strategie: IVECO zeigt in Karlsruhe neuste Innovationen\"}]},{\"@type\":\"WebSite\",\"@id\":\"https:\\\/\\\/www.krafthand.de\\\/truck\\\/#website\",\"url\":\"https:\\\/\\\/www.krafthand.de\\\/truck\\\/\",\"name\":\"Krafthand-Truck\",\"description\":\"\",\"potentialAction\":[{\"@type\":\"SearchAction\",\"target\":{\"@type\":\"EntryPoint\",\"urlTemplate\":\"https:\\\/\\\/www.krafthand.de\\\/truck\\\/?s={search_term_string}\"},\"query-input\":{\"@type\":\"PropertyValueSpecification\",\"valueRequired\":true,\"valueName\":\"search_term_string\"}}],\"inLanguage\":\"de\"},{\"@type\":\"Person\",\"@id\":\"https:\\\/\\\/www.krafthand.de\\\/truck\\\/#\\\/schema\\\/person\\\/51fa80b1c57034c4bf63f9f988fc24ce\",\"name\":\"georg.blenk@krafthand-medien.de\",\"image\":{\"@type\":\"ImageObject\",\"inLanguage\":\"de\",\"@id\":\"https:\\\/\\\/secure.gravatar.com\\\/avatar\\\/93713c30affe0aa95d3a4130e499bb1abee2eb31adbdd9ce2aa1543538490215?s=96&d=mm&r=g\",\"url\":\"https:\\\/\\\/secure.gravatar.com\\\/avatar\\\/93713c30affe0aa95d3a4130e499bb1abee2eb31adbdd9ce2aa1543538490215?s=96&d=mm&r=g\",\"contentUrl\":\"https:\\\/\\\/secure.gravatar.com\\\/avatar\\\/93713c30affe0aa95d3a4130e499bb1abee2eb31adbdd9ce2aa1543538490215?s=96&d=mm&r=g\",\"caption\":\"georg.blenk@krafthand-medien.de\"}}]}<\/script>\n<!-- \/ Yoast SEO plugin. -->","yoast_head_json":{"title":"Multi-Energy-Strategie: IVECO zeigt in Karlsruhe neuste Innovationen - Krafthand-Truck","description":"IVECO pr\u00e4sentiert auf der NUFAM 2025\u00a0in Karlsruhe das aktuelle Produktportfolio, basierend auf der sogenannten Multi-Fuel-Strategie.","robots":{"index":"index","follow":"follow","max-snippet":"max-snippet:-1","max-image-preview":"max-image-preview:large","max-video-preview":"max-video-preview:-1"},"canonical":"https:\/\/www.krafthand.de\/truck\/artikel\/multi-energy-strategie-iveco-zeigt-in-karlsruhe-neuste-innovationen-43918\/","og_locale":"de_DE","og_type":"article","og_title":"Multi-Energy-Strategie: IVECO zeigt in Karlsruhe neuste Innovationen - Krafthand-Truck","og_description":"IVECO pr\u00e4sentiert auf der NUFAM 2025\u00a0in Karlsruhe das aktuelle Produktportfolio, basierend auf der sogenannten Multi-Fuel-Strategie.","og_url":"https:\/\/www.krafthand-truck.de\/artikel\/multi-energy-strategie-iveco-zeigt-in-karlsruhe-neuste-innovationen-43918\/","og_site_name":"Krafthand-Truck","article_published_time":"2025-09-17T10:45:21+00:00","article_modified_time":"2025-09-17T11:00:05+00:00","og_image":[{"width":1200,"height":520,"url":"https:\/\/static.krafthand-truck.de\/uploads\/2025\/09\/IVECO_NUFAM_2025_Highlights.jpg","type":"image\/jpeg"}],"author":"georg.blenk@krafthand-medien.de","twitter_card":"summary_large_image","twitter_misc":{"Verfasst von":"georg.blenk@krafthand-medien.de","Gesch\u00e4tzte Lesezeit":"3\u00a0Minuten"},"schema":{"@context":"https:\/\/schema.org","@graph":[{"@type":"Article","@id":"https:\/\/www.krafthand.de\/truck\/artikel\/multi-energy-strategie-iveco-zeigt-in-karlsruhe-neuste-innovationen-43918\/#article","isPartOf":{"@id":"https:\/\/www.krafthand.de\/truck\/artikel\/multi-energy-strategie-iveco-zeigt-in-karlsruhe-neuste-innovationen-43918\/"},"author":{"name":"georg.blenk@krafthand-medien.de","@id":"https:\/\/www.krafthand.de\/truck\/#\/schema\/person\/51fa80b1c57034c4bf63f9f988fc24ce"},"headline":"Multi-Energy-Strategie: IVECO zeigt in Karlsruhe neuste Innovationen","datePublished":"2025-09-17T10:45:21+00:00","dateModified":"2025-09-17T11:00:05+00:00","mainEntityOfPage":{"@id":"https:\/\/www.krafthand.de\/truck\/artikel\/multi-energy-strategie-iveco-zeigt-in-karlsruhe-neuste-innovationen-43918\/"},"wordCount":505,"image":{"@id":"https:\/\/www.krafthand.de\/truck\/artikel\/multi-energy-strategie-iveco-zeigt-in-karlsruhe-neuste-innovationen-43918\/#primaryimage"},"thumbnailUrl":"https:\/\/static.krafthand-truck.de\/uploads\/2025\/09\/IVECO_NUFAM_2025_Highlights.jpg","keywords":["Iveco","Nufam 2025"],"articleSection":["Neue Fahrzeuge","Veranstaltungen\/Messen"],"inLanguage":"de"},{"@type":"WebPage","@id":"https:\/\/www.krafthand.de\/truck\/artikel\/multi-energy-strategie-iveco-zeigt-in-karlsruhe-neuste-innovationen-43918\/","url":"https:\/\/www.krafthand.de\/truck\/artikel\/multi-energy-strategie-iveco-zeigt-in-karlsruhe-neuste-innovationen-43918\/","name":"Multi-Energy-Strategie: IVECO zeigt in Karlsruhe neuste Innovationen - Krafthand-Truck","isPartOf":{"@id":"https:\/\/www.krafthand.de\/truck\/#website"},"primaryImageOfPage":{"@id":"https:\/\/www.krafthand.de\/truck\/artikel\/multi-energy-strategie-iveco-zeigt-in-karlsruhe-neuste-innovationen-43918\/#primaryimage"},"image":{"@id":"https:\/\/www.krafthand.de\/truck\/artikel\/multi-energy-strategie-iveco-zeigt-in-karlsruhe-neuste-innovationen-43918\/#primaryimage"},"thumbnailUrl":"https:\/\/static.krafthand-truck.de\/uploads\/2025\/09\/IVECO_NUFAM_2025_Highlights.jpg","datePublished":"2025-09-17T10:45:21+00:00","dateModified":"2025-09-17T11:00:05+00:00","author":{"@id":"https:\/\/www.krafthand.de\/truck\/#\/schema\/person\/51fa80b1c57034c4bf63f9f988fc24ce"},"description":"IVECO pr\u00e4sentiert auf der NUFAM 2025\u00a0in Karlsruhe das aktuelle Produktportfolio, basierend auf der sogenannten Multi-Fuel-Strategie.","breadcrumb":{"@id":"https:\/\/www.krafthand.de\/truck\/artikel\/multi-energy-strategie-iveco-zeigt-in-karlsruhe-neuste-innovationen-43918\/#breadcrumb"},"inLanguage":"de","potentialAction":[{"@type":"ReadAction","target":["https:\/\/www.krafthand.de\/truck\/artikel\/multi-energy-strategie-iveco-zeigt-in-karlsruhe-neuste-innovationen-43918\/"]}]},{"@type":"ImageObject","inLanguage":"de","@id":"https:\/\/www.krafthand.de\/truck\/artikel\/multi-energy-strategie-iveco-zeigt-in-karlsruhe-neuste-innovationen-43918\/#primaryimage","url":"https:\/\/static.krafthand-truck.de\/uploads\/2025\/09\/IVECO_NUFAM_2025_Highlights.jpg","contentUrl":"https:\/\/static.krafthand-truck.de\/uploads\/2025\/09\/IVECO_NUFAM_2025_Highlights.jpg","width":1200,"height":520},{"@type":"BreadcrumbList","@id":"https:\/\/www.krafthand.de\/truck\/artikel\/multi-energy-strategie-iveco-zeigt-in-karlsruhe-neuste-innovationen-43918\/#breadcrumb","itemListElement":[{"@type":"ListItem","position":1,"name":"Krafthand-Truck","item":"https:\/\/www.krafthand.de\/truck\/"},{"@type":"ListItem","position":2,"name":"IT+Fuhrpark","item":"https:\/\/www.krafthand.de\/truck\/kategorie\/fuhrpark\/"},{"@type":"ListItem","position":3,"name":"Neue Fahrzeuge","item":"https:\/\/www.krafthand.de\/truck\/kategorie\/fuhrpark\/neue-fahrzeuge\/"},{"@type":"ListItem","position":4,"name":"Multi-Energy-Strategie: IVECO zeigt in Karlsruhe neuste Innovationen"}]},{"@type":"WebSite","@id":"https:\/\/www.krafthand.de\/truck\/#website","url":"https:\/\/www.krafthand.de\/truck\/","name":"Krafthand-Truck","description":"","potentialAction":[{"@type":"SearchAction","target":{"@type":"EntryPoint","urlTemplate":"https:\/\/www.krafthand.de\/truck\/?s={search_term_string}"},"query-input":{"@type":"PropertyValueSpecification","valueRequired":true,"valueName":"search_term_string"}}],"inLanguage":"de"},{"@type":"Person","@id":"https:\/\/www.krafthand.de\/truck\/#\/schema\/person\/51fa80b1c57034c4bf63f9f988fc24ce","name":"georg.blenk@krafthand-medien.de","image":{"@type":"ImageObject","inLanguage":"de","@id":"https:\/\/secure.gravatar.com\/avatar\/93713c30affe0aa95d3a4130e499bb1abee2eb31adbdd9ce2aa1543538490215?s=96&d=mm&r=g","url":"https:\/\/secure.gravatar.com\/avatar\/93713c30affe0aa95d3a4130e499bb1abee2eb31adbdd9ce2aa1543538490215?s=96&d=mm&r=g","contentUrl":"https:\/\/secure.gravatar.com\/avatar\/93713c30affe0aa95d3a4130e499bb1abee2eb31adbdd9ce2aa1543538490215?s=96&d=mm&r=g","caption":"georg.blenk@krafthand-medien.de"}}]}},"_links":{"self":[{"href":"https:\/\/www.krafthand.de\/truck\/wp-json\/wp\/v2\/posts\/43918","targetHints":{"allow":["GET"]}}],"collection":[{"href":"https:\/\/www.krafthand.de\/truck\/wp-json\/wp\/v2\/posts"}],"about":[{"href":"https:\/\/www.krafthand.de\/truck\/wp-json\/wp\/v2\/types\/post"}],"author":[{"embeddable":true,"href":"https:\/\/www.krafthand.de\/truck\/wp-json\/wp\/v2\/users\/9"}],"replies":[{"embeddable":true,"href":"https:\/\/www.krafthand.de\/truck\/wp-json\/wp\/v2\/comments?post=43918"}],"version-history":[{"count":10,"href":"https:\/\/www.krafthand.de\/truck\/wp-json\/wp\/v2\/posts\/43918\/revisions"}],"predecessor-version":[{"id":43929,"href":"https:\/\/www.krafthand.de\/truck\/wp-json\/wp\/v2\/posts\/43918\/revisions\/43929"}],"wp:featuredmedia":[{"embeddable":true,"href":"https:\/\/www.krafthand.de\/truck\/wp-json\/wp\/v2\/media\/43922"}],"wp:attachment":[{"href":"https:\/\/www.krafthand.de\/truck\/wp-json\/wp\/v2\/media?parent=43918"}],"wp:term":[{"taxonomy":"category","embeddable":true,"href":"https:\/\/www.krafthand.de\/truck\/wp-json\/wp\/v2\/categories?post=43918"},{"taxonomy":"post_tag","embeddable":true,"href":"https:\/\/www.krafthand.de\/truck\/wp-json\/wp\/v2\/tags?post=43918"},{"taxonomy":"settings","embeddable":true,"href":"https:\/\/www.krafthand.de\/truck\/wp-json\/wp\/v2\/settings?post=43918"}],"curies":[{"name":"wp","href":"https:\/\/api.w.org\/{rel}","templated":true}]}}